{"id":35823,"date":"2021-04-16T11:31:38","date_gmt":"2021-04-16T14:31:38","guid":{"rendered":"https:\/\/aepetba.org.br\/v1\/?p=35823"},"modified":"2021-04-16T11:31:38","modified_gmt":"2021-04-16T14:31:38","slug":"aepet-supremo-tribunal-federal-garante-nossos-direitos-em-ambito-nacional","status":"publish","type":"post","link":"https:\/\/aepetba.org.br\/v1\/aepet-supremo-tribunal-federal-garante-nossos-direitos-em-ambito-nacional\/","title":{"rendered":"AEPET: Supremo Tribunal Federal garante nossos direitos em \u00e2mbito nacional"},"content":{"rendered":"<h2><em>Decis\u00e3o STF consolida uma de nossas vit\u00f3rias junto ao Poder Judici\u00e1rio.<\/em><\/h2>\n<p>A assessoria Jur\u00eddica da AEPET comunica que a decis\u00e3o do STF que refor\u00e7ar\u00e1, doravante, a atua\u00e7\u00e3o nacional das entidades associativas (AEPET, APAPE e demais Filiadas da FENASPE), beneficiando todos os seus associados residentes nos diversos munic\u00edpios do territ\u00f3rio nacional.<\/p>\n<p>O STF declarou, no dia 08.04.2021, a inconstitucionalidade do Art. 16 da Lei 7347, de 1985.<\/p>\n<p>Ao finalizar o julgamento do RE 1101937, o STF p\u00f4s fim \u00e0 antiga celeuma sobre a efic\u00e1cia territorial da senten\u00e7a \u201cerga omnes\u201d proferida em A\u00e7\u00f5es Civis P\u00fablicas.<\/p>\n<p>Portanto, os efeitos da decis\u00e3o proferida em A\u00e7\u00e3o Civil P\u00fablica n\u00e3o se limitam ao territ\u00f3rio do \u00f3rg\u00e3o prolator da decis\u00e3o, como ocorreu com a decis\u00e3o proferida pela Ju\u00edza da 11\u00aa Vara do Tribunal de Justi\u00e7a do Estado do Rio de Janeiro, nos autos de nossa ACP contra o PED \u201cassassino\u201d.<\/p>\n<p>Prevaleceu o reconhecimento do microssistema de prote\u00e7\u00e3o dos direitos difusos e coletivos, de modo a dar efic\u00e1cia \u00e0 prote\u00e7\u00e3o coletiva que tem estatura constitucional. Trata-se de importante decis\u00e3o que far\u00e1 agora com que se retomem in\u00fameras a\u00e7\u00f5es civis p\u00fablicas que estavam suspensas.<\/p>\n<p>Por 6 x 2 votos dos Ministros do STF, prevaleceu o voto do relator Min. Alexandre de Moraes que prop\u00f4s a seguinte tese: I &#8211; \u00c9 inconstitucional o art. 16 da Lei 7.347\/1985, alterada pela Lei 9.494\/1997. II \u2013 Em se tratando de a\u00e7\u00e3o civil p\u00fablica de efeitos nacionais ou regionais, a compet\u00eancia deve observar o art. 93, II, da Lei 8.078\/1990. III \u2013 Ajuizadas m\u00faltiplas a\u00e7\u00f5es civis p\u00fablicas de \u00e2mbito nacional ou regional, firma-se a preven\u00e7\u00e3o do ju\u00edzo que primeiro conheceu de uma delas, para o julgamento de todas as demandas conexas.<\/p>\n<p>Prevaleceu, portanto, a mesma tese que defendemos na A\u00e7\u00e3o Civil P\u00fablica relativa ao Plano de Equacionamento, na qual a 13\u00aa C\u00e2mara Civil do Tribunal de Justi\u00e7a do Estado do Rio de Janeiro &#8211; TJRJ, acolhendo, por unanimidade, nosso recurso, reconheceu a efic\u00e1cia nacional da decis\u00e3o liminar que havia sido proferida pela Ju\u00edza da 11\u00aa Vara do TJRJ.<\/p>\n<h2>Esclarecimento sobre a decis\u00e3o do STF<\/h2>\n<p>A decis\u00e3o do STF resolve o equ\u00edvoco de que as associa\u00e7\u00f5es, como a AEPET de abrang\u00eancia nacional, n\u00e3o tinham os resultados das\u00a0 suas a\u00e7\u00f5es judiciais com efeito para todos os seus Associados residentes nos diversos Munic\u00edpios Brasileiros. Eram agraciados apenas aqueles que residiam nos limites geogr\u00e1ficos da comarca do Juiz que julgou a a\u00e7\u00e3o.<\/p>\n<p>Agora, as decis\u00f5es a favor de nossos associados, como por exemplo, a liminar que reduziu em 50% o valor das cobran\u00e7as extras da Petros, beneficiam todos os nossos associados residentes\u00a0 em qualquer ponto do\u00a0 Territ\u00f3rio Nacional.<\/p>\n<p><strong>Fonte: AEPET nacional<\/strong><\/p>\n","protected":false},"excerpt":{"rendered":"<p>Decis\u00e3o STF consolida uma de nossas vit\u00f3rias junto ao Poder Judici\u00e1rio. A assessoria Jur\u00eddica da AEPET comunica que a decis\u00e3o do STF que refor\u00e7ar\u00e1, doravante, a atua\u00e7\u00e3o nacional das entidades associativas (AEPET, APAPE e demais Filiadas da FENASPE), beneficiando todos&#8230;<\/p>\n","protected":false},"author":1,"featured_media":35824,"comment_status":"closed","ping_status":"closed","sticky":false,"template":"","format":"standard","meta":[],"categories":[5,87,8,10,205],"tags":[245,246,32,101],"yoast_head":"<!-- This site is optimized with the Yoast SEO plugin v19.3 - https:\/\/yoast.com\/wordpress\/plugins\/seo\/ -->\n<title>AEPET: Supremo Tribunal Federal garante nossos direitos em \u00e2mbito nacional - AEPET N\u00daCLEO BAHIA<\/title>\n<meta name=\"robots\" content=\"index, follow, max-snippet:-1, max-image-preview:large, max-video-preview:-1\" \/>\n<link rel=\"canonical\" href=\"https:\/\/aepetba.org.br\/v1\/aepet-supremo-tribunal-federal-garante-nossos-direitos-em-ambito-nacional\/\" \/>\n<meta property=\"og:locale\" content=\"pt_BR\" \/>\n<meta property=\"og:type\" content=\"article\" \/>\n<meta property=\"og:title\" content=\"AEPET: Supremo Tribunal Federal garante nossos direitos em \u00e2mbito nacional - AEPET N\u00daCLEO BAHIA\" \/>\n<meta property=\"og:description\" content=\"Decis\u00e3o STF consolida uma de nossas vit\u00f3rias junto ao Poder Judici\u00e1rio. A assessoria Jur\u00eddica da AEPET comunica que a decis\u00e3o do STF que refor\u00e7ar\u00e1, doravante, a atua\u00e7\u00e3o nacional das entidades associativas (AEPET, APAPE e demais Filiadas da FENASPE), beneficiando todos...\" \/>\n<meta property=\"og:url\" content=\"https:\/\/aepetba.org.br\/v1\/aepet-supremo-tribunal-federal-garante-nossos-direitos-em-ambito-nacional\/\" \/>\n<meta property=\"og:site_name\" content=\"AEPET N\u00daCLEO BAHIA\" \/>\n<meta property=\"article:publisher\" content=\"https:\/\/web.facebook.com\/aepetba\" \/>\n<meta property=\"article:published_time\" content=\"2021-04-16T14:31:38+00:00\" \/>\n<meta property=\"og:image\" content=\"https:\/\/aepetba.org.br\/v1\/wp-content\/uploads\/2021\/04\/Materia-AEPET-Supremo-Tribunal-Federal-garante-nossos-direitos-em-ambito-nacional-site-Aepet-ba.jpg\" \/>\n\t<meta property=\"og:image:width\" content=\"1080\" \/>\n\t<meta property=\"og:image:height\" content=\"900\" \/>\n\t<meta property=\"og:image:type\" content=\"image\/jpeg\" \/>\n<meta name=\"author\" content=\"AEPETBA\" \/>\n<meta name=\"twitter:card\" content=\"summary_large_image\" \/>\n<meta name=\"twitter:creator\" content=\"@aepetbahia\" \/>\n<meta name=\"twitter:site\" content=\"@aepetbahia\" \/>\n<meta name=\"twitter:label1\" content=\"Escrito por\" \/>\n\t<meta name=\"twitter:data1\" content=\"AEPETBA\" \/>\n\t<meta name=\"twitter:label2\" content=\"Est. tempo de leitura\" \/>\n\t<meta name=\"twitter:data2\" content=\"2 minutos\" \/>\n<script type=\"application\/ld+json\" class=\"yoast-schema-graph\">{\"@context\":\"https:\/\/schema.org\",\"@graph\":[{\"@type\":\"Organization\",\"@id\":\"https:\/\/aepetba.org.br\/v1\/#organization\",\"name\":\"AEPET N\u00facleo Bahia\",\"url\":\"https:\/\/aepetba.org.br\/v1\/\",\"sameAs\":[\"https:\/\/www.instagram.com\/aepetbahia\/\",\"https:\/\/www.youtube.com\/c\/AEPETBAHIA\",\"https:\/\/web.facebook.com\/aepetba\",\"https:\/\/twitter.com\/aepetbahia\"],\"logo\":{\"@type\":\"ImageObject\",\"inLanguage\":\"pt-BR\",\"@id\":\"https:\/\/aepetba.org.br\/v1\/#\/schema\/logo\/image\/\",\"url\":\"https:\/\/aepetba.org.br\/v1\/wp-content\/uploads\/revslider\/home\/logo-AEPETBA.png\",\"contentUrl\":\"https:\/\/aepetba.org.br\/v1\/wp-content\/uploads\/revslider\/home\/logo-AEPETBA.png\",\"width\":297,\"height\":86,\"caption\":\"AEPET N\u00facleo Bahia\"},\"image\":{\"@id\":\"https:\/\/aepetba.org.br\/v1\/#\/schema\/logo\/image\/\"}},{\"@type\":\"WebSite\",\"@id\":\"https:\/\/aepetba.org.br\/v1\/#website\",\"url\":\"https:\/\/aepetba.org.br\/v1\/\",\"name\":\"AEPET N\u00daCLEO BAHIA\",\"description\":\"Associa\u00e7\u00e3o dos Engenheiros da Petrobr\u00e1s N\u00facleo Bahia Petr\u00f3leo Bahia Salvador Nordeste \",\"publisher\":{\"@id\":\"https:\/\/aepetba.org.br\/v1\/#organization\"},\"potentialAction\":[{\"@type\":\"SearchAction\",\"target\":{\"@type\":\"EntryPoint\",\"urlTemplate\":\"https:\/\/aepetba.org.br\/v1\/?s={search_term_string}\"},\"query-input\":\"required name=search_term_string\"}],\"inLanguage\":\"pt-BR\"},{\"@type\":\"ImageObject\",\"inLanguage\":\"pt-BR\",\"@id\":\"https:\/\/aepetba.org.br\/v1\/aepet-supremo-tribunal-federal-garante-nossos-direitos-em-ambito-nacional\/#primaryimage\",\"url\":\"https:\/\/aepetba.org.br\/v1\/wp-content\/uploads\/2021\/04\/Materia-AEPET-Supremo-Tribunal-Federal-garante-nossos-direitos-em-ambito-nacional-site-Aepet-ba.jpg\",\"contentUrl\":\"https:\/\/aepetba.org.br\/v1\/wp-content\/uploads\/2021\/04\/Materia-AEPET-Supremo-Tribunal-Federal-garante-nossos-direitos-em-ambito-nacional-site-Aepet-ba.jpg\",\"width\":1080,\"height\":900},{\"@type\":\"WebPage\",\"@id\":\"https:\/\/aepetba.org.br\/v1\/aepet-supremo-tribunal-federal-garante-nossos-direitos-em-ambito-nacional\/\",\"url\":\"https:\/\/aepetba.org.br\/v1\/aepet-supremo-tribunal-federal-garante-nossos-direitos-em-ambito-nacional\/\",\"name\":\"AEPET: Supremo Tribunal Federal garante nossos direitos em \u00e2mbito nacional - AEPET N\u00daCLEO BAHIA\",\"isPartOf\":{\"@id\":\"https:\/\/aepetba.org.br\/v1\/#website\"},\"primaryImageOfPage\":{\"@id\":\"https:\/\/aepetba.org.br\/v1\/aepet-supremo-tribunal-federal-garante-nossos-direitos-em-ambito-nacional\/#primaryimage\"},\"datePublished\":\"2021-04-16T14:31:38+00:00\",\"dateModified\":\"2021-04-16T14:31:38+00:00\",\"breadcrumb\":{\"@id\":\"https:\/\/aepetba.org.br\/v1\/aepet-supremo-tribunal-federal-garante-nossos-direitos-em-ambito-nacional\/#breadcrumb\"},\"inLanguage\":\"pt-BR\",\"potentialAction\":[{\"@type\":\"ReadAction\",\"target\":[\"https:\/\/aepetba.org.br\/v1\/aepet-supremo-tribunal-federal-garante-nossos-direitos-em-ambito-nacional\/\"]}]},{\"@type\":\"BreadcrumbList\",\"@id\":\"https:\/\/aepetba.org.br\/v1\/aepet-supremo-tribunal-federal-garante-nossos-direitos-em-ambito-nacional\/#breadcrumb\",\"itemListElement\":[{\"@type\":\"ListItem\",\"position\":1,\"name\":\"In\u00edcio\",\"item\":\"https:\/\/aepetba.org.br\/v1\/\"},{\"@type\":\"ListItem\",\"position\":2,\"name\":\"AEPET: Supremo Tribunal Federal garante nossos direitos em \u00e2mbito nacional\"}]},{\"@type\":\"Article\",\"@id\":\"https:\/\/aepetba.org.br\/v1\/aepet-supremo-tribunal-federal-garante-nossos-direitos-em-ambito-nacional\/#article\",\"isPartOf\":{\"@id\":\"https:\/\/aepetba.org.br\/v1\/aepet-supremo-tribunal-federal-garante-nossos-direitos-em-ambito-nacional\/\"},\"author\":{\"name\":\"AEPETBA\",\"@id\":\"https:\/\/aepetba.org.br\/v1\/#\/schema\/person\/3504208f89f3f50e1526867ebb573b88\"},\"headline\":\"AEPET: Supremo Tribunal Federal garante nossos direitos em \u00e2mbito nacional\",\"datePublished\":\"2021-04-16T14:31:38+00:00\",\"dateModified\":\"2021-04-16T14:31:38+00:00\",\"mainEntityOfPage\":{\"@id\":\"https:\/\/aepetba.org.br\/v1\/aepet-supremo-tribunal-federal-garante-nossos-direitos-em-ambito-nacional\/\"},\"wordCount\":483,\"publisher\":{\"@id\":\"https:\/\/aepetba.org.br\/v1\/#organization\"},\"image\":{\"@id\":\"https:\/\/aepetba.org.br\/v1\/aepet-supremo-tribunal-federal-garante-nossos-direitos-em-ambito-nacional\/#primaryimage\"},\"thumbnailUrl\":\"https:\/\/aepetba.org.br\/v1\/wp-content\/uploads\/2021\/04\/Materia-AEPET-Supremo-Tribunal-Federal-garante-nossos-direitos-em-ambito-nacional-site-Aepet-ba.jpg\",\"keywords\":[\"AEPET Nacional\",\"Cobran\u00e7a\",\"Petros\",\"STF\"],\"articleSection\":[\"Coluna do Associado\",\"Destaque\",\"Jur\u00eddico\",\"Not\u00edcias\",\"PETROS\"],\"inLanguage\":\"pt-BR\"},{\"@type\":\"Person\",\"@id\":\"https:\/\/aepetba.org.br\/v1\/#\/schema\/person\/3504208f89f3f50e1526867ebb573b88\",\"name\":\"AEPETBA\",\"image\":{\"@type\":\"ImageObject\",\"inLanguage\":\"pt-BR\",\"@id\":\"https:\/\/aepetba.org.br\/v1\/#\/schema\/person\/image\/\",\"url\":\"https:\/\/secure.gravatar.com\/avatar\/3e6e1bf98c38137fc6b937d21e974714?s=96&d=mm&r=g\",\"contentUrl\":\"https:\/\/secure.gravatar.com\/avatar\/3e6e1bf98c38137fc6b937d21e974714?s=96&d=mm&r=g\",\"caption\":\"AEPETBA\"},\"sameAs\":[\"http:\/\/aepetba.org.br\/v1\"],\"url\":\"https:\/\/aepetba.org.br\/v1\/author\/lubconsultoria\/\"}]}<\/script>\n<!-- \/ Yoast SEO plugin. -->","yoast_head_json":{"title":"AEPET: Supremo Tribunal Federal garante nossos direitos em \u00e2mbito nacional - AEPET N\u00daCLEO BAHIA","robots":{"index":"index","follow":"follow","max-snippet":"max-snippet:-1","max-image-preview":"max-image-preview:large","max-video-preview":"max-video-preview:-1"},"canonical":"https:\/\/aepetba.org.br\/v1\/aepet-supremo-tribunal-federal-garante-nossos-direitos-em-ambito-nacional\/","og_locale":"pt_BR","og_type":"article","og_title":"AEPET: Supremo Tribunal Federal garante nossos direitos em \u00e2mbito nacional - AEPET N\u00daCLEO BAHIA","og_description":"Decis\u00e3o STF consolida uma de nossas vit\u00f3rias junto ao Poder Judici\u00e1rio. A assessoria Jur\u00eddica da AEPET comunica que a decis\u00e3o do STF que refor\u00e7ar\u00e1, doravante, a atua\u00e7\u00e3o nacional das entidades associativas (AEPET, APAPE e demais Filiadas da FENASPE), beneficiando todos...","og_url":"https:\/\/aepetba.org.br\/v1\/aepet-supremo-tribunal-federal-garante-nossos-direitos-em-ambito-nacional\/","og_site_name":"AEPET N\u00daCLEO BAHIA","article_publisher":"https:\/\/web.facebook.com\/aepetba","article_published_time":"2021-04-16T14:31:38+00:00","og_image":[{"width":1080,"height":900,"url":"https:\/\/aepetba.org.br\/v1\/wp-content\/uploads\/2021\/04\/Materia-AEPET-Supremo-Tribunal-Federal-garante-nossos-direitos-em-ambito-nacional-site-Aepet-ba.jpg","type":"image\/jpeg"}],"author":"AEPETBA","twitter_card":"summary_large_image","twitter_creator":"@aepetbahia","twitter_site":"@aepetbahia","twitter_misc":{"Escrito por":"AEPETBA","Est. tempo de leitura":"2 minutos"},"schema":{"@context":"https:\/\/schema.org","@graph":[{"@type":"Organization","@id":"https:\/\/aepetba.org.br\/v1\/#organization","name":"AEPET N\u00facleo Bahia","url":"https:\/\/aepetba.org.br\/v1\/","sameAs":["https:\/\/www.instagram.com\/aepetbahia\/","https:\/\/www.youtube.com\/c\/AEPETBAHIA","https:\/\/web.facebook.com\/aepetba","https:\/\/twitter.com\/aepetbahia"],"logo":{"@type":"ImageObject","inLanguage":"pt-BR","@id":"https:\/\/aepetba.org.br\/v1\/#\/schema\/logo\/image\/","url":"https:\/\/aepetba.org.br\/v1\/wp-content\/uploads\/revslider\/home\/logo-AEPETBA.png","contentUrl":"https:\/\/aepetba.org.br\/v1\/wp-content\/uploads\/revslider\/home\/logo-AEPETBA.png","width":297,"height":86,"caption":"AEPET N\u00facleo Bahia"},"image":{"@id":"https:\/\/aepetba.org.br\/v1\/#\/schema\/logo\/image\/"}},{"@type":"WebSite","@id":"https:\/\/aepetba.org.br\/v1\/#website","url":"https:\/\/aepetba.org.br\/v1\/","name":"AEPET N\u00daCLEO BAHIA","description":"Associa\u00e7\u00e3o dos Engenheiros da Petrobr\u00e1s N\u00facleo Bahia Petr\u00f3leo Bahia Salvador Nordeste ","publisher":{"@id":"https:\/\/aepetba.org.br\/v1\/#organization"},"potentialAction":[{"@type":"SearchAction","target":{"@type":"EntryPoint","urlTemplate":"https:\/\/aepetba.org.br\/v1\/?s={search_term_string}"},"query-input":"required name=search_term_string"}],"inLanguage":"pt-BR"},{"@type":"ImageObject","inLanguage":"pt-BR","@id":"https:\/\/aepetba.org.br\/v1\/aepet-supremo-tribunal-federal-garante-nossos-direitos-em-ambito-nacional\/#primaryimage","url":"https:\/\/aepetba.org.br\/v1\/wp-content\/uploads\/2021\/04\/Materia-AEPET-Supremo-Tribunal-Federal-garante-nossos-direitos-em-ambito-nacional-site-Aepet-ba.jpg","contentUrl":"https:\/\/aepetba.org.br\/v1\/wp-content\/uploads\/2021\/04\/Materia-AEPET-Supremo-Tribunal-Federal-garante-nossos-direitos-em-ambito-nacional-site-Aepet-ba.jpg","width":1080,"height":900},{"@type":"WebPage","@id":"https:\/\/aepetba.org.br\/v1\/aepet-supremo-tribunal-federal-garante-nossos-direitos-em-ambito-nacional\/","url":"https:\/\/aepetba.org.br\/v1\/aepet-supremo-tribunal-federal-garante-nossos-direitos-em-ambito-nacional\/","name":"AEPET: Supremo Tribunal Federal garante nossos direitos em \u00e2mbito nacional - AEPET N\u00daCLEO BAHIA","isPartOf":{"@id":"https:\/\/aepetba.org.br\/v1\/#website"},"primaryImageOfPage":{"@id":"https:\/\/aepetba.org.br\/v1\/aepet-supremo-tribunal-federal-garante-nossos-direitos-em-ambito-nacional\/#primaryimage"},"datePublished":"2021-04-16T14:31:38+00:00","dateModified":"2021-04-16T14:31:38+00:00","breadcrumb":{"@id":"https:\/\/aepetba.org.br\/v1\/aepet-supremo-tribunal-federal-garante-nossos-direitos-em-ambito-nacional\/#breadcrumb"},"inLanguage":"pt-BR","potentialAction":[{"@type":"ReadAction","target":["https:\/\/aepetba.org.br\/v1\/aepet-supremo-tribunal-federal-garante-nossos-direitos-em-ambito-nacional\/"]}]},{"@type":"BreadcrumbList","@id":"https:\/\/aepetba.org.br\/v1\/aepet-supremo-tribunal-federal-garante-nossos-direitos-em-ambito-nacional\/#breadcrumb","itemListElement":[{"@type":"ListItem","position":1,"name":"In\u00edcio","item":"https:\/\/aepetba.org.br\/v1\/"},{"@type":"ListItem","position":2,"name":"AEPET: Supremo Tribunal Federal garante nossos direitos em \u00e2mbito nacional"}]},{"@type":"Article","@id":"https:\/\/aepetba.org.br\/v1\/aepet-supremo-tribunal-federal-garante-nossos-direitos-em-ambito-nacional\/#article","isPartOf":{"@id":"https:\/\/aepetba.org.br\/v1\/aepet-supremo-tribunal-federal-garante-nossos-direitos-em-ambito-nacional\/"},"author":{"name":"AEPETBA","@id":"https:\/\/aepetba.org.br\/v1\/#\/schema\/person\/3504208f89f3f50e1526867ebb573b88"},"headline":"AEPET: Supremo Tribunal Federal garante nossos direitos em \u00e2mbito nacional","datePublished":"2021-04-16T14:31:38+00:00","dateModified":"2021-04-16T14:31:38+00:00","mainEntityOfPage":{"@id":"https:\/\/aepetba.org.br\/v1\/aepet-supremo-tribunal-federal-garante-nossos-direitos-em-ambito-nacional\/"},"wordCount":483,"publisher":{"@id":"https:\/\/aepetba.org.br\/v1\/#organization"},"image":{"@id":"https:\/\/aepetba.org.br\/v1\/aepet-supremo-tribunal-federal-garante-nossos-direitos-em-ambito-nacional\/#primaryimage"},"thumbnailUrl":"https:\/\/aepetba.org.br\/v1\/wp-content\/uploads\/2021\/04\/Materia-AEPET-Supremo-Tribunal-Federal-garante-nossos-direitos-em-ambito-nacional-site-Aepet-ba.jpg","keywords":["AEPET Nacional","Cobran\u00e7a","Petros","STF"],"articleSection":["Coluna do Associado","Destaque","Jur\u00eddico","Not\u00edcias","PETROS"],"inLanguage":"pt-BR"},{"@type":"Person","@id":"https:\/\/aepetba.org.br\/v1\/#\/schema\/person\/3504208f89f3f50e1526867ebb573b88","name":"AEPETBA","image":{"@type":"ImageObject","inLanguage":"pt-BR","@id":"https:\/\/aepetba.org.br\/v1\/#\/schema\/person\/image\/","url":"https:\/\/secure.gravatar.com\/avatar\/3e6e1bf98c38137fc6b937d21e974714?s=96&d=mm&r=g","contentUrl":"https:\/\/secure.gravatar.com\/avatar\/3e6e1bf98c38137fc6b937d21e974714?s=96&d=mm&r=g","caption":"AEPETBA"},"sameAs":["http:\/\/aepetba.org.br\/v1"],"url":"https:\/\/aepetba.org.br\/v1\/author\/lubconsultoria\/"}]}},"_links":{"self":[{"href":"https:\/\/aepetba.org.br\/v1\/wp-json\/wp\/v2\/posts\/35823"}],"collection":[{"href":"https:\/\/aepetba.org.br\/v1\/wp-json\/wp\/v2\/posts"}],"about":[{"href":"https:\/\/aepetba.org.br\/v1\/wp-json\/wp\/v2\/types\/post"}],"author":[{"embeddable":true,"href":"https:\/\/aepetba.org.br\/v1\/wp-json\/wp\/v2\/users\/1"}],"replies":[{"embeddable":true,"href":"https:\/\/aepetba.org.br\/v1\/wp-json\/wp\/v2\/comments?post=35823"}],"version-history":[{"count":1,"href":"https:\/\/aepetba.org.br\/v1\/wp-json\/wp\/v2\/posts\/35823\/revisions"}],"predecessor-version":[{"id":35825,"href":"https:\/\/aepetba.org.br\/v1\/wp-json\/wp\/v2\/posts\/35823\/revisions\/35825"}],"wp:featuredmedia":[{"embeddable":true,"href":"https:\/\/aepetba.org.br\/v1\/wp-json\/wp\/v2\/media\/35824"}],"wp:attachment":[{"href":"https:\/\/aepetba.org.br\/v1\/wp-json\/wp\/v2\/media?parent=35823"}],"wp:term":[{"taxonomy":"category","embeddable":true,"href":"https:\/\/aepetba.org.br\/v1\/wp-json\/wp\/v2\/categories?post=35823"},{"taxonomy":"post_tag","embeddable":true,"href":"https:\/\/aepetba.org.br\/v1\/wp-json\/wp\/v2\/tags?post=35823"}],"curies":[{"name":"wp","href":"https:\/\/api.w.org\/{rel}","templated":true}]}}