{"id":36252,"date":"2021-06-29T14:36:19","date_gmt":"2021-06-29T17:36:19","guid":{"rendered":"https:\/\/aepetba.org.br\/v1\/?p=36252"},"modified":"2021-06-29T17:14:42","modified_gmt":"2021-06-29T20:14:42","slug":"gestao-silva-e-luna-continuara-com-a-mesma-politica-de-privatizacao-da-empresa","status":"publish","type":"post","link":"https:\/\/aepetba.org.br\/v1\/gestao-silva-e-luna-continuara-com-a-mesma-politica-de-privatizacao-da-empresa\/","title":{"rendered":"Gest\u00e3o Silva e Luna continuar\u00e1 com a mesma pol\u00edtica de privatiza\u00e7\u00e3o da empresa"},"content":{"rendered":"<p><span style=\"font-weight: 400;\">O presidente da Petrobr\u00e1s, general Joaquim Silva e Luna, usou argumento falacioso para defender a venda das oito refinarias, alegando que a entrada de novos concorrentes no segmento de refino de petr\u00f3leo pode reduzir o pre\u00e7o do combust\u00edvel para o consumidor. A declara\u00e7\u00e3o foi feita na audi\u00eancia remota realizada na sexta-feira, 25\/06, pela Comiss\u00e3o do Trabalho, Administra\u00e7\u00e3o e Servi\u00e7os P\u00fablicos da C\u00e2mara dos Deputados Federais (CTASP).<\/span><\/p>\n<p><span style=\"font-weight: 400;\">O general foi sabatinado pelos deputados sobre a venda da RLAM, sobre pol\u00edtica de pre\u00e7os e os desinvestimentos da empresa, mas, segundo a Federa\u00e7\u00e3o \u00danica dos Petroleiros (FUP), o general demonstrou desconhecer o Sistema Petrobr\u00e1s e o setor de \u00f3leo e g\u00e1s, repetindo argumentos batidos e falhos para tentar justificar as privatiza\u00e7\u00f5es em curso.<\/span><\/p>\n<p><span style=\"font-weight: 400;\">Ao se posicionar sobre o planejamento estrat\u00e9gico da estatal &#8211; que est\u00e1 sendo reduzida a uma produtora e exportadora de \u00f3leo cru, abandonando setores de refino, transporte, distribui\u00e7\u00e3o, energia renov\u00e1veis, entre outros \u2013 limitou-se a informar que est\u00e1 seguindo o plano que j\u00e1 havia sido definido para a empresa. Inclusive a manuten\u00e7\u00e3o da pol\u00edtica de reajuste dos derivados, baseada no Pre\u00e7o de Paridade de Importa\u00e7\u00e3o (PPI), que tantos preju\u00edzos traz ao pa\u00eds e ao povo brasileiro.\u00a0\u00a0<\/span><\/p>\n<p><span style=\"font-weight: 400;\">Durante o debate, diversos parlamentares criticaram o custo atual dos combust\u00edveis para os consumidores. Um deles foi o deputado Rog\u00e9rio Correia (PT-MG), que solicitou a audi\u00eancia p\u00fablica. \u201cHoje temos um pre\u00e7o da gasolina que j\u00e1 bate os seis reais. \u00c9 um pre\u00e7o alt\u00edssimo em rela\u00e7\u00e3o ao que a popula\u00e7\u00e3o estava acostumada\u201d, afirmou.<\/span><\/p>\n<p><b>Venda de ativos<\/b><\/p>\n<p><span style=\"font-weight: 400;\">Na audi\u00eancia, os deputados tamb\u00e9m questionaram a decis\u00e3o da Petrobras de se desfazer dos seus ativos. O presidente da estatal afirmou que o plano de desinvestimento \u00e9 uma necessidade para reduzir o passivo financeiro. A meta \u00e9 fechar este ano com d\u00edvida bruta de 67 bilh\u00f5es de d\u00f3lares.<\/span><\/p>\n<p><span style=\"font-weight: 400;\">Luna usou outro argumento j\u00e1 batido da \u201cPetrobr\u00e1s quebrada\u201d para justificar a privatiza\u00e7\u00e3o da empresa. Ele disse que o elevado endividamento e a crise provocada pela Opera\u00e7\u00e3o Lava Jato, que investigou desvios de dinheiro na companhia, fizeram a estatal passar \u201cpelo vale da morte\u201d. \u201cEm fun\u00e7\u00e3o das suas d\u00edvidas, n\u00f3s t\u00ednhamos que fazer uma escolha: falir ou ent\u00e3o fazer uma sele\u00e7\u00e3o da frente onde quer\u00edamos atuar. Ent\u00e3o, optamos por sair de algumas \u00e1reas\u201d, afirmou.<\/span><\/p>\n<p><span style=\"font-weight: 400;\">O deputado Paulo Ramos (PDT-RJ) criticou o plano de desinvestimento, que segundo ele compromete a soberania nacional. \u201cN\u00e3o \u00e9 desinvestimento, \u00e9 privatiza\u00e7\u00e3o, \u00e9 desnacionaliza\u00e7\u00e3o, \u00e9 entrega do patrim\u00f4nio nacional, \u00e9 crime de lesa-p\u00e1tria\u201d, afirmou. Cr\u00edtica semelhante foi feita pelos deputados Joseildo Ramos (PT-BA), \u00c9rika Kokay (PT-DF) e Helder Salom\u00e3o (PT-ES).<\/span><\/p>\n<p><span style=\"font-weight: 400;\">O argumento de que a privatiza\u00e7\u00e3o de refinarias vai atrair novos agentes econ\u00f4micos e aumentar a concorr\u00eancia \u00e9 falso, que j\u00e1 foi desmentido por especialistas, como o estudo da PUC-Rio, encomendado pela associa\u00e7\u00e3o de distribuidoras Brasilcom, que demonstrou grande risco de cria\u00e7\u00e3o de monop\u00f3lios privados com a venda dessas plantas. O pr\u00f3prio BNDES mostrou, em 2018, que a privatiza\u00e7\u00e3o de refinarias n\u00e3o iria abrir o mercado, mas sim criar monop\u00f3lios para a iniciativa privada.<\/span><\/p>\n<p><span style=\"font-weight: 400;\">Na AEPET-BA, o diretor e economista Marival Matos no ensaio \u201cQuanto vale uma refinaria de petr\u00f3leo?\u201d tamb\u00e9m demonstrou que o discurso da empresa para vender as refinarias n\u00e3o \u00e9 verdadeiro. A venda da Refinaria Landulpho Alves, na Bahia, por US$ 1,65 ao fundo \u00e1rabe Mubadala Company \u00e9 contestada pelo economista porque est\u00e1 bem abaixo do valor de mercado. O BGT Pactual tamb\u00e9m\u00a0 divulgou estudo contestando o pre\u00e7o da RLAM.\u00a0<\/span><\/p>\n<p><span style=\"font-weight: 400;\">O plano estrat\u00e9gico da empresa para os anos de 2021 a 2025, aprovado em novembro do ano passado, decidiu focar nas \u00e1reas de explora\u00e7\u00e3o e produ\u00e7\u00e3o de petr\u00f3leo e nas refinarias de melhor log\u00edstica, que produzir\u00e3o combust\u00edvel com menor teor de enxofre. S\u00e3o elas: as refinarias Presidente Bernardes, Henrique Lage, Paul\u00ednia e Capuava, em S\u00e3o Paulo, e Duque de Caxias (RJ).<\/span><\/p>\n<p><span style=\"font-weight: 400;\">Quando os parlamentares mostraram preocupa\u00e7\u00e3o com o destino e o futuro da Petrobr\u00e1s e de seus trabalhadores, Silva e Luna tentou posar de conciliador: \u201cos senhores representam o povo brasileiro, de forma que me referir aos senhores \u00e9 me referir ao povo brasileiro\u201d; \u201cestamos abertos a debater nosso plano estrat\u00e9gico\u201d; \u201cestamos colhendo sugest\u00f5es inclusive nesta reuni\u00e3o\u201d; \u201ca Petrobras est\u00e1 disposta a gerar cada vez mais lucros para o pa\u00eds, seu acionista majorit\u00e1rio\u201d; \u201cnossos empregados n\u00e3o s\u00e3o despesas, s\u00e3o ativos da empresa, n\u00e3o vamos liberar ningu\u00e9m, n\u00e3o queremos perder ningu\u00e9m\u201d, foram algumas das frases usadas pelo general.<\/span><\/p>\n<p><span style=\"font-weight: 400;\">No entanto, ele n\u00e3o explicou por que a gest\u00e3o da Petrobr\u00e1s burla o Parlamento e descumpre a Constitui\u00e7\u00e3o, criando subsidi\u00e1rias para vender ativos estrat\u00e9gicos sem autoriza\u00e7\u00e3o do Congresso Nacional e sem di\u00e1logo com os trabalhadores. \u201cSe \u00e9 verdade o que diz o presidente da Petrobras, de que o parlamento representa o povo, como a privatiza\u00e7\u00e3o fatiada da companhia \u00e9 realizada sem nenhum tipo de debate com as c\u00e2maras legislativas?\u201d, questionou a deputada federal Erika Kokay (PT\/DF).<\/span><\/p>\n<p><span style=\"font-weight: 400;\">Silva e Luna deixou esta e v\u00e1rias outras perguntas sem respostas. O que ficou evidente na audi\u00eancia \u00e9 que ele mant\u00e9m o receitu\u00e1rio empregado por Castello Branco, provando que o desmonte do Sistema Petrobr\u00e1s \u00e9 projeto de ponta da alian\u00e7a Jair Bolsonaro e Paulo Guedes.<\/span><\/p>\n<p><span style=\"font-weight: 400;\">Poucos dias depois da posse do general, a AEPET-BA encaminhou um documento no intuito de abrir um canal de di\u00e1logo com a empresa. Foram descritos, na correspond\u00eancia, os impactos da privatiza\u00e7\u00e3o fatiada da empresa e os graves problemas enfrentados pelos petroleiros baianos. Al\u00e9m disso, a sa\u00edda da empresa das regi\u00f5es Norte\/Nordeste est\u00e1 acarretando graves consequ\u00eancias \u00e0s economias locais e desemprego.<\/span><\/p>\n<p><span style=\"font-weight: 400;\">(Com informa\u00e7\u00f5es da FUP e Ag\u00eancia C\u00e2mara)<\/span><\/p>\n<p><span style=\"font-weight: 400;\">\u00a0<\/span><\/p>\n<p>&nbsp;<\/p>\n","protected":false},"excerpt":{"rendered":"<p>O presidente da Petrobr\u00e1s, general Joaquim Silva e Luna, usou argumento falacioso para defender a venda das oito refinarias, alegando que a entrada de novos concorrentes no segmento de refino de petr\u00f3leo pode reduzir o pre\u00e7o do combust\u00edvel para o&#8230;<\/p>\n","protected":false},"author":1,"featured_media":36253,"comment_status":"closed","ping_status":"closed","sticky":false,"template":"","format":"standard","meta":[],"categories":[87,10],"tags":[311,329,179],"yoast_head":"<!-- This site is optimized with the Yoast SEO plugin v19.3 - https:\/\/yoast.com\/wordpress\/plugins\/seo\/ -->\n<title>Gest\u00e3o Silva e Luna continuar\u00e1 com a mesma pol\u00edtica de privatiza\u00e7\u00e3o da empresa - AEPET N\u00daCLEO BAHIA<\/title>\n<meta name=\"robots\" content=\"index, follow, max-snippet:-1, max-image-preview:large, max-video-preview:-1\" \/>\n<link rel=\"canonical\" href=\"https:\/\/aepetba.org.br\/v1\/gestao-silva-e-luna-continuara-com-a-mesma-politica-de-privatizacao-da-empresa\/\" \/>\n<meta property=\"og:locale\" content=\"pt_BR\" \/>\n<meta property=\"og:type\" content=\"article\" \/>\n<meta property=\"og:title\" content=\"Gest\u00e3o Silva e Luna continuar\u00e1 com a mesma pol\u00edtica de privatiza\u00e7\u00e3o da empresa - AEPET N\u00daCLEO BAHIA\" \/>\n<meta property=\"og:description\" content=\"O presidente da Petrobr\u00e1s, general Joaquim Silva e Luna, usou argumento falacioso para defender a venda das oito refinarias, alegando que a entrada de novos concorrentes no segmento de refino de petr\u00f3leo pode reduzir o pre\u00e7o do combust\u00edvel para o...\" \/>\n<meta property=\"og:url\" content=\"https:\/\/aepetba.org.br\/v1\/gestao-silva-e-luna-continuara-com-a-mesma-politica-de-privatizacao-da-empresa\/\" \/>\n<meta property=\"og:site_name\" content=\"AEPET N\u00daCLEO BAHIA\" \/>\n<meta property=\"article:publisher\" content=\"https:\/\/web.facebook.com\/aepetba\" \/>\n<meta property=\"article:published_time\" content=\"2021-06-29T17:36:19+00:00\" \/>\n<meta property=\"article:modified_time\" content=\"2021-06-29T20:14:42+00:00\" \/>\n<meta property=\"og:image\" content=\"https:\/\/aepetba.org.br\/v1\/wp-content\/uploads\/2021\/06\/Materia-Gestao-Silva-e-Luna-continuara-com-a-mesma-politica-de-privatizacao-da-empresa-petroleo-bahia-Aepet-ba.jpg\" \/>\n\t<meta property=\"og:image:width\" content=\"1079\" \/>\n\t<meta property=\"og:image:height\" content=\"904\" \/>\n\t<meta property=\"og:image:type\" content=\"image\/jpeg\" \/>\n<meta name=\"author\" content=\"AEPETBA\" \/>\n<meta name=\"twitter:card\" content=\"summary_large_image\" \/>\n<meta name=\"twitter:creator\" content=\"@aepetbahia\" \/>\n<meta name=\"twitter:site\" content=\"@aepetbahia\" \/>\n<meta name=\"twitter:label1\" content=\"Escrito por\" \/>\n\t<meta name=\"twitter:data1\" content=\"AEPETBA\" \/>\n\t<meta name=\"twitter:label2\" content=\"Est. tempo de leitura\" \/>\n\t<meta name=\"twitter:data2\" content=\"5 minutos\" \/>\n<script type=\"application\/ld+json\" class=\"yoast-schema-graph\">{\"@context\":\"https:\/\/schema.org\",\"@graph\":[{\"@type\":\"Organization\",\"@id\":\"https:\/\/aepetba.org.br\/v1\/#organization\",\"name\":\"AEPET N\u00facleo Bahia\",\"url\":\"https:\/\/aepetba.org.br\/v1\/\",\"sameAs\":[\"https:\/\/www.instagram.com\/aepetbahia\/\",\"https:\/\/www.youtube.com\/c\/AEPETBAHIA\",\"https:\/\/web.facebook.com\/aepetba\",\"https:\/\/twitter.com\/aepetbahia\"],\"logo\":{\"@type\":\"ImageObject\",\"inLanguage\":\"pt-BR\",\"@id\":\"https:\/\/aepetba.org.br\/v1\/#\/schema\/logo\/image\/\",\"url\":\"https:\/\/aepetba.org.br\/v1\/wp-content\/uploads\/revslider\/home\/logo-AEPETBA.png\",\"contentUrl\":\"https:\/\/aepetba.org.br\/v1\/wp-content\/uploads\/revslider\/home\/logo-AEPETBA.png\",\"width\":297,\"height\":86,\"caption\":\"AEPET N\u00facleo Bahia\"},\"image\":{\"@id\":\"https:\/\/aepetba.org.br\/v1\/#\/schema\/logo\/image\/\"}},{\"@type\":\"WebSite\",\"@id\":\"https:\/\/aepetba.org.br\/v1\/#website\",\"url\":\"https:\/\/aepetba.org.br\/v1\/\",\"name\":\"AEPET N\u00daCLEO BAHIA\",\"description\":\"Associa\u00e7\u00e3o dos Engenheiros da Petrobr\u00e1s N\u00facleo Bahia Petr\u00f3leo Bahia Salvador Nordeste \",\"publisher\":{\"@id\":\"https:\/\/aepetba.org.br\/v1\/#organization\"},\"potentialAction\":[{\"@type\":\"SearchAction\",\"target\":{\"@type\":\"EntryPoint\",\"urlTemplate\":\"https:\/\/aepetba.org.br\/v1\/?s={search_term_string}\"},\"query-input\":\"required name=search_term_string\"}],\"inLanguage\":\"pt-BR\"},{\"@type\":\"ImageObject\",\"inLanguage\":\"pt-BR\",\"@id\":\"https:\/\/aepetba.org.br\/v1\/gestao-silva-e-luna-continuara-com-a-mesma-politica-de-privatizacao-da-empresa\/#primaryimage\",\"url\":\"https:\/\/aepetba.org.br\/v1\/wp-content\/uploads\/2021\/06\/Materia-Gestao-Silva-e-Luna-continuara-com-a-mesma-politica-de-privatizacao-da-empresa-petroleo-bahia-Aepet-ba.jpg\",\"contentUrl\":\"https:\/\/aepetba.org.br\/v1\/wp-content\/uploads\/2021\/06\/Materia-Gestao-Silva-e-Luna-continuara-com-a-mesma-politica-de-privatizacao-da-empresa-petroleo-bahia-Aepet-ba.jpg\",\"width\":1079,\"height\":904},{\"@type\":\"WebPage\",\"@id\":\"https:\/\/aepetba.org.br\/v1\/gestao-silva-e-luna-continuara-com-a-mesma-politica-de-privatizacao-da-empresa\/\",\"url\":\"https:\/\/aepetba.org.br\/v1\/gestao-silva-e-luna-continuara-com-a-mesma-politica-de-privatizacao-da-empresa\/\",\"name\":\"Gest\u00e3o Silva e Luna continuar\u00e1 com a mesma pol\u00edtica de privatiza\u00e7\u00e3o da empresa - AEPET N\u00daCLEO BAHIA\",\"isPartOf\":{\"@id\":\"https:\/\/aepetba.org.br\/v1\/#website\"},\"primaryImageOfPage\":{\"@id\":\"https:\/\/aepetba.org.br\/v1\/gestao-silva-e-luna-continuara-com-a-mesma-politica-de-privatizacao-da-empresa\/#primaryimage\"},\"datePublished\":\"2021-06-29T17:36:19+00:00\",\"dateModified\":\"2021-06-29T20:14:42+00:00\",\"breadcrumb\":{\"@id\":\"https:\/\/aepetba.org.br\/v1\/gestao-silva-e-luna-continuara-com-a-mesma-politica-de-privatizacao-da-empresa\/#breadcrumb\"},\"inLanguage\":\"pt-BR\",\"potentialAction\":[{\"@type\":\"ReadAction\",\"target\":[\"https:\/\/aepetba.org.br\/v1\/gestao-silva-e-luna-continuara-com-a-mesma-politica-de-privatizacao-da-empresa\/\"]}]},{\"@type\":\"BreadcrumbList\",\"@id\":\"https:\/\/aepetba.org.br\/v1\/gestao-silva-e-luna-continuara-com-a-mesma-politica-de-privatizacao-da-empresa\/#breadcrumb\",\"itemListElement\":[{\"@type\":\"ListItem\",\"position\":1,\"name\":\"In\u00edcio\",\"item\":\"https:\/\/aepetba.org.br\/v1\/\"},{\"@type\":\"ListItem\",\"position\":2,\"name\":\"Gest\u00e3o Silva e Luna continuar\u00e1 com a mesma pol\u00edtica de privatiza\u00e7\u00e3o da empresa\"}]},{\"@type\":\"Article\",\"@id\":\"https:\/\/aepetba.org.br\/v1\/gestao-silva-e-luna-continuara-com-a-mesma-politica-de-privatizacao-da-empresa\/#article\",\"isPartOf\":{\"@id\":\"https:\/\/aepetba.org.br\/v1\/gestao-silva-e-luna-continuara-com-a-mesma-politica-de-privatizacao-da-empresa\/\"},\"author\":{\"name\":\"AEPETBA\",\"@id\":\"https:\/\/aepetba.org.br\/v1\/#\/schema\/person\/3504208f89f3f50e1526867ebb573b88\"},\"headline\":\"Gest\u00e3o Silva e Luna continuar\u00e1 com a mesma pol\u00edtica de privatiza\u00e7\u00e3o da empresa\",\"datePublished\":\"2021-06-29T17:36:19+00:00\",\"dateModified\":\"2021-06-29T20:14:42+00:00\",\"mainEntityOfPage\":{\"@id\":\"https:\/\/aepetba.org.br\/v1\/gestao-silva-e-luna-continuara-com-a-mesma-politica-de-privatizacao-da-empresa\/\"},\"wordCount\":1031,\"publisher\":{\"@id\":\"https:\/\/aepetba.org.br\/v1\/#organization\"},\"image\":{\"@id\":\"https:\/\/aepetba.org.br\/v1\/gestao-silva-e-luna-continuara-com-a-mesma-politica-de-privatizacao-da-empresa\/#primaryimage\"},\"thumbnailUrl\":\"https:\/\/aepetba.org.br\/v1\/wp-content\/uploads\/2021\/06\/Materia-Gestao-Silva-e-Luna-continuara-com-a-mesma-politica-de-privatizacao-da-empresa-petroleo-bahia-Aepet-ba.jpg\",\"keywords\":[\"Contra Privatiza\u00e7\u00e3o\",\"N\u00e3o estamos \u00e0 Venda\",\"petroleo bahia\"],\"articleSection\":[\"Destaque\",\"Not\u00edcias\"],\"inLanguage\":\"pt-BR\"},{\"@type\":\"Person\",\"@id\":\"https:\/\/aepetba.org.br\/v1\/#\/schema\/person\/3504208f89f3f50e1526867ebb573b88\",\"name\":\"AEPETBA\",\"image\":{\"@type\":\"ImageObject\",\"inLanguage\":\"pt-BR\",\"@id\":\"https:\/\/aepetba.org.br\/v1\/#\/schema\/person\/image\/\",\"url\":\"https:\/\/secure.gravatar.com\/avatar\/3e6e1bf98c38137fc6b937d21e974714?s=96&d=mm&r=g\",\"contentUrl\":\"https:\/\/secure.gravatar.com\/avatar\/3e6e1bf98c38137fc6b937d21e974714?s=96&d=mm&r=g\",\"caption\":\"AEPETBA\"},\"sameAs\":[\"http:\/\/aepetba.org.br\/v1\"],\"url\":\"https:\/\/aepetba.org.br\/v1\/author\/lubconsultoria\/\"}]}<\/script>\n<!-- \/ Yoast SEO plugin. -->","yoast_head_json":{"title":"Gest\u00e3o Silva e Luna continuar\u00e1 com a mesma pol\u00edtica de privatiza\u00e7\u00e3o da empresa - AEPET N\u00daCLEO BAHIA","robots":{"index":"index","follow":"follow","max-snippet":"max-snippet:-1","max-image-preview":"max-image-preview:large","max-video-preview":"max-video-preview:-1"},"canonical":"https:\/\/aepetba.org.br\/v1\/gestao-silva-e-luna-continuara-com-a-mesma-politica-de-privatizacao-da-empresa\/","og_locale":"pt_BR","og_type":"article","og_title":"Gest\u00e3o Silva e Luna continuar\u00e1 com a mesma pol\u00edtica de privatiza\u00e7\u00e3o da empresa - AEPET N\u00daCLEO BAHIA","og_description":"O presidente da Petrobr\u00e1s, general Joaquim Silva e Luna, usou argumento falacioso para defender a venda das oito refinarias, alegando que a entrada de novos concorrentes no segmento de refino de petr\u00f3leo pode reduzir o pre\u00e7o do combust\u00edvel para o...","og_url":"https:\/\/aepetba.org.br\/v1\/gestao-silva-e-luna-continuara-com-a-mesma-politica-de-privatizacao-da-empresa\/","og_site_name":"AEPET N\u00daCLEO BAHIA","article_publisher":"https:\/\/web.facebook.com\/aepetba","article_published_time":"2021-06-29T17:36:19+00:00","article_modified_time":"2021-06-29T20:14:42+00:00","og_image":[{"width":1079,"height":904,"url":"https:\/\/aepetba.org.br\/v1\/wp-content\/uploads\/2021\/06\/Materia-Gestao-Silva-e-Luna-continuara-com-a-mesma-politica-de-privatizacao-da-empresa-petroleo-bahia-Aepet-ba.jpg","type":"image\/jpeg"}],"author":"AEPETBA","twitter_card":"summary_large_image","twitter_creator":"@aepetbahia","twitter_site":"@aepetbahia","twitter_misc":{"Escrito por":"AEPETBA","Est. tempo de leitura":"5 minutos"},"schema":{"@context":"https:\/\/schema.org","@graph":[{"@type":"Organization","@id":"https:\/\/aepetba.org.br\/v1\/#organization","name":"AEPET N\u00facleo Bahia","url":"https:\/\/aepetba.org.br\/v1\/","sameAs":["https:\/\/www.instagram.com\/aepetbahia\/","https:\/\/www.youtube.com\/c\/AEPETBAHIA","https:\/\/web.facebook.com\/aepetba","https:\/\/twitter.com\/aepetbahia"],"logo":{"@type":"ImageObject","inLanguage":"pt-BR","@id":"https:\/\/aepetba.org.br\/v1\/#\/schema\/logo\/image\/","url":"https:\/\/aepetba.org.br\/v1\/wp-content\/uploads\/revslider\/home\/logo-AEPETBA.png","contentUrl":"https:\/\/aepetba.org.br\/v1\/wp-content\/uploads\/revslider\/home\/logo-AEPETBA.png","width":297,"height":86,"caption":"AEPET N\u00facleo Bahia"},"image":{"@id":"https:\/\/aepetba.org.br\/v1\/#\/schema\/logo\/image\/"}},{"@type":"WebSite","@id":"https:\/\/aepetba.org.br\/v1\/#website","url":"https:\/\/aepetba.org.br\/v1\/","name":"AEPET N\u00daCLEO BAHIA","description":"Associa\u00e7\u00e3o dos Engenheiros da Petrobr\u00e1s N\u00facleo Bahia Petr\u00f3leo Bahia Salvador Nordeste ","publisher":{"@id":"https:\/\/aepetba.org.br\/v1\/#organization"},"potentialAction":[{"@type":"SearchAction","target":{"@type":"EntryPoint","urlTemplate":"https:\/\/aepetba.org.br\/v1\/?s={search_term_string}"},"query-input":"required name=search_term_string"}],"inLanguage":"pt-BR"},{"@type":"ImageObject","inLanguage":"pt-BR","@id":"https:\/\/aepetba.org.br\/v1\/gestao-silva-e-luna-continuara-com-a-mesma-politica-de-privatizacao-da-empresa\/#primaryimage","url":"https:\/\/aepetba.org.br\/v1\/wp-content\/uploads\/2021\/06\/Materia-Gestao-Silva-e-Luna-continuara-com-a-mesma-politica-de-privatizacao-da-empresa-petroleo-bahia-Aepet-ba.jpg","contentUrl":"https:\/\/aepetba.org.br\/v1\/wp-content\/uploads\/2021\/06\/Materia-Gestao-Silva-e-Luna-continuara-com-a-mesma-politica-de-privatizacao-da-empresa-petroleo-bahia-Aepet-ba.jpg","width":1079,"height":904},{"@type":"WebPage","@id":"https:\/\/aepetba.org.br\/v1\/gestao-silva-e-luna-continuara-com-a-mesma-politica-de-privatizacao-da-empresa\/","url":"https:\/\/aepetba.org.br\/v1\/gestao-silva-e-luna-continuara-com-a-mesma-politica-de-privatizacao-da-empresa\/","name":"Gest\u00e3o Silva e Luna continuar\u00e1 com a mesma pol\u00edtica de privatiza\u00e7\u00e3o da empresa - AEPET N\u00daCLEO BAHIA","isPartOf":{"@id":"https:\/\/aepetba.org.br\/v1\/#website"},"primaryImageOfPage":{"@id":"https:\/\/aepetba.org.br\/v1\/gestao-silva-e-luna-continuara-com-a-mesma-politica-de-privatizacao-da-empresa\/#primaryimage"},"datePublished":"2021-06-29T17:36:19+00:00","dateModified":"2021-06-29T20:14:42+00:00","breadcrumb":{"@id":"https:\/\/aepetba.org.br\/v1\/gestao-silva-e-luna-continuara-com-a-mesma-politica-de-privatizacao-da-empresa\/#breadcrumb"},"inLanguage":"pt-BR","potentialAction":[{"@type":"ReadAction","target":["https:\/\/aepetba.org.br\/v1\/gestao-silva-e-luna-continuara-com-a-mesma-politica-de-privatizacao-da-empresa\/"]}]},{"@type":"BreadcrumbList","@id":"https:\/\/aepetba.org.br\/v1\/gestao-silva-e-luna-continuara-com-a-mesma-politica-de-privatizacao-da-empresa\/#breadcrumb","itemListElement":[{"@type":"ListItem","position":1,"name":"In\u00edcio","item":"https:\/\/aepetba.org.br\/v1\/"},{"@type":"ListItem","position":2,"name":"Gest\u00e3o Silva e Luna continuar\u00e1 com a mesma pol\u00edtica de privatiza\u00e7\u00e3o da empresa"}]},{"@type":"Article","@id":"https:\/\/aepetba.org.br\/v1\/gestao-silva-e-luna-continuara-com-a-mesma-politica-de-privatizacao-da-empresa\/#article","isPartOf":{"@id":"https:\/\/aepetba.org.br\/v1\/gestao-silva-e-luna-continuara-com-a-mesma-politica-de-privatizacao-da-empresa\/"},"author":{"name":"AEPETBA","@id":"https:\/\/aepetba.org.br\/v1\/#\/schema\/person\/3504208f89f3f50e1526867ebb573b88"},"headline":"Gest\u00e3o Silva e Luna continuar\u00e1 com a mesma pol\u00edtica de privatiza\u00e7\u00e3o da empresa","datePublished":"2021-06-29T17:36:19+00:00","dateModified":"2021-06-29T20:14:42+00:00","mainEntityOfPage":{"@id":"https:\/\/aepetba.org.br\/v1\/gestao-silva-e-luna-continuara-com-a-mesma-politica-de-privatizacao-da-empresa\/"},"wordCount":1031,"publisher":{"@id":"https:\/\/aepetba.org.br\/v1\/#organization"},"image":{"@id":"https:\/\/aepetba.org.br\/v1\/gestao-silva-e-luna-continuara-com-a-mesma-politica-de-privatizacao-da-empresa\/#primaryimage"},"thumbnailUrl":"https:\/\/aepetba.org.br\/v1\/wp-content\/uploads\/2021\/06\/Materia-Gestao-Silva-e-Luna-continuara-com-a-mesma-politica-de-privatizacao-da-empresa-petroleo-bahia-Aepet-ba.jpg","keywords":["Contra Privatiza\u00e7\u00e3o","N\u00e3o estamos \u00e0 Venda","petroleo bahia"],"articleSection":["Destaque","Not\u00edcias"],"inLanguage":"pt-BR"},{"@type":"Person","@id":"https:\/\/aepetba.org.br\/v1\/#\/schema\/person\/3504208f89f3f50e1526867ebb573b88","name":"AEPETBA","image":{"@type":"ImageObject","inLanguage":"pt-BR","@id":"https:\/\/aepetba.org.br\/v1\/#\/schema\/person\/image\/","url":"https:\/\/secure.gravatar.com\/avatar\/3e6e1bf98c38137fc6b937d21e974714?s=96&d=mm&r=g","contentUrl":"https:\/\/secure.gravatar.com\/avatar\/3e6e1bf98c38137fc6b937d21e974714?s=96&d=mm&r=g","caption":"AEPETBA"},"sameAs":["http:\/\/aepetba.org.br\/v1"],"url":"https:\/\/aepetba.org.br\/v1\/author\/lubconsultoria\/"}]}},"_links":{"self":[{"href":"https:\/\/aepetba.org.br\/v1\/wp-json\/wp\/v2\/posts\/36252"}],"collection":[{"href":"https:\/\/aepetba.org.br\/v1\/wp-json\/wp\/v2\/posts"}],"about":[{"href":"https:\/\/aepetba.org.br\/v1\/wp-json\/wp\/v2\/types\/post"}],"author":[{"embeddable":true,"href":"https:\/\/aepetba.org.br\/v1\/wp-json\/wp\/v2\/users\/1"}],"replies":[{"embeddable":true,"href":"https:\/\/aepetba.org.br\/v1\/wp-json\/wp\/v2\/comments?post=36252"}],"version-history":[{"count":2,"href":"https:\/\/aepetba.org.br\/v1\/wp-json\/wp\/v2\/posts\/36252\/revisions"}],"predecessor-version":[{"id":36255,"href":"https:\/\/aepetba.org.br\/v1\/wp-json\/wp\/v2\/posts\/36252\/revisions\/36255"}],"wp:featuredmedia":[{"embeddable":true,"href":"https:\/\/aepetba.org.br\/v1\/wp-json\/wp\/v2\/media\/36253"}],"wp:attachment":[{"href":"https:\/\/aepetba.org.br\/v1\/wp-json\/wp\/v2\/media?parent=36252"}],"wp:term":[{"taxonomy":"category","embeddable":true,"href":"https:\/\/aepetba.org.br\/v1\/wp-json\/wp\/v2\/categories?post=36252"},{"taxonomy":"post_tag","embeddable":true,"href":"https:\/\/aepetba.org.br\/v1\/wp-json\/wp\/v2\/tags?post=36252"}],"curies":[{"name":"wp","href":"https:\/\/api.w.org\/{rel}","templated":true}]}}