{"id":36269,"date":"2021-07-01T15:50:39","date_gmt":"2021-07-01T18:50:39","guid":{"rendered":"https:\/\/aepetba.org.br\/v1\/?p=36269"},"modified":"2021-07-02T16:47:56","modified_gmt":"2021-07-02T19:47:56","slug":"superpedido-de-impeachment-de-bolsonaro-ja-esta-na-camara-dos-deputados","status":"publish","type":"post","link":"https:\/\/aepetba.org.br\/v1\/superpedido-de-impeachment-de-bolsonaro-ja-esta-na-camara-dos-deputados\/","title":{"rendered":"Superpedido de impeachment de Bolsonaro j\u00e1 est\u00e1 na C\u00e2mara dos Deputados"},"content":{"rendered":"<p><span style=\"font-weight: 400;\">Um superpedido de impeachment contra Jair Bolsonaro foi protocolado na quarta-feira (30\/06), na C\u00e2mara dos Deputados. O objetivo foi unificar os argumentos dos mais de 120 pedidos de impeachment j\u00e1 apresentados na C\u00e2mara dos Deputados, que re\u00fane 23 crimes de responsabilidade cometidos pelo presidente desde que chegou ao cargo. O pedido chega turbinado pela informa\u00e7\u00e3o de que o governo Bolsonaro pretendia cobrar uma propina de um d\u00f3lar em cada dose da vacina AstraZeneca aplicada no Pa\u00eds.<\/span><\/p>\n<p><span style=\"font-weight: 400;\">Tamb\u00e9m h\u00e1 den\u00fancias sobre irregularidades e ind\u00edcios de corrup\u00e7\u00e3o na aquisi\u00e7\u00e3o da vacina indiana Covaxin, e a suposta omiss\u00e3o do presidente ao ser avisado sobre o caso.<\/span><\/p>\n<p><span style=\"font-weight: 400;\">O superpedido foi assinado por legendas como PT, Psol, PSB, PDT e PCdoB. Tamb\u00e9m assinaram entidades como a Central dos Movimentos Populares (CMP), a Frente Brasil Popular, a Associa\u00e7\u00e3o Brasileira de Juristas pela Democracia (ABJD) e a Coaliz\u00e3o Negra por Direitos, al\u00e9m de outros movimentos e pol\u00edticos. Os deputados federais Alexandre Frota (PSDB-SP) e Joice Hasselmann (PSL-SP), que at\u00e9 pouco tempo eram aliados de Bolsonaro, assinaram a peti\u00e7\u00e3o.<\/span><\/p>\n<p><span style=\"font-weight: 400;\">De acordo com o l\u00edder da Oposi\u00e7\u00e3o na C\u00e2mara, Alessandro Molon (PSB-RJ), este \u00e9 o maior pedido de impeachment protocolado. &#8220;\u00c9 o mais amplo, tanto pela enumera\u00e7\u00e3o de crimes praticados pelo presidente da Rep\u00fablica \u2013 dos mais antigos aos mais recentes \u2013 quanto pelo hall de signat\u00e1rios, das mais diversas posi\u00e7\u00f5es pol\u00edticas&#8221;, disse ao Congresso em Foco.<\/span><\/p>\n<p><span style=\"font-weight: 400;\">Alguns dos crimes citados no documento foram est\u00edmulo a militares para que n\u00e3o obede\u00e7am \u00e0 lei, incita\u00e7\u00e3o a um golpe, com posi\u00e7\u00f5es favor\u00e1vel ao fechamento do Supremo Tribunal Federal e do Congresso Nacional e apologia \u00e0 tortura.<\/span><\/p>\n<p><span style=\"font-weight: 400;\">Tamb\u00e9m foram citados est\u00edmulo \u00e0 indigna\u00e7\u00e3o da popula\u00e7\u00e3o contra o isolamento social, falta de uma plano de combate \u00e0 pandemia e mentiras para obter vantagens pol\u00edticas.<\/span><\/p>\n<p><span style=\"font-weight: 400;\">CPI da Covid-19<\/span><\/p>\n<p><span style=\"font-weight: 400;\">Quando o Brasil ultrapassou mais de 510 mil mortos e 18 milh\u00f5es de infectados, desde que come\u00e7ou a pandemia do coronav\u00edrus, a Comiss\u00e3o Parlamentar de Inqu\u00e9rito da Pandemia, no senado federal, avan\u00e7a nas investiga\u00e7\u00f5es sobre as suspeitas de propina nos contratos para a compra de vacinas pelo Minist\u00e9rio de Sa\u00fade.\u00a0\u00a0<\/span><\/p>\n<p><span style=\"font-weight: 400;\">Francisco Emerson Maximiano, dono da Precisa Medicamentos, o deputado federal Luis Claudio Fernandes Miranda (DEM-DF) e o deputado federal Ricardo Barros (PP-PR), l\u00edder do governo na C\u00e2mara dos Deputados, est\u00e3o no centro do suposto esquema de fraude em torno da negocia\u00e7\u00e3o para a compra de 20 milh\u00f5es de doses do imunizante Covaxin.<\/span><\/p>\n<p><span style=\"font-weight: 400;\">A negocia\u00e7\u00e3o, envolvendo o Minist\u00e9rio da Sa\u00fade e a empresa brasileira Precisa Medicamentos, seria a respons\u00e1vel pela venda da vacina no Brasil, produzida pelo laborat\u00f3rio indiano Bharat Biotech.<\/span><\/p>\n<p><span style=\"font-weight: 400;\">Segundo a den\u00fancia apresentada por Miranda, a den\u00fancia do suposto esquema de corrup\u00e7\u00e3o foi apresentada ao presidente Jair Bolsonaro, em 20 de mar\u00e7o deste ano. No encontro, o ex-capit\u00e3o teria atribu\u00eddo o esquema ao l\u00edder do governo na C\u00e2mara dos Deputados, Ricardo Barros (PP-PR). &#8220;Se eu mexo nisso a\u00ed, voc\u00ea sabe a merda que vai dar. Isso deve ser coisa de &#8216;fulano&#8217;\u201d, referindo-se ao l\u00edder, teria declarado Bolsonaro, segundo o deputado Lu\u00eds Miranda.<\/span><\/p>\n<p><span style=\"font-weight: 400;\">AstraZeneca<\/span><\/p>\n<p><span style=\"font-weight: 400;\">J\u00e1 Luiz Paulo Dominguetti Pereira, que se apresenta como representante da Davati Medical Supply, e o ex-diretor de Log\u00edstica do Minist\u00e9rio da Sa\u00fade, Roberto Ferreira Dias, est\u00e3o envolvidos em um outro suposto esquema de fraude na aquisi\u00e7\u00e3o da vacina AstraZeneca.<\/span><\/p>\n<p><span style=\"font-weight: 400;\">Ao jornal Folha de S. Paulo, Pereira disse que, em uma reuni\u00e3o, Dias cobrou uma propina de US$ 1 por dose de vacina contra a covid-19, para fechar um contrato com o Minist\u00e9rio da Sa\u00fade. Segundo Pereira, a empresa Davati Medical Supply intermediaria a compra do imunizante produzido pelo laborat\u00f3rio brit\u00e2nico AstraZeneca, em parceria com a Universidade de Oxford.<\/span><\/p>\n<p><span style=\"font-weight: 400;\">Depois da den\u00fancia, o servidor Roberto Ferreira Dias foi exonerado da pasta.<\/span><\/p>\n<p><span style=\"font-weight: 400;\">Ainda segundo Pereira, o tenente-coronel do Ex\u00e9rcito, Marcelo Blanco, que foi assessor no Departamento de Log\u00edstica da Sa\u00fade, na gest\u00e3o de Roberto Ferreira Dias, tamb\u00e9m participou da reuni\u00e3o em que se cobrou propina.<\/span><\/p>\n<p><span style=\"font-weight: 400;\">(Com informa\u00e7\u00f5es do Portal 247 e Brasil de Fato)<\/span><\/p>\n<p>&nbsp;<\/p>\n","protected":false},"excerpt":{"rendered":"<p>Um superpedido de impeachment contra Jair Bolsonaro foi protocolado na quarta-feira (30\/06), na C\u00e2mara dos Deputados. O objetivo foi unificar os argumentos dos mais de 120 pedidos de impeachment j\u00e1 apresentados na C\u00e2mara dos Deputados, que re\u00fane 23 crimes de&#8230;<\/p>\n","protected":false},"author":1,"featured_media":36270,"comment_status":"closed","ping_status":"closed","sticky":false,"template":"","format":"standard","meta":[],"categories":[87,211,10],"tags":[301,332],"yoast_head":"<!-- This site is optimized with the Yoast SEO plugin v19.3 - https:\/\/yoast.com\/wordpress\/plugins\/seo\/ -->\n<title>Superpedido de impeachment de Bolsonaro j\u00e1 est\u00e1 na C\u00e2mara dos Deputados - AEPET N\u00daCLEO BAHIA<\/title>\n<meta name=\"robots\" content=\"index, follow, max-snippet:-1, max-image-preview:large, max-video-preview:-1\" \/>\n<link rel=\"canonical\" href=\"https:\/\/aepetba.org.br\/v1\/superpedido-de-impeachment-de-bolsonaro-ja-esta-na-camara-dos-deputados\/\" \/>\n<meta property=\"og:locale\" content=\"pt_BR\" \/>\n<meta property=\"og:type\" content=\"article\" \/>\n<meta property=\"og:title\" content=\"Superpedido de impeachment de Bolsonaro j\u00e1 est\u00e1 na C\u00e2mara dos Deputados - AEPET N\u00daCLEO BAHIA\" \/>\n<meta property=\"og:description\" content=\"Um superpedido de impeachment contra Jair Bolsonaro foi protocolado na quarta-feira (30\/06), na C\u00e2mara dos Deputados. O objetivo foi unificar os argumentos dos mais de 120 pedidos de impeachment j\u00e1 apresentados na C\u00e2mara dos Deputados, que re\u00fane 23 crimes de...\" \/>\n<meta property=\"og:url\" content=\"https:\/\/aepetba.org.br\/v1\/superpedido-de-impeachment-de-bolsonaro-ja-esta-na-camara-dos-deputados\/\" \/>\n<meta property=\"og:site_name\" content=\"AEPET N\u00daCLEO BAHIA\" \/>\n<meta property=\"article:publisher\" content=\"https:\/\/web.facebook.com\/aepetba\" \/>\n<meta property=\"article:published_time\" content=\"2021-07-01T18:50:39+00:00\" \/>\n<meta property=\"article:modified_time\" content=\"2021-07-02T19:47:56+00:00\" \/>\n<meta property=\"og:image\" content=\"https:\/\/aepetba.org.br\/v1\/wp-content\/uploads\/2021\/07\/Materia-Superpedido-de-impeachment-de-Bolsonaro-ja-esta-na-Camara-dos-Deputados-petroleo-bahia-Aepet-ba.jpg\" \/>\n\t<meta property=\"og:image:width\" content=\"1080\" \/>\n\t<meta property=\"og:image:height\" content=\"904\" \/>\n\t<meta property=\"og:image:type\" content=\"image\/jpeg\" \/>\n<meta name=\"author\" content=\"AEPETBA\" \/>\n<meta name=\"twitter:card\" content=\"summary_large_image\" \/>\n<meta name=\"twitter:creator\" content=\"@aepetbahia\" \/>\n<meta name=\"twitter:site\" content=\"@aepetbahia\" \/>\n<meta name=\"twitter:label1\" content=\"Escrito por\" \/>\n\t<meta name=\"twitter:data1\" content=\"AEPETBA\" \/>\n\t<meta name=\"twitter:label2\" content=\"Est. tempo de leitura\" \/>\n\t<meta name=\"twitter:data2\" content=\"4 minutos\" \/>\n<script type=\"application\/ld+json\" class=\"yoast-schema-graph\">{\"@context\":\"https:\/\/schema.org\",\"@graph\":[{\"@type\":\"Organization\",\"@id\":\"https:\/\/aepetba.org.br\/v1\/#organization\",\"name\":\"AEPET N\u00facleo Bahia\",\"url\":\"https:\/\/aepetba.org.br\/v1\/\",\"sameAs\":[\"https:\/\/www.instagram.com\/aepetbahia\/\",\"https:\/\/www.youtube.com\/c\/AEPETBAHIA\",\"https:\/\/web.facebook.com\/aepetba\",\"https:\/\/twitter.com\/aepetbahia\"],\"logo\":{\"@type\":\"ImageObject\",\"inLanguage\":\"pt-BR\",\"@id\":\"https:\/\/aepetba.org.br\/v1\/#\/schema\/logo\/image\/\",\"url\":\"https:\/\/aepetba.org.br\/v1\/wp-content\/uploads\/revslider\/home\/logo-AEPETBA.png\",\"contentUrl\":\"https:\/\/aepetba.org.br\/v1\/wp-content\/uploads\/revslider\/home\/logo-AEPETBA.png\",\"width\":297,\"height\":86,\"caption\":\"AEPET N\u00facleo Bahia\"},\"image\":{\"@id\":\"https:\/\/aepetba.org.br\/v1\/#\/schema\/logo\/image\/\"}},{\"@type\":\"WebSite\",\"@id\":\"https:\/\/aepetba.org.br\/v1\/#website\",\"url\":\"https:\/\/aepetba.org.br\/v1\/\",\"name\":\"AEPET N\u00daCLEO BAHIA\",\"description\":\"Associa\u00e7\u00e3o dos Engenheiros da Petrobr\u00e1s N\u00facleo Bahia Petr\u00f3leo Bahia Salvador Nordeste \",\"publisher\":{\"@id\":\"https:\/\/aepetba.org.br\/v1\/#organization\"},\"potentialAction\":[{\"@type\":\"SearchAction\",\"target\":{\"@type\":\"EntryPoint\",\"urlTemplate\":\"https:\/\/aepetba.org.br\/v1\/?s={search_term_string}\"},\"query-input\":\"required name=search_term_string\"}],\"inLanguage\":\"pt-BR\"},{\"@type\":\"ImageObject\",\"inLanguage\":\"pt-BR\",\"@id\":\"https:\/\/aepetba.org.br\/v1\/superpedido-de-impeachment-de-bolsonaro-ja-esta-na-camara-dos-deputados\/#primaryimage\",\"url\":\"https:\/\/aepetba.org.br\/v1\/wp-content\/uploads\/2021\/07\/Materia-Superpedido-de-impeachment-de-Bolsonaro-ja-esta-na-Camara-dos-Deputados-petroleo-bahia-Aepet-ba.jpg\",\"contentUrl\":\"https:\/\/aepetba.org.br\/v1\/wp-content\/uploads\/2021\/07\/Materia-Superpedido-de-impeachment-de-Bolsonaro-ja-esta-na-Camara-dos-Deputados-petroleo-bahia-Aepet-ba.jpg\",\"width\":1080,\"height\":904},{\"@type\":\"WebPage\",\"@id\":\"https:\/\/aepetba.org.br\/v1\/superpedido-de-impeachment-de-bolsonaro-ja-esta-na-camara-dos-deputados\/\",\"url\":\"https:\/\/aepetba.org.br\/v1\/superpedido-de-impeachment-de-bolsonaro-ja-esta-na-camara-dos-deputados\/\",\"name\":\"Superpedido de impeachment de Bolsonaro j\u00e1 est\u00e1 na C\u00e2mara dos Deputados - AEPET N\u00daCLEO BAHIA\",\"isPartOf\":{\"@id\":\"https:\/\/aepetba.org.br\/v1\/#website\"},\"primaryImageOfPage\":{\"@id\":\"https:\/\/aepetba.org.br\/v1\/superpedido-de-impeachment-de-bolsonaro-ja-esta-na-camara-dos-deputados\/#primaryimage\"},\"datePublished\":\"2021-07-01T18:50:39+00:00\",\"dateModified\":\"2021-07-02T19:47:56+00:00\",\"breadcrumb\":{\"@id\":\"https:\/\/aepetba.org.br\/v1\/superpedido-de-impeachment-de-bolsonaro-ja-esta-na-camara-dos-deputados\/#breadcrumb\"},\"inLanguage\":\"pt-BR\",\"potentialAction\":[{\"@type\":\"ReadAction\",\"target\":[\"https:\/\/aepetba.org.br\/v1\/superpedido-de-impeachment-de-bolsonaro-ja-esta-na-camara-dos-deputados\/\"]}]},{\"@type\":\"BreadcrumbList\",\"@id\":\"https:\/\/aepetba.org.br\/v1\/superpedido-de-impeachment-de-bolsonaro-ja-esta-na-camara-dos-deputados\/#breadcrumb\",\"itemListElement\":[{\"@type\":\"ListItem\",\"position\":1,\"name\":\"In\u00edcio\",\"item\":\"https:\/\/aepetba.org.br\/v1\/\"},{\"@type\":\"ListItem\",\"position\":2,\"name\":\"Superpedido de impeachment de Bolsonaro j\u00e1 est\u00e1 na C\u00e2mara dos Deputados\"}]},{\"@type\":\"Article\",\"@id\":\"https:\/\/aepetba.org.br\/v1\/superpedido-de-impeachment-de-bolsonaro-ja-esta-na-camara-dos-deputados\/#article\",\"isPartOf\":{\"@id\":\"https:\/\/aepetba.org.br\/v1\/superpedido-de-impeachment-de-bolsonaro-ja-esta-na-camara-dos-deputados\/\"},\"author\":{\"name\":\"AEPETBA\",\"@id\":\"https:\/\/aepetba.org.br\/v1\/#\/schema\/person\/3504208f89f3f50e1526867ebb573b88\"},\"headline\":\"Superpedido de impeachment de Bolsonaro j\u00e1 est\u00e1 na C\u00e2mara dos Deputados\",\"datePublished\":\"2021-07-01T18:50:39+00:00\",\"dateModified\":\"2021-07-02T19:47:56+00:00\",\"mainEntityOfPage\":{\"@id\":\"https:\/\/aepetba.org.br\/v1\/superpedido-de-impeachment-de-bolsonaro-ja-esta-na-camara-dos-deputados\/\"},\"wordCount\":731,\"publisher\":{\"@id\":\"https:\/\/aepetba.org.br\/v1\/#organization\"},\"image\":{\"@id\":\"https:\/\/aepetba.org.br\/v1\/superpedido-de-impeachment-de-bolsonaro-ja-esta-na-camara-dos-deputados\/#primaryimage\"},\"thumbnailUrl\":\"https:\/\/aepetba.org.br\/v1\/wp-content\/uploads\/2021\/07\/Materia-Superpedido-de-impeachment-de-Bolsonaro-ja-esta-na-Camara-dos-Deputados-petroleo-bahia-Aepet-ba.jpg\",\"keywords\":[\"Fora Bolsonaro\",\"impeachment\"],\"articleSection\":[\"Destaque\",\"Movimentos Sociais\",\"Not\u00edcias\"],\"inLanguage\":\"pt-BR\"},{\"@type\":\"Person\",\"@id\":\"https:\/\/aepetba.org.br\/v1\/#\/schema\/person\/3504208f89f3f50e1526867ebb573b88\",\"name\":\"AEPETBA\",\"image\":{\"@type\":\"ImageObject\",\"inLanguage\":\"pt-BR\",\"@id\":\"https:\/\/aepetba.org.br\/v1\/#\/schema\/person\/image\/\",\"url\":\"https:\/\/secure.gravatar.com\/avatar\/3e6e1bf98c38137fc6b937d21e974714?s=96&d=mm&r=g\",\"contentUrl\":\"https:\/\/secure.gravatar.com\/avatar\/3e6e1bf98c38137fc6b937d21e974714?s=96&d=mm&r=g\",\"caption\":\"AEPETBA\"},\"sameAs\":[\"http:\/\/aepetba.org.br\/v1\"],\"url\":\"https:\/\/aepetba.org.br\/v1\/author\/lubconsultoria\/\"}]}<\/script>\n<!-- \/ Yoast SEO plugin. -->","yoast_head_json":{"title":"Superpedido de impeachment de Bolsonaro j\u00e1 est\u00e1 na C\u00e2mara dos Deputados - AEPET N\u00daCLEO BAHIA","robots":{"index":"index","follow":"follow","max-snippet":"max-snippet:-1","max-image-preview":"max-image-preview:large","max-video-preview":"max-video-preview:-1"},"canonical":"https:\/\/aepetba.org.br\/v1\/superpedido-de-impeachment-de-bolsonaro-ja-esta-na-camara-dos-deputados\/","og_locale":"pt_BR","og_type":"article","og_title":"Superpedido de impeachment de Bolsonaro j\u00e1 est\u00e1 na C\u00e2mara dos Deputados - AEPET N\u00daCLEO BAHIA","og_description":"Um superpedido de impeachment contra Jair Bolsonaro foi protocolado na quarta-feira (30\/06), na C\u00e2mara dos Deputados. O objetivo foi unificar os argumentos dos mais de 120 pedidos de impeachment j\u00e1 apresentados na C\u00e2mara dos Deputados, que re\u00fane 23 crimes de...","og_url":"https:\/\/aepetba.org.br\/v1\/superpedido-de-impeachment-de-bolsonaro-ja-esta-na-camara-dos-deputados\/","og_site_name":"AEPET N\u00daCLEO BAHIA","article_publisher":"https:\/\/web.facebook.com\/aepetba","article_published_time":"2021-07-01T18:50:39+00:00","article_modified_time":"2021-07-02T19:47:56+00:00","og_image":[{"width":1080,"height":904,"url":"https:\/\/aepetba.org.br\/v1\/wp-content\/uploads\/2021\/07\/Materia-Superpedido-de-impeachment-de-Bolsonaro-ja-esta-na-Camara-dos-Deputados-petroleo-bahia-Aepet-ba.jpg","type":"image\/jpeg"}],"author":"AEPETBA","twitter_card":"summary_large_image","twitter_creator":"@aepetbahia","twitter_site":"@aepetbahia","twitter_misc":{"Escrito por":"AEPETBA","Est. tempo de leitura":"4 minutos"},"schema":{"@context":"https:\/\/schema.org","@graph":[{"@type":"Organization","@id":"https:\/\/aepetba.org.br\/v1\/#organization","name":"AEPET N\u00facleo Bahia","url":"https:\/\/aepetba.org.br\/v1\/","sameAs":["https:\/\/www.instagram.com\/aepetbahia\/","https:\/\/www.youtube.com\/c\/AEPETBAHIA","https:\/\/web.facebook.com\/aepetba","https:\/\/twitter.com\/aepetbahia"],"logo":{"@type":"ImageObject","inLanguage":"pt-BR","@id":"https:\/\/aepetba.org.br\/v1\/#\/schema\/logo\/image\/","url":"https:\/\/aepetba.org.br\/v1\/wp-content\/uploads\/revslider\/home\/logo-AEPETBA.png","contentUrl":"https:\/\/aepetba.org.br\/v1\/wp-content\/uploads\/revslider\/home\/logo-AEPETBA.png","width":297,"height":86,"caption":"AEPET N\u00facleo Bahia"},"image":{"@id":"https:\/\/aepetba.org.br\/v1\/#\/schema\/logo\/image\/"}},{"@type":"WebSite","@id":"https:\/\/aepetba.org.br\/v1\/#website","url":"https:\/\/aepetba.org.br\/v1\/","name":"AEPET N\u00daCLEO BAHIA","description":"Associa\u00e7\u00e3o dos Engenheiros da Petrobr\u00e1s N\u00facleo Bahia Petr\u00f3leo Bahia Salvador Nordeste ","publisher":{"@id":"https:\/\/aepetba.org.br\/v1\/#organization"},"potentialAction":[{"@type":"SearchAction","target":{"@type":"EntryPoint","urlTemplate":"https:\/\/aepetba.org.br\/v1\/?s={search_term_string}"},"query-input":"required name=search_term_string"}],"inLanguage":"pt-BR"},{"@type":"ImageObject","inLanguage":"pt-BR","@id":"https:\/\/aepetba.org.br\/v1\/superpedido-de-impeachment-de-bolsonaro-ja-esta-na-camara-dos-deputados\/#primaryimage","url":"https:\/\/aepetba.org.br\/v1\/wp-content\/uploads\/2021\/07\/Materia-Superpedido-de-impeachment-de-Bolsonaro-ja-esta-na-Camara-dos-Deputados-petroleo-bahia-Aepet-ba.jpg","contentUrl":"https:\/\/aepetba.org.br\/v1\/wp-content\/uploads\/2021\/07\/Materia-Superpedido-de-impeachment-de-Bolsonaro-ja-esta-na-Camara-dos-Deputados-petroleo-bahia-Aepet-ba.jpg","width":1080,"height":904},{"@type":"WebPage","@id":"https:\/\/aepetba.org.br\/v1\/superpedido-de-impeachment-de-bolsonaro-ja-esta-na-camara-dos-deputados\/","url":"https:\/\/aepetba.org.br\/v1\/superpedido-de-impeachment-de-bolsonaro-ja-esta-na-camara-dos-deputados\/","name":"Superpedido de impeachment de Bolsonaro j\u00e1 est\u00e1 na C\u00e2mara dos Deputados - AEPET N\u00daCLEO BAHIA","isPartOf":{"@id":"https:\/\/aepetba.org.br\/v1\/#website"},"primaryImageOfPage":{"@id":"https:\/\/aepetba.org.br\/v1\/superpedido-de-impeachment-de-bolsonaro-ja-esta-na-camara-dos-deputados\/#primaryimage"},"datePublished":"2021-07-01T18:50:39+00:00","dateModified":"2021-07-02T19:47:56+00:00","breadcrumb":{"@id":"https:\/\/aepetba.org.br\/v1\/superpedido-de-impeachment-de-bolsonaro-ja-esta-na-camara-dos-deputados\/#breadcrumb"},"inLanguage":"pt-BR","potentialAction":[{"@type":"ReadAction","target":["https:\/\/aepetba.org.br\/v1\/superpedido-de-impeachment-de-bolsonaro-ja-esta-na-camara-dos-deputados\/"]}]},{"@type":"BreadcrumbList","@id":"https:\/\/aepetba.org.br\/v1\/superpedido-de-impeachment-de-bolsonaro-ja-esta-na-camara-dos-deputados\/#breadcrumb","itemListElement":[{"@type":"ListItem","position":1,"name":"In\u00edcio","item":"https:\/\/aepetba.org.br\/v1\/"},{"@type":"ListItem","position":2,"name":"Superpedido de impeachment de Bolsonaro j\u00e1 est\u00e1 na C\u00e2mara dos Deputados"}]},{"@type":"Article","@id":"https:\/\/aepetba.org.br\/v1\/superpedido-de-impeachment-de-bolsonaro-ja-esta-na-camara-dos-deputados\/#article","isPartOf":{"@id":"https:\/\/aepetba.org.br\/v1\/superpedido-de-impeachment-de-bolsonaro-ja-esta-na-camara-dos-deputados\/"},"author":{"name":"AEPETBA","@id":"https:\/\/aepetba.org.br\/v1\/#\/schema\/person\/3504208f89f3f50e1526867ebb573b88"},"headline":"Superpedido de impeachment de Bolsonaro j\u00e1 est\u00e1 na C\u00e2mara dos Deputados","datePublished":"2021-07-01T18:50:39+00:00","dateModified":"2021-07-02T19:47:56+00:00","mainEntityOfPage":{"@id":"https:\/\/aepetba.org.br\/v1\/superpedido-de-impeachment-de-bolsonaro-ja-esta-na-camara-dos-deputados\/"},"wordCount":731,"publisher":{"@id":"https:\/\/aepetba.org.br\/v1\/#organization"},"image":{"@id":"https:\/\/aepetba.org.br\/v1\/superpedido-de-impeachment-de-bolsonaro-ja-esta-na-camara-dos-deputados\/#primaryimage"},"thumbnailUrl":"https:\/\/aepetba.org.br\/v1\/wp-content\/uploads\/2021\/07\/Materia-Superpedido-de-impeachment-de-Bolsonaro-ja-esta-na-Camara-dos-Deputados-petroleo-bahia-Aepet-ba.jpg","keywords":["Fora Bolsonaro","impeachment"],"articleSection":["Destaque","Movimentos Sociais","Not\u00edcias"],"inLanguage":"pt-BR"},{"@type":"Person","@id":"https:\/\/aepetba.org.br\/v1\/#\/schema\/person\/3504208f89f3f50e1526867ebb573b88","name":"AEPETBA","image":{"@type":"ImageObject","inLanguage":"pt-BR","@id":"https:\/\/aepetba.org.br\/v1\/#\/schema\/person\/image\/","url":"https:\/\/secure.gravatar.com\/avatar\/3e6e1bf98c38137fc6b937d21e974714?s=96&d=mm&r=g","contentUrl":"https:\/\/secure.gravatar.com\/avatar\/3e6e1bf98c38137fc6b937d21e974714?s=96&d=mm&r=g","caption":"AEPETBA"},"sameAs":["http:\/\/aepetba.org.br\/v1"],"url":"https:\/\/aepetba.org.br\/v1\/author\/lubconsultoria\/"}]}},"_links":{"self":[{"href":"https:\/\/aepetba.org.br\/v1\/wp-json\/wp\/v2\/posts\/36269"}],"collection":[{"href":"https:\/\/aepetba.org.br\/v1\/wp-json\/wp\/v2\/posts"}],"about":[{"href":"https:\/\/aepetba.org.br\/v1\/wp-json\/wp\/v2\/types\/post"}],"author":[{"embeddable":true,"href":"https:\/\/aepetba.org.br\/v1\/wp-json\/wp\/v2\/users\/1"}],"replies":[{"embeddable":true,"href":"https:\/\/aepetba.org.br\/v1\/wp-json\/wp\/v2\/comments?post=36269"}],"version-history":[{"count":1,"href":"https:\/\/aepetba.org.br\/v1\/wp-json\/wp\/v2\/posts\/36269\/revisions"}],"predecessor-version":[{"id":36271,"href":"https:\/\/aepetba.org.br\/v1\/wp-json\/wp\/v2\/posts\/36269\/revisions\/36271"}],"wp:featuredmedia":[{"embeddable":true,"href":"https:\/\/aepetba.org.br\/v1\/wp-json\/wp\/v2\/media\/36270"}],"wp:attachment":[{"href":"https:\/\/aepetba.org.br\/v1\/wp-json\/wp\/v2\/media?parent=36269"}],"wp:term":[{"taxonomy":"category","embeddable":true,"href":"https:\/\/aepetba.org.br\/v1\/wp-json\/wp\/v2\/categories?post=36269"},{"taxonomy":"post_tag","embeddable":true,"href":"https:\/\/aepetba.org.br\/v1\/wp-json\/wp\/v2\/tags?post=36269"}],"curies":[{"name":"wp","href":"https:\/\/api.w.org\/{rel}","templated":true}]}}