{"id":36291,"date":"2021-07-06T10:31:22","date_gmt":"2021-07-06T13:31:22","guid":{"rendered":"https:\/\/aepetba.org.br\/v1\/?p=36291"},"modified":"2021-07-06T19:03:17","modified_gmt":"2021-07-06T22:03:17","slug":"presidente-da-petrobras-recebe-o-livro-comemorativo-dos-60-anos-da-aepet","status":"publish","type":"post","link":"https:\/\/aepetba.org.br\/v1\/presidente-da-petrobras-recebe-o-livro-comemorativo-dos-60-anos-da-aepet\/","title":{"rendered":"Presidente da Petrobr\u00e1s recebe o livro comemorativo dos 60 anos da AEPET"},"content":{"rendered":"<p>Na \u00faltima ter\u00e7a-feira (29), o presidente da Petrobr\u00e1s, Joaquim Silva e Luna, recebeu a diretoria do Conselho Nacional do Transporte Rodovi\u00e1rio de Cargas (CNTRC), grupo que re\u00fane representantes de caminhoneiros. Na oportunidade, o vice-diretor Cultural da AEPET, Claudio Oliveira, entregou ao presidente um exemplar do livro &#8220;60 anos de LUTAS e Convic\u00e7\u00e3o em DEFESA da PETROBR\u00c1S&#8221;, publicado em comemora\u00e7\u00e3o ao sexagen\u00e1rio da AEPET.<\/p>\n<h2>Greve dos caminhoneiros<\/h2>\n<p>O CNTRC convocou uma greve dos caminhoneiros para o pr\u00f3ximo dia 25\/07, ap\u00f3s o pre\u00e7o do diesel voltar a subir. A Petrobr\u00e1s adota, desde 2016, o Pre\u00e7o de Paridade de Importa\u00e7\u00e3o (PPI) para reajustar os combust\u00edveis no Brasil. Atrav\u00e9s de carta aberta ao presidente Jair Bolsonaro, o grupo defendeu a taxa\u00e7\u00e3o de exporta\u00e7\u00f5es de petr\u00f3leo e a utiliza\u00e7\u00e3o do mesmo para reduzir impostos sobre os combust\u00edveis.<\/p>\n<div class=\"yj6qo\"><\/div>\n<div class=\"adL\"><\/div>\n","protected":false},"excerpt":{"rendered":"<p>Na \u00faltima ter\u00e7a-feira (29), o presidente da Petrobr\u00e1s, Joaquim Silva e Luna, recebeu a diretoria do Conselho Nacional do Transporte Rodovi\u00e1rio de Cargas (CNTRC), grupo que re\u00fane representantes de caminhoneiros. Na oportunidade, o vice-diretor Cultural da AEPET, Claudio Oliveira, entregou&#8230;<\/p>\n","protected":false},"author":1,"featured_media":36292,"comment_status":"closed","ping_status":"closed","sticky":false,"template":"","format":"standard","meta":[],"categories":[87,10],"tags":[],"yoast_head":"<!-- This site is optimized with the Yoast SEO plugin v19.3 - https:\/\/yoast.com\/wordpress\/plugins\/seo\/ -->\n<title>Presidente da Petrobr\u00e1s recebe o livro comemorativo dos 60 anos da AEPET - AEPET N\u00daCLEO BAHIA<\/title>\n<meta name=\"robots\" content=\"index, follow, max-snippet:-1, max-image-preview:large, max-video-preview:-1\" \/>\n<link rel=\"canonical\" href=\"https:\/\/aepetba.org.br\/v1\/presidente-da-petrobras-recebe-o-livro-comemorativo-dos-60-anos-da-aepet\/\" \/>\n<meta property=\"og:locale\" content=\"pt_BR\" \/>\n<meta property=\"og:type\" content=\"article\" \/>\n<meta property=\"og:title\" content=\"Presidente da Petrobr\u00e1s recebe o livro comemorativo dos 60 anos da AEPET - AEPET N\u00daCLEO BAHIA\" \/>\n<meta property=\"og:description\" content=\"Na \u00faltima ter\u00e7a-feira (29), o presidente da Petrobr\u00e1s, Joaquim Silva e Luna, recebeu a diretoria do Conselho Nacional do Transporte Rodovi\u00e1rio de Cargas (CNTRC), grupo que re\u00fane representantes de caminhoneiros. Na oportunidade, o vice-diretor Cultural da AEPET, Claudio Oliveira, entregou...\" \/>\n<meta property=\"og:url\" content=\"https:\/\/aepetba.org.br\/v1\/presidente-da-petrobras-recebe-o-livro-comemorativo-dos-60-anos-da-aepet\/\" \/>\n<meta property=\"og:site_name\" content=\"AEPET N\u00daCLEO BAHIA\" \/>\n<meta property=\"article:publisher\" content=\"https:\/\/web.facebook.com\/aepetba\" \/>\n<meta property=\"article:published_time\" content=\"2021-07-06T13:31:22+00:00\" \/>\n<meta property=\"article:modified_time\" content=\"2021-07-06T22:03:17+00:00\" \/>\n<meta property=\"og:image\" content=\"https:\/\/aepetba.org.br\/v1\/wp-content\/uploads\/2021\/07\/Materia-presidente-da-petrobras-recebe-livro-da-AEPET-petroleo-bahia-Aepet-ba.jpg\" \/>\n\t<meta property=\"og:image:width\" content=\"1080\" \/>\n\t<meta property=\"og:image:height\" content=\"1080\" \/>\n\t<meta property=\"og:image:type\" content=\"image\/jpeg\" \/>\n<meta name=\"author\" content=\"AEPETBA\" \/>\n<meta name=\"twitter:card\" content=\"summary_large_image\" \/>\n<meta name=\"twitter:creator\" content=\"@aepetbahia\" \/>\n<meta name=\"twitter:site\" content=\"@aepetbahia\" \/>\n<meta name=\"twitter:label1\" content=\"Escrito por\" \/>\n\t<meta name=\"twitter:data1\" content=\"AEPETBA\" \/>\n\t<meta name=\"twitter:label2\" content=\"Est. tempo de leitura\" \/>\n\t<meta name=\"twitter:data2\" content=\"1 minuto\" \/>\n<script type=\"application\/ld+json\" class=\"yoast-schema-graph\">{\"@context\":\"https:\/\/schema.org\",\"@graph\":[{\"@type\":\"Organization\",\"@id\":\"https:\/\/aepetba.org.br\/v1\/#organization\",\"name\":\"AEPET N\u00facleo Bahia\",\"url\":\"https:\/\/aepetba.org.br\/v1\/\",\"sameAs\":[\"https:\/\/www.instagram.com\/aepetbahia\/\",\"https:\/\/www.youtube.com\/c\/AEPETBAHIA\",\"https:\/\/web.facebook.com\/aepetba\",\"https:\/\/twitter.com\/aepetbahia\"],\"logo\":{\"@type\":\"ImageObject\",\"inLanguage\":\"pt-BR\",\"@id\":\"https:\/\/aepetba.org.br\/v1\/#\/schema\/logo\/image\/\",\"url\":\"https:\/\/aepetba.org.br\/v1\/wp-content\/uploads\/revslider\/home\/logo-AEPETBA.png\",\"contentUrl\":\"https:\/\/aepetba.org.br\/v1\/wp-content\/uploads\/revslider\/home\/logo-AEPETBA.png\",\"width\":297,\"height\":86,\"caption\":\"AEPET N\u00facleo Bahia\"},\"image\":{\"@id\":\"https:\/\/aepetba.org.br\/v1\/#\/schema\/logo\/image\/\"}},{\"@type\":\"WebSite\",\"@id\":\"https:\/\/aepetba.org.br\/v1\/#website\",\"url\":\"https:\/\/aepetba.org.br\/v1\/\",\"name\":\"AEPET N\u00daCLEO BAHIA\",\"description\":\"Associa\u00e7\u00e3o dos Engenheiros da Petrobr\u00e1s N\u00facleo Bahia Petr\u00f3leo Bahia Salvador Nordeste \",\"publisher\":{\"@id\":\"https:\/\/aepetba.org.br\/v1\/#organization\"},\"potentialAction\":[{\"@type\":\"SearchAction\",\"target\":{\"@type\":\"EntryPoint\",\"urlTemplate\":\"https:\/\/aepetba.org.br\/v1\/?s={search_term_string}\"},\"query-input\":\"required name=search_term_string\"}],\"inLanguage\":\"pt-BR\"},{\"@type\":\"ImageObject\",\"inLanguage\":\"pt-BR\",\"@id\":\"https:\/\/aepetba.org.br\/v1\/presidente-da-petrobras-recebe-o-livro-comemorativo-dos-60-anos-da-aepet\/#primaryimage\",\"url\":\"https:\/\/aepetba.org.br\/v1\/wp-content\/uploads\/2021\/07\/Materia-presidente-da-petrobras-recebe-livro-da-AEPET-petroleo-bahia-Aepet-ba.jpg\",\"contentUrl\":\"https:\/\/aepetba.org.br\/v1\/wp-content\/uploads\/2021\/07\/Materia-presidente-da-petrobras-recebe-livro-da-AEPET-petroleo-bahia-Aepet-ba.jpg\",\"width\":1080,\"height\":1080},{\"@type\":\"WebPage\",\"@id\":\"https:\/\/aepetba.org.br\/v1\/presidente-da-petrobras-recebe-o-livro-comemorativo-dos-60-anos-da-aepet\/\",\"url\":\"https:\/\/aepetba.org.br\/v1\/presidente-da-petrobras-recebe-o-livro-comemorativo-dos-60-anos-da-aepet\/\",\"name\":\"Presidente da Petrobr\u00e1s recebe o livro comemorativo dos 60 anos da AEPET - AEPET N\u00daCLEO BAHIA\",\"isPartOf\":{\"@id\":\"https:\/\/aepetba.org.br\/v1\/#website\"},\"primaryImageOfPage\":{\"@id\":\"https:\/\/aepetba.org.br\/v1\/presidente-da-petrobras-recebe-o-livro-comemorativo-dos-60-anos-da-aepet\/#primaryimage\"},\"datePublished\":\"2021-07-06T13:31:22+00:00\",\"dateModified\":\"2021-07-06T22:03:17+00:00\",\"breadcrumb\":{\"@id\":\"https:\/\/aepetba.org.br\/v1\/presidente-da-petrobras-recebe-o-livro-comemorativo-dos-60-anos-da-aepet\/#breadcrumb\"},\"inLanguage\":\"pt-BR\",\"potentialAction\":[{\"@type\":\"ReadAction\",\"target\":[\"https:\/\/aepetba.org.br\/v1\/presidente-da-petrobras-recebe-o-livro-comemorativo-dos-60-anos-da-aepet\/\"]}]},{\"@type\":\"BreadcrumbList\",\"@id\":\"https:\/\/aepetba.org.br\/v1\/presidente-da-petrobras-recebe-o-livro-comemorativo-dos-60-anos-da-aepet\/#breadcrumb\",\"itemListElement\":[{\"@type\":\"ListItem\",\"position\":1,\"name\":\"In\u00edcio\",\"item\":\"https:\/\/aepetba.org.br\/v1\/\"},{\"@type\":\"ListItem\",\"position\":2,\"name\":\"Presidente da Petrobr\u00e1s recebe o livro comemorativo dos 60 anos da AEPET\"}]},{\"@type\":\"Article\",\"@id\":\"https:\/\/aepetba.org.br\/v1\/presidente-da-petrobras-recebe-o-livro-comemorativo-dos-60-anos-da-aepet\/#article\",\"isPartOf\":{\"@id\":\"https:\/\/aepetba.org.br\/v1\/presidente-da-petrobras-recebe-o-livro-comemorativo-dos-60-anos-da-aepet\/\"},\"author\":{\"name\":\"AEPETBA\",\"@id\":\"https:\/\/aepetba.org.br\/v1\/#\/schema\/person\/3504208f89f3f50e1526867ebb573b88\"},\"headline\":\"Presidente da Petrobr\u00e1s recebe o livro comemorativo dos 60 anos da AEPET\",\"datePublished\":\"2021-07-06T13:31:22+00:00\",\"dateModified\":\"2021-07-06T22:03:17+00:00\",\"mainEntityOfPage\":{\"@id\":\"https:\/\/aepetba.org.br\/v1\/presidente-da-petrobras-recebe-o-livro-comemorativo-dos-60-anos-da-aepet\/\"},\"wordCount\":161,\"publisher\":{\"@id\":\"https:\/\/aepetba.org.br\/v1\/#organization\"},\"image\":{\"@id\":\"https:\/\/aepetba.org.br\/v1\/presidente-da-petrobras-recebe-o-livro-comemorativo-dos-60-anos-da-aepet\/#primaryimage\"},\"thumbnailUrl\":\"https:\/\/aepetba.org.br\/v1\/wp-content\/uploads\/2021\/07\/Materia-presidente-da-petrobras-recebe-livro-da-AEPET-petroleo-bahia-Aepet-ba.jpg\",\"articleSection\":[\"Destaque\",\"Not\u00edcias\"],\"inLanguage\":\"pt-BR\"},{\"@type\":\"Person\",\"@id\":\"https:\/\/aepetba.org.br\/v1\/#\/schema\/person\/3504208f89f3f50e1526867ebb573b88\",\"name\":\"AEPETBA\",\"image\":{\"@type\":\"ImageObject\",\"inLanguage\":\"pt-BR\",\"@id\":\"https:\/\/aepetba.org.br\/v1\/#\/schema\/person\/image\/\",\"url\":\"https:\/\/secure.gravatar.com\/avatar\/3e6e1bf98c38137fc6b937d21e974714?s=96&d=mm&r=g\",\"contentUrl\":\"https:\/\/secure.gravatar.com\/avatar\/3e6e1bf98c38137fc6b937d21e974714?s=96&d=mm&r=g\",\"caption\":\"AEPETBA\"},\"sameAs\":[\"http:\/\/aepetba.org.br\/v1\"],\"url\":\"https:\/\/aepetba.org.br\/v1\/author\/lubconsultoria\/\"}]}<\/script>\n<!-- \/ Yoast SEO plugin. -->","yoast_head_json":{"title":"Presidente da Petrobr\u00e1s recebe o livro comemorativo dos 60 anos da AEPET - AEPET N\u00daCLEO BAHIA","robots":{"index":"index","follow":"follow","max-snippet":"max-snippet:-1","max-image-preview":"max-image-preview:large","max-video-preview":"max-video-preview:-1"},"canonical":"https:\/\/aepetba.org.br\/v1\/presidente-da-petrobras-recebe-o-livro-comemorativo-dos-60-anos-da-aepet\/","og_locale":"pt_BR","og_type":"article","og_title":"Presidente da Petrobr\u00e1s recebe o livro comemorativo dos 60 anos da AEPET - AEPET N\u00daCLEO BAHIA","og_description":"Na \u00faltima ter\u00e7a-feira (29), o presidente da Petrobr\u00e1s, Joaquim Silva e Luna, recebeu a diretoria do Conselho Nacional do Transporte Rodovi\u00e1rio de Cargas (CNTRC), grupo que re\u00fane representantes de caminhoneiros. Na oportunidade, o vice-diretor Cultural da AEPET, Claudio Oliveira, entregou...","og_url":"https:\/\/aepetba.org.br\/v1\/presidente-da-petrobras-recebe-o-livro-comemorativo-dos-60-anos-da-aepet\/","og_site_name":"AEPET N\u00daCLEO BAHIA","article_publisher":"https:\/\/web.facebook.com\/aepetba","article_published_time":"2021-07-06T13:31:22+00:00","article_modified_time":"2021-07-06T22:03:17+00:00","og_image":[{"width":1080,"height":1080,"url":"https:\/\/aepetba.org.br\/v1\/wp-content\/uploads\/2021\/07\/Materia-presidente-da-petrobras-recebe-livro-da-AEPET-petroleo-bahia-Aepet-ba.jpg","type":"image\/jpeg"}],"author":"AEPETBA","twitter_card":"summary_large_image","twitter_creator":"@aepetbahia","twitter_site":"@aepetbahia","twitter_misc":{"Escrito por":"AEPETBA","Est. tempo de leitura":"1 minuto"},"schema":{"@context":"https:\/\/schema.org","@graph":[{"@type":"Organization","@id":"https:\/\/aepetba.org.br\/v1\/#organization","name":"AEPET N\u00facleo Bahia","url":"https:\/\/aepetba.org.br\/v1\/","sameAs":["https:\/\/www.instagram.com\/aepetbahia\/","https:\/\/www.youtube.com\/c\/AEPETBAHIA","https:\/\/web.facebook.com\/aepetba","https:\/\/twitter.com\/aepetbahia"],"logo":{"@type":"ImageObject","inLanguage":"pt-BR","@id":"https:\/\/aepetba.org.br\/v1\/#\/schema\/logo\/image\/","url":"https:\/\/aepetba.org.br\/v1\/wp-content\/uploads\/revslider\/home\/logo-AEPETBA.png","contentUrl":"https:\/\/aepetba.org.br\/v1\/wp-content\/uploads\/revslider\/home\/logo-AEPETBA.png","width":297,"height":86,"caption":"AEPET N\u00facleo Bahia"},"image":{"@id":"https:\/\/aepetba.org.br\/v1\/#\/schema\/logo\/image\/"}},{"@type":"WebSite","@id":"https:\/\/aepetba.org.br\/v1\/#website","url":"https:\/\/aepetba.org.br\/v1\/","name":"AEPET N\u00daCLEO BAHIA","description":"Associa\u00e7\u00e3o dos Engenheiros da Petrobr\u00e1s N\u00facleo Bahia Petr\u00f3leo Bahia Salvador Nordeste ","publisher":{"@id":"https:\/\/aepetba.org.br\/v1\/#organization"},"potentialAction":[{"@type":"SearchAction","target":{"@type":"EntryPoint","urlTemplate":"https:\/\/aepetba.org.br\/v1\/?s={search_term_string}"},"query-input":"required name=search_term_string"}],"inLanguage":"pt-BR"},{"@type":"ImageObject","inLanguage":"pt-BR","@id":"https:\/\/aepetba.org.br\/v1\/presidente-da-petrobras-recebe-o-livro-comemorativo-dos-60-anos-da-aepet\/#primaryimage","url":"https:\/\/aepetba.org.br\/v1\/wp-content\/uploads\/2021\/07\/Materia-presidente-da-petrobras-recebe-livro-da-AEPET-petroleo-bahia-Aepet-ba.jpg","contentUrl":"https:\/\/aepetba.org.br\/v1\/wp-content\/uploads\/2021\/07\/Materia-presidente-da-petrobras-recebe-livro-da-AEPET-petroleo-bahia-Aepet-ba.jpg","width":1080,"height":1080},{"@type":"WebPage","@id":"https:\/\/aepetba.org.br\/v1\/presidente-da-petrobras-recebe-o-livro-comemorativo-dos-60-anos-da-aepet\/","url":"https:\/\/aepetba.org.br\/v1\/presidente-da-petrobras-recebe-o-livro-comemorativo-dos-60-anos-da-aepet\/","name":"Presidente da Petrobr\u00e1s recebe o livro comemorativo dos 60 anos da AEPET - AEPET N\u00daCLEO BAHIA","isPartOf":{"@id":"https:\/\/aepetba.org.br\/v1\/#website"},"primaryImageOfPage":{"@id":"https:\/\/aepetba.org.br\/v1\/presidente-da-petrobras-recebe-o-livro-comemorativo-dos-60-anos-da-aepet\/#primaryimage"},"datePublished":"2021-07-06T13:31:22+00:00","dateModified":"2021-07-06T22:03:17+00:00","breadcrumb":{"@id":"https:\/\/aepetba.org.br\/v1\/presidente-da-petrobras-recebe-o-livro-comemorativo-dos-60-anos-da-aepet\/#breadcrumb"},"inLanguage":"pt-BR","potentialAction":[{"@type":"ReadAction","target":["https:\/\/aepetba.org.br\/v1\/presidente-da-petrobras-recebe-o-livro-comemorativo-dos-60-anos-da-aepet\/"]}]},{"@type":"BreadcrumbList","@id":"https:\/\/aepetba.org.br\/v1\/presidente-da-petrobras-recebe-o-livro-comemorativo-dos-60-anos-da-aepet\/#breadcrumb","itemListElement":[{"@type":"ListItem","position":1,"name":"In\u00edcio","item":"https:\/\/aepetba.org.br\/v1\/"},{"@type":"ListItem","position":2,"name":"Presidente da Petrobr\u00e1s recebe o livro comemorativo dos 60 anos da AEPET"}]},{"@type":"Article","@id":"https:\/\/aepetba.org.br\/v1\/presidente-da-petrobras-recebe-o-livro-comemorativo-dos-60-anos-da-aepet\/#article","isPartOf":{"@id":"https:\/\/aepetba.org.br\/v1\/presidente-da-petrobras-recebe-o-livro-comemorativo-dos-60-anos-da-aepet\/"},"author":{"name":"AEPETBA","@id":"https:\/\/aepetba.org.br\/v1\/#\/schema\/person\/3504208f89f3f50e1526867ebb573b88"},"headline":"Presidente da Petrobr\u00e1s recebe o livro comemorativo dos 60 anos da AEPET","datePublished":"2021-07-06T13:31:22+00:00","dateModified":"2021-07-06T22:03:17+00:00","mainEntityOfPage":{"@id":"https:\/\/aepetba.org.br\/v1\/presidente-da-petrobras-recebe-o-livro-comemorativo-dos-60-anos-da-aepet\/"},"wordCount":161,"publisher":{"@id":"https:\/\/aepetba.org.br\/v1\/#organization"},"image":{"@id":"https:\/\/aepetba.org.br\/v1\/presidente-da-petrobras-recebe-o-livro-comemorativo-dos-60-anos-da-aepet\/#primaryimage"},"thumbnailUrl":"https:\/\/aepetba.org.br\/v1\/wp-content\/uploads\/2021\/07\/Materia-presidente-da-petrobras-recebe-livro-da-AEPET-petroleo-bahia-Aepet-ba.jpg","articleSection":["Destaque","Not\u00edcias"],"inLanguage":"pt-BR"},{"@type":"Person","@id":"https:\/\/aepetba.org.br\/v1\/#\/schema\/person\/3504208f89f3f50e1526867ebb573b88","name":"AEPETBA","image":{"@type":"ImageObject","inLanguage":"pt-BR","@id":"https:\/\/aepetba.org.br\/v1\/#\/schema\/person\/image\/","url":"https:\/\/secure.gravatar.com\/avatar\/3e6e1bf98c38137fc6b937d21e974714?s=96&d=mm&r=g","contentUrl":"https:\/\/secure.gravatar.com\/avatar\/3e6e1bf98c38137fc6b937d21e974714?s=96&d=mm&r=g","caption":"AEPETBA"},"sameAs":["http:\/\/aepetba.org.br\/v1"],"url":"https:\/\/aepetba.org.br\/v1\/author\/lubconsultoria\/"}]}},"_links":{"self":[{"href":"https:\/\/aepetba.org.br\/v1\/wp-json\/wp\/v2\/posts\/36291"}],"collection":[{"href":"https:\/\/aepetba.org.br\/v1\/wp-json\/wp\/v2\/posts"}],"about":[{"href":"https:\/\/aepetba.org.br\/v1\/wp-json\/wp\/v2\/types\/post"}],"author":[{"embeddable":true,"href":"https:\/\/aepetba.org.br\/v1\/wp-json\/wp\/v2\/users\/1"}],"replies":[{"embeddable":true,"href":"https:\/\/aepetba.org.br\/v1\/wp-json\/wp\/v2\/comments?post=36291"}],"version-history":[{"count":2,"href":"https:\/\/aepetba.org.br\/v1\/wp-json\/wp\/v2\/posts\/36291\/revisions"}],"predecessor-version":[{"id":36294,"href":"https:\/\/aepetba.org.br\/v1\/wp-json\/wp\/v2\/posts\/36291\/revisions\/36294"}],"wp:featuredmedia":[{"embeddable":true,"href":"https:\/\/aepetba.org.br\/v1\/wp-json\/wp\/v2\/media\/36292"}],"wp:attachment":[{"href":"https:\/\/aepetba.org.br\/v1\/wp-json\/wp\/v2\/media?parent=36291"}],"wp:term":[{"taxonomy":"category","embeddable":true,"href":"https:\/\/aepetba.org.br\/v1\/wp-json\/wp\/v2\/categories?post=36291"},{"taxonomy":"post_tag","embeddable":true,"href":"https:\/\/aepetba.org.br\/v1\/wp-json\/wp\/v2\/tags?post=36291"}],"curies":[{"name":"wp","href":"https:\/\/api.w.org\/{rel}","templated":true}]}}