{"id":36311,"date":"2021-07-07T17:30:38","date_gmt":"2021-07-07T20:30:38","guid":{"rendered":"https:\/\/aepetba.org.br\/v1\/?p=36311"},"modified":"2021-07-07T17:30:38","modified_gmt":"2021-07-07T20:30:38","slug":"morte-na-rlam-suicidio-de-petroleiro-foi-motivado-pelas-condicoes-de-trabalho-conclui-investigacao","status":"publish","type":"post","link":"https:\/\/aepetba.org.br\/v1\/morte-na-rlam-suicidio-de-petroleiro-foi-motivado-pelas-condicoes-de-trabalho-conclui-investigacao\/","title":{"rendered":"Morte na RLAM: suic\u00eddio de petroleiro foi motivado pelas condi\u00e7\u00f5es de trabalho conclui investiga\u00e7\u00e3o"},"content":{"rendered":"<p><span style=\"font-weight: 400;\">A Refinaria Landulpho Alves (RLAM), na Bahia, foi atuada pela morte por suic\u00eddio, de um trabalhador ocorrido no dia 22 de setembro do ano passado, nas depend\u00eancias da Unidade de Desoleifica\u00e7\u00e3o a Propano (atual U-13).\u00a0 A penalidade decorre das conclus\u00f5es da investiga\u00e7\u00e3o realizada pela Auditoria Fiscal do Trabalho, vinculada \u00e0 Subsecretaria de Inspe\u00e7\u00e3o do Trabalho (SIT)\/Minist\u00e9rio da Economia, e pelo Centro Estadual de Refer\u00eancia em Sa\u00fade do Trabalhador (Cesat), em atendimento \u00e0 den\u00fancia formulada pelo Sindipetro-Bahia.<\/span><\/p>\n<p><span style=\"font-weight: 400;\">Os relat\u00f3rios divulgados pelos \u00f3rg\u00e3os sobre a morte do trabalhador atestam que foi causada pelo ambiente de inseguran\u00e7a, tens\u00e3o e mal-estar coletivo criado pelo processo de venda da unidade, al\u00e9m de outras irregularidades. No total, a RLAM recebeu seis autos de infra\u00e7\u00e3o.<\/span><\/p>\n<p><span style=\"font-weight: 400;\">Os t\u00e9cnicos e os auditores fiscais do trabalho analisaram as \u00e1reas das diversas unidades da refinaria, as atas da Cipa, os documentos que foram solicitados \u00e0 Petrobr\u00e1s e ainda coletaram informa\u00e7\u00f5es com os colegas de trabalho do petroleiro, que exercia a fun\u00e7\u00e3o de Coordenador T\u00e9cnico Operacional (CTO), tinha 40 anos de idade, era casado e deixou dois filhos, com oito e dois anos de idade. Eles tamb\u00e9m conversaram com a esposa e com os chefes do falecido, que trabalhava na estatal h\u00e1 12 anos. Os dois \u00f3rg\u00e3os ainda se pautaram na an\u00e1lise da literatura correlata e da legisla\u00e7\u00e3o vigente.<\/span><\/p>\n<p><span style=\"font-weight: 400;\">Segundo os relat\u00f3rios das investiga\u00e7\u00f5es, \u201cum cen\u00e1rio mais amplo de tens\u00f5es sociais se <\/span><span style=\"font-weight: 400;\">desencadeia<\/span> <span style=\"font-weight: 400;\">entre os trabalhadores, desde o an\u00fancio da venda da refinaria.\u201d Esta decis\u00e3o da Petrobr\u00e1s, segundo aponta a 7\u00aa Ata da reuni\u00e3o da Cipa, \u201cinstalou um clima de inseguran\u00e7a e de mal-estar coletivo, entre todos os trabalhadores de alguma forma vinculados \u00e0 RLAM\u201d.<\/span><\/p>\n<p><span style=\"font-weight: 400;\">Houve, tamb\u00e9m, relatos detalhados dos problemas enfrentados na Unidade 13 nos dias que antecederam o \u00f3bito e que tinham como contexto uma situa\u00e7\u00e3o de elevada sobrecarga de trabalho imposta ao CTO, devido \u00e0 redu\u00e7\u00e3o do quantitativo gerencial em sua unidade industrial.<\/span><\/p>\n<p><span style=\"font-weight: 400;\">Os documentos registram ainda a press\u00e3o sofrida pelo trabalhador, que acabava por trabalhar de forma frequente e habitual, em hor\u00e1rios que extrapolavam a jornada de trabalho di\u00e1ria prevista na legisla\u00e7\u00e3o vigente.<\/span><\/p>\n<p><span style=\"font-weight: 400;\">Segundo os relat\u00f3rios, ap\u00f3s as entrevistas, ficou claro que o trabalhador falecido \u201cera um operador experiente, tendo se tornado Coordenador Operacional n\u00e3o apenas por deter o conhecimento t\u00e9cnico necess\u00e1rio, mas tamb\u00e9m por possuir o perfil de lideran\u00e7a, sendo h\u00e1bil para coordenar a equipe\u201d.<\/span><\/p>\n<p><span style=\"font-weight: 400;\">Os colegas que trabalhavam com o falecido, na OP LUB, afirmaram, durante as investiga\u00e7\u00f5es que \u201ca redu\u00e7\u00e3o do efetivo m\u00ednimo nas \u00e1reas operacionais ao longo dos anos, implicou na intensifica\u00e7\u00e3o do trabalho em v\u00e1rias unidades e no ac\u00famulo de responsabilidades para as equipes que permaneceram\u201d.<\/span><\/p>\n<p><span style=\"font-weight: 400;\">Os autos de infra\u00e7\u00e3o lavrados pela Auditoria Fiscal do Trabalho contra a RLAM observam que a refinaria deixou de registrar os hor\u00e1rios de entrada e sa\u00edda e o per\u00edodo de repouso efetivamente praticados pelo petroleiro, por desconsiderar os riscos \u00e0 sa\u00fade dos trabalhadores.<\/span><\/p>\n<h2><span style=\"font-weight: 400;\">Relat\u00f3rio aponta riscos psicossociais ao trabalho da RLAM<\/span><\/h2>\n<p><span style=\"font-weight: 400;\">Segundo o Sindipetro-BA, foram apontados nos relat\u00f3rios os prov\u00e1veis riscos psicossociais associados ao trabalho na RLAM: longas jornadas, clima de incertezas pelo contexto de venda da empresa, aumento de responsabilidades com a gest\u00e3o, press\u00e3o por produ\u00e7\u00e3o, alta carga de responsabilidade na figura do CTO, redu\u00e7\u00e3o de gratifica\u00e7\u00e3o no per\u00edodo da pandemia, valoriza\u00e7\u00e3o do alcance de metas com baixa valoriza\u00e7\u00e3o do trabalho, press\u00f5es gerenciais por efici\u00eancia com menor custo, indefini\u00e7\u00e3o quanto ao destino dos trabalhadores, clima de amea\u00e7as com visitas de compradores e pouca clareza sobre contexto, monitoramento remoto da planta, continuamente e redu\u00e7\u00e3o das equipes e sobrecarga dos remanescentes.<\/span><\/p>\n<p><span style=\"font-weight: 400;\">Em rela\u00e7\u00e3o ao teletrabalho \u00e9 visto como risco psicossocial o baixo equil\u00edbrio entre a vida pessoal e trabalho, excesso de trabalho, dificuldade de <\/span><span style=\"font-weight: 400;\">desconex\u00e3o e isolamento<\/span><span style=\"font-weight: 400;\">.<\/span><span style=\"font-weight: 400;\"> No caso espec\u00edfico do trabalhador falecido faltou \u201creconhecimento por todo o seu esfor\u00e7o e dedica\u00e7\u00e3o \u00e0 empresa e desvaloriza\u00e7\u00e3o do cargo por ele ocupado\u201d.<\/span><\/p>\n<p><span style=\"font-weight: 400;\">Ao finalizar as investiga\u00e7\u00f5es, a conclus\u00e3o dos t\u00e9cnicos do Cesat <\/span><span style=\"font-weight: 400;\">e<\/span><span style=\"font-weight: 400;\"> dos auditores fiscais do trabalho foi que \u201cas mudan\u00e7as no contexto laboral da RLAM \/Petrobras tiveram contribui\u00e7\u00e3o decisiva para o sofrimento ps\u00edquico do trabalhador, seguido de idea\u00e7\u00e3o suicida com desfecho fatal\u201d.<\/span><\/p>\n<p><span style=\"font-weight: 400;\">O sindicato informou tamb\u00e9m que, a partir dos relat\u00f3rios do Cesat e da Auditoria Fiscal do Trabalho, o Minist\u00e9rio P\u00fablico do Trabalho (MPT) abriu procedimento investigat\u00f3rio para\u00a0 apurar o caso e a situa\u00e7\u00e3o do meio ambiente de trabalho na RLAM.<\/span><\/p>\n<h2><span style=\"font-weight: 400;\">O que est\u00e1 acontecendo com os nossos companheiros?<\/span><\/h2>\n<p><span style=\"font-weight: 400;\">Essa foi a pergunta feita pela AEPET-BA assim que soube da morte do companheiro da RLAM, em setembro do ano passado, em mat\u00e9ria veiculada no site. A entidade mostrou preocupa\u00e7\u00e3o com o excesso de trabalho e a press\u00e3o por produ\u00e7\u00e3o, fatores preponderantes para o adoecimento mental dos petroleiros, na Bahia. \u201cOs abusos nas rela\u00e7\u00f5es de trabalho atingem de forma diferente os trabalhadores e n\u00e3o sabemos em que condi\u00e7\u00e3o de sofrimento (ou mesmo depress\u00e3o) se encontrava o nosso colega da RLAM para cometer tal desatino.<\/span> <span style=\"font-weight: 400;\">Os depoimentos de quem convivia com ele diariamente evidenciam que se tratava de uma pessoa alegre, de bem com a vida e muito dedicado ao trabalho.<\/span><\/p>\n<p><span style=\"font-weight: 400;\">Uma dedica\u00e7\u00e3o que lhe custou a vida. A press\u00e3o dos gerentes em busca da produtividade, metas e excesso de trabalho em raz\u00e3o da diminui\u00e7\u00e3o do quadro de empregados \u00e9 decorrente de uma pol\u00edtica irrespons\u00e1vel de destrui\u00e7\u00e3o da empresa\u201d, expressava a mat\u00e9ria divulgada pela Associa\u00e7\u00e3o<\/span><\/p>\n<h2><span style=\"font-weight: 400;\">Sucateamento da Petrobr\u00e1s<\/span><\/h2>\n<p><span style=\"font-weight: 400;\">De fato, o que aconteceu na RLAM e est\u00e1 acontecendo em outras unidades em desinvestimentos, n\u00e3o \u00e9 um fato isolado. \u00c9 fruto da pol\u00edtica do atual governo, que sucateou a Petrobras, reduzindo os investimentos na manuten\u00e7\u00e3o dos equipamentos e no sistema de seguran\u00e7a industrial para justificar a privatiza\u00e7\u00e3o. Aliado a isso, a redu\u00e7\u00e3o da produ\u00e7\u00e3o de derivados nas refinarias, muito abaixo das suas capacidades, optando pela importa\u00e7\u00e3o desses produtos, faz parte do jogo do governo de entrega do patrim\u00f4nio brasileiro para empresas estrangeiras.<\/span><\/p>\n<p><span style=\"font-weight: 400;\">Essa pol\u00edtica, al\u00e9m de trazer preju\u00edzo para a soberania e independ\u00eancia do pa\u00eds, acarreta problemas de incerteza e desequil\u00edbrio no trabalhador que se preparou, investiu na sua forma\u00e7\u00e3o, fez concurso, acreditou no sonho de estar servindo ao pa\u00eds trabalhando numa empresa propulsionadora do desenvolvimento, ao tempo em que garantia o equil\u00edbrio financeiro pessoal, mas de repente v\u00ea tudo isso ruir. Mais dif\u00edcil \u00e9 aceitar a possibilidade de trabalhar numa empresa privada, com todas as suas formas de explora\u00e7\u00e3o, ou numa multinacional, que visa \u00fanica e exclusivamente o lucro, ou ainda, ter que abandonar uma vida estruturada, a fam\u00edlia, sendo transferido para outro estado. Essa \u00e9 a realidade enfrentada hoje pelo petroleiro baiano.<\/span><\/p>\n<p><span style=\"font-weight: 400;\">A RLAM \u00e9 a primeira de uma lista de nove refinarias colocadas \u00e0 venda pela Petrobr\u00e1s. As negocia\u00e7\u00f5es para a privatiza\u00e7\u00e3o da refinaria baiana tiveram in\u00edcio em julho do ano passado. A opera\u00e7\u00e3o de venda foi anunciada em 24 de mar\u00e7o \u00faltimo para o fundo de investimento Mubadala, ao pre\u00e7o aviltado de US$ 1,65 bilh\u00e3o. O neg\u00f3cio ainda n\u00e3o foi conclu\u00eddo e \u00e9 alvo de a\u00e7\u00f5es na Justi\u00e7a e em outras inst\u00e2ncias.<\/span><\/p>\n<h2><span style=\"font-weight: 400;\">Por tudo isso, s\u00f3 h\u00e1 um caminho: a luta para impedir a privatiza\u00e7\u00e3o!<\/span><\/h2>\n<p><span style=\"font-weight: 400;\">(Com informa\u00e7\u00f5es da Imprensa do Sindipetro-BA)<\/span><\/p>\n<p>&nbsp;<\/p>\n","protected":false},"excerpt":{"rendered":"<p>A Refinaria Landulpho Alves (RLAM), na Bahia, foi atuada pela morte por suic\u00eddio, de um trabalhador ocorrido no dia 22 de setembro do ano passado, nas depend\u00eancias da Unidade de Desoleifica\u00e7\u00e3o a Propano (atual U-13).\u00a0 A penalidade decorre das conclus\u00f5es&#8230;<\/p>\n","protected":false},"author":1,"featured_media":36312,"comment_status":"closed","ping_status":"closed","sticky":false,"template":"","format":"standard","meta":[],"categories":[87,10],"tags":[31,104,335],"yoast_head":"<!-- This site is optimized with the Yoast SEO plugin v19.3 - https:\/\/yoast.com\/wordpress\/plugins\/seo\/ -->\n<title>Morte na RLAM: suic\u00eddio de petroleiro foi motivado pelas condi\u00e7\u00f5es de trabalho conclui investiga\u00e7\u00e3o - AEPET N\u00daCLEO BAHIA<\/title>\n<meta name=\"robots\" content=\"index, follow, max-snippet:-1, max-image-preview:large, max-video-preview:-1\" \/>\n<link rel=\"canonical\" href=\"https:\/\/aepetba.org.br\/v1\/morte-na-rlam-suicidio-de-petroleiro-foi-motivado-pelas-condicoes-de-trabalho-conclui-investigacao\/\" \/>\n<meta property=\"og:locale\" content=\"pt_BR\" \/>\n<meta property=\"og:type\" content=\"article\" \/>\n<meta property=\"og:title\" content=\"Morte na RLAM: suic\u00eddio de petroleiro foi motivado pelas condi\u00e7\u00f5es de trabalho conclui investiga\u00e7\u00e3o - AEPET N\u00daCLEO BAHIA\" \/>\n<meta property=\"og:description\" content=\"A Refinaria Landulpho Alves (RLAM), na Bahia, foi atuada pela morte por suic\u00eddio, de um trabalhador ocorrido no dia 22 de setembro do ano passado, nas depend\u00eancias da Unidade de Desoleifica\u00e7\u00e3o a Propano (atual U-13).\u00a0 A penalidade decorre das conclus\u00f5es...\" \/>\n<meta property=\"og:url\" content=\"https:\/\/aepetba.org.br\/v1\/morte-na-rlam-suicidio-de-petroleiro-foi-motivado-pelas-condicoes-de-trabalho-conclui-investigacao\/\" \/>\n<meta property=\"og:site_name\" content=\"AEPET N\u00daCLEO BAHIA\" \/>\n<meta property=\"article:publisher\" content=\"https:\/\/web.facebook.com\/aepetba\" \/>\n<meta property=\"article:published_time\" content=\"2021-07-07T20:30:38+00:00\" \/>\n<meta property=\"og:image\" content=\"https:\/\/aepetba.org.br\/v1\/wp-content\/uploads\/2021\/07\/Materia-Morte-na-RLAM-suicidio-de-petroleiro-foi-motivado-pelas-condicoes-de-trabalho-conclui-investigacao-petroleo-bahia-Aepet-ba.jpg\" \/>\n\t<meta property=\"og:image:width\" content=\"1080\" \/>\n\t<meta property=\"og:image:height\" content=\"906\" \/>\n\t<meta property=\"og:image:type\" content=\"image\/jpeg\" \/>\n<meta name=\"author\" content=\"AEPETBA\" \/>\n<meta name=\"twitter:card\" content=\"summary_large_image\" \/>\n<meta name=\"twitter:creator\" content=\"@aepetbahia\" \/>\n<meta name=\"twitter:site\" content=\"@aepetbahia\" \/>\n<meta name=\"twitter:label1\" content=\"Escrito por\" \/>\n\t<meta name=\"twitter:data1\" content=\"AEPETBA\" \/>\n\t<meta name=\"twitter:label2\" content=\"Est. tempo de leitura\" \/>\n\t<meta name=\"twitter:data2\" content=\"6 minutos\" \/>\n<script type=\"application\/ld+json\" class=\"yoast-schema-graph\">{\"@context\":\"https:\/\/schema.org\",\"@graph\":[{\"@type\":\"Organization\",\"@id\":\"https:\/\/aepetba.org.br\/v1\/#organization\",\"name\":\"AEPET N\u00facleo Bahia\",\"url\":\"https:\/\/aepetba.org.br\/v1\/\",\"sameAs\":[\"https:\/\/www.instagram.com\/aepetbahia\/\",\"https:\/\/www.youtube.com\/c\/AEPETBAHIA\",\"https:\/\/web.facebook.com\/aepetba\",\"https:\/\/twitter.com\/aepetbahia\"],\"logo\":{\"@type\":\"ImageObject\",\"inLanguage\":\"pt-BR\",\"@id\":\"https:\/\/aepetba.org.br\/v1\/#\/schema\/logo\/image\/\",\"url\":\"https:\/\/aepetba.org.br\/v1\/wp-content\/uploads\/revslider\/home\/logo-AEPETBA.png\",\"contentUrl\":\"https:\/\/aepetba.org.br\/v1\/wp-content\/uploads\/revslider\/home\/logo-AEPETBA.png\",\"width\":297,\"height\":86,\"caption\":\"AEPET N\u00facleo Bahia\"},\"image\":{\"@id\":\"https:\/\/aepetba.org.br\/v1\/#\/schema\/logo\/image\/\"}},{\"@type\":\"WebSite\",\"@id\":\"https:\/\/aepetba.org.br\/v1\/#website\",\"url\":\"https:\/\/aepetba.org.br\/v1\/\",\"name\":\"AEPET N\u00daCLEO BAHIA\",\"description\":\"Associa\u00e7\u00e3o dos Engenheiros da Petrobr\u00e1s N\u00facleo Bahia Petr\u00f3leo Bahia Salvador Nordeste \",\"publisher\":{\"@id\":\"https:\/\/aepetba.org.br\/v1\/#organization\"},\"potentialAction\":[{\"@type\":\"SearchAction\",\"target\":{\"@type\":\"EntryPoint\",\"urlTemplate\":\"https:\/\/aepetba.org.br\/v1\/?s={search_term_string}\"},\"query-input\":\"required name=search_term_string\"}],\"inLanguage\":\"pt-BR\"},{\"@type\":\"ImageObject\",\"inLanguage\":\"pt-BR\",\"@id\":\"https:\/\/aepetba.org.br\/v1\/morte-na-rlam-suicidio-de-petroleiro-foi-motivado-pelas-condicoes-de-trabalho-conclui-investigacao\/#primaryimage\",\"url\":\"https:\/\/aepetba.org.br\/v1\/wp-content\/uploads\/2021\/07\/Materia-Morte-na-RLAM-suicidio-de-petroleiro-foi-motivado-pelas-condicoes-de-trabalho-conclui-investigacao-petroleo-bahia-Aepet-ba.jpg\",\"contentUrl\":\"https:\/\/aepetba.org.br\/v1\/wp-content\/uploads\/2021\/07\/Materia-Morte-na-RLAM-suicidio-de-petroleiro-foi-motivado-pelas-condicoes-de-trabalho-conclui-investigacao-petroleo-bahia-Aepet-ba.jpg\",\"width\":1080,\"height\":906},{\"@type\":\"WebPage\",\"@id\":\"https:\/\/aepetba.org.br\/v1\/morte-na-rlam-suicidio-de-petroleiro-foi-motivado-pelas-condicoes-de-trabalho-conclui-investigacao\/\",\"url\":\"https:\/\/aepetba.org.br\/v1\/morte-na-rlam-suicidio-de-petroleiro-foi-motivado-pelas-condicoes-de-trabalho-conclui-investigacao\/\",\"name\":\"Morte na RLAM: suic\u00eddio de petroleiro foi motivado pelas condi\u00e7\u00f5es de trabalho conclui investiga\u00e7\u00e3o - AEPET N\u00daCLEO BAHIA\",\"isPartOf\":{\"@id\":\"https:\/\/aepetba.org.br\/v1\/#website\"},\"primaryImageOfPage\":{\"@id\":\"https:\/\/aepetba.org.br\/v1\/morte-na-rlam-suicidio-de-petroleiro-foi-motivado-pelas-condicoes-de-trabalho-conclui-investigacao\/#primaryimage\"},\"datePublished\":\"2021-07-07T20:30:38+00:00\",\"dateModified\":\"2021-07-07T20:30:38+00:00\",\"breadcrumb\":{\"@id\":\"https:\/\/aepetba.org.br\/v1\/morte-na-rlam-suicidio-de-petroleiro-foi-motivado-pelas-condicoes-de-trabalho-conclui-investigacao\/#breadcrumb\"},\"inLanguage\":\"pt-BR\",\"potentialAction\":[{\"@type\":\"ReadAction\",\"target\":[\"https:\/\/aepetba.org.br\/v1\/morte-na-rlam-suicidio-de-petroleiro-foi-motivado-pelas-condicoes-de-trabalho-conclui-investigacao\/\"]}]},{\"@type\":\"BreadcrumbList\",\"@id\":\"https:\/\/aepetba.org.br\/v1\/morte-na-rlam-suicidio-de-petroleiro-foi-motivado-pelas-condicoes-de-trabalho-conclui-investigacao\/#breadcrumb\",\"itemListElement\":[{\"@type\":\"ListItem\",\"position\":1,\"name\":\"In\u00edcio\",\"item\":\"https:\/\/aepetba.org.br\/v1\/\"},{\"@type\":\"ListItem\",\"position\":2,\"name\":\"Morte na RLAM: suic\u00eddio de petroleiro foi motivado pelas condi\u00e7\u00f5es de trabalho conclui investiga\u00e7\u00e3o\"}]},{\"@type\":\"Article\",\"@id\":\"https:\/\/aepetba.org.br\/v1\/morte-na-rlam-suicidio-de-petroleiro-foi-motivado-pelas-condicoes-de-trabalho-conclui-investigacao\/#article\",\"isPartOf\":{\"@id\":\"https:\/\/aepetba.org.br\/v1\/morte-na-rlam-suicidio-de-petroleiro-foi-motivado-pelas-condicoes-de-trabalho-conclui-investigacao\/\"},\"author\":{\"name\":\"AEPETBA\",\"@id\":\"https:\/\/aepetba.org.br\/v1\/#\/schema\/person\/3504208f89f3f50e1526867ebb573b88\"},\"headline\":\"Morte na RLAM: suic\u00eddio de petroleiro foi motivado pelas condi\u00e7\u00f5es de trabalho conclui investiga\u00e7\u00e3o\",\"datePublished\":\"2021-07-07T20:30:38+00:00\",\"dateModified\":\"2021-07-07T20:30:38+00:00\",\"mainEntityOfPage\":{\"@id\":\"https:\/\/aepetba.org.br\/v1\/morte-na-rlam-suicidio-de-petroleiro-foi-motivado-pelas-condicoes-de-trabalho-conclui-investigacao\/\"},\"wordCount\":1313,\"publisher\":{\"@id\":\"https:\/\/aepetba.org.br\/v1\/#organization\"},\"image\":{\"@id\":\"https:\/\/aepetba.org.br\/v1\/morte-na-rlam-suicidio-de-petroleiro-foi-motivado-pelas-condicoes-de-trabalho-conclui-investigacao\/#primaryimage\"},\"thumbnailUrl\":\"https:\/\/aepetba.org.br\/v1\/wp-content\/uploads\/2021\/07\/Materia-Morte-na-RLAM-suicidio-de-petroleiro-foi-motivado-pelas-condicoes-de-trabalho-conclui-investigacao-petroleo-bahia-Aepet-ba.jpg\",\"keywords\":[\"Petrobr\u00e1s\",\"RLAM\",\"Suic\u00eddio\"],\"articleSection\":[\"Destaque\",\"Not\u00edcias\"],\"inLanguage\":\"pt-BR\"},{\"@type\":\"Person\",\"@id\":\"https:\/\/aepetba.org.br\/v1\/#\/schema\/person\/3504208f89f3f50e1526867ebb573b88\",\"name\":\"AEPETBA\",\"image\":{\"@type\":\"ImageObject\",\"inLanguage\":\"pt-BR\",\"@id\":\"https:\/\/aepetba.org.br\/v1\/#\/schema\/person\/image\/\",\"url\":\"https:\/\/secure.gravatar.com\/avatar\/3e6e1bf98c38137fc6b937d21e974714?s=96&d=mm&r=g\",\"contentUrl\":\"https:\/\/secure.gravatar.com\/avatar\/3e6e1bf98c38137fc6b937d21e974714?s=96&d=mm&r=g\",\"caption\":\"AEPETBA\"},\"sameAs\":[\"http:\/\/aepetba.org.br\/v1\"],\"url\":\"https:\/\/aepetba.org.br\/v1\/author\/lubconsultoria\/\"}]}<\/script>\n<!-- \/ Yoast SEO plugin. -->","yoast_head_json":{"title":"Morte na RLAM: suic\u00eddio de petroleiro foi motivado pelas condi\u00e7\u00f5es de trabalho conclui investiga\u00e7\u00e3o - AEPET N\u00daCLEO BAHIA","robots":{"index":"index","follow":"follow","max-snippet":"max-snippet:-1","max-image-preview":"max-image-preview:large","max-video-preview":"max-video-preview:-1"},"canonical":"https:\/\/aepetba.org.br\/v1\/morte-na-rlam-suicidio-de-petroleiro-foi-motivado-pelas-condicoes-de-trabalho-conclui-investigacao\/","og_locale":"pt_BR","og_type":"article","og_title":"Morte na RLAM: suic\u00eddio de petroleiro foi motivado pelas condi\u00e7\u00f5es de trabalho conclui investiga\u00e7\u00e3o - AEPET N\u00daCLEO BAHIA","og_description":"A Refinaria Landulpho Alves (RLAM), na Bahia, foi atuada pela morte por suic\u00eddio, de um trabalhador ocorrido no dia 22 de setembro do ano passado, nas depend\u00eancias da Unidade de Desoleifica\u00e7\u00e3o a Propano (atual U-13).\u00a0 A penalidade decorre das conclus\u00f5es...","og_url":"https:\/\/aepetba.org.br\/v1\/morte-na-rlam-suicidio-de-petroleiro-foi-motivado-pelas-condicoes-de-trabalho-conclui-investigacao\/","og_site_name":"AEPET N\u00daCLEO BAHIA","article_publisher":"https:\/\/web.facebook.com\/aepetba","article_published_time":"2021-07-07T20:30:38+00:00","og_image":[{"width":1080,"height":906,"url":"https:\/\/aepetba.org.br\/v1\/wp-content\/uploads\/2021\/07\/Materia-Morte-na-RLAM-suicidio-de-petroleiro-foi-motivado-pelas-condicoes-de-trabalho-conclui-investigacao-petroleo-bahia-Aepet-ba.jpg","type":"image\/jpeg"}],"author":"AEPETBA","twitter_card":"summary_large_image","twitter_creator":"@aepetbahia","twitter_site":"@aepetbahia","twitter_misc":{"Escrito por":"AEPETBA","Est. tempo de leitura":"6 minutos"},"schema":{"@context":"https:\/\/schema.org","@graph":[{"@type":"Organization","@id":"https:\/\/aepetba.org.br\/v1\/#organization","name":"AEPET N\u00facleo Bahia","url":"https:\/\/aepetba.org.br\/v1\/","sameAs":["https:\/\/www.instagram.com\/aepetbahia\/","https:\/\/www.youtube.com\/c\/AEPETBAHIA","https:\/\/web.facebook.com\/aepetba","https:\/\/twitter.com\/aepetbahia"],"logo":{"@type":"ImageObject","inLanguage":"pt-BR","@id":"https:\/\/aepetba.org.br\/v1\/#\/schema\/logo\/image\/","url":"https:\/\/aepetba.org.br\/v1\/wp-content\/uploads\/revslider\/home\/logo-AEPETBA.png","contentUrl":"https:\/\/aepetba.org.br\/v1\/wp-content\/uploads\/revslider\/home\/logo-AEPETBA.png","width":297,"height":86,"caption":"AEPET N\u00facleo Bahia"},"image":{"@id":"https:\/\/aepetba.org.br\/v1\/#\/schema\/logo\/image\/"}},{"@type":"WebSite","@id":"https:\/\/aepetba.org.br\/v1\/#website","url":"https:\/\/aepetba.org.br\/v1\/","name":"AEPET N\u00daCLEO BAHIA","description":"Associa\u00e7\u00e3o dos Engenheiros da Petrobr\u00e1s N\u00facleo Bahia Petr\u00f3leo Bahia Salvador Nordeste ","publisher":{"@id":"https:\/\/aepetba.org.br\/v1\/#organization"},"potentialAction":[{"@type":"SearchAction","target":{"@type":"EntryPoint","urlTemplate":"https:\/\/aepetba.org.br\/v1\/?s={search_term_string}"},"query-input":"required name=search_term_string"}],"inLanguage":"pt-BR"},{"@type":"ImageObject","inLanguage":"pt-BR","@id":"https:\/\/aepetba.org.br\/v1\/morte-na-rlam-suicidio-de-petroleiro-foi-motivado-pelas-condicoes-de-trabalho-conclui-investigacao\/#primaryimage","url":"https:\/\/aepetba.org.br\/v1\/wp-content\/uploads\/2021\/07\/Materia-Morte-na-RLAM-suicidio-de-petroleiro-foi-motivado-pelas-condicoes-de-trabalho-conclui-investigacao-petroleo-bahia-Aepet-ba.jpg","contentUrl":"https:\/\/aepetba.org.br\/v1\/wp-content\/uploads\/2021\/07\/Materia-Morte-na-RLAM-suicidio-de-petroleiro-foi-motivado-pelas-condicoes-de-trabalho-conclui-investigacao-petroleo-bahia-Aepet-ba.jpg","width":1080,"height":906},{"@type":"WebPage","@id":"https:\/\/aepetba.org.br\/v1\/morte-na-rlam-suicidio-de-petroleiro-foi-motivado-pelas-condicoes-de-trabalho-conclui-investigacao\/","url":"https:\/\/aepetba.org.br\/v1\/morte-na-rlam-suicidio-de-petroleiro-foi-motivado-pelas-condicoes-de-trabalho-conclui-investigacao\/","name":"Morte na RLAM: suic\u00eddio de petroleiro foi motivado pelas condi\u00e7\u00f5es de trabalho conclui investiga\u00e7\u00e3o - AEPET N\u00daCLEO BAHIA","isPartOf":{"@id":"https:\/\/aepetba.org.br\/v1\/#website"},"primaryImageOfPage":{"@id":"https:\/\/aepetba.org.br\/v1\/morte-na-rlam-suicidio-de-petroleiro-foi-motivado-pelas-condicoes-de-trabalho-conclui-investigacao\/#primaryimage"},"datePublished":"2021-07-07T20:30:38+00:00","dateModified":"2021-07-07T20:30:38+00:00","breadcrumb":{"@id":"https:\/\/aepetba.org.br\/v1\/morte-na-rlam-suicidio-de-petroleiro-foi-motivado-pelas-condicoes-de-trabalho-conclui-investigacao\/#breadcrumb"},"inLanguage":"pt-BR","potentialAction":[{"@type":"ReadAction","target":["https:\/\/aepetba.org.br\/v1\/morte-na-rlam-suicidio-de-petroleiro-foi-motivado-pelas-condicoes-de-trabalho-conclui-investigacao\/"]}]},{"@type":"BreadcrumbList","@id":"https:\/\/aepetba.org.br\/v1\/morte-na-rlam-suicidio-de-petroleiro-foi-motivado-pelas-condicoes-de-trabalho-conclui-investigacao\/#breadcrumb","itemListElement":[{"@type":"ListItem","position":1,"name":"In\u00edcio","item":"https:\/\/aepetba.org.br\/v1\/"},{"@type":"ListItem","position":2,"name":"Morte na RLAM: suic\u00eddio de petroleiro foi motivado pelas condi\u00e7\u00f5es de trabalho conclui investiga\u00e7\u00e3o"}]},{"@type":"Article","@id":"https:\/\/aepetba.org.br\/v1\/morte-na-rlam-suicidio-de-petroleiro-foi-motivado-pelas-condicoes-de-trabalho-conclui-investigacao\/#article","isPartOf":{"@id":"https:\/\/aepetba.org.br\/v1\/morte-na-rlam-suicidio-de-petroleiro-foi-motivado-pelas-condicoes-de-trabalho-conclui-investigacao\/"},"author":{"name":"AEPETBA","@id":"https:\/\/aepetba.org.br\/v1\/#\/schema\/person\/3504208f89f3f50e1526867ebb573b88"},"headline":"Morte na RLAM: suic\u00eddio de petroleiro foi motivado pelas condi\u00e7\u00f5es de trabalho conclui investiga\u00e7\u00e3o","datePublished":"2021-07-07T20:30:38+00:00","dateModified":"2021-07-07T20:30:38+00:00","mainEntityOfPage":{"@id":"https:\/\/aepetba.org.br\/v1\/morte-na-rlam-suicidio-de-petroleiro-foi-motivado-pelas-condicoes-de-trabalho-conclui-investigacao\/"},"wordCount":1313,"publisher":{"@id":"https:\/\/aepetba.org.br\/v1\/#organization"},"image":{"@id":"https:\/\/aepetba.org.br\/v1\/morte-na-rlam-suicidio-de-petroleiro-foi-motivado-pelas-condicoes-de-trabalho-conclui-investigacao\/#primaryimage"},"thumbnailUrl":"https:\/\/aepetba.org.br\/v1\/wp-content\/uploads\/2021\/07\/Materia-Morte-na-RLAM-suicidio-de-petroleiro-foi-motivado-pelas-condicoes-de-trabalho-conclui-investigacao-petroleo-bahia-Aepet-ba.jpg","keywords":["Petrobr\u00e1s","RLAM","Suic\u00eddio"],"articleSection":["Destaque","Not\u00edcias"],"inLanguage":"pt-BR"},{"@type":"Person","@id":"https:\/\/aepetba.org.br\/v1\/#\/schema\/person\/3504208f89f3f50e1526867ebb573b88","name":"AEPETBA","image":{"@type":"ImageObject","inLanguage":"pt-BR","@id":"https:\/\/aepetba.org.br\/v1\/#\/schema\/person\/image\/","url":"https:\/\/secure.gravatar.com\/avatar\/3e6e1bf98c38137fc6b937d21e974714?s=96&d=mm&r=g","contentUrl":"https:\/\/secure.gravatar.com\/avatar\/3e6e1bf98c38137fc6b937d21e974714?s=96&d=mm&r=g","caption":"AEPETBA"},"sameAs":["http:\/\/aepetba.org.br\/v1"],"url":"https:\/\/aepetba.org.br\/v1\/author\/lubconsultoria\/"}]}},"_links":{"self":[{"href":"https:\/\/aepetba.org.br\/v1\/wp-json\/wp\/v2\/posts\/36311"}],"collection":[{"href":"https:\/\/aepetba.org.br\/v1\/wp-json\/wp\/v2\/posts"}],"about":[{"href":"https:\/\/aepetba.org.br\/v1\/wp-json\/wp\/v2\/types\/post"}],"author":[{"embeddable":true,"href":"https:\/\/aepetba.org.br\/v1\/wp-json\/wp\/v2\/users\/1"}],"replies":[{"embeddable":true,"href":"https:\/\/aepetba.org.br\/v1\/wp-json\/wp\/v2\/comments?post=36311"}],"version-history":[{"count":1,"href":"https:\/\/aepetba.org.br\/v1\/wp-json\/wp\/v2\/posts\/36311\/revisions"}],"predecessor-version":[{"id":36313,"href":"https:\/\/aepetba.org.br\/v1\/wp-json\/wp\/v2\/posts\/36311\/revisions\/36313"}],"wp:featuredmedia":[{"embeddable":true,"href":"https:\/\/aepetba.org.br\/v1\/wp-json\/wp\/v2\/media\/36312"}],"wp:attachment":[{"href":"https:\/\/aepetba.org.br\/v1\/wp-json\/wp\/v2\/media?parent=36311"}],"wp:term":[{"taxonomy":"category","embeddable":true,"href":"https:\/\/aepetba.org.br\/v1\/wp-json\/wp\/v2\/categories?post=36311"},{"taxonomy":"post_tag","embeddable":true,"href":"https:\/\/aepetba.org.br\/v1\/wp-json\/wp\/v2\/tags?post=36311"}],"curies":[{"name":"wp","href":"https:\/\/api.w.org\/{rel}","templated":true}]}}