{"id":36463,"date":"2021-08-06T14:28:32","date_gmt":"2021-08-06T17:28:32","guid":{"rendered":"https:\/\/aepetba.org.br\/v1\/?p=36463"},"modified":"2023-02-09T08:51:40","modified_gmt":"2023-02-09T11:51:40","slug":"camara-aprova-texto-base-de-projeto-que-autoriza-privatizacao-dos-correios","status":"publish","type":"post","link":"https:\/\/aepetba.org.br\/v1\/camara-aprova-texto-base-de-projeto-que-autoriza-privatizacao-dos-correios\/","title":{"rendered":"C\u00e2mara aprova texto-base de projeto que autoriza privatiza\u00e7\u00e3o dos Correios"},"content":{"rendered":"<p><span style=\"font-weight: 400;\">Foi aprovado nesta quinta-feira (05\/08) pela C\u00e2mara dos Deputados, por 286 votos a 173, o texto-base do Projeto de Lei 591\/21, do Poder Executivo, que abre caminho para a privatiza\u00e7\u00e3o dos Correios. Os deputados precisam analisar agora os destaques apresentados pelos partidos na tentativa de mudar trechos do texto.<\/span><\/p>\n<p><span style=\"font-weight: 400;\">Segundo o substitutivo apresentado pelo relator, deputado Gil Cutrim (Republicanos-MA), a empresa que comprar os Correios ter\u00e1 exclusividade m\u00ednima de cinco anos sobre os servi\u00e7os postais, ou seja, carta, cart\u00e3o postal, telegrama e demais correspond\u00eancias, podendo o contrato de concess\u00e3o estipular prazo superior.<\/span><\/p>\n<p><span style=\"font-weight: 400;\">A Federa\u00e7\u00e3o Nacional dos Trabalhadores em Empresas de Correios e Tel\u00e9grafos e Similares (Fentect) atuou junto aos parlamentares para evitar a privatiza\u00e7\u00e3o, que coloca em risco o emprego de mais 90 mil trabalhadores da estatal e prejudica o povo brasileiro. Al\u00e9m da entrega de cartas e encomendas, os Correios prestam v\u00e1rios servi\u00e7os \u00e0 popula\u00e7\u00e3o em suas ag\u00eancias, entre eles, emiss\u00e3o, regulariza\u00e7\u00e3o e altera\u00e7\u00e3o de CPF e de certificado digital; e entrada no seguro por acidente de tr\u00e2nsito (DPVAT).<\/span><\/p>\n<p><span style=\"font-weight: 400;\">Al\u00e9m disso, s\u00f3 nos \u00faltimos 20 anos a estatal deu lucro de R$ 12 bilh\u00f5es e repassou \u00e0 Uni\u00e3o 73% (R$ 8,76 bi); ganhou pr\u00eamios de efici\u00eancia e \u00e9 a \u00fanica empresa brasileira que consegue integrar toda as regi\u00f5es do pa\u00eds, onde tem um grande papel social.<\/span><\/p>\n<p><span style=\"font-weight: 400;\">O pronunciamento em rede nacional de r\u00e1dio e TV, na segunda-feira (2), do ministro das Comunica\u00e7\u00f5es, F\u00e1bio Fartia (PSD-RN), que mentiu ao dizer que a privatiza\u00e7\u00e3o da estatal \u201c\u00e9 a \u00faltima oportunidade de garantir a sobreviv\u00eancia dos Correios&#8221;, foi a senha para os aliados do presidente aprovarem o projeto que \u00e9 ruim para o Brasil e para os brasileiros.<\/span><\/p>\n<p><span style=\"font-weight: 400;\">Ao contr\u00e1rio do que disse o ministro, o desempenho dos Correios em retorno sobre o patrim\u00f4nio l\u00edquido (69,5%), foi o terceiro maior das estatais, \u00e0 frente da Caixa (37%), do Banco do Brasil (18,1%), do BNDES (16,9%), da Eletrobras (15,1%) e da Petrobras (13,6%), segundo o \u00faltimo Boletim das Participa\u00e7\u00f5es Societ\u00e1rias da Uni\u00e3o, com dados de 2018. Mas todo este patrim\u00f4nio p\u00fablico est\u00e1 sendo vilipendiado pelo governo Bolsonaro.<\/span><\/p>\n<h2><strong>Confira aqui os 18 motivos apontados pela Fentect para n\u00e3o privatizar os Correios<\/strong><\/h2>\n<p><span style=\"font-weight: 400;\">1 \u2013 Os Correios tiveram em 2020 lucro bilion\u00e1rio estimado em R$ 1,5 bilh\u00e3o! Entre os anos de 2017 e 2019 foram mais de R$ 930 milh\u00f5es de lucro!<\/span><\/p>\n<p><span style=\"font-weight: 400;\">2 &#8211; Os Correios foram escolhidos como preferido para entregas na Black Friday, com um incremento de 13% no volume de encomendas em rela\u00e7\u00e3o ao ano anterior. Foram 2,2 milh\u00f5es de envios em apenas um dia.<\/span><\/p>\n<p><span style=\"font-weight: 400;\">3 &#8211; Os Correios apoiam os micros e pequenos empreendedores. De acordo com pesquisa da Loja Integrada, mais de oito entre dez varejistas online de pequeno e m\u00e9dio porte escolhem os Correios como fonte principal dos fretes aos clientes.<\/span><\/p>\n<p><span style=\"font-weight: 400;\">4 &#8211; Os Correios s\u00e3o premiados e reconhecidos mundialmente. Pela 4\u00aa vez, os Correios venceram o World Post &amp; Parcel Awards, o Oscar dos Correios de todo o mundo, e alcan\u00e7ou o primeiro lugar nas categorias Cross Border Growth, com o novo modelo de importa\u00e7\u00e3o pelo portal &#8220;Minhas Importa\u00e7\u00f5es&#8221;.<\/span><\/p>\n<p><span style=\"font-weight: 400;\">5 &#8211; H\u00e1 12 anos, a realiza\u00e7\u00e3o do Enem s\u00f3 acontece gra\u00e7as ao esfor\u00e7o dos trabalhadores dos Correios, que s\u00e3o respons\u00e1veis pela log\u00edstica e entrega das provas em toda as regi\u00f5es do pa\u00eds.<\/span><\/p>\n<p><span style=\"font-weight: 400;\">6 &#8211; No dia de aplica\u00e7\u00e3o do Enem, em apenas tr\u00eas horas, os trabalhadores dos Correios entregaram provas em mais de 15 mil locais.<\/span><\/p>\n<p><span style=\"font-weight: 400;\">7 &#8211;\u00a0 Os Correios s\u00e3o respons\u00e1veis pela entrega de livros e materiais did\u00e1ticos nas escolas p\u00fablicas de todo o Brasil!<\/span><\/p>\n<p><span style=\"font-weight: 400;\">8 &#8211; Os trabalhadores dos Correios distribu\u00edram, no ciclo 2020\/2021, 197 milh\u00f5es de livros did\u00e1ticos em todos os 5.570 munic\u00edpios do pa\u00eds atrav\u00e9s de uma megaopera\u00e7\u00e3o.<\/span><\/p>\n<p><span style=\"font-weight: 400;\">9 &#8211; No ciclo 2019\/2020, a empresa entregou mais de 90 mil toneladas de carga para 140 mil escolas. Gra\u00e7as a esse importante trabalho, os Correios receberam um Word Mail Awards, pr\u00eamio que identifica as organiza\u00e7\u00f5es com as melhores pr\u00e1ticas na ind\u00fastria global postal.<\/span><\/p>\n<p><span style=\"font-weight: 400;\">10 &#8211; Correios est\u00e3o em todas as regi\u00f5es do pa\u00eds, respons\u00e1veis por integrar o Brasil de norte \u00e0 sul!<\/span><\/p>\n<p><span style=\"font-weight: 400;\">11 &#8211; Os Correios s\u00e3o a \u00fanica empresa que tem capacidade de realizar a capta\u00e7\u00e3o, tratamento, distribui\u00e7\u00e3o e entrega de encomendas em mais de 5.500 munic\u00edpios do Brasil. A empresa est\u00e1 em todas as regi\u00f5es do pa\u00eds!<\/span><\/p>\n<p><span style=\"font-weight: 400;\">12 &#8211; Os Correios s\u00e3o umas das maiores empresas postais do mundo.<\/span><\/p>\n<p><span style=\"font-weight: 400;\">13- A empresa entrega, mensalmente, cerca de meio bilh\u00e3o de objetos postais, sendo 25 milh\u00f5es de encomendas. S\u00e3o mais de 25 mil ve\u00edculos, 1.500 linhas terrestres e 11 linhas a\u00e9reas em opera\u00e7\u00e3o de norte a sul no Brasil.<\/span><\/p>\n<p><span style=\"font-weight: 400;\">14 &#8211; Os trabalhadores dos Correios est\u00e3o espalhados em aproximadamente 15 mil unidades pr\u00f3prias, entre ag\u00eancias, centros de distribui\u00e7\u00e3o, tratamento e log\u00edstica, e contam com aproximadamente 99 mil trabalhadores (87% em fun\u00e7\u00f5es operacionais e 13% administrativas), desses 55,6 mil carteiros.<\/span><\/p>\n<p><span style=\"font-weight: 400;\">15 &#8211; Servi\u00e7o postal universal \u00e9 uma garantia constitucional.<\/span><\/p>\n<p><span style=\"font-weight: 400;\">16 &#8211; Os Correios cumprem um papel essencial para a popula\u00e7\u00e3o. \u00c9 a empresa que garante a universaliza\u00e7\u00e3o dos servi\u00e7os postais, sendo um direito amparado pela Constitui\u00e7\u00e3o Federal.<\/span><\/p>\n<p><span style=\"font-weight: 400;\">17 &#8211; Correios empregam quase 100 mil trabalhadores em todo o Brasil. A privatiza\u00e7\u00e3o da estatal significar\u00e1, al\u00e9m de grande preju\u00edzo ao povo brasileiro, aumenta de desemprego em grave crise econ\u00f4mica e social que j\u00e1 vivemos.<\/span><\/p>\n<p><span style=\"font-weight: 400;\">18 &#8211; Os Correios est\u00e3o presentes em todas as regi\u00f5es do Brasil. Somente em 2020, os Correios entregaram 343 milh\u00f5es de encomendas. S\u00e3o 28 milh\u00f5es de encomendas\/m\u00eas e 1,3 milh\u00e3o de encomendas\/dia.<\/span><\/p>\n<p><span style=\"font-weight: 400;\">\u00c9 com indigna\u00e7\u00e3o e revolta que a AEPET-BA acompanha o processo de privatiza\u00e7\u00e3o dos Correios, considerada uma das melhores empresas do mundo.<\/span><\/p>\n<p><span style=\"font-weight: 400;\">(Com informa\u00e7\u00f5es da Ag\u00eancia C\u00e2mara de Not\u00edcias e CUT)<\/span><\/p>\n","protected":false},"excerpt":{"rendered":"<p>Foi aprovado nesta quinta-feira (05\/08) pela C\u00e2mara dos Deputados, por 286 votos a 173, o texto-base do Projeto de Lei 591\/21, do Poder Executivo, que abre caminho para a privatiza\u00e7\u00e3o dos Correios. Os deputados precisam analisar agora os destaques apresentados&#8230;<\/p>\n","protected":false},"author":1,"featured_media":36464,"comment_status":"closed","ping_status":"closed","sticky":false,"template":"","format":"standard","meta":[],"categories":[87,211,10],"tags":[354,353],"yoast_head":"<!-- This site is optimized with the Yoast SEO plugin v19.3 - https:\/\/yoast.com\/wordpress\/plugins\/seo\/ -->\n<title>C\u00e2mara aprova texto-base de projeto que autoriza privatiza\u00e7\u00e3o dos Correios - AEPET N\u00daCLEO BAHIA<\/title>\n<meta name=\"robots\" content=\"index, follow, max-snippet:-1, max-image-preview:large, max-video-preview:-1\" \/>\n<link rel=\"canonical\" href=\"https:\/\/aepetba.org.br\/v1\/camara-aprova-texto-base-de-projeto-que-autoriza-privatizacao-dos-correios\/\" \/>\n<meta property=\"og:locale\" content=\"pt_BR\" \/>\n<meta property=\"og:type\" content=\"article\" \/>\n<meta property=\"og:title\" content=\"C\u00e2mara aprova texto-base de projeto que autoriza privatiza\u00e7\u00e3o dos Correios - AEPET N\u00daCLEO BAHIA\" \/>\n<meta property=\"og:description\" content=\"Foi aprovado nesta quinta-feira (05\/08) pela C\u00e2mara dos Deputados, por 286 votos a 173, o texto-base do Projeto de Lei 591\/21, do Poder Executivo, que abre caminho para a privatiza\u00e7\u00e3o dos Correios. Os deputados precisam analisar agora os destaques apresentados...\" \/>\n<meta property=\"og:url\" content=\"https:\/\/aepetba.org.br\/v1\/camara-aprova-texto-base-de-projeto-que-autoriza-privatizacao-dos-correios\/\" \/>\n<meta property=\"og:site_name\" content=\"AEPET N\u00daCLEO BAHIA\" \/>\n<meta property=\"article:publisher\" content=\"https:\/\/web.facebook.com\/aepetba\" \/>\n<meta property=\"article:published_time\" content=\"2021-08-06T17:28:32+00:00\" \/>\n<meta property=\"article:modified_time\" content=\"2023-02-09T11:51:40+00:00\" \/>\n<meta property=\"og:image\" content=\"https:\/\/aepetba.org.br\/v1\/wp-content\/uploads\/2021\/08\/Materia-Camara-aprova-texto-base-de-projeto-que-autoriza-privatizacao-dos-Correios-contra-privatizacao-Aepet-ba.jpg\" \/>\n\t<meta property=\"og:image:width\" content=\"1079\" \/>\n\t<meta property=\"og:image:height\" content=\"908\" \/>\n\t<meta property=\"og:image:type\" content=\"image\/jpeg\" \/>\n<meta name=\"author\" content=\"AEPETBA\" \/>\n<meta name=\"twitter:card\" content=\"summary_large_image\" \/>\n<meta name=\"twitter:creator\" content=\"@aepetbahia\" \/>\n<meta name=\"twitter:site\" content=\"@aepetbahia\" \/>\n<meta name=\"twitter:label1\" content=\"Escrito por\" \/>\n\t<meta name=\"twitter:data1\" content=\"AEPETBA\" \/>\n\t<meta name=\"twitter:label2\" content=\"Est. tempo de leitura\" \/>\n\t<meta name=\"twitter:data2\" content=\"6 minutos\" \/>\n<script type=\"application\/ld+json\" class=\"yoast-schema-graph\">{\"@context\":\"https:\/\/schema.org\",\"@graph\":[{\"@type\":\"Organization\",\"@id\":\"https:\/\/aepetba.org.br\/v1\/#organization\",\"name\":\"AEPET N\u00facleo Bahia\",\"url\":\"https:\/\/aepetba.org.br\/v1\/\",\"sameAs\":[\"https:\/\/www.instagram.com\/aepetbahia\/\",\"https:\/\/www.youtube.com\/c\/AEPETBAHIA\",\"https:\/\/web.facebook.com\/aepetba\",\"https:\/\/twitter.com\/aepetbahia\"],\"logo\":{\"@type\":\"ImageObject\",\"inLanguage\":\"pt-BR\",\"@id\":\"https:\/\/aepetba.org.br\/v1\/#\/schema\/logo\/image\/\",\"url\":\"https:\/\/aepetba.org.br\/v1\/wp-content\/uploads\/revslider\/home\/logo-AEPETBA.png\",\"contentUrl\":\"https:\/\/aepetba.org.br\/v1\/wp-content\/uploads\/revslider\/home\/logo-AEPETBA.png\",\"width\":297,\"height\":86,\"caption\":\"AEPET N\u00facleo Bahia\"},\"image\":{\"@id\":\"https:\/\/aepetba.org.br\/v1\/#\/schema\/logo\/image\/\"}},{\"@type\":\"WebSite\",\"@id\":\"https:\/\/aepetba.org.br\/v1\/#website\",\"url\":\"https:\/\/aepetba.org.br\/v1\/\",\"name\":\"AEPET N\u00daCLEO BAHIA\",\"description\":\"Associa\u00e7\u00e3o dos Engenheiros da Petrobr\u00e1s N\u00facleo Bahia Petr\u00f3leo Bahia Salvador Nordeste \",\"publisher\":{\"@id\":\"https:\/\/aepetba.org.br\/v1\/#organization\"},\"potentialAction\":[{\"@type\":\"SearchAction\",\"target\":{\"@type\":\"EntryPoint\",\"urlTemplate\":\"https:\/\/aepetba.org.br\/v1\/?s={search_term_string}\"},\"query-input\":\"required name=search_term_string\"}],\"inLanguage\":\"pt-BR\"},{\"@type\":\"ImageObject\",\"inLanguage\":\"pt-BR\",\"@id\":\"https:\/\/aepetba.org.br\/v1\/camara-aprova-texto-base-de-projeto-que-autoriza-privatizacao-dos-correios\/#primaryimage\",\"url\":\"https:\/\/aepetba.org.br\/v1\/wp-content\/uploads\/2021\/08\/Materia-Camara-aprova-texto-base-de-projeto-que-autoriza-privatizacao-dos-Correios-contra-privatizacao-Aepet-ba.jpg\",\"contentUrl\":\"https:\/\/aepetba.org.br\/v1\/wp-content\/uploads\/2021\/08\/Materia-Camara-aprova-texto-base-de-projeto-que-autoriza-privatizacao-dos-Correios-contra-privatizacao-Aepet-ba.jpg\",\"width\":1079,\"height\":908},{\"@type\":\"WebPage\",\"@id\":\"https:\/\/aepetba.org.br\/v1\/camara-aprova-texto-base-de-projeto-que-autoriza-privatizacao-dos-correios\/\",\"url\":\"https:\/\/aepetba.org.br\/v1\/camara-aprova-texto-base-de-projeto-que-autoriza-privatizacao-dos-correios\/\",\"name\":\"C\u00e2mara aprova texto-base de projeto que autoriza privatiza\u00e7\u00e3o dos Correios - AEPET N\u00daCLEO BAHIA\",\"isPartOf\":{\"@id\":\"https:\/\/aepetba.org.br\/v1\/#website\"},\"primaryImageOfPage\":{\"@id\":\"https:\/\/aepetba.org.br\/v1\/camara-aprova-texto-base-de-projeto-que-autoriza-privatizacao-dos-correios\/#primaryimage\"},\"datePublished\":\"2021-08-06T17:28:32+00:00\",\"dateModified\":\"2023-02-09T11:51:40+00:00\",\"breadcrumb\":{\"@id\":\"https:\/\/aepetba.org.br\/v1\/camara-aprova-texto-base-de-projeto-que-autoriza-privatizacao-dos-correios\/#breadcrumb\"},\"inLanguage\":\"pt-BR\",\"potentialAction\":[{\"@type\":\"ReadAction\",\"target\":[\"https:\/\/aepetba.org.br\/v1\/camara-aprova-texto-base-de-projeto-que-autoriza-privatizacao-dos-correios\/\"]}]},{\"@type\":\"BreadcrumbList\",\"@id\":\"https:\/\/aepetba.org.br\/v1\/camara-aprova-texto-base-de-projeto-que-autoriza-privatizacao-dos-correios\/#breadcrumb\",\"itemListElement\":[{\"@type\":\"ListItem\",\"position\":1,\"name\":\"In\u00edcio\",\"item\":\"https:\/\/aepetba.org.br\/v1\/\"},{\"@type\":\"ListItem\",\"position\":2,\"name\":\"C\u00e2mara aprova texto-base de projeto que autoriza privatiza\u00e7\u00e3o dos Correios\"}]},{\"@type\":\"Article\",\"@id\":\"https:\/\/aepetba.org.br\/v1\/camara-aprova-texto-base-de-projeto-que-autoriza-privatizacao-dos-correios\/#article\",\"isPartOf\":{\"@id\":\"https:\/\/aepetba.org.br\/v1\/camara-aprova-texto-base-de-projeto-que-autoriza-privatizacao-dos-correios\/\"},\"author\":{\"name\":\"AEPETBA\",\"@id\":\"https:\/\/aepetba.org.br\/v1\/#\/schema\/person\/3504208f89f3f50e1526867ebb573b88\"},\"headline\":\"C\u00e2mara aprova texto-base de projeto que autoriza privatiza\u00e7\u00e3o dos Correios\",\"datePublished\":\"2021-08-06T17:28:32+00:00\",\"dateModified\":\"2023-02-09T11:51:40+00:00\",\"mainEntityOfPage\":{\"@id\":\"https:\/\/aepetba.org.br\/v1\/camara-aprova-texto-base-de-projeto-que-autoriza-privatizacao-dos-correios\/\"},\"wordCount\":997,\"publisher\":{\"@id\":\"https:\/\/aepetba.org.br\/v1\/#organization\"},\"image\":{\"@id\":\"https:\/\/aepetba.org.br\/v1\/camara-aprova-texto-base-de-projeto-que-autoriza-privatizacao-dos-correios\/#primaryimage\"},\"thumbnailUrl\":\"https:\/\/aepetba.org.br\/v1\/wp-content\/uploads\/2021\/08\/Materia-Camara-aprova-texto-base-de-projeto-que-autoriza-privatizacao-dos-Correios-contra-privatizacao-Aepet-ba.jpg\",\"keywords\":[\"Bahia contra as Privatiza\u00e7\u00f5es\",\"Privatiza\u00e7\u00e3o Correiros\"],\"articleSection\":[\"Destaque\",\"Movimentos Sociais\",\"Not\u00edcias\"],\"inLanguage\":\"pt-BR\"},{\"@type\":\"Person\",\"@id\":\"https:\/\/aepetba.org.br\/v1\/#\/schema\/person\/3504208f89f3f50e1526867ebb573b88\",\"name\":\"AEPETBA\",\"image\":{\"@type\":\"ImageObject\",\"inLanguage\":\"pt-BR\",\"@id\":\"https:\/\/aepetba.org.br\/v1\/#\/schema\/person\/image\/\",\"url\":\"https:\/\/secure.gravatar.com\/avatar\/3e6e1bf98c38137fc6b937d21e974714?s=96&d=mm&r=g\",\"contentUrl\":\"https:\/\/secure.gravatar.com\/avatar\/3e6e1bf98c38137fc6b937d21e974714?s=96&d=mm&r=g\",\"caption\":\"AEPETBA\"},\"sameAs\":[\"http:\/\/aepetba.org.br\/v1\"],\"url\":\"https:\/\/aepetba.org.br\/v1\/author\/lubconsultoria\/\"}]}<\/script>\n<!-- \/ Yoast SEO plugin. -->","yoast_head_json":{"title":"C\u00e2mara aprova texto-base de projeto que autoriza privatiza\u00e7\u00e3o dos Correios - AEPET N\u00daCLEO BAHIA","robots":{"index":"index","follow":"follow","max-snippet":"max-snippet:-1","max-image-preview":"max-image-preview:large","max-video-preview":"max-video-preview:-1"},"canonical":"https:\/\/aepetba.org.br\/v1\/camara-aprova-texto-base-de-projeto-que-autoriza-privatizacao-dos-correios\/","og_locale":"pt_BR","og_type":"article","og_title":"C\u00e2mara aprova texto-base de projeto que autoriza privatiza\u00e7\u00e3o dos Correios - AEPET N\u00daCLEO BAHIA","og_description":"Foi aprovado nesta quinta-feira (05\/08) pela C\u00e2mara dos Deputados, por 286 votos a 173, o texto-base do Projeto de Lei 591\/21, do Poder Executivo, que abre caminho para a privatiza\u00e7\u00e3o dos Correios. Os deputados precisam analisar agora os destaques apresentados...","og_url":"https:\/\/aepetba.org.br\/v1\/camara-aprova-texto-base-de-projeto-que-autoriza-privatizacao-dos-correios\/","og_site_name":"AEPET N\u00daCLEO BAHIA","article_publisher":"https:\/\/web.facebook.com\/aepetba","article_published_time":"2021-08-06T17:28:32+00:00","article_modified_time":"2023-02-09T11:51:40+00:00","og_image":[{"width":1079,"height":908,"url":"https:\/\/aepetba.org.br\/v1\/wp-content\/uploads\/2021\/08\/Materia-Camara-aprova-texto-base-de-projeto-que-autoriza-privatizacao-dos-Correios-contra-privatizacao-Aepet-ba.jpg","type":"image\/jpeg"}],"author":"AEPETBA","twitter_card":"summary_large_image","twitter_creator":"@aepetbahia","twitter_site":"@aepetbahia","twitter_misc":{"Escrito por":"AEPETBA","Est. tempo de leitura":"6 minutos"},"schema":{"@context":"https:\/\/schema.org","@graph":[{"@type":"Organization","@id":"https:\/\/aepetba.org.br\/v1\/#organization","name":"AEPET N\u00facleo Bahia","url":"https:\/\/aepetba.org.br\/v1\/","sameAs":["https:\/\/www.instagram.com\/aepetbahia\/","https:\/\/www.youtube.com\/c\/AEPETBAHIA","https:\/\/web.facebook.com\/aepetba","https:\/\/twitter.com\/aepetbahia"],"logo":{"@type":"ImageObject","inLanguage":"pt-BR","@id":"https:\/\/aepetba.org.br\/v1\/#\/schema\/logo\/image\/","url":"https:\/\/aepetba.org.br\/v1\/wp-content\/uploads\/revslider\/home\/logo-AEPETBA.png","contentUrl":"https:\/\/aepetba.org.br\/v1\/wp-content\/uploads\/revslider\/home\/logo-AEPETBA.png","width":297,"height":86,"caption":"AEPET N\u00facleo Bahia"},"image":{"@id":"https:\/\/aepetba.org.br\/v1\/#\/schema\/logo\/image\/"}},{"@type":"WebSite","@id":"https:\/\/aepetba.org.br\/v1\/#website","url":"https:\/\/aepetba.org.br\/v1\/","name":"AEPET N\u00daCLEO BAHIA","description":"Associa\u00e7\u00e3o dos Engenheiros da Petrobr\u00e1s N\u00facleo Bahia Petr\u00f3leo Bahia Salvador Nordeste ","publisher":{"@id":"https:\/\/aepetba.org.br\/v1\/#organization"},"potentialAction":[{"@type":"SearchAction","target":{"@type":"EntryPoint","urlTemplate":"https:\/\/aepetba.org.br\/v1\/?s={search_term_string}"},"query-input":"required name=search_term_string"}],"inLanguage":"pt-BR"},{"@type":"ImageObject","inLanguage":"pt-BR","@id":"https:\/\/aepetba.org.br\/v1\/camara-aprova-texto-base-de-projeto-que-autoriza-privatizacao-dos-correios\/#primaryimage","url":"https:\/\/aepetba.org.br\/v1\/wp-content\/uploads\/2021\/08\/Materia-Camara-aprova-texto-base-de-projeto-que-autoriza-privatizacao-dos-Correios-contra-privatizacao-Aepet-ba.jpg","contentUrl":"https:\/\/aepetba.org.br\/v1\/wp-content\/uploads\/2021\/08\/Materia-Camara-aprova-texto-base-de-projeto-que-autoriza-privatizacao-dos-Correios-contra-privatizacao-Aepet-ba.jpg","width":1079,"height":908},{"@type":"WebPage","@id":"https:\/\/aepetba.org.br\/v1\/camara-aprova-texto-base-de-projeto-que-autoriza-privatizacao-dos-correios\/","url":"https:\/\/aepetba.org.br\/v1\/camara-aprova-texto-base-de-projeto-que-autoriza-privatizacao-dos-correios\/","name":"C\u00e2mara aprova texto-base de projeto que autoriza privatiza\u00e7\u00e3o dos Correios - AEPET N\u00daCLEO BAHIA","isPartOf":{"@id":"https:\/\/aepetba.org.br\/v1\/#website"},"primaryImageOfPage":{"@id":"https:\/\/aepetba.org.br\/v1\/camara-aprova-texto-base-de-projeto-que-autoriza-privatizacao-dos-correios\/#primaryimage"},"datePublished":"2021-08-06T17:28:32+00:00","dateModified":"2023-02-09T11:51:40+00:00","breadcrumb":{"@id":"https:\/\/aepetba.org.br\/v1\/camara-aprova-texto-base-de-projeto-que-autoriza-privatizacao-dos-correios\/#breadcrumb"},"inLanguage":"pt-BR","potentialAction":[{"@type":"ReadAction","target":["https:\/\/aepetba.org.br\/v1\/camara-aprova-texto-base-de-projeto-que-autoriza-privatizacao-dos-correios\/"]}]},{"@type":"BreadcrumbList","@id":"https:\/\/aepetba.org.br\/v1\/camara-aprova-texto-base-de-projeto-que-autoriza-privatizacao-dos-correios\/#breadcrumb","itemListElement":[{"@type":"ListItem","position":1,"name":"In\u00edcio","item":"https:\/\/aepetba.org.br\/v1\/"},{"@type":"ListItem","position":2,"name":"C\u00e2mara aprova texto-base de projeto que autoriza privatiza\u00e7\u00e3o dos Correios"}]},{"@type":"Article","@id":"https:\/\/aepetba.org.br\/v1\/camara-aprova-texto-base-de-projeto-que-autoriza-privatizacao-dos-correios\/#article","isPartOf":{"@id":"https:\/\/aepetba.org.br\/v1\/camara-aprova-texto-base-de-projeto-que-autoriza-privatizacao-dos-correios\/"},"author":{"name":"AEPETBA","@id":"https:\/\/aepetba.org.br\/v1\/#\/schema\/person\/3504208f89f3f50e1526867ebb573b88"},"headline":"C\u00e2mara aprova texto-base de projeto que autoriza privatiza\u00e7\u00e3o dos Correios","datePublished":"2021-08-06T17:28:32+00:00","dateModified":"2023-02-09T11:51:40+00:00","mainEntityOfPage":{"@id":"https:\/\/aepetba.org.br\/v1\/camara-aprova-texto-base-de-projeto-que-autoriza-privatizacao-dos-correios\/"},"wordCount":997,"publisher":{"@id":"https:\/\/aepetba.org.br\/v1\/#organization"},"image":{"@id":"https:\/\/aepetba.org.br\/v1\/camara-aprova-texto-base-de-projeto-que-autoriza-privatizacao-dos-correios\/#primaryimage"},"thumbnailUrl":"https:\/\/aepetba.org.br\/v1\/wp-content\/uploads\/2021\/08\/Materia-Camara-aprova-texto-base-de-projeto-que-autoriza-privatizacao-dos-Correios-contra-privatizacao-Aepet-ba.jpg","keywords":["Bahia contra as Privatiza\u00e7\u00f5es","Privatiza\u00e7\u00e3o Correiros"],"articleSection":["Destaque","Movimentos Sociais","Not\u00edcias"],"inLanguage":"pt-BR"},{"@type":"Person","@id":"https:\/\/aepetba.org.br\/v1\/#\/schema\/person\/3504208f89f3f50e1526867ebb573b88","name":"AEPETBA","image":{"@type":"ImageObject","inLanguage":"pt-BR","@id":"https:\/\/aepetba.org.br\/v1\/#\/schema\/person\/image\/","url":"https:\/\/secure.gravatar.com\/avatar\/3e6e1bf98c38137fc6b937d21e974714?s=96&d=mm&r=g","contentUrl":"https:\/\/secure.gravatar.com\/avatar\/3e6e1bf98c38137fc6b937d21e974714?s=96&d=mm&r=g","caption":"AEPETBA"},"sameAs":["http:\/\/aepetba.org.br\/v1"],"url":"https:\/\/aepetba.org.br\/v1\/author\/lubconsultoria\/"}]}},"_links":{"self":[{"href":"https:\/\/aepetba.org.br\/v1\/wp-json\/wp\/v2\/posts\/36463"}],"collection":[{"href":"https:\/\/aepetba.org.br\/v1\/wp-json\/wp\/v2\/posts"}],"about":[{"href":"https:\/\/aepetba.org.br\/v1\/wp-json\/wp\/v2\/types\/post"}],"author":[{"embeddable":true,"href":"https:\/\/aepetba.org.br\/v1\/wp-json\/wp\/v2\/users\/1"}],"replies":[{"embeddable":true,"href":"https:\/\/aepetba.org.br\/v1\/wp-json\/wp\/v2\/comments?post=36463"}],"version-history":[{"count":1,"href":"https:\/\/aepetba.org.br\/v1\/wp-json\/wp\/v2\/posts\/36463\/revisions"}],"predecessor-version":[{"id":36465,"href":"https:\/\/aepetba.org.br\/v1\/wp-json\/wp\/v2\/posts\/36463\/revisions\/36465"}],"wp:featuredmedia":[{"embeddable":true,"href":"https:\/\/aepetba.org.br\/v1\/wp-json\/wp\/v2\/media\/36464"}],"wp:attachment":[{"href":"https:\/\/aepetba.org.br\/v1\/wp-json\/wp\/v2\/media?parent=36463"}],"wp:term":[{"taxonomy":"category","embeddable":true,"href":"https:\/\/aepetba.org.br\/v1\/wp-json\/wp\/v2\/categories?post=36463"},{"taxonomy":"post_tag","embeddable":true,"href":"https:\/\/aepetba.org.br\/v1\/wp-json\/wp\/v2\/tags?post=36463"}],"curies":[{"name":"wp","href":"https:\/\/api.w.org\/{rel}","templated":true}]}}