{"id":36550,"date":"2021-08-24T09:43:39","date_gmt":"2021-08-24T12:43:39","guid":{"rendered":"https:\/\/aepetba.org.br\/v1\/?p=36550"},"modified":"2021-08-24T09:43:39","modified_gmt":"2021-08-24T12:43:39","slug":"trabalhadores-na-luta-para-revogar-a-cgpar-23","status":"publish","type":"post","link":"https:\/\/aepetba.org.br\/v1\/trabalhadores-na-luta-para-revogar-a-cgpar-23\/","title":{"rendered":"Trabalhadores na luta para revogar a CGPAR 23"},"content":{"rendered":"<p><span style=\"font-weight: 400;\">Entidades representativas dos trabalhadores est\u00e3o engajadas na campanha pela aprova\u00e7\u00e3o do PDL 342\/21, que anula os efeitos da Resolu\u00e7\u00e3o 23 da Comiss\u00e3o Interministerial de Governan\u00e7a Corporativa e de Administra\u00e7\u00e3o de Participa\u00e7\u00f5es Societ\u00e1rias da Uni\u00e3o (CGPAR). O projeto foi inclu\u00eddo na Ordem do Dia da sess\u00e3o deliberativa de amanh\u00e3, quarta-feira, 25\/08, do Senado.<\/span><\/p>\n<p><span style=\"font-weight: 400;\">As mobiliza\u00e7\u00f5es acontecem por meio de cartas aos senadores, e-mails, vota\u00e7\u00e3o no E-cidadania, of\u00edcios.<\/span><\/p>\n<p><span style=\"font-weight: 400;\">O governo Bolsonaro quer impor a qualquer custo a resolu\u00e7\u00e3o 23 da CGPAR nos planos de sa\u00fade das empresas p\u00fablicas. A medida imp\u00f5e uma s\u00e9rie de preju\u00edzos aos trabalhadores, como a redu\u00e7\u00e3o da participa\u00e7\u00e3o das estatais no custeio dos planos de sa\u00fade, a proibi\u00e7\u00e3o da ades\u00e3o de novos contratados, a restri\u00e7\u00e3o de acesso para os aposentados, a cobran\u00e7as por faixa et\u00e1ria, prejudicando os benefici\u00e1rios idosos, que s\u00e3o os que mais necessitam de cuidados com a sa\u00fade, entre outras determina\u00e7\u00f5es da CGPAR.<\/span><\/p>\n<p><span style=\"font-weight: 400;\">O parecer favor\u00e1vel do relator do projeto, no Senado, Rom\u00e1rio Faria (PL\/RJ), cujo texto confirma a inconstitucionalidade da Resolu\u00e7\u00e3o 23 \u00e9 mais uma vit\u00f3ria importante na luta pela derrubada das medidas nefastas desta Resolu\u00e7\u00e3o.<\/span><\/p>\n<p><span style=\"font-weight: 400;\">A hora, portanto, \u00e9 de pressionar os senadores para que aprovem o PDL 342\/21. Por ser um decreto legislativo, o projeto, se aprovado, n\u00e3o precisa de san\u00e7\u00e3o presidencial. Por isso, \u00e9 fundamental a press\u00e3o dos trabalhadores sobre os senadores.<\/span><\/p>\n<p><span style=\"font-weight: 400;\">De autoria da deputada federal Erika Kokay (PT\/DF), o texto do PDL 342\/2021 foi aprovado pelo plen\u00e1rio da<\/span> <span style=\"font-weight: 400;\">C\u00e2mara dos Deputados, no dia 13 de julho, com 365 votos a favor, recebendo somente 39 votos contr\u00e1rios.<\/span><\/p>\n<p><span style=\"font-weight: 400;\">O que est\u00e1 em jogo \u00e9 a preserva\u00e7\u00e3o dos planos de sa\u00fade como autogest\u00e3o, geridos por empresas estatais federais, que atendem a cerca de 3 milh\u00f5es de trabalhadores, que est\u00e3o sendo duramente afetados pelas medidas impostas pela CGPAR. Um universo que atinge a mais de 12 milh\u00f5es de pessoas, se somados os familiares destes empregados.<\/span><\/p>\n<h2><b>Pressione os senadores<\/b><\/h2>\n<p><span style=\"font-weight: 400;\">\u00c9 importante que os associados da AEPET-BA se mobilizem a favor do PDL 342\/2021, para impedir que a gest\u00e3o da Petrobr\u00e1s e de outras estatais consigam inviabilizar os planos de sa\u00fade de autogest\u00e3o, aumentando o custeio dos funcion\u00e1rios e retirando direitos e, principalmente, benef\u00edcios no momento cr\u00edtico da pandemia quando os aposentados precisam mais da assist\u00eancia m\u00e9dica.<\/span><\/p>\n<p><strong>Acessem o portal e-Cidadania e digam sim ao PDL 342\/2021. Todos devem acessar o site do Senado para mostrar concord\u00e2ncia com o PDL. Basta acessar o link https:\/\/www12.senado.leg.br\/ecidadania\/visualizacaomateria?id=149198.<\/strong><\/p>\n<p><span style=\"font-weight: 400;\">Enviem mensagens para os senadores, explicando a import\u00e2ncia de votarem a favor do projeto.<\/span><\/p>\n","protected":false},"excerpt":{"rendered":"<p>Entidades representativas dos trabalhadores est\u00e3o engajadas na campanha pela aprova\u00e7\u00e3o do PDL 342\/21, que anula os efeitos da Resolu\u00e7\u00e3o 23 da Comiss\u00e3o Interministerial de Governan\u00e7a Corporativa e de Administra\u00e7\u00e3o de Participa\u00e7\u00f5es Societ\u00e1rias da Uni\u00e3o (CGPAR). O projeto foi inclu\u00eddo na&#8230;<\/p>\n","protected":false},"author":1,"featured_media":36551,"comment_status":"closed","ping_status":"closed","sticky":false,"template":"","format":"standard","meta":[],"categories":[87,10],"tags":[],"yoast_head":"<!-- This site is optimized with the Yoast SEO plugin v19.3 - https:\/\/yoast.com\/wordpress\/plugins\/seo\/ -->\n<title>Trabalhadores na luta para revogar a CGPAR 23 - AEPET N\u00daCLEO BAHIA<\/title>\n<meta name=\"robots\" content=\"index, follow, max-snippet:-1, max-image-preview:large, max-video-preview:-1\" \/>\n<link rel=\"canonical\" href=\"https:\/\/aepetba.org.br\/v1\/trabalhadores-na-luta-para-revogar-a-cgpar-23\/\" \/>\n<meta property=\"og:locale\" content=\"pt_BR\" \/>\n<meta property=\"og:type\" content=\"article\" \/>\n<meta property=\"og:title\" content=\"Trabalhadores na luta para revogar a CGPAR 23 - AEPET N\u00daCLEO BAHIA\" \/>\n<meta property=\"og:description\" content=\"Entidades representativas dos trabalhadores est\u00e3o engajadas na campanha pela aprova\u00e7\u00e3o do PDL 342\/21, que anula os efeitos da Resolu\u00e7\u00e3o 23 da Comiss\u00e3o Interministerial de Governan\u00e7a Corporativa e de Administra\u00e7\u00e3o de Participa\u00e7\u00f5es Societ\u00e1rias da Uni\u00e3o (CGPAR). O projeto foi inclu\u00eddo na...\" \/>\n<meta property=\"og:url\" content=\"https:\/\/aepetba.org.br\/v1\/trabalhadores-na-luta-para-revogar-a-cgpar-23\/\" \/>\n<meta property=\"og:site_name\" content=\"AEPET N\u00daCLEO BAHIA\" \/>\n<meta property=\"article:publisher\" content=\"https:\/\/web.facebook.com\/aepetba\" \/>\n<meta property=\"article:published_time\" content=\"2021-08-24T12:43:39+00:00\" \/>\n<meta property=\"og:image\" content=\"https:\/\/aepetba.org.br\/v1\/wp-content\/uploads\/2021\/08\/Materia-Trabalhadores-na-luta-para-revogar-a-CGPAR-23-petrobras-bahia-Aepet-ba.jpg\" \/>\n\t<meta property=\"og:image:width\" content=\"1080\" \/>\n\t<meta property=\"og:image:height\" content=\"908\" \/>\n\t<meta property=\"og:image:type\" content=\"image\/jpeg\" \/>\n<meta name=\"author\" content=\"AEPETBA\" \/>\n<meta name=\"twitter:card\" content=\"summary_large_image\" \/>\n<meta name=\"twitter:creator\" content=\"@aepetbahia\" \/>\n<meta name=\"twitter:site\" content=\"@aepetbahia\" \/>\n<meta name=\"twitter:label1\" content=\"Escrito por\" \/>\n\t<meta name=\"twitter:data1\" content=\"AEPETBA\" \/>\n\t<meta name=\"twitter:label2\" content=\"Est. tempo de leitura\" \/>\n\t<meta name=\"twitter:data2\" content=\"2 minutos\" \/>\n<script type=\"application\/ld+json\" class=\"yoast-schema-graph\">{\"@context\":\"https:\/\/schema.org\",\"@graph\":[{\"@type\":\"Organization\",\"@id\":\"https:\/\/aepetba.org.br\/v1\/#organization\",\"name\":\"AEPET N\u00facleo Bahia\",\"url\":\"https:\/\/aepetba.org.br\/v1\/\",\"sameAs\":[\"https:\/\/www.instagram.com\/aepetbahia\/\",\"https:\/\/www.youtube.com\/c\/AEPETBAHIA\",\"https:\/\/web.facebook.com\/aepetba\",\"https:\/\/twitter.com\/aepetbahia\"],\"logo\":{\"@type\":\"ImageObject\",\"inLanguage\":\"pt-BR\",\"@id\":\"https:\/\/aepetba.org.br\/v1\/#\/schema\/logo\/image\/\",\"url\":\"https:\/\/aepetba.org.br\/v1\/wp-content\/uploads\/revslider\/home\/logo-AEPETBA.png\",\"contentUrl\":\"https:\/\/aepetba.org.br\/v1\/wp-content\/uploads\/revslider\/home\/logo-AEPETBA.png\",\"width\":297,\"height\":86,\"caption\":\"AEPET N\u00facleo Bahia\"},\"image\":{\"@id\":\"https:\/\/aepetba.org.br\/v1\/#\/schema\/logo\/image\/\"}},{\"@type\":\"WebSite\",\"@id\":\"https:\/\/aepetba.org.br\/v1\/#website\",\"url\":\"https:\/\/aepetba.org.br\/v1\/\",\"name\":\"AEPET N\u00daCLEO BAHIA\",\"description\":\"Associa\u00e7\u00e3o dos Engenheiros da Petrobr\u00e1s N\u00facleo Bahia Petr\u00f3leo Bahia Salvador Nordeste \",\"publisher\":{\"@id\":\"https:\/\/aepetba.org.br\/v1\/#organization\"},\"potentialAction\":[{\"@type\":\"SearchAction\",\"target\":{\"@type\":\"EntryPoint\",\"urlTemplate\":\"https:\/\/aepetba.org.br\/v1\/?s={search_term_string}\"},\"query-input\":\"required name=search_term_string\"}],\"inLanguage\":\"pt-BR\"},{\"@type\":\"ImageObject\",\"inLanguage\":\"pt-BR\",\"@id\":\"https:\/\/aepetba.org.br\/v1\/trabalhadores-na-luta-para-revogar-a-cgpar-23\/#primaryimage\",\"url\":\"https:\/\/aepetba.org.br\/v1\/wp-content\/uploads\/2021\/08\/Materia-Trabalhadores-na-luta-para-revogar-a-CGPAR-23-petrobras-bahia-Aepet-ba.jpg\",\"contentUrl\":\"https:\/\/aepetba.org.br\/v1\/wp-content\/uploads\/2021\/08\/Materia-Trabalhadores-na-luta-para-revogar-a-CGPAR-23-petrobras-bahia-Aepet-ba.jpg\",\"width\":1080,\"height\":908},{\"@type\":\"WebPage\",\"@id\":\"https:\/\/aepetba.org.br\/v1\/trabalhadores-na-luta-para-revogar-a-cgpar-23\/\",\"url\":\"https:\/\/aepetba.org.br\/v1\/trabalhadores-na-luta-para-revogar-a-cgpar-23\/\",\"name\":\"Trabalhadores na luta para revogar a CGPAR 23 - AEPET N\u00daCLEO BAHIA\",\"isPartOf\":{\"@id\":\"https:\/\/aepetba.org.br\/v1\/#website\"},\"primaryImageOfPage\":{\"@id\":\"https:\/\/aepetba.org.br\/v1\/trabalhadores-na-luta-para-revogar-a-cgpar-23\/#primaryimage\"},\"datePublished\":\"2021-08-24T12:43:39+00:00\",\"dateModified\":\"2021-08-24T12:43:39+00:00\",\"breadcrumb\":{\"@id\":\"https:\/\/aepetba.org.br\/v1\/trabalhadores-na-luta-para-revogar-a-cgpar-23\/#breadcrumb\"},\"inLanguage\":\"pt-BR\",\"potentialAction\":[{\"@type\":\"ReadAction\",\"target\":[\"https:\/\/aepetba.org.br\/v1\/trabalhadores-na-luta-para-revogar-a-cgpar-23\/\"]}]},{\"@type\":\"BreadcrumbList\",\"@id\":\"https:\/\/aepetba.org.br\/v1\/trabalhadores-na-luta-para-revogar-a-cgpar-23\/#breadcrumb\",\"itemListElement\":[{\"@type\":\"ListItem\",\"position\":1,\"name\":\"In\u00edcio\",\"item\":\"https:\/\/aepetba.org.br\/v1\/\"},{\"@type\":\"ListItem\",\"position\":2,\"name\":\"Trabalhadores na luta para revogar a CGPAR 23\"}]},{\"@type\":\"Article\",\"@id\":\"https:\/\/aepetba.org.br\/v1\/trabalhadores-na-luta-para-revogar-a-cgpar-23\/#article\",\"isPartOf\":{\"@id\":\"https:\/\/aepetba.org.br\/v1\/trabalhadores-na-luta-para-revogar-a-cgpar-23\/\"},\"author\":{\"name\":\"AEPETBA\",\"@id\":\"https:\/\/aepetba.org.br\/v1\/#\/schema\/person\/3504208f89f3f50e1526867ebb573b88\"},\"headline\":\"Trabalhadores na luta para revogar a CGPAR 23\",\"datePublished\":\"2021-08-24T12:43:39+00:00\",\"dateModified\":\"2021-08-24T12:43:39+00:00\",\"mainEntityOfPage\":{\"@id\":\"https:\/\/aepetba.org.br\/v1\/trabalhadores-na-luta-para-revogar-a-cgpar-23\/\"},\"wordCount\":470,\"publisher\":{\"@id\":\"https:\/\/aepetba.org.br\/v1\/#organization\"},\"image\":{\"@id\":\"https:\/\/aepetba.org.br\/v1\/trabalhadores-na-luta-para-revogar-a-cgpar-23\/#primaryimage\"},\"thumbnailUrl\":\"https:\/\/aepetba.org.br\/v1\/wp-content\/uploads\/2021\/08\/Materia-Trabalhadores-na-luta-para-revogar-a-CGPAR-23-petrobras-bahia-Aepet-ba.jpg\",\"articleSection\":[\"Destaque\",\"Not\u00edcias\"],\"inLanguage\":\"pt-BR\"},{\"@type\":\"Person\",\"@id\":\"https:\/\/aepetba.org.br\/v1\/#\/schema\/person\/3504208f89f3f50e1526867ebb573b88\",\"name\":\"AEPETBA\",\"image\":{\"@type\":\"ImageObject\",\"inLanguage\":\"pt-BR\",\"@id\":\"https:\/\/aepetba.org.br\/v1\/#\/schema\/person\/image\/\",\"url\":\"https:\/\/secure.gravatar.com\/avatar\/3e6e1bf98c38137fc6b937d21e974714?s=96&d=mm&r=g\",\"contentUrl\":\"https:\/\/secure.gravatar.com\/avatar\/3e6e1bf98c38137fc6b937d21e974714?s=96&d=mm&r=g\",\"caption\":\"AEPETBA\"},\"sameAs\":[\"http:\/\/aepetba.org.br\/v1\"],\"url\":\"https:\/\/aepetba.org.br\/v1\/author\/lubconsultoria\/\"}]}<\/script>\n<!-- \/ Yoast SEO plugin. -->","yoast_head_json":{"title":"Trabalhadores na luta para revogar a CGPAR 23 - AEPET N\u00daCLEO BAHIA","robots":{"index":"index","follow":"follow","max-snippet":"max-snippet:-1","max-image-preview":"max-image-preview:large","max-video-preview":"max-video-preview:-1"},"canonical":"https:\/\/aepetba.org.br\/v1\/trabalhadores-na-luta-para-revogar-a-cgpar-23\/","og_locale":"pt_BR","og_type":"article","og_title":"Trabalhadores na luta para revogar a CGPAR 23 - AEPET N\u00daCLEO BAHIA","og_description":"Entidades representativas dos trabalhadores est\u00e3o engajadas na campanha pela aprova\u00e7\u00e3o do PDL 342\/21, que anula os efeitos da Resolu\u00e7\u00e3o 23 da Comiss\u00e3o Interministerial de Governan\u00e7a Corporativa e de Administra\u00e7\u00e3o de Participa\u00e7\u00f5es Societ\u00e1rias da Uni\u00e3o (CGPAR). O projeto foi inclu\u00eddo na...","og_url":"https:\/\/aepetba.org.br\/v1\/trabalhadores-na-luta-para-revogar-a-cgpar-23\/","og_site_name":"AEPET N\u00daCLEO BAHIA","article_publisher":"https:\/\/web.facebook.com\/aepetba","article_published_time":"2021-08-24T12:43:39+00:00","og_image":[{"width":1080,"height":908,"url":"https:\/\/aepetba.org.br\/v1\/wp-content\/uploads\/2021\/08\/Materia-Trabalhadores-na-luta-para-revogar-a-CGPAR-23-petrobras-bahia-Aepet-ba.jpg","type":"image\/jpeg"}],"author":"AEPETBA","twitter_card":"summary_large_image","twitter_creator":"@aepetbahia","twitter_site":"@aepetbahia","twitter_misc":{"Escrito por":"AEPETBA","Est. tempo de leitura":"2 minutos"},"schema":{"@context":"https:\/\/schema.org","@graph":[{"@type":"Organization","@id":"https:\/\/aepetba.org.br\/v1\/#organization","name":"AEPET N\u00facleo Bahia","url":"https:\/\/aepetba.org.br\/v1\/","sameAs":["https:\/\/www.instagram.com\/aepetbahia\/","https:\/\/www.youtube.com\/c\/AEPETBAHIA","https:\/\/web.facebook.com\/aepetba","https:\/\/twitter.com\/aepetbahia"],"logo":{"@type":"ImageObject","inLanguage":"pt-BR","@id":"https:\/\/aepetba.org.br\/v1\/#\/schema\/logo\/image\/","url":"https:\/\/aepetba.org.br\/v1\/wp-content\/uploads\/revslider\/home\/logo-AEPETBA.png","contentUrl":"https:\/\/aepetba.org.br\/v1\/wp-content\/uploads\/revslider\/home\/logo-AEPETBA.png","width":297,"height":86,"caption":"AEPET N\u00facleo Bahia"},"image":{"@id":"https:\/\/aepetba.org.br\/v1\/#\/schema\/logo\/image\/"}},{"@type":"WebSite","@id":"https:\/\/aepetba.org.br\/v1\/#website","url":"https:\/\/aepetba.org.br\/v1\/","name":"AEPET N\u00daCLEO BAHIA","description":"Associa\u00e7\u00e3o dos Engenheiros da Petrobr\u00e1s N\u00facleo Bahia Petr\u00f3leo Bahia Salvador Nordeste ","publisher":{"@id":"https:\/\/aepetba.org.br\/v1\/#organization"},"potentialAction":[{"@type":"SearchAction","target":{"@type":"EntryPoint","urlTemplate":"https:\/\/aepetba.org.br\/v1\/?s={search_term_string}"},"query-input":"required name=search_term_string"}],"inLanguage":"pt-BR"},{"@type":"ImageObject","inLanguage":"pt-BR","@id":"https:\/\/aepetba.org.br\/v1\/trabalhadores-na-luta-para-revogar-a-cgpar-23\/#primaryimage","url":"https:\/\/aepetba.org.br\/v1\/wp-content\/uploads\/2021\/08\/Materia-Trabalhadores-na-luta-para-revogar-a-CGPAR-23-petrobras-bahia-Aepet-ba.jpg","contentUrl":"https:\/\/aepetba.org.br\/v1\/wp-content\/uploads\/2021\/08\/Materia-Trabalhadores-na-luta-para-revogar-a-CGPAR-23-petrobras-bahia-Aepet-ba.jpg","width":1080,"height":908},{"@type":"WebPage","@id":"https:\/\/aepetba.org.br\/v1\/trabalhadores-na-luta-para-revogar-a-cgpar-23\/","url":"https:\/\/aepetba.org.br\/v1\/trabalhadores-na-luta-para-revogar-a-cgpar-23\/","name":"Trabalhadores na luta para revogar a CGPAR 23 - AEPET N\u00daCLEO BAHIA","isPartOf":{"@id":"https:\/\/aepetba.org.br\/v1\/#website"},"primaryImageOfPage":{"@id":"https:\/\/aepetba.org.br\/v1\/trabalhadores-na-luta-para-revogar-a-cgpar-23\/#primaryimage"},"datePublished":"2021-08-24T12:43:39+00:00","dateModified":"2021-08-24T12:43:39+00:00","breadcrumb":{"@id":"https:\/\/aepetba.org.br\/v1\/trabalhadores-na-luta-para-revogar-a-cgpar-23\/#breadcrumb"},"inLanguage":"pt-BR","potentialAction":[{"@type":"ReadAction","target":["https:\/\/aepetba.org.br\/v1\/trabalhadores-na-luta-para-revogar-a-cgpar-23\/"]}]},{"@type":"BreadcrumbList","@id":"https:\/\/aepetba.org.br\/v1\/trabalhadores-na-luta-para-revogar-a-cgpar-23\/#breadcrumb","itemListElement":[{"@type":"ListItem","position":1,"name":"In\u00edcio","item":"https:\/\/aepetba.org.br\/v1\/"},{"@type":"ListItem","position":2,"name":"Trabalhadores na luta para revogar a CGPAR 23"}]},{"@type":"Article","@id":"https:\/\/aepetba.org.br\/v1\/trabalhadores-na-luta-para-revogar-a-cgpar-23\/#article","isPartOf":{"@id":"https:\/\/aepetba.org.br\/v1\/trabalhadores-na-luta-para-revogar-a-cgpar-23\/"},"author":{"name":"AEPETBA","@id":"https:\/\/aepetba.org.br\/v1\/#\/schema\/person\/3504208f89f3f50e1526867ebb573b88"},"headline":"Trabalhadores na luta para revogar a CGPAR 23","datePublished":"2021-08-24T12:43:39+00:00","dateModified":"2021-08-24T12:43:39+00:00","mainEntityOfPage":{"@id":"https:\/\/aepetba.org.br\/v1\/trabalhadores-na-luta-para-revogar-a-cgpar-23\/"},"wordCount":470,"publisher":{"@id":"https:\/\/aepetba.org.br\/v1\/#organization"},"image":{"@id":"https:\/\/aepetba.org.br\/v1\/trabalhadores-na-luta-para-revogar-a-cgpar-23\/#primaryimage"},"thumbnailUrl":"https:\/\/aepetba.org.br\/v1\/wp-content\/uploads\/2021\/08\/Materia-Trabalhadores-na-luta-para-revogar-a-CGPAR-23-petrobras-bahia-Aepet-ba.jpg","articleSection":["Destaque","Not\u00edcias"],"inLanguage":"pt-BR"},{"@type":"Person","@id":"https:\/\/aepetba.org.br\/v1\/#\/schema\/person\/3504208f89f3f50e1526867ebb573b88","name":"AEPETBA","image":{"@type":"ImageObject","inLanguage":"pt-BR","@id":"https:\/\/aepetba.org.br\/v1\/#\/schema\/person\/image\/","url":"https:\/\/secure.gravatar.com\/avatar\/3e6e1bf98c38137fc6b937d21e974714?s=96&d=mm&r=g","contentUrl":"https:\/\/secure.gravatar.com\/avatar\/3e6e1bf98c38137fc6b937d21e974714?s=96&d=mm&r=g","caption":"AEPETBA"},"sameAs":["http:\/\/aepetba.org.br\/v1"],"url":"https:\/\/aepetba.org.br\/v1\/author\/lubconsultoria\/"}]}},"_links":{"self":[{"href":"https:\/\/aepetba.org.br\/v1\/wp-json\/wp\/v2\/posts\/36550"}],"collection":[{"href":"https:\/\/aepetba.org.br\/v1\/wp-json\/wp\/v2\/posts"}],"about":[{"href":"https:\/\/aepetba.org.br\/v1\/wp-json\/wp\/v2\/types\/post"}],"author":[{"embeddable":true,"href":"https:\/\/aepetba.org.br\/v1\/wp-json\/wp\/v2\/users\/1"}],"replies":[{"embeddable":true,"href":"https:\/\/aepetba.org.br\/v1\/wp-json\/wp\/v2\/comments?post=36550"}],"version-history":[{"count":1,"href":"https:\/\/aepetba.org.br\/v1\/wp-json\/wp\/v2\/posts\/36550\/revisions"}],"predecessor-version":[{"id":36552,"href":"https:\/\/aepetba.org.br\/v1\/wp-json\/wp\/v2\/posts\/36550\/revisions\/36552"}],"wp:featuredmedia":[{"embeddable":true,"href":"https:\/\/aepetba.org.br\/v1\/wp-json\/wp\/v2\/media\/36551"}],"wp:attachment":[{"href":"https:\/\/aepetba.org.br\/v1\/wp-json\/wp\/v2\/media?parent=36550"}],"wp:term":[{"taxonomy":"category","embeddable":true,"href":"https:\/\/aepetba.org.br\/v1\/wp-json\/wp\/v2\/categories?post=36550"},{"taxonomy":"post_tag","embeddable":true,"href":"https:\/\/aepetba.org.br\/v1\/wp-json\/wp\/v2\/tags?post=36550"}],"curies":[{"name":"wp","href":"https:\/\/api.w.org\/{rel}","templated":true}]}}