{"id":36631,"date":"2021-09-13T18:34:36","date_gmt":"2021-09-13T21:34:36","guid":{"rendered":"https:\/\/aepetba.org.br\/v1\/?p=36631"},"modified":"2022-07-06T09:50:17","modified_gmt":"2022-07-06T12:50:17","slug":"petroleiros-baianos-preocupados-com-o-retorno-ao-trabalho-presencial","status":"publish","type":"post","link":"https:\/\/aepetba.org.br\/v1\/petroleiros-baianos-preocupados-com-o-retorno-ao-trabalho-presencial\/","title":{"rendered":"Petroleiros baianos preocupados com o retorno ao trabalho presencial"},"content":{"rendered":"<p><span style=\"font-weight: 400;\">Os empregados do setor administrativo, lotados no Torre Pituba, em Salvador, ficaram indignados com o an\u00fancio sobre o retorno &#8220;em ondas&#8221; ao trabalho presencial, a partir de 01 de outubro, na Petrobr\u00e1s. Eles est\u00e3o em regime de teletrabalho desde o in\u00edcio da pandemia.<\/span><\/p>\n<p><span style=\"font-weight: 400;\">Para os petroleiros baianos, a volta ao trabalho presencial, exigida pela empresa, torna-se muito mais complicada por diversos motivos. Com o fechamento do Torre Pituba e a descontinuidade dos casos de excepcionalidade, os empregados est\u00e3o com a corda no pesco\u00e7o para aceitarem as transfer\u00eancias para o Rio de Janeiro. Mesmo que isso signifique separar a fam\u00edlia, ou nos casos mais graves, suspender tratamentos m\u00e9dicos.<\/span><\/p>\n<p><span style=\"font-weight: 400;\">Pelas exig\u00eancias da empresa, os trabalhadores que n\u00e3o aderiram ao teletrabalho v\u00e3o retornar presencialmente nos 5 dias da semana. J\u00e1 os que optaram pelo trabalho remoto tiveram at\u00e9 o dia 10 de setembro para garantir a ades\u00e3o em outubro. Agora caber\u00e1 aos gerentes selecionar os empregados que dever\u00e3o se apresentar nas suas bases de lota\u00e7\u00e3o a partir de 01 de outubro. N\u00e3o existe possibilidade de trabalhar em outra base.<\/span><\/p>\n<p><span style=\"font-weight: 400;\">O n\u00famero de contamina\u00e7\u00f5es e de mortes pela Covid-19 ainda \u00e9 muito alto e a imuniza\u00e7\u00e3o completa da popula\u00e7\u00e3o n\u00e3o chegou a 40%, o que aponta que retornar ao trabalho presencial agora \u00e9 uma irresponsabilidade. E, ainda, existe a amea\u00e7a da variante Delta, que exige cuidados redobrados.<\/span><\/p>\n<p><span style=\"font-weight: 400;\">Segundo a Federa\u00e7\u00e3o Nacional dos Petroleiros (FNP), s\u00e3o mais de 8 mil casos de Covid-19 no Sistema Petrobr\u00e1s desde o in\u00edcio da pandemia e mais de 50 \u00f3bitos.<\/span><\/p>\n<h2><b>MPT-BA recebe den\u00fancia contra a Petrobr\u00e1s<\/b><\/h2>\n<p><span style=\"font-weight: 400;\">Em julho, a AEPET-BA denunciou a Petrobr\u00e1s aos procuradores do Minist\u00e9rio P\u00fablico do Trabalho da Bahia pelo descumprimento de algumas cl\u00e1usulas do acordo judicial, assinado em dezembro de 2019. A entidade encaminhou um relat\u00f3rio, com cerca de 900 p\u00e1ginas, incluindo os depoimentos dos trabalhadores do administrativo, narrando as pr\u00e1ticas de ass\u00e9dio moral dos gerentes. S\u00e3o relatos que mostram o drama sofrido pelos petroleiros desde que foi anunciado o fechamento do Torre Pituba, em outubro de 2019. Com a pandemia, a situa\u00e7\u00e3o desses trabalhadores piorou ainda mais.\u00a0<\/span><\/p>\n<p><span style=\"font-weight: 400;\">Na quarta-feira (08\/09), aconteceu uma audi\u00eancia entre a Petrobr\u00e1s e o MPT-BA, para tratar essa quest\u00e3o. A AEPET-BA, como parte interessada do processo, solicitou ao \u00f3rg\u00e3o sua participa\u00e7\u00e3o na reuni\u00e3o, mas n\u00e3o teve retorno. Ent\u00e3o, agora, solicitou informa\u00e7\u00f5es sobre o resultado da audi\u00eancia.\u00a0\u00a0<\/span><\/p>\n<p><span style=\"font-weight: 400;\">Diante do sil\u00eancio da Petrobr\u00e1s, os empregados est\u00e3o na expectativa que, mais uma vez, a interven\u00e7\u00e3o do MPT-BA produza efeitos positivos, como por exemplo, o fim das transfer\u00eancias indevidas e a continuidade do teletrabalho, dentre outras reivindica\u00e7\u00f5es.<\/span><\/p>\n<h2><b>A\u00e7\u00e3o na Justi\u00e7a<\/b><\/h2>\n<p><span style=\"font-weight: 400;\">A assessoria jur\u00eddica da AEPET-BA est\u00e1 acompanhando a tramita\u00e7\u00e3o, na Justi\u00e7a do Trabalho, da a\u00e7\u00e3o civil p\u00fablica contra a Petrobr\u00e1s ajuizada no dia 26\/07. O objetivo \u00e9 impedir a transfer\u00eancia compuls\u00f3ria dos associados lotados no Conjunto Pituba, em Salvador, para outros estados e, consequentemente, a implementa\u00e7\u00e3o permanente de teletrabalho nas atividades administrativas. Mas \u00e9 importante salientar, que n\u00e3o se trata do teletrabalho que a empresa est\u00e1 divulgando e solicitando ades\u00e3o.<\/span><\/p>\n<p>&nbsp;<\/p>\n<p><span style=\"font-weight: 400;\">\u00a0<\/span><\/p>\n<p>&nbsp;<\/p>\n","protected":false},"excerpt":{"rendered":"<p>Os empregados do setor administrativo, lotados no Torre Pituba, em Salvador, ficaram indignados com o an\u00fancio sobre o retorno &#8220;em ondas&#8221; ao trabalho presencial, a partir de 01 de outubro, na Petrobr\u00e1s. Eles est\u00e3o em regime de teletrabalho desde o&#8230;<\/p>\n","protected":false},"author":1,"featured_media":36632,"comment_status":"closed","ping_status":"closed","sticky":false,"template":"","format":"standard","meta":[],"categories":[5,87,8,10],"tags":[79,319],"yoast_head":"<!-- This site is optimized with the Yoast SEO plugin v19.3 - https:\/\/yoast.com\/wordpress\/plugins\/seo\/ -->\n<title>Petroleiros baianos preocupados com o retorno ao trabalho presencial - AEPET N\u00daCLEO BAHIA<\/title>\n<meta name=\"robots\" content=\"index, follow, max-snippet:-1, max-image-preview:large, max-video-preview:-1\" \/>\n<link rel=\"canonical\" href=\"https:\/\/aepetba.org.br\/v1\/petroleiros-baianos-preocupados-com-o-retorno-ao-trabalho-presencial\/\" \/>\n<meta property=\"og:locale\" content=\"pt_BR\" \/>\n<meta property=\"og:type\" content=\"article\" \/>\n<meta property=\"og:title\" content=\"Petroleiros baianos preocupados com o retorno ao trabalho presencial - AEPET N\u00daCLEO BAHIA\" \/>\n<meta property=\"og:description\" content=\"Os empregados do setor administrativo, lotados no Torre Pituba, em Salvador, ficaram indignados com o an\u00fancio sobre o retorno &#8220;em ondas&#8221; ao trabalho presencial, a partir de 01 de outubro, na Petrobr\u00e1s. Eles est\u00e3o em regime de teletrabalho desde o...\" \/>\n<meta property=\"og:url\" content=\"https:\/\/aepetba.org.br\/v1\/petroleiros-baianos-preocupados-com-o-retorno-ao-trabalho-presencial\/\" \/>\n<meta property=\"og:site_name\" content=\"AEPET N\u00daCLEO BAHIA\" \/>\n<meta property=\"article:publisher\" content=\"https:\/\/web.facebook.com\/aepetba\" \/>\n<meta property=\"article:published_time\" content=\"2021-09-13T21:34:36+00:00\" \/>\n<meta property=\"article:modified_time\" content=\"2022-07-06T12:50:17+00:00\" \/>\n<meta property=\"og:image\" content=\"https:\/\/aepetba.org.br\/v1\/wp-content\/uploads\/2021\/09\/Materia-Petroleiros-baianos-preocupados-com-o-retorno-ao-trabalho-presencial-petroleo-bahia-Aepet-ba.jpg\" \/>\n\t<meta property=\"og:image:width\" content=\"1073\" \/>\n\t<meta property=\"og:image:height\" content=\"901\" \/>\n\t<meta property=\"og:image:type\" content=\"image\/jpeg\" \/>\n<meta name=\"author\" content=\"AEPETBA\" \/>\n<meta name=\"twitter:card\" content=\"summary_large_image\" \/>\n<meta name=\"twitter:creator\" content=\"@aepetbahia\" \/>\n<meta name=\"twitter:site\" content=\"@aepetbahia\" \/>\n<meta name=\"twitter:label1\" content=\"Escrito por\" \/>\n\t<meta name=\"twitter:data1\" content=\"AEPETBA\" \/>\n\t<meta name=\"twitter:label2\" content=\"Est. tempo de leitura\" \/>\n\t<meta name=\"twitter:data2\" content=\"3 minutos\" \/>\n<script type=\"application\/ld+json\" class=\"yoast-schema-graph\">{\"@context\":\"https:\/\/schema.org\",\"@graph\":[{\"@type\":\"Organization\",\"@id\":\"https:\/\/aepetba.org.br\/v1\/#organization\",\"name\":\"AEPET N\u00facleo Bahia\",\"url\":\"https:\/\/aepetba.org.br\/v1\/\",\"sameAs\":[\"https:\/\/www.instagram.com\/aepetbahia\/\",\"https:\/\/www.youtube.com\/c\/AEPETBAHIA\",\"https:\/\/web.facebook.com\/aepetba\",\"https:\/\/twitter.com\/aepetbahia\"],\"logo\":{\"@type\":\"ImageObject\",\"inLanguage\":\"pt-BR\",\"@id\":\"https:\/\/aepetba.org.br\/v1\/#\/schema\/logo\/image\/\",\"url\":\"https:\/\/aepetba.org.br\/v1\/wp-content\/uploads\/revslider\/home\/logo-AEPETBA.png\",\"contentUrl\":\"https:\/\/aepetba.org.br\/v1\/wp-content\/uploads\/revslider\/home\/logo-AEPETBA.png\",\"width\":297,\"height\":86,\"caption\":\"AEPET N\u00facleo Bahia\"},\"image\":{\"@id\":\"https:\/\/aepetba.org.br\/v1\/#\/schema\/logo\/image\/\"}},{\"@type\":\"WebSite\",\"@id\":\"https:\/\/aepetba.org.br\/v1\/#website\",\"url\":\"https:\/\/aepetba.org.br\/v1\/\",\"name\":\"AEPET N\u00daCLEO BAHIA\",\"description\":\"Associa\u00e7\u00e3o dos Engenheiros da Petrobr\u00e1s N\u00facleo Bahia Petr\u00f3leo Bahia Salvador Nordeste \",\"publisher\":{\"@id\":\"https:\/\/aepetba.org.br\/v1\/#organization\"},\"potentialAction\":[{\"@type\":\"SearchAction\",\"target\":{\"@type\":\"EntryPoint\",\"urlTemplate\":\"https:\/\/aepetba.org.br\/v1\/?s={search_term_string}\"},\"query-input\":\"required name=search_term_string\"}],\"inLanguage\":\"pt-BR\"},{\"@type\":\"ImageObject\",\"inLanguage\":\"pt-BR\",\"@id\":\"https:\/\/aepetba.org.br\/v1\/petroleiros-baianos-preocupados-com-o-retorno-ao-trabalho-presencial\/#primaryimage\",\"url\":\"https:\/\/aepetba.org.br\/v1\/wp-content\/uploads\/2021\/09\/Materia-Petroleiros-baianos-preocupados-com-o-retorno-ao-trabalho-presencial-petroleo-bahia-Aepet-ba.jpg\",\"contentUrl\":\"https:\/\/aepetba.org.br\/v1\/wp-content\/uploads\/2021\/09\/Materia-Petroleiros-baianos-preocupados-com-o-retorno-ao-trabalho-presencial-petroleo-bahia-Aepet-ba.jpg\",\"width\":1073,\"height\":901},{\"@type\":\"WebPage\",\"@id\":\"https:\/\/aepetba.org.br\/v1\/petroleiros-baianos-preocupados-com-o-retorno-ao-trabalho-presencial\/\",\"url\":\"https:\/\/aepetba.org.br\/v1\/petroleiros-baianos-preocupados-com-o-retorno-ao-trabalho-presencial\/\",\"name\":\"Petroleiros baianos preocupados com o retorno ao trabalho presencial - AEPET N\u00daCLEO BAHIA\",\"isPartOf\":{\"@id\":\"https:\/\/aepetba.org.br\/v1\/#website\"},\"primaryImageOfPage\":{\"@id\":\"https:\/\/aepetba.org.br\/v1\/petroleiros-baianos-preocupados-com-o-retorno-ao-trabalho-presencial\/#primaryimage\"},\"datePublished\":\"2021-09-13T21:34:36+00:00\",\"dateModified\":\"2022-07-06T12:50:17+00:00\",\"breadcrumb\":{\"@id\":\"https:\/\/aepetba.org.br\/v1\/petroleiros-baianos-preocupados-com-o-retorno-ao-trabalho-presencial\/#breadcrumb\"},\"inLanguage\":\"pt-BR\",\"potentialAction\":[{\"@type\":\"ReadAction\",\"target\":[\"https:\/\/aepetba.org.br\/v1\/petroleiros-baianos-preocupados-com-o-retorno-ao-trabalho-presencial\/\"]}]},{\"@type\":\"BreadcrumbList\",\"@id\":\"https:\/\/aepetba.org.br\/v1\/petroleiros-baianos-preocupados-com-o-retorno-ao-trabalho-presencial\/#breadcrumb\",\"itemListElement\":[{\"@type\":\"ListItem\",\"position\":1,\"name\":\"In\u00edcio\",\"item\":\"https:\/\/aepetba.org.br\/v1\/\"},{\"@type\":\"ListItem\",\"position\":2,\"name\":\"Petroleiros baianos preocupados com o retorno ao trabalho presencial\"}]},{\"@type\":\"Article\",\"@id\":\"https:\/\/aepetba.org.br\/v1\/petroleiros-baianos-preocupados-com-o-retorno-ao-trabalho-presencial\/#article\",\"isPartOf\":{\"@id\":\"https:\/\/aepetba.org.br\/v1\/petroleiros-baianos-preocupados-com-o-retorno-ao-trabalho-presencial\/\"},\"author\":{\"name\":\"AEPETBA\",\"@id\":\"https:\/\/aepetba.org.br\/v1\/#\/schema\/person\/3504208f89f3f50e1526867ebb573b88\"},\"headline\":\"Petroleiros baianos preocupados com o retorno ao trabalho presencial\",\"datePublished\":\"2021-09-13T21:34:36+00:00\",\"dateModified\":\"2022-07-06T12:50:17+00:00\",\"mainEntityOfPage\":{\"@id\":\"https:\/\/aepetba.org.br\/v1\/petroleiros-baianos-preocupados-com-o-retorno-ao-trabalho-presencial\/\"},\"wordCount\":558,\"publisher\":{\"@id\":\"https:\/\/aepetba.org.br\/v1\/#organization\"},\"image\":{\"@id\":\"https:\/\/aepetba.org.br\/v1\/petroleiros-baianos-preocupados-com-o-retorno-ao-trabalho-presencial\/#primaryimage\"},\"thumbnailUrl\":\"https:\/\/aepetba.org.br\/v1\/wp-content\/uploads\/2021\/09\/Materia-Petroleiros-baianos-preocupados-com-o-retorno-ao-trabalho-presencial-petroleo-bahia-Aepet-ba.jpg\",\"keywords\":[\"MPT\",\"MPT Bahia\"],\"articleSection\":[\"Coluna do Associado\",\"Destaque\",\"Jur\u00eddico\",\"Not\u00edcias\"],\"inLanguage\":\"pt-BR\"},{\"@type\":\"Person\",\"@id\":\"https:\/\/aepetba.org.br\/v1\/#\/schema\/person\/3504208f89f3f50e1526867ebb573b88\",\"name\":\"AEPETBA\",\"image\":{\"@type\":\"ImageObject\",\"inLanguage\":\"pt-BR\",\"@id\":\"https:\/\/aepetba.org.br\/v1\/#\/schema\/person\/image\/\",\"url\":\"https:\/\/secure.gravatar.com\/avatar\/3e6e1bf98c38137fc6b937d21e974714?s=96&d=mm&r=g\",\"contentUrl\":\"https:\/\/secure.gravatar.com\/avatar\/3e6e1bf98c38137fc6b937d21e974714?s=96&d=mm&r=g\",\"caption\":\"AEPETBA\"},\"sameAs\":[\"http:\/\/aepetba.org.br\/v1\"],\"url\":\"https:\/\/aepetba.org.br\/v1\/author\/lubconsultoria\/\"}]}<\/script>\n<!-- \/ Yoast SEO plugin. -->","yoast_head_json":{"title":"Petroleiros baianos preocupados com o retorno ao trabalho presencial - AEPET N\u00daCLEO BAHIA","robots":{"index":"index","follow":"follow","max-snippet":"max-snippet:-1","max-image-preview":"max-image-preview:large","max-video-preview":"max-video-preview:-1"},"canonical":"https:\/\/aepetba.org.br\/v1\/petroleiros-baianos-preocupados-com-o-retorno-ao-trabalho-presencial\/","og_locale":"pt_BR","og_type":"article","og_title":"Petroleiros baianos preocupados com o retorno ao trabalho presencial - AEPET N\u00daCLEO BAHIA","og_description":"Os empregados do setor administrativo, lotados no Torre Pituba, em Salvador, ficaram indignados com o an\u00fancio sobre o retorno &#8220;em ondas&#8221; ao trabalho presencial, a partir de 01 de outubro, na Petrobr\u00e1s. Eles est\u00e3o em regime de teletrabalho desde o...","og_url":"https:\/\/aepetba.org.br\/v1\/petroleiros-baianos-preocupados-com-o-retorno-ao-trabalho-presencial\/","og_site_name":"AEPET N\u00daCLEO BAHIA","article_publisher":"https:\/\/web.facebook.com\/aepetba","article_published_time":"2021-09-13T21:34:36+00:00","article_modified_time":"2022-07-06T12:50:17+00:00","og_image":[{"width":1073,"height":901,"url":"https:\/\/aepetba.org.br\/v1\/wp-content\/uploads\/2021\/09\/Materia-Petroleiros-baianos-preocupados-com-o-retorno-ao-trabalho-presencial-petroleo-bahia-Aepet-ba.jpg","type":"image\/jpeg"}],"author":"AEPETBA","twitter_card":"summary_large_image","twitter_creator":"@aepetbahia","twitter_site":"@aepetbahia","twitter_misc":{"Escrito por":"AEPETBA","Est. tempo de leitura":"3 minutos"},"schema":{"@context":"https:\/\/schema.org","@graph":[{"@type":"Organization","@id":"https:\/\/aepetba.org.br\/v1\/#organization","name":"AEPET N\u00facleo Bahia","url":"https:\/\/aepetba.org.br\/v1\/","sameAs":["https:\/\/www.instagram.com\/aepetbahia\/","https:\/\/www.youtube.com\/c\/AEPETBAHIA","https:\/\/web.facebook.com\/aepetba","https:\/\/twitter.com\/aepetbahia"],"logo":{"@type":"ImageObject","inLanguage":"pt-BR","@id":"https:\/\/aepetba.org.br\/v1\/#\/schema\/logo\/image\/","url":"https:\/\/aepetba.org.br\/v1\/wp-content\/uploads\/revslider\/home\/logo-AEPETBA.png","contentUrl":"https:\/\/aepetba.org.br\/v1\/wp-content\/uploads\/revslider\/home\/logo-AEPETBA.png","width":297,"height":86,"caption":"AEPET N\u00facleo Bahia"},"image":{"@id":"https:\/\/aepetba.org.br\/v1\/#\/schema\/logo\/image\/"}},{"@type":"WebSite","@id":"https:\/\/aepetba.org.br\/v1\/#website","url":"https:\/\/aepetba.org.br\/v1\/","name":"AEPET N\u00daCLEO BAHIA","description":"Associa\u00e7\u00e3o dos Engenheiros da Petrobr\u00e1s N\u00facleo Bahia Petr\u00f3leo Bahia Salvador Nordeste ","publisher":{"@id":"https:\/\/aepetba.org.br\/v1\/#organization"},"potentialAction":[{"@type":"SearchAction","target":{"@type":"EntryPoint","urlTemplate":"https:\/\/aepetba.org.br\/v1\/?s={search_term_string}"},"query-input":"required name=search_term_string"}],"inLanguage":"pt-BR"},{"@type":"ImageObject","inLanguage":"pt-BR","@id":"https:\/\/aepetba.org.br\/v1\/petroleiros-baianos-preocupados-com-o-retorno-ao-trabalho-presencial\/#primaryimage","url":"https:\/\/aepetba.org.br\/v1\/wp-content\/uploads\/2021\/09\/Materia-Petroleiros-baianos-preocupados-com-o-retorno-ao-trabalho-presencial-petroleo-bahia-Aepet-ba.jpg","contentUrl":"https:\/\/aepetba.org.br\/v1\/wp-content\/uploads\/2021\/09\/Materia-Petroleiros-baianos-preocupados-com-o-retorno-ao-trabalho-presencial-petroleo-bahia-Aepet-ba.jpg","width":1073,"height":901},{"@type":"WebPage","@id":"https:\/\/aepetba.org.br\/v1\/petroleiros-baianos-preocupados-com-o-retorno-ao-trabalho-presencial\/","url":"https:\/\/aepetba.org.br\/v1\/petroleiros-baianos-preocupados-com-o-retorno-ao-trabalho-presencial\/","name":"Petroleiros baianos preocupados com o retorno ao trabalho presencial - AEPET N\u00daCLEO BAHIA","isPartOf":{"@id":"https:\/\/aepetba.org.br\/v1\/#website"},"primaryImageOfPage":{"@id":"https:\/\/aepetba.org.br\/v1\/petroleiros-baianos-preocupados-com-o-retorno-ao-trabalho-presencial\/#primaryimage"},"datePublished":"2021-09-13T21:34:36+00:00","dateModified":"2022-07-06T12:50:17+00:00","breadcrumb":{"@id":"https:\/\/aepetba.org.br\/v1\/petroleiros-baianos-preocupados-com-o-retorno-ao-trabalho-presencial\/#breadcrumb"},"inLanguage":"pt-BR","potentialAction":[{"@type":"ReadAction","target":["https:\/\/aepetba.org.br\/v1\/petroleiros-baianos-preocupados-com-o-retorno-ao-trabalho-presencial\/"]}]},{"@type":"BreadcrumbList","@id":"https:\/\/aepetba.org.br\/v1\/petroleiros-baianos-preocupados-com-o-retorno-ao-trabalho-presencial\/#breadcrumb","itemListElement":[{"@type":"ListItem","position":1,"name":"In\u00edcio","item":"https:\/\/aepetba.org.br\/v1\/"},{"@type":"ListItem","position":2,"name":"Petroleiros baianos preocupados com o retorno ao trabalho presencial"}]},{"@type":"Article","@id":"https:\/\/aepetba.org.br\/v1\/petroleiros-baianos-preocupados-com-o-retorno-ao-trabalho-presencial\/#article","isPartOf":{"@id":"https:\/\/aepetba.org.br\/v1\/petroleiros-baianos-preocupados-com-o-retorno-ao-trabalho-presencial\/"},"author":{"name":"AEPETBA","@id":"https:\/\/aepetba.org.br\/v1\/#\/schema\/person\/3504208f89f3f50e1526867ebb573b88"},"headline":"Petroleiros baianos preocupados com o retorno ao trabalho presencial","datePublished":"2021-09-13T21:34:36+00:00","dateModified":"2022-07-06T12:50:17+00:00","mainEntityOfPage":{"@id":"https:\/\/aepetba.org.br\/v1\/petroleiros-baianos-preocupados-com-o-retorno-ao-trabalho-presencial\/"},"wordCount":558,"publisher":{"@id":"https:\/\/aepetba.org.br\/v1\/#organization"},"image":{"@id":"https:\/\/aepetba.org.br\/v1\/petroleiros-baianos-preocupados-com-o-retorno-ao-trabalho-presencial\/#primaryimage"},"thumbnailUrl":"https:\/\/aepetba.org.br\/v1\/wp-content\/uploads\/2021\/09\/Materia-Petroleiros-baianos-preocupados-com-o-retorno-ao-trabalho-presencial-petroleo-bahia-Aepet-ba.jpg","keywords":["MPT","MPT Bahia"],"articleSection":["Coluna do Associado","Destaque","Jur\u00eddico","Not\u00edcias"],"inLanguage":"pt-BR"},{"@type":"Person","@id":"https:\/\/aepetba.org.br\/v1\/#\/schema\/person\/3504208f89f3f50e1526867ebb573b88","name":"AEPETBA","image":{"@type":"ImageObject","inLanguage":"pt-BR","@id":"https:\/\/aepetba.org.br\/v1\/#\/schema\/person\/image\/","url":"https:\/\/secure.gravatar.com\/avatar\/3e6e1bf98c38137fc6b937d21e974714?s=96&d=mm&r=g","contentUrl":"https:\/\/secure.gravatar.com\/avatar\/3e6e1bf98c38137fc6b937d21e974714?s=96&d=mm&r=g","caption":"AEPETBA"},"sameAs":["http:\/\/aepetba.org.br\/v1"],"url":"https:\/\/aepetba.org.br\/v1\/author\/lubconsultoria\/"}]}},"_links":{"self":[{"href":"https:\/\/aepetba.org.br\/v1\/wp-json\/wp\/v2\/posts\/36631"}],"collection":[{"href":"https:\/\/aepetba.org.br\/v1\/wp-json\/wp\/v2\/posts"}],"about":[{"href":"https:\/\/aepetba.org.br\/v1\/wp-json\/wp\/v2\/types\/post"}],"author":[{"embeddable":true,"href":"https:\/\/aepetba.org.br\/v1\/wp-json\/wp\/v2\/users\/1"}],"replies":[{"embeddable":true,"href":"https:\/\/aepetba.org.br\/v1\/wp-json\/wp\/v2\/comments?post=36631"}],"version-history":[{"count":1,"href":"https:\/\/aepetba.org.br\/v1\/wp-json\/wp\/v2\/posts\/36631\/revisions"}],"predecessor-version":[{"id":36633,"href":"https:\/\/aepetba.org.br\/v1\/wp-json\/wp\/v2\/posts\/36631\/revisions\/36633"}],"wp:featuredmedia":[{"embeddable":true,"href":"https:\/\/aepetba.org.br\/v1\/wp-json\/wp\/v2\/media\/36632"}],"wp:attachment":[{"href":"https:\/\/aepetba.org.br\/v1\/wp-json\/wp\/v2\/media?parent=36631"}],"wp:term":[{"taxonomy":"category","embeddable":true,"href":"https:\/\/aepetba.org.br\/v1\/wp-json\/wp\/v2\/categories?post=36631"},{"taxonomy":"post_tag","embeddable":true,"href":"https:\/\/aepetba.org.br\/v1\/wp-json\/wp\/v2\/tags?post=36631"}],"curies":[{"name":"wp","href":"https:\/\/api.w.org\/{rel}","templated":true}]}}