{"id":37359,"date":"2022-01-21T13:41:43","date_gmt":"2022-01-21T16:41:43","guid":{"rendered":"https:\/\/aepetba.org.br\/v1\/?p=37359"},"modified":"2022-01-24T13:29:12","modified_gmt":"2022-01-24T16:29:12","slug":"participem-da-age-na-proxima-quinta-feira","status":"publish","type":"post","link":"https:\/\/aepetba.org.br\/v1\/participem-da-age-na-proxima-quinta-feira\/","title":{"rendered":"Participem da AGO na pr\u00f3xima sexta-feira, dia 28"},"content":{"rendered":"<!--[if lt IE 9]><script>document.createElement('audio');<\/script><![endif]-->\n<audio class=\"wp-audio-shortcode\" id=\"audio-37359-1\" preload=\"none\" style=\"width: 100%;\" controls=\"controls\"><source type=\"audio\/ogg\" src=\"https:\/\/aepetba.org.br\/v1\/wp-content\/uploads\/2022\/01\/participem-da-AGO-sexta-AEPET-BA-1.ogg?_=1\" \/><a href=\"https:\/\/aepetba.org.br\/v1\/wp-content\/uploads\/2022\/01\/participem-da-AGO-sexta-AEPET-BA-1.ogg\">https:\/\/aepetba.org.br\/v1\/wp-content\/uploads\/2022\/01\/participem-da-AGO-sexta-AEPET-BA-1.ogg<\/a><\/audio>\n<p>&nbsp;<\/p>\n<blockquote><p><i><span style=\"font-weight: 400;\">A AEPET-BA convoca os (as) associados (as) para que participem da Assembleia Geral Ordin\u00e1ria (AGO), <strong>na sexta-feira (28\/01), a partir das 17h30<\/strong>. Dois assuntos est\u00e3o em pauta: presta\u00e7\u00e3o de contas de 2021 e or\u00e7amento para 2022. Fa\u00e7a sua inscri\u00e7\u00e3o para participar de forma presencial.<\/span><\/i><\/p><\/blockquote>\n<p><span style=\"font-weight: 400;\">Devido \u00e0 pandemia da Covid-19, a AGO ter\u00e1 formato h\u00edbrido: virtual e presencial. De forma presencial, a assembleia acontecer\u00e1 no audit\u00f3rio da Associa\u00e7\u00e3o Brasileira dos Anistiados Pol\u00edticos da Petrobr\u00e1s (Abraspet),\u00a0 que fica no Centro Empresarial Iguatemi, Av. Tancredo Neves, 274 &#8211; Bloco B, sala 104,\u00a0 Caminho das \u00c1rvores, em Salvador.<\/span><\/p>\n<p><span style=\"font-weight: 400;\">Os associados interessados em participar presencialmente dever\u00e3o encaminhar <\/span><b>requerimento de inscri\u00e7\u00e3o at\u00e9 \u00e0s 16h da pr\u00f3xima quarta-feira (26\/01) para o e-mail: bahia@aepet.org.br ou celular (71) 98356-8081.<\/b><\/p>\n<p><span style=\"font-weight: 400;\">No local, a AEPET-BA seguir\u00e1 todos os protocolos de seguran\u00e7a contra a Covid-19. Uso obrigat\u00f3rio da m\u00e1scara, apresenta\u00e7\u00e3o da carteira de vacina\u00e7\u00e3o, distanciamento e uso de \u00e1lcool gel ser\u00e3o os procedimentos adotados pela entidade.<\/span><\/p>\n<p><span style=\"font-weight: 400;\">J\u00e1 no formato virtual, os associados v\u00e3o poder acompanhar a transmiss\u00e3o ao vivo pelos canais da AEPET-BA, na sexta-feira.\u00a0<\/span><\/p>\n<p><span style=\"font-weight: 400;\">O edital de convoca\u00e7\u00e3o da AGO foi publicado no Jornal Correio da Bahia, na quinta-feira (20\/01).<\/span><\/p>\n<p><strong><a href=\"https:\/\/aepetba.org.br\/v1\/wp-content\/uploads\/2022\/01\/EDITAL-BALANCO-FISCAL2021-AEPET-BA.pdf\">EDITAL BALAN\u00c7O FISCAL2021 AEPET-BA<\/a><\/strong><\/p>\n<p><span style=\"font-weight: 400;\">Veja aqui o edital publicado no jornal<\/span><\/p>\n<p><strong><a href=\"https:\/\/aepetba.org.br\/v1\/wp-content\/uploads\/2022\/01\/edital-publicado-no-jornal-correio-da-bahia.pdf\">edital publicado no jornal correio da bahia<\/a>\u00a0<\/strong><\/p>\n<p><span style=\"font-weight: 400;\">\u00a0<\/span><\/p>\n<p>&nbsp;<\/p>\n","protected":false},"excerpt":{"rendered":"<p>&nbsp; A AEPET-BA convoca os (as) associados (as) para que participem da Assembleia Geral Ordin\u00e1ria (AGO), na sexta-feira (28\/01), a partir das 17h30. Dois assuntos est\u00e3o em pauta: presta\u00e7\u00e3o de contas de 2021 e or\u00e7amento para 2022. Fa\u00e7a sua inscri\u00e7\u00e3o&#8230;<\/p>\n","protected":false},"author":1,"featured_media":37381,"comment_status":"closed","ping_status":"closed","sticky":false,"template":"","format":"standard","meta":[],"categories":[5,87,10],"tags":[],"yoast_head":"<!-- This site is optimized with the Yoast SEO plugin v19.3 - https:\/\/yoast.com\/wordpress\/plugins\/seo\/ -->\n<title>Participem da AGO na pr\u00f3xima sexta-feira, dia 28 - AEPET N\u00daCLEO BAHIA<\/title>\n<meta name=\"robots\" content=\"index, follow, max-snippet:-1, max-image-preview:large, max-video-preview:-1\" \/>\n<link rel=\"canonical\" href=\"https:\/\/aepetba.org.br\/v1\/participem-da-age-na-proxima-quinta-feira\/\" \/>\n<meta property=\"og:locale\" content=\"pt_BR\" \/>\n<meta property=\"og:type\" content=\"article\" \/>\n<meta property=\"og:title\" content=\"Participem da AGO na pr\u00f3xima sexta-feira, dia 28 - AEPET N\u00daCLEO BAHIA\" \/>\n<meta property=\"og:description\" content=\"&nbsp; A AEPET-BA convoca os (as) associados (as) para que participem da Assembleia Geral Ordin\u00e1ria (AGO), na sexta-feira (28\/01), a partir das 17h30. Dois assuntos est\u00e3o em pauta: presta\u00e7\u00e3o de contas de 2021 e or\u00e7amento para 2022. Fa\u00e7a sua inscri\u00e7\u00e3o...\" \/>\n<meta property=\"og:url\" content=\"https:\/\/aepetba.org.br\/v1\/participem-da-age-na-proxima-quinta-feira\/\" \/>\n<meta property=\"og:site_name\" content=\"AEPET N\u00daCLEO BAHIA\" \/>\n<meta property=\"article:publisher\" content=\"https:\/\/web.facebook.com\/aepetba\" \/>\n<meta property=\"article:published_time\" content=\"2022-01-21T16:41:43+00:00\" \/>\n<meta property=\"article:modified_time\" content=\"2022-01-24T16:29:12+00:00\" \/>\n<meta property=\"og:image\" content=\"https:\/\/aepetba.org.br\/v1\/wp-content\/uploads\/2022\/01\/convite-AGO-2022-sexta-Aepet-ba-1.jpg\" \/>\n\t<meta property=\"og:image:width\" content=\"1080\" \/>\n\t<meta property=\"og:image:height\" content=\"1080\" \/>\n\t<meta property=\"og:image:type\" content=\"image\/jpeg\" \/>\n<meta name=\"author\" content=\"AEPETBA\" \/>\n<meta name=\"twitter:card\" content=\"summary_large_image\" \/>\n<meta name=\"twitter:creator\" content=\"@aepetbahia\" \/>\n<meta name=\"twitter:site\" content=\"@aepetbahia\" \/>\n<meta name=\"twitter:label1\" content=\"Escrito por\" \/>\n\t<meta name=\"twitter:data1\" content=\"AEPETBA\" \/>\n\t<meta name=\"twitter:label2\" content=\"Est. tempo de leitura\" \/>\n\t<meta name=\"twitter:data2\" content=\"1 minuto\" \/>\n<script type=\"application\/ld+json\" class=\"yoast-schema-graph\">{\"@context\":\"https:\/\/schema.org\",\"@graph\":[{\"@type\":\"Organization\",\"@id\":\"https:\/\/aepetba.org.br\/v1\/#organization\",\"name\":\"AEPET N\u00facleo Bahia\",\"url\":\"https:\/\/aepetba.org.br\/v1\/\",\"sameAs\":[\"https:\/\/www.instagram.com\/aepetbahia\/\",\"https:\/\/www.youtube.com\/c\/AEPETBAHIA\",\"https:\/\/web.facebook.com\/aepetba\",\"https:\/\/twitter.com\/aepetbahia\"],\"logo\":{\"@type\":\"ImageObject\",\"inLanguage\":\"pt-BR\",\"@id\":\"https:\/\/aepetba.org.br\/v1\/#\/schema\/logo\/image\/\",\"url\":\"https:\/\/aepetba.org.br\/v1\/wp-content\/uploads\/revslider\/home\/logo-AEPETBA.png\",\"contentUrl\":\"https:\/\/aepetba.org.br\/v1\/wp-content\/uploads\/revslider\/home\/logo-AEPETBA.png\",\"width\":297,\"height\":86,\"caption\":\"AEPET N\u00facleo Bahia\"},\"image\":{\"@id\":\"https:\/\/aepetba.org.br\/v1\/#\/schema\/logo\/image\/\"}},{\"@type\":\"WebSite\",\"@id\":\"https:\/\/aepetba.org.br\/v1\/#website\",\"url\":\"https:\/\/aepetba.org.br\/v1\/\",\"name\":\"AEPET N\u00daCLEO BAHIA\",\"description\":\"Associa\u00e7\u00e3o dos Engenheiros da Petrobr\u00e1s N\u00facleo Bahia Petr\u00f3leo Bahia Salvador Nordeste \",\"publisher\":{\"@id\":\"https:\/\/aepetba.org.br\/v1\/#organization\"},\"potentialAction\":[{\"@type\":\"SearchAction\",\"target\":{\"@type\":\"EntryPoint\",\"urlTemplate\":\"https:\/\/aepetba.org.br\/v1\/?s={search_term_string}\"},\"query-input\":\"required name=search_term_string\"}],\"inLanguage\":\"pt-BR\"},{\"@type\":\"ImageObject\",\"inLanguage\":\"pt-BR\",\"@id\":\"https:\/\/aepetba.org.br\/v1\/participem-da-age-na-proxima-quinta-feira\/#primaryimage\",\"url\":\"https:\/\/aepetba.org.br\/v1\/wp-content\/uploads\/2022\/01\/convite-AGO-2022-sexta-Aepet-ba-1.jpg\",\"contentUrl\":\"https:\/\/aepetba.org.br\/v1\/wp-content\/uploads\/2022\/01\/convite-AGO-2022-sexta-Aepet-ba-1.jpg\",\"width\":1080,\"height\":1080},{\"@type\":\"WebPage\",\"@id\":\"https:\/\/aepetba.org.br\/v1\/participem-da-age-na-proxima-quinta-feira\/\",\"url\":\"https:\/\/aepetba.org.br\/v1\/participem-da-age-na-proxima-quinta-feira\/\",\"name\":\"Participem da AGO na pr\u00f3xima sexta-feira, dia 28 - AEPET N\u00daCLEO BAHIA\",\"isPartOf\":{\"@id\":\"https:\/\/aepetba.org.br\/v1\/#website\"},\"primaryImageOfPage\":{\"@id\":\"https:\/\/aepetba.org.br\/v1\/participem-da-age-na-proxima-quinta-feira\/#primaryimage\"},\"datePublished\":\"2022-01-21T16:41:43+00:00\",\"dateModified\":\"2022-01-24T16:29:12+00:00\",\"breadcrumb\":{\"@id\":\"https:\/\/aepetba.org.br\/v1\/participem-da-age-na-proxima-quinta-feira\/#breadcrumb\"},\"inLanguage\":\"pt-BR\",\"potentialAction\":[{\"@type\":\"ReadAction\",\"target\":[\"https:\/\/aepetba.org.br\/v1\/participem-da-age-na-proxima-quinta-feira\/\"]}]},{\"@type\":\"BreadcrumbList\",\"@id\":\"https:\/\/aepetba.org.br\/v1\/participem-da-age-na-proxima-quinta-feira\/#breadcrumb\",\"itemListElement\":[{\"@type\":\"ListItem\",\"position\":1,\"name\":\"In\u00edcio\",\"item\":\"https:\/\/aepetba.org.br\/v1\/\"},{\"@type\":\"ListItem\",\"position\":2,\"name\":\"Participem da AGO na pr\u00f3xima sexta-feira, dia 28\"}]},{\"@type\":\"Article\",\"@id\":\"https:\/\/aepetba.org.br\/v1\/participem-da-age-na-proxima-quinta-feira\/#article\",\"isPartOf\":{\"@id\":\"https:\/\/aepetba.org.br\/v1\/participem-da-age-na-proxima-quinta-feira\/\"},\"author\":{\"name\":\"AEPETBA\",\"@id\":\"https:\/\/aepetba.org.br\/v1\/#\/schema\/person\/3504208f89f3f50e1526867ebb573b88\"},\"headline\":\"Participem da AGO na pr\u00f3xima sexta-feira, dia 28\",\"datePublished\":\"2022-01-21T16:41:43+00:00\",\"dateModified\":\"2022-01-24T16:29:12+00:00\",\"mainEntityOfPage\":{\"@id\":\"https:\/\/aepetba.org.br\/v1\/participem-da-age-na-proxima-quinta-feira\/\"},\"wordCount\":247,\"publisher\":{\"@id\":\"https:\/\/aepetba.org.br\/v1\/#organization\"},\"image\":{\"@id\":\"https:\/\/aepetba.org.br\/v1\/participem-da-age-na-proxima-quinta-feira\/#primaryimage\"},\"thumbnailUrl\":\"https:\/\/aepetba.org.br\/v1\/wp-content\/uploads\/2022\/01\/convite-AGO-2022-sexta-Aepet-ba-1.jpg\",\"articleSection\":[\"Coluna do Associado\",\"Destaque\",\"Not\u00edcias\"],\"inLanguage\":\"pt-BR\"},{\"@type\":\"Person\",\"@id\":\"https:\/\/aepetba.org.br\/v1\/#\/schema\/person\/3504208f89f3f50e1526867ebb573b88\",\"name\":\"AEPETBA\",\"image\":{\"@type\":\"ImageObject\",\"inLanguage\":\"pt-BR\",\"@id\":\"https:\/\/aepetba.org.br\/v1\/#\/schema\/person\/image\/\",\"url\":\"https:\/\/secure.gravatar.com\/avatar\/3e6e1bf98c38137fc6b937d21e974714?s=96&d=mm&r=g\",\"contentUrl\":\"https:\/\/secure.gravatar.com\/avatar\/3e6e1bf98c38137fc6b937d21e974714?s=96&d=mm&r=g\",\"caption\":\"AEPETBA\"},\"sameAs\":[\"http:\/\/aepetba.org.br\/v1\"],\"url\":\"https:\/\/aepetba.org.br\/v1\/author\/lubconsultoria\/\"}]}<\/script>\n<!-- \/ Yoast SEO plugin. -->","yoast_head_json":{"title":"Participem da AGO na pr\u00f3xima sexta-feira, dia 28 - AEPET N\u00daCLEO BAHIA","robots":{"index":"index","follow":"follow","max-snippet":"max-snippet:-1","max-image-preview":"max-image-preview:large","max-video-preview":"max-video-preview:-1"},"canonical":"https:\/\/aepetba.org.br\/v1\/participem-da-age-na-proxima-quinta-feira\/","og_locale":"pt_BR","og_type":"article","og_title":"Participem da AGO na pr\u00f3xima sexta-feira, dia 28 - AEPET N\u00daCLEO BAHIA","og_description":"&nbsp; A AEPET-BA convoca os (as) associados (as) para que participem da Assembleia Geral Ordin\u00e1ria (AGO), na sexta-feira (28\/01), a partir das 17h30. Dois assuntos est\u00e3o em pauta: presta\u00e7\u00e3o de contas de 2021 e or\u00e7amento para 2022. Fa\u00e7a sua inscri\u00e7\u00e3o...","og_url":"https:\/\/aepetba.org.br\/v1\/participem-da-age-na-proxima-quinta-feira\/","og_site_name":"AEPET N\u00daCLEO BAHIA","article_publisher":"https:\/\/web.facebook.com\/aepetba","article_published_time":"2022-01-21T16:41:43+00:00","article_modified_time":"2022-01-24T16:29:12+00:00","og_image":[{"width":1080,"height":1080,"url":"https:\/\/aepetba.org.br\/v1\/wp-content\/uploads\/2022\/01\/convite-AGO-2022-sexta-Aepet-ba-1.jpg","type":"image\/jpeg"}],"author":"AEPETBA","twitter_card":"summary_large_image","twitter_creator":"@aepetbahia","twitter_site":"@aepetbahia","twitter_misc":{"Escrito por":"AEPETBA","Est. tempo de leitura":"1 minuto"},"schema":{"@context":"https:\/\/schema.org","@graph":[{"@type":"Organization","@id":"https:\/\/aepetba.org.br\/v1\/#organization","name":"AEPET N\u00facleo Bahia","url":"https:\/\/aepetba.org.br\/v1\/","sameAs":["https:\/\/www.instagram.com\/aepetbahia\/","https:\/\/www.youtube.com\/c\/AEPETBAHIA","https:\/\/web.facebook.com\/aepetba","https:\/\/twitter.com\/aepetbahia"],"logo":{"@type":"ImageObject","inLanguage":"pt-BR","@id":"https:\/\/aepetba.org.br\/v1\/#\/schema\/logo\/image\/","url":"https:\/\/aepetba.org.br\/v1\/wp-content\/uploads\/revslider\/home\/logo-AEPETBA.png","contentUrl":"https:\/\/aepetba.org.br\/v1\/wp-content\/uploads\/revslider\/home\/logo-AEPETBA.png","width":297,"height":86,"caption":"AEPET N\u00facleo Bahia"},"image":{"@id":"https:\/\/aepetba.org.br\/v1\/#\/schema\/logo\/image\/"}},{"@type":"WebSite","@id":"https:\/\/aepetba.org.br\/v1\/#website","url":"https:\/\/aepetba.org.br\/v1\/","name":"AEPET N\u00daCLEO BAHIA","description":"Associa\u00e7\u00e3o dos Engenheiros da Petrobr\u00e1s N\u00facleo Bahia Petr\u00f3leo Bahia Salvador Nordeste ","publisher":{"@id":"https:\/\/aepetba.org.br\/v1\/#organization"},"potentialAction":[{"@type":"SearchAction","target":{"@type":"EntryPoint","urlTemplate":"https:\/\/aepetba.org.br\/v1\/?s={search_term_string}"},"query-input":"required name=search_term_string"}],"inLanguage":"pt-BR"},{"@type":"ImageObject","inLanguage":"pt-BR","@id":"https:\/\/aepetba.org.br\/v1\/participem-da-age-na-proxima-quinta-feira\/#primaryimage","url":"https:\/\/aepetba.org.br\/v1\/wp-content\/uploads\/2022\/01\/convite-AGO-2022-sexta-Aepet-ba-1.jpg","contentUrl":"https:\/\/aepetba.org.br\/v1\/wp-content\/uploads\/2022\/01\/convite-AGO-2022-sexta-Aepet-ba-1.jpg","width":1080,"height":1080},{"@type":"WebPage","@id":"https:\/\/aepetba.org.br\/v1\/participem-da-age-na-proxima-quinta-feira\/","url":"https:\/\/aepetba.org.br\/v1\/participem-da-age-na-proxima-quinta-feira\/","name":"Participem da AGO na pr\u00f3xima sexta-feira, dia 28 - AEPET N\u00daCLEO BAHIA","isPartOf":{"@id":"https:\/\/aepetba.org.br\/v1\/#website"},"primaryImageOfPage":{"@id":"https:\/\/aepetba.org.br\/v1\/participem-da-age-na-proxima-quinta-feira\/#primaryimage"},"datePublished":"2022-01-21T16:41:43+00:00","dateModified":"2022-01-24T16:29:12+00:00","breadcrumb":{"@id":"https:\/\/aepetba.org.br\/v1\/participem-da-age-na-proxima-quinta-feira\/#breadcrumb"},"inLanguage":"pt-BR","potentialAction":[{"@type":"ReadAction","target":["https:\/\/aepetba.org.br\/v1\/participem-da-age-na-proxima-quinta-feira\/"]}]},{"@type":"BreadcrumbList","@id":"https:\/\/aepetba.org.br\/v1\/participem-da-age-na-proxima-quinta-feira\/#breadcrumb","itemListElement":[{"@type":"ListItem","position":1,"name":"In\u00edcio","item":"https:\/\/aepetba.org.br\/v1\/"},{"@type":"ListItem","position":2,"name":"Participem da AGO na pr\u00f3xima sexta-feira, dia 28"}]},{"@type":"Article","@id":"https:\/\/aepetba.org.br\/v1\/participem-da-age-na-proxima-quinta-feira\/#article","isPartOf":{"@id":"https:\/\/aepetba.org.br\/v1\/participem-da-age-na-proxima-quinta-feira\/"},"author":{"name":"AEPETBA","@id":"https:\/\/aepetba.org.br\/v1\/#\/schema\/person\/3504208f89f3f50e1526867ebb573b88"},"headline":"Participem da AGO na pr\u00f3xima sexta-feira, dia 28","datePublished":"2022-01-21T16:41:43+00:00","dateModified":"2022-01-24T16:29:12+00:00","mainEntityOfPage":{"@id":"https:\/\/aepetba.org.br\/v1\/participem-da-age-na-proxima-quinta-feira\/"},"wordCount":247,"publisher":{"@id":"https:\/\/aepetba.org.br\/v1\/#organization"},"image":{"@id":"https:\/\/aepetba.org.br\/v1\/participem-da-age-na-proxima-quinta-feira\/#primaryimage"},"thumbnailUrl":"https:\/\/aepetba.org.br\/v1\/wp-content\/uploads\/2022\/01\/convite-AGO-2022-sexta-Aepet-ba-1.jpg","articleSection":["Coluna do Associado","Destaque","Not\u00edcias"],"inLanguage":"pt-BR"},{"@type":"Person","@id":"https:\/\/aepetba.org.br\/v1\/#\/schema\/person\/3504208f89f3f50e1526867ebb573b88","name":"AEPETBA","image":{"@type":"ImageObject","inLanguage":"pt-BR","@id":"https:\/\/aepetba.org.br\/v1\/#\/schema\/person\/image\/","url":"https:\/\/secure.gravatar.com\/avatar\/3e6e1bf98c38137fc6b937d21e974714?s=96&d=mm&r=g","contentUrl":"https:\/\/secure.gravatar.com\/avatar\/3e6e1bf98c38137fc6b937d21e974714?s=96&d=mm&r=g","caption":"AEPETBA"},"sameAs":["http:\/\/aepetba.org.br\/v1"],"url":"https:\/\/aepetba.org.br\/v1\/author\/lubconsultoria\/"}]}},"_links":{"self":[{"href":"https:\/\/aepetba.org.br\/v1\/wp-json\/wp\/v2\/posts\/37359"}],"collection":[{"href":"https:\/\/aepetba.org.br\/v1\/wp-json\/wp\/v2\/posts"}],"about":[{"href":"https:\/\/aepetba.org.br\/v1\/wp-json\/wp\/v2\/types\/post"}],"author":[{"embeddable":true,"href":"https:\/\/aepetba.org.br\/v1\/wp-json\/wp\/v2\/users\/1"}],"replies":[{"embeddable":true,"href":"https:\/\/aepetba.org.br\/v1\/wp-json\/wp\/v2\/comments?post=37359"}],"version-history":[{"count":10,"href":"https:\/\/aepetba.org.br\/v1\/wp-json\/wp\/v2\/posts\/37359\/revisions"}],"predecessor-version":[{"id":37387,"href":"https:\/\/aepetba.org.br\/v1\/wp-json\/wp\/v2\/posts\/37359\/revisions\/37387"}],"wp:featuredmedia":[{"embeddable":true,"href":"https:\/\/aepetba.org.br\/v1\/wp-json\/wp\/v2\/media\/37381"}],"wp:attachment":[{"href":"https:\/\/aepetba.org.br\/v1\/wp-json\/wp\/v2\/media?parent=37359"}],"wp:term":[{"taxonomy":"category","embeddable":true,"href":"https:\/\/aepetba.org.br\/v1\/wp-json\/wp\/v2\/categories?post=37359"},{"taxonomy":"post_tag","embeddable":true,"href":"https:\/\/aepetba.org.br\/v1\/wp-json\/wp\/v2\/tags?post=37359"}],"curies":[{"name":"wp","href":"https:\/\/api.w.org\/{rel}","templated":true}]}}