{"id":37366,"date":"2022-01-24T09:42:43","date_gmt":"2022-01-24T12:42:43","guid":{"rendered":"https:\/\/aepetba.org.br\/v1\/?p=37366"},"modified":"2022-01-24T09:42:43","modified_gmt":"2022-01-24T12:42:43","slug":"dia-nacional-do-aposentado-um-dia-de-muita-luta-e-pouca-comemoracao","status":"publish","type":"post","link":"https:\/\/aepetba.org.br\/v1\/dia-nacional-do-aposentado-um-dia-de-muita-luta-e-pouca-comemoracao\/","title":{"rendered":"Dia nacional do aposentado: um dia de muita luta e pouca comemora\u00e7\u00e3o"},"content":{"rendered":"<!--[if lt IE 9]><script>document.createElement('audio');<\/script><![endif]-->\n<audio class=\"wp-audio-shortcode\" id=\"audio-37366-1\" preload=\"none\" style=\"width: 100%;\" controls=\"controls\"><source type=\"audio\/ogg\" src=\"https:\/\/aepetba.org.br\/v1\/wp-content\/uploads\/2022\/01\/dia-dos-aposentados.ogg?_=1\" \/><a href=\"https:\/\/aepetba.org.br\/v1\/wp-content\/uploads\/2022\/01\/dia-dos-aposentados.ogg\">https:\/\/aepetba.org.br\/v1\/wp-content\/uploads\/2022\/01\/dia-dos-aposentados.ogg<\/a><\/audio>\n<blockquote><p><i><span style=\"font-weight: 400;\">Desde 2021, os aposentados da Petrobr\u00e1s v\u00eam lutando contra descontos abusivos e indevidos na AMS. A Bahia \u00e9 o segundo estado do Brasil onde h\u00e1 o maior n\u00famero de aposentados e pensionistas petroleiros<\/span><\/i><span style=\"font-weight: 400;\">.<\/span><\/p><\/blockquote>\n<p><span style=\"font-weight: 400;\">Essa semana \u00e9 especial para os aposentados, sobretudo o dia de hoje (24), em que comemoramos o Dia Nacional do Aposentado. Contudo, o que era para ser uma comemora\u00e7\u00e3o, em especial daqueles petroleiros que<\/span> <span style=\"font-weight: 400;\">contribu\u00edram por anos com sua for\u00e7a de trabalho para o crescimento da Petrobr\u00e1s, se tornou marco para reivindica\u00e7\u00f5es de direitos, cada vez mais usurpados.<\/span><\/p>\n<p><span style=\"font-weight: 400;\">Desde janeiro de 2021, a Petrobr\u00e1s tem \u201csequestrado\u201d os sal\u00e1rios dos seus aposentados e pensionistas, efetuando descontos abusivos e indevidos na AMS (atual Petrobr\u00e1s Sa\u00fade), o plano de sa\u00fade da categoria petroleira. A Bahia \u00e9 o segundo estado do Brasil onde h\u00e1 o maior n\u00famero de aposentados e pensionistas petroleiros. S\u00e3o cerca de 25 mil que hoje se encontram em uma situa\u00e7\u00e3o muito dif\u00edcil.<\/span><\/p>\n<p><span style=\"font-weight: 400;\">Esses descontos somam-se aos outros in\u00fameros que j\u00e1 s\u00e3o feitos regularmente, a exemplo dos valores descontados no custeio do plano de sa\u00fade, saldo devedor e o equacionamento do fundo de pens\u00e3o Petros. Inclusive, esses aposentados t\u00eam sobrevivido, a duras penas, com o dinheiro do INSS. Por isso, este ano uma das principais reivindica\u00e7\u00f5es da categoria ser\u00e1 o custeio do plano de sa\u00fade: 70%\u00a0 responsabilidade da Petrobr\u00e1s e 30% dos trabalhadores.<\/span><\/p>\n<p><span style=\"font-weight: 400;\">Em entrevista ao jornal Correio, um aposentado da Petrobr\u00e1s que preferiu n\u00e3o se identificar, conta que trabalhou durante 32 anos na estatal como t\u00e9cnico de opera\u00e7\u00e3o, e, hoje, como muitos outros petroleiros, enfrenta uma situa\u00e7\u00e3o dif\u00edcil. Ou seja, a categoria que ajudou a construir essa gigante nacional n\u00e3o est\u00e1 sendo valorizada como merece.<\/span><\/p>\n<p><span style=\"font-weight: 400;\">\u201cA gente trabalha grande parte da vida, se planeja e de repente se depara com cobran\u00e7as absurdas, com aumentos de at\u00e9 150%. Tive de cortar gastos at\u00e9 na alimenta\u00e7\u00e3o para sobreviver e tem outros colegas em situa\u00e7\u00f5es piores que a minha. Estamos vivendo na corda bamba\u201d, afirma o aposentado<\/span><\/p>\n<h2><b>Um alento para a categoria<\/b><\/h2>\n<p><span style=\"font-weight: 400;\">Devido \u00e0 luta dos trabalhadores, em setembro de 2021, o senado aprovou o projeto de lei que revogou as medidas impostas pela Resolu\u00e7\u00e3o 23 da Comiss\u00e3o Interministerial de Governan\u00e7a Corporativa e de Administra\u00e7\u00e3o de Participa\u00e7\u00f5es Societ\u00e1rias da Uni\u00e3o (CGPAR). Isso acaba com a obrigatoriedade de redu\u00e7\u00e3o da participa\u00e7\u00e3o das estatais no custeio dos planos, a proibi\u00e7\u00e3o da ades\u00e3o de novos contratados, a restri\u00e7\u00e3o de acesso para os aposentados, a cobran\u00e7as por faixa et\u00e1ria, entre outras determina\u00e7\u00f5es da CGPAR.<\/span><\/p>\n<p><span style=\"font-weight: 400;\">Esse projeto de lei &#8211; PDL 342\/2021, de autoria da deputada federal Erika Kokay (PT\/DF) e tendo o senador Rom\u00e1rio Faria (PL\/RJ) como relator, beneficia os aposentados da Petrobr\u00e1s, mas a luta precisa continuar para evitar a dos benef\u00edcios\u00a0 pelo aumento exorbitante de custos e onerar ainda mais o atendimento do SUS.\u00a0<\/span><\/p>\n<p><span style=\"font-weight: 400;\">Infelizmente, gra\u00e7as \u00e0 indica\u00e7\u00e3o de aprova\u00e7\u00e3o de um acordo muito prejudicial mesmo com o fim da CGPAR 23 os aposentados continuam pagando 40% de todo o custo quando antes do acordo era s\u00f3 30%, financiando assim a APS que \u00e9 mais um ataque aos direitos,em particular, dos aposentados.<\/span><\/p>\n<p><span style=\"font-weight: 400;\">Agora, \u00e9 necess\u00e1rio muita luta para que a Petrobr\u00e1s aceite as reivindica\u00e7\u00f5es e inicie o quanto antes a negocia\u00e7\u00e3o coletiva referente \u00e0 divis\u00e3o de custeio da assist\u00eancia de sa\u00fade dos trabalhadores, observando a Cl\u00e1usula 31 do Acordo Coletivo de Trabalho, que trata do custeio da AMS, a AEPET-BA vai defender o retorno a divis\u00e3o 70% \/30% que sempre prevaleceu na categoria.<\/span><\/p>\n<p><span style=\"font-weight: 400;\">A outra luta \u00e9 contra o equacionamento da Petros. Da forma que foi feito, esse equacionamento representa uma redu\u00e7\u00e3o brusca do poder de compra dos aposentados e pensionistas. \u00c9 preciso uma luta nacional para obrigar a Petrobr\u00e1s a assumir suas responsabilidades pelos erros da Petros que causaram o desequil\u00edbrio t\u00e9cnico. N\u00e3o reconhecemos como responsabilidade dos assistidos da Petros o rombo provocado pela Petrobras atrav\u00e9s de seus representantes indicados na Petros.<\/span><\/p>\n<p><span style=\"font-weight: 400;\">O judici\u00e1rio \u00e9 um caminho, mas n\u00e3o podemos entregar todas as nossas possibilidades nas m\u00e3os de um juiz que, muitas vezes, n\u00e3o tem nenhuma no\u00e7\u00e3o do que \u00e9 a Petrobras, a Petros, a AMS e toda a hist\u00f3ria das nossas lutas ao longo dos anos para conquistar e manter esses direitos.<\/span><\/p>\n<p><span style=\"font-weight: 400;\">Neste dia especial, a AEPET-BA, portanto, parabeniza e agradece a todos os aposentados e pensionistas em especial seus associados e se compromete a manter a luta em defesa da Petrobras e dos direitos tanto na AMS quanto na Petros.<\/span><\/p>\n<p><span style=\"font-weight: 400;\">A nossa homenagem aos aposentados e pensionistas, neste dia, e desejamos sa\u00fade e vida longa. Continuem se protegendo contra o coronav\u00edrus.\u00a0<\/span><\/p>\n","protected":false},"excerpt":{"rendered":"<p>Desde 2021, os aposentados da Petrobr\u00e1s v\u00eam lutando contra descontos abusivos e indevidos na AMS. A Bahia \u00e9 o segundo estado do Brasil onde h\u00e1 o maior n\u00famero de aposentados e pensionistas petroleiros. Essa semana \u00e9 especial para os aposentados,&#8230;<\/p>\n","protected":false},"author":1,"featured_media":37367,"comment_status":"closed","ping_status":"closed","sticky":false,"template":"","format":"standard","meta":[],"categories":[5,87,10],"tags":[],"yoast_head":"<!-- This site is optimized with the Yoast SEO plugin v19.3 - https:\/\/yoast.com\/wordpress\/plugins\/seo\/ -->\n<title>Dia nacional do aposentado: um dia de muita luta e pouca comemora\u00e7\u00e3o - AEPET N\u00daCLEO BAHIA<\/title>\n<meta name=\"robots\" content=\"index, follow, max-snippet:-1, max-image-preview:large, max-video-preview:-1\" \/>\n<link rel=\"canonical\" href=\"https:\/\/aepetba.org.br\/v1\/dia-nacional-do-aposentado-um-dia-de-muita-luta-e-pouca-comemoracao\/\" \/>\n<meta property=\"og:locale\" content=\"pt_BR\" \/>\n<meta property=\"og:type\" content=\"article\" \/>\n<meta property=\"og:title\" content=\"Dia nacional do aposentado: um dia de muita luta e pouca comemora\u00e7\u00e3o - AEPET N\u00daCLEO BAHIA\" \/>\n<meta property=\"og:description\" content=\"Desde 2021, os aposentados da Petrobr\u00e1s v\u00eam lutando contra descontos abusivos e indevidos na AMS. A Bahia \u00e9 o segundo estado do Brasil onde h\u00e1 o maior n\u00famero de aposentados e pensionistas petroleiros. Essa semana \u00e9 especial para os aposentados,...\" \/>\n<meta property=\"og:url\" content=\"https:\/\/aepetba.org.br\/v1\/dia-nacional-do-aposentado-um-dia-de-muita-luta-e-pouca-comemoracao\/\" \/>\n<meta property=\"og:site_name\" content=\"AEPET N\u00daCLEO BAHIA\" \/>\n<meta property=\"article:publisher\" content=\"https:\/\/web.facebook.com\/aepetba\" \/>\n<meta property=\"article:published_time\" content=\"2022-01-24T12:42:43+00:00\" \/>\n<meta property=\"og:image\" content=\"https:\/\/aepetba.org.br\/v1\/wp-content\/uploads\/2022\/01\/Materia-dia-do-aposentado-Aepet-ba.jpg\" \/>\n\t<meta property=\"og:image:width\" content=\"1080\" \/>\n\t<meta property=\"og:image:height\" content=\"1080\" \/>\n\t<meta property=\"og:image:type\" content=\"image\/jpeg\" \/>\n<meta name=\"author\" content=\"AEPETBA\" \/>\n<meta name=\"twitter:card\" content=\"summary_large_image\" \/>\n<meta name=\"twitter:creator\" content=\"@aepetbahia\" \/>\n<meta name=\"twitter:site\" content=\"@aepetbahia\" \/>\n<meta name=\"twitter:label1\" content=\"Escrito por\" \/>\n\t<meta name=\"twitter:data1\" content=\"AEPETBA\" \/>\n\t<meta name=\"twitter:label2\" content=\"Est. tempo de leitura\" \/>\n\t<meta name=\"twitter:data2\" content=\"4 minutos\" \/>\n<script type=\"application\/ld+json\" class=\"yoast-schema-graph\">{\"@context\":\"https:\/\/schema.org\",\"@graph\":[{\"@type\":\"Organization\",\"@id\":\"https:\/\/aepetba.org.br\/v1\/#organization\",\"name\":\"AEPET N\u00facleo Bahia\",\"url\":\"https:\/\/aepetba.org.br\/v1\/\",\"sameAs\":[\"https:\/\/www.instagram.com\/aepetbahia\/\",\"https:\/\/www.youtube.com\/c\/AEPETBAHIA\",\"https:\/\/web.facebook.com\/aepetba\",\"https:\/\/twitter.com\/aepetbahia\"],\"logo\":{\"@type\":\"ImageObject\",\"inLanguage\":\"pt-BR\",\"@id\":\"https:\/\/aepetba.org.br\/v1\/#\/schema\/logo\/image\/\",\"url\":\"https:\/\/aepetba.org.br\/v1\/wp-content\/uploads\/revslider\/home\/logo-AEPETBA.png\",\"contentUrl\":\"https:\/\/aepetba.org.br\/v1\/wp-content\/uploads\/revslider\/home\/logo-AEPETBA.png\",\"width\":297,\"height\":86,\"caption\":\"AEPET N\u00facleo Bahia\"},\"image\":{\"@id\":\"https:\/\/aepetba.org.br\/v1\/#\/schema\/logo\/image\/\"}},{\"@type\":\"WebSite\",\"@id\":\"https:\/\/aepetba.org.br\/v1\/#website\",\"url\":\"https:\/\/aepetba.org.br\/v1\/\",\"name\":\"AEPET N\u00daCLEO BAHIA\",\"description\":\"Associa\u00e7\u00e3o dos Engenheiros da Petrobr\u00e1s N\u00facleo Bahia Petr\u00f3leo Bahia Salvador Nordeste \",\"publisher\":{\"@id\":\"https:\/\/aepetba.org.br\/v1\/#organization\"},\"potentialAction\":[{\"@type\":\"SearchAction\",\"target\":{\"@type\":\"EntryPoint\",\"urlTemplate\":\"https:\/\/aepetba.org.br\/v1\/?s={search_term_string}\"},\"query-input\":\"required name=search_term_string\"}],\"inLanguage\":\"pt-BR\"},{\"@type\":\"ImageObject\",\"inLanguage\":\"pt-BR\",\"@id\":\"https:\/\/aepetba.org.br\/v1\/dia-nacional-do-aposentado-um-dia-de-muita-luta-e-pouca-comemoracao\/#primaryimage\",\"url\":\"https:\/\/aepetba.org.br\/v1\/wp-content\/uploads\/2022\/01\/Materia-dia-do-aposentado-Aepet-ba.jpg\",\"contentUrl\":\"https:\/\/aepetba.org.br\/v1\/wp-content\/uploads\/2022\/01\/Materia-dia-do-aposentado-Aepet-ba.jpg\",\"width\":1080,\"height\":1080},{\"@type\":\"WebPage\",\"@id\":\"https:\/\/aepetba.org.br\/v1\/dia-nacional-do-aposentado-um-dia-de-muita-luta-e-pouca-comemoracao\/\",\"url\":\"https:\/\/aepetba.org.br\/v1\/dia-nacional-do-aposentado-um-dia-de-muita-luta-e-pouca-comemoracao\/\",\"name\":\"Dia nacional do aposentado: um dia de muita luta e pouca comemora\u00e7\u00e3o - AEPET N\u00daCLEO BAHIA\",\"isPartOf\":{\"@id\":\"https:\/\/aepetba.org.br\/v1\/#website\"},\"primaryImageOfPage\":{\"@id\":\"https:\/\/aepetba.org.br\/v1\/dia-nacional-do-aposentado-um-dia-de-muita-luta-e-pouca-comemoracao\/#primaryimage\"},\"datePublished\":\"2022-01-24T12:42:43+00:00\",\"dateModified\":\"2022-01-24T12:42:43+00:00\",\"breadcrumb\":{\"@id\":\"https:\/\/aepetba.org.br\/v1\/dia-nacional-do-aposentado-um-dia-de-muita-luta-e-pouca-comemoracao\/#breadcrumb\"},\"inLanguage\":\"pt-BR\",\"potentialAction\":[{\"@type\":\"ReadAction\",\"target\":[\"https:\/\/aepetba.org.br\/v1\/dia-nacional-do-aposentado-um-dia-de-muita-luta-e-pouca-comemoracao\/\"]}]},{\"@type\":\"BreadcrumbList\",\"@id\":\"https:\/\/aepetba.org.br\/v1\/dia-nacional-do-aposentado-um-dia-de-muita-luta-e-pouca-comemoracao\/#breadcrumb\",\"itemListElement\":[{\"@type\":\"ListItem\",\"position\":1,\"name\":\"In\u00edcio\",\"item\":\"https:\/\/aepetba.org.br\/v1\/\"},{\"@type\":\"ListItem\",\"position\":2,\"name\":\"Dia nacional do aposentado: um dia de muita luta e pouca comemora\u00e7\u00e3o\"}]},{\"@type\":\"Article\",\"@id\":\"https:\/\/aepetba.org.br\/v1\/dia-nacional-do-aposentado-um-dia-de-muita-luta-e-pouca-comemoracao\/#article\",\"isPartOf\":{\"@id\":\"https:\/\/aepetba.org.br\/v1\/dia-nacional-do-aposentado-um-dia-de-muita-luta-e-pouca-comemoracao\/\"},\"author\":{\"name\":\"AEPETBA\",\"@id\":\"https:\/\/aepetba.org.br\/v1\/#\/schema\/person\/3504208f89f3f50e1526867ebb573b88\"},\"headline\":\"Dia nacional do aposentado: um dia de muita luta e pouca comemora\u00e7\u00e3o\",\"datePublished\":\"2022-01-24T12:42:43+00:00\",\"dateModified\":\"2022-01-24T12:42:43+00:00\",\"mainEntityOfPage\":{\"@id\":\"https:\/\/aepetba.org.br\/v1\/dia-nacional-do-aposentado-um-dia-de-muita-luta-e-pouca-comemoracao\/\"},\"wordCount\":830,\"publisher\":{\"@id\":\"https:\/\/aepetba.org.br\/v1\/#organization\"},\"image\":{\"@id\":\"https:\/\/aepetba.org.br\/v1\/dia-nacional-do-aposentado-um-dia-de-muita-luta-e-pouca-comemoracao\/#primaryimage\"},\"thumbnailUrl\":\"https:\/\/aepetba.org.br\/v1\/wp-content\/uploads\/2022\/01\/Materia-dia-do-aposentado-Aepet-ba.jpg\",\"articleSection\":[\"Coluna do Associado\",\"Destaque\",\"Not\u00edcias\"],\"inLanguage\":\"pt-BR\"},{\"@type\":\"Person\",\"@id\":\"https:\/\/aepetba.org.br\/v1\/#\/schema\/person\/3504208f89f3f50e1526867ebb573b88\",\"name\":\"AEPETBA\",\"image\":{\"@type\":\"ImageObject\",\"inLanguage\":\"pt-BR\",\"@id\":\"https:\/\/aepetba.org.br\/v1\/#\/schema\/person\/image\/\",\"url\":\"https:\/\/secure.gravatar.com\/avatar\/3e6e1bf98c38137fc6b937d21e974714?s=96&d=mm&r=g\",\"contentUrl\":\"https:\/\/secure.gravatar.com\/avatar\/3e6e1bf98c38137fc6b937d21e974714?s=96&d=mm&r=g\",\"caption\":\"AEPETBA\"},\"sameAs\":[\"http:\/\/aepetba.org.br\/v1\"],\"url\":\"https:\/\/aepetba.org.br\/v1\/author\/lubconsultoria\/\"}]}<\/script>\n<!-- \/ Yoast SEO plugin. -->","yoast_head_json":{"title":"Dia nacional do aposentado: um dia de muita luta e pouca comemora\u00e7\u00e3o - AEPET N\u00daCLEO BAHIA","robots":{"index":"index","follow":"follow","max-snippet":"max-snippet:-1","max-image-preview":"max-image-preview:large","max-video-preview":"max-video-preview:-1"},"canonical":"https:\/\/aepetba.org.br\/v1\/dia-nacional-do-aposentado-um-dia-de-muita-luta-e-pouca-comemoracao\/","og_locale":"pt_BR","og_type":"article","og_title":"Dia nacional do aposentado: um dia de muita luta e pouca comemora\u00e7\u00e3o - AEPET N\u00daCLEO BAHIA","og_description":"Desde 2021, os aposentados da Petrobr\u00e1s v\u00eam lutando contra descontos abusivos e indevidos na AMS. A Bahia \u00e9 o segundo estado do Brasil onde h\u00e1 o maior n\u00famero de aposentados e pensionistas petroleiros. Essa semana \u00e9 especial para os aposentados,...","og_url":"https:\/\/aepetba.org.br\/v1\/dia-nacional-do-aposentado-um-dia-de-muita-luta-e-pouca-comemoracao\/","og_site_name":"AEPET N\u00daCLEO BAHIA","article_publisher":"https:\/\/web.facebook.com\/aepetba","article_published_time":"2022-01-24T12:42:43+00:00","og_image":[{"width":1080,"height":1080,"url":"https:\/\/aepetba.org.br\/v1\/wp-content\/uploads\/2022\/01\/Materia-dia-do-aposentado-Aepet-ba.jpg","type":"image\/jpeg"}],"author":"AEPETBA","twitter_card":"summary_large_image","twitter_creator":"@aepetbahia","twitter_site":"@aepetbahia","twitter_misc":{"Escrito por":"AEPETBA","Est. tempo de leitura":"4 minutos"},"schema":{"@context":"https:\/\/schema.org","@graph":[{"@type":"Organization","@id":"https:\/\/aepetba.org.br\/v1\/#organization","name":"AEPET N\u00facleo Bahia","url":"https:\/\/aepetba.org.br\/v1\/","sameAs":["https:\/\/www.instagram.com\/aepetbahia\/","https:\/\/www.youtube.com\/c\/AEPETBAHIA","https:\/\/web.facebook.com\/aepetba","https:\/\/twitter.com\/aepetbahia"],"logo":{"@type":"ImageObject","inLanguage":"pt-BR","@id":"https:\/\/aepetba.org.br\/v1\/#\/schema\/logo\/image\/","url":"https:\/\/aepetba.org.br\/v1\/wp-content\/uploads\/revslider\/home\/logo-AEPETBA.png","contentUrl":"https:\/\/aepetba.org.br\/v1\/wp-content\/uploads\/revslider\/home\/logo-AEPETBA.png","width":297,"height":86,"caption":"AEPET N\u00facleo Bahia"},"image":{"@id":"https:\/\/aepetba.org.br\/v1\/#\/schema\/logo\/image\/"}},{"@type":"WebSite","@id":"https:\/\/aepetba.org.br\/v1\/#website","url":"https:\/\/aepetba.org.br\/v1\/","name":"AEPET N\u00daCLEO BAHIA","description":"Associa\u00e7\u00e3o dos Engenheiros da Petrobr\u00e1s N\u00facleo Bahia Petr\u00f3leo Bahia Salvador Nordeste ","publisher":{"@id":"https:\/\/aepetba.org.br\/v1\/#organization"},"potentialAction":[{"@type":"SearchAction","target":{"@type":"EntryPoint","urlTemplate":"https:\/\/aepetba.org.br\/v1\/?s={search_term_string}"},"query-input":"required name=search_term_string"}],"inLanguage":"pt-BR"},{"@type":"ImageObject","inLanguage":"pt-BR","@id":"https:\/\/aepetba.org.br\/v1\/dia-nacional-do-aposentado-um-dia-de-muita-luta-e-pouca-comemoracao\/#primaryimage","url":"https:\/\/aepetba.org.br\/v1\/wp-content\/uploads\/2022\/01\/Materia-dia-do-aposentado-Aepet-ba.jpg","contentUrl":"https:\/\/aepetba.org.br\/v1\/wp-content\/uploads\/2022\/01\/Materia-dia-do-aposentado-Aepet-ba.jpg","width":1080,"height":1080},{"@type":"WebPage","@id":"https:\/\/aepetba.org.br\/v1\/dia-nacional-do-aposentado-um-dia-de-muita-luta-e-pouca-comemoracao\/","url":"https:\/\/aepetba.org.br\/v1\/dia-nacional-do-aposentado-um-dia-de-muita-luta-e-pouca-comemoracao\/","name":"Dia nacional do aposentado: um dia de muita luta e pouca comemora\u00e7\u00e3o - AEPET N\u00daCLEO BAHIA","isPartOf":{"@id":"https:\/\/aepetba.org.br\/v1\/#website"},"primaryImageOfPage":{"@id":"https:\/\/aepetba.org.br\/v1\/dia-nacional-do-aposentado-um-dia-de-muita-luta-e-pouca-comemoracao\/#primaryimage"},"datePublished":"2022-01-24T12:42:43+00:00","dateModified":"2022-01-24T12:42:43+00:00","breadcrumb":{"@id":"https:\/\/aepetba.org.br\/v1\/dia-nacional-do-aposentado-um-dia-de-muita-luta-e-pouca-comemoracao\/#breadcrumb"},"inLanguage":"pt-BR","potentialAction":[{"@type":"ReadAction","target":["https:\/\/aepetba.org.br\/v1\/dia-nacional-do-aposentado-um-dia-de-muita-luta-e-pouca-comemoracao\/"]}]},{"@type":"BreadcrumbList","@id":"https:\/\/aepetba.org.br\/v1\/dia-nacional-do-aposentado-um-dia-de-muita-luta-e-pouca-comemoracao\/#breadcrumb","itemListElement":[{"@type":"ListItem","position":1,"name":"In\u00edcio","item":"https:\/\/aepetba.org.br\/v1\/"},{"@type":"ListItem","position":2,"name":"Dia nacional do aposentado: um dia de muita luta e pouca comemora\u00e7\u00e3o"}]},{"@type":"Article","@id":"https:\/\/aepetba.org.br\/v1\/dia-nacional-do-aposentado-um-dia-de-muita-luta-e-pouca-comemoracao\/#article","isPartOf":{"@id":"https:\/\/aepetba.org.br\/v1\/dia-nacional-do-aposentado-um-dia-de-muita-luta-e-pouca-comemoracao\/"},"author":{"name":"AEPETBA","@id":"https:\/\/aepetba.org.br\/v1\/#\/schema\/person\/3504208f89f3f50e1526867ebb573b88"},"headline":"Dia nacional do aposentado: um dia de muita luta e pouca comemora\u00e7\u00e3o","datePublished":"2022-01-24T12:42:43+00:00","dateModified":"2022-01-24T12:42:43+00:00","mainEntityOfPage":{"@id":"https:\/\/aepetba.org.br\/v1\/dia-nacional-do-aposentado-um-dia-de-muita-luta-e-pouca-comemoracao\/"},"wordCount":830,"publisher":{"@id":"https:\/\/aepetba.org.br\/v1\/#organization"},"image":{"@id":"https:\/\/aepetba.org.br\/v1\/dia-nacional-do-aposentado-um-dia-de-muita-luta-e-pouca-comemoracao\/#primaryimage"},"thumbnailUrl":"https:\/\/aepetba.org.br\/v1\/wp-content\/uploads\/2022\/01\/Materia-dia-do-aposentado-Aepet-ba.jpg","articleSection":["Coluna do Associado","Destaque","Not\u00edcias"],"inLanguage":"pt-BR"},{"@type":"Person","@id":"https:\/\/aepetba.org.br\/v1\/#\/schema\/person\/3504208f89f3f50e1526867ebb573b88","name":"AEPETBA","image":{"@type":"ImageObject","inLanguage":"pt-BR","@id":"https:\/\/aepetba.org.br\/v1\/#\/schema\/person\/image\/","url":"https:\/\/secure.gravatar.com\/avatar\/3e6e1bf98c38137fc6b937d21e974714?s=96&d=mm&r=g","contentUrl":"https:\/\/secure.gravatar.com\/avatar\/3e6e1bf98c38137fc6b937d21e974714?s=96&d=mm&r=g","caption":"AEPETBA"},"sameAs":["http:\/\/aepetba.org.br\/v1"],"url":"https:\/\/aepetba.org.br\/v1\/author\/lubconsultoria\/"}]}},"_links":{"self":[{"href":"https:\/\/aepetba.org.br\/v1\/wp-json\/wp\/v2\/posts\/37366"}],"collection":[{"href":"https:\/\/aepetba.org.br\/v1\/wp-json\/wp\/v2\/posts"}],"about":[{"href":"https:\/\/aepetba.org.br\/v1\/wp-json\/wp\/v2\/types\/post"}],"author":[{"embeddable":true,"href":"https:\/\/aepetba.org.br\/v1\/wp-json\/wp\/v2\/users\/1"}],"replies":[{"embeddable":true,"href":"https:\/\/aepetba.org.br\/v1\/wp-json\/wp\/v2\/comments?post=37366"}],"version-history":[{"count":1,"href":"https:\/\/aepetba.org.br\/v1\/wp-json\/wp\/v2\/posts\/37366\/revisions"}],"predecessor-version":[{"id":37369,"href":"https:\/\/aepetba.org.br\/v1\/wp-json\/wp\/v2\/posts\/37366\/revisions\/37369"}],"wp:featuredmedia":[{"embeddable":true,"href":"https:\/\/aepetba.org.br\/v1\/wp-json\/wp\/v2\/media\/37367"}],"wp:attachment":[{"href":"https:\/\/aepetba.org.br\/v1\/wp-json\/wp\/v2\/media?parent=37366"}],"wp:term":[{"taxonomy":"category","embeddable":true,"href":"https:\/\/aepetba.org.br\/v1\/wp-json\/wp\/v2\/categories?post=37366"},{"taxonomy":"post_tag","embeddable":true,"href":"https:\/\/aepetba.org.br\/v1\/wp-json\/wp\/v2\/tags?post=37366"}],"curies":[{"name":"wp","href":"https:\/\/api.w.org\/{rel}","templated":true}]}}