{"id":37477,"date":"2022-02-04T17:14:31","date_gmt":"2022-02-04T20:14:31","guid":{"rendered":"https:\/\/aepetba.org.br\/v1\/?p=37477"},"modified":"2022-02-04T19:38:25","modified_gmt":"2022-02-04T22:38:25","slug":"executivo-da-petrobras-rafael-chaves-deve-ser-enquadrado-no-codigo-de-conduta-etica-e-afastado-do-cargo","status":"publish","type":"post","link":"https:\/\/aepetba.org.br\/v1\/executivo-da-petrobras-rafael-chaves-deve-ser-enquadrado-no-codigo-de-conduta-etica-e-afastado-do-cargo\/","title":{"rendered":"Executivo da Petrobr\u00e1s, Rafael Chaves, deve ser enquadrado no C\u00f3digo de Conduta \u00c9tica e afastado do cargo"},"content":{"rendered":"<!--[if lt IE 9]><script>document.createElement('audio');<\/script><![endif]-->\n<audio class=\"wp-audio-shortcode\" id=\"audio-37477-1\" preload=\"none\" style=\"width: 100%;\" controls=\"controls\"><source type=\"audio\/ogg\" src=\"https:\/\/aepetba.org.br\/v1\/wp-content\/uploads\/2022\/02\/executivo-da-petrobras-descumpri-regras.ogg?_=1\" \/><a href=\"https:\/\/aepetba.org.br\/v1\/wp-content\/uploads\/2022\/02\/executivo-da-petrobras-descumpri-regras.ogg\">https:\/\/aepetba.org.br\/v1\/wp-content\/uploads\/2022\/02\/executivo-da-petrobras-descumpri-regras.ogg<\/a><\/audio>\n<p><span style=\"font-weight: 400;\">Causou muita indigna\u00e7\u00e3o e revolta entre os petroleiros, o discurso do diretor de Relacionamento Institucional e Sustentabilidade da Petrobr\u00e1s, Rafael Chaves (mais um produto do aparelhamento bolsonarista no governo), na cerim\u00f4nia de inaugura\u00e7\u00e3o do Polo Gaslub, em Itabora\u00ed (RJ), no dia 31\/01. O executivo n\u00e3o concursado, que participou da cerim\u00f4nia, subiu ao palco prometendo que n\u00e3o faria um discurso pol\u00edtico. Ficou s\u00f3 na promessa. Chaves, fantasiado com o macac\u00e3o dos petroleiros, deixou suas falas t\u00e9cnicas no bolso do terno que costuma usar em apari\u00e7\u00f5es p\u00fablicas e preferiu partir para o ataque contra governos anteriores.<\/span><\/p>\n<p><span style=\"font-weight: 400;\"><img loading=\"lazy\" class=\"alignnone size-full wp-image-37483\" src=\"https:\/\/aepetba.org.br\/v1\/wp-content\/uploads\/2022\/02\/petroleiros-sem-mascara.jpeg\" alt=\"\" width=\"1024\" height=\"595\" srcset=\"https:\/\/aepetba.org.br\/v1\/wp-content\/uploads\/2022\/02\/petroleiros-sem-mascara.jpeg 1024w, https:\/\/aepetba.org.br\/v1\/wp-content\/uploads\/2022\/02\/petroleiros-sem-mascara-300x174.jpeg 300w, https:\/\/aepetba.org.br\/v1\/wp-content\/uploads\/2022\/02\/petroleiros-sem-mascara-768x446.jpeg 768w, https:\/\/aepetba.org.br\/v1\/wp-content\/uploads\/2022\/02\/petroleiros-sem-mascara-370x215.jpeg 370w, https:\/\/aepetba.org.br\/v1\/wp-content\/uploads\/2022\/02\/petroleiros-sem-mascara-360x209.jpeg 360w\" sizes=\"(max-width: 1024px) 100vw, 1024px\" \/>Al\u00e9m de Chaves, outros diretores da estatal, que comumente tamb\u00e9m usam terno e gravata, se fantasiaram de petroleiros no evento, na Gaslub para fazer jogo de cena e adular Bolsonaro.<\/span><\/p>\n<p><span style=\"font-weight: 400;\">Na solenidade, eles n\u00e3o usavam m\u00e1scaras de prote\u00e7\u00e3o facial contra a Covid-19, em claro sinal de alinhamento \u00e0 pol\u00edtica negacionista de Jair Bolsonaro e\u00a0 descumprimento das determina\u00e7\u00f5es internas de uso obrigat\u00f3rio de m\u00e1scara para colaboradores e visitantes dentro das instala\u00e7\u00f5es da Petrobras.<\/span><\/p>\n<p><span style=\"font-weight: 400;\">Destaca-se que Chaves \u00e9 respons\u00e1vel pelo setor de SMS (Seguran\u00e7a, Meio Ambiente e Sa\u00fade) e como tal deveria dar exemplo de comportamento \u00e9tico e seguro, na pandemia, usando m\u00e1scara facial, no m\u00ednimo. Mas o descaso \u00e9 t\u00e3o grande com a for\u00e7a de trabalho, mesmo quando sabe-se que os casos de Covid-19 nas unidades da empresa, em especial, nas plataformas, dispararam assustadoramente.\u00a0<\/span><\/p>\n<p><span style=\"font-weight: 400;\">O discurso de Chaves, foi taxado pelos petroleiros de \u201cfalacioso, oportunista, mentiroso e irrespons\u00e1vel\u201d e causou muita revolta, inclusive porque o diretor n\u00e3o \u00e9 concursado da Petrobr\u00e1s. Inclusive, um dos trechos mais pol\u00eamicos da fala do diretor foi quando mencionou que a atual gest\u00e3o \u00e9 formada somente por t\u00e9cnicos e concursados. Os petroleiros desmentem o executivo, porque ele mesmo foi al\u00e7ado ao posto justamente por Bolsonaro em 2019 sem nunca ter feito concurso para trabalhar na empresa estatal e hoje ganha um sal\u00e1rio mensal de R$ 150.000,00. Ou seja, como dizem os petroleiros,entrou pela janela.<\/span><\/p>\n<p><span style=\"font-weight: 400;\">Deve ser por isso que o executivo, oriundo da iniciativa privada, n\u00e3o se preocupou com atropelar o c\u00f3digo de conduta\u00a0 \u00e9tica da Petrobr\u00e1s que o impede de expressar opini\u00f5es pessoais de conte\u00fado pol\u00edtico no exerc\u00edcio das fun\u00e7\u00f5es de representa\u00e7\u00e3o da Petrobr\u00e1s, Ponto a ponto do que ele tratou no discurso foram desmentidos pelas entidades que representam os petroleiros.\u00a0<\/span><\/p>\n<p><span style=\"font-weight: 400;\">Chaves passou por cima de valores e princ\u00edpios do c\u00f3digo de \u00e9tica e por isso n\u00e3o pode ficar impune. A AEPET-BA vai buscar todos os meios necess\u00e1rios para que a empresa aplique o c\u00f3digo de conduta \u00e9tica no diretor e, se for poss\u00edvel, seja afastado do cargo. S\u00e3o esses executivos n\u00e3o concursados que est\u00e3o destruindo a Petrobr\u00e1s, aprovando a venda dos ativos a pre\u00e7o vil( muito abaixo do valor de mercado). Eles seguem as ordens de Guedes\/Bolsonaro que a todo custo querem privatizar a empresa.<\/span><\/p>\n<h2><b>Discurso falacioso<\/b><\/h2>\n<p><span style=\"font-weight: 400;\">O diretor de Relacionamento Institucional da petroleira, Rafael Chaves, reafirmando sua posi\u00e7\u00e3o de entreguista, afirmou durante o evento da Gaslub que, somente em 2021, houve um primeiro investimento relevante no refino brasileiro, fazendo refer\u00eancia \u00e0 compra da Refinaria Landulpho Alves (RLAM), na Bahia, pelo Fundo Mubadala. Uma negociata que est\u00e1 sendo contestada, porque a refinaria que valia quase US$ 4 bilh\u00f5es, foi entregue por US$ 1,8 bilh\u00f5es para um fundo de investimento dos Emirados \u00c1rabes, favorecendo a cria\u00e7\u00e3o de um monop\u00f3lio regional em que a Acelen, que administra a RLAM, dita os pre\u00e7os dos combust\u00edveis. Os baianos est\u00e3o pagando a gasolina mais cara do Brasil.\u00a0<\/span><\/p>\n<p><span style=\"font-weight: 400;\">Outro tema trazido por Chaves foram os pre\u00e7os dos combust\u00edveis. Ele reclamou durante o evento que a empresa est\u00e1 sendo cobrada pelos pre\u00e7os dos derivados. Reconhecendo que os valores est\u00e3o caros, o executivo justificou dizendo que o Brasil ainda precisa importar g\u00e1s, diesel e gasolina. \u201cPorque o Brasil n\u00e3o conseguiu atingir essa autossufici\u00eancia [no refino de petr\u00f3leo]? [Foi] essa corrup\u00e7\u00e3o do passado, que afugentou todos os investidores privados do pa\u00eds\u201d, declarou Chaves.<\/span><\/p>\n<p><span style=\"font-weight: 400;\">O executivo esqueceu de dizer que os pre\u00e7os altos de combust\u00edveis no pa\u00eds devem-se \u00e0 pol\u00edtica de pre\u00e7os desempenhada pela Petrobr\u00e1s desde 2016, quando o ex-presidente Michel Temer implementou o Pre\u00e7o de Paridade de Importa\u00e7\u00e3o (PPI), que atrelou os combust\u00edveis ao pre\u00e7o do petr\u00f3leo internacional, ao d\u00f3lar e aos custos de importa\u00e7\u00e3o de derivados. Essa pol\u00edtica seguida \u00e0 risca por Bolsonaro provocou, al\u00e9m dos aumentos constantes dos combust\u00edveis e g\u00e1s de cozinha, disparada da infla\u00e7\u00e3o.\u00a0<\/span><\/p>\n<p><span style=\"font-weight: 400;\">A AEPET-BA manifesta seu rep\u00fadio \u00e0s declara\u00e7\u00f5es do executivo da Petrobr\u00e1s, que envergonha a empresa e nunca deveria vestir a farda dos petroleiros para destruir a imagem da empresa e envergonhar a categoria, a regra deve ser para todos e a n\u00e3o utiliza\u00e7\u00e3o do EPI (Equipamento de Prote\u00e7\u00e3o Individual) j\u00e1 \u00e9 motivo para demiss\u00e3o por justa causa. O \u201cgestor\u201d Chaves deveria ter dado o exemplo, n\u00e3o o fez, ent\u00e3o precisa voltar para a iniciativa privada e ver quanto tempo fica no cargo se falar mal da empresa que paga seu sal\u00e1rio.\u00a0<\/span><\/p>\n<p><span style=\"font-weight: 400;\">(Com informa\u00e7\u00f5es da Revista F\u00f3rum e Petronot\u00edcias)<\/span><\/p>\n<p><img loading=\"lazy\" class=\"alignnone size-full wp-image-37485\" src=\"https:\/\/aepetba.org.br\/v1\/wp-content\/uploads\/2022\/02\/alerta-coronavirus.jpeg\" alt=\"\" width=\"848\" height=\"1280\" srcset=\"https:\/\/aepetba.org.br\/v1\/wp-content\/uploads\/2022\/02\/alerta-coronavirus.jpeg 848w, https:\/\/aepetba.org.br\/v1\/wp-content\/uploads\/2022\/02\/alerta-coronavirus-199x300.jpeg 199w, https:\/\/aepetba.org.br\/v1\/wp-content\/uploads\/2022\/02\/alerta-coronavirus-678x1024.jpeg 678w, https:\/\/aepetba.org.br\/v1\/wp-content\/uploads\/2022\/02\/alerta-coronavirus-768x1159.jpeg 768w, https:\/\/aepetba.org.br\/v1\/wp-content\/uploads\/2022\/02\/alerta-coronavirus-239x360.jpeg 239w, https:\/\/aepetba.org.br\/v1\/wp-content\/uploads\/2022\/02\/alerta-coronavirus-360x543.jpeg 360w\" sizes=\"(max-width: 848px) 100vw, 848px\" \/><\/p>\n","protected":false},"excerpt":{"rendered":"<p>Causou muita indigna\u00e7\u00e3o e revolta entre os petroleiros, o discurso do diretor de Relacionamento Institucional e Sustentabilidade da Petrobr\u00e1s, Rafael Chaves (mais um produto do aparelhamento bolsonarista no governo), na cerim\u00f4nia de inaugura\u00e7\u00e3o do Polo Gaslub, em Itabora\u00ed (RJ), no&#8230;<\/p>\n","protected":false},"author":1,"featured_media":0,"comment_status":"closed","ping_status":"closed","sticky":false,"template":"","format":"standard","meta":[],"categories":[5,87,10],"tags":[],"yoast_head":"<!-- This site is optimized with the Yoast SEO plugin v19.3 - https:\/\/yoast.com\/wordpress\/plugins\/seo\/ -->\n<title>Executivo da Petrobr\u00e1s, Rafael Chaves, deve ser enquadrado no C\u00f3digo de Conduta \u00c9tica e afastado do cargo - AEPET N\u00daCLEO BAHIA<\/title>\n<meta name=\"robots\" content=\"index, follow, max-snippet:-1, max-image-preview:large, max-video-preview:-1\" \/>\n<link rel=\"canonical\" href=\"https:\/\/aepetba.org.br\/v1\/executivo-da-petrobras-rafael-chaves-deve-ser-enquadrado-no-codigo-de-conduta-etica-e-afastado-do-cargo\/\" \/>\n<meta property=\"og:locale\" content=\"pt_BR\" \/>\n<meta property=\"og:type\" content=\"article\" \/>\n<meta property=\"og:title\" content=\"Executivo da Petrobr\u00e1s, Rafael Chaves, deve ser enquadrado no C\u00f3digo de Conduta \u00c9tica e afastado do cargo - AEPET N\u00daCLEO BAHIA\" \/>\n<meta property=\"og:description\" content=\"Causou muita indigna\u00e7\u00e3o e revolta entre os petroleiros, o discurso do diretor de Relacionamento Institucional e Sustentabilidade da Petrobr\u00e1s, Rafael Chaves (mais um produto do aparelhamento bolsonarista no governo), na cerim\u00f4nia de inaugura\u00e7\u00e3o do Polo Gaslub, em Itabora\u00ed (RJ), no...\" \/>\n<meta property=\"og:url\" content=\"https:\/\/aepetba.org.br\/v1\/executivo-da-petrobras-rafael-chaves-deve-ser-enquadrado-no-codigo-de-conduta-etica-e-afastado-do-cargo\/\" \/>\n<meta property=\"og:site_name\" content=\"AEPET N\u00daCLEO BAHIA\" \/>\n<meta property=\"article:publisher\" content=\"https:\/\/web.facebook.com\/aepetba\" \/>\n<meta property=\"article:published_time\" content=\"2022-02-04T20:14:31+00:00\" \/>\n<meta property=\"article:modified_time\" content=\"2022-02-04T22:38:25+00:00\" \/>\n<meta property=\"og:image\" content=\"https:\/\/aepetba.org.br\/v1\/wp-content\/uploads\/2022\/02\/petroleiros-sem-mascara.jpeg\" \/>\n<meta name=\"author\" content=\"AEPETBA\" \/>\n<meta name=\"twitter:card\" content=\"summary_large_image\" \/>\n<meta name=\"twitter:creator\" content=\"@aepetbahia\" \/>\n<meta name=\"twitter:site\" content=\"@aepetbahia\" \/>\n<meta name=\"twitter:label1\" content=\"Escrito por\" \/>\n\t<meta name=\"twitter:data1\" content=\"AEPETBA\" \/>\n\t<meta name=\"twitter:label2\" content=\"Est. tempo de leitura\" \/>\n\t<meta name=\"twitter:data2\" content=\"5 minutos\" \/>\n<script type=\"application\/ld+json\" class=\"yoast-schema-graph\">{\"@context\":\"https:\/\/schema.org\",\"@graph\":[{\"@type\":\"Organization\",\"@id\":\"https:\/\/aepetba.org.br\/v1\/#organization\",\"name\":\"AEPET N\u00facleo Bahia\",\"url\":\"https:\/\/aepetba.org.br\/v1\/\",\"sameAs\":[\"https:\/\/www.instagram.com\/aepetbahia\/\",\"https:\/\/www.youtube.com\/c\/AEPETBAHIA\",\"https:\/\/web.facebook.com\/aepetba\",\"https:\/\/twitter.com\/aepetbahia\"],\"logo\":{\"@type\":\"ImageObject\",\"inLanguage\":\"pt-BR\",\"@id\":\"https:\/\/aepetba.org.br\/v1\/#\/schema\/logo\/image\/\",\"url\":\"https:\/\/aepetba.org.br\/v1\/wp-content\/uploads\/revslider\/home\/logo-AEPETBA.png\",\"contentUrl\":\"https:\/\/aepetba.org.br\/v1\/wp-content\/uploads\/revslider\/home\/logo-AEPETBA.png\",\"width\":297,\"height\":86,\"caption\":\"AEPET N\u00facleo Bahia\"},\"image\":{\"@id\":\"https:\/\/aepetba.org.br\/v1\/#\/schema\/logo\/image\/\"}},{\"@type\":\"WebSite\",\"@id\":\"https:\/\/aepetba.org.br\/v1\/#website\",\"url\":\"https:\/\/aepetba.org.br\/v1\/\",\"name\":\"AEPET N\u00daCLEO BAHIA\",\"description\":\"Associa\u00e7\u00e3o dos Engenheiros da Petrobr\u00e1s N\u00facleo Bahia Petr\u00f3leo Bahia Salvador Nordeste \",\"publisher\":{\"@id\":\"https:\/\/aepetba.org.br\/v1\/#organization\"},\"potentialAction\":[{\"@type\":\"SearchAction\",\"target\":{\"@type\":\"EntryPoint\",\"urlTemplate\":\"https:\/\/aepetba.org.br\/v1\/?s={search_term_string}\"},\"query-input\":\"required name=search_term_string\"}],\"inLanguage\":\"pt-BR\"},{\"@type\":\"ImageObject\",\"inLanguage\":\"pt-BR\",\"@id\":\"https:\/\/aepetba.org.br\/v1\/executivo-da-petrobras-rafael-chaves-deve-ser-enquadrado-no-codigo-de-conduta-etica-e-afastado-do-cargo\/#primaryimage\",\"url\":\"https:\/\/aepetba.org.br\/v1\/wp-content\/uploads\/2022\/02\/petroleiros-sem-mascara.jpeg\",\"contentUrl\":\"https:\/\/aepetba.org.br\/v1\/wp-content\/uploads\/2022\/02\/petroleiros-sem-mascara.jpeg\",\"width\":1024,\"height\":595},{\"@type\":\"WebPage\",\"@id\":\"https:\/\/aepetba.org.br\/v1\/executivo-da-petrobras-rafael-chaves-deve-ser-enquadrado-no-codigo-de-conduta-etica-e-afastado-do-cargo\/\",\"url\":\"https:\/\/aepetba.org.br\/v1\/executivo-da-petrobras-rafael-chaves-deve-ser-enquadrado-no-codigo-de-conduta-etica-e-afastado-do-cargo\/\",\"name\":\"Executivo da Petrobr\u00e1s, Rafael Chaves, deve ser enquadrado no C\u00f3digo de Conduta \u00c9tica e afastado do cargo - AEPET N\u00daCLEO BAHIA\",\"isPartOf\":{\"@id\":\"https:\/\/aepetba.org.br\/v1\/#website\"},\"primaryImageOfPage\":{\"@id\":\"https:\/\/aepetba.org.br\/v1\/executivo-da-petrobras-rafael-chaves-deve-ser-enquadrado-no-codigo-de-conduta-etica-e-afastado-do-cargo\/#primaryimage\"},\"datePublished\":\"2022-02-04T20:14:31+00:00\",\"dateModified\":\"2022-02-04T22:38:25+00:00\",\"breadcrumb\":{\"@id\":\"https:\/\/aepetba.org.br\/v1\/executivo-da-petrobras-rafael-chaves-deve-ser-enquadrado-no-codigo-de-conduta-etica-e-afastado-do-cargo\/#breadcrumb\"},\"inLanguage\":\"pt-BR\",\"potentialAction\":[{\"@type\":\"ReadAction\",\"target\":[\"https:\/\/aepetba.org.br\/v1\/executivo-da-petrobras-rafael-chaves-deve-ser-enquadrado-no-codigo-de-conduta-etica-e-afastado-do-cargo\/\"]}]},{\"@type\":\"BreadcrumbList\",\"@id\":\"https:\/\/aepetba.org.br\/v1\/executivo-da-petrobras-rafael-chaves-deve-ser-enquadrado-no-codigo-de-conduta-etica-e-afastado-do-cargo\/#breadcrumb\",\"itemListElement\":[{\"@type\":\"ListItem\",\"position\":1,\"name\":\"In\u00edcio\",\"item\":\"https:\/\/aepetba.org.br\/v1\/\"},{\"@type\":\"ListItem\",\"position\":2,\"name\":\"Executivo da Petrobr\u00e1s, Rafael Chaves, deve ser enquadrado no C\u00f3digo de Conduta \u00c9tica e afastado do cargo\"}]},{\"@type\":\"Article\",\"@id\":\"https:\/\/aepetba.org.br\/v1\/executivo-da-petrobras-rafael-chaves-deve-ser-enquadrado-no-codigo-de-conduta-etica-e-afastado-do-cargo\/#article\",\"isPartOf\":{\"@id\":\"https:\/\/aepetba.org.br\/v1\/executivo-da-petrobras-rafael-chaves-deve-ser-enquadrado-no-codigo-de-conduta-etica-e-afastado-do-cargo\/\"},\"author\":{\"name\":\"AEPETBA\",\"@id\":\"https:\/\/aepetba.org.br\/v1\/#\/schema\/person\/3504208f89f3f50e1526867ebb573b88\"},\"headline\":\"Executivo da Petrobr\u00e1s, Rafael Chaves, deve ser enquadrado no C\u00f3digo de Conduta \u00c9tica e afastado do cargo\",\"datePublished\":\"2022-02-04T20:14:31+00:00\",\"dateModified\":\"2022-02-04T22:38:25+00:00\",\"mainEntityOfPage\":{\"@id\":\"https:\/\/aepetba.org.br\/v1\/executivo-da-petrobras-rafael-chaves-deve-ser-enquadrado-no-codigo-de-conduta-etica-e-afastado-do-cargo\/\"},\"wordCount\":942,\"publisher\":{\"@id\":\"https:\/\/aepetba.org.br\/v1\/#organization\"},\"image\":{\"@id\":\"https:\/\/aepetba.org.br\/v1\/executivo-da-petrobras-rafael-chaves-deve-ser-enquadrado-no-codigo-de-conduta-etica-e-afastado-do-cargo\/#primaryimage\"},\"thumbnailUrl\":\"https:\/\/aepetba.org.br\/v1\/wp-content\/uploads\/2022\/02\/petroleiros-sem-mascara.jpeg\",\"articleSection\":[\"Coluna do Associado\",\"Destaque\",\"Not\u00edcias\"],\"inLanguage\":\"pt-BR\"},{\"@type\":\"Person\",\"@id\":\"https:\/\/aepetba.org.br\/v1\/#\/schema\/person\/3504208f89f3f50e1526867ebb573b88\",\"name\":\"AEPETBA\",\"image\":{\"@type\":\"ImageObject\",\"inLanguage\":\"pt-BR\",\"@id\":\"https:\/\/aepetba.org.br\/v1\/#\/schema\/person\/image\/\",\"url\":\"https:\/\/secure.gravatar.com\/avatar\/3e6e1bf98c38137fc6b937d21e974714?s=96&d=mm&r=g\",\"contentUrl\":\"https:\/\/secure.gravatar.com\/avatar\/3e6e1bf98c38137fc6b937d21e974714?s=96&d=mm&r=g\",\"caption\":\"AEPETBA\"},\"sameAs\":[\"http:\/\/aepetba.org.br\/v1\"],\"url\":\"https:\/\/aepetba.org.br\/v1\/author\/lubconsultoria\/\"}]}<\/script>\n<!-- \/ Yoast SEO plugin. -->","yoast_head_json":{"title":"Executivo da Petrobr\u00e1s, Rafael Chaves, deve ser enquadrado no C\u00f3digo de Conduta \u00c9tica e afastado do cargo - AEPET N\u00daCLEO BAHIA","robots":{"index":"index","follow":"follow","max-snippet":"max-snippet:-1","max-image-preview":"max-image-preview:large","max-video-preview":"max-video-preview:-1"},"canonical":"https:\/\/aepetba.org.br\/v1\/executivo-da-petrobras-rafael-chaves-deve-ser-enquadrado-no-codigo-de-conduta-etica-e-afastado-do-cargo\/","og_locale":"pt_BR","og_type":"article","og_title":"Executivo da Petrobr\u00e1s, Rafael Chaves, deve ser enquadrado no C\u00f3digo de Conduta \u00c9tica e afastado do cargo - AEPET N\u00daCLEO BAHIA","og_description":"Causou muita indigna\u00e7\u00e3o e revolta entre os petroleiros, o discurso do diretor de Relacionamento Institucional e Sustentabilidade da Petrobr\u00e1s, Rafael Chaves (mais um produto do aparelhamento bolsonarista no governo), na cerim\u00f4nia de inaugura\u00e7\u00e3o do Polo Gaslub, em Itabora\u00ed (RJ), no...","og_url":"https:\/\/aepetba.org.br\/v1\/executivo-da-petrobras-rafael-chaves-deve-ser-enquadrado-no-codigo-de-conduta-etica-e-afastado-do-cargo\/","og_site_name":"AEPET N\u00daCLEO BAHIA","article_publisher":"https:\/\/web.facebook.com\/aepetba","article_published_time":"2022-02-04T20:14:31+00:00","article_modified_time":"2022-02-04T22:38:25+00:00","og_image":[{"url":"https:\/\/aepetba.org.br\/v1\/wp-content\/uploads\/2022\/02\/petroleiros-sem-mascara.jpeg"}],"author":"AEPETBA","twitter_card":"summary_large_image","twitter_creator":"@aepetbahia","twitter_site":"@aepetbahia","twitter_misc":{"Escrito por":"AEPETBA","Est. tempo de leitura":"5 minutos"},"schema":{"@context":"https:\/\/schema.org","@graph":[{"@type":"Organization","@id":"https:\/\/aepetba.org.br\/v1\/#organization","name":"AEPET N\u00facleo Bahia","url":"https:\/\/aepetba.org.br\/v1\/","sameAs":["https:\/\/www.instagram.com\/aepetbahia\/","https:\/\/www.youtube.com\/c\/AEPETBAHIA","https:\/\/web.facebook.com\/aepetba","https:\/\/twitter.com\/aepetbahia"],"logo":{"@type":"ImageObject","inLanguage":"pt-BR","@id":"https:\/\/aepetba.org.br\/v1\/#\/schema\/logo\/image\/","url":"https:\/\/aepetba.org.br\/v1\/wp-content\/uploads\/revslider\/home\/logo-AEPETBA.png","contentUrl":"https:\/\/aepetba.org.br\/v1\/wp-content\/uploads\/revslider\/home\/logo-AEPETBA.png","width":297,"height":86,"caption":"AEPET N\u00facleo Bahia"},"image":{"@id":"https:\/\/aepetba.org.br\/v1\/#\/schema\/logo\/image\/"}},{"@type":"WebSite","@id":"https:\/\/aepetba.org.br\/v1\/#website","url":"https:\/\/aepetba.org.br\/v1\/","name":"AEPET N\u00daCLEO BAHIA","description":"Associa\u00e7\u00e3o dos Engenheiros da Petrobr\u00e1s N\u00facleo Bahia Petr\u00f3leo Bahia Salvador Nordeste ","publisher":{"@id":"https:\/\/aepetba.org.br\/v1\/#organization"},"potentialAction":[{"@type":"SearchAction","target":{"@type":"EntryPoint","urlTemplate":"https:\/\/aepetba.org.br\/v1\/?s={search_term_string}"},"query-input":"required name=search_term_string"}],"inLanguage":"pt-BR"},{"@type":"ImageObject","inLanguage":"pt-BR","@id":"https:\/\/aepetba.org.br\/v1\/executivo-da-petrobras-rafael-chaves-deve-ser-enquadrado-no-codigo-de-conduta-etica-e-afastado-do-cargo\/#primaryimage","url":"https:\/\/aepetba.org.br\/v1\/wp-content\/uploads\/2022\/02\/petroleiros-sem-mascara.jpeg","contentUrl":"https:\/\/aepetba.org.br\/v1\/wp-content\/uploads\/2022\/02\/petroleiros-sem-mascara.jpeg","width":1024,"height":595},{"@type":"WebPage","@id":"https:\/\/aepetba.org.br\/v1\/executivo-da-petrobras-rafael-chaves-deve-ser-enquadrado-no-codigo-de-conduta-etica-e-afastado-do-cargo\/","url":"https:\/\/aepetba.org.br\/v1\/executivo-da-petrobras-rafael-chaves-deve-ser-enquadrado-no-codigo-de-conduta-etica-e-afastado-do-cargo\/","name":"Executivo da Petrobr\u00e1s, Rafael Chaves, deve ser enquadrado no C\u00f3digo de Conduta \u00c9tica e afastado do cargo - AEPET N\u00daCLEO BAHIA","isPartOf":{"@id":"https:\/\/aepetba.org.br\/v1\/#website"},"primaryImageOfPage":{"@id":"https:\/\/aepetba.org.br\/v1\/executivo-da-petrobras-rafael-chaves-deve-ser-enquadrado-no-codigo-de-conduta-etica-e-afastado-do-cargo\/#primaryimage"},"datePublished":"2022-02-04T20:14:31+00:00","dateModified":"2022-02-04T22:38:25+00:00","breadcrumb":{"@id":"https:\/\/aepetba.org.br\/v1\/executivo-da-petrobras-rafael-chaves-deve-ser-enquadrado-no-codigo-de-conduta-etica-e-afastado-do-cargo\/#breadcrumb"},"inLanguage":"pt-BR","potentialAction":[{"@type":"ReadAction","target":["https:\/\/aepetba.org.br\/v1\/executivo-da-petrobras-rafael-chaves-deve-ser-enquadrado-no-codigo-de-conduta-etica-e-afastado-do-cargo\/"]}]},{"@type":"BreadcrumbList","@id":"https:\/\/aepetba.org.br\/v1\/executivo-da-petrobras-rafael-chaves-deve-ser-enquadrado-no-codigo-de-conduta-etica-e-afastado-do-cargo\/#breadcrumb","itemListElement":[{"@type":"ListItem","position":1,"name":"In\u00edcio","item":"https:\/\/aepetba.org.br\/v1\/"},{"@type":"ListItem","position":2,"name":"Executivo da Petrobr\u00e1s, Rafael Chaves, deve ser enquadrado no C\u00f3digo de Conduta \u00c9tica e afastado do cargo"}]},{"@type":"Article","@id":"https:\/\/aepetba.org.br\/v1\/executivo-da-petrobras-rafael-chaves-deve-ser-enquadrado-no-codigo-de-conduta-etica-e-afastado-do-cargo\/#article","isPartOf":{"@id":"https:\/\/aepetba.org.br\/v1\/executivo-da-petrobras-rafael-chaves-deve-ser-enquadrado-no-codigo-de-conduta-etica-e-afastado-do-cargo\/"},"author":{"name":"AEPETBA","@id":"https:\/\/aepetba.org.br\/v1\/#\/schema\/person\/3504208f89f3f50e1526867ebb573b88"},"headline":"Executivo da Petrobr\u00e1s, Rafael Chaves, deve ser enquadrado no C\u00f3digo de Conduta \u00c9tica e afastado do cargo","datePublished":"2022-02-04T20:14:31+00:00","dateModified":"2022-02-04T22:38:25+00:00","mainEntityOfPage":{"@id":"https:\/\/aepetba.org.br\/v1\/executivo-da-petrobras-rafael-chaves-deve-ser-enquadrado-no-codigo-de-conduta-etica-e-afastado-do-cargo\/"},"wordCount":942,"publisher":{"@id":"https:\/\/aepetba.org.br\/v1\/#organization"},"image":{"@id":"https:\/\/aepetba.org.br\/v1\/executivo-da-petrobras-rafael-chaves-deve-ser-enquadrado-no-codigo-de-conduta-etica-e-afastado-do-cargo\/#primaryimage"},"thumbnailUrl":"https:\/\/aepetba.org.br\/v1\/wp-content\/uploads\/2022\/02\/petroleiros-sem-mascara.jpeg","articleSection":["Coluna do Associado","Destaque","Not\u00edcias"],"inLanguage":"pt-BR"},{"@type":"Person","@id":"https:\/\/aepetba.org.br\/v1\/#\/schema\/person\/3504208f89f3f50e1526867ebb573b88","name":"AEPETBA","image":{"@type":"ImageObject","inLanguage":"pt-BR","@id":"https:\/\/aepetba.org.br\/v1\/#\/schema\/person\/image\/","url":"https:\/\/secure.gravatar.com\/avatar\/3e6e1bf98c38137fc6b937d21e974714?s=96&d=mm&r=g","contentUrl":"https:\/\/secure.gravatar.com\/avatar\/3e6e1bf98c38137fc6b937d21e974714?s=96&d=mm&r=g","caption":"AEPETBA"},"sameAs":["http:\/\/aepetba.org.br\/v1"],"url":"https:\/\/aepetba.org.br\/v1\/author\/lubconsultoria\/"}]}},"_links":{"self":[{"href":"https:\/\/aepetba.org.br\/v1\/wp-json\/wp\/v2\/posts\/37477"}],"collection":[{"href":"https:\/\/aepetba.org.br\/v1\/wp-json\/wp\/v2\/posts"}],"about":[{"href":"https:\/\/aepetba.org.br\/v1\/wp-json\/wp\/v2\/types\/post"}],"author":[{"embeddable":true,"href":"https:\/\/aepetba.org.br\/v1\/wp-json\/wp\/v2\/users\/1"}],"replies":[{"embeddable":true,"href":"https:\/\/aepetba.org.br\/v1\/wp-json\/wp\/v2\/comments?post=37477"}],"version-history":[{"count":3,"href":"https:\/\/aepetba.org.br\/v1\/wp-json\/wp\/v2\/posts\/37477\/revisions"}],"predecessor-version":[{"id":37486,"href":"https:\/\/aepetba.org.br\/v1\/wp-json\/wp\/v2\/posts\/37477\/revisions\/37486"}],"wp:attachment":[{"href":"https:\/\/aepetba.org.br\/v1\/wp-json\/wp\/v2\/media?parent=37477"}],"wp:term":[{"taxonomy":"category","embeddable":true,"href":"https:\/\/aepetba.org.br\/v1\/wp-json\/wp\/v2\/categories?post=37477"},{"taxonomy":"post_tag","embeddable":true,"href":"https:\/\/aepetba.org.br\/v1\/wp-json\/wp\/v2\/tags?post=37477"}],"curies":[{"name":"wp","href":"https:\/\/api.w.org\/{rel}","templated":true}]}}