{"id":37504,"date":"2022-02-08T13:54:52","date_gmt":"2022-02-08T16:54:52","guid":{"rendered":"https:\/\/aepetba.org.br\/v1\/?p=37504"},"modified":"2022-02-08T13:54:52","modified_gmt":"2022-02-08T16:54:52","slug":"nota-de-falecimento-sr-asterio-caetano-costa","status":"publish","type":"post","link":"https:\/\/aepetba.org.br\/v1\/nota-de-falecimento-sr-asterio-caetano-costa\/","title":{"rendered":"NOTA DE FALECIMENTO: Sr. Ast\u00e9rio Caetano Costa"},"content":{"rendered":"<h2>LUTO<\/h2>\n<p>Recebemos com profundo pesar, a not\u00edcia do falecimento de Ast\u00e9rio Caetano Costa, fundador e ex-presidente da Associa\u00e7\u00e3o dos Trabalhadores Aposentados e Pensionistas da Bahia (ASTAPE-BA), ocorrido na madrugada desta ter\u00e7a-feira, dia 08 de fevereiro, no Hospital Alian\u00e7a.<\/p>\n<p>Ast\u00e9rio faria 85 anos, no pr\u00f3ximo dia 20 de fevereiro. Ele foi um dos fundadores da SOAPE, em 18 de maio de 1974, hoje conhecida nacionalmente por ASTAPE-BA, sendo presidente desta entidade por v\u00e1rios mandatos. Pelo trabalho na categoria petroleira, ele foi eleito, tamb\u00e9m, vereador em Salvador.<\/p>\n<p>Ast\u00e9rio Costa ser\u00e1 lembrado pela luta abnegada em defesa dos direitos da categoria petroleira, em especial, dos aposentados e pensionistas, da manuten\u00e7\u00e3o da Petrobr\u00e1s sob controle da Uni\u00e3o Federal, do monop\u00f3lio estatal do petr\u00f3leo. E por isso ser\u00e1 lembrado com muita saudade e respeito.<\/p>\n<p>O vel\u00f3rio de Ast\u00e9rio acontecer\u00e1 amanh\u00e3 (09\/02), a partir das 11h, na Capela B, no cemit\u00e9rio Jardim da Saudade, em Brotas e \u00e0s 15h, o corpo ser\u00e1 cremado.<\/p>\n<p>Neste momento de dor, a AEPET-BA manifesta aos familiares e amigos nossas condol\u00eancias mais sinceras.<\/p>\n<p><strong>AST\u00c9RIO COSTA, PRESENTE!<\/strong><\/p>\n","protected":false},"excerpt":{"rendered":"<p>LUTO Recebemos com profundo pesar, a not\u00edcia do falecimento de Ast\u00e9rio Caetano Costa, fundador e ex-presidente da Associa\u00e7\u00e3o dos Trabalhadores Aposentados e Pensionistas da Bahia (ASTAPE-BA), ocorrido na madrugada desta ter\u00e7a-feira, dia 08 de fevereiro, no Hospital Alian\u00e7a. Ast\u00e9rio faria&#8230;<\/p>\n","protected":false},"author":1,"featured_media":37505,"comment_status":"closed","ping_status":"closed","sticky":false,"template":"","format":"standard","meta":[],"categories":[5,87,10],"tags":[],"yoast_head":"<!-- This site is optimized with the Yoast SEO plugin v19.3 - https:\/\/yoast.com\/wordpress\/plugins\/seo\/ -->\n<title>NOTA DE FALECIMENTO: Sr. Ast\u00e9rio Caetano Costa - AEPET N\u00daCLEO BAHIA<\/title>\n<meta name=\"robots\" content=\"index, follow, max-snippet:-1, max-image-preview:large, max-video-preview:-1\" \/>\n<link rel=\"canonical\" href=\"https:\/\/aepetba.org.br\/v1\/nota-de-falecimento-sr-asterio-caetano-costa\/\" \/>\n<meta property=\"og:locale\" content=\"pt_BR\" \/>\n<meta property=\"og:type\" content=\"article\" \/>\n<meta property=\"og:title\" content=\"NOTA DE FALECIMENTO: Sr. Ast\u00e9rio Caetano Costa - AEPET N\u00daCLEO BAHIA\" \/>\n<meta property=\"og:description\" content=\"LUTO Recebemos com profundo pesar, a not\u00edcia do falecimento de Ast\u00e9rio Caetano Costa, fundador e ex-presidente da Associa\u00e7\u00e3o dos Trabalhadores Aposentados e Pensionistas da Bahia (ASTAPE-BA), ocorrido na madrugada desta ter\u00e7a-feira, dia 08 de fevereiro, no Hospital Alian\u00e7a. Ast\u00e9rio faria...\" \/>\n<meta property=\"og:url\" content=\"https:\/\/aepetba.org.br\/v1\/nota-de-falecimento-sr-asterio-caetano-costa\/\" \/>\n<meta property=\"og:site_name\" content=\"AEPET N\u00daCLEO BAHIA\" \/>\n<meta property=\"article:publisher\" content=\"https:\/\/web.facebook.com\/aepetba\" \/>\n<meta property=\"article:published_time\" content=\"2022-02-08T16:54:52+00:00\" \/>\n<meta property=\"og:image\" content=\"https:\/\/aepetba.org.br\/v1\/wp-content\/uploads\/2022\/02\/Materia-Nota-de-falecimento-Asterio-Caetano-Aepet-ba.jpg\" \/>\n\t<meta property=\"og:image:width\" content=\"1080\" \/>\n\t<meta property=\"og:image:height\" content=\"908\" \/>\n\t<meta property=\"og:image:type\" content=\"image\/jpeg\" \/>\n<meta name=\"author\" content=\"AEPETBA\" \/>\n<meta name=\"twitter:card\" content=\"summary_large_image\" \/>\n<meta name=\"twitter:creator\" content=\"@aepetbahia\" \/>\n<meta name=\"twitter:site\" content=\"@aepetbahia\" \/>\n<meta name=\"twitter:label1\" content=\"Escrito por\" \/>\n\t<meta name=\"twitter:data1\" content=\"AEPETBA\" \/>\n\t<meta name=\"twitter:label2\" content=\"Est. tempo de leitura\" \/>\n\t<meta name=\"twitter:data2\" content=\"1 minuto\" \/>\n<script type=\"application\/ld+json\" class=\"yoast-schema-graph\">{\"@context\":\"https:\/\/schema.org\",\"@graph\":[{\"@type\":\"Organization\",\"@id\":\"https:\/\/aepetba.org.br\/v1\/#organization\",\"name\":\"AEPET N\u00facleo Bahia\",\"url\":\"https:\/\/aepetba.org.br\/v1\/\",\"sameAs\":[\"https:\/\/www.instagram.com\/aepetbahia\/\",\"https:\/\/www.youtube.com\/c\/AEPETBAHIA\",\"https:\/\/web.facebook.com\/aepetba\",\"https:\/\/twitter.com\/aepetbahia\"],\"logo\":{\"@type\":\"ImageObject\",\"inLanguage\":\"pt-BR\",\"@id\":\"https:\/\/aepetba.org.br\/v1\/#\/schema\/logo\/image\/\",\"url\":\"https:\/\/aepetba.org.br\/v1\/wp-content\/uploads\/revslider\/home\/logo-AEPETBA.png\",\"contentUrl\":\"https:\/\/aepetba.org.br\/v1\/wp-content\/uploads\/revslider\/home\/logo-AEPETBA.png\",\"width\":297,\"height\":86,\"caption\":\"AEPET N\u00facleo Bahia\"},\"image\":{\"@id\":\"https:\/\/aepetba.org.br\/v1\/#\/schema\/logo\/image\/\"}},{\"@type\":\"WebSite\",\"@id\":\"https:\/\/aepetba.org.br\/v1\/#website\",\"url\":\"https:\/\/aepetba.org.br\/v1\/\",\"name\":\"AEPET N\u00daCLEO BAHIA\",\"description\":\"Associa\u00e7\u00e3o dos Engenheiros da Petrobr\u00e1s N\u00facleo Bahia Petr\u00f3leo Bahia Salvador Nordeste \",\"publisher\":{\"@id\":\"https:\/\/aepetba.org.br\/v1\/#organization\"},\"potentialAction\":[{\"@type\":\"SearchAction\",\"target\":{\"@type\":\"EntryPoint\",\"urlTemplate\":\"https:\/\/aepetba.org.br\/v1\/?s={search_term_string}\"},\"query-input\":\"required name=search_term_string\"}],\"inLanguage\":\"pt-BR\"},{\"@type\":\"ImageObject\",\"inLanguage\":\"pt-BR\",\"@id\":\"https:\/\/aepetba.org.br\/v1\/nota-de-falecimento-sr-asterio-caetano-costa\/#primaryimage\",\"url\":\"https:\/\/aepetba.org.br\/v1\/wp-content\/uploads\/2022\/02\/Materia-Nota-de-falecimento-Asterio-Caetano-Aepet-ba.jpg\",\"contentUrl\":\"https:\/\/aepetba.org.br\/v1\/wp-content\/uploads\/2022\/02\/Materia-Nota-de-falecimento-Asterio-Caetano-Aepet-ba.jpg\",\"width\":1080,\"height\":908},{\"@type\":\"WebPage\",\"@id\":\"https:\/\/aepetba.org.br\/v1\/nota-de-falecimento-sr-asterio-caetano-costa\/\",\"url\":\"https:\/\/aepetba.org.br\/v1\/nota-de-falecimento-sr-asterio-caetano-costa\/\",\"name\":\"NOTA DE FALECIMENTO: Sr. Ast\u00e9rio Caetano Costa - AEPET N\u00daCLEO BAHIA\",\"isPartOf\":{\"@id\":\"https:\/\/aepetba.org.br\/v1\/#website\"},\"primaryImageOfPage\":{\"@id\":\"https:\/\/aepetba.org.br\/v1\/nota-de-falecimento-sr-asterio-caetano-costa\/#primaryimage\"},\"datePublished\":\"2022-02-08T16:54:52+00:00\",\"dateModified\":\"2022-02-08T16:54:52+00:00\",\"breadcrumb\":{\"@id\":\"https:\/\/aepetba.org.br\/v1\/nota-de-falecimento-sr-asterio-caetano-costa\/#breadcrumb\"},\"inLanguage\":\"pt-BR\",\"potentialAction\":[{\"@type\":\"ReadAction\",\"target\":[\"https:\/\/aepetba.org.br\/v1\/nota-de-falecimento-sr-asterio-caetano-costa\/\"]}]},{\"@type\":\"BreadcrumbList\",\"@id\":\"https:\/\/aepetba.org.br\/v1\/nota-de-falecimento-sr-asterio-caetano-costa\/#breadcrumb\",\"itemListElement\":[{\"@type\":\"ListItem\",\"position\":1,\"name\":\"In\u00edcio\",\"item\":\"https:\/\/aepetba.org.br\/v1\/\"},{\"@type\":\"ListItem\",\"position\":2,\"name\":\"NOTA DE FALECIMENTO: Sr. Ast\u00e9rio Caetano Costa\"}]},{\"@type\":\"Article\",\"@id\":\"https:\/\/aepetba.org.br\/v1\/nota-de-falecimento-sr-asterio-caetano-costa\/#article\",\"isPartOf\":{\"@id\":\"https:\/\/aepetba.org.br\/v1\/nota-de-falecimento-sr-asterio-caetano-costa\/\"},\"author\":{\"name\":\"AEPETBA\",\"@id\":\"https:\/\/aepetba.org.br\/v1\/#\/schema\/person\/3504208f89f3f50e1526867ebb573b88\"},\"headline\":\"NOTA DE FALECIMENTO: Sr. Ast\u00e9rio Caetano Costa\",\"datePublished\":\"2022-02-08T16:54:52+00:00\",\"dateModified\":\"2022-02-08T16:54:52+00:00\",\"mainEntityOfPage\":{\"@id\":\"https:\/\/aepetba.org.br\/v1\/nota-de-falecimento-sr-asterio-caetano-costa\/\"},\"wordCount\":197,\"publisher\":{\"@id\":\"https:\/\/aepetba.org.br\/v1\/#organization\"},\"image\":{\"@id\":\"https:\/\/aepetba.org.br\/v1\/nota-de-falecimento-sr-asterio-caetano-costa\/#primaryimage\"},\"thumbnailUrl\":\"https:\/\/aepetba.org.br\/v1\/wp-content\/uploads\/2022\/02\/Materia-Nota-de-falecimento-Asterio-Caetano-Aepet-ba.jpg\",\"articleSection\":[\"Coluna do Associado\",\"Destaque\",\"Not\u00edcias\"],\"inLanguage\":\"pt-BR\"},{\"@type\":\"Person\",\"@id\":\"https:\/\/aepetba.org.br\/v1\/#\/schema\/person\/3504208f89f3f50e1526867ebb573b88\",\"name\":\"AEPETBA\",\"image\":{\"@type\":\"ImageObject\",\"inLanguage\":\"pt-BR\",\"@id\":\"https:\/\/aepetba.org.br\/v1\/#\/schema\/person\/image\/\",\"url\":\"https:\/\/secure.gravatar.com\/avatar\/3e6e1bf98c38137fc6b937d21e974714?s=96&d=mm&r=g\",\"contentUrl\":\"https:\/\/secure.gravatar.com\/avatar\/3e6e1bf98c38137fc6b937d21e974714?s=96&d=mm&r=g\",\"caption\":\"AEPETBA\"},\"sameAs\":[\"http:\/\/aepetba.org.br\/v1\"],\"url\":\"https:\/\/aepetba.org.br\/v1\/author\/lubconsultoria\/\"}]}<\/script>\n<!-- \/ Yoast SEO plugin. -->","yoast_head_json":{"title":"NOTA DE FALECIMENTO: Sr. Ast\u00e9rio Caetano Costa - AEPET N\u00daCLEO BAHIA","robots":{"index":"index","follow":"follow","max-snippet":"max-snippet:-1","max-image-preview":"max-image-preview:large","max-video-preview":"max-video-preview:-1"},"canonical":"https:\/\/aepetba.org.br\/v1\/nota-de-falecimento-sr-asterio-caetano-costa\/","og_locale":"pt_BR","og_type":"article","og_title":"NOTA DE FALECIMENTO: Sr. Ast\u00e9rio Caetano Costa - AEPET N\u00daCLEO BAHIA","og_description":"LUTO Recebemos com profundo pesar, a not\u00edcia do falecimento de Ast\u00e9rio Caetano Costa, fundador e ex-presidente da Associa\u00e7\u00e3o dos Trabalhadores Aposentados e Pensionistas da Bahia (ASTAPE-BA), ocorrido na madrugada desta ter\u00e7a-feira, dia 08 de fevereiro, no Hospital Alian\u00e7a. Ast\u00e9rio faria...","og_url":"https:\/\/aepetba.org.br\/v1\/nota-de-falecimento-sr-asterio-caetano-costa\/","og_site_name":"AEPET N\u00daCLEO BAHIA","article_publisher":"https:\/\/web.facebook.com\/aepetba","article_published_time":"2022-02-08T16:54:52+00:00","og_image":[{"width":1080,"height":908,"url":"https:\/\/aepetba.org.br\/v1\/wp-content\/uploads\/2022\/02\/Materia-Nota-de-falecimento-Asterio-Caetano-Aepet-ba.jpg","type":"image\/jpeg"}],"author":"AEPETBA","twitter_card":"summary_large_image","twitter_creator":"@aepetbahia","twitter_site":"@aepetbahia","twitter_misc":{"Escrito por":"AEPETBA","Est. tempo de leitura":"1 minuto"},"schema":{"@context":"https:\/\/schema.org","@graph":[{"@type":"Organization","@id":"https:\/\/aepetba.org.br\/v1\/#organization","name":"AEPET N\u00facleo Bahia","url":"https:\/\/aepetba.org.br\/v1\/","sameAs":["https:\/\/www.instagram.com\/aepetbahia\/","https:\/\/www.youtube.com\/c\/AEPETBAHIA","https:\/\/web.facebook.com\/aepetba","https:\/\/twitter.com\/aepetbahia"],"logo":{"@type":"ImageObject","inLanguage":"pt-BR","@id":"https:\/\/aepetba.org.br\/v1\/#\/schema\/logo\/image\/","url":"https:\/\/aepetba.org.br\/v1\/wp-content\/uploads\/revslider\/home\/logo-AEPETBA.png","contentUrl":"https:\/\/aepetba.org.br\/v1\/wp-content\/uploads\/revslider\/home\/logo-AEPETBA.png","width":297,"height":86,"caption":"AEPET N\u00facleo Bahia"},"image":{"@id":"https:\/\/aepetba.org.br\/v1\/#\/schema\/logo\/image\/"}},{"@type":"WebSite","@id":"https:\/\/aepetba.org.br\/v1\/#website","url":"https:\/\/aepetba.org.br\/v1\/","name":"AEPET N\u00daCLEO BAHIA","description":"Associa\u00e7\u00e3o dos Engenheiros da Petrobr\u00e1s N\u00facleo Bahia Petr\u00f3leo Bahia Salvador Nordeste ","publisher":{"@id":"https:\/\/aepetba.org.br\/v1\/#organization"},"potentialAction":[{"@type":"SearchAction","target":{"@type":"EntryPoint","urlTemplate":"https:\/\/aepetba.org.br\/v1\/?s={search_term_string}"},"query-input":"required name=search_term_string"}],"inLanguage":"pt-BR"},{"@type":"ImageObject","inLanguage":"pt-BR","@id":"https:\/\/aepetba.org.br\/v1\/nota-de-falecimento-sr-asterio-caetano-costa\/#primaryimage","url":"https:\/\/aepetba.org.br\/v1\/wp-content\/uploads\/2022\/02\/Materia-Nota-de-falecimento-Asterio-Caetano-Aepet-ba.jpg","contentUrl":"https:\/\/aepetba.org.br\/v1\/wp-content\/uploads\/2022\/02\/Materia-Nota-de-falecimento-Asterio-Caetano-Aepet-ba.jpg","width":1080,"height":908},{"@type":"WebPage","@id":"https:\/\/aepetba.org.br\/v1\/nota-de-falecimento-sr-asterio-caetano-costa\/","url":"https:\/\/aepetba.org.br\/v1\/nota-de-falecimento-sr-asterio-caetano-costa\/","name":"NOTA DE FALECIMENTO: Sr. Ast\u00e9rio Caetano Costa - AEPET N\u00daCLEO BAHIA","isPartOf":{"@id":"https:\/\/aepetba.org.br\/v1\/#website"},"primaryImageOfPage":{"@id":"https:\/\/aepetba.org.br\/v1\/nota-de-falecimento-sr-asterio-caetano-costa\/#primaryimage"},"datePublished":"2022-02-08T16:54:52+00:00","dateModified":"2022-02-08T16:54:52+00:00","breadcrumb":{"@id":"https:\/\/aepetba.org.br\/v1\/nota-de-falecimento-sr-asterio-caetano-costa\/#breadcrumb"},"inLanguage":"pt-BR","potentialAction":[{"@type":"ReadAction","target":["https:\/\/aepetba.org.br\/v1\/nota-de-falecimento-sr-asterio-caetano-costa\/"]}]},{"@type":"BreadcrumbList","@id":"https:\/\/aepetba.org.br\/v1\/nota-de-falecimento-sr-asterio-caetano-costa\/#breadcrumb","itemListElement":[{"@type":"ListItem","position":1,"name":"In\u00edcio","item":"https:\/\/aepetba.org.br\/v1\/"},{"@type":"ListItem","position":2,"name":"NOTA DE FALECIMENTO: Sr. Ast\u00e9rio Caetano Costa"}]},{"@type":"Article","@id":"https:\/\/aepetba.org.br\/v1\/nota-de-falecimento-sr-asterio-caetano-costa\/#article","isPartOf":{"@id":"https:\/\/aepetba.org.br\/v1\/nota-de-falecimento-sr-asterio-caetano-costa\/"},"author":{"name":"AEPETBA","@id":"https:\/\/aepetba.org.br\/v1\/#\/schema\/person\/3504208f89f3f50e1526867ebb573b88"},"headline":"NOTA DE FALECIMENTO: Sr. Ast\u00e9rio Caetano Costa","datePublished":"2022-02-08T16:54:52+00:00","dateModified":"2022-02-08T16:54:52+00:00","mainEntityOfPage":{"@id":"https:\/\/aepetba.org.br\/v1\/nota-de-falecimento-sr-asterio-caetano-costa\/"},"wordCount":197,"publisher":{"@id":"https:\/\/aepetba.org.br\/v1\/#organization"},"image":{"@id":"https:\/\/aepetba.org.br\/v1\/nota-de-falecimento-sr-asterio-caetano-costa\/#primaryimage"},"thumbnailUrl":"https:\/\/aepetba.org.br\/v1\/wp-content\/uploads\/2022\/02\/Materia-Nota-de-falecimento-Asterio-Caetano-Aepet-ba.jpg","articleSection":["Coluna do Associado","Destaque","Not\u00edcias"],"inLanguage":"pt-BR"},{"@type":"Person","@id":"https:\/\/aepetba.org.br\/v1\/#\/schema\/person\/3504208f89f3f50e1526867ebb573b88","name":"AEPETBA","image":{"@type":"ImageObject","inLanguage":"pt-BR","@id":"https:\/\/aepetba.org.br\/v1\/#\/schema\/person\/image\/","url":"https:\/\/secure.gravatar.com\/avatar\/3e6e1bf98c38137fc6b937d21e974714?s=96&d=mm&r=g","contentUrl":"https:\/\/secure.gravatar.com\/avatar\/3e6e1bf98c38137fc6b937d21e974714?s=96&d=mm&r=g","caption":"AEPETBA"},"sameAs":["http:\/\/aepetba.org.br\/v1"],"url":"https:\/\/aepetba.org.br\/v1\/author\/lubconsultoria\/"}]}},"_links":{"self":[{"href":"https:\/\/aepetba.org.br\/v1\/wp-json\/wp\/v2\/posts\/37504"}],"collection":[{"href":"https:\/\/aepetba.org.br\/v1\/wp-json\/wp\/v2\/posts"}],"about":[{"href":"https:\/\/aepetba.org.br\/v1\/wp-json\/wp\/v2\/types\/post"}],"author":[{"embeddable":true,"href":"https:\/\/aepetba.org.br\/v1\/wp-json\/wp\/v2\/users\/1"}],"replies":[{"embeddable":true,"href":"https:\/\/aepetba.org.br\/v1\/wp-json\/wp\/v2\/comments?post=37504"}],"version-history":[{"count":1,"href":"https:\/\/aepetba.org.br\/v1\/wp-json\/wp\/v2\/posts\/37504\/revisions"}],"predecessor-version":[{"id":37506,"href":"https:\/\/aepetba.org.br\/v1\/wp-json\/wp\/v2\/posts\/37504\/revisions\/37506"}],"wp:featuredmedia":[{"embeddable":true,"href":"https:\/\/aepetba.org.br\/v1\/wp-json\/wp\/v2\/media\/37505"}],"wp:attachment":[{"href":"https:\/\/aepetba.org.br\/v1\/wp-json\/wp\/v2\/media?parent=37504"}],"wp:term":[{"taxonomy":"category","embeddable":true,"href":"https:\/\/aepetba.org.br\/v1\/wp-json\/wp\/v2\/categories?post=37504"},{"taxonomy":"post_tag","embeddable":true,"href":"https:\/\/aepetba.org.br\/v1\/wp-json\/wp\/v2\/tags?post=37504"}],"curies":[{"name":"wp","href":"https:\/\/api.w.org\/{rel}","templated":true}]}}