{"id":37654,"date":"2022-03-04T10:04:51","date_gmt":"2022-03-04T13:04:51","guid":{"rendered":"https:\/\/aepetba.org.br\/v1\/?p=37654"},"modified":"2022-03-04T17:11:16","modified_gmt":"2022-03-04T20:11:16","slug":"liberdade-por-assange","status":"publish","type":"post","link":"https:\/\/aepetba.org.br\/v1\/liberdade-por-assange\/","title":{"rendered":"Liberdade por Assange: capitais brasileiras s\u00e3o palcos de protestos a favor da liberta\u00e7\u00e3o do jornalista e em nome dos Direitos Humanos"},"content":{"rendered":"<!--[if lt IE 9]><script>document.createElement('audio');<\/script><![endif]-->\n<audio class=\"wp-audio-shortcode\" id=\"audio-37654-1\" preload=\"none\" style=\"width: 100%;\" controls=\"controls\"><source type=\"audio\/ogg\" src=\"https:\/\/aepetba.org.br\/v1\/wp-content\/uploads\/2022\/03\/liberdade-por-Assange-AEPET-BA.ogg?_=1\" \/><a href=\"https:\/\/aepetba.org.br\/v1\/wp-content\/uploads\/2022\/03\/liberdade-por-Assange-AEPET-BA.ogg\">https:\/\/aepetba.org.br\/v1\/wp-content\/uploads\/2022\/03\/liberdade-por-Assange-AEPET-BA.ogg<\/a><\/audio>\n<blockquote><p><em>Assange sofre persegui\u00e7\u00e3o pol\u00edtica h\u00e1 mais de 10 anos por tornar p\u00fablicos os documentos que comprovaram viola\u00e7\u00f5es cometidas pelo governo dos EUA contra popula\u00e7\u00f5es e governos<\/em><\/p><\/blockquote>\n<p>Belo Horizonte, Bras\u00edlia, Recife, Rio de Janeiro, S\u00e3o Paulo e Porto Alegre foram as capitais brasileiras que sediaram protestos favor\u00e1veis \u00e0 liberdade de Julian Assange, fundador do Wikileaks. Ele foi respons\u00e1vel por tornar p\u00fablicos os documentos que comprovaram viola\u00e7\u00f5es cometidas pelo governo dos EUA contra popula\u00e7\u00f5es e governos. Por isso, Assange encontra-se preso em uma penitenci\u00e1ria de seguran\u00e7a m\u00e1xima, no Reino Unido. Mas existe muito mais coisas envolvidas para al\u00e9m da pris\u00e3o arbitr\u00e1ria.<\/p>\n<p>Para quem n\u00e3o estava acompanhando muito o caso na \u00e9poca, at\u00e9 o governo brasileiro foi alvo das viola\u00e7\u00f5es expostas pelo fundador do Wikileaks ap\u00f3s longa investiga\u00e7\u00e3o jornal\u00edstica, durante os mandatos do presidente Luiz In\u00e1cio Lula da Silva e da presidenta Dilma Rousseff.<\/p>\n<p><strong>Os documentos vazados revelaram in\u00fameras as a\u00e7\u00f5es de espionagem do governo norte-americano contra membros do governo e contra a Petrobr\u00e1s.<\/strong><\/p>\n<p>Os atos pela liberdade de Assange foram realizados em frente aos consulados e \u00e0s embaixadas do Reino Unido e dos Estados Unidos, no fim de fevereiro. A mobiliza\u00e7\u00e3o faz parte do Dia Internacional de Mobiliza\u00e7\u00f5es para Liberdade de Assange. No restante do mundo, as mobiliza\u00e7\u00f5es chegaram em v\u00e1rias cidades como Bogot\u00e1, Buenos Aires, Joanesburgo, Nova York, Kathmandu e Cidade do M\u00e9xico.<\/p>\n<p>Nos Estados Unidos, a mobiliza\u00e7\u00e3o teve seu momento mais hist\u00f3rico e com muita simbologia. Reuniram-se jornalistas, pol\u00edticos e juristas, em Nova York. Eles se encontraram em frente ao Tribunal de Belmarsh, inst\u00e2ncia judicial simb\u00f3lica inspirada pelo Tribunal Russell-Sartre de 1966, quando representantes de 18 pa\u00edses se reuniram para responsabilizar os EUA por seus crimes na guerra no Vietn\u00e3.<\/p>\n<p>De acordo com a Assembleia Internacional dos Povos (AIP) e a Internacional Progressista, que organizam a mobiliza\u00e7\u00e3o internacional, o objetivo \u00e9 cobrar a liberta\u00e7\u00e3o definitiva de Assange, que \u00e9 perseguido pelo governo dos Estados Unidos h\u00e1 12 anos.<\/p>\n<p>At\u00e9 2019, Assange estava asilado na embaixada do Equador, em Londres, mas o asilo pol\u00edtico foi revogado e ele acabou ficando detido em terras brit\u00e2nicas. Atualmente, o ativista luta para n\u00e3o ser extraditado para a terra do Tio San, onde dever\u00e1 cumprir pena de <strong>pris\u00e3o perp\u00e9tua<\/strong>. Em janeiro, a Justi\u00e7a brit\u00e2nica autorizou Assange a recorrer \u00e0 Suprema Corte contra a decis\u00e3o sobre sua extradi\u00e7\u00e3o, determinada no final de 2021.<\/p>\n<h2><strong>Wikileaks e a Petrobr\u00e1s<\/strong><\/h2>\n<p>O Wikileaks prestou um enorme servi\u00e7o \u00e0 democracia e transpar\u00eancia mundiais ao expor, sem travas, milhares de documentos sigilosos e troca de correspond\u00eancia entre autoridades e ag\u00eancias do governo dos Estados Unidos, como a NSA (National Security Agency) e pol\u00edticos dos mais variados pa\u00edses, inclusive do Brasil. Em dezembro de 2010 tornou p\u00fablica a mensagem do consulado dos EUA no Rio de Janeiro a Washington com o t\u00edtulo \u201cA ind\u00fastria de petr\u00f3leo vai conseguir combater a lei do pr\u00e9-sal?\u201d.<\/p>\n<p>O documento fazia an\u00e1lises sobre o interesse norte-americano e suas petrol\u00edferas (Chevron e Exxon) e revelavam a insatisfa\u00e7\u00e3o dessas companhias com a lei de partilha \u2013 em especial, com o fato de a Petrobr\u00e1s ser a \u00fanica operadora \u2013 e como elas atuaram fortemente no Senado para mudar a lei. \u201cEles s\u00e3o os profissionais e n\u00f3s somos os amadores\u201d, teria afirmado Patr\u00edcia Padral, diretora da americana Chevron no Brasil, sobre a lei proposta pelo governo. Segundo ela, o tucano Jos\u00e9 Serra teria prometido mudar as regras se fosse eleito presidente. (https:\/\/wikileaks.org\/Nos-bastidores-o-lobby-pelo-pre.html)<\/p>\n<p>Assange tamb\u00e9m denunciou o envolvimento dos Estados Unidos no golpe que derrubou Dilma Rousseff. Em entrevista ao jornalista Fernando Morais, do blog Nocaute, o fundador do Wikileaks afirma: \u201c(A descoberta do pr\u00e9-sal) faz com que outros partidos queiram reduzir o poder da Petrobr\u00e1s, tirando os ganhos dela. Uma maneira de trocar favores com os Estados Unidos \u00e9 facilitar \u00e0 Chevron e \u00e0 ExxonMobil o acesso a partes desse petr\u00f3leo. Nas mensagens vazadas por WikiLeaks aparece um desejo constante das petroleiras americanas de ter o mesmo acesso ao pr\u00e9-sal que a Petrobras tem\u201d.<\/p>\n<p>Ele tamb\u00e9m revelou que Michel Temer, pelo que pode ser lido em documentos da NSA, foi, em janeiro de 2006, \u00e0 Embaixada dos EUA no Brasil e passou informa\u00e7\u00f5es sobre o governo brasileiro. \u201cEle foi \u00e0 embaixada americana v\u00e1rias vezes para falar. Isso mostra um grau um pouco preocupante de conforto dele com a embaixada americana. O que ele ter\u00e1 como retorno? Ele est\u00e1 claramente dando informa\u00e7\u00f5es internas \u00e0 embaixada dos EUA por alguma raz\u00e3o. Provavelmente para pedir algum favor aos Estados Unidos, talvez para receber informa\u00e7\u00f5es deles em retorno\u201d, afirmou Assange.<\/p>\n<h2><strong>A farsa do caso Assange<\/strong><\/h2>\n<p>Na teoria, o bom jornalismo se faz com boas an\u00e1lises, imparcialidade, compromisso com a verdade e muita investiga\u00e7\u00e3o. Foi isso que Assange, fez ao investigar e tornar p\u00fablicos os documentos que comprovaram viola\u00e7\u00f5es cometidas pelo governo dos EUA contra popula\u00e7\u00f5es e governos. Mas, aqueles que deveriam ser investigados, est\u00e3o fazendo de tudo para calar a voz n\u00e3o somente do fundador do WikiLeaks, mas de todos os jornalistas ao redor do mundo.<\/p>\n<p>Assange sofre uma persegui\u00e7\u00e3o pol\u00edtica h\u00e1 mais de 10 anos. Ao longo desse per\u00edodo, contudo, os crimes contra a humanidade em guerras e espionagens dos Estados Unidos, que foram revelados pelo seu trabalho jornal\u00edstico, jamais foram julgados. E pior, o fundador do WikiLeaks n\u00e3o tem sequer acesso ao devido processo legal.<\/p>\n<p>Martonio Mont\u2019Alverne alerta, em entrevista ao Jornal Brasil Atual, que o ponto mais grave, \u00e9 o julgamento do jornalista abrir um \u201cprecedente terr\u00edvel\u201d para os direitos humanos caso se permita a extraterritorialidade da aplica\u00e7\u00e3o da lei estadunidense a supostos crimes cometidos fora do pa\u00eds. Ele lembra que a justi\u00e7a do Reino Unido est\u00e1 julgando um pedido de extradi\u00e7\u00e3o de um cidad\u00e3o que \u00e9 na verdade australiano para aplica\u00e7\u00e3o de uma disposi\u00e7\u00e3o normativa dos Estados Unidos.<\/p>\n<p>\u201cIsso se configuraria no seguinte caso: em um pa\u00eds, por exemplo, a Ar\u00e1bia Saudita, ela poderia tamb\u00e9m requerer a aplica\u00e7\u00e3o da legisla\u00e7\u00e3o dela por um tribunal brasileiro sobre um cidad\u00e3o de qualquer pa\u00eds. Isso abre um precedente in\u00e9dito no \u00e2mbito dos direitos humanos e penal que tem toda uma tradi\u00e7\u00e3o de estrita legalidade\u201d, adverte o advogado.<\/p>\n<p>Al\u00e9m disso, o julgamento de Assange tamb\u00e9m atenta contra a liberdade de imprensa e de express\u00e3o, segundo Mont\u2019Alverne. O que torna o caso do jornalista ainda mais \u201cemblem\u00e1tico\u201d para o direito internacional e os direitos humanos.<\/p>\n<p>Para Sergio Amadeu da Silveira, colunista do blog A Terra \u00e9 Redonda, o Wikileaks \u00e9 uma organiza\u00e7\u00e3o que visa publicar vazamentos de organiza\u00e7\u00f5es poderosas, tais como Estados e grandes corpora\u00e7\u00f5es. O crit\u00e9rio de publica\u00e7\u00e3o da organiza\u00e7\u00e3o \u00e9 que os conte\u00fados sejam comprovadamente verdadeiros e relevantes para a opini\u00e3o p\u00fablica mundial.<\/p>\n<p>Assange est\u00e1 sendo acusado de corrup\u00e7\u00e3o \u00e0 espionagem e o relator de direitos humanos da ONU, afirma que o jornalista australiano \u00e9 v\u00edtima de uma grande farsa, sendo submetido a tortura psicol\u00f3gica.<\/p>\n<p>\u201cAt\u00e9 quando vamos aceitar essa farsa? At\u00e9 quando podemos ver a vida de uma pessoa destru\u00edda por que Washington quer vingan\u00e7a? Podemos continuar aceitando o cinismo como principal estrat\u00e9gia nas rela\u00e7\u00f5es internacionais comandadas pelos Estados Unidos? Seria a ideia de que as raz\u00f5es de Estado est\u00e3o acima do direito dos povos a obter informa\u00e7\u00e3o verdadeira ainda v\u00e1lida? Legitima?\u201d, questiona Sergio Amadeu.<\/p>\n<p>Leia mais:<strong> O caso Assange<\/strong> (<a href=\"https:\/\/aterraeredonda.com.br\/o-caso-assange\/?doing_wp_cron=1645805896.5700879096984863281250\">https:\/\/aterraeredonda.com.br\/o-caso-assange\/?doing_wp_cron=1645805896.5700879096984863281250<\/a>)<\/p>\n<p>(Com informa\u00e7\u00f5es de Norian Segato)<\/p>\n<p>&nbsp;<\/p>\n","protected":false},"excerpt":{"rendered":"<p>Assange sofre persegui\u00e7\u00e3o pol\u00edtica h\u00e1 mais de 10 anos por tornar p\u00fablicos os documentos que comprovaram viola\u00e7\u00f5es cometidas pelo governo dos EUA contra popula\u00e7\u00f5es e governos Belo Horizonte, Bras\u00edlia, Recife, Rio de Janeiro, S\u00e3o Paulo e Porto Alegre foram as&#8230;<\/p>\n","protected":false},"author":1,"featured_media":37676,"comment_status":"closed","ping_status":"closed","sticky":false,"template":"","format":"standard","meta":[],"categories":[10],"tags":[],"yoast_head":"<!-- This site is optimized with the Yoast SEO plugin v19.3 - https:\/\/yoast.com\/wordpress\/plugins\/seo\/ -->\n<title>Liberdade por Assange: capitais brasileiras s\u00e3o palcos de protestos a favor da liberta\u00e7\u00e3o do jornalista e em nome dos Direitos Humanos - AEPET N\u00daCLEO BAHIA<\/title>\n<meta name=\"robots\" content=\"index, follow, max-snippet:-1, max-image-preview:large, max-video-preview:-1\" \/>\n<link rel=\"canonical\" href=\"https:\/\/aepetba.org.br\/v1\/liberdade-por-assange\/\" \/>\n<meta property=\"og:locale\" content=\"pt_BR\" \/>\n<meta property=\"og:type\" content=\"article\" \/>\n<meta property=\"og:title\" content=\"Liberdade por Assange: capitais brasileiras s\u00e3o palcos de protestos a favor da liberta\u00e7\u00e3o do jornalista e em nome dos Direitos Humanos - AEPET N\u00daCLEO BAHIA\" \/>\n<meta property=\"og:description\" content=\"Assange sofre persegui\u00e7\u00e3o pol\u00edtica h\u00e1 mais de 10 anos por tornar p\u00fablicos os documentos que comprovaram viola\u00e7\u00f5es cometidas pelo governo dos EUA contra popula\u00e7\u00f5es e governos Belo Horizonte, Bras\u00edlia, Recife, Rio de Janeiro, S\u00e3o Paulo e Porto Alegre foram as...\" \/>\n<meta property=\"og:url\" content=\"https:\/\/aepetba.org.br\/v1\/liberdade-por-assange\/\" \/>\n<meta property=\"og:site_name\" content=\"AEPET N\u00daCLEO BAHIA\" \/>\n<meta property=\"article:publisher\" content=\"https:\/\/web.facebook.com\/aepetba\" \/>\n<meta property=\"article:published_time\" content=\"2022-03-04T13:04:51+00:00\" \/>\n<meta property=\"article:modified_time\" content=\"2022-03-04T20:11:16+00:00\" \/>\n<meta property=\"og:image\" content=\"https:\/\/aepetba.org.br\/v1\/wp-content\/uploads\/2022\/03\/Materia-Liberdade-por-Assange-capitais-brasileiras-sao-palcos-de-protestos-a-favor-da-libertacao-do-jornalista-e-em-nome-dos-Direitos-Humanos-petroleo-bahia-Aepet-ba.jpg\" \/>\n\t<meta property=\"og:image:width\" content=\"1073\" \/>\n\t<meta property=\"og:image:height\" content=\"904\" \/>\n\t<meta property=\"og:image:type\" content=\"image\/jpeg\" \/>\n<meta name=\"author\" content=\"AEPETBA\" \/>\n<meta name=\"twitter:card\" content=\"summary_large_image\" \/>\n<meta name=\"twitter:creator\" content=\"@aepetbahia\" \/>\n<meta name=\"twitter:site\" content=\"@aepetbahia\" \/>\n<meta name=\"twitter:label1\" content=\"Escrito por\" \/>\n\t<meta name=\"twitter:data1\" content=\"AEPETBA\" \/>\n\t<meta name=\"twitter:label2\" content=\"Est. tempo de leitura\" \/>\n\t<meta name=\"twitter:data2\" content=\"7 minutos\" \/>\n<script type=\"application\/ld+json\" class=\"yoast-schema-graph\">{\"@context\":\"https:\/\/schema.org\",\"@graph\":[{\"@type\":\"Organization\",\"@id\":\"https:\/\/aepetba.org.br\/v1\/#organization\",\"name\":\"AEPET N\u00facleo Bahia\",\"url\":\"https:\/\/aepetba.org.br\/v1\/\",\"sameAs\":[\"https:\/\/www.instagram.com\/aepetbahia\/\",\"https:\/\/www.youtube.com\/c\/AEPETBAHIA\",\"https:\/\/web.facebook.com\/aepetba\",\"https:\/\/twitter.com\/aepetbahia\"],\"logo\":{\"@type\":\"ImageObject\",\"inLanguage\":\"pt-BR\",\"@id\":\"https:\/\/aepetba.org.br\/v1\/#\/schema\/logo\/image\/\",\"url\":\"https:\/\/aepetba.org.br\/v1\/wp-content\/uploads\/revslider\/home\/logo-AEPETBA.png\",\"contentUrl\":\"https:\/\/aepetba.org.br\/v1\/wp-content\/uploads\/revslider\/home\/logo-AEPETBA.png\",\"width\":297,\"height\":86,\"caption\":\"AEPET N\u00facleo Bahia\"},\"image\":{\"@id\":\"https:\/\/aepetba.org.br\/v1\/#\/schema\/logo\/image\/\"}},{\"@type\":\"WebSite\",\"@id\":\"https:\/\/aepetba.org.br\/v1\/#website\",\"url\":\"https:\/\/aepetba.org.br\/v1\/\",\"name\":\"AEPET N\u00daCLEO BAHIA\",\"description\":\"Associa\u00e7\u00e3o dos Engenheiros da Petrobr\u00e1s N\u00facleo Bahia Petr\u00f3leo Bahia Salvador Nordeste \",\"publisher\":{\"@id\":\"https:\/\/aepetba.org.br\/v1\/#organization\"},\"potentialAction\":[{\"@type\":\"SearchAction\",\"target\":{\"@type\":\"EntryPoint\",\"urlTemplate\":\"https:\/\/aepetba.org.br\/v1\/?s={search_term_string}\"},\"query-input\":\"required name=search_term_string\"}],\"inLanguage\":\"pt-BR\"},{\"@type\":\"ImageObject\",\"inLanguage\":\"pt-BR\",\"@id\":\"https:\/\/aepetba.org.br\/v1\/liberdade-por-assange\/#primaryimage\",\"url\":\"https:\/\/aepetba.org.br\/v1\/wp-content\/uploads\/2022\/03\/Materia-Liberdade-por-Assange-capitais-brasileiras-sao-palcos-de-protestos-a-favor-da-libertacao-do-jornalista-e-em-nome-dos-Direitos-Humanos-petroleo-bahia-Aepet-ba.jpg\",\"contentUrl\":\"https:\/\/aepetba.org.br\/v1\/wp-content\/uploads\/2022\/03\/Materia-Liberdade-por-Assange-capitais-brasileiras-sao-palcos-de-protestos-a-favor-da-libertacao-do-jornalista-e-em-nome-dos-Direitos-Humanos-petroleo-bahia-Aepet-ba.jpg\",\"width\":1073,\"height\":904},{\"@type\":\"WebPage\",\"@id\":\"https:\/\/aepetba.org.br\/v1\/liberdade-por-assange\/\",\"url\":\"https:\/\/aepetba.org.br\/v1\/liberdade-por-assange\/\",\"name\":\"Liberdade por Assange: capitais brasileiras s\u00e3o palcos de protestos a favor da liberta\u00e7\u00e3o do jornalista e em nome dos Direitos Humanos - AEPET N\u00daCLEO BAHIA\",\"isPartOf\":{\"@id\":\"https:\/\/aepetba.org.br\/v1\/#website\"},\"primaryImageOfPage\":{\"@id\":\"https:\/\/aepetba.org.br\/v1\/liberdade-por-assange\/#primaryimage\"},\"datePublished\":\"2022-03-04T13:04:51+00:00\",\"dateModified\":\"2022-03-04T20:11:16+00:00\",\"breadcrumb\":{\"@id\":\"https:\/\/aepetba.org.br\/v1\/liberdade-por-assange\/#breadcrumb\"},\"inLanguage\":\"pt-BR\",\"potentialAction\":[{\"@type\":\"ReadAction\",\"target\":[\"https:\/\/aepetba.org.br\/v1\/liberdade-por-assange\/\"]}]},{\"@type\":\"BreadcrumbList\",\"@id\":\"https:\/\/aepetba.org.br\/v1\/liberdade-por-assange\/#breadcrumb\",\"itemListElement\":[{\"@type\":\"ListItem\",\"position\":1,\"name\":\"In\u00edcio\",\"item\":\"https:\/\/aepetba.org.br\/v1\/\"},{\"@type\":\"ListItem\",\"position\":2,\"name\":\"Liberdade por Assange: capitais brasileiras s\u00e3o palcos de protestos a favor da liberta\u00e7\u00e3o do jornalista e em nome dos Direitos Humanos\"}]},{\"@type\":\"Article\",\"@id\":\"https:\/\/aepetba.org.br\/v1\/liberdade-por-assange\/#article\",\"isPartOf\":{\"@id\":\"https:\/\/aepetba.org.br\/v1\/liberdade-por-assange\/\"},\"author\":{\"name\":\"AEPETBA\",\"@id\":\"https:\/\/aepetba.org.br\/v1\/#\/schema\/person\/3504208f89f3f50e1526867ebb573b88\"},\"headline\":\"Liberdade por Assange: capitais brasileiras s\u00e3o palcos de protestos a favor da liberta\u00e7\u00e3o do jornalista e em nome dos Direitos Humanos\",\"datePublished\":\"2022-03-04T13:04:51+00:00\",\"dateModified\":\"2022-03-04T20:11:16+00:00\",\"mainEntityOfPage\":{\"@id\":\"https:\/\/aepetba.org.br\/v1\/liberdade-por-assange\/\"},\"wordCount\":1346,\"publisher\":{\"@id\":\"https:\/\/aepetba.org.br\/v1\/#organization\"},\"image\":{\"@id\":\"https:\/\/aepetba.org.br\/v1\/liberdade-por-assange\/#primaryimage\"},\"thumbnailUrl\":\"https:\/\/aepetba.org.br\/v1\/wp-content\/uploads\/2022\/03\/Materia-Liberdade-por-Assange-capitais-brasileiras-sao-palcos-de-protestos-a-favor-da-libertacao-do-jornalista-e-em-nome-dos-Direitos-Humanos-petroleo-bahia-Aepet-ba.jpg\",\"articleSection\":[\"Not\u00edcias\"],\"inLanguage\":\"pt-BR\"},{\"@type\":\"Person\",\"@id\":\"https:\/\/aepetba.org.br\/v1\/#\/schema\/person\/3504208f89f3f50e1526867ebb573b88\",\"name\":\"AEPETBA\",\"image\":{\"@type\":\"ImageObject\",\"inLanguage\":\"pt-BR\",\"@id\":\"https:\/\/aepetba.org.br\/v1\/#\/schema\/person\/image\/\",\"url\":\"https:\/\/secure.gravatar.com\/avatar\/3e6e1bf98c38137fc6b937d21e974714?s=96&d=mm&r=g\",\"contentUrl\":\"https:\/\/secure.gravatar.com\/avatar\/3e6e1bf98c38137fc6b937d21e974714?s=96&d=mm&r=g\",\"caption\":\"AEPETBA\"},\"sameAs\":[\"http:\/\/aepetba.org.br\/v1\"],\"url\":\"https:\/\/aepetba.org.br\/v1\/author\/lubconsultoria\/\"}]}<\/script>\n<!-- \/ Yoast SEO plugin. -->","yoast_head_json":{"title":"Liberdade por Assange: capitais brasileiras s\u00e3o palcos de protestos a favor da liberta\u00e7\u00e3o do jornalista e em nome dos Direitos Humanos - AEPET N\u00daCLEO BAHIA","robots":{"index":"index","follow":"follow","max-snippet":"max-snippet:-1","max-image-preview":"max-image-preview:large","max-video-preview":"max-video-preview:-1"},"canonical":"https:\/\/aepetba.org.br\/v1\/liberdade-por-assange\/","og_locale":"pt_BR","og_type":"article","og_title":"Liberdade por Assange: capitais brasileiras s\u00e3o palcos de protestos a favor da liberta\u00e7\u00e3o do jornalista e em nome dos Direitos Humanos - AEPET N\u00daCLEO BAHIA","og_description":"Assange sofre persegui\u00e7\u00e3o pol\u00edtica h\u00e1 mais de 10 anos por tornar p\u00fablicos os documentos que comprovaram viola\u00e7\u00f5es cometidas pelo governo dos EUA contra popula\u00e7\u00f5es e governos Belo Horizonte, Bras\u00edlia, Recife, Rio de Janeiro, S\u00e3o Paulo e Porto Alegre foram as...","og_url":"https:\/\/aepetba.org.br\/v1\/liberdade-por-assange\/","og_site_name":"AEPET N\u00daCLEO BAHIA","article_publisher":"https:\/\/web.facebook.com\/aepetba","article_published_time":"2022-03-04T13:04:51+00:00","article_modified_time":"2022-03-04T20:11:16+00:00","og_image":[{"width":1073,"height":904,"url":"https:\/\/aepetba.org.br\/v1\/wp-content\/uploads\/2022\/03\/Materia-Liberdade-por-Assange-capitais-brasileiras-sao-palcos-de-protestos-a-favor-da-libertacao-do-jornalista-e-em-nome-dos-Direitos-Humanos-petroleo-bahia-Aepet-ba.jpg","type":"image\/jpeg"}],"author":"AEPETBA","twitter_card":"summary_large_image","twitter_creator":"@aepetbahia","twitter_site":"@aepetbahia","twitter_misc":{"Escrito por":"AEPETBA","Est. tempo de leitura":"7 minutos"},"schema":{"@context":"https:\/\/schema.org","@graph":[{"@type":"Organization","@id":"https:\/\/aepetba.org.br\/v1\/#organization","name":"AEPET N\u00facleo Bahia","url":"https:\/\/aepetba.org.br\/v1\/","sameAs":["https:\/\/www.instagram.com\/aepetbahia\/","https:\/\/www.youtube.com\/c\/AEPETBAHIA","https:\/\/web.facebook.com\/aepetba","https:\/\/twitter.com\/aepetbahia"],"logo":{"@type":"ImageObject","inLanguage":"pt-BR","@id":"https:\/\/aepetba.org.br\/v1\/#\/schema\/logo\/image\/","url":"https:\/\/aepetba.org.br\/v1\/wp-content\/uploads\/revslider\/home\/logo-AEPETBA.png","contentUrl":"https:\/\/aepetba.org.br\/v1\/wp-content\/uploads\/revslider\/home\/logo-AEPETBA.png","width":297,"height":86,"caption":"AEPET N\u00facleo Bahia"},"image":{"@id":"https:\/\/aepetba.org.br\/v1\/#\/schema\/logo\/image\/"}},{"@type":"WebSite","@id":"https:\/\/aepetba.org.br\/v1\/#website","url":"https:\/\/aepetba.org.br\/v1\/","name":"AEPET N\u00daCLEO BAHIA","description":"Associa\u00e7\u00e3o dos Engenheiros da Petrobr\u00e1s N\u00facleo Bahia Petr\u00f3leo Bahia Salvador Nordeste ","publisher":{"@id":"https:\/\/aepetba.org.br\/v1\/#organization"},"potentialAction":[{"@type":"SearchAction","target":{"@type":"EntryPoint","urlTemplate":"https:\/\/aepetba.org.br\/v1\/?s={search_term_string}"},"query-input":"required name=search_term_string"}],"inLanguage":"pt-BR"},{"@type":"ImageObject","inLanguage":"pt-BR","@id":"https:\/\/aepetba.org.br\/v1\/liberdade-por-assange\/#primaryimage","url":"https:\/\/aepetba.org.br\/v1\/wp-content\/uploads\/2022\/03\/Materia-Liberdade-por-Assange-capitais-brasileiras-sao-palcos-de-protestos-a-favor-da-libertacao-do-jornalista-e-em-nome-dos-Direitos-Humanos-petroleo-bahia-Aepet-ba.jpg","contentUrl":"https:\/\/aepetba.org.br\/v1\/wp-content\/uploads\/2022\/03\/Materia-Liberdade-por-Assange-capitais-brasileiras-sao-palcos-de-protestos-a-favor-da-libertacao-do-jornalista-e-em-nome-dos-Direitos-Humanos-petroleo-bahia-Aepet-ba.jpg","width":1073,"height":904},{"@type":"WebPage","@id":"https:\/\/aepetba.org.br\/v1\/liberdade-por-assange\/","url":"https:\/\/aepetba.org.br\/v1\/liberdade-por-assange\/","name":"Liberdade por Assange: capitais brasileiras s\u00e3o palcos de protestos a favor da liberta\u00e7\u00e3o do jornalista e em nome dos Direitos Humanos - AEPET N\u00daCLEO BAHIA","isPartOf":{"@id":"https:\/\/aepetba.org.br\/v1\/#website"},"primaryImageOfPage":{"@id":"https:\/\/aepetba.org.br\/v1\/liberdade-por-assange\/#primaryimage"},"datePublished":"2022-03-04T13:04:51+00:00","dateModified":"2022-03-04T20:11:16+00:00","breadcrumb":{"@id":"https:\/\/aepetba.org.br\/v1\/liberdade-por-assange\/#breadcrumb"},"inLanguage":"pt-BR","potentialAction":[{"@type":"ReadAction","target":["https:\/\/aepetba.org.br\/v1\/liberdade-por-assange\/"]}]},{"@type":"BreadcrumbList","@id":"https:\/\/aepetba.org.br\/v1\/liberdade-por-assange\/#breadcrumb","itemListElement":[{"@type":"ListItem","position":1,"name":"In\u00edcio","item":"https:\/\/aepetba.org.br\/v1\/"},{"@type":"ListItem","position":2,"name":"Liberdade por Assange: capitais brasileiras s\u00e3o palcos de protestos a favor da liberta\u00e7\u00e3o do jornalista e em nome dos Direitos Humanos"}]},{"@type":"Article","@id":"https:\/\/aepetba.org.br\/v1\/liberdade-por-assange\/#article","isPartOf":{"@id":"https:\/\/aepetba.org.br\/v1\/liberdade-por-assange\/"},"author":{"name":"AEPETBA","@id":"https:\/\/aepetba.org.br\/v1\/#\/schema\/person\/3504208f89f3f50e1526867ebb573b88"},"headline":"Liberdade por Assange: capitais brasileiras s\u00e3o palcos de protestos a favor da liberta\u00e7\u00e3o do jornalista e em nome dos Direitos Humanos","datePublished":"2022-03-04T13:04:51+00:00","dateModified":"2022-03-04T20:11:16+00:00","mainEntityOfPage":{"@id":"https:\/\/aepetba.org.br\/v1\/liberdade-por-assange\/"},"wordCount":1346,"publisher":{"@id":"https:\/\/aepetba.org.br\/v1\/#organization"},"image":{"@id":"https:\/\/aepetba.org.br\/v1\/liberdade-por-assange\/#primaryimage"},"thumbnailUrl":"https:\/\/aepetba.org.br\/v1\/wp-content\/uploads\/2022\/03\/Materia-Liberdade-por-Assange-capitais-brasileiras-sao-palcos-de-protestos-a-favor-da-libertacao-do-jornalista-e-em-nome-dos-Direitos-Humanos-petroleo-bahia-Aepet-ba.jpg","articleSection":["Not\u00edcias"],"inLanguage":"pt-BR"},{"@type":"Person","@id":"https:\/\/aepetba.org.br\/v1\/#\/schema\/person\/3504208f89f3f50e1526867ebb573b88","name":"AEPETBA","image":{"@type":"ImageObject","inLanguage":"pt-BR","@id":"https:\/\/aepetba.org.br\/v1\/#\/schema\/person\/image\/","url":"https:\/\/secure.gravatar.com\/avatar\/3e6e1bf98c38137fc6b937d21e974714?s=96&d=mm&r=g","contentUrl":"https:\/\/secure.gravatar.com\/avatar\/3e6e1bf98c38137fc6b937d21e974714?s=96&d=mm&r=g","caption":"AEPETBA"},"sameAs":["http:\/\/aepetba.org.br\/v1"],"url":"https:\/\/aepetba.org.br\/v1\/author\/lubconsultoria\/"}]}},"_links":{"self":[{"href":"https:\/\/aepetba.org.br\/v1\/wp-json\/wp\/v2\/posts\/37654"}],"collection":[{"href":"https:\/\/aepetba.org.br\/v1\/wp-json\/wp\/v2\/posts"}],"about":[{"href":"https:\/\/aepetba.org.br\/v1\/wp-json\/wp\/v2\/types\/post"}],"author":[{"embeddable":true,"href":"https:\/\/aepetba.org.br\/v1\/wp-json\/wp\/v2\/users\/1"}],"replies":[{"embeddable":true,"href":"https:\/\/aepetba.org.br\/v1\/wp-json\/wp\/v2\/comments?post=37654"}],"version-history":[{"count":6,"href":"https:\/\/aepetba.org.br\/v1\/wp-json\/wp\/v2\/posts\/37654\/revisions"}],"predecessor-version":[{"id":37673,"href":"https:\/\/aepetba.org.br\/v1\/wp-json\/wp\/v2\/posts\/37654\/revisions\/37673"}],"wp:featuredmedia":[{"embeddable":true,"href":"https:\/\/aepetba.org.br\/v1\/wp-json\/wp\/v2\/media\/37676"}],"wp:attachment":[{"href":"https:\/\/aepetba.org.br\/v1\/wp-json\/wp\/v2\/media?parent=37654"}],"wp:term":[{"taxonomy":"category","embeddable":true,"href":"https:\/\/aepetba.org.br\/v1\/wp-json\/wp\/v2\/categories?post=37654"},{"taxonomy":"post_tag","embeddable":true,"href":"https:\/\/aepetba.org.br\/v1\/wp-json\/wp\/v2\/tags?post=37654"}],"curies":[{"name":"wp","href":"https:\/\/api.w.org\/{rel}","templated":true}]}}