{"id":37864,"date":"2022-03-29T15:55:18","date_gmt":"2022-03-29T18:55:18","guid":{"rendered":"https:\/\/aepetba.org.br\/v1\/?p=37864"},"modified":"2022-03-29T15:55:18","modified_gmt":"2022-03-29T18:55:18","slug":"no-aniversario-de-salvador-nao-temos-muito-o-que-comemorar","status":"publish","type":"post","link":"https:\/\/aepetba.org.br\/v1\/no-aniversario-de-salvador-nao-temos-muito-o-que-comemorar\/","title":{"rendered":"No anivers\u00e1rio de Salvador n\u00e3o temos muito o que comemorar"},"content":{"rendered":"<!--[if lt IE 9]><script>document.createElement('audio');<\/script><![endif]-->\n<audio class=\"wp-audio-shortcode\" id=\"audio-37864-1\" preload=\"none\" style=\"width: 100%;\" controls=\"controls\"><source type=\"audio\/ogg\" src=\"https:\/\/aepetba.org.br\/v1\/wp-content\/uploads\/2022\/03\/salvador-473-anos.ogg?_=1\" \/><a href=\"https:\/\/aepetba.org.br\/v1\/wp-content\/uploads\/2022\/03\/salvador-473-anos.ogg\">https:\/\/aepetba.org.br\/v1\/wp-content\/uploads\/2022\/03\/salvador-473-anos.ogg<\/a><\/audio>\n<blockquote><p><i><span style=\"font-weight: 400;\">Salvador, a primeira capital do Brasil, tem sofrido com o aumento da viol\u00eancia, do desemprego e com a destrui\u00e7\u00e3o do meio ambiente.<\/span><\/i><\/p><\/blockquote>\n<p><span style=\"font-weight: 400;\"><em><strong>Parab\u00e9ns, Salvador!<\/strong><\/em> S\u00e3o 473 anos de muita hist\u00f3ria de resist\u00eancia e luta na capital da Bahia. Esse \u00e9 o lugar onde o povo sobe e desce pelo Elevador Lacerda, anda com f\u00e9 at\u00e9 a Colina Sagrada, carrega o Patu\u00e1 dos Orix\u00e1s, toma banho nas praias que ocupam mais de 40 km de orla e aprecia a baianidade nag\u00f4 no Pelourinho. Mas, Salvador tamb\u00e9m \u00e9 uma cidade com muitos problemas e desigualdade social, al\u00e9m dos recordes nos \u00edndices de viol\u00eancia.<\/span><\/p>\n<p><span style=\"font-weight: 400;\">Quem conhece a nossa cidade, sabe que um dos portais de entrada \u00e9 pelo Aeroporto, que sempre ter\u00e1 o nome de 2 de Julho. Nele, tem um cart\u00e3o postal conhecido como Bambuzal \u2013 caminho coberto por centenas de bambus. Infelizmente esse grande atrativo como uma boa primeira impress\u00e3o da capital baiana n\u00e3o vem tendo o devido cuidado e sofre com o descaso das autoridades. O Bambuzal est\u00e1 abandonado e sem o devido replantio. Al\u00e9m disso, tem v\u00e1rios bambus ca\u00eddos e galhos secos, levando risco aos motoristas e pedestres que passam pela Avenida do Aeroporto.<\/span><\/p>\n<p><span style=\"font-weight: 400;\">Outro ponto que merece a sua aten\u00e7\u00e3o, s\u00e3o as Dunas do Abaet\u00e9. O lugar \u00e9 sagrado para o culto das religi\u00f5es de matriz africana e vem sofrendo com diversas interven\u00e7\u00f5es \u2013 que a prefeitura diz ser de requalifica\u00e7\u00e3o, mas s\u00e3o formas de destrui\u00e7\u00e3o desse ambiente natural e religioso. Na semana passada, o Minist\u00e9rio P\u00fablico da Bahia (MP-BA), atrav\u00e9s da promotora de Justi\u00e7a L\u00edvia Sant\u2019Anna Vaz, recomendou que a Seinfra \u2013 Secretaria Municipal de Infraestrutura e Obras P\u00fablicas de Salvador, suspendesse imediatamente as obras nas Dunas.<\/span><\/p>\n<p><span style=\"font-weight: 400;\">O tal projeto prev\u00ea a instala\u00e7\u00e3o de uma sede, audit\u00f3rio, sanit\u00e1rios e espa\u00e7os de lazer e atividades religiosas. S\u00f3 que isso n\u00e3o visa a preserva\u00e7\u00e3o ambiental e nem t\u00e3o pouco a valoriza\u00e7\u00e3o das religi\u00f5es de matriz africana \u2013 que tentaram mudar o nome do Abaet\u00e9 para \u201cMonte Santo\u201d, numa clara persegui\u00e7\u00e3o e ofensiva dos evang\u00e9licos. Em diversos protestos, ambientalistas e entidades denunciam as v\u00e1rias irregularidades no projeto, j\u00e1 que fica \u00e0 borda de uma \u00c1rea de Prote\u00e7\u00e3o Ambiental (APA) Lagoas e Dunas do Abaet\u00e9. Esse lugar \u00e9 o \u00faltimo remanescente de dunas e restinga e que conta com mais de mil esp\u00e9cies de flora e fauna, sendo nativas e migrat\u00f3rias.<\/span><\/p>\n<h2><b>Salvador, cidade violenta<\/b><\/h2>\n<p><span style=\"font-weight: 400;\">Um levantamento feito pelo Jornal Correio a partir de dados da SSP \u2013 Secretaria de Seguran\u00e7a P\u00fablica, aponta que <\/span><b>20.137<\/b><span style=\"font-weight: 400;\"> pessoas morreram de forma violenta entre janeiro de 2011 e junho de 2021. S\u00e3o n\u00fameros alarmantes e que refletem a falta de seguran\u00e7a na Capital Baiana. Esse n\u00famero \u00e9 maior do que a popula\u00e7\u00e3o inteira da cidade de Pindoba\u00e7u, no Sert\u00e3o baiano, e pouco menor do que a popula\u00e7\u00e3o de outras cidades do interior como Abar\u00e9, Baixa Grande, Barra da Estiva, Marac\u00e1s e Mara\u00fa, com popula\u00e7\u00e3o menor que 21 mil pessoas.<\/span><\/p>\n<p><span style=\"font-weight: 400;\">De 2011 a 2021, quem mais foi alvo da viol\u00eancia em Salvador e na regi\u00e3o metropolitana foram homens entre 17 a 26 anos. Especialistas apontam que a maior parte desses mortos s\u00e3o jovens, negros e moradores da periferia. Isso, sem contar as mortes causadas por a\u00e7\u00f5es policiais, pois n\u00e3o entram nas estat\u00edsticas feitas pela pr\u00f3pria SSP. A faixa de idade com o maior n\u00famero de v\u00edtimas foi a de 19 anos. Quatro bairros da periferia de Salvador se destacam na lista de mortes em 2021: S\u00e3o Marcos, onde 87,3% da popula\u00e7\u00e3o se autodeclara preta ou parda, S\u00e3o Caetano, Val\u00e9ria e Fazenda Grande do Retiro.<\/span><\/p>\n<h2><b>A capital do desemprego<\/b><\/h2>\n<p><span style=\"font-weight: 400;\">O reflexo do desemprego em Salvador \u00e9 visto todos os dias nas ruas da cidade, atrav\u00e9s do grande n\u00famero de trabalhadores informais \u2013 conhecidos como camel\u00f4s. Temos tamb\u00e9m os baleiros, que comercializam seus produtos, cada vez com mais frequ\u00eancia, nos \u00f4nibus da capital baiana. De acordo com o IBGE, os dados de 2020 apontam Salvador como a segunda capital do pa\u00eds com maior n\u00famero de pessoas desocupadas, que n\u00e3o trabalham e procuram trabalho; perdendo apenas para Manaus (AM).<\/span><\/p>\n<p><span style=\"font-weight: 400;\">A vereadora Marta Rodrigues (PT), preside a Comiss\u00e3o de Direitos Humanos e de Defesa da Democracia Makota Valdina. Ela comentou sobre esse triste \u00edndice que Salvador vem carregando ao longo dos anos, agravada pela pandemia e que infelizmente, as autoridades pouco fazem para mudar essa situa\u00e7\u00e3o.<\/span><\/p>\n<p><span style=\"font-weight: 400;\">\u201cSalvador j\u00e1 tinha antes mesmo da pandemia, conforme o IBGE, um \u00edndice de 487 mil trabalhadores na informalidade antes da pandemia, sem falar nos totalmente desocupados. Ap\u00f3s a pandemia, a situa\u00e7\u00e3o piorou o desemprego, pois muitos destes informais deixaram de exercer suas atividades devido \u00e0s restri\u00e7\u00f5es da pandemia. Ent\u00e3o a situa\u00e7\u00e3o se agravou muito. Ainda hoje, as pol\u00edticas p\u00fablicas para inser\u00e7\u00e3o dessas pessoas no mercado de trabalho s\u00e3o escassas e precisamos resolver isso urgentemente para impedir ainda mais o aumento da fome e da mis\u00e9ria em nossa capital\u201d, comenta Marta, em reportagem para a Ag\u00eancia de Not\u00edcias das Favelas \u2013 ANF.<\/span><\/p>\n<p><span style=\"font-weight: 400;\">Triste realidade que atinge Salvador, uma cidade visitada por turistas de todo o mundo atra\u00eddos pelas belezas naturais, seu povo, sua cultura e que poderia atrair muito mais se n\u00e3o fosse t\u00e3o desigual. A AEPET-BA parabeniza a cidade de Salvador e aos soteropolitanos que mesmo com tanto sofrimento n\u00e3o perdem a ginga, \u00e9 o Carnaval, a maior festa do mundo, uma alternativa de emprego e renda. No anivers\u00e1rio de 473 anos, Salvador tem muita hist\u00f3ria para contar j\u00e1 que foi a primeira capital do pa\u00eds, por isso mesmo, o povo precisa identificar, valorizar quem s\u00e3o os verdadeiros her\u00f3is que lutaram e lutam diariamente para torn\u00e1-la mais justa, antirracista, igualit\u00e1ria e menos violenta.<\/span><\/p>\n","protected":false},"excerpt":{"rendered":"<p>Salvador, a primeira capital do Brasil, tem sofrido com o aumento da viol\u00eancia, do desemprego e com a destrui\u00e7\u00e3o do meio ambiente. Parab\u00e9ns, Salvador! S\u00e3o 473 anos de muita hist\u00f3ria de resist\u00eancia e luta na capital da Bahia. Esse \u00e9&#8230;<\/p>\n","protected":false},"author":1,"featured_media":37865,"comment_status":"closed","ping_status":"closed","sticky":false,"template":"","format":"standard","meta":[],"categories":[87,10],"tags":[19,118],"yoast_head":"<!-- This site is optimized with the Yoast SEO plugin v19.3 - https:\/\/yoast.com\/wordpress\/plugins\/seo\/ -->\n<title>No anivers\u00e1rio de Salvador n\u00e3o temos muito o que comemorar - AEPET N\u00daCLEO BAHIA<\/title>\n<meta name=\"robots\" content=\"index, follow, max-snippet:-1, max-image-preview:large, max-video-preview:-1\" \/>\n<link rel=\"canonical\" href=\"https:\/\/aepetba.org.br\/v1\/no-aniversario-de-salvador-nao-temos-muito-o-que-comemorar\/\" \/>\n<meta property=\"og:locale\" content=\"pt_BR\" \/>\n<meta property=\"og:type\" content=\"article\" \/>\n<meta property=\"og:title\" content=\"No anivers\u00e1rio de Salvador n\u00e3o temos muito o que comemorar - AEPET N\u00daCLEO BAHIA\" \/>\n<meta property=\"og:description\" content=\"Salvador, a primeira capital do Brasil, tem sofrido com o aumento da viol\u00eancia, do desemprego e com a destrui\u00e7\u00e3o do meio ambiente. Parab\u00e9ns, Salvador! S\u00e3o 473 anos de muita hist\u00f3ria de resist\u00eancia e luta na capital da Bahia. Esse \u00e9...\" \/>\n<meta property=\"og:url\" content=\"https:\/\/aepetba.org.br\/v1\/no-aniversario-de-salvador-nao-temos-muito-o-que-comemorar\/\" \/>\n<meta property=\"og:site_name\" content=\"AEPET N\u00daCLEO BAHIA\" \/>\n<meta property=\"article:publisher\" content=\"https:\/\/web.facebook.com\/aepetba\" \/>\n<meta property=\"article:published_time\" content=\"2022-03-29T18:55:18+00:00\" \/>\n<meta property=\"og:image\" content=\"https:\/\/aepetba.org.br\/v1\/wp-content\/uploads\/2022\/03\/Materia-SALVADOR-473-ANOS-Aepet-ba.jpg\" \/>\n\t<meta property=\"og:image:width\" content=\"1080\" \/>\n\t<meta property=\"og:image:height\" content=\"1080\" \/>\n\t<meta property=\"og:image:type\" content=\"image\/jpeg\" \/>\n<meta name=\"author\" content=\"AEPETBA\" \/>\n<meta name=\"twitter:card\" content=\"summary_large_image\" \/>\n<meta name=\"twitter:creator\" content=\"@aepetbahia\" \/>\n<meta name=\"twitter:site\" content=\"@aepetbahia\" \/>\n<meta name=\"twitter:label1\" content=\"Escrito por\" \/>\n\t<meta name=\"twitter:data1\" content=\"AEPETBA\" \/>\n\t<meta name=\"twitter:label2\" content=\"Est. tempo de leitura\" \/>\n\t<meta name=\"twitter:data2\" content=\"5 minutos\" \/>\n<script type=\"application\/ld+json\" class=\"yoast-schema-graph\">{\"@context\":\"https:\/\/schema.org\",\"@graph\":[{\"@type\":\"Organization\",\"@id\":\"https:\/\/aepetba.org.br\/v1\/#organization\",\"name\":\"AEPET N\u00facleo Bahia\",\"url\":\"https:\/\/aepetba.org.br\/v1\/\",\"sameAs\":[\"https:\/\/www.instagram.com\/aepetbahia\/\",\"https:\/\/www.youtube.com\/c\/AEPETBAHIA\",\"https:\/\/web.facebook.com\/aepetba\",\"https:\/\/twitter.com\/aepetbahia\"],\"logo\":{\"@type\":\"ImageObject\",\"inLanguage\":\"pt-BR\",\"@id\":\"https:\/\/aepetba.org.br\/v1\/#\/schema\/logo\/image\/\",\"url\":\"https:\/\/aepetba.org.br\/v1\/wp-content\/uploads\/revslider\/home\/logo-AEPETBA.png\",\"contentUrl\":\"https:\/\/aepetba.org.br\/v1\/wp-content\/uploads\/revslider\/home\/logo-AEPETBA.png\",\"width\":297,\"height\":86,\"caption\":\"AEPET N\u00facleo Bahia\"},\"image\":{\"@id\":\"https:\/\/aepetba.org.br\/v1\/#\/schema\/logo\/image\/\"}},{\"@type\":\"WebSite\",\"@id\":\"https:\/\/aepetba.org.br\/v1\/#website\",\"url\":\"https:\/\/aepetba.org.br\/v1\/\",\"name\":\"AEPET N\u00daCLEO BAHIA\",\"description\":\"Associa\u00e7\u00e3o dos Engenheiros da Petrobr\u00e1s N\u00facleo Bahia Petr\u00f3leo Bahia Salvador Nordeste \",\"publisher\":{\"@id\":\"https:\/\/aepetba.org.br\/v1\/#organization\"},\"potentialAction\":[{\"@type\":\"SearchAction\",\"target\":{\"@type\":\"EntryPoint\",\"urlTemplate\":\"https:\/\/aepetba.org.br\/v1\/?s={search_term_string}\"},\"query-input\":\"required name=search_term_string\"}],\"inLanguage\":\"pt-BR\"},{\"@type\":\"ImageObject\",\"inLanguage\":\"pt-BR\",\"@id\":\"https:\/\/aepetba.org.br\/v1\/no-aniversario-de-salvador-nao-temos-muito-o-que-comemorar\/#primaryimage\",\"url\":\"https:\/\/aepetba.org.br\/v1\/wp-content\/uploads\/2022\/03\/Materia-SALVADOR-473-ANOS-Aepet-ba.jpg\",\"contentUrl\":\"https:\/\/aepetba.org.br\/v1\/wp-content\/uploads\/2022\/03\/Materia-SALVADOR-473-ANOS-Aepet-ba.jpg\",\"width\":1080,\"height\":1080},{\"@type\":\"WebPage\",\"@id\":\"https:\/\/aepetba.org.br\/v1\/no-aniversario-de-salvador-nao-temos-muito-o-que-comemorar\/\",\"url\":\"https:\/\/aepetba.org.br\/v1\/no-aniversario-de-salvador-nao-temos-muito-o-que-comemorar\/\",\"name\":\"No anivers\u00e1rio de Salvador n\u00e3o temos muito o que comemorar - AEPET N\u00daCLEO BAHIA\",\"isPartOf\":{\"@id\":\"https:\/\/aepetba.org.br\/v1\/#website\"},\"primaryImageOfPage\":{\"@id\":\"https:\/\/aepetba.org.br\/v1\/no-aniversario-de-salvador-nao-temos-muito-o-que-comemorar\/#primaryimage\"},\"datePublished\":\"2022-03-29T18:55:18+00:00\",\"dateModified\":\"2022-03-29T18:55:18+00:00\",\"breadcrumb\":{\"@id\":\"https:\/\/aepetba.org.br\/v1\/no-aniversario-de-salvador-nao-temos-muito-o-que-comemorar\/#breadcrumb\"},\"inLanguage\":\"pt-BR\",\"potentialAction\":[{\"@type\":\"ReadAction\",\"target\":[\"https:\/\/aepetba.org.br\/v1\/no-aniversario-de-salvador-nao-temos-muito-o-que-comemorar\/\"]}]},{\"@type\":\"BreadcrumbList\",\"@id\":\"https:\/\/aepetba.org.br\/v1\/no-aniversario-de-salvador-nao-temos-muito-o-que-comemorar\/#breadcrumb\",\"itemListElement\":[{\"@type\":\"ListItem\",\"position\":1,\"name\":\"In\u00edcio\",\"item\":\"https:\/\/aepetba.org.br\/v1\/\"},{\"@type\":\"ListItem\",\"position\":2,\"name\":\"No anivers\u00e1rio de Salvador n\u00e3o temos muito o que comemorar\"}]},{\"@type\":\"Article\",\"@id\":\"https:\/\/aepetba.org.br\/v1\/no-aniversario-de-salvador-nao-temos-muito-o-que-comemorar\/#article\",\"isPartOf\":{\"@id\":\"https:\/\/aepetba.org.br\/v1\/no-aniversario-de-salvador-nao-temos-muito-o-que-comemorar\/\"},\"author\":{\"name\":\"AEPETBA\",\"@id\":\"https:\/\/aepetba.org.br\/v1\/#\/schema\/person\/3504208f89f3f50e1526867ebb573b88\"},\"headline\":\"No anivers\u00e1rio de Salvador n\u00e3o temos muito o que comemorar\",\"datePublished\":\"2022-03-29T18:55:18+00:00\",\"dateModified\":\"2022-03-29T18:55:18+00:00\",\"mainEntityOfPage\":{\"@id\":\"https:\/\/aepetba.org.br\/v1\/no-aniversario-de-salvador-nao-temos-muito-o-que-comemorar\/\"},\"wordCount\":1024,\"publisher\":{\"@id\":\"https:\/\/aepetba.org.br\/v1\/#organization\"},\"image\":{\"@id\":\"https:\/\/aepetba.org.br\/v1\/no-aniversario-de-salvador-nao-temos-muito-o-que-comemorar\/#primaryimage\"},\"thumbnailUrl\":\"https:\/\/aepetba.org.br\/v1\/wp-content\/uploads\/2022\/03\/Materia-SALVADOR-473-ANOS-Aepet-ba.jpg\",\"keywords\":[\"AEPET-BA\",\"N\u00e3o \u00e0 privatiza\u00e7\u00e3o\"],\"articleSection\":[\"Destaque\",\"Not\u00edcias\"],\"inLanguage\":\"pt-BR\"},{\"@type\":\"Person\",\"@id\":\"https:\/\/aepetba.org.br\/v1\/#\/schema\/person\/3504208f89f3f50e1526867ebb573b88\",\"name\":\"AEPETBA\",\"image\":{\"@type\":\"ImageObject\",\"inLanguage\":\"pt-BR\",\"@id\":\"https:\/\/aepetba.org.br\/v1\/#\/schema\/person\/image\/\",\"url\":\"https:\/\/secure.gravatar.com\/avatar\/3e6e1bf98c38137fc6b937d21e974714?s=96&d=mm&r=g\",\"contentUrl\":\"https:\/\/secure.gravatar.com\/avatar\/3e6e1bf98c38137fc6b937d21e974714?s=96&d=mm&r=g\",\"caption\":\"AEPETBA\"},\"sameAs\":[\"http:\/\/aepetba.org.br\/v1\"],\"url\":\"https:\/\/aepetba.org.br\/v1\/author\/lubconsultoria\/\"}]}<\/script>\n<!-- \/ Yoast SEO plugin. -->","yoast_head_json":{"title":"No anivers\u00e1rio de Salvador n\u00e3o temos muito o que comemorar - AEPET N\u00daCLEO BAHIA","robots":{"index":"index","follow":"follow","max-snippet":"max-snippet:-1","max-image-preview":"max-image-preview:large","max-video-preview":"max-video-preview:-1"},"canonical":"https:\/\/aepetba.org.br\/v1\/no-aniversario-de-salvador-nao-temos-muito-o-que-comemorar\/","og_locale":"pt_BR","og_type":"article","og_title":"No anivers\u00e1rio de Salvador n\u00e3o temos muito o que comemorar - AEPET N\u00daCLEO BAHIA","og_description":"Salvador, a primeira capital do Brasil, tem sofrido com o aumento da viol\u00eancia, do desemprego e com a destrui\u00e7\u00e3o do meio ambiente. Parab\u00e9ns, Salvador! S\u00e3o 473 anos de muita hist\u00f3ria de resist\u00eancia e luta na capital da Bahia. Esse \u00e9...","og_url":"https:\/\/aepetba.org.br\/v1\/no-aniversario-de-salvador-nao-temos-muito-o-que-comemorar\/","og_site_name":"AEPET N\u00daCLEO BAHIA","article_publisher":"https:\/\/web.facebook.com\/aepetba","article_published_time":"2022-03-29T18:55:18+00:00","og_image":[{"width":1080,"height":1080,"url":"https:\/\/aepetba.org.br\/v1\/wp-content\/uploads\/2022\/03\/Materia-SALVADOR-473-ANOS-Aepet-ba.jpg","type":"image\/jpeg"}],"author":"AEPETBA","twitter_card":"summary_large_image","twitter_creator":"@aepetbahia","twitter_site":"@aepetbahia","twitter_misc":{"Escrito por":"AEPETBA","Est. tempo de leitura":"5 minutos"},"schema":{"@context":"https:\/\/schema.org","@graph":[{"@type":"Organization","@id":"https:\/\/aepetba.org.br\/v1\/#organization","name":"AEPET N\u00facleo Bahia","url":"https:\/\/aepetba.org.br\/v1\/","sameAs":["https:\/\/www.instagram.com\/aepetbahia\/","https:\/\/www.youtube.com\/c\/AEPETBAHIA","https:\/\/web.facebook.com\/aepetba","https:\/\/twitter.com\/aepetbahia"],"logo":{"@type":"ImageObject","inLanguage":"pt-BR","@id":"https:\/\/aepetba.org.br\/v1\/#\/schema\/logo\/image\/","url":"https:\/\/aepetba.org.br\/v1\/wp-content\/uploads\/revslider\/home\/logo-AEPETBA.png","contentUrl":"https:\/\/aepetba.org.br\/v1\/wp-content\/uploads\/revslider\/home\/logo-AEPETBA.png","width":297,"height":86,"caption":"AEPET N\u00facleo Bahia"},"image":{"@id":"https:\/\/aepetba.org.br\/v1\/#\/schema\/logo\/image\/"}},{"@type":"WebSite","@id":"https:\/\/aepetba.org.br\/v1\/#website","url":"https:\/\/aepetba.org.br\/v1\/","name":"AEPET N\u00daCLEO BAHIA","description":"Associa\u00e7\u00e3o dos Engenheiros da Petrobr\u00e1s N\u00facleo Bahia Petr\u00f3leo Bahia Salvador Nordeste ","publisher":{"@id":"https:\/\/aepetba.org.br\/v1\/#organization"},"potentialAction":[{"@type":"SearchAction","target":{"@type":"EntryPoint","urlTemplate":"https:\/\/aepetba.org.br\/v1\/?s={search_term_string}"},"query-input":"required name=search_term_string"}],"inLanguage":"pt-BR"},{"@type":"ImageObject","inLanguage":"pt-BR","@id":"https:\/\/aepetba.org.br\/v1\/no-aniversario-de-salvador-nao-temos-muito-o-que-comemorar\/#primaryimage","url":"https:\/\/aepetba.org.br\/v1\/wp-content\/uploads\/2022\/03\/Materia-SALVADOR-473-ANOS-Aepet-ba.jpg","contentUrl":"https:\/\/aepetba.org.br\/v1\/wp-content\/uploads\/2022\/03\/Materia-SALVADOR-473-ANOS-Aepet-ba.jpg","width":1080,"height":1080},{"@type":"WebPage","@id":"https:\/\/aepetba.org.br\/v1\/no-aniversario-de-salvador-nao-temos-muito-o-que-comemorar\/","url":"https:\/\/aepetba.org.br\/v1\/no-aniversario-de-salvador-nao-temos-muito-o-que-comemorar\/","name":"No anivers\u00e1rio de Salvador n\u00e3o temos muito o que comemorar - AEPET N\u00daCLEO BAHIA","isPartOf":{"@id":"https:\/\/aepetba.org.br\/v1\/#website"},"primaryImageOfPage":{"@id":"https:\/\/aepetba.org.br\/v1\/no-aniversario-de-salvador-nao-temos-muito-o-que-comemorar\/#primaryimage"},"datePublished":"2022-03-29T18:55:18+00:00","dateModified":"2022-03-29T18:55:18+00:00","breadcrumb":{"@id":"https:\/\/aepetba.org.br\/v1\/no-aniversario-de-salvador-nao-temos-muito-o-que-comemorar\/#breadcrumb"},"inLanguage":"pt-BR","potentialAction":[{"@type":"ReadAction","target":["https:\/\/aepetba.org.br\/v1\/no-aniversario-de-salvador-nao-temos-muito-o-que-comemorar\/"]}]},{"@type":"BreadcrumbList","@id":"https:\/\/aepetba.org.br\/v1\/no-aniversario-de-salvador-nao-temos-muito-o-que-comemorar\/#breadcrumb","itemListElement":[{"@type":"ListItem","position":1,"name":"In\u00edcio","item":"https:\/\/aepetba.org.br\/v1\/"},{"@type":"ListItem","position":2,"name":"No anivers\u00e1rio de Salvador n\u00e3o temos muito o que comemorar"}]},{"@type":"Article","@id":"https:\/\/aepetba.org.br\/v1\/no-aniversario-de-salvador-nao-temos-muito-o-que-comemorar\/#article","isPartOf":{"@id":"https:\/\/aepetba.org.br\/v1\/no-aniversario-de-salvador-nao-temos-muito-o-que-comemorar\/"},"author":{"name":"AEPETBA","@id":"https:\/\/aepetba.org.br\/v1\/#\/schema\/person\/3504208f89f3f50e1526867ebb573b88"},"headline":"No anivers\u00e1rio de Salvador n\u00e3o temos muito o que comemorar","datePublished":"2022-03-29T18:55:18+00:00","dateModified":"2022-03-29T18:55:18+00:00","mainEntityOfPage":{"@id":"https:\/\/aepetba.org.br\/v1\/no-aniversario-de-salvador-nao-temos-muito-o-que-comemorar\/"},"wordCount":1024,"publisher":{"@id":"https:\/\/aepetba.org.br\/v1\/#organization"},"image":{"@id":"https:\/\/aepetba.org.br\/v1\/no-aniversario-de-salvador-nao-temos-muito-o-que-comemorar\/#primaryimage"},"thumbnailUrl":"https:\/\/aepetba.org.br\/v1\/wp-content\/uploads\/2022\/03\/Materia-SALVADOR-473-ANOS-Aepet-ba.jpg","keywords":["AEPET-BA","N\u00e3o \u00e0 privatiza\u00e7\u00e3o"],"articleSection":["Destaque","Not\u00edcias"],"inLanguage":"pt-BR"},{"@type":"Person","@id":"https:\/\/aepetba.org.br\/v1\/#\/schema\/person\/3504208f89f3f50e1526867ebb573b88","name":"AEPETBA","image":{"@type":"ImageObject","inLanguage":"pt-BR","@id":"https:\/\/aepetba.org.br\/v1\/#\/schema\/person\/image\/","url":"https:\/\/secure.gravatar.com\/avatar\/3e6e1bf98c38137fc6b937d21e974714?s=96&d=mm&r=g","contentUrl":"https:\/\/secure.gravatar.com\/avatar\/3e6e1bf98c38137fc6b937d21e974714?s=96&d=mm&r=g","caption":"AEPETBA"},"sameAs":["http:\/\/aepetba.org.br\/v1"],"url":"https:\/\/aepetba.org.br\/v1\/author\/lubconsultoria\/"}]}},"_links":{"self":[{"href":"https:\/\/aepetba.org.br\/v1\/wp-json\/wp\/v2\/posts\/37864"}],"collection":[{"href":"https:\/\/aepetba.org.br\/v1\/wp-json\/wp\/v2\/posts"}],"about":[{"href":"https:\/\/aepetba.org.br\/v1\/wp-json\/wp\/v2\/types\/post"}],"author":[{"embeddable":true,"href":"https:\/\/aepetba.org.br\/v1\/wp-json\/wp\/v2\/users\/1"}],"replies":[{"embeddable":true,"href":"https:\/\/aepetba.org.br\/v1\/wp-json\/wp\/v2\/comments?post=37864"}],"version-history":[{"count":2,"href":"https:\/\/aepetba.org.br\/v1\/wp-json\/wp\/v2\/posts\/37864\/revisions"}],"predecessor-version":[{"id":37868,"href":"https:\/\/aepetba.org.br\/v1\/wp-json\/wp\/v2\/posts\/37864\/revisions\/37868"}],"wp:featuredmedia":[{"embeddable":true,"href":"https:\/\/aepetba.org.br\/v1\/wp-json\/wp\/v2\/media\/37865"}],"wp:attachment":[{"href":"https:\/\/aepetba.org.br\/v1\/wp-json\/wp\/v2\/media?parent=37864"}],"wp:term":[{"taxonomy":"category","embeddable":true,"href":"https:\/\/aepetba.org.br\/v1\/wp-json\/wp\/v2\/categories?post=37864"},{"taxonomy":"post_tag","embeddable":true,"href":"https:\/\/aepetba.org.br\/v1\/wp-json\/wp\/v2\/tags?post=37864"}],"curies":[{"name":"wp","href":"https:\/\/api.w.org\/{rel}","templated":true}]}}