{"id":37961,"date":"2022-04-11T13:49:00","date_gmt":"2022-04-11T16:49:00","guid":{"rendered":"https:\/\/aepetba.org.br\/v1\/?p=37961"},"modified":"2022-04-11T18:10:55","modified_gmt":"2022-04-11T21:10:55","slug":"indicacoes-de-bolsonaro-trazem-preocupacao-com-o-destino-da-petrobras","status":"publish","type":"post","link":"https:\/\/aepetba.org.br\/v1\/indicacoes-de-bolsonaro-trazem-preocupacao-com-o-destino-da-petrobras\/","title":{"rendered":"Indica\u00e7\u00f5es de Bolsonaro trazem preocupa\u00e7\u00e3o com o destino da Petrobr\u00e1s"},"content":{"rendered":"<p>[vc_row][vc_column][vc_column_text]<\/p>\n<!--[if lt IE 9]><script>document.createElement('audio');<\/script><![endif]-->\n<audio class=\"wp-audio-shortcode\" id=\"audio-37961-1\" preload=\"none\" style=\"width: 100%;\" controls=\"controls\"><source type=\"audio\/ogg\" src=\"https:\/\/aepetba.org.br\/v1\/wp-content\/uploads\/2022\/04\/indicacoes-de-bolsonaro-trazem-preocupacoes-a-petrobras.ogg?_=1\" \/><a href=\"https:\/\/aepetba.org.br\/v1\/wp-content\/uploads\/2022\/04\/indicacoes-de-bolsonaro-trazem-preocupacoes-a-petrobras.ogg\">https:\/\/aepetba.org.br\/v1\/wp-content\/uploads\/2022\/04\/indicacoes-de-bolsonaro-trazem-preocupacoes-a-petrobras.ogg<\/a><\/audio>\n<blockquote><p><i><span style=\"font-weight: 400;\">Indicados por Bolsonaro, Jos\u00e9 Mauro Ferreira Coelho, para a presid\u00eancia da Petrobr\u00e1s e Marcio Andrade Weber para a presid\u00eancia do Conselho de Administra\u00e7\u00e3o s\u00e3o burocratas que defendem a continuidade da pol\u00edtica de pre\u00e7os dos combust\u00edveis<\/span><\/i><\/p><\/blockquote>\n<p><span style=\"font-weight: 400;\">A crise gerada por Bolsonaro na presid\u00eancia da Petrobr\u00e1s mostra sua incompet\u00eancia para lidar com a maior empresa do pa\u00eds. Em ano eleitoral, Bolsonaro faz indica\u00e7\u00f5es pol\u00edticas, mesmo sabendo que para ocupar os altos cargos da Petrobr\u00e1s devem ser seguidas regras internas de governan\u00e7a e legisla\u00e7\u00e3o espec\u00edfica tanto para a nomea\u00e7\u00e3o de conselheiros como do presidente da Petrobr\u00e1s.<\/span><\/p>\n<p><span style=\"font-weight: 400;\">Com a demiss\u00e3o do general Silva e Luna, em 28 de mar\u00e7o<\/span><span style=\"font-weight: 400;\">, <\/span><span style=\"font-weight: 400;\">a empresa continua at\u00e9 agora sem comando. As indica\u00e7\u00f5es frustradas do presidente, acabam contribuindo para piorar a imagem da empresa, enquanto os brasileiros pagam cada vez mais caro pela gasolina e pelo g\u00e1s de cozinha.\u00a0\u00a0<\/span><\/p>\n<p><span style=\"font-weight: 400;\">Ap\u00f3s a desist\u00eancia do economista Adriano Pires, o governo apresentou os nomes de Jos\u00e9 Mauro Ferreira Coelho para a presid\u00eancia da Petrobr\u00e1s e Marcio Andrade Weber para a presid\u00eancia do Conselho de Administra\u00e7\u00e3o.\u00a0 A empresa tem assembleia marcada na quarta-feira, dia 13\/04, para aprovar a nova diretoria<\/span><span style=\"font-weight: 400;\">. <\/span><span style=\"font-weight: 400;\">Jos\u00e9 Mauro \u00e9 formado em Qu\u00edmica Industrial e foi secret\u00e1rio de Petr\u00f3leo, G\u00e1s Natural e Biocombust\u00edveis do MME, entre 2020 e 2021. Ou seja, homem de confian\u00e7a do Ministro Bento Albuquerque.<\/span><\/p>\n<p><span style=\"font-weight: 400;\">Foi na segunda-feira (4), que o economista Adriano Pires entregou uma carta ao ministro de Minas e Energia, desistindo do cargo, ap\u00f3s uma s\u00e9rie de questionamentos sobre prov\u00e1vel conflito de interesse e favorecimento \u00e0s empresas privadas do setor de \u00f3leo e g\u00e1s, caso assumisse o comando da Petrobr\u00e1s.\u00a0<\/span><\/p>\n<p><span style=\"font-weight: 400;\">Adriano Pires \u00e9 s\u00f3cio fundador e principal porta-voz do CBIE (Centro Brasileiro de Infraestrutura), que tem como clientes empresas que j\u00e1 chegaram a denunciar a estatal ao Conselho Administrativo de Defesa Econ\u00f4mica (Cade) para que subisse seus pre\u00e7os. Mesmo assim, foi o escolhido para ser o principal executivo da companhia durante a crise dos aumentos dos combust\u00edveis.<\/span><\/p>\n<p><span style=\"font-weight: 400;\">A AEPET-BA encaminhou den\u00fancia ao Conselho de Administra\u00e7\u00e3o da Petrobr\u00e1s, \u00e0 Ouvidoria da empresa e ao pr\u00f3prio TCU.<\/span><\/p>\n<p><span style=\"font-weight: 400;\">Leia aqui &#8211; <\/span><span style=\"font-weight: 400;\">Indicado por Bolsonaro para \u00e0 presid\u00eancia da Petrobr\u00e1s, Adriano Pires, desiste de assumir cargo por conflito de interesses<\/span><a href=\"https:\/\/aepetba.org.br\/v1\/2022\/04\/04\/indicado-por-bolsonaro-para-a-presidencia-da-petrobras-adriano-pires-desiste-de-assumir-cargo-por-conflito-de-interesses\/\"> <b>https:\/\/aepetba.org.br\/v1\/2022\/04\/04\/indicado-por-bolsonaro-para-a-presidencia-da-petrobras-adriano-pires-desiste-de-assumir-cargo-por-conflito-de-interesses\/<\/b><\/a><\/p>\n<p><span style=\"font-weight: 400;\">No domingo (03\/04) tinha sido a vez do presidente do Flamengo, Rodolfo Landim, declarar sua recusa ao cargo de presidente do Conselho de Administra\u00e7\u00e3o da Petrobr\u00e1s. Landim alegou que pretende dedicar seu tempo ao clube. O Conselho \u00e9 o principal f\u00f3rum de decis\u00e3o da empresa, onde s\u00e3o aprovados, por exemplo, planos de investimentos, a pol\u00edtica de pre\u00e7os de derivados e compra e venda de ativos.<\/span><\/p>\n<h2><b>Interesses governistas na Petrobr\u00e1s<\/b><\/h2>\n<p><span style=\"font-weight: 400;\">A representante dos trabalhadores no Conselho de Administra\u00e7\u00e3o da Petrobr\u00e1s, Rosangel<\/span><span style=\"font-weight: 400;\">l<\/span><span style=\"font-weight: 400;\">a Buzanelli, no seu blog, advertiu que os candidatos passam por uma verifica\u00e7\u00e3o dos requisitos legais e internos da Petrobr\u00e1s, de integridade e capacidade t\u00e9cnica (leis das S.A. 6404\/1976; das Estatais 13.303\/2016 e Estatuto Social). \u201cEssa verifica\u00e7\u00e3o \u00e9 realizada pelas inst\u00e2ncias competentes da companhia, que recomendam ou n\u00e3o as indica\u00e7\u00f5es. Mas \u00e9 a Assembleia Geral dos Acionistas, ordin\u00e1ria (AGO) ou extraordin\u00e1ria (AGE), que aprova a os membros e o presidente do CA\u201d. Bolsonaro sabe ou deveria saber dessas prerrogativas.<\/span><\/p>\n<p><span style=\"font-weight: 400;\">O economista Eric Gil Dantas, do Observat\u00f3rio Social da Petrobras (OSP), disse que o governo seguiu sua \u201cl\u00f3gica predat\u00f3ria\u201d com as indica\u00e7\u00f5es de Landim e Pires. Hoje desgastado, n\u00e3o conseguiu sustent\u00e1-las. \u201cColocar \u2018um lobo para tomar conta do galinheiro\u2019 \u00e9 algo que j\u00e1 aconteceu em v\u00e1rios n\u00edveis deste governo, mas agora ele est\u00e1 em uma situa\u00e7\u00e3o mais delicada, de menor apoio social\u201d, disse Dantas. \u201cN\u00e3o me parece que o impedimento a algu\u00e9m como o Adriano Pires ocorreria em outro contexto.\u201d<\/span><\/p>\n<p><span style=\"font-weight: 400;\">O economista tamb\u00e9m afirmou que n\u00e3o espera grandes mudan\u00e7as nos rumos da Petrobr\u00e1s durante este governo, independentemente de quem ocupe a dire\u00e7\u00e3o da empresa.<\/span><\/p>\n<p><span style=\"font-weight: 400;\">\u201cTodas as mudan\u00e7as da Petrobr\u00e1s at\u00e9 aqui n\u00e3o tiveram como objetivo mudar a dire\u00e7\u00e3o da pol\u00edtica de pre\u00e7os e de privatiza\u00e7\u00f5es. Sempre foram cortinas de fuma\u00e7a\u201d, afirmou. \u201cA indica\u00e7\u00e3o ser\u00e1, novamente, de algu\u00e9m que ir\u00e1 l\u00e1 para defender o PPI [como \u00e9 conhecida a pol\u00edtica de \u201cpre\u00e7os de paridade de importa\u00e7\u00e3o\u201d] e as privatiza\u00e7\u00f5es, seja algu\u00e9m do mercado, seja algum militar.\u201d<\/span><\/p>\n<p><span style=\"font-weight: 400;\">\u201cBolsonaro joga qualquer um na fogueira para n\u00e3o ter que responder por pol\u00edticas antipopulares. Para garantir o apoio do mercado e passar para seu eleitorado que est\u00e1 combatendo os altos pre\u00e7os dos combust\u00edveis, faz esta encena\u00e7\u00e3o\u201d, complementou Dantas.<\/span><\/p>\n<h2><b>Acionistas lucram com PPI<\/b><\/h2>\n<p><span style=\"font-weight: 400;\">Atualmente, Coelho est\u00e1 \u00e0 frente do Conselho de Administra\u00e7\u00e3o da PPSA (Empresa Brasileira de Administra\u00e7\u00e3o de Petr\u00f3leo e G\u00e1s Natural). Antes disso, atuou por quase 13 anos na Empresa de Pesquisa Energ\u00e9tica (EPE). Nas \u00faltimas horas, ap\u00f3s v\u00e1rios boatos de bastidores, o nome de Jos\u00e9 Mauro desponta como o cara para assumir um dos cargos mais importantes do pa\u00eds<\/span><\/p>\n<p><span style=\"font-weight: 400;\">N\u00e3o diferente dos \u00faltimos nomes indicados por Bolsonaro e aqueles que passaram pela presid\u00eancia da Petrobr\u00e1s, Coelho defende o PPI \u2013 Pre\u00e7o de Paridade de Importa\u00e7\u00e3o, que dolariza os combust\u00edveis no Brasil e tem agravado os problemas econ\u00f4micos do pa\u00eds e enchido o bolso dos acionistas. Para o pr\u00f3ximo presidente da estatal, os pre\u00e7os artificiais poderiam causar desabastecimento do mercado.<\/span><\/p>\n<p><span style=\"font-weight: 400;\">&#8220;Temos que ter os pre\u00e7os no mercado dom\u00e9stico relacionados aos pre\u00e7os de paridade de importa\u00e7\u00e3o. Se assim n\u00e3o fosse, n\u00e3o ter\u00edamos nenhum agente econ\u00f4mico com aptid\u00e3o, ou com vontade de trazer derivados para o pa\u00eds. E ter\u00edamos risco de desabastecimento&#8221;, afirmou, em entrevista ao programa Brasil em Pauta, na TV Brasil.<\/span><\/p>\n<p><span style=\"font-weight: 400;\">Assim, como defendia o Adriano Pires e o pr\u00f3prio Bolsonaro, Jos\u00e9 acredita que a redu\u00e7\u00e3o ou congelamento do imposto ICMS sobre os combust\u00edveis baratearia os pre\u00e7os. S\u00f3 que essa n\u00e3o \u00e9 a medida mais inteligente, pois reduz o poder de arrecada\u00e7\u00e3o e, consequentemente, de investimento dos estados em educa\u00e7\u00e3o, sa\u00fade, moradia e pol\u00edticas p\u00fablicas.<\/span><\/p>\n<p><span style=\"font-weight: 400;\">Jos\u00e9 Mauro colaborou com o desenvolvimento do novo marco legal do petr\u00f3leo e g\u00e1s, durante o governo Lula, que instituiu os contratos de partilha da produ\u00e7\u00e3o e a exclusividade da Petrobr\u00e1s na opera\u00e7\u00e3o do pr\u00e9-sal. O modelo acabou sendo derrubado anos depois pelo golpista Michel Temer.<\/span><\/p>\n<p><span style=\"font-weight: 400;\">A AEPET-BA v\u00ea com preocupa\u00e7\u00e3o essa crise no comando da Petrobr\u00e1s, num momento de instabilidade na economia nacional e mundial. Enquanto pessoas tentam sobreviver em nosso pa\u00eds, usando lenha para cozinhar e o trabalhador precisando se virar para comprar itens b\u00e1sicos, Bolsonaro e sua equipe de entreguistas v\u00e3o brincando de comandar a Petrobr\u00e1s.<\/span><\/p>\n<p><span style=\"font-weight: 400;\">Al\u00e9m disso, tamb\u00e9m estamos preocupados com a nova indica\u00e7\u00e3o para a presid\u00eancia da companhia, visto que ele compactua e defende os mesmos ideais privatistas e entreguistas, o qual n\u00e3o vai abrir m\u00e3o do PPI, que tem sido o c\u00e2ncer na vida da Petrobr\u00e1s \u2013 em seu objetivo social, como estatal. \u00c9 necess\u00e1rio ter idoneidade e seriedade para comandar essa gigante nacional, coisa que falta nos atuais \u201cgestores\u201d.<\/span><\/p>\n<h2><b>Ou\u00e7a a entrevista do presidente da AEPET-BA, Marcos Andr\u00e9 dos Santos ao programa Faixa Livre.<\/b><\/h2>\n<p>[\/vc_column_text]<div class=\"video-wrapper\"><iframe src=\"https:\/\/www.youtube.com\/embed\/k_WIrbHAhVU?wmode=transparent\" width=\"560\" height=\"315\" style=\"border: none !important\"><\/iframe><\/div>[\/vc_column][\/vc_row]<\/p>\n","protected":false},"excerpt":{"rendered":"<p>[vc_row][vc_column][vc_column_text] Indicados por Bolsonaro, Jos\u00e9 Mauro Ferreira Coelho, para a presid\u00eancia da Petrobr\u00e1s e Marcio Andrade Weber para a presid\u00eancia do Conselho de Administra\u00e7\u00e3o s\u00e3o burocratas que defendem a continuidade da pol\u00edtica de pre\u00e7os dos combust\u00edveis A crise gerada por&#8230;<\/p>\n","protected":false},"author":1,"featured_media":37962,"comment_status":"closed","ping_status":"closed","sticky":false,"template":"","format":"standard","meta":[],"categories":[87,10],"tags":[],"yoast_head":"<!-- This site is optimized with the Yoast SEO plugin v19.3 - https:\/\/yoast.com\/wordpress\/plugins\/seo\/ -->\n<title>Indica\u00e7\u00f5es de Bolsonaro trazem preocupa\u00e7\u00e3o com o destino da Petrobr\u00e1s - AEPET N\u00daCLEO BAHIA<\/title>\n<meta name=\"robots\" content=\"index, follow, max-snippet:-1, max-image-preview:large, max-video-preview:-1\" \/>\n<link rel=\"canonical\" href=\"https:\/\/aepetba.org.br\/v1\/indicacoes-de-bolsonaro-trazem-preocupacao-com-o-destino-da-petrobras\/\" \/>\n<meta property=\"og:locale\" content=\"pt_BR\" \/>\n<meta property=\"og:type\" content=\"article\" \/>\n<meta property=\"og:title\" content=\"Indica\u00e7\u00f5es de Bolsonaro trazem preocupa\u00e7\u00e3o com o destino da Petrobr\u00e1s - AEPET N\u00daCLEO BAHIA\" \/>\n<meta property=\"og:description\" content=\"[vc_row][vc_column][vc_column_text] Indicados por Bolsonaro, Jos\u00e9 Mauro Ferreira Coelho, para a presid\u00eancia da Petrobr\u00e1s e Marcio Andrade Weber para a presid\u00eancia do Conselho de Administra\u00e7\u00e3o s\u00e3o burocratas que defendem a continuidade da pol\u00edtica de pre\u00e7os dos combust\u00edveis A crise gerada por...\" \/>\n<meta property=\"og:url\" content=\"https:\/\/aepetba.org.br\/v1\/indicacoes-de-bolsonaro-trazem-preocupacao-com-o-destino-da-petrobras\/\" \/>\n<meta property=\"og:site_name\" content=\"AEPET N\u00daCLEO BAHIA\" \/>\n<meta property=\"article:publisher\" content=\"https:\/\/web.facebook.com\/aepetba\" \/>\n<meta property=\"article:published_time\" content=\"2022-04-11T16:49:00+00:00\" \/>\n<meta property=\"article:modified_time\" content=\"2022-04-11T21:10:55+00:00\" \/>\n<meta property=\"og:image\" content=\"https:\/\/aepetba.org.br\/v1\/wp-content\/uploads\/2022\/04\/Materia-Indicacoes-de-Bolsonaro-trazem-preocupacao-com-o-destino-da-Petrobras-petroleo-bahia-Aepet-ba.jpg\" \/>\n\t<meta property=\"og:image:width\" content=\"1080\" \/>\n\t<meta property=\"og:image:height\" content=\"925\" \/>\n\t<meta property=\"og:image:type\" content=\"image\/jpeg\" \/>\n<meta name=\"author\" content=\"AEPETBA\" \/>\n<meta name=\"twitter:card\" content=\"summary_large_image\" \/>\n<meta name=\"twitter:creator\" content=\"@aepetbahia\" \/>\n<meta name=\"twitter:site\" content=\"@aepetbahia\" \/>\n<meta name=\"twitter:label1\" content=\"Escrito por\" \/>\n\t<meta name=\"twitter:data1\" content=\"AEPETBA\" \/>\n\t<meta name=\"twitter:label2\" content=\"Est. tempo de leitura\" \/>\n\t<meta name=\"twitter:data2\" content=\"7 minutos\" \/>\n<script type=\"application\/ld+json\" class=\"yoast-schema-graph\">{\"@context\":\"https:\/\/schema.org\",\"@graph\":[{\"@type\":\"Organization\",\"@id\":\"https:\/\/aepetba.org.br\/v1\/#organization\",\"name\":\"AEPET N\u00facleo Bahia\",\"url\":\"https:\/\/aepetba.org.br\/v1\/\",\"sameAs\":[\"https:\/\/www.instagram.com\/aepetbahia\/\",\"https:\/\/www.youtube.com\/c\/AEPETBAHIA\",\"https:\/\/web.facebook.com\/aepetba\",\"https:\/\/twitter.com\/aepetbahia\"],\"logo\":{\"@type\":\"ImageObject\",\"inLanguage\":\"pt-BR\",\"@id\":\"https:\/\/aepetba.org.br\/v1\/#\/schema\/logo\/image\/\",\"url\":\"https:\/\/aepetba.org.br\/v1\/wp-content\/uploads\/revslider\/home\/logo-AEPETBA.png\",\"contentUrl\":\"https:\/\/aepetba.org.br\/v1\/wp-content\/uploads\/revslider\/home\/logo-AEPETBA.png\",\"width\":297,\"height\":86,\"caption\":\"AEPET N\u00facleo Bahia\"},\"image\":{\"@id\":\"https:\/\/aepetba.org.br\/v1\/#\/schema\/logo\/image\/\"}},{\"@type\":\"WebSite\",\"@id\":\"https:\/\/aepetba.org.br\/v1\/#website\",\"url\":\"https:\/\/aepetba.org.br\/v1\/\",\"name\":\"AEPET N\u00daCLEO BAHIA\",\"description\":\"Associa\u00e7\u00e3o dos Engenheiros da Petrobr\u00e1s N\u00facleo Bahia Petr\u00f3leo Bahia Salvador Nordeste \",\"publisher\":{\"@id\":\"https:\/\/aepetba.org.br\/v1\/#organization\"},\"potentialAction\":[{\"@type\":\"SearchAction\",\"target\":{\"@type\":\"EntryPoint\",\"urlTemplate\":\"https:\/\/aepetba.org.br\/v1\/?s={search_term_string}\"},\"query-input\":\"required name=search_term_string\"}],\"inLanguage\":\"pt-BR\"},{\"@type\":\"ImageObject\",\"inLanguage\":\"pt-BR\",\"@id\":\"https:\/\/aepetba.org.br\/v1\/indicacoes-de-bolsonaro-trazem-preocupacao-com-o-destino-da-petrobras\/#primaryimage\",\"url\":\"https:\/\/aepetba.org.br\/v1\/wp-content\/uploads\/2022\/04\/Materia-Indicacoes-de-Bolsonaro-trazem-preocupacao-com-o-destino-da-Petrobras-petroleo-bahia-Aepet-ba.jpg\",\"contentUrl\":\"https:\/\/aepetba.org.br\/v1\/wp-content\/uploads\/2022\/04\/Materia-Indicacoes-de-Bolsonaro-trazem-preocupacao-com-o-destino-da-Petrobras-petroleo-bahia-Aepet-ba.jpg\",\"width\":1080,\"height\":925},{\"@type\":\"WebPage\",\"@id\":\"https:\/\/aepetba.org.br\/v1\/indicacoes-de-bolsonaro-trazem-preocupacao-com-o-destino-da-petrobras\/\",\"url\":\"https:\/\/aepetba.org.br\/v1\/indicacoes-de-bolsonaro-trazem-preocupacao-com-o-destino-da-petrobras\/\",\"name\":\"Indica\u00e7\u00f5es de Bolsonaro trazem preocupa\u00e7\u00e3o com o destino da Petrobr\u00e1s - AEPET N\u00daCLEO BAHIA\",\"isPartOf\":{\"@id\":\"https:\/\/aepetba.org.br\/v1\/#website\"},\"primaryImageOfPage\":{\"@id\":\"https:\/\/aepetba.org.br\/v1\/indicacoes-de-bolsonaro-trazem-preocupacao-com-o-destino-da-petrobras\/#primaryimage\"},\"datePublished\":\"2022-04-11T16:49:00+00:00\",\"dateModified\":\"2022-04-11T21:10:55+00:00\",\"breadcrumb\":{\"@id\":\"https:\/\/aepetba.org.br\/v1\/indicacoes-de-bolsonaro-trazem-preocupacao-com-o-destino-da-petrobras\/#breadcrumb\"},\"inLanguage\":\"pt-BR\",\"potentialAction\":[{\"@type\":\"ReadAction\",\"target\":[\"https:\/\/aepetba.org.br\/v1\/indicacoes-de-bolsonaro-trazem-preocupacao-com-o-destino-da-petrobras\/\"]}]},{\"@type\":\"BreadcrumbList\",\"@id\":\"https:\/\/aepetba.org.br\/v1\/indicacoes-de-bolsonaro-trazem-preocupacao-com-o-destino-da-petrobras\/#breadcrumb\",\"itemListElement\":[{\"@type\":\"ListItem\",\"position\":1,\"name\":\"In\u00edcio\",\"item\":\"https:\/\/aepetba.org.br\/v1\/\"},{\"@type\":\"ListItem\",\"position\":2,\"name\":\"Indica\u00e7\u00f5es de Bolsonaro trazem preocupa\u00e7\u00e3o com o destino da Petrobr\u00e1s\"}]},{\"@type\":\"Article\",\"@id\":\"https:\/\/aepetba.org.br\/v1\/indicacoes-de-bolsonaro-trazem-preocupacao-com-o-destino-da-petrobras\/#article\",\"isPartOf\":{\"@id\":\"https:\/\/aepetba.org.br\/v1\/indicacoes-de-bolsonaro-trazem-preocupacao-com-o-destino-da-petrobras\/\"},\"author\":{\"name\":\"AEPETBA\",\"@id\":\"https:\/\/aepetba.org.br\/v1\/#\/schema\/person\/3504208f89f3f50e1526867ebb573b88\"},\"headline\":\"Indica\u00e7\u00f5es de Bolsonaro trazem preocupa\u00e7\u00e3o com o destino da Petrobr\u00e1s\",\"datePublished\":\"2022-04-11T16:49:00+00:00\",\"dateModified\":\"2022-04-11T21:10:55+00:00\",\"mainEntityOfPage\":{\"@id\":\"https:\/\/aepetba.org.br\/v1\/indicacoes-de-bolsonaro-trazem-preocupacao-com-o-destino-da-petrobras\/\"},\"wordCount\":1326,\"publisher\":{\"@id\":\"https:\/\/aepetba.org.br\/v1\/#organization\"},\"image\":{\"@id\":\"https:\/\/aepetba.org.br\/v1\/indicacoes-de-bolsonaro-trazem-preocupacao-com-o-destino-da-petrobras\/#primaryimage\"},\"thumbnailUrl\":\"https:\/\/aepetba.org.br\/v1\/wp-content\/uploads\/2022\/04\/Materia-Indicacoes-de-Bolsonaro-trazem-preocupacao-com-o-destino-da-Petrobras-petroleo-bahia-Aepet-ba.jpg\",\"articleSection\":[\"Destaque\",\"Not\u00edcias\"],\"inLanguage\":\"pt-BR\"},{\"@type\":\"Person\",\"@id\":\"https:\/\/aepetba.org.br\/v1\/#\/schema\/person\/3504208f89f3f50e1526867ebb573b88\",\"name\":\"AEPETBA\",\"image\":{\"@type\":\"ImageObject\",\"inLanguage\":\"pt-BR\",\"@id\":\"https:\/\/aepetba.org.br\/v1\/#\/schema\/person\/image\/\",\"url\":\"https:\/\/secure.gravatar.com\/avatar\/3e6e1bf98c38137fc6b937d21e974714?s=96&d=mm&r=g\",\"contentUrl\":\"https:\/\/secure.gravatar.com\/avatar\/3e6e1bf98c38137fc6b937d21e974714?s=96&d=mm&r=g\",\"caption\":\"AEPETBA\"},\"sameAs\":[\"http:\/\/aepetba.org.br\/v1\"],\"url\":\"https:\/\/aepetba.org.br\/v1\/author\/lubconsultoria\/\"}]}<\/script>\n<!-- \/ Yoast SEO plugin. -->","yoast_head_json":{"title":"Indica\u00e7\u00f5es de Bolsonaro trazem preocupa\u00e7\u00e3o com o destino da Petrobr\u00e1s - AEPET N\u00daCLEO BAHIA","robots":{"index":"index","follow":"follow","max-snippet":"max-snippet:-1","max-image-preview":"max-image-preview:large","max-video-preview":"max-video-preview:-1"},"canonical":"https:\/\/aepetba.org.br\/v1\/indicacoes-de-bolsonaro-trazem-preocupacao-com-o-destino-da-petrobras\/","og_locale":"pt_BR","og_type":"article","og_title":"Indica\u00e7\u00f5es de Bolsonaro trazem preocupa\u00e7\u00e3o com o destino da Petrobr\u00e1s - AEPET N\u00daCLEO BAHIA","og_description":"[vc_row][vc_column][vc_column_text] Indicados por Bolsonaro, Jos\u00e9 Mauro Ferreira Coelho, para a presid\u00eancia da Petrobr\u00e1s e Marcio Andrade Weber para a presid\u00eancia do Conselho de Administra\u00e7\u00e3o s\u00e3o burocratas que defendem a continuidade da pol\u00edtica de pre\u00e7os dos combust\u00edveis A crise gerada por...","og_url":"https:\/\/aepetba.org.br\/v1\/indicacoes-de-bolsonaro-trazem-preocupacao-com-o-destino-da-petrobras\/","og_site_name":"AEPET N\u00daCLEO BAHIA","article_publisher":"https:\/\/web.facebook.com\/aepetba","article_published_time":"2022-04-11T16:49:00+00:00","article_modified_time":"2022-04-11T21:10:55+00:00","og_image":[{"width":1080,"height":925,"url":"https:\/\/aepetba.org.br\/v1\/wp-content\/uploads\/2022\/04\/Materia-Indicacoes-de-Bolsonaro-trazem-preocupacao-com-o-destino-da-Petrobras-petroleo-bahia-Aepet-ba.jpg","type":"image\/jpeg"}],"author":"AEPETBA","twitter_card":"summary_large_image","twitter_creator":"@aepetbahia","twitter_site":"@aepetbahia","twitter_misc":{"Escrito por":"AEPETBA","Est. tempo de leitura":"7 minutos"},"schema":{"@context":"https:\/\/schema.org","@graph":[{"@type":"Organization","@id":"https:\/\/aepetba.org.br\/v1\/#organization","name":"AEPET N\u00facleo Bahia","url":"https:\/\/aepetba.org.br\/v1\/","sameAs":["https:\/\/www.instagram.com\/aepetbahia\/","https:\/\/www.youtube.com\/c\/AEPETBAHIA","https:\/\/web.facebook.com\/aepetba","https:\/\/twitter.com\/aepetbahia"],"logo":{"@type":"ImageObject","inLanguage":"pt-BR","@id":"https:\/\/aepetba.org.br\/v1\/#\/schema\/logo\/image\/","url":"https:\/\/aepetba.org.br\/v1\/wp-content\/uploads\/revslider\/home\/logo-AEPETBA.png","contentUrl":"https:\/\/aepetba.org.br\/v1\/wp-content\/uploads\/revslider\/home\/logo-AEPETBA.png","width":297,"height":86,"caption":"AEPET N\u00facleo Bahia"},"image":{"@id":"https:\/\/aepetba.org.br\/v1\/#\/schema\/logo\/image\/"}},{"@type":"WebSite","@id":"https:\/\/aepetba.org.br\/v1\/#website","url":"https:\/\/aepetba.org.br\/v1\/","name":"AEPET N\u00daCLEO BAHIA","description":"Associa\u00e7\u00e3o dos Engenheiros da Petrobr\u00e1s N\u00facleo Bahia Petr\u00f3leo Bahia Salvador Nordeste ","publisher":{"@id":"https:\/\/aepetba.org.br\/v1\/#organization"},"potentialAction":[{"@type":"SearchAction","target":{"@type":"EntryPoint","urlTemplate":"https:\/\/aepetba.org.br\/v1\/?s={search_term_string}"},"query-input":"required name=search_term_string"}],"inLanguage":"pt-BR"},{"@type":"ImageObject","inLanguage":"pt-BR","@id":"https:\/\/aepetba.org.br\/v1\/indicacoes-de-bolsonaro-trazem-preocupacao-com-o-destino-da-petrobras\/#primaryimage","url":"https:\/\/aepetba.org.br\/v1\/wp-content\/uploads\/2022\/04\/Materia-Indicacoes-de-Bolsonaro-trazem-preocupacao-com-o-destino-da-Petrobras-petroleo-bahia-Aepet-ba.jpg","contentUrl":"https:\/\/aepetba.org.br\/v1\/wp-content\/uploads\/2022\/04\/Materia-Indicacoes-de-Bolsonaro-trazem-preocupacao-com-o-destino-da-Petrobras-petroleo-bahia-Aepet-ba.jpg","width":1080,"height":925},{"@type":"WebPage","@id":"https:\/\/aepetba.org.br\/v1\/indicacoes-de-bolsonaro-trazem-preocupacao-com-o-destino-da-petrobras\/","url":"https:\/\/aepetba.org.br\/v1\/indicacoes-de-bolsonaro-trazem-preocupacao-com-o-destino-da-petrobras\/","name":"Indica\u00e7\u00f5es de Bolsonaro trazem preocupa\u00e7\u00e3o com o destino da Petrobr\u00e1s - AEPET N\u00daCLEO BAHIA","isPartOf":{"@id":"https:\/\/aepetba.org.br\/v1\/#website"},"primaryImageOfPage":{"@id":"https:\/\/aepetba.org.br\/v1\/indicacoes-de-bolsonaro-trazem-preocupacao-com-o-destino-da-petrobras\/#primaryimage"},"datePublished":"2022-04-11T16:49:00+00:00","dateModified":"2022-04-11T21:10:55+00:00","breadcrumb":{"@id":"https:\/\/aepetba.org.br\/v1\/indicacoes-de-bolsonaro-trazem-preocupacao-com-o-destino-da-petrobras\/#breadcrumb"},"inLanguage":"pt-BR","potentialAction":[{"@type":"ReadAction","target":["https:\/\/aepetba.org.br\/v1\/indicacoes-de-bolsonaro-trazem-preocupacao-com-o-destino-da-petrobras\/"]}]},{"@type":"BreadcrumbList","@id":"https:\/\/aepetba.org.br\/v1\/indicacoes-de-bolsonaro-trazem-preocupacao-com-o-destino-da-petrobras\/#breadcrumb","itemListElement":[{"@type":"ListItem","position":1,"name":"In\u00edcio","item":"https:\/\/aepetba.org.br\/v1\/"},{"@type":"ListItem","position":2,"name":"Indica\u00e7\u00f5es de Bolsonaro trazem preocupa\u00e7\u00e3o com o destino da Petrobr\u00e1s"}]},{"@type":"Article","@id":"https:\/\/aepetba.org.br\/v1\/indicacoes-de-bolsonaro-trazem-preocupacao-com-o-destino-da-petrobras\/#article","isPartOf":{"@id":"https:\/\/aepetba.org.br\/v1\/indicacoes-de-bolsonaro-trazem-preocupacao-com-o-destino-da-petrobras\/"},"author":{"name":"AEPETBA","@id":"https:\/\/aepetba.org.br\/v1\/#\/schema\/person\/3504208f89f3f50e1526867ebb573b88"},"headline":"Indica\u00e7\u00f5es de Bolsonaro trazem preocupa\u00e7\u00e3o com o destino da Petrobr\u00e1s","datePublished":"2022-04-11T16:49:00+00:00","dateModified":"2022-04-11T21:10:55+00:00","mainEntityOfPage":{"@id":"https:\/\/aepetba.org.br\/v1\/indicacoes-de-bolsonaro-trazem-preocupacao-com-o-destino-da-petrobras\/"},"wordCount":1326,"publisher":{"@id":"https:\/\/aepetba.org.br\/v1\/#organization"},"image":{"@id":"https:\/\/aepetba.org.br\/v1\/indicacoes-de-bolsonaro-trazem-preocupacao-com-o-destino-da-petrobras\/#primaryimage"},"thumbnailUrl":"https:\/\/aepetba.org.br\/v1\/wp-content\/uploads\/2022\/04\/Materia-Indicacoes-de-Bolsonaro-trazem-preocupacao-com-o-destino-da-Petrobras-petroleo-bahia-Aepet-ba.jpg","articleSection":["Destaque","Not\u00edcias"],"inLanguage":"pt-BR"},{"@type":"Person","@id":"https:\/\/aepetba.org.br\/v1\/#\/schema\/person\/3504208f89f3f50e1526867ebb573b88","name":"AEPETBA","image":{"@type":"ImageObject","inLanguage":"pt-BR","@id":"https:\/\/aepetba.org.br\/v1\/#\/schema\/person\/image\/","url":"https:\/\/secure.gravatar.com\/avatar\/3e6e1bf98c38137fc6b937d21e974714?s=96&d=mm&r=g","contentUrl":"https:\/\/secure.gravatar.com\/avatar\/3e6e1bf98c38137fc6b937d21e974714?s=96&d=mm&r=g","caption":"AEPETBA"},"sameAs":["http:\/\/aepetba.org.br\/v1"],"url":"https:\/\/aepetba.org.br\/v1\/author\/lubconsultoria\/"}]}},"_links":{"self":[{"href":"https:\/\/aepetba.org.br\/v1\/wp-json\/wp\/v2\/posts\/37961"}],"collection":[{"href":"https:\/\/aepetba.org.br\/v1\/wp-json\/wp\/v2\/posts"}],"about":[{"href":"https:\/\/aepetba.org.br\/v1\/wp-json\/wp\/v2\/types\/post"}],"author":[{"embeddable":true,"href":"https:\/\/aepetba.org.br\/v1\/wp-json\/wp\/v2\/users\/1"}],"replies":[{"embeddable":true,"href":"https:\/\/aepetba.org.br\/v1\/wp-json\/wp\/v2\/comments?post=37961"}],"version-history":[{"count":2,"href":"https:\/\/aepetba.org.br\/v1\/wp-json\/wp\/v2\/posts\/37961\/revisions"}],"predecessor-version":[{"id":37966,"href":"https:\/\/aepetba.org.br\/v1\/wp-json\/wp\/v2\/posts\/37961\/revisions\/37966"}],"wp:featuredmedia":[{"embeddable":true,"href":"https:\/\/aepetba.org.br\/v1\/wp-json\/wp\/v2\/media\/37962"}],"wp:attachment":[{"href":"https:\/\/aepetba.org.br\/v1\/wp-json\/wp\/v2\/media?parent=37961"}],"wp:term":[{"taxonomy":"category","embeddable":true,"href":"https:\/\/aepetba.org.br\/v1\/wp-json\/wp\/v2\/categories?post=37961"},{"taxonomy":"post_tag","embeddable":true,"href":"https:\/\/aepetba.org.br\/v1\/wp-json\/wp\/v2\/tags?post=37961"}],"curies":[{"name":"wp","href":"https:\/\/api.w.org\/{rel}","templated":true}]}}