{"id":38048,"date":"2022-04-28T11:40:43","date_gmt":"2022-04-28T14:40:43","guid":{"rendered":"https:\/\/aepetba.org.br\/v1\/?p=38048"},"modified":"2022-04-28T14:17:24","modified_gmt":"2022-04-28T17:17:24","slug":"dia-mundial-da-seguranca-e-saude-no-trabalho","status":"publish","type":"post","link":"https:\/\/aepetba.org.br\/v1\/dia-mundial-da-seguranca-e-saude-no-trabalho\/","title":{"rendered":"Dia Mundial da Seguran\u00e7a e Sa\u00fade no Trabalho \u00e9 comemorado hoje"},"content":{"rendered":"<!--[if lt IE 9]><script>document.createElement('audio');<\/script><![endif]-->\n<audio class=\"wp-audio-shortcode\" id=\"audio-38048-1\" preload=\"none\" style=\"width: 100%;\" controls=\"controls\"><source type=\"audio\/ogg\" src=\"https:\/\/aepetba.org.br\/v1\/wp-content\/uploads\/2022\/04\/Dia-Mundial-da-Seguranca-e-Saude-no-Trabalho1.ogg?_=1\" \/><a href=\"https:\/\/aepetba.org.br\/v1\/wp-content\/uploads\/2022\/04\/Dia-Mundial-da-Seguranca-e-Saude-no-Trabalho1.ogg\">https:\/\/aepetba.org.br\/v1\/wp-content\/uploads\/2022\/04\/Dia-Mundial-da-Seguranca-e-Saude-no-Trabalho1.ogg<\/a><\/audio>\n<p><span style=\"font-weight: 400;\">No dia 28 de abril de 1969, uma explos\u00e3o numa mina no estado norte-americano da Virginia matou 78 mineiros. Em 2003, a Organiza\u00e7\u00e3o Internacional do Trabalho (OIT) instituiu a data como o Dia Mundial da Seguran\u00e7a e Sa\u00fade no Trabalho, em mem\u00f3ria \u00e0s v\u00edtimas de acidentes e doen\u00e7as relacionadas ao trabalho. A data foi institu\u00edda no Brasil pela Lei n\u00ba 11.121\/2005.<\/span><\/p>\n<p><span style=\"font-weight: 400;\">A data \u00e9 muito importante para a classe trabalhadora, pois ajuda a refletir e buscar alternativas na busca por um ambiente seguro e saud\u00e1vel. Da\u00ed a import\u00e2ncia da participa\u00e7\u00e3o de governos, empregadores e trabalhadores para que o sistema de direitos e responsabilidades seja definido e onde a maior prioridade seja a preven\u00e7\u00e3o de acidentes.\u00a0<\/span><\/p>\n<p><span style=\"font-weight: 400;\">Segundo a Organiza\u00e7\u00e3o Internacional do Trabalho (OIT), os acidentes de trabalho matam em m\u00e9dia 6,3 mil pessoas por dia em todo o mundo. S\u00e3o, em m\u00e9dia, 2,268 milh\u00f5es de v\u00edtimas fatais a cada ano. Ou seja, a cada 15 segundos, morre um trabalhador devido a acidente de trabalho ou a doen\u00e7a relacionada com a sua atividade profissional. Em 12 meses, a m\u00e9dia \u00e9 de 860 mil pessoas feridas.<\/span><\/p>\n<p><span style=\"font-weight: 400;\">No Brasil, segundo estudo da OIT, em 2021, foram comunicados 571,8 mil acidentes e 2.487 \u00f3bitos associados ao trabalho, com aumento de 30% em rela\u00e7\u00e3o a 2020. A entidade aponta que, nos \u00faltimos dez anos (2012-2021), 22.954 pessoas morreram em acidentes de trabalho\u00a0 no Brasil, de acordo com dados atualizados do Observat\u00f3rio de Seguran\u00e7a e Sa\u00fade no Trabalho , desenvolvido e mantido pelo Minist\u00e9rio P\u00fablico do Trabalho (MPT) em coopera\u00e7\u00e3o com a OIT no \u00e2mbito da Iniciativa SmartLab de Trabalho Decente.<\/span><\/p>\n<p><span style=\"font-weight: 400;\">O estudo revela que nesse per\u00edodo foram registradas 6,2 milh\u00f5es de Comunica\u00e7\u00f5es de Acidentes de Trabalho (CATs) e o INSS concedeu 2,5 milh\u00f5es de benef\u00edcios previdenci\u00e1rios acident\u00e1rios, incluindo aux\u00edlios-doen\u00e7a, aposentadorias por invalidez, pens\u00f5es por morte e aux\u00edlios-acidente. No mesmo per\u00edodo, o gasto previdenci\u00e1rio ultrapassou os R$ 120 bilh\u00f5es somente com despesas acident\u00e1rias.<\/span><\/p>\n<p><span style=\"font-weight: 400;\">O levantamento tamb\u00e9m aponta que durante a pandemia, entre 2020 e 2021, foram registradas 33 mil CATs e 163 mil afastamentos com casos de COVID-19. Entre as ocupa\u00e7\u00f5es mais frequentemente informadas nas comunica\u00e7\u00f5es est\u00e3o: t\u00e9cnicos de enfermagem (35%); enfermeiros (12%); auxiliares de enfermagem (5%); faxineiros (3%) e auxiliares de escrit\u00f3rio (3%).\u00a0<\/span><\/p>\n<p><span style=\"font-weight: 400;\">Isso causa muita preocupa\u00e7\u00e3o, mais ainda se considerarmos a subnotifica\u00e7\u00e3o de acidentes que \u00e9 muito grande, especialmente no Brasil, onde as empresas e governo evitam emitir o Comunicado de Acidente de Trabalho (CAT).\u00a0<\/span><\/p>\n<p>&nbsp;<\/p>\n<h2><b>Enquanto isso, na Petrobr\u00e1s<\/b><\/h2>\n<p><span style=\"font-weight: 400;\">A sa\u00fade deve ser entendida em toda sua totalidade, incluindo integridade f\u00edsica e tamb\u00e9m emocional. Hoje, na Petrobr\u00e1s, os n\u00fameros de afastamentos por depress\u00e3o, ansiedade e\u00a0 s\u00edndrome do p\u00e2nico s\u00e3o alarmantes e resultado da gest\u00e3o de RH agressiva e omissa, que n\u00e3o se preocupa com\u00a0 a sa\u00fade dos trabalhadores.<\/span><\/p>\n<p><span style=\"font-weight: 400;\">Temos tamb\u00e9m o abuso dos chefes e gerentes da empresa. O processo de destrui\u00e7\u00e3o iniciado no governo de Michel Temer e aprofundado agora com Jair Bolsonaro acaba se refletindo tamb\u00e9m na pol\u00edtica interna da empresa, cujo RH assume pr\u00e1ticas agressivas e assediadoras, desrespeitando os direitos dos trabalhadores. Temos como exemplo disso, o Plano de Cargos e Remunera\u00e7\u00e3o (PCR), que foi uma armadilha e que a dire\u00e7\u00e3o da empresa imp\u00f4s aos trabalhadores: ofereceu um n\u00edvel para todos os empregados em 60 meses e um ano antes mudou a regra para tirar esse direito.\u00a0\u00a0<\/span><\/p>\n<p><span style=\"font-weight: 400;\">Isso sem falar, na Bahia, quando a Petrobr\u00e1s descumpre as cl\u00e1usulas do acordo judicial assinado no Minist\u00e9rio P\u00fablico do Trabalho (MPT-BA), transferindo empregados em situa\u00e7\u00e3o de excepcionalidade.\u00a0\u00a0<\/span><\/p>\n<p><span style=\"font-weight: 400;\">Para a AEPET-BA todas essas situa\u00e7\u00f5es envolvem pr\u00e1ticas de ass\u00e9dio e de tratamento violento por parte da atual gest\u00e3o da Petrobr\u00e1s, chefes e gerentes, que agravam a sa\u00fade emocional dos empregados da Petrobr\u00e1s.<\/span><\/p>\n<p><em><strong>Precisamos dar um basta nisso.<\/strong><\/em><\/p>\n","protected":false},"excerpt":{"rendered":"<p>No dia 28 de abril de 1969, uma explos\u00e3o numa mina no estado norte-americano da Virginia matou 78 mineiros. Em 2003, a Organiza\u00e7\u00e3o Internacional do Trabalho (OIT) instituiu a data como o Dia Mundial da Seguran\u00e7a e Sa\u00fade no Trabalho,&#8230;<\/p>\n","protected":false},"author":1,"featured_media":38049,"comment_status":"closed","ping_status":"closed","sticky":false,"template":"","format":"standard","meta":[],"categories":[87,10],"tags":[],"yoast_head":"<!-- This site is optimized with the Yoast SEO plugin v19.3 - https:\/\/yoast.com\/wordpress\/plugins\/seo\/ -->\n<title>Dia Mundial da Seguran\u00e7a e Sa\u00fade no Trabalho \u00e9 comemorado hoje - AEPET N\u00daCLEO BAHIA<\/title>\n<meta name=\"robots\" content=\"index, follow, max-snippet:-1, max-image-preview:large, max-video-preview:-1\" \/>\n<link rel=\"canonical\" href=\"https:\/\/aepetba.org.br\/v1\/dia-mundial-da-seguranca-e-saude-no-trabalho\/\" \/>\n<meta property=\"og:locale\" content=\"pt_BR\" \/>\n<meta property=\"og:type\" content=\"article\" \/>\n<meta property=\"og:title\" content=\"Dia Mundial da Seguran\u00e7a e Sa\u00fade no Trabalho \u00e9 comemorado hoje - AEPET N\u00daCLEO BAHIA\" \/>\n<meta property=\"og:description\" content=\"No dia 28 de abril de 1969, uma explos\u00e3o numa mina no estado norte-americano da Virginia matou 78 mineiros. Em 2003, a Organiza\u00e7\u00e3o Internacional do Trabalho (OIT) instituiu a data como o Dia Mundial da Seguran\u00e7a e Sa\u00fade no Trabalho,...\" \/>\n<meta property=\"og:url\" content=\"https:\/\/aepetba.org.br\/v1\/dia-mundial-da-seguranca-e-saude-no-trabalho\/\" \/>\n<meta property=\"og:site_name\" content=\"AEPET N\u00daCLEO BAHIA\" \/>\n<meta property=\"article:publisher\" content=\"https:\/\/web.facebook.com\/aepetba\" \/>\n<meta property=\"article:published_time\" content=\"2022-04-28T14:40:43+00:00\" \/>\n<meta property=\"article:modified_time\" content=\"2022-04-28T17:17:24+00:00\" \/>\n<meta property=\"og:image\" content=\"https:\/\/aepetba.org.br\/v1\/wp-content\/uploads\/2022\/04\/Materia-Dia-Mundial-da-Seguranca-e-Saude-no-Trabalho-petroleo-bahia-Aepet-ba.jpg\" \/>\n\t<meta property=\"og:image:width\" content=\"1080\" \/>\n\t<meta property=\"og:image:height\" content=\"854\" \/>\n\t<meta property=\"og:image:type\" content=\"image\/jpeg\" \/>\n<meta name=\"author\" content=\"AEPETBA\" \/>\n<meta name=\"twitter:card\" content=\"summary_large_image\" \/>\n<meta name=\"twitter:creator\" content=\"@aepetbahia\" \/>\n<meta name=\"twitter:site\" content=\"@aepetbahia\" \/>\n<meta name=\"twitter:label1\" content=\"Escrito por\" \/>\n\t<meta name=\"twitter:data1\" content=\"AEPETBA\" \/>\n\t<meta name=\"twitter:label2\" content=\"Est. tempo de leitura\" \/>\n\t<meta name=\"twitter:data2\" content=\"3 minutos\" \/>\n<script type=\"application\/ld+json\" class=\"yoast-schema-graph\">{\"@context\":\"https:\/\/schema.org\",\"@graph\":[{\"@type\":\"Organization\",\"@id\":\"https:\/\/aepetba.org.br\/v1\/#organization\",\"name\":\"AEPET N\u00facleo Bahia\",\"url\":\"https:\/\/aepetba.org.br\/v1\/\",\"sameAs\":[\"https:\/\/www.instagram.com\/aepetbahia\/\",\"https:\/\/www.youtube.com\/c\/AEPETBAHIA\",\"https:\/\/web.facebook.com\/aepetba\",\"https:\/\/twitter.com\/aepetbahia\"],\"logo\":{\"@type\":\"ImageObject\",\"inLanguage\":\"pt-BR\",\"@id\":\"https:\/\/aepetba.org.br\/v1\/#\/schema\/logo\/image\/\",\"url\":\"https:\/\/aepetba.org.br\/v1\/wp-content\/uploads\/revslider\/home\/logo-AEPETBA.png\",\"contentUrl\":\"https:\/\/aepetba.org.br\/v1\/wp-content\/uploads\/revslider\/home\/logo-AEPETBA.png\",\"width\":297,\"height\":86,\"caption\":\"AEPET N\u00facleo Bahia\"},\"image\":{\"@id\":\"https:\/\/aepetba.org.br\/v1\/#\/schema\/logo\/image\/\"}},{\"@type\":\"WebSite\",\"@id\":\"https:\/\/aepetba.org.br\/v1\/#website\",\"url\":\"https:\/\/aepetba.org.br\/v1\/\",\"name\":\"AEPET N\u00daCLEO BAHIA\",\"description\":\"Associa\u00e7\u00e3o dos Engenheiros da Petrobr\u00e1s N\u00facleo Bahia Petr\u00f3leo Bahia Salvador Nordeste \",\"publisher\":{\"@id\":\"https:\/\/aepetba.org.br\/v1\/#organization\"},\"potentialAction\":[{\"@type\":\"SearchAction\",\"target\":{\"@type\":\"EntryPoint\",\"urlTemplate\":\"https:\/\/aepetba.org.br\/v1\/?s={search_term_string}\"},\"query-input\":\"required name=search_term_string\"}],\"inLanguage\":\"pt-BR\"},{\"@type\":\"ImageObject\",\"inLanguage\":\"pt-BR\",\"@id\":\"https:\/\/aepetba.org.br\/v1\/dia-mundial-da-seguranca-e-saude-no-trabalho\/#primaryimage\",\"url\":\"https:\/\/aepetba.org.br\/v1\/wp-content\/uploads\/2022\/04\/Materia-Dia-Mundial-da-Seguranca-e-Saude-no-Trabalho-petroleo-bahia-Aepet-ba.jpg\",\"contentUrl\":\"https:\/\/aepetba.org.br\/v1\/wp-content\/uploads\/2022\/04\/Materia-Dia-Mundial-da-Seguranca-e-Saude-no-Trabalho-petroleo-bahia-Aepet-ba.jpg\",\"width\":1080,\"height\":854},{\"@type\":\"WebPage\",\"@id\":\"https:\/\/aepetba.org.br\/v1\/dia-mundial-da-seguranca-e-saude-no-trabalho\/\",\"url\":\"https:\/\/aepetba.org.br\/v1\/dia-mundial-da-seguranca-e-saude-no-trabalho\/\",\"name\":\"Dia Mundial da Seguran\u00e7a e Sa\u00fade no Trabalho \u00e9 comemorado hoje - AEPET N\u00daCLEO BAHIA\",\"isPartOf\":{\"@id\":\"https:\/\/aepetba.org.br\/v1\/#website\"},\"primaryImageOfPage\":{\"@id\":\"https:\/\/aepetba.org.br\/v1\/dia-mundial-da-seguranca-e-saude-no-trabalho\/#primaryimage\"},\"datePublished\":\"2022-04-28T14:40:43+00:00\",\"dateModified\":\"2022-04-28T17:17:24+00:00\",\"breadcrumb\":{\"@id\":\"https:\/\/aepetba.org.br\/v1\/dia-mundial-da-seguranca-e-saude-no-trabalho\/#breadcrumb\"},\"inLanguage\":\"pt-BR\",\"potentialAction\":[{\"@type\":\"ReadAction\",\"target\":[\"https:\/\/aepetba.org.br\/v1\/dia-mundial-da-seguranca-e-saude-no-trabalho\/\"]}]},{\"@type\":\"BreadcrumbList\",\"@id\":\"https:\/\/aepetba.org.br\/v1\/dia-mundial-da-seguranca-e-saude-no-trabalho\/#breadcrumb\",\"itemListElement\":[{\"@type\":\"ListItem\",\"position\":1,\"name\":\"In\u00edcio\",\"item\":\"https:\/\/aepetba.org.br\/v1\/\"},{\"@type\":\"ListItem\",\"position\":2,\"name\":\"Dia Mundial da Seguran\u00e7a e Sa\u00fade no Trabalho \u00e9 comemorado hoje\"}]},{\"@type\":\"Article\",\"@id\":\"https:\/\/aepetba.org.br\/v1\/dia-mundial-da-seguranca-e-saude-no-trabalho\/#article\",\"isPartOf\":{\"@id\":\"https:\/\/aepetba.org.br\/v1\/dia-mundial-da-seguranca-e-saude-no-trabalho\/\"},\"author\":{\"name\":\"AEPETBA\",\"@id\":\"https:\/\/aepetba.org.br\/v1\/#\/schema\/person\/3504208f89f3f50e1526867ebb573b88\"},\"headline\":\"Dia Mundial da Seguran\u00e7a e Sa\u00fade no Trabalho \u00e9 comemorado hoje\",\"datePublished\":\"2022-04-28T14:40:43+00:00\",\"dateModified\":\"2022-04-28T17:17:24+00:00\",\"mainEntityOfPage\":{\"@id\":\"https:\/\/aepetba.org.br\/v1\/dia-mundial-da-seguranca-e-saude-no-trabalho\/\"},\"wordCount\":686,\"publisher\":{\"@id\":\"https:\/\/aepetba.org.br\/v1\/#organization\"},\"image\":{\"@id\":\"https:\/\/aepetba.org.br\/v1\/dia-mundial-da-seguranca-e-saude-no-trabalho\/#primaryimage\"},\"thumbnailUrl\":\"https:\/\/aepetba.org.br\/v1\/wp-content\/uploads\/2022\/04\/Materia-Dia-Mundial-da-Seguranca-e-Saude-no-Trabalho-petroleo-bahia-Aepet-ba.jpg\",\"articleSection\":[\"Destaque\",\"Not\u00edcias\"],\"inLanguage\":\"pt-BR\"},{\"@type\":\"Person\",\"@id\":\"https:\/\/aepetba.org.br\/v1\/#\/schema\/person\/3504208f89f3f50e1526867ebb573b88\",\"name\":\"AEPETBA\",\"image\":{\"@type\":\"ImageObject\",\"inLanguage\":\"pt-BR\",\"@id\":\"https:\/\/aepetba.org.br\/v1\/#\/schema\/person\/image\/\",\"url\":\"https:\/\/secure.gravatar.com\/avatar\/3e6e1bf98c38137fc6b937d21e974714?s=96&d=mm&r=g\",\"contentUrl\":\"https:\/\/secure.gravatar.com\/avatar\/3e6e1bf98c38137fc6b937d21e974714?s=96&d=mm&r=g\",\"caption\":\"AEPETBA\"},\"sameAs\":[\"http:\/\/aepetba.org.br\/v1\"],\"url\":\"https:\/\/aepetba.org.br\/v1\/author\/lubconsultoria\/\"}]}<\/script>\n<!-- \/ Yoast SEO plugin. -->","yoast_head_json":{"title":"Dia Mundial da Seguran\u00e7a e Sa\u00fade no Trabalho \u00e9 comemorado hoje - AEPET N\u00daCLEO BAHIA","robots":{"index":"index","follow":"follow","max-snippet":"max-snippet:-1","max-image-preview":"max-image-preview:large","max-video-preview":"max-video-preview:-1"},"canonical":"https:\/\/aepetba.org.br\/v1\/dia-mundial-da-seguranca-e-saude-no-trabalho\/","og_locale":"pt_BR","og_type":"article","og_title":"Dia Mundial da Seguran\u00e7a e Sa\u00fade no Trabalho \u00e9 comemorado hoje - AEPET N\u00daCLEO BAHIA","og_description":"No dia 28 de abril de 1969, uma explos\u00e3o numa mina no estado norte-americano da Virginia matou 78 mineiros. Em 2003, a Organiza\u00e7\u00e3o Internacional do Trabalho (OIT) instituiu a data como o Dia Mundial da Seguran\u00e7a e Sa\u00fade no Trabalho,...","og_url":"https:\/\/aepetba.org.br\/v1\/dia-mundial-da-seguranca-e-saude-no-trabalho\/","og_site_name":"AEPET N\u00daCLEO BAHIA","article_publisher":"https:\/\/web.facebook.com\/aepetba","article_published_time":"2022-04-28T14:40:43+00:00","article_modified_time":"2022-04-28T17:17:24+00:00","og_image":[{"width":1080,"height":854,"url":"https:\/\/aepetba.org.br\/v1\/wp-content\/uploads\/2022\/04\/Materia-Dia-Mundial-da-Seguranca-e-Saude-no-Trabalho-petroleo-bahia-Aepet-ba.jpg","type":"image\/jpeg"}],"author":"AEPETBA","twitter_card":"summary_large_image","twitter_creator":"@aepetbahia","twitter_site":"@aepetbahia","twitter_misc":{"Escrito por":"AEPETBA","Est. tempo de leitura":"3 minutos"},"schema":{"@context":"https:\/\/schema.org","@graph":[{"@type":"Organization","@id":"https:\/\/aepetba.org.br\/v1\/#organization","name":"AEPET N\u00facleo Bahia","url":"https:\/\/aepetba.org.br\/v1\/","sameAs":["https:\/\/www.instagram.com\/aepetbahia\/","https:\/\/www.youtube.com\/c\/AEPETBAHIA","https:\/\/web.facebook.com\/aepetba","https:\/\/twitter.com\/aepetbahia"],"logo":{"@type":"ImageObject","inLanguage":"pt-BR","@id":"https:\/\/aepetba.org.br\/v1\/#\/schema\/logo\/image\/","url":"https:\/\/aepetba.org.br\/v1\/wp-content\/uploads\/revslider\/home\/logo-AEPETBA.png","contentUrl":"https:\/\/aepetba.org.br\/v1\/wp-content\/uploads\/revslider\/home\/logo-AEPETBA.png","width":297,"height":86,"caption":"AEPET N\u00facleo Bahia"},"image":{"@id":"https:\/\/aepetba.org.br\/v1\/#\/schema\/logo\/image\/"}},{"@type":"WebSite","@id":"https:\/\/aepetba.org.br\/v1\/#website","url":"https:\/\/aepetba.org.br\/v1\/","name":"AEPET N\u00daCLEO BAHIA","description":"Associa\u00e7\u00e3o dos Engenheiros da Petrobr\u00e1s N\u00facleo Bahia Petr\u00f3leo Bahia Salvador Nordeste ","publisher":{"@id":"https:\/\/aepetba.org.br\/v1\/#organization"},"potentialAction":[{"@type":"SearchAction","target":{"@type":"EntryPoint","urlTemplate":"https:\/\/aepetba.org.br\/v1\/?s={search_term_string}"},"query-input":"required name=search_term_string"}],"inLanguage":"pt-BR"},{"@type":"ImageObject","inLanguage":"pt-BR","@id":"https:\/\/aepetba.org.br\/v1\/dia-mundial-da-seguranca-e-saude-no-trabalho\/#primaryimage","url":"https:\/\/aepetba.org.br\/v1\/wp-content\/uploads\/2022\/04\/Materia-Dia-Mundial-da-Seguranca-e-Saude-no-Trabalho-petroleo-bahia-Aepet-ba.jpg","contentUrl":"https:\/\/aepetba.org.br\/v1\/wp-content\/uploads\/2022\/04\/Materia-Dia-Mundial-da-Seguranca-e-Saude-no-Trabalho-petroleo-bahia-Aepet-ba.jpg","width":1080,"height":854},{"@type":"WebPage","@id":"https:\/\/aepetba.org.br\/v1\/dia-mundial-da-seguranca-e-saude-no-trabalho\/","url":"https:\/\/aepetba.org.br\/v1\/dia-mundial-da-seguranca-e-saude-no-trabalho\/","name":"Dia Mundial da Seguran\u00e7a e Sa\u00fade no Trabalho \u00e9 comemorado hoje - AEPET N\u00daCLEO BAHIA","isPartOf":{"@id":"https:\/\/aepetba.org.br\/v1\/#website"},"primaryImageOfPage":{"@id":"https:\/\/aepetba.org.br\/v1\/dia-mundial-da-seguranca-e-saude-no-trabalho\/#primaryimage"},"datePublished":"2022-04-28T14:40:43+00:00","dateModified":"2022-04-28T17:17:24+00:00","breadcrumb":{"@id":"https:\/\/aepetba.org.br\/v1\/dia-mundial-da-seguranca-e-saude-no-trabalho\/#breadcrumb"},"inLanguage":"pt-BR","potentialAction":[{"@type":"ReadAction","target":["https:\/\/aepetba.org.br\/v1\/dia-mundial-da-seguranca-e-saude-no-trabalho\/"]}]},{"@type":"BreadcrumbList","@id":"https:\/\/aepetba.org.br\/v1\/dia-mundial-da-seguranca-e-saude-no-trabalho\/#breadcrumb","itemListElement":[{"@type":"ListItem","position":1,"name":"In\u00edcio","item":"https:\/\/aepetba.org.br\/v1\/"},{"@type":"ListItem","position":2,"name":"Dia Mundial da Seguran\u00e7a e Sa\u00fade no Trabalho \u00e9 comemorado hoje"}]},{"@type":"Article","@id":"https:\/\/aepetba.org.br\/v1\/dia-mundial-da-seguranca-e-saude-no-trabalho\/#article","isPartOf":{"@id":"https:\/\/aepetba.org.br\/v1\/dia-mundial-da-seguranca-e-saude-no-trabalho\/"},"author":{"name":"AEPETBA","@id":"https:\/\/aepetba.org.br\/v1\/#\/schema\/person\/3504208f89f3f50e1526867ebb573b88"},"headline":"Dia Mundial da Seguran\u00e7a e Sa\u00fade no Trabalho \u00e9 comemorado hoje","datePublished":"2022-04-28T14:40:43+00:00","dateModified":"2022-04-28T17:17:24+00:00","mainEntityOfPage":{"@id":"https:\/\/aepetba.org.br\/v1\/dia-mundial-da-seguranca-e-saude-no-trabalho\/"},"wordCount":686,"publisher":{"@id":"https:\/\/aepetba.org.br\/v1\/#organization"},"image":{"@id":"https:\/\/aepetba.org.br\/v1\/dia-mundial-da-seguranca-e-saude-no-trabalho\/#primaryimage"},"thumbnailUrl":"https:\/\/aepetba.org.br\/v1\/wp-content\/uploads\/2022\/04\/Materia-Dia-Mundial-da-Seguranca-e-Saude-no-Trabalho-petroleo-bahia-Aepet-ba.jpg","articleSection":["Destaque","Not\u00edcias"],"inLanguage":"pt-BR"},{"@type":"Person","@id":"https:\/\/aepetba.org.br\/v1\/#\/schema\/person\/3504208f89f3f50e1526867ebb573b88","name":"AEPETBA","image":{"@type":"ImageObject","inLanguage":"pt-BR","@id":"https:\/\/aepetba.org.br\/v1\/#\/schema\/person\/image\/","url":"https:\/\/secure.gravatar.com\/avatar\/3e6e1bf98c38137fc6b937d21e974714?s=96&d=mm&r=g","contentUrl":"https:\/\/secure.gravatar.com\/avatar\/3e6e1bf98c38137fc6b937d21e974714?s=96&d=mm&r=g","caption":"AEPETBA"},"sameAs":["http:\/\/aepetba.org.br\/v1"],"url":"https:\/\/aepetba.org.br\/v1\/author\/lubconsultoria\/"}]}},"_links":{"self":[{"href":"https:\/\/aepetba.org.br\/v1\/wp-json\/wp\/v2\/posts\/38048"}],"collection":[{"href":"https:\/\/aepetba.org.br\/v1\/wp-json\/wp\/v2\/posts"}],"about":[{"href":"https:\/\/aepetba.org.br\/v1\/wp-json\/wp\/v2\/types\/post"}],"author":[{"embeddable":true,"href":"https:\/\/aepetba.org.br\/v1\/wp-json\/wp\/v2\/users\/1"}],"replies":[{"embeddable":true,"href":"https:\/\/aepetba.org.br\/v1\/wp-json\/wp\/v2\/comments?post=38048"}],"version-history":[{"count":5,"href":"https:\/\/aepetba.org.br\/v1\/wp-json\/wp\/v2\/posts\/38048\/revisions"}],"predecessor-version":[{"id":38056,"href":"https:\/\/aepetba.org.br\/v1\/wp-json\/wp\/v2\/posts\/38048\/revisions\/38056"}],"wp:featuredmedia":[{"embeddable":true,"href":"https:\/\/aepetba.org.br\/v1\/wp-json\/wp\/v2\/media\/38049"}],"wp:attachment":[{"href":"https:\/\/aepetba.org.br\/v1\/wp-json\/wp\/v2\/media?parent=38048"}],"wp:term":[{"taxonomy":"category","embeddable":true,"href":"https:\/\/aepetba.org.br\/v1\/wp-json\/wp\/v2\/categories?post=38048"},{"taxonomy":"post_tag","embeddable":true,"href":"https:\/\/aepetba.org.br\/v1\/wp-json\/wp\/v2\/tags?post=38048"}],"curies":[{"name":"wp","href":"https:\/\/api.w.org\/{rel}","templated":true}]}}