{"id":38068,"date":"2022-05-01T05:00:35","date_gmt":"2022-05-01T08:00:35","guid":{"rendered":"https:\/\/aepetba.org.br\/v1\/?p=38068"},"modified":"2022-04-30T13:06:39","modified_gmt":"2022-04-30T16:06:39","slug":"entenda-mais-sobre-o-dia-do-trabalhador-e-as-dificuldades-vividas-para-ser-empregado-no-brasil","status":"publish","type":"post","link":"https:\/\/aepetba.org.br\/v1\/entenda-mais-sobre-o-dia-do-trabalhador-e-as-dificuldades-vividas-para-ser-empregado-no-brasil\/","title":{"rendered":"Entenda mais sobre o Dia do Trabalhador e as dificuldades vividas para ser empregado no Brasil"},"content":{"rendered":"<!--[if lt IE 9]><script>document.createElement('audio');<\/script><![endif]-->\n<audio class=\"wp-audio-shortcode\" id=\"audio-38068-1\" preload=\"none\" style=\"width: 100%;\" controls=\"controls\"><source type=\"audio\/ogg\" src=\"https:\/\/aepetba.org.br\/v1\/wp-content\/uploads\/2022\/05\/dia-do-trabalhador-aepet-ba.ogg?_=1\" \/><a href=\"https:\/\/aepetba.org.br\/v1\/wp-content\/uploads\/2022\/05\/dia-do-trabalhador-aepet-ba.ogg\">https:\/\/aepetba.org.br\/v1\/wp-content\/uploads\/2022\/05\/dia-do-trabalhador-aepet-ba.ogg<\/a><\/audio>\n<blockquote><p><i><span style=\"font-weight: 400;\">A data 01 de Maio, Dia Internacional do Trabalhador, foi criada em Paris, em 1889, homenageando a manifesta\u00e7\u00e3o feita tr\u00eas anos antes pelos trabalhadores norte-americanos de Chicago, que brigavam por melhores condi\u00e7\u00f5es de trabalho nas f\u00e1bricas. O protesto foi marcado por mortes, pris\u00f5es e viol\u00eancia<\/span><\/i><\/p><\/blockquote>\n<p><span style=\"font-weight: 400;\">No Brasil, a data \u00e9 motivo de mobiliza\u00e7\u00e3o em todo o pa\u00eds. S\u00e3o os trabalhadores e as trabalhadoras, que usam a sua for\u00e7a de trabalho para construir a grandeza do pa\u00eds e com muito esfor\u00e7o garantir vida digna para sua fam\u00edlia. No come\u00e7o da era industrial brasileira, os trabalhadores eram submetidos a condi\u00e7\u00f5es muito prec\u00e1rias, incluindo: sal\u00e1rios baixos; carga hor\u00e1ria excessiva; locais insalubres etc. Foi ent\u00e3o que os oper\u00e1rios, revoltados, se reuniram e exigiram melhores condi\u00e7\u00f5es de trabalho.<\/span><\/p>\n<p><span style=\"font-weight: 400;\">Com muita luta, foram criadas legisla\u00e7\u00f5es para garantir direitos e deveres do trabalhador, direito a um sal\u00e1rio justo e mais benef\u00edcios. Mas, nos tempos atuais, o Brasil tem uma das piores taxas de desemprego. Sob o governo Bolsonaro, os direitos dos trabalhadores v\u00eam sofrendo grandes retrocessos. De acordo com o Fundo Monet\u00e1rio Internacional (FMI), o pa\u00eds ter\u00e1 <\/span><b>uma das maiores taxas de desemprego do mundo em 2022.<\/b><span style=\"font-weight: 400;\">\u00a0<\/span><\/p>\n<p><span style=\"font-weight: 400;\">No ranking, que inclui 102 pa\u00edses, o Brasil (pa\u00eds emergente) aparece com <\/span><b>a 9\u00aa pior estimativa de desemprego no ano, tendo o percentual de 13,7%, quase o dobro da m\u00e9dia global, de 7,7%.<\/b><span style=\"font-weight: 400;\">\u00a0J\u00e1 a m\u00e9dia prevista para pa\u00edses emergentes, <\/span><b>\u00e9 de 8,7%.<\/b><span style=\"font-weight: 400;\"> Entre os pa\u00edses do G20, que det\u00e9m as maiores economias do mundo, o Brasil deve ter <\/span><b>a segunda maior taxa de desemprego, atr\u00e1s s\u00f3 da \u00c1frica do Sul, que deve chegar a 35,2%.<\/b><span style=\"font-weight: 400;\">\u00a0<\/span><\/p>\n<p><span style=\"font-weight: 400;\">Vale destacar que a pol\u00edtica ultraliberal adotada por Bolsonaro e seu ministro da Economia, Paulo Guedes, faz o pa\u00eds alcan\u00e7ar recordes de desemprego, subemprego e informalidades. Atualmente, <\/span><b>cerca de 12 milh\u00f5es de pessoas est\u00e3o fora do mercado de trabalho e 38 milh\u00f5es fazem bico para sobreviver<\/b><span style=\"font-weight: 400;\">, segundo dados elaborados pelo IBGE &#8211; Instituto Brasileiro de Geografia e Estat\u00edstica.\u00a0<\/span><\/p>\n<h2><b>Promessas em v\u00e3o e mais retrocessos ao trabalhador<\/b><\/h2>\n<p><span style=\"font-weight: 400;\">Em 2017, foi aprovada a reforma trabalhista, ainda no governo golpista de Michel Temer. Apesar da grande propaganda feita pelo legislativo na \u00e9poca, vendendo a falsa ilus\u00e3o de que as mudan\u00e7as iriam gerar milh\u00f5es de empregos &#8211; dois milh\u00f5es de vagas em dois anos e seis milh\u00f5es em dez anos, tudo n\u00e3o passou de um del\u00edrio coletivo da direita, onde milh\u00f5es de trabalhadores foram prejudicados em quatro anos.<\/span><\/p>\n<p><span style=\"font-weight: 400;\">Disfar\u00e7ado de atualiza\u00e7\u00e3o das rela\u00e7\u00f5es entre empregado e patr\u00e3o, a reforma trabalhista trouxe desemprego, em v\u00e1rios setores,\u00a0 e trabalho, visto a escravid\u00e3o vivida diariamente por muitas pessoas de baixa renda atrav\u00e9s dos empregos por aplicativo, como Ifood e Uber.\u00a0<\/span><\/p>\n<p><span style=\"font-weight: 400;\">A reforma do governo golpista mudou regras sobre f\u00e9rias, aposentadoria, jornada de trabalho, banco de horas, trabalho intermitente dentre outros ataques contra direitos hist\u00f3ricos. Jair Bolsonaro, com a aprova\u00e7\u00e3o de mini-reformas, aprofundou mais a situa\u00e7\u00e3o dos trabalhadores. Recentemente, prop\u00f4s a cria\u00e7\u00e3o de modalidades de trabalho sem carteira assinada e sem f\u00e9rias, 13\u00ba sal\u00e1rio e FGTS. Isso, sem contar a extin\u00e7\u00e3o do Minist\u00e9rio do Trabalho, no come\u00e7o de sua gest\u00e3o (2019), voltando atr\u00e1s em 2021.<\/span><\/p>\n<h2><b>Aumento da informalidade e a vis\u00e3o dos especialistas<\/b><\/h2>\n<p><span style=\"font-weight: 400;\">Ainda segundo o IBGE, no trimestre encerrado em outubro de 2017, antes das novas regras, a taxa de informalidade era de 40,5%. Entre maio e julho de 2021, a propor\u00e7\u00e3o de pessoas ocupadas trabalhando na informalidade ficou em 40,8%. Ou seja, n\u00e3o mudou o cen\u00e1rio.\u00a0<\/span><\/p>\n<p><span style=\"font-weight: 400;\">J\u00e1 um levantamento feito pelo Sebrae mostra que, dos 372,2 mil postos de trabalho criados em agosto, os pequenos neg\u00f3cios foram respons\u00e1veis por 265,1 mil. Isso representa sete em cada dez postos de trabalho.<\/span><\/p>\n<h2><b>Muita luta tamb\u00e9m para os trabalhadores da categoria petroleira<\/b><\/h2>\n<p><span style=\"font-weight: 400;\">Assim como os trabalhadores usam sua for\u00e7a de trabalho para garantir os a riqueza do pa\u00eds, a categoria petroleira faz o mesmo e contribuem para que a Petrobr\u00e1s traga desenvolvimento ao Brasil. \u00c9 muito orgulho por ter desenvolvido a tecnologia in\u00e9dita no mundo que permitiu a descoberta do <\/span><b>pr\u00e9-sal<\/b><span style=\"font-weight: 400;\">, assim como os pr\u00eamios internacionais recebidos pela <\/span><i><span style=\"font-weight: 400;\">know-how<\/span><\/i><span style=\"font-weight: 400;\"> em prospec\u00e7\u00e3o <\/span><i><span style=\"font-weight: 400;\">off-shore.<\/span><\/i><span style=\"font-weight: 400;\">\u00a0<\/span><\/p>\n<p><span style=\"font-weight: 400;\">Infelizmente, nos \u00faltimos governos de Temer e Bolsonaro, a categoria tamb\u00e9m tem sido prejudicada com gest\u00f5es autorit\u00e1rias e destruidoras da empresa. Benef\u00edcios e garantias conquistados ao longo de anos s\u00e3o amea\u00e7ados constantemente. Exemplo disso, s\u00e3o as transfer\u00eancias compuls\u00f3rias de unidades em desinvestimentos, descontos abusivos da AMS, o equacionamento da Petros e o descumprimento de cl\u00e1usulas do Acordo Coletivo da categoria.\u00a0<\/span><\/p>\n<p><span style=\"font-weight: 400;\">Para al\u00e9m disso, o processo de privatiza\u00e7\u00e3o da estatal tem colaborado no crescimento do desemprego do Brasil, com o desinvestimento de v\u00e1rias frentes da empresa, fechamento (hiberna\u00e7\u00e3o) e venda dos ativos.\u00a0<\/span><\/p>\n<p><span style=\"font-weight: 400;\">Em 2016 eram 400 mil trabalhadores, entre diretos e terceirizados, na atualidade n\u00e3o passam de seis mil. <\/span><b>Nas regi\u00f5es norte\/nordeste, o n\u00famero de empregados j\u00e1 chegou ao vultoso patamar de 17 mil postos. Atualmente, esse \u00edndice n\u00e3o passa de 4.500 empregos.\u00a0<\/b><\/p>\n<p><span style=\"font-weight: 400;\">Na Bahia, milhares de pessoas perderam seus postos de trabalho com a sa\u00edda da Petrobr\u00e1s. Ap\u00f3s o fechamento do pr\u00e9dio administrativo Torre Pituba, em Salvador, os empregados em situa\u00e7\u00e3o de excepcionalidade lutam para evitar as transfer\u00eancias impostas pela empresa para outros estados, dividindo fam\u00edlias. Outros empregados foram deslocados para o edif\u00edcio Suarez Trade, alugado pela empresa, mas que de longe oferece condi\u00e7\u00f5es seguras e equipamentos adequados para o trabalho.<\/span><\/p>\n<p><span style=\"font-weight: 400;\">Os petroleiros integram uma cadeia produtiva que movimenta a economia nacional, constr\u00f3i o Brasil e assegura milh\u00f5es de empregos, mas Bolsonaro e as gest\u00f5es da empresa v\u00eam destruindo n\u00e3o s\u00f3 a Petrobr\u00e1s, mas atacando os direitos da for\u00e7a de trabalho.\u00a0<\/span><\/p>\n<p><span style=\"font-weight: 400;\">A AEPET-BA, que representa a for\u00e7a de trabalho da Petrobr\u00e1s, ativos e aposentados, sabe como est\u00e1 dif\u00edcil a situa\u00e7\u00e3o para os trabalhadores e as trabalhadoras, devido \u00e0: inseguran\u00e7a no trabalho, falta de perspectiva na carreira, medo da transfer\u00eancia, conv\u00edvio longe da fam\u00edlia por transfer\u00eancias desnecess\u00e1rias. A falta de investimento da empresa e as privatiza\u00e7\u00f5es trazem grande inseguran\u00e7a com o futuro.\u00a0<\/span><\/p>\n<p><span style=\"font-weight: 400;\">Neste 1\u00ba de Maio, parabenizamos os petroleiros e petroleiras pelas suas lutas e\u00a0 enseja que se firme a consci\u00eancia na categoria de fazer parte de uma classe emancipadora, que caminhe em dire\u00e7\u00e3o a unidade de a\u00e7\u00e3o e da mobiliza\u00e7\u00e3o para a reconquista de direitos.\u00a0<\/span><\/p>\n<p>&nbsp;<\/p>\n","protected":false},"excerpt":{"rendered":"<p>A data 01 de Maio, Dia Internacional do Trabalhador, foi criada em Paris, em 1889, homenageando a manifesta\u00e7\u00e3o feita tr\u00eas anos antes pelos trabalhadores norte-americanos de Chicago, que brigavam por melhores condi\u00e7\u00f5es de trabalho nas f\u00e1bricas. O protesto foi marcado&#8230;<\/p>\n","protected":false},"author":1,"featured_media":38069,"comment_status":"closed","ping_status":"closed","sticky":false,"template":"","format":"standard","meta":[],"categories":[87,10],"tags":[],"yoast_head":"<!-- This site is optimized with the Yoast SEO plugin v19.3 - https:\/\/yoast.com\/wordpress\/plugins\/seo\/ -->\n<title>Entenda mais sobre o Dia do Trabalhador e as dificuldades vividas para ser empregado no Brasil - AEPET N\u00daCLEO BAHIA<\/title>\n<meta name=\"robots\" content=\"index, follow, max-snippet:-1, max-image-preview:large, max-video-preview:-1\" \/>\n<link rel=\"canonical\" href=\"https:\/\/aepetba.org.br\/v1\/entenda-mais-sobre-o-dia-do-trabalhador-e-as-dificuldades-vividas-para-ser-empregado-no-brasil\/\" \/>\n<meta property=\"og:locale\" content=\"pt_BR\" \/>\n<meta property=\"og:type\" content=\"article\" \/>\n<meta property=\"og:title\" content=\"Entenda mais sobre o Dia do Trabalhador e as dificuldades vividas para ser empregado no Brasil - AEPET N\u00daCLEO BAHIA\" \/>\n<meta property=\"og:description\" content=\"A data 01 de Maio, Dia Internacional do Trabalhador, foi criada em Paris, em 1889, homenageando a manifesta\u00e7\u00e3o feita tr\u00eas anos antes pelos trabalhadores norte-americanos de Chicago, que brigavam por melhores condi\u00e7\u00f5es de trabalho nas f\u00e1bricas. O protesto foi marcado...\" \/>\n<meta property=\"og:url\" content=\"https:\/\/aepetba.org.br\/v1\/entenda-mais-sobre-o-dia-do-trabalhador-e-as-dificuldades-vividas-para-ser-empregado-no-brasil\/\" \/>\n<meta property=\"og:site_name\" content=\"AEPET N\u00daCLEO BAHIA\" \/>\n<meta property=\"article:publisher\" content=\"https:\/\/web.facebook.com\/aepetba\" \/>\n<meta property=\"article:published_time\" content=\"2022-05-01T08:00:35+00:00\" \/>\n<meta property=\"article:modified_time\" content=\"2022-04-30T16:06:39+00:00\" \/>\n<meta property=\"og:image\" content=\"https:\/\/aepetba.org.br\/v1\/wp-content\/uploads\/2022\/04\/Materia-Dia-do-Trabalhador-petroleo-bahia-Aepet-ba.jpg\" \/>\n\t<meta property=\"og:image:width\" content=\"1080\" \/>\n\t<meta property=\"og:image:height\" content=\"959\" \/>\n\t<meta property=\"og:image:type\" content=\"image\/jpeg\" \/>\n<meta name=\"author\" content=\"AEPETBA\" \/>\n<meta name=\"twitter:card\" content=\"summary_large_image\" \/>\n<meta name=\"twitter:creator\" content=\"@aepetbahia\" \/>\n<meta name=\"twitter:site\" content=\"@aepetbahia\" \/>\n<meta name=\"twitter:label1\" content=\"Escrito por\" \/>\n\t<meta name=\"twitter:data1\" content=\"AEPETBA\" \/>\n\t<meta name=\"twitter:label2\" content=\"Est. tempo de leitura\" \/>\n\t<meta name=\"twitter:data2\" content=\"6 minutos\" \/>\n<script type=\"application\/ld+json\" class=\"yoast-schema-graph\">{\"@context\":\"https:\/\/schema.org\",\"@graph\":[{\"@type\":\"Organization\",\"@id\":\"https:\/\/aepetba.org.br\/v1\/#organization\",\"name\":\"AEPET N\u00facleo Bahia\",\"url\":\"https:\/\/aepetba.org.br\/v1\/\",\"sameAs\":[\"https:\/\/www.instagram.com\/aepetbahia\/\",\"https:\/\/www.youtube.com\/c\/AEPETBAHIA\",\"https:\/\/web.facebook.com\/aepetba\",\"https:\/\/twitter.com\/aepetbahia\"],\"logo\":{\"@type\":\"ImageObject\",\"inLanguage\":\"pt-BR\",\"@id\":\"https:\/\/aepetba.org.br\/v1\/#\/schema\/logo\/image\/\",\"url\":\"https:\/\/aepetba.org.br\/v1\/wp-content\/uploads\/revslider\/home\/logo-AEPETBA.png\",\"contentUrl\":\"https:\/\/aepetba.org.br\/v1\/wp-content\/uploads\/revslider\/home\/logo-AEPETBA.png\",\"width\":297,\"height\":86,\"caption\":\"AEPET N\u00facleo Bahia\"},\"image\":{\"@id\":\"https:\/\/aepetba.org.br\/v1\/#\/schema\/logo\/image\/\"}},{\"@type\":\"WebSite\",\"@id\":\"https:\/\/aepetba.org.br\/v1\/#website\",\"url\":\"https:\/\/aepetba.org.br\/v1\/\",\"name\":\"AEPET N\u00daCLEO BAHIA\",\"description\":\"Associa\u00e7\u00e3o dos Engenheiros da Petrobr\u00e1s N\u00facleo Bahia Petr\u00f3leo Bahia Salvador Nordeste \",\"publisher\":{\"@id\":\"https:\/\/aepetba.org.br\/v1\/#organization\"},\"potentialAction\":[{\"@type\":\"SearchAction\",\"target\":{\"@type\":\"EntryPoint\",\"urlTemplate\":\"https:\/\/aepetba.org.br\/v1\/?s={search_term_string}\"},\"query-input\":\"required name=search_term_string\"}],\"inLanguage\":\"pt-BR\"},{\"@type\":\"ImageObject\",\"inLanguage\":\"pt-BR\",\"@id\":\"https:\/\/aepetba.org.br\/v1\/entenda-mais-sobre-o-dia-do-trabalhador-e-as-dificuldades-vividas-para-ser-empregado-no-brasil\/#primaryimage\",\"url\":\"https:\/\/aepetba.org.br\/v1\/wp-content\/uploads\/2022\/04\/Materia-Dia-do-Trabalhador-petroleo-bahia-Aepet-ba.jpg\",\"contentUrl\":\"https:\/\/aepetba.org.br\/v1\/wp-content\/uploads\/2022\/04\/Materia-Dia-do-Trabalhador-petroleo-bahia-Aepet-ba.jpg\",\"width\":1080,\"height\":959},{\"@type\":\"WebPage\",\"@id\":\"https:\/\/aepetba.org.br\/v1\/entenda-mais-sobre-o-dia-do-trabalhador-e-as-dificuldades-vividas-para-ser-empregado-no-brasil\/\",\"url\":\"https:\/\/aepetba.org.br\/v1\/entenda-mais-sobre-o-dia-do-trabalhador-e-as-dificuldades-vividas-para-ser-empregado-no-brasil\/\",\"name\":\"Entenda mais sobre o Dia do Trabalhador e as dificuldades vividas para ser empregado no Brasil - AEPET N\u00daCLEO BAHIA\",\"isPartOf\":{\"@id\":\"https:\/\/aepetba.org.br\/v1\/#website\"},\"primaryImageOfPage\":{\"@id\":\"https:\/\/aepetba.org.br\/v1\/entenda-mais-sobre-o-dia-do-trabalhador-e-as-dificuldades-vividas-para-ser-empregado-no-brasil\/#primaryimage\"},\"datePublished\":\"2022-05-01T08:00:35+00:00\",\"dateModified\":\"2022-04-30T16:06:39+00:00\",\"breadcrumb\":{\"@id\":\"https:\/\/aepetba.org.br\/v1\/entenda-mais-sobre-o-dia-do-trabalhador-e-as-dificuldades-vividas-para-ser-empregado-no-brasil\/#breadcrumb\"},\"inLanguage\":\"pt-BR\",\"potentialAction\":[{\"@type\":\"ReadAction\",\"target\":[\"https:\/\/aepetba.org.br\/v1\/entenda-mais-sobre-o-dia-do-trabalhador-e-as-dificuldades-vividas-para-ser-empregado-no-brasil\/\"]}]},{\"@type\":\"BreadcrumbList\",\"@id\":\"https:\/\/aepetba.org.br\/v1\/entenda-mais-sobre-o-dia-do-trabalhador-e-as-dificuldades-vividas-para-ser-empregado-no-brasil\/#breadcrumb\",\"itemListElement\":[{\"@type\":\"ListItem\",\"position\":1,\"name\":\"In\u00edcio\",\"item\":\"https:\/\/aepetba.org.br\/v1\/\"},{\"@type\":\"ListItem\",\"position\":2,\"name\":\"Entenda mais sobre o Dia do Trabalhador e as dificuldades vividas para ser empregado no Brasil\"}]},{\"@type\":\"Article\",\"@id\":\"https:\/\/aepetba.org.br\/v1\/entenda-mais-sobre-o-dia-do-trabalhador-e-as-dificuldades-vividas-para-ser-empregado-no-brasil\/#article\",\"isPartOf\":{\"@id\":\"https:\/\/aepetba.org.br\/v1\/entenda-mais-sobre-o-dia-do-trabalhador-e-as-dificuldades-vividas-para-ser-empregado-no-brasil\/\"},\"author\":{\"name\":\"AEPETBA\",\"@id\":\"https:\/\/aepetba.org.br\/v1\/#\/schema\/person\/3504208f89f3f50e1526867ebb573b88\"},\"headline\":\"Entenda mais sobre o Dia do Trabalhador e as dificuldades vividas para ser empregado no Brasil\",\"datePublished\":\"2022-05-01T08:00:35+00:00\",\"dateModified\":\"2022-04-30T16:06:39+00:00\",\"mainEntityOfPage\":{\"@id\":\"https:\/\/aepetba.org.br\/v1\/entenda-mais-sobre-o-dia-do-trabalhador-e-as-dificuldades-vividas-para-ser-empregado-no-brasil\/\"},\"wordCount\":1149,\"publisher\":{\"@id\":\"https:\/\/aepetba.org.br\/v1\/#organization\"},\"image\":{\"@id\":\"https:\/\/aepetba.org.br\/v1\/entenda-mais-sobre-o-dia-do-trabalhador-e-as-dificuldades-vividas-para-ser-empregado-no-brasil\/#primaryimage\"},\"thumbnailUrl\":\"https:\/\/aepetba.org.br\/v1\/wp-content\/uploads\/2022\/04\/Materia-Dia-do-Trabalhador-petroleo-bahia-Aepet-ba.jpg\",\"articleSection\":[\"Destaque\",\"Not\u00edcias\"],\"inLanguage\":\"pt-BR\"},{\"@type\":\"Person\",\"@id\":\"https:\/\/aepetba.org.br\/v1\/#\/schema\/person\/3504208f89f3f50e1526867ebb573b88\",\"name\":\"AEPETBA\",\"image\":{\"@type\":\"ImageObject\",\"inLanguage\":\"pt-BR\",\"@id\":\"https:\/\/aepetba.org.br\/v1\/#\/schema\/person\/image\/\",\"url\":\"https:\/\/secure.gravatar.com\/avatar\/3e6e1bf98c38137fc6b937d21e974714?s=96&d=mm&r=g\",\"contentUrl\":\"https:\/\/secure.gravatar.com\/avatar\/3e6e1bf98c38137fc6b937d21e974714?s=96&d=mm&r=g\",\"caption\":\"AEPETBA\"},\"sameAs\":[\"http:\/\/aepetba.org.br\/v1\"],\"url\":\"https:\/\/aepetba.org.br\/v1\/author\/lubconsultoria\/\"}]}<\/script>\n<!-- \/ Yoast SEO plugin. -->","yoast_head_json":{"title":"Entenda mais sobre o Dia do Trabalhador e as dificuldades vividas para ser empregado no Brasil - AEPET N\u00daCLEO BAHIA","robots":{"index":"index","follow":"follow","max-snippet":"max-snippet:-1","max-image-preview":"max-image-preview:large","max-video-preview":"max-video-preview:-1"},"canonical":"https:\/\/aepetba.org.br\/v1\/entenda-mais-sobre-o-dia-do-trabalhador-e-as-dificuldades-vividas-para-ser-empregado-no-brasil\/","og_locale":"pt_BR","og_type":"article","og_title":"Entenda mais sobre o Dia do Trabalhador e as dificuldades vividas para ser empregado no Brasil - AEPET N\u00daCLEO BAHIA","og_description":"A data 01 de Maio, Dia Internacional do Trabalhador, foi criada em Paris, em 1889, homenageando a manifesta\u00e7\u00e3o feita tr\u00eas anos antes pelos trabalhadores norte-americanos de Chicago, que brigavam por melhores condi\u00e7\u00f5es de trabalho nas f\u00e1bricas. O protesto foi marcado...","og_url":"https:\/\/aepetba.org.br\/v1\/entenda-mais-sobre-o-dia-do-trabalhador-e-as-dificuldades-vividas-para-ser-empregado-no-brasil\/","og_site_name":"AEPET N\u00daCLEO BAHIA","article_publisher":"https:\/\/web.facebook.com\/aepetba","article_published_time":"2022-05-01T08:00:35+00:00","article_modified_time":"2022-04-30T16:06:39+00:00","og_image":[{"width":1080,"height":959,"url":"https:\/\/aepetba.org.br\/v1\/wp-content\/uploads\/2022\/04\/Materia-Dia-do-Trabalhador-petroleo-bahia-Aepet-ba.jpg","type":"image\/jpeg"}],"author":"AEPETBA","twitter_card":"summary_large_image","twitter_creator":"@aepetbahia","twitter_site":"@aepetbahia","twitter_misc":{"Escrito por":"AEPETBA","Est. tempo de leitura":"6 minutos"},"schema":{"@context":"https:\/\/schema.org","@graph":[{"@type":"Organization","@id":"https:\/\/aepetba.org.br\/v1\/#organization","name":"AEPET N\u00facleo Bahia","url":"https:\/\/aepetba.org.br\/v1\/","sameAs":["https:\/\/www.instagram.com\/aepetbahia\/","https:\/\/www.youtube.com\/c\/AEPETBAHIA","https:\/\/web.facebook.com\/aepetba","https:\/\/twitter.com\/aepetbahia"],"logo":{"@type":"ImageObject","inLanguage":"pt-BR","@id":"https:\/\/aepetba.org.br\/v1\/#\/schema\/logo\/image\/","url":"https:\/\/aepetba.org.br\/v1\/wp-content\/uploads\/revslider\/home\/logo-AEPETBA.png","contentUrl":"https:\/\/aepetba.org.br\/v1\/wp-content\/uploads\/revslider\/home\/logo-AEPETBA.png","width":297,"height":86,"caption":"AEPET N\u00facleo Bahia"},"image":{"@id":"https:\/\/aepetba.org.br\/v1\/#\/schema\/logo\/image\/"}},{"@type":"WebSite","@id":"https:\/\/aepetba.org.br\/v1\/#website","url":"https:\/\/aepetba.org.br\/v1\/","name":"AEPET N\u00daCLEO BAHIA","description":"Associa\u00e7\u00e3o dos Engenheiros da Petrobr\u00e1s N\u00facleo Bahia Petr\u00f3leo Bahia Salvador Nordeste ","publisher":{"@id":"https:\/\/aepetba.org.br\/v1\/#organization"},"potentialAction":[{"@type":"SearchAction","target":{"@type":"EntryPoint","urlTemplate":"https:\/\/aepetba.org.br\/v1\/?s={search_term_string}"},"query-input":"required name=search_term_string"}],"inLanguage":"pt-BR"},{"@type":"ImageObject","inLanguage":"pt-BR","@id":"https:\/\/aepetba.org.br\/v1\/entenda-mais-sobre-o-dia-do-trabalhador-e-as-dificuldades-vividas-para-ser-empregado-no-brasil\/#primaryimage","url":"https:\/\/aepetba.org.br\/v1\/wp-content\/uploads\/2022\/04\/Materia-Dia-do-Trabalhador-petroleo-bahia-Aepet-ba.jpg","contentUrl":"https:\/\/aepetba.org.br\/v1\/wp-content\/uploads\/2022\/04\/Materia-Dia-do-Trabalhador-petroleo-bahia-Aepet-ba.jpg","width":1080,"height":959},{"@type":"WebPage","@id":"https:\/\/aepetba.org.br\/v1\/entenda-mais-sobre-o-dia-do-trabalhador-e-as-dificuldades-vividas-para-ser-empregado-no-brasil\/","url":"https:\/\/aepetba.org.br\/v1\/entenda-mais-sobre-o-dia-do-trabalhador-e-as-dificuldades-vividas-para-ser-empregado-no-brasil\/","name":"Entenda mais sobre o Dia do Trabalhador e as dificuldades vividas para ser empregado no Brasil - AEPET N\u00daCLEO BAHIA","isPartOf":{"@id":"https:\/\/aepetba.org.br\/v1\/#website"},"primaryImageOfPage":{"@id":"https:\/\/aepetba.org.br\/v1\/entenda-mais-sobre-o-dia-do-trabalhador-e-as-dificuldades-vividas-para-ser-empregado-no-brasil\/#primaryimage"},"datePublished":"2022-05-01T08:00:35+00:00","dateModified":"2022-04-30T16:06:39+00:00","breadcrumb":{"@id":"https:\/\/aepetba.org.br\/v1\/entenda-mais-sobre-o-dia-do-trabalhador-e-as-dificuldades-vividas-para-ser-empregado-no-brasil\/#breadcrumb"},"inLanguage":"pt-BR","potentialAction":[{"@type":"ReadAction","target":["https:\/\/aepetba.org.br\/v1\/entenda-mais-sobre-o-dia-do-trabalhador-e-as-dificuldades-vividas-para-ser-empregado-no-brasil\/"]}]},{"@type":"BreadcrumbList","@id":"https:\/\/aepetba.org.br\/v1\/entenda-mais-sobre-o-dia-do-trabalhador-e-as-dificuldades-vividas-para-ser-empregado-no-brasil\/#breadcrumb","itemListElement":[{"@type":"ListItem","position":1,"name":"In\u00edcio","item":"https:\/\/aepetba.org.br\/v1\/"},{"@type":"ListItem","position":2,"name":"Entenda mais sobre o Dia do Trabalhador e as dificuldades vividas para ser empregado no Brasil"}]},{"@type":"Article","@id":"https:\/\/aepetba.org.br\/v1\/entenda-mais-sobre-o-dia-do-trabalhador-e-as-dificuldades-vividas-para-ser-empregado-no-brasil\/#article","isPartOf":{"@id":"https:\/\/aepetba.org.br\/v1\/entenda-mais-sobre-o-dia-do-trabalhador-e-as-dificuldades-vividas-para-ser-empregado-no-brasil\/"},"author":{"name":"AEPETBA","@id":"https:\/\/aepetba.org.br\/v1\/#\/schema\/person\/3504208f89f3f50e1526867ebb573b88"},"headline":"Entenda mais sobre o Dia do Trabalhador e as dificuldades vividas para ser empregado no Brasil","datePublished":"2022-05-01T08:00:35+00:00","dateModified":"2022-04-30T16:06:39+00:00","mainEntityOfPage":{"@id":"https:\/\/aepetba.org.br\/v1\/entenda-mais-sobre-o-dia-do-trabalhador-e-as-dificuldades-vividas-para-ser-empregado-no-brasil\/"},"wordCount":1149,"publisher":{"@id":"https:\/\/aepetba.org.br\/v1\/#organization"},"image":{"@id":"https:\/\/aepetba.org.br\/v1\/entenda-mais-sobre-o-dia-do-trabalhador-e-as-dificuldades-vividas-para-ser-empregado-no-brasil\/#primaryimage"},"thumbnailUrl":"https:\/\/aepetba.org.br\/v1\/wp-content\/uploads\/2022\/04\/Materia-Dia-do-Trabalhador-petroleo-bahia-Aepet-ba.jpg","articleSection":["Destaque","Not\u00edcias"],"inLanguage":"pt-BR"},{"@type":"Person","@id":"https:\/\/aepetba.org.br\/v1\/#\/schema\/person\/3504208f89f3f50e1526867ebb573b88","name":"AEPETBA","image":{"@type":"ImageObject","inLanguage":"pt-BR","@id":"https:\/\/aepetba.org.br\/v1\/#\/schema\/person\/image\/","url":"https:\/\/secure.gravatar.com\/avatar\/3e6e1bf98c38137fc6b937d21e974714?s=96&d=mm&r=g","contentUrl":"https:\/\/secure.gravatar.com\/avatar\/3e6e1bf98c38137fc6b937d21e974714?s=96&d=mm&r=g","caption":"AEPETBA"},"sameAs":["http:\/\/aepetba.org.br\/v1"],"url":"https:\/\/aepetba.org.br\/v1\/author\/lubconsultoria\/"}]}},"_links":{"self":[{"href":"https:\/\/aepetba.org.br\/v1\/wp-json\/wp\/v2\/posts\/38068"}],"collection":[{"href":"https:\/\/aepetba.org.br\/v1\/wp-json\/wp\/v2\/posts"}],"about":[{"href":"https:\/\/aepetba.org.br\/v1\/wp-json\/wp\/v2\/types\/post"}],"author":[{"embeddable":true,"href":"https:\/\/aepetba.org.br\/v1\/wp-json\/wp\/v2\/users\/1"}],"replies":[{"embeddable":true,"href":"https:\/\/aepetba.org.br\/v1\/wp-json\/wp\/v2\/comments?post=38068"}],"version-history":[{"count":2,"href":"https:\/\/aepetba.org.br\/v1\/wp-json\/wp\/v2\/posts\/38068\/revisions"}],"predecessor-version":[{"id":38072,"href":"https:\/\/aepetba.org.br\/v1\/wp-json\/wp\/v2\/posts\/38068\/revisions\/38072"}],"wp:featuredmedia":[{"embeddable":true,"href":"https:\/\/aepetba.org.br\/v1\/wp-json\/wp\/v2\/media\/38069"}],"wp:attachment":[{"href":"https:\/\/aepetba.org.br\/v1\/wp-json\/wp\/v2\/media?parent=38068"}],"wp:term":[{"taxonomy":"category","embeddable":true,"href":"https:\/\/aepetba.org.br\/v1\/wp-json\/wp\/v2\/categories?post=38068"},{"taxonomy":"post_tag","embeddable":true,"href":"https:\/\/aepetba.org.br\/v1\/wp-json\/wp\/v2\/tags?post=38068"}],"curies":[{"name":"wp","href":"https:\/\/api.w.org\/{rel}","templated":true}]}}