{"id":38087,"date":"2022-05-04T13:27:03","date_gmt":"2022-05-04T16:27:03","guid":{"rendered":"https:\/\/aepetba.org.br\/v1\/?p=38087"},"modified":"2022-05-04T13:27:03","modified_gmt":"2022-05-04T16:27:03","slug":"xiii-congresso-da-fnp-aprova-construcao-da-unidade-da-categoria-petroleira","status":"publish","type":"post","link":"https:\/\/aepetba.org.br\/v1\/xiii-congresso-da-fnp-aprova-construcao-da-unidade-da-categoria-petroleira\/","title":{"rendered":"XIII Congresso da FNP aprova constru\u00e7\u00e3o da unidade da categoria petroleira"},"content":{"rendered":"<!--[if lt IE 9]><script>document.createElement('audio');<\/script><![endif]-->\n<audio class=\"wp-audio-shortcode\" id=\"audio-38087-1\" preload=\"none\" style=\"width: 100%;\" controls=\"controls\"><source type=\"audio\/ogg\" src=\"https:\/\/aepetba.org.br\/v1\/wp-content\/uploads\/2022\/05\/XIII-Congresso-da-FNP.ogg?_=1\" \/><a href=\"https:\/\/aepetba.org.br\/v1\/wp-content\/uploads\/2022\/05\/XIII-Congresso-da-FNP.ogg\">https:\/\/aepetba.org.br\/v1\/wp-content\/uploads\/2022\/05\/XIII-Congresso-da-FNP.ogg<\/a><\/audio>\n<p><span style=\"font-weight: 400;\">Ap\u00f3s quatro dias de debates, em Santos, no litoral paulista, os 121 delegados e delegadas do XIII Congresso da Federa\u00e7\u00e3o Nacional dos Petroleiros (FNP), aprovaram no Dia do Trabalhador (01\/05), a constru\u00e7\u00e3o da unidade da categoria petroleira. Foi aprovada uma mesa \u00fanica de negocia\u00e7\u00e3o entre as duas federa\u00e7\u00f5es e a Petrobr\u00e1s, na luta pela recupera\u00e7\u00e3o das perdas do ACT \u2013 Acordo Coletivo de Trabalho e na defesa da estatal p\u00fablica a servi\u00e7o dos brasileiros.<\/span><\/p>\n<p><span style=\"font-weight: 400;\">Na pauta de reivindica\u00e7\u00f5es aprovada est\u00e3o pontos como a luta por aumento real de sal\u00e1rios, volta dos 100% de hora extra troca de turno, rela\u00e7\u00e3o de custeio 90&#215;10 da AMS e retorno dos 13% da margem consignado, volta do adicional de gasoduto na Transpetro e TABG, entre outros pontos. O objetivo ser\u00e1 pautar junto \u00e0 Petrobr\u00e1s a extens\u00e3o do ACT enquanto durarem as negocia\u00e7\u00f5es, para evitar chantagens por parte da empresa.<\/span><\/p>\n<p><span style=\"font-weight: 400;\">O tema da campanha deste ano foi <\/span><b>\u201cCampanha reivindicat\u00f3ria 2022: chegou a hora de reconquistar direitos, Petrobr\u00e1s para os brasileiros\u201d<\/b><span style=\"font-weight: 400;\">, e contou com a participa\u00e7\u00e3o efetiva dos delegados baianos, eleitos em 10\/04, na Plen\u00e1ria final.<\/span><\/p>\n<p><span style=\"font-weight: 400;\">Os delegados, representantes da Bahia, foram: <\/span><b>Ednaldo Sacramento, Germino Borges dos Anjos e Luiz Henrique Amorim.\u00a0<\/b><\/p>\n<p><span style=\"font-weight: 400;\">Tamb\u00e9m foi aprovado que a FNP fa\u00e7a um chamado aos presidenci\u00e1veis a assinarem a carta compromisso <\/span><b>\u201cPetrobr\u00e1s para os Brasileiros\u201d,<\/b><span style=\"font-weight: 400;\"> um programa contendo 10 pontos de defesa da estatal para o povo.<\/span><\/p>\n<p><span style=\"font-weight: 400;\">A carta prop\u00f5e eixos como o retorno a uma Petrobr\u00e1s 100% estatal, fim das privatiza\u00e7\u00f5es e do desinvestimento, fim do PPI e diminui\u00e7\u00e3o geral dos pre\u00e7os dos combust\u00edveis e g\u00e1s de cozinha, recupera\u00e7\u00e3o da capacidade de produ\u00e7\u00e3o das refinarias, dentre outros.<\/span><\/p>\n<p><b>Dentre das reivindica\u00e7\u00f5es, na carta, est\u00e1 inclusa a retomada da RLAM, atualmente Refinaria Mataripe, do grupo Mubadala (Acelen) e de tudo o restante que foi privatizado pela Petrobr\u00e1s.\u00a0<\/b><\/p>\n<p><span style=\"font-weight: 400;\">No domingo, durante o encerramento, os congressistas realizaram um ato em Defesa da Petrobr\u00e1s\u00a0<\/span><\/p>\n<p><b>Veja as propostas aprovadas pela Plen\u00e1ria no XIII Congresso da FNP-<\/b><a href=\"https:\/\/aepetba.org.br\/v1\/2022\/04\/18\/delegacao-da-bahia-presente-no-xiii-congresso-nacional-da-fnp\/\"> <b>https:\/\/aepetba.org.br\/v1\/2022\/04\/18\/delegacao-da-bahia-presente-no-xiii-congresso-nacional-da-fnp\/<\/b><\/a><\/p>\n<p><b>Nova diretoria da FNP eleita no Congresso:<\/b><\/p>\n<p><b>Secretaria Geral<\/b><\/p>\n<p><span style=\"font-weight: 400;\">Adaedson Bezerra da Costa \u2013 LP<\/span><\/p>\n<p><span style=\"font-weight: 400;\">Eduardo Henrique Soares da Costa &#8211; RJ<\/span><\/p>\n<p><b>Secretaria de Administra\u00e7\u00e3o e Finan\u00e7as<\/b><\/p>\n<p><span style=\"font-weight: 400;\">Agnelson Camilo da Silva &#8211; PA\/AM\/MA\/AP<\/span><\/p>\n<p><span style=\"font-weight: 400;\">F\u00e1bio Jos\u00e9 Rodrigues de Mello &#8211; LP<\/span><\/p>\n<p><b>Secretaria de Imprensa e Comunica\u00e7\u00e3o<\/b><\/p>\n<p><span style=\"font-weight: 400;\">Bruno Cesar Saraiva Dantas \u2013 RJ<\/span><\/p>\n<p><span style=\"font-weight: 400;\">Rafael de Paula Prado Alvar\u00e9lli &#8211; SJC<\/span><\/p>\n<p><b>Secretaria de Seguridade, Aposentados e Pol\u00edticas Sociais<\/b><\/p>\n<p><span style=\"font-weight: 400;\">Alealdo Hil\u00e1rio dos Santos &#8211; AL\/SE<\/span><\/p>\n<p><span style=\"font-weight: 400;\">Luiz Carlos Martins de Souza &#8211; RJ<\/span><\/p>\n<p><strong>Secretaria de Pol\u00edtica Sindical e Forma\u00e7\u00e3o<\/strong><\/p>\n<p><span style=\"font-weight: 400;\">Marcos Vinicius Rodriges Dias \u2013 RJ<\/span><\/p>\n<p><span style=\"font-weight: 400;\">Cidiana Masini Bernardo &#8211; SJC<\/span><\/p>\n<p><b>Secretaria De Sa\u00fade, Seguran\u00e7a, Tecnologia e Meio Ambiente<\/b><\/p>\n<p><span style=\"font-weight: 400;\">Marcelo Juvenal Vasco \u2013 LP<\/span><\/p>\n<p><span style=\"font-weight: 400;\">Tiago Amaro Lopes &#8211; RJ<\/span><\/p>\n<p><b>Secretaria de Assuntos Jur\u00eddicos, Institucionais e Terceirizados<\/b><\/p>\n<p><span style=\"font-weight: 400;\">Sidney Santos Melo &#8211; AL\/SE<\/span><\/p>\n<p><span style=\"font-weight: 400;\">M\u00e1rcia Bezerra Leit\u00e3o \u2013 A\/LSE<\/span><\/p>\n<p><b>Secretaria de Rela\u00e7\u00f5es Internacionais e do Setor Privado<\/b><\/p>\n<p><span style=\"font-weight: 400;\">S\u00e9rgio de Oliveira Vieira Paes \u2013 RJ<\/span><\/p>\n<p><span style=\"font-weight: 400;\">Bruno Gomes Terribas &#8211; PA\/AM\/MA\/AP<\/span><\/p>\n<p><b>Suplentes da Diretoria Executiva Nacional<\/b><\/p>\n<p><span style=\"font-weight: 400;\">Jo\u00e3o Paulo Pereira do Nascimento \u2013 RJ<\/span><\/p>\n<p><span style=\"font-weight: 400;\">Pedro Vilas-Boas \u2013 RJ<\/span><\/p>\n<p><span style=\"font-weight: 400;\">Gustavo Baptista Marun \u2013 RJ<\/span><\/p>\n<p><span style=\"font-weight: 400;\">Guilherme Moreira da Silva- RJ<\/span><\/p>\n<p><span style=\"font-weight: 400;\">Moara Paiva Zanetti \u2013 RJ<\/span><\/p>\n<p><span style=\"font-weight: 400;\">Roberto Santos da Silveira \u2013 RJ<\/span><\/p>\n<p><span style=\"font-weight: 400;\">Fab\u00edola M\u00f4nica da Camara Diniz Gon\u00e7alves- RJ<\/span><\/p>\n<p><span style=\"font-weight: 400;\">M\u00e1rcio Andr\u00e9 da Silva \u2013 LP<\/span><\/p>\n<p><span style=\"font-weight: 400;\">Marcelo Silva de Lima \u2013 LP<\/span><\/p>\n<p><span style=\"font-weight: 400;\">Marcelo dos Santos da Silva \u2013 LP<\/span><\/p>\n<p><span style=\"font-weight: 400;\">Fernando Borges da Silva &#8211; AL\/SE<\/span><\/p>\n<p><span style=\"font-weight: 400;\">Jos\u00e9 Luciano Alves &#8211; AL\/SE<\/span><\/p>\n<p><span style=\"font-weight: 400;\">Pedro Messias dos Santos &#8211; AL\/SE<\/span><\/p>\n<p><span style=\"font-weight: 400;\">Lu\u00eds Alberto Gomes Sendretto \u2013 SJC<\/span><\/p>\n<p><span style=\"font-weight: 400;\">Reynaldo Nunes Sant&#8217;ana \u2013 SJC<\/span><\/p>\n<p><span style=\"font-weight: 400;\">Silvio Claudio Ferreira da Silva -PA\/AM\/MA\/AP<\/span><\/p>\n<p><span style=\"font-weight: 400;\">Justiniano Prado De Carvalho &#8211; PA\/AM\/MA\/AP<\/span><\/p>\n<p><strong>Conselho Fiscal<\/strong><\/p>\n<p><span style=\"font-weight: 400;\">Vin\u00edcius Camargo Pereira da Costa \u2013 RJ<\/span><\/p>\n<p><span style=\"font-weight: 400;\">C\u00e9lio Cardoso da Silva \u2013 LP<\/span><\/p>\n<p><span style=\"font-weight: 400;\">Eduardo Amaro dos Santos &#8211; AL\/SE<\/span><\/p>\n<p><span style=\"font-weight: 400;\">Eduardo de Melo Brito \u2013 SJC<\/span><\/p>\n<p><span style=\"font-weight: 400;\">Jaime Jorge Reis da Costa &#8211; PA\/AM\/MA\/AP<\/span><\/p>\n<p><strong>Comiss\u00e3o De \u00c9tica<\/strong><\/p>\n<p><span style=\"font-weight: 400;\">Eduardo Caetano de Azevedo Souza \u2013 RJ<\/span><\/p>\n<p><span style=\"font-weight: 400;\">Gilberto Campos Concei\u00e7\u00e3o \u2013 LP<\/span><\/p>\n<p><span style=\"font-weight: 400;\">Vando Santana Gomes &#8211; AL\/SE<\/span><\/p>\n<p><span style=\"font-weight: 400;\">Samuel Kennup \u2013 SJC<\/span><\/p>\n<p><span style=\"font-weight: 400;\">Tiago Pantoja Lopes &#8211; PA\/AM\/MA\/AP<\/span><\/p>\n<p><i><span style=\"font-weight: 400;\">(Com informa\u00e7\u00f5es da FNP)<\/span><\/i><\/p>\n<p><i><span style=\"font-weight: 400;\">Fotografia FNP<\/span><\/i><\/p>\n","protected":false},"excerpt":{"rendered":"<p>Ap\u00f3s quatro dias de debates, em Santos, no litoral paulista, os 121 delegados e delegadas do XIII Congresso da Federa\u00e7\u00e3o Nacional dos Petroleiros (FNP), aprovaram no Dia do Trabalhador (01\/05), a constru\u00e7\u00e3o da unidade da categoria petroleira. Foi aprovada uma&#8230;<\/p>\n","protected":false},"author":1,"featured_media":38088,"comment_status":"closed","ping_status":"closed","sticky":false,"template":"","format":"standard","meta":[],"categories":[87,10],"tags":[],"yoast_head":"<!-- This site is optimized with the Yoast SEO plugin v19.3 - https:\/\/yoast.com\/wordpress\/plugins\/seo\/ -->\n<title>XIII Congresso da FNP aprova constru\u00e7\u00e3o da unidade da categoria petroleira - AEPET N\u00daCLEO BAHIA<\/title>\n<meta name=\"robots\" content=\"index, follow, max-snippet:-1, max-image-preview:large, max-video-preview:-1\" \/>\n<link rel=\"canonical\" href=\"https:\/\/aepetba.org.br\/v1\/xiii-congresso-da-fnp-aprova-construcao-da-unidade-da-categoria-petroleira\/\" \/>\n<meta property=\"og:locale\" content=\"pt_BR\" \/>\n<meta property=\"og:type\" content=\"article\" \/>\n<meta property=\"og:title\" content=\"XIII Congresso da FNP aprova constru\u00e7\u00e3o da unidade da categoria petroleira - AEPET N\u00daCLEO BAHIA\" \/>\n<meta property=\"og:description\" content=\"Ap\u00f3s quatro dias de debates, em Santos, no litoral paulista, os 121 delegados e delegadas do XIII Congresso da Federa\u00e7\u00e3o Nacional dos Petroleiros (FNP), aprovaram no Dia do Trabalhador (01\/05), a constru\u00e7\u00e3o da unidade da categoria petroleira. Foi aprovada uma...\" \/>\n<meta property=\"og:url\" content=\"https:\/\/aepetba.org.br\/v1\/xiii-congresso-da-fnp-aprova-construcao-da-unidade-da-categoria-petroleira\/\" \/>\n<meta property=\"og:site_name\" content=\"AEPET N\u00daCLEO BAHIA\" \/>\n<meta property=\"article:publisher\" content=\"https:\/\/web.facebook.com\/aepetba\" \/>\n<meta property=\"article:published_time\" content=\"2022-05-04T16:27:03+00:00\" \/>\n<meta property=\"og:image\" content=\"https:\/\/aepetba.org.br\/v1\/wp-content\/uploads\/2022\/05\/Materia-XIII-Congresso-da-FNP-petroleo-bahia-Aepet-ba.jpg\" \/>\n\t<meta property=\"og:image:width\" content=\"1079\" \/>\n\t<meta property=\"og:image:height\" content=\"928\" \/>\n\t<meta property=\"og:image:type\" content=\"image\/jpeg\" \/>\n<meta name=\"author\" content=\"AEPETBA\" \/>\n<meta name=\"twitter:card\" content=\"summary_large_image\" \/>\n<meta name=\"twitter:creator\" content=\"@aepetbahia\" \/>\n<meta name=\"twitter:site\" content=\"@aepetbahia\" \/>\n<meta name=\"twitter:label1\" content=\"Escrito por\" \/>\n\t<meta name=\"twitter:data1\" content=\"AEPETBA\" \/>\n\t<meta name=\"twitter:label2\" content=\"Est. tempo de leitura\" \/>\n\t<meta name=\"twitter:data2\" content=\"4 minutos\" \/>\n<script type=\"application\/ld+json\" class=\"yoast-schema-graph\">{\"@context\":\"https:\/\/schema.org\",\"@graph\":[{\"@type\":\"Organization\",\"@id\":\"https:\/\/aepetba.org.br\/v1\/#organization\",\"name\":\"AEPET N\u00facleo Bahia\",\"url\":\"https:\/\/aepetba.org.br\/v1\/\",\"sameAs\":[\"https:\/\/www.instagram.com\/aepetbahia\/\",\"https:\/\/www.youtube.com\/c\/AEPETBAHIA\",\"https:\/\/web.facebook.com\/aepetba\",\"https:\/\/twitter.com\/aepetbahia\"],\"logo\":{\"@type\":\"ImageObject\",\"inLanguage\":\"pt-BR\",\"@id\":\"https:\/\/aepetba.org.br\/v1\/#\/schema\/logo\/image\/\",\"url\":\"https:\/\/aepetba.org.br\/v1\/wp-content\/uploads\/revslider\/home\/logo-AEPETBA.png\",\"contentUrl\":\"https:\/\/aepetba.org.br\/v1\/wp-content\/uploads\/revslider\/home\/logo-AEPETBA.png\",\"width\":297,\"height\":86,\"caption\":\"AEPET N\u00facleo Bahia\"},\"image\":{\"@id\":\"https:\/\/aepetba.org.br\/v1\/#\/schema\/logo\/image\/\"}},{\"@type\":\"WebSite\",\"@id\":\"https:\/\/aepetba.org.br\/v1\/#website\",\"url\":\"https:\/\/aepetba.org.br\/v1\/\",\"name\":\"AEPET N\u00daCLEO BAHIA\",\"description\":\"Associa\u00e7\u00e3o dos Engenheiros da Petrobr\u00e1s N\u00facleo Bahia Petr\u00f3leo Bahia Salvador Nordeste \",\"publisher\":{\"@id\":\"https:\/\/aepetba.org.br\/v1\/#organization\"},\"potentialAction\":[{\"@type\":\"SearchAction\",\"target\":{\"@type\":\"EntryPoint\",\"urlTemplate\":\"https:\/\/aepetba.org.br\/v1\/?s={search_term_string}\"},\"query-input\":\"required name=search_term_string\"}],\"inLanguage\":\"pt-BR\"},{\"@type\":\"ImageObject\",\"inLanguage\":\"pt-BR\",\"@id\":\"https:\/\/aepetba.org.br\/v1\/xiii-congresso-da-fnp-aprova-construcao-da-unidade-da-categoria-petroleira\/#primaryimage\",\"url\":\"https:\/\/aepetba.org.br\/v1\/wp-content\/uploads\/2022\/05\/Materia-XIII-Congresso-da-FNP-petroleo-bahia-Aepet-ba.jpg\",\"contentUrl\":\"https:\/\/aepetba.org.br\/v1\/wp-content\/uploads\/2022\/05\/Materia-XIII-Congresso-da-FNP-petroleo-bahia-Aepet-ba.jpg\",\"width\":1079,\"height\":928},{\"@type\":\"WebPage\",\"@id\":\"https:\/\/aepetba.org.br\/v1\/xiii-congresso-da-fnp-aprova-construcao-da-unidade-da-categoria-petroleira\/\",\"url\":\"https:\/\/aepetba.org.br\/v1\/xiii-congresso-da-fnp-aprova-construcao-da-unidade-da-categoria-petroleira\/\",\"name\":\"XIII Congresso da FNP aprova constru\u00e7\u00e3o da unidade da categoria petroleira - AEPET N\u00daCLEO BAHIA\",\"isPartOf\":{\"@id\":\"https:\/\/aepetba.org.br\/v1\/#website\"},\"primaryImageOfPage\":{\"@id\":\"https:\/\/aepetba.org.br\/v1\/xiii-congresso-da-fnp-aprova-construcao-da-unidade-da-categoria-petroleira\/#primaryimage\"},\"datePublished\":\"2022-05-04T16:27:03+00:00\",\"dateModified\":\"2022-05-04T16:27:03+00:00\",\"breadcrumb\":{\"@id\":\"https:\/\/aepetba.org.br\/v1\/xiii-congresso-da-fnp-aprova-construcao-da-unidade-da-categoria-petroleira\/#breadcrumb\"},\"inLanguage\":\"pt-BR\",\"potentialAction\":[{\"@type\":\"ReadAction\",\"target\":[\"https:\/\/aepetba.org.br\/v1\/xiii-congresso-da-fnp-aprova-construcao-da-unidade-da-categoria-petroleira\/\"]}]},{\"@type\":\"BreadcrumbList\",\"@id\":\"https:\/\/aepetba.org.br\/v1\/xiii-congresso-da-fnp-aprova-construcao-da-unidade-da-categoria-petroleira\/#breadcrumb\",\"itemListElement\":[{\"@type\":\"ListItem\",\"position\":1,\"name\":\"In\u00edcio\",\"item\":\"https:\/\/aepetba.org.br\/v1\/\"},{\"@type\":\"ListItem\",\"position\":2,\"name\":\"XIII Congresso da FNP aprova constru\u00e7\u00e3o da unidade da categoria petroleira\"}]},{\"@type\":\"Article\",\"@id\":\"https:\/\/aepetba.org.br\/v1\/xiii-congresso-da-fnp-aprova-construcao-da-unidade-da-categoria-petroleira\/#article\",\"isPartOf\":{\"@id\":\"https:\/\/aepetba.org.br\/v1\/xiii-congresso-da-fnp-aprova-construcao-da-unidade-da-categoria-petroleira\/\"},\"author\":{\"name\":\"AEPETBA\",\"@id\":\"https:\/\/aepetba.org.br\/v1\/#\/schema\/person\/3504208f89f3f50e1526867ebb573b88\"},\"headline\":\"XIII Congresso da FNP aprova constru\u00e7\u00e3o da unidade da categoria petroleira\",\"datePublished\":\"2022-05-04T16:27:03+00:00\",\"dateModified\":\"2022-05-04T16:27:03+00:00\",\"mainEntityOfPage\":{\"@id\":\"https:\/\/aepetba.org.br\/v1\/xiii-congresso-da-fnp-aprova-construcao-da-unidade-da-categoria-petroleira\/\"},\"wordCount\":732,\"publisher\":{\"@id\":\"https:\/\/aepetba.org.br\/v1\/#organization\"},\"image\":{\"@id\":\"https:\/\/aepetba.org.br\/v1\/xiii-congresso-da-fnp-aprova-construcao-da-unidade-da-categoria-petroleira\/#primaryimage\"},\"thumbnailUrl\":\"https:\/\/aepetba.org.br\/v1\/wp-content\/uploads\/2022\/05\/Materia-XIII-Congresso-da-FNP-petroleo-bahia-Aepet-ba.jpg\",\"articleSection\":[\"Destaque\",\"Not\u00edcias\"],\"inLanguage\":\"pt-BR\"},{\"@type\":\"Person\",\"@id\":\"https:\/\/aepetba.org.br\/v1\/#\/schema\/person\/3504208f89f3f50e1526867ebb573b88\",\"name\":\"AEPETBA\",\"image\":{\"@type\":\"ImageObject\",\"inLanguage\":\"pt-BR\",\"@id\":\"https:\/\/aepetba.org.br\/v1\/#\/schema\/person\/image\/\",\"url\":\"https:\/\/secure.gravatar.com\/avatar\/3e6e1bf98c38137fc6b937d21e974714?s=96&d=mm&r=g\",\"contentUrl\":\"https:\/\/secure.gravatar.com\/avatar\/3e6e1bf98c38137fc6b937d21e974714?s=96&d=mm&r=g\",\"caption\":\"AEPETBA\"},\"sameAs\":[\"http:\/\/aepetba.org.br\/v1\"],\"url\":\"https:\/\/aepetba.org.br\/v1\/author\/lubconsultoria\/\"}]}<\/script>\n<!-- \/ Yoast SEO plugin. -->","yoast_head_json":{"title":"XIII Congresso da FNP aprova constru\u00e7\u00e3o da unidade da categoria petroleira - AEPET N\u00daCLEO BAHIA","robots":{"index":"index","follow":"follow","max-snippet":"max-snippet:-1","max-image-preview":"max-image-preview:large","max-video-preview":"max-video-preview:-1"},"canonical":"https:\/\/aepetba.org.br\/v1\/xiii-congresso-da-fnp-aprova-construcao-da-unidade-da-categoria-petroleira\/","og_locale":"pt_BR","og_type":"article","og_title":"XIII Congresso da FNP aprova constru\u00e7\u00e3o da unidade da categoria petroleira - AEPET N\u00daCLEO BAHIA","og_description":"Ap\u00f3s quatro dias de debates, em Santos, no litoral paulista, os 121 delegados e delegadas do XIII Congresso da Federa\u00e7\u00e3o Nacional dos Petroleiros (FNP), aprovaram no Dia do Trabalhador (01\/05), a constru\u00e7\u00e3o da unidade da categoria petroleira. Foi aprovada uma...","og_url":"https:\/\/aepetba.org.br\/v1\/xiii-congresso-da-fnp-aprova-construcao-da-unidade-da-categoria-petroleira\/","og_site_name":"AEPET N\u00daCLEO BAHIA","article_publisher":"https:\/\/web.facebook.com\/aepetba","article_published_time":"2022-05-04T16:27:03+00:00","og_image":[{"width":1079,"height":928,"url":"https:\/\/aepetba.org.br\/v1\/wp-content\/uploads\/2022\/05\/Materia-XIII-Congresso-da-FNP-petroleo-bahia-Aepet-ba.jpg","type":"image\/jpeg"}],"author":"AEPETBA","twitter_card":"summary_large_image","twitter_creator":"@aepetbahia","twitter_site":"@aepetbahia","twitter_misc":{"Escrito por":"AEPETBA","Est. tempo de leitura":"4 minutos"},"schema":{"@context":"https:\/\/schema.org","@graph":[{"@type":"Organization","@id":"https:\/\/aepetba.org.br\/v1\/#organization","name":"AEPET N\u00facleo Bahia","url":"https:\/\/aepetba.org.br\/v1\/","sameAs":["https:\/\/www.instagram.com\/aepetbahia\/","https:\/\/www.youtube.com\/c\/AEPETBAHIA","https:\/\/web.facebook.com\/aepetba","https:\/\/twitter.com\/aepetbahia"],"logo":{"@type":"ImageObject","inLanguage":"pt-BR","@id":"https:\/\/aepetba.org.br\/v1\/#\/schema\/logo\/image\/","url":"https:\/\/aepetba.org.br\/v1\/wp-content\/uploads\/revslider\/home\/logo-AEPETBA.png","contentUrl":"https:\/\/aepetba.org.br\/v1\/wp-content\/uploads\/revslider\/home\/logo-AEPETBA.png","width":297,"height":86,"caption":"AEPET N\u00facleo Bahia"},"image":{"@id":"https:\/\/aepetba.org.br\/v1\/#\/schema\/logo\/image\/"}},{"@type":"WebSite","@id":"https:\/\/aepetba.org.br\/v1\/#website","url":"https:\/\/aepetba.org.br\/v1\/","name":"AEPET N\u00daCLEO BAHIA","description":"Associa\u00e7\u00e3o dos Engenheiros da Petrobr\u00e1s N\u00facleo Bahia Petr\u00f3leo Bahia Salvador Nordeste ","publisher":{"@id":"https:\/\/aepetba.org.br\/v1\/#organization"},"potentialAction":[{"@type":"SearchAction","target":{"@type":"EntryPoint","urlTemplate":"https:\/\/aepetba.org.br\/v1\/?s={search_term_string}"},"query-input":"required name=search_term_string"}],"inLanguage":"pt-BR"},{"@type":"ImageObject","inLanguage":"pt-BR","@id":"https:\/\/aepetba.org.br\/v1\/xiii-congresso-da-fnp-aprova-construcao-da-unidade-da-categoria-petroleira\/#primaryimage","url":"https:\/\/aepetba.org.br\/v1\/wp-content\/uploads\/2022\/05\/Materia-XIII-Congresso-da-FNP-petroleo-bahia-Aepet-ba.jpg","contentUrl":"https:\/\/aepetba.org.br\/v1\/wp-content\/uploads\/2022\/05\/Materia-XIII-Congresso-da-FNP-petroleo-bahia-Aepet-ba.jpg","width":1079,"height":928},{"@type":"WebPage","@id":"https:\/\/aepetba.org.br\/v1\/xiii-congresso-da-fnp-aprova-construcao-da-unidade-da-categoria-petroleira\/","url":"https:\/\/aepetba.org.br\/v1\/xiii-congresso-da-fnp-aprova-construcao-da-unidade-da-categoria-petroleira\/","name":"XIII Congresso da FNP aprova constru\u00e7\u00e3o da unidade da categoria petroleira - AEPET N\u00daCLEO BAHIA","isPartOf":{"@id":"https:\/\/aepetba.org.br\/v1\/#website"},"primaryImageOfPage":{"@id":"https:\/\/aepetba.org.br\/v1\/xiii-congresso-da-fnp-aprova-construcao-da-unidade-da-categoria-petroleira\/#primaryimage"},"datePublished":"2022-05-04T16:27:03+00:00","dateModified":"2022-05-04T16:27:03+00:00","breadcrumb":{"@id":"https:\/\/aepetba.org.br\/v1\/xiii-congresso-da-fnp-aprova-construcao-da-unidade-da-categoria-petroleira\/#breadcrumb"},"inLanguage":"pt-BR","potentialAction":[{"@type":"ReadAction","target":["https:\/\/aepetba.org.br\/v1\/xiii-congresso-da-fnp-aprova-construcao-da-unidade-da-categoria-petroleira\/"]}]},{"@type":"BreadcrumbList","@id":"https:\/\/aepetba.org.br\/v1\/xiii-congresso-da-fnp-aprova-construcao-da-unidade-da-categoria-petroleira\/#breadcrumb","itemListElement":[{"@type":"ListItem","position":1,"name":"In\u00edcio","item":"https:\/\/aepetba.org.br\/v1\/"},{"@type":"ListItem","position":2,"name":"XIII Congresso da FNP aprova constru\u00e7\u00e3o da unidade da categoria petroleira"}]},{"@type":"Article","@id":"https:\/\/aepetba.org.br\/v1\/xiii-congresso-da-fnp-aprova-construcao-da-unidade-da-categoria-petroleira\/#article","isPartOf":{"@id":"https:\/\/aepetba.org.br\/v1\/xiii-congresso-da-fnp-aprova-construcao-da-unidade-da-categoria-petroleira\/"},"author":{"name":"AEPETBA","@id":"https:\/\/aepetba.org.br\/v1\/#\/schema\/person\/3504208f89f3f50e1526867ebb573b88"},"headline":"XIII Congresso da FNP aprova constru\u00e7\u00e3o da unidade da categoria petroleira","datePublished":"2022-05-04T16:27:03+00:00","dateModified":"2022-05-04T16:27:03+00:00","mainEntityOfPage":{"@id":"https:\/\/aepetba.org.br\/v1\/xiii-congresso-da-fnp-aprova-construcao-da-unidade-da-categoria-petroleira\/"},"wordCount":732,"publisher":{"@id":"https:\/\/aepetba.org.br\/v1\/#organization"},"image":{"@id":"https:\/\/aepetba.org.br\/v1\/xiii-congresso-da-fnp-aprova-construcao-da-unidade-da-categoria-petroleira\/#primaryimage"},"thumbnailUrl":"https:\/\/aepetba.org.br\/v1\/wp-content\/uploads\/2022\/05\/Materia-XIII-Congresso-da-FNP-petroleo-bahia-Aepet-ba.jpg","articleSection":["Destaque","Not\u00edcias"],"inLanguage":"pt-BR"},{"@type":"Person","@id":"https:\/\/aepetba.org.br\/v1\/#\/schema\/person\/3504208f89f3f50e1526867ebb573b88","name":"AEPETBA","image":{"@type":"ImageObject","inLanguage":"pt-BR","@id":"https:\/\/aepetba.org.br\/v1\/#\/schema\/person\/image\/","url":"https:\/\/secure.gravatar.com\/avatar\/3e6e1bf98c38137fc6b937d21e974714?s=96&d=mm&r=g","contentUrl":"https:\/\/secure.gravatar.com\/avatar\/3e6e1bf98c38137fc6b937d21e974714?s=96&d=mm&r=g","caption":"AEPETBA"},"sameAs":["http:\/\/aepetba.org.br\/v1"],"url":"https:\/\/aepetba.org.br\/v1\/author\/lubconsultoria\/"}]}},"_links":{"self":[{"href":"https:\/\/aepetba.org.br\/v1\/wp-json\/wp\/v2\/posts\/38087"}],"collection":[{"href":"https:\/\/aepetba.org.br\/v1\/wp-json\/wp\/v2\/posts"}],"about":[{"href":"https:\/\/aepetba.org.br\/v1\/wp-json\/wp\/v2\/types\/post"}],"author":[{"embeddable":true,"href":"https:\/\/aepetba.org.br\/v1\/wp-json\/wp\/v2\/users\/1"}],"replies":[{"embeddable":true,"href":"https:\/\/aepetba.org.br\/v1\/wp-json\/wp\/v2\/comments?post=38087"}],"version-history":[{"count":1,"href":"https:\/\/aepetba.org.br\/v1\/wp-json\/wp\/v2\/posts\/38087\/revisions"}],"predecessor-version":[{"id":38090,"href":"https:\/\/aepetba.org.br\/v1\/wp-json\/wp\/v2\/posts\/38087\/revisions\/38090"}],"wp:featuredmedia":[{"embeddable":true,"href":"https:\/\/aepetba.org.br\/v1\/wp-json\/wp\/v2\/media\/38088"}],"wp:attachment":[{"href":"https:\/\/aepetba.org.br\/v1\/wp-json\/wp\/v2\/media?parent=38087"}],"wp:term":[{"taxonomy":"category","embeddable":true,"href":"https:\/\/aepetba.org.br\/v1\/wp-json\/wp\/v2\/categories?post=38087"},{"taxonomy":"post_tag","embeddable":true,"href":"https:\/\/aepetba.org.br\/v1\/wp-json\/wp\/v2\/tags?post=38087"}],"curies":[{"name":"wp","href":"https:\/\/api.w.org\/{rel}","templated":true}]}}