{"id":38133,"date":"2022-05-12T10:59:04","date_gmt":"2022-05-12T13:59:04","guid":{"rendered":"https:\/\/aepetba.org.br\/v1\/?p=38133"},"modified":"2022-05-13T09:27:57","modified_gmt":"2022-05-13T12:27:57","slug":"para-se-eximir-da-responsabilidade-bolsonaro-encena-insatisfacao-com-politica-de-precos-dos-combustiveis-e-troca-ate-ministro","status":"publish","type":"post","link":"https:\/\/aepetba.org.br\/v1\/para-se-eximir-da-responsabilidade-bolsonaro-encena-insatisfacao-com-politica-de-precos-dos-combustiveis-e-troca-ate-ministro\/","title":{"rendered":"Para se eximir da responsabilidade, Bolsonaro encena insatisfa\u00e7\u00e3o com pol\u00edtica de pre\u00e7os dos combust\u00edveis e troca at\u00e9 ministro"},"content":{"rendered":"<!--[if lt IE 9]><script>document.createElement('audio');<\/script><![endif]-->\n<audio class=\"wp-audio-shortcode\" id=\"audio-38133-1\" preload=\"none\" style=\"width: 100%;\" controls=\"controls\"><source type=\"audio\/ogg\" src=\"https:\/\/aepetba.org.br\/v1\/wp-content\/uploads\/2022\/05\/Rosangela-Buzanelli-fala-sobre-atitudes-de-Bolsonaro.ogg?_=1\" \/><a href=\"https:\/\/aepetba.org.br\/v1\/wp-content\/uploads\/2022\/05\/Rosangela-Buzanelli-fala-sobre-atitudes-de-Bolsonaro.ogg\">https:\/\/aepetba.org.br\/v1\/wp-content\/uploads\/2022\/05\/Rosangela-Buzanelli-fala-sobre-atitudes-de-Bolsonaro.ogg<\/a><\/audio>\n<p>No seu blog, a conselheira eleita pelos trabalhadores petroleiros, Rosangela Buzanelli, alerta para a farsa montada por Bolsonaro, que troca at\u00e9 ministro para \u201cjogar a popula\u00e7\u00e3o contra a Petrobr\u00e1s\u201d. Leia a seguir, a nota divulgada ontem (11\/05):<\/p>\n<p>Em mais uma cr\u00edtica rotineira, o presidente da Rep\u00fablica encena sua insatisfa\u00e7\u00e3o com a pol\u00edtica de pre\u00e7os dos combust\u00edveis, como se n\u00e3o fosse o respons\u00e1vel final por ela. Seus discursos t\u00eam alvos bem espec\u00edficos: terceirizar a responsabilidade que \u00e9 sua, agradar sua fiel claquete e eleitorado e, de lambuja, jogar a popula\u00e7\u00e3o contra a Petrobr\u00e1s.<\/p>\n<p>Ap\u00f3s recente troca do presidente da empresa, hoje acordamos como um novo ministro das Minas e Energia, que teria sido substitu\u00eddo, segundo a imprensa, por fazer cr\u00edticas \u00e0 pol\u00edtica de pre\u00e7os da Petrobr\u00e1s. Mas a troca de hoje resolver\u00e1 a escalada de pre\u00e7os dos combust\u00edveis? J\u00e1 sabemos a resposta.<\/p>\n<p>Mantida a pol\u00edtica de desmonte e privatiza\u00e7\u00e3o fatiada da Petrobr\u00e1s, com destaque para a \u00e1rea de refino, o descontrole e aumento de pre\u00e7os continuar\u00e3o, como j\u00e1 fartamente alertado por n\u00f3s, comprovado com a privatiza\u00e7\u00e3o da RLAM na Bahia e recentemente constatado em estudo do TCU (<a href=\"https:\/\/epbr.com.br\/privatizacao-de-refinarias-pode-encarecer-combustiveis-conclui-tcu\/\" target=\"_blank\" rel=\"noopener\">https:\/\/epbr.com.br\/privatizacao-de-refinarias-pode-encarecer-combustiveis-conclui-tcu\/<\/a>).<\/p>\n<p>Mantida tamb\u00e9m a pol\u00edtica de dolariza\u00e7\u00e3o do pre\u00e7o dos combust\u00edveis, atrav\u00e9s do PPI (Pre\u00e7o de Paridade de Importa\u00e7\u00e3o), que ele, presidente do pa\u00eds e representante da Uni\u00e3o no controle acion\u00e1rio da Petrobr\u00e1s, n\u00e3o modifica, continuaremos ref\u00e9ns das instabilidades do setor.<\/p>\n<p>Subs\u00eddios, fundos de amortecimento etc., s\u00e3o, de fato, uma outra forma de transfer\u00eancia de verbas p\u00fablicas para o setor privado e de garantir seus alt\u00edssimos dividendos. A solu\u00e7\u00e3o depende da decis\u00e3o pol\u00edtica de abandonar a dolariza\u00e7\u00e3o do pre\u00e7o do petr\u00f3leo, g\u00e1s e derivados, praticando um pre\u00e7o justo para a popula\u00e7\u00e3o, o pa\u00eds, a Petrobr\u00e1s e ainda remunerar seus acionistas. \u00c9 poss\u00edvel? Certamente que sim. J\u00e1 foi poss\u00edvel at\u00e9 2016 e isso n\u00e3o quebrou a Petrobr\u00e1s, diferentemente do que propalam nas m\u00eddias. Mas isso \u00e9 mat\u00e9ria para outra conversa.<\/p>\n<p>A solu\u00e7\u00e3o \u00e9 resgatar a Petrobr\u00e1s para o Brasil e o povo brasileiro, que foi quem a criou e engrandeceu at\u00e9 aqui, superando desafios e obst\u00e1culos ao longo de sua brilhante hist\u00f3ria.<\/p>\n<p>O resto \u00e9 ret\u00f3rica.<\/p>\n<p>&nbsp;<\/p>\n<p><em>Fonte: Blog Rozangela Buzanelli <a href=\"https:\/\/rosangelabuzanelli.com.br\/para-se-eximir-da-responsabilidade-bolsonaro-encena-insatisfacao-com-politica-de-precos-dos-combustiveis-e-troca-ate-ministro\/\" target=\"_blank\" rel=\"noopener\">https:\/\/rosangelabuzanelli.com.br\/para-se-eximir-da-responsabilidade-bolsonaro-encena-insatisfacao-com-politica-de-precos-dos-combustiveis-e-troca-ate-ministro\/<\/a><\/em><\/p>\n","protected":false},"excerpt":{"rendered":"<p>No seu blog, a conselheira eleita pelos trabalhadores petroleiros, Rosangela Buzanelli, alerta para a farsa montada por Bolsonaro, que troca at\u00e9 ministro para \u201cjogar a popula\u00e7\u00e3o contra a Petrobr\u00e1s\u201d. Leia a seguir, a nota divulgada ontem (11\/05): Em mais uma&#8230;<\/p>\n","protected":false},"author":1,"featured_media":38134,"comment_status":"closed","ping_status":"closed","sticky":false,"template":"","format":"standard","meta":[],"categories":[87,10],"tags":[],"yoast_head":"<!-- This site is optimized with the Yoast SEO plugin v19.3 - https:\/\/yoast.com\/wordpress\/plugins\/seo\/ -->\n<title>Para se eximir da responsabilidade, Bolsonaro encena insatisfa\u00e7\u00e3o com pol\u00edtica de pre\u00e7os dos combust\u00edveis e troca at\u00e9 ministro - AEPET N\u00daCLEO BAHIA<\/title>\n<meta name=\"robots\" content=\"index, follow, max-snippet:-1, max-image-preview:large, max-video-preview:-1\" \/>\n<link rel=\"canonical\" href=\"https:\/\/aepetba.org.br\/v1\/para-se-eximir-da-responsabilidade-bolsonaro-encena-insatisfacao-com-politica-de-precos-dos-combustiveis-e-troca-ate-ministro\/\" \/>\n<meta property=\"og:locale\" content=\"pt_BR\" \/>\n<meta property=\"og:type\" content=\"article\" \/>\n<meta property=\"og:title\" content=\"Para se eximir da responsabilidade, Bolsonaro encena insatisfa\u00e7\u00e3o com pol\u00edtica de pre\u00e7os dos combust\u00edveis e troca at\u00e9 ministro - AEPET N\u00daCLEO BAHIA\" \/>\n<meta property=\"og:description\" content=\"No seu blog, a conselheira eleita pelos trabalhadores petroleiros, Rosangela Buzanelli, alerta para a farsa montada por Bolsonaro, que troca at\u00e9 ministro para \u201cjogar a popula\u00e7\u00e3o contra a Petrobr\u00e1s\u201d. Leia a seguir, a nota divulgada ontem (11\/05): Em mais uma...\" \/>\n<meta property=\"og:url\" content=\"https:\/\/aepetba.org.br\/v1\/para-se-eximir-da-responsabilidade-bolsonaro-encena-insatisfacao-com-politica-de-precos-dos-combustiveis-e-troca-ate-ministro\/\" \/>\n<meta property=\"og:site_name\" content=\"AEPET N\u00daCLEO BAHIA\" \/>\n<meta property=\"article:publisher\" content=\"https:\/\/web.facebook.com\/aepetba\" \/>\n<meta property=\"article:published_time\" content=\"2022-05-12T13:59:04+00:00\" \/>\n<meta property=\"article:modified_time\" content=\"2022-05-13T12:27:57+00:00\" \/>\n<meta property=\"og:image\" content=\"https:\/\/aepetba.org.br\/v1\/wp-content\/uploads\/2022\/05\/politica-de-preco-petrobras-rosangela-buzanelli-1024x1024.png\" \/>\n\t<meta property=\"og:image:width\" content=\"1024\" \/>\n\t<meta property=\"og:image:height\" content=\"1024\" \/>\n\t<meta property=\"og:image:type\" content=\"image\/png\" \/>\n<meta name=\"author\" content=\"AEPETBA\" \/>\n<meta name=\"twitter:card\" content=\"summary_large_image\" \/>\n<meta name=\"twitter:creator\" content=\"@aepetbahia\" \/>\n<meta name=\"twitter:site\" content=\"@aepetbahia\" \/>\n<meta name=\"twitter:label1\" content=\"Escrito por\" \/>\n\t<meta name=\"twitter:data1\" content=\"AEPETBA\" \/>\n\t<meta name=\"twitter:label2\" content=\"Est. tempo de leitura\" \/>\n\t<meta name=\"twitter:data2\" content=\"2 minutos\" \/>\n<script type=\"application\/ld+json\" class=\"yoast-schema-graph\">{\"@context\":\"https:\/\/schema.org\",\"@graph\":[{\"@type\":\"Organization\",\"@id\":\"https:\/\/aepetba.org.br\/v1\/#organization\",\"name\":\"AEPET N\u00facleo Bahia\",\"url\":\"https:\/\/aepetba.org.br\/v1\/\",\"sameAs\":[\"https:\/\/www.instagram.com\/aepetbahia\/\",\"https:\/\/www.youtube.com\/c\/AEPETBAHIA\",\"https:\/\/web.facebook.com\/aepetba\",\"https:\/\/twitter.com\/aepetbahia\"],\"logo\":{\"@type\":\"ImageObject\",\"inLanguage\":\"pt-BR\",\"@id\":\"https:\/\/aepetba.org.br\/v1\/#\/schema\/logo\/image\/\",\"url\":\"https:\/\/aepetba.org.br\/v1\/wp-content\/uploads\/revslider\/home\/logo-AEPETBA.png\",\"contentUrl\":\"https:\/\/aepetba.org.br\/v1\/wp-content\/uploads\/revslider\/home\/logo-AEPETBA.png\",\"width\":297,\"height\":86,\"caption\":\"AEPET N\u00facleo Bahia\"},\"image\":{\"@id\":\"https:\/\/aepetba.org.br\/v1\/#\/schema\/logo\/image\/\"}},{\"@type\":\"WebSite\",\"@id\":\"https:\/\/aepetba.org.br\/v1\/#website\",\"url\":\"https:\/\/aepetba.org.br\/v1\/\",\"name\":\"AEPET N\u00daCLEO BAHIA\",\"description\":\"Associa\u00e7\u00e3o dos Engenheiros da Petrobr\u00e1s N\u00facleo Bahia Petr\u00f3leo Bahia Salvador Nordeste \",\"publisher\":{\"@id\":\"https:\/\/aepetba.org.br\/v1\/#organization\"},\"potentialAction\":[{\"@type\":\"SearchAction\",\"target\":{\"@type\":\"EntryPoint\",\"urlTemplate\":\"https:\/\/aepetba.org.br\/v1\/?s={search_term_string}\"},\"query-input\":\"required name=search_term_string\"}],\"inLanguage\":\"pt-BR\"},{\"@type\":\"ImageObject\",\"inLanguage\":\"pt-BR\",\"@id\":\"https:\/\/aepetba.org.br\/v1\/para-se-eximir-da-responsabilidade-bolsonaro-encena-insatisfacao-com-politica-de-precos-dos-combustiveis-e-troca-ate-ministro\/#primaryimage\",\"url\":\"https:\/\/aepetba.org.br\/v1\/wp-content\/uploads\/2022\/05\/politica-de-preco-petrobras-rosangela-buzanelli.png\",\"contentUrl\":\"https:\/\/aepetba.org.br\/v1\/wp-content\/uploads\/2022\/05\/politica-de-preco-petrobras-rosangela-buzanelli.png\",\"width\":1920,\"height\":1920},{\"@type\":\"WebPage\",\"@id\":\"https:\/\/aepetba.org.br\/v1\/para-se-eximir-da-responsabilidade-bolsonaro-encena-insatisfacao-com-politica-de-precos-dos-combustiveis-e-troca-ate-ministro\/\",\"url\":\"https:\/\/aepetba.org.br\/v1\/para-se-eximir-da-responsabilidade-bolsonaro-encena-insatisfacao-com-politica-de-precos-dos-combustiveis-e-troca-ate-ministro\/\",\"name\":\"Para se eximir da responsabilidade, Bolsonaro encena insatisfa\u00e7\u00e3o com pol\u00edtica de pre\u00e7os dos combust\u00edveis e troca at\u00e9 ministro - AEPET N\u00daCLEO BAHIA\",\"isPartOf\":{\"@id\":\"https:\/\/aepetba.org.br\/v1\/#website\"},\"primaryImageOfPage\":{\"@id\":\"https:\/\/aepetba.org.br\/v1\/para-se-eximir-da-responsabilidade-bolsonaro-encena-insatisfacao-com-politica-de-precos-dos-combustiveis-e-troca-ate-ministro\/#primaryimage\"},\"datePublished\":\"2022-05-12T13:59:04+00:00\",\"dateModified\":\"2022-05-13T12:27:57+00:00\",\"breadcrumb\":{\"@id\":\"https:\/\/aepetba.org.br\/v1\/para-se-eximir-da-responsabilidade-bolsonaro-encena-insatisfacao-com-politica-de-precos-dos-combustiveis-e-troca-ate-ministro\/#breadcrumb\"},\"inLanguage\":\"pt-BR\",\"potentialAction\":[{\"@type\":\"ReadAction\",\"target\":[\"https:\/\/aepetba.org.br\/v1\/para-se-eximir-da-responsabilidade-bolsonaro-encena-insatisfacao-com-politica-de-precos-dos-combustiveis-e-troca-ate-ministro\/\"]}]},{\"@type\":\"BreadcrumbList\",\"@id\":\"https:\/\/aepetba.org.br\/v1\/para-se-eximir-da-responsabilidade-bolsonaro-encena-insatisfacao-com-politica-de-precos-dos-combustiveis-e-troca-ate-ministro\/#breadcrumb\",\"itemListElement\":[{\"@type\":\"ListItem\",\"position\":1,\"name\":\"In\u00edcio\",\"item\":\"https:\/\/aepetba.org.br\/v1\/\"},{\"@type\":\"ListItem\",\"position\":2,\"name\":\"Para se eximir da responsabilidade, Bolsonaro encena insatisfa\u00e7\u00e3o com pol\u00edtica de pre\u00e7os dos combust\u00edveis e troca at\u00e9 ministro\"}]},{\"@type\":\"Article\",\"@id\":\"https:\/\/aepetba.org.br\/v1\/para-se-eximir-da-responsabilidade-bolsonaro-encena-insatisfacao-com-politica-de-precos-dos-combustiveis-e-troca-ate-ministro\/#article\",\"isPartOf\":{\"@id\":\"https:\/\/aepetba.org.br\/v1\/para-se-eximir-da-responsabilidade-bolsonaro-encena-insatisfacao-com-politica-de-precos-dos-combustiveis-e-troca-ate-ministro\/\"},\"author\":{\"name\":\"AEPETBA\",\"@id\":\"https:\/\/aepetba.org.br\/v1\/#\/schema\/person\/3504208f89f3f50e1526867ebb573b88\"},\"headline\":\"Para se eximir da responsabilidade, Bolsonaro encena insatisfa\u00e7\u00e3o com pol\u00edtica de pre\u00e7os dos combust\u00edveis e troca at\u00e9 ministro\",\"datePublished\":\"2022-05-12T13:59:04+00:00\",\"dateModified\":\"2022-05-13T12:27:57+00:00\",\"mainEntityOfPage\":{\"@id\":\"https:\/\/aepetba.org.br\/v1\/para-se-eximir-da-responsabilidade-bolsonaro-encena-insatisfacao-com-politica-de-precos-dos-combustiveis-e-troca-ate-ministro\/\"},\"wordCount\":461,\"publisher\":{\"@id\":\"https:\/\/aepetba.org.br\/v1\/#organization\"},\"image\":{\"@id\":\"https:\/\/aepetba.org.br\/v1\/para-se-eximir-da-responsabilidade-bolsonaro-encena-insatisfacao-com-politica-de-precos-dos-combustiveis-e-troca-ate-ministro\/#primaryimage\"},\"thumbnailUrl\":\"https:\/\/aepetba.org.br\/v1\/wp-content\/uploads\/2022\/05\/politica-de-preco-petrobras-rosangela-buzanelli.png\",\"articleSection\":[\"Destaque\",\"Not\u00edcias\"],\"inLanguage\":\"pt-BR\"},{\"@type\":\"Person\",\"@id\":\"https:\/\/aepetba.org.br\/v1\/#\/schema\/person\/3504208f89f3f50e1526867ebb573b88\",\"name\":\"AEPETBA\",\"image\":{\"@type\":\"ImageObject\",\"inLanguage\":\"pt-BR\",\"@id\":\"https:\/\/aepetba.org.br\/v1\/#\/schema\/person\/image\/\",\"url\":\"https:\/\/secure.gravatar.com\/avatar\/3e6e1bf98c38137fc6b937d21e974714?s=96&d=mm&r=g\",\"contentUrl\":\"https:\/\/secure.gravatar.com\/avatar\/3e6e1bf98c38137fc6b937d21e974714?s=96&d=mm&r=g\",\"caption\":\"AEPETBA\"},\"sameAs\":[\"http:\/\/aepetba.org.br\/v1\"],\"url\":\"https:\/\/aepetba.org.br\/v1\/author\/lubconsultoria\/\"}]}<\/script>\n<!-- \/ Yoast SEO plugin. -->","yoast_head_json":{"title":"Para se eximir da responsabilidade, Bolsonaro encena insatisfa\u00e7\u00e3o com pol\u00edtica de pre\u00e7os dos combust\u00edveis e troca at\u00e9 ministro - AEPET N\u00daCLEO BAHIA","robots":{"index":"index","follow":"follow","max-snippet":"max-snippet:-1","max-image-preview":"max-image-preview:large","max-video-preview":"max-video-preview:-1"},"canonical":"https:\/\/aepetba.org.br\/v1\/para-se-eximir-da-responsabilidade-bolsonaro-encena-insatisfacao-com-politica-de-precos-dos-combustiveis-e-troca-ate-ministro\/","og_locale":"pt_BR","og_type":"article","og_title":"Para se eximir da responsabilidade, Bolsonaro encena insatisfa\u00e7\u00e3o com pol\u00edtica de pre\u00e7os dos combust\u00edveis e troca at\u00e9 ministro - AEPET N\u00daCLEO BAHIA","og_description":"No seu blog, a conselheira eleita pelos trabalhadores petroleiros, Rosangela Buzanelli, alerta para a farsa montada por Bolsonaro, que troca at\u00e9 ministro para \u201cjogar a popula\u00e7\u00e3o contra a Petrobr\u00e1s\u201d. Leia a seguir, a nota divulgada ontem (11\/05): Em mais uma...","og_url":"https:\/\/aepetba.org.br\/v1\/para-se-eximir-da-responsabilidade-bolsonaro-encena-insatisfacao-com-politica-de-precos-dos-combustiveis-e-troca-ate-ministro\/","og_site_name":"AEPET N\u00daCLEO BAHIA","article_publisher":"https:\/\/web.facebook.com\/aepetba","article_published_time":"2022-05-12T13:59:04+00:00","article_modified_time":"2022-05-13T12:27:57+00:00","og_image":[{"width":1024,"height":1024,"url":"https:\/\/aepetba.org.br\/v1\/wp-content\/uploads\/2022\/05\/politica-de-preco-petrobras-rosangela-buzanelli-1024x1024.png","type":"image\/png"}],"author":"AEPETBA","twitter_card":"summary_large_image","twitter_creator":"@aepetbahia","twitter_site":"@aepetbahia","twitter_misc":{"Escrito por":"AEPETBA","Est. tempo de leitura":"2 minutos"},"schema":{"@context":"https:\/\/schema.org","@graph":[{"@type":"Organization","@id":"https:\/\/aepetba.org.br\/v1\/#organization","name":"AEPET N\u00facleo Bahia","url":"https:\/\/aepetba.org.br\/v1\/","sameAs":["https:\/\/www.instagram.com\/aepetbahia\/","https:\/\/www.youtube.com\/c\/AEPETBAHIA","https:\/\/web.facebook.com\/aepetba","https:\/\/twitter.com\/aepetbahia"],"logo":{"@type":"ImageObject","inLanguage":"pt-BR","@id":"https:\/\/aepetba.org.br\/v1\/#\/schema\/logo\/image\/","url":"https:\/\/aepetba.org.br\/v1\/wp-content\/uploads\/revslider\/home\/logo-AEPETBA.png","contentUrl":"https:\/\/aepetba.org.br\/v1\/wp-content\/uploads\/revslider\/home\/logo-AEPETBA.png","width":297,"height":86,"caption":"AEPET N\u00facleo Bahia"},"image":{"@id":"https:\/\/aepetba.org.br\/v1\/#\/schema\/logo\/image\/"}},{"@type":"WebSite","@id":"https:\/\/aepetba.org.br\/v1\/#website","url":"https:\/\/aepetba.org.br\/v1\/","name":"AEPET N\u00daCLEO BAHIA","description":"Associa\u00e7\u00e3o dos Engenheiros da Petrobr\u00e1s N\u00facleo Bahia Petr\u00f3leo Bahia Salvador Nordeste ","publisher":{"@id":"https:\/\/aepetba.org.br\/v1\/#organization"},"potentialAction":[{"@type":"SearchAction","target":{"@type":"EntryPoint","urlTemplate":"https:\/\/aepetba.org.br\/v1\/?s={search_term_string}"},"query-input":"required name=search_term_string"}],"inLanguage":"pt-BR"},{"@type":"ImageObject","inLanguage":"pt-BR","@id":"https:\/\/aepetba.org.br\/v1\/para-se-eximir-da-responsabilidade-bolsonaro-encena-insatisfacao-com-politica-de-precos-dos-combustiveis-e-troca-ate-ministro\/#primaryimage","url":"https:\/\/aepetba.org.br\/v1\/wp-content\/uploads\/2022\/05\/politica-de-preco-petrobras-rosangela-buzanelli.png","contentUrl":"https:\/\/aepetba.org.br\/v1\/wp-content\/uploads\/2022\/05\/politica-de-preco-petrobras-rosangela-buzanelli.png","width":1920,"height":1920},{"@type":"WebPage","@id":"https:\/\/aepetba.org.br\/v1\/para-se-eximir-da-responsabilidade-bolsonaro-encena-insatisfacao-com-politica-de-precos-dos-combustiveis-e-troca-ate-ministro\/","url":"https:\/\/aepetba.org.br\/v1\/para-se-eximir-da-responsabilidade-bolsonaro-encena-insatisfacao-com-politica-de-precos-dos-combustiveis-e-troca-ate-ministro\/","name":"Para se eximir da responsabilidade, Bolsonaro encena insatisfa\u00e7\u00e3o com pol\u00edtica de pre\u00e7os dos combust\u00edveis e troca at\u00e9 ministro - AEPET N\u00daCLEO BAHIA","isPartOf":{"@id":"https:\/\/aepetba.org.br\/v1\/#website"},"primaryImageOfPage":{"@id":"https:\/\/aepetba.org.br\/v1\/para-se-eximir-da-responsabilidade-bolsonaro-encena-insatisfacao-com-politica-de-precos-dos-combustiveis-e-troca-ate-ministro\/#primaryimage"},"datePublished":"2022-05-12T13:59:04+00:00","dateModified":"2022-05-13T12:27:57+00:00","breadcrumb":{"@id":"https:\/\/aepetba.org.br\/v1\/para-se-eximir-da-responsabilidade-bolsonaro-encena-insatisfacao-com-politica-de-precos-dos-combustiveis-e-troca-ate-ministro\/#breadcrumb"},"inLanguage":"pt-BR","potentialAction":[{"@type":"ReadAction","target":["https:\/\/aepetba.org.br\/v1\/para-se-eximir-da-responsabilidade-bolsonaro-encena-insatisfacao-com-politica-de-precos-dos-combustiveis-e-troca-ate-ministro\/"]}]},{"@type":"BreadcrumbList","@id":"https:\/\/aepetba.org.br\/v1\/para-se-eximir-da-responsabilidade-bolsonaro-encena-insatisfacao-com-politica-de-precos-dos-combustiveis-e-troca-ate-ministro\/#breadcrumb","itemListElement":[{"@type":"ListItem","position":1,"name":"In\u00edcio","item":"https:\/\/aepetba.org.br\/v1\/"},{"@type":"ListItem","position":2,"name":"Para se eximir da responsabilidade, Bolsonaro encena insatisfa\u00e7\u00e3o com pol\u00edtica de pre\u00e7os dos combust\u00edveis e troca at\u00e9 ministro"}]},{"@type":"Article","@id":"https:\/\/aepetba.org.br\/v1\/para-se-eximir-da-responsabilidade-bolsonaro-encena-insatisfacao-com-politica-de-precos-dos-combustiveis-e-troca-ate-ministro\/#article","isPartOf":{"@id":"https:\/\/aepetba.org.br\/v1\/para-se-eximir-da-responsabilidade-bolsonaro-encena-insatisfacao-com-politica-de-precos-dos-combustiveis-e-troca-ate-ministro\/"},"author":{"name":"AEPETBA","@id":"https:\/\/aepetba.org.br\/v1\/#\/schema\/person\/3504208f89f3f50e1526867ebb573b88"},"headline":"Para se eximir da responsabilidade, Bolsonaro encena insatisfa\u00e7\u00e3o com pol\u00edtica de pre\u00e7os dos combust\u00edveis e troca at\u00e9 ministro","datePublished":"2022-05-12T13:59:04+00:00","dateModified":"2022-05-13T12:27:57+00:00","mainEntityOfPage":{"@id":"https:\/\/aepetba.org.br\/v1\/para-se-eximir-da-responsabilidade-bolsonaro-encena-insatisfacao-com-politica-de-precos-dos-combustiveis-e-troca-ate-ministro\/"},"wordCount":461,"publisher":{"@id":"https:\/\/aepetba.org.br\/v1\/#organization"},"image":{"@id":"https:\/\/aepetba.org.br\/v1\/para-se-eximir-da-responsabilidade-bolsonaro-encena-insatisfacao-com-politica-de-precos-dos-combustiveis-e-troca-ate-ministro\/#primaryimage"},"thumbnailUrl":"https:\/\/aepetba.org.br\/v1\/wp-content\/uploads\/2022\/05\/politica-de-preco-petrobras-rosangela-buzanelli.png","articleSection":["Destaque","Not\u00edcias"],"inLanguage":"pt-BR"},{"@type":"Person","@id":"https:\/\/aepetba.org.br\/v1\/#\/schema\/person\/3504208f89f3f50e1526867ebb573b88","name":"AEPETBA","image":{"@type":"ImageObject","inLanguage":"pt-BR","@id":"https:\/\/aepetba.org.br\/v1\/#\/schema\/person\/image\/","url":"https:\/\/secure.gravatar.com\/avatar\/3e6e1bf98c38137fc6b937d21e974714?s=96&d=mm&r=g","contentUrl":"https:\/\/secure.gravatar.com\/avatar\/3e6e1bf98c38137fc6b937d21e974714?s=96&d=mm&r=g","caption":"AEPETBA"},"sameAs":["http:\/\/aepetba.org.br\/v1"],"url":"https:\/\/aepetba.org.br\/v1\/author\/lubconsultoria\/"}]}},"_links":{"self":[{"href":"https:\/\/aepetba.org.br\/v1\/wp-json\/wp\/v2\/posts\/38133"}],"collection":[{"href":"https:\/\/aepetba.org.br\/v1\/wp-json\/wp\/v2\/posts"}],"about":[{"href":"https:\/\/aepetba.org.br\/v1\/wp-json\/wp\/v2\/types\/post"}],"author":[{"embeddable":true,"href":"https:\/\/aepetba.org.br\/v1\/wp-json\/wp\/v2\/users\/1"}],"replies":[{"embeddable":true,"href":"https:\/\/aepetba.org.br\/v1\/wp-json\/wp\/v2\/comments?post=38133"}],"version-history":[{"count":3,"href":"https:\/\/aepetba.org.br\/v1\/wp-json\/wp\/v2\/posts\/38133\/revisions"}],"predecessor-version":[{"id":38138,"href":"https:\/\/aepetba.org.br\/v1\/wp-json\/wp\/v2\/posts\/38133\/revisions\/38138"}],"wp:featuredmedia":[{"embeddable":true,"href":"https:\/\/aepetba.org.br\/v1\/wp-json\/wp\/v2\/media\/38134"}],"wp:attachment":[{"href":"https:\/\/aepetba.org.br\/v1\/wp-json\/wp\/v2\/media?parent=38133"}],"wp:term":[{"taxonomy":"category","embeddable":true,"href":"https:\/\/aepetba.org.br\/v1\/wp-json\/wp\/v2\/categories?post=38133"},{"taxonomy":"post_tag","embeddable":true,"href":"https:\/\/aepetba.org.br\/v1\/wp-json\/wp\/v2\/tags?post=38133"}],"curies":[{"name":"wp","href":"https:\/\/api.w.org\/{rel}","templated":true}]}}