{"id":38272,"date":"2022-05-25T15:12:44","date_gmt":"2022-05-25T18:12:44","guid":{"rendered":"https:\/\/aepetba.org.br\/v1\/?p=38272"},"modified":"2022-05-26T10:05:55","modified_gmt":"2022-05-26T13:05:55","slug":"incompetencia-e-trapalhadas-marcam-nomeacoes-para-a-presidencia-da-petrobras","status":"publish","type":"post","link":"https:\/\/aepetba.org.br\/v1\/incompetencia-e-trapalhadas-marcam-nomeacoes-para-a-presidencia-da-petrobras\/","title":{"rendered":"Incompet\u00eancia e trapalhadas marcam nomea\u00e7\u00f5es para a presid\u00eancia da Petrobr\u00e1s"},"content":{"rendered":"<!--[if lt IE 9]><script>document.createElement('audio');<\/script><![endif]-->\n<audio class=\"wp-audio-shortcode\" id=\"audio-38272-1\" preload=\"none\" style=\"width: 100%;\" controls=\"controls\"><source type=\"audio\/ogg\" src=\"https:\/\/aepetba.org.br\/v1\/wp-content\/uploads\/2022\/05\/mudanca-de-presidente-da-petrobras.ogg?_=1\" \/><a href=\"https:\/\/aepetba.org.br\/v1\/wp-content\/uploads\/2022\/05\/mudanca-de-presidente-da-petrobras.ogg\">https:\/\/aepetba.org.br\/v1\/wp-content\/uploads\/2022\/05\/mudanca-de-presidente-da-petrobras.ogg<\/a><\/audio>\n<p><span style=\"font-weight: 400;\">O governo Bolsonaro decidiu trocar novamente o comando da Petrobr\u00e1s. Cai Jos\u00e9 Mauro Ferreira Coelho, que ficou na presid\u00eancia da empresa por exatos 40 dias e entra <\/span><b>Caio M\u00e1rio Paes de Andrade, auxiliar de Paulo Guedes<\/b><span style=\"font-weight: 400;\"> no Minist\u00e9rio da Economia, onde era secret\u00e1rio de Desburocratiza\u00e7\u00e3o.<\/span><\/p>\n<p><span style=\"font-weight: 400;\">O Conselho de Administra\u00e7\u00e3o da Petrobr\u00e1s ainda n\u00e3o aprovou a indica\u00e7\u00e3o do secret\u00e1rio especial de Guedes. Este \u00e9 o quarto presidente da companhia, no atual governo; por onde j\u00e1 passaram Roberto Castello Branco, Joaquim Silva e Luna e Jos\u00e9 Mauro Ferreira Coelho, todos demitidos por Bolsonaro em sua desesperada tentativa de desvencilhar seu nome das constantes altas nos pre\u00e7os dos combust\u00edveis, em pleno ano eleitoral.<\/span><\/p>\n<p><span style=\"font-weight: 400;\">Esses gestores da empresa mantiveram o <\/span><b>PPI \u2013 Pre\u00e7o de Paridade Internacional.<\/b><span style=\"font-weight: 400;\"> Esse sim, o verdadeiro problema que provoca a disparada dos pre\u00e7os da gasolina, diesel, g\u00e1s de cozinha e o aumento da infla\u00e7\u00e3o.\u00a0<\/span><\/p>\n<p><span style=\"font-weight: 400;\">Na nota oficial, emitida pelo Minist\u00e9rio de Minas e Energia, afirma que Caio \u201cre\u00fane todas as qualifica\u00e7\u00f5es necess\u00e1rias para liderar a Companhia &#8220;, diz o texto. Isso n\u00e3o \u00e9 verdade.<\/span><\/p>\n<p><span style=\"font-weight: 400;\">A Lei das estatais (n\u00ba 13.303) \u00e9 clar\u00edssima em seu artigo 17, exigindo experi\u00eancia na \u00e1rea de atua\u00e7\u00e3o da empresa. O indicado de Bolsonaro, Caio M\u00e1rio Paes de Andrade, n\u00e3o atende \u00e0s exig\u00eancias para ocupar o cargo. As trapalhadas de Bolsonaro, nas constantes mudan\u00e7as na presid\u00eancia, prejudicam a imagem da empresa. \u201cIsso causa instabilidade na gest\u00e3o e inseguran\u00e7a na maior empresa da Am\u00e9rica Latina, que est\u00e1 sendo gerida de forma destrutiva como se fizesse parte de um plano orquestrado para destruir e depois vender\u201d, afirma o presidente da AEPET-BA, Marcos Andr\u00e9 dos Santos.<\/span><\/p>\n<p><span style=\"font-weight: 400;\">Al\u00e9m da condu\u00e7\u00e3o desastrosa na economia do pa\u00eds, Bolsonaro n\u00e3o muda a pol\u00edtica de pre\u00e7os, que eleva os pre\u00e7os dos combust\u00edveis e do g\u00e1s de cozinha \u00e0s alturas, multiplicando a infla\u00e7\u00e3o e prejudicando a popula\u00e7\u00e3o, principalmente, os mais pobres. Para piorar a situa\u00e7\u00e3o,\u00a0 o desgoverno Bolsonaro\/Guedes n\u00e3o consegue sequer indicar nomes qualificados para a presid\u00eancia da Petrobr\u00e1s.<\/span><\/p>\n<h2><a href=\"https:\/\/aepetba.org.br\/v1\/vitalmed\/\" target=\"_blank\" rel=\"noopener\"><b><img loading=\"lazy\" class=\"size-full wp-image-38277 aligncenter\" src=\"https:\/\/aepetba.org.br\/v1\/wp-content\/uploads\/2022\/05\/banner-vitalmed-aepet-ba.gif\" alt=\"\" width=\"400\" height=\"100\" \/><\/b><\/a><\/h2>\n<h2><b>Indica\u00e7\u00e3o de Andrade deve ser rejeitada<\/b><\/h2>\n<p><span style=\"font-weight: 400;\">O auxiliar de Guedes, Caio Andrade, \u00e9 formado em Comunica\u00e7\u00e3o Social pela Universidade Paulista, p\u00f3s-graduado em administra\u00e7\u00e3o e gest\u00e3o pela Harvard University e mestre em administra\u00e7\u00e3o de empresas pela Duke University. Ele n\u00e3o possui experi\u00eancia comprovada de 10 anos no setor do petr\u00f3leo e nem mesmo os 04 anos previstos na lei.<\/span><\/p>\n<p><span style=\"font-weight: 400;\">Por conta disso, esperamos que na sua avalia\u00e7\u00e3o, o Comit\u00ea de Pessoas da Petrobr\u00e1s para cargos da alta administra\u00e7\u00e3o rejeite o nome de Andrade porque a forma\u00e7\u00e3o n\u00e3o \u00e9 compat\u00edvel e sua experi\u00eancia no setor se resume a uma passagem pelo conselho de administra\u00e7\u00e3o da estatal do pr\u00e9-sal. E que seu nome sequer seja encaminhado ao Conselho de Administra\u00e7\u00e3o.<\/span><\/p>\n<p><span style=\"font-weight: 400;\">Caio M\u00e1rio Paes chegou a ser cotado para a presid\u00eancia da Petrobr\u00e1s, durante a troca que resultou na demiss\u00e3o de Silva e Luna, mas n\u00e3o foi indicado justamente por esse crit\u00e9rio adotado pela comiss\u00e3o da estatal. Andrade inclusive chegou a se aproximar do senador Fl\u00e1vio Bolsonaro, filho de Bolsonaro, para tentar garantir a indica\u00e7\u00e3o.<\/span><\/p>\n<p><span style=\"font-weight: 400;\">\u00a0<\/span><\/p>\n","protected":false},"excerpt":{"rendered":"<p>O governo Bolsonaro decidiu trocar novamente o comando da Petrobr\u00e1s. Cai Jos\u00e9 Mauro Ferreira Coelho, que ficou na presid\u00eancia da empresa por exatos 40 dias e entra Caio M\u00e1rio Paes de Andrade, auxiliar de Paulo Guedes no Minist\u00e9rio da Economia,&#8230;<\/p>\n","protected":false},"author":1,"featured_media":38274,"comment_status":"closed","ping_status":"closed","sticky":false,"template":"","format":"standard","meta":[],"categories":[87,10],"tags":[],"yoast_head":"<!-- This site is optimized with the Yoast SEO plugin v19.3 - https:\/\/yoast.com\/wordpress\/plugins\/seo\/ -->\n<title>Incompet\u00eancia e trapalhadas marcam nomea\u00e7\u00f5es para a presid\u00eancia da Petrobr\u00e1s - AEPET N\u00daCLEO BAHIA<\/title>\n<meta name=\"robots\" content=\"index, follow, max-snippet:-1, max-image-preview:large, max-video-preview:-1\" \/>\n<link rel=\"canonical\" href=\"https:\/\/aepetba.org.br\/v1\/incompetencia-e-trapalhadas-marcam-nomeacoes-para-a-presidencia-da-petrobras\/\" \/>\n<meta property=\"og:locale\" content=\"pt_BR\" \/>\n<meta property=\"og:type\" content=\"article\" \/>\n<meta property=\"og:title\" content=\"Incompet\u00eancia e trapalhadas marcam nomea\u00e7\u00f5es para a presid\u00eancia da Petrobr\u00e1s - AEPET N\u00daCLEO BAHIA\" \/>\n<meta property=\"og:description\" content=\"O governo Bolsonaro decidiu trocar novamente o comando da Petrobr\u00e1s. Cai Jos\u00e9 Mauro Ferreira Coelho, que ficou na presid\u00eancia da empresa por exatos 40 dias e entra Caio M\u00e1rio Paes de Andrade, auxiliar de Paulo Guedes no Minist\u00e9rio da Economia,...\" \/>\n<meta property=\"og:url\" content=\"https:\/\/aepetba.org.br\/v1\/incompetencia-e-trapalhadas-marcam-nomeacoes-para-a-presidencia-da-petrobras\/\" \/>\n<meta property=\"og:site_name\" content=\"AEPET N\u00daCLEO BAHIA\" \/>\n<meta property=\"article:publisher\" content=\"https:\/\/web.facebook.com\/aepetba\" \/>\n<meta property=\"article:published_time\" content=\"2022-05-25T18:12:44+00:00\" \/>\n<meta property=\"article:modified_time\" content=\"2022-05-26T13:05:55+00:00\" \/>\n<meta property=\"og:image\" content=\"https:\/\/aepetba.org.br\/v1\/wp-content\/uploads\/2022\/05\/Materia-Presidentes-da-petrobras-no-governo-bolsonaro-petroleo-bahia-Aepet-ba.jpg\" \/>\n\t<meta property=\"og:image:width\" content=\"1080\" \/>\n\t<meta property=\"og:image:height\" content=\"934\" \/>\n\t<meta property=\"og:image:type\" content=\"image\/jpeg\" \/>\n<meta name=\"author\" content=\"AEPETBA\" \/>\n<meta name=\"twitter:card\" content=\"summary_large_image\" \/>\n<meta name=\"twitter:creator\" content=\"@aepetbahia\" \/>\n<meta name=\"twitter:site\" content=\"@aepetbahia\" \/>\n<meta name=\"twitter:label1\" content=\"Escrito por\" \/>\n\t<meta name=\"twitter:data1\" content=\"AEPETBA\" \/>\n\t<meta name=\"twitter:label2\" content=\"Est. tempo de leitura\" \/>\n\t<meta name=\"twitter:data2\" content=\"3 minutos\" \/>\n<script type=\"application\/ld+json\" class=\"yoast-schema-graph\">{\"@context\":\"https:\/\/schema.org\",\"@graph\":[{\"@type\":\"Organization\",\"@id\":\"https:\/\/aepetba.org.br\/v1\/#organization\",\"name\":\"AEPET N\u00facleo Bahia\",\"url\":\"https:\/\/aepetba.org.br\/v1\/\",\"sameAs\":[\"https:\/\/www.instagram.com\/aepetbahia\/\",\"https:\/\/www.youtube.com\/c\/AEPETBAHIA\",\"https:\/\/web.facebook.com\/aepetba\",\"https:\/\/twitter.com\/aepetbahia\"],\"logo\":{\"@type\":\"ImageObject\",\"inLanguage\":\"pt-BR\",\"@id\":\"https:\/\/aepetba.org.br\/v1\/#\/schema\/logo\/image\/\",\"url\":\"https:\/\/aepetba.org.br\/v1\/wp-content\/uploads\/revslider\/home\/logo-AEPETBA.png\",\"contentUrl\":\"https:\/\/aepetba.org.br\/v1\/wp-content\/uploads\/revslider\/home\/logo-AEPETBA.png\",\"width\":297,\"height\":86,\"caption\":\"AEPET N\u00facleo Bahia\"},\"image\":{\"@id\":\"https:\/\/aepetba.org.br\/v1\/#\/schema\/logo\/image\/\"}},{\"@type\":\"WebSite\",\"@id\":\"https:\/\/aepetba.org.br\/v1\/#website\",\"url\":\"https:\/\/aepetba.org.br\/v1\/\",\"name\":\"AEPET N\u00daCLEO BAHIA\",\"description\":\"Associa\u00e7\u00e3o dos Engenheiros da Petrobr\u00e1s N\u00facleo Bahia Petr\u00f3leo Bahia Salvador Nordeste \",\"publisher\":{\"@id\":\"https:\/\/aepetba.org.br\/v1\/#organization\"},\"potentialAction\":[{\"@type\":\"SearchAction\",\"target\":{\"@type\":\"EntryPoint\",\"urlTemplate\":\"https:\/\/aepetba.org.br\/v1\/?s={search_term_string}\"},\"query-input\":\"required name=search_term_string\"}],\"inLanguage\":\"pt-BR\"},{\"@type\":\"ImageObject\",\"inLanguage\":\"pt-BR\",\"@id\":\"https:\/\/aepetba.org.br\/v1\/incompetencia-e-trapalhadas-marcam-nomeacoes-para-a-presidencia-da-petrobras\/#primaryimage\",\"url\":\"https:\/\/aepetba.org.br\/v1\/wp-content\/uploads\/2022\/05\/Materia-Presidentes-da-petrobras-no-governo-bolsonaro-petroleo-bahia-Aepet-ba.jpg\",\"contentUrl\":\"https:\/\/aepetba.org.br\/v1\/wp-content\/uploads\/2022\/05\/Materia-Presidentes-da-petrobras-no-governo-bolsonaro-petroleo-bahia-Aepet-ba.jpg\",\"width\":1080,\"height\":934},{\"@type\":\"WebPage\",\"@id\":\"https:\/\/aepetba.org.br\/v1\/incompetencia-e-trapalhadas-marcam-nomeacoes-para-a-presidencia-da-petrobras\/\",\"url\":\"https:\/\/aepetba.org.br\/v1\/incompetencia-e-trapalhadas-marcam-nomeacoes-para-a-presidencia-da-petrobras\/\",\"name\":\"Incompet\u00eancia e trapalhadas marcam nomea\u00e7\u00f5es para a presid\u00eancia da Petrobr\u00e1s - AEPET N\u00daCLEO BAHIA\",\"isPartOf\":{\"@id\":\"https:\/\/aepetba.org.br\/v1\/#website\"},\"primaryImageOfPage\":{\"@id\":\"https:\/\/aepetba.org.br\/v1\/incompetencia-e-trapalhadas-marcam-nomeacoes-para-a-presidencia-da-petrobras\/#primaryimage\"},\"datePublished\":\"2022-05-25T18:12:44+00:00\",\"dateModified\":\"2022-05-26T13:05:55+00:00\",\"breadcrumb\":{\"@id\":\"https:\/\/aepetba.org.br\/v1\/incompetencia-e-trapalhadas-marcam-nomeacoes-para-a-presidencia-da-petrobras\/#breadcrumb\"},\"inLanguage\":\"pt-BR\",\"potentialAction\":[{\"@type\":\"ReadAction\",\"target\":[\"https:\/\/aepetba.org.br\/v1\/incompetencia-e-trapalhadas-marcam-nomeacoes-para-a-presidencia-da-petrobras\/\"]}]},{\"@type\":\"BreadcrumbList\",\"@id\":\"https:\/\/aepetba.org.br\/v1\/incompetencia-e-trapalhadas-marcam-nomeacoes-para-a-presidencia-da-petrobras\/#breadcrumb\",\"itemListElement\":[{\"@type\":\"ListItem\",\"position\":1,\"name\":\"In\u00edcio\",\"item\":\"https:\/\/aepetba.org.br\/v1\/\"},{\"@type\":\"ListItem\",\"position\":2,\"name\":\"Incompet\u00eancia e trapalhadas marcam nomea\u00e7\u00f5es para a presid\u00eancia da Petrobr\u00e1s\"}]},{\"@type\":\"Article\",\"@id\":\"https:\/\/aepetba.org.br\/v1\/incompetencia-e-trapalhadas-marcam-nomeacoes-para-a-presidencia-da-petrobras\/#article\",\"isPartOf\":{\"@id\":\"https:\/\/aepetba.org.br\/v1\/incompetencia-e-trapalhadas-marcam-nomeacoes-para-a-presidencia-da-petrobras\/\"},\"author\":{\"name\":\"AEPETBA\",\"@id\":\"https:\/\/aepetba.org.br\/v1\/#\/schema\/person\/3504208f89f3f50e1526867ebb573b88\"},\"headline\":\"Incompet\u00eancia e trapalhadas marcam nomea\u00e7\u00f5es para a presid\u00eancia da Petrobr\u00e1s\",\"datePublished\":\"2022-05-25T18:12:44+00:00\",\"dateModified\":\"2022-05-26T13:05:55+00:00\",\"mainEntityOfPage\":{\"@id\":\"https:\/\/aepetba.org.br\/v1\/incompetencia-e-trapalhadas-marcam-nomeacoes-para-a-presidencia-da-petrobras\/\"},\"wordCount\":586,\"publisher\":{\"@id\":\"https:\/\/aepetba.org.br\/v1\/#organization\"},\"image\":{\"@id\":\"https:\/\/aepetba.org.br\/v1\/incompetencia-e-trapalhadas-marcam-nomeacoes-para-a-presidencia-da-petrobras\/#primaryimage\"},\"thumbnailUrl\":\"https:\/\/aepetba.org.br\/v1\/wp-content\/uploads\/2022\/05\/Materia-Presidentes-da-petrobras-no-governo-bolsonaro-petroleo-bahia-Aepet-ba.jpg\",\"articleSection\":[\"Destaque\",\"Not\u00edcias\"],\"inLanguage\":\"pt-BR\"},{\"@type\":\"Person\",\"@id\":\"https:\/\/aepetba.org.br\/v1\/#\/schema\/person\/3504208f89f3f50e1526867ebb573b88\",\"name\":\"AEPETBA\",\"image\":{\"@type\":\"ImageObject\",\"inLanguage\":\"pt-BR\",\"@id\":\"https:\/\/aepetba.org.br\/v1\/#\/schema\/person\/image\/\",\"url\":\"https:\/\/secure.gravatar.com\/avatar\/3e6e1bf98c38137fc6b937d21e974714?s=96&d=mm&r=g\",\"contentUrl\":\"https:\/\/secure.gravatar.com\/avatar\/3e6e1bf98c38137fc6b937d21e974714?s=96&d=mm&r=g\",\"caption\":\"AEPETBA\"},\"sameAs\":[\"http:\/\/aepetba.org.br\/v1\"],\"url\":\"https:\/\/aepetba.org.br\/v1\/author\/lubconsultoria\/\"}]}<\/script>\n<!-- \/ Yoast SEO plugin. -->","yoast_head_json":{"title":"Incompet\u00eancia e trapalhadas marcam nomea\u00e7\u00f5es para a presid\u00eancia da Petrobr\u00e1s - AEPET N\u00daCLEO BAHIA","robots":{"index":"index","follow":"follow","max-snippet":"max-snippet:-1","max-image-preview":"max-image-preview:large","max-video-preview":"max-video-preview:-1"},"canonical":"https:\/\/aepetba.org.br\/v1\/incompetencia-e-trapalhadas-marcam-nomeacoes-para-a-presidencia-da-petrobras\/","og_locale":"pt_BR","og_type":"article","og_title":"Incompet\u00eancia e trapalhadas marcam nomea\u00e7\u00f5es para a presid\u00eancia da Petrobr\u00e1s - AEPET N\u00daCLEO BAHIA","og_description":"O governo Bolsonaro decidiu trocar novamente o comando da Petrobr\u00e1s. Cai Jos\u00e9 Mauro Ferreira Coelho, que ficou na presid\u00eancia da empresa por exatos 40 dias e entra Caio M\u00e1rio Paes de Andrade, auxiliar de Paulo Guedes no Minist\u00e9rio da Economia,...","og_url":"https:\/\/aepetba.org.br\/v1\/incompetencia-e-trapalhadas-marcam-nomeacoes-para-a-presidencia-da-petrobras\/","og_site_name":"AEPET N\u00daCLEO BAHIA","article_publisher":"https:\/\/web.facebook.com\/aepetba","article_published_time":"2022-05-25T18:12:44+00:00","article_modified_time":"2022-05-26T13:05:55+00:00","og_image":[{"width":1080,"height":934,"url":"https:\/\/aepetba.org.br\/v1\/wp-content\/uploads\/2022\/05\/Materia-Presidentes-da-petrobras-no-governo-bolsonaro-petroleo-bahia-Aepet-ba.jpg","type":"image\/jpeg"}],"author":"AEPETBA","twitter_card":"summary_large_image","twitter_creator":"@aepetbahia","twitter_site":"@aepetbahia","twitter_misc":{"Escrito por":"AEPETBA","Est. tempo de leitura":"3 minutos"},"schema":{"@context":"https:\/\/schema.org","@graph":[{"@type":"Organization","@id":"https:\/\/aepetba.org.br\/v1\/#organization","name":"AEPET N\u00facleo Bahia","url":"https:\/\/aepetba.org.br\/v1\/","sameAs":["https:\/\/www.instagram.com\/aepetbahia\/","https:\/\/www.youtube.com\/c\/AEPETBAHIA","https:\/\/web.facebook.com\/aepetba","https:\/\/twitter.com\/aepetbahia"],"logo":{"@type":"ImageObject","inLanguage":"pt-BR","@id":"https:\/\/aepetba.org.br\/v1\/#\/schema\/logo\/image\/","url":"https:\/\/aepetba.org.br\/v1\/wp-content\/uploads\/revslider\/home\/logo-AEPETBA.png","contentUrl":"https:\/\/aepetba.org.br\/v1\/wp-content\/uploads\/revslider\/home\/logo-AEPETBA.png","width":297,"height":86,"caption":"AEPET N\u00facleo Bahia"},"image":{"@id":"https:\/\/aepetba.org.br\/v1\/#\/schema\/logo\/image\/"}},{"@type":"WebSite","@id":"https:\/\/aepetba.org.br\/v1\/#website","url":"https:\/\/aepetba.org.br\/v1\/","name":"AEPET N\u00daCLEO BAHIA","description":"Associa\u00e7\u00e3o dos Engenheiros da Petrobr\u00e1s N\u00facleo Bahia Petr\u00f3leo Bahia Salvador Nordeste ","publisher":{"@id":"https:\/\/aepetba.org.br\/v1\/#organization"},"potentialAction":[{"@type":"SearchAction","target":{"@type":"EntryPoint","urlTemplate":"https:\/\/aepetba.org.br\/v1\/?s={search_term_string}"},"query-input":"required name=search_term_string"}],"inLanguage":"pt-BR"},{"@type":"ImageObject","inLanguage":"pt-BR","@id":"https:\/\/aepetba.org.br\/v1\/incompetencia-e-trapalhadas-marcam-nomeacoes-para-a-presidencia-da-petrobras\/#primaryimage","url":"https:\/\/aepetba.org.br\/v1\/wp-content\/uploads\/2022\/05\/Materia-Presidentes-da-petrobras-no-governo-bolsonaro-petroleo-bahia-Aepet-ba.jpg","contentUrl":"https:\/\/aepetba.org.br\/v1\/wp-content\/uploads\/2022\/05\/Materia-Presidentes-da-petrobras-no-governo-bolsonaro-petroleo-bahia-Aepet-ba.jpg","width":1080,"height":934},{"@type":"WebPage","@id":"https:\/\/aepetba.org.br\/v1\/incompetencia-e-trapalhadas-marcam-nomeacoes-para-a-presidencia-da-petrobras\/","url":"https:\/\/aepetba.org.br\/v1\/incompetencia-e-trapalhadas-marcam-nomeacoes-para-a-presidencia-da-petrobras\/","name":"Incompet\u00eancia e trapalhadas marcam nomea\u00e7\u00f5es para a presid\u00eancia da Petrobr\u00e1s - AEPET N\u00daCLEO BAHIA","isPartOf":{"@id":"https:\/\/aepetba.org.br\/v1\/#website"},"primaryImageOfPage":{"@id":"https:\/\/aepetba.org.br\/v1\/incompetencia-e-trapalhadas-marcam-nomeacoes-para-a-presidencia-da-petrobras\/#primaryimage"},"datePublished":"2022-05-25T18:12:44+00:00","dateModified":"2022-05-26T13:05:55+00:00","breadcrumb":{"@id":"https:\/\/aepetba.org.br\/v1\/incompetencia-e-trapalhadas-marcam-nomeacoes-para-a-presidencia-da-petrobras\/#breadcrumb"},"inLanguage":"pt-BR","potentialAction":[{"@type":"ReadAction","target":["https:\/\/aepetba.org.br\/v1\/incompetencia-e-trapalhadas-marcam-nomeacoes-para-a-presidencia-da-petrobras\/"]}]},{"@type":"BreadcrumbList","@id":"https:\/\/aepetba.org.br\/v1\/incompetencia-e-trapalhadas-marcam-nomeacoes-para-a-presidencia-da-petrobras\/#breadcrumb","itemListElement":[{"@type":"ListItem","position":1,"name":"In\u00edcio","item":"https:\/\/aepetba.org.br\/v1\/"},{"@type":"ListItem","position":2,"name":"Incompet\u00eancia e trapalhadas marcam nomea\u00e7\u00f5es para a presid\u00eancia da Petrobr\u00e1s"}]},{"@type":"Article","@id":"https:\/\/aepetba.org.br\/v1\/incompetencia-e-trapalhadas-marcam-nomeacoes-para-a-presidencia-da-petrobras\/#article","isPartOf":{"@id":"https:\/\/aepetba.org.br\/v1\/incompetencia-e-trapalhadas-marcam-nomeacoes-para-a-presidencia-da-petrobras\/"},"author":{"name":"AEPETBA","@id":"https:\/\/aepetba.org.br\/v1\/#\/schema\/person\/3504208f89f3f50e1526867ebb573b88"},"headline":"Incompet\u00eancia e trapalhadas marcam nomea\u00e7\u00f5es para a presid\u00eancia da Petrobr\u00e1s","datePublished":"2022-05-25T18:12:44+00:00","dateModified":"2022-05-26T13:05:55+00:00","mainEntityOfPage":{"@id":"https:\/\/aepetba.org.br\/v1\/incompetencia-e-trapalhadas-marcam-nomeacoes-para-a-presidencia-da-petrobras\/"},"wordCount":586,"publisher":{"@id":"https:\/\/aepetba.org.br\/v1\/#organization"},"image":{"@id":"https:\/\/aepetba.org.br\/v1\/incompetencia-e-trapalhadas-marcam-nomeacoes-para-a-presidencia-da-petrobras\/#primaryimage"},"thumbnailUrl":"https:\/\/aepetba.org.br\/v1\/wp-content\/uploads\/2022\/05\/Materia-Presidentes-da-petrobras-no-governo-bolsonaro-petroleo-bahia-Aepet-ba.jpg","articleSection":["Destaque","Not\u00edcias"],"inLanguage":"pt-BR"},{"@type":"Person","@id":"https:\/\/aepetba.org.br\/v1\/#\/schema\/person\/3504208f89f3f50e1526867ebb573b88","name":"AEPETBA","image":{"@type":"ImageObject","inLanguage":"pt-BR","@id":"https:\/\/aepetba.org.br\/v1\/#\/schema\/person\/image\/","url":"https:\/\/secure.gravatar.com\/avatar\/3e6e1bf98c38137fc6b937d21e974714?s=96&d=mm&r=g","contentUrl":"https:\/\/secure.gravatar.com\/avatar\/3e6e1bf98c38137fc6b937d21e974714?s=96&d=mm&r=g","caption":"AEPETBA"},"sameAs":["http:\/\/aepetba.org.br\/v1"],"url":"https:\/\/aepetba.org.br\/v1\/author\/lubconsultoria\/"}]}},"_links":{"self":[{"href":"https:\/\/aepetba.org.br\/v1\/wp-json\/wp\/v2\/posts\/38272"}],"collection":[{"href":"https:\/\/aepetba.org.br\/v1\/wp-json\/wp\/v2\/posts"}],"about":[{"href":"https:\/\/aepetba.org.br\/v1\/wp-json\/wp\/v2\/types\/post"}],"author":[{"embeddable":true,"href":"https:\/\/aepetba.org.br\/v1\/wp-json\/wp\/v2\/users\/1"}],"replies":[{"embeddable":true,"href":"https:\/\/aepetba.org.br\/v1\/wp-json\/wp\/v2\/comments?post=38272"}],"version-history":[{"count":3,"href":"https:\/\/aepetba.org.br\/v1\/wp-json\/wp\/v2\/posts\/38272\/revisions"}],"predecessor-version":[{"id":38279,"href":"https:\/\/aepetba.org.br\/v1\/wp-json\/wp\/v2\/posts\/38272\/revisions\/38279"}],"wp:featuredmedia":[{"embeddable":true,"href":"https:\/\/aepetba.org.br\/v1\/wp-json\/wp\/v2\/media\/38274"}],"wp:attachment":[{"href":"https:\/\/aepetba.org.br\/v1\/wp-json\/wp\/v2\/media?parent=38272"}],"wp:term":[{"taxonomy":"category","embeddable":true,"href":"https:\/\/aepetba.org.br\/v1\/wp-json\/wp\/v2\/categories?post=38272"},{"taxonomy":"post_tag","embeddable":true,"href":"https:\/\/aepetba.org.br\/v1\/wp-json\/wp\/v2\/tags?post=38272"}],"curies":[{"name":"wp","href":"https:\/\/api.w.org\/{rel}","templated":true}]}}