{"id":38341,"date":"2022-06-03T10:55:14","date_gmt":"2022-06-03T13:55:14","guid":{"rendered":"https:\/\/aepetba.org.br\/v1\/?p=38341"},"modified":"2022-06-03T10:55:14","modified_gmt":"2022-06-03T13:55:14","slug":"ato-unificado-aepet-ba-adere-ao-movimento-nacional","status":"publish","type":"post","link":"https:\/\/aepetba.org.br\/v1\/ato-unificado-aepet-ba-adere-ao-movimento-nacional\/","title":{"rendered":"Ato unificado: AEPET-BA adere ao movimento nacional"},"content":{"rendered":"<p>&nbsp;<\/p>\n<p>&nbsp;<\/p>\n<p>&nbsp;<\/p>\n<blockquote><p><em>Petroleiros do administrativo em unidade de Salvador participaram do protesto contra a privatiza\u00e7\u00e3o da Petrobr\u00e1s em frente ao Suarez Trade.<\/em><\/p><\/blockquote>\n<p>Quinta-feira (02\/06) foi de luta para os trabalhadores petroleiros de todo o pa\u00eds. Desde cedo, houve paralisa\u00e7\u00f5es e atrasos nas unidades da Petrobr\u00e1s. <strong>Em Salvador, a AEPET-BA aderiu ao movimento. Por volta das 13h, diretores da entidade e empregados do administrativo se concentraram na \u00e1rea externa do Ed. Suarez Trade, no Caminho das \u00c1rvores, onde atualmente funciona o coworking.<\/strong><\/p>\n<p>Petroleiros da RLAM e Taquipe tamb\u00e9m aderiram ao movimento. O dia nacional de lutas foi convocado pelas federa\u00e7\u00f5es dos petroleiros &#8211; FNP e FUP &#8211; contra a privatiza\u00e7\u00e3o e pelo Acordo Coletivo de Trabalho (ACT). Foi o in\u00edcio da campanha reivindicat\u00f3ria da categoria que para ser vitoriosa precisa unificar as federa\u00e7\u00f5es, sindicatos, as associa\u00e7\u00f5es e todos os empregados ativos e aposentados.<\/p>\n<p>Representa\u00e7\u00f5es sindicais de v\u00e1rios estados tamb\u00e9m participaram \u00e0s 11h do ato unificado da FNP e da FUP em frente ao Edif\u00edcio Senado (Edisen), no Centro do Rio de Janeiro, durante a entrega das pautas de reivindica\u00e7\u00f5es das duas federa\u00e7\u00f5es. Na sexta-feira (03\/06) ser\u00e1 realizada a primeira mesa unificada com a empresa para negociar o ACT.<\/p>\n<p>O Edisen \u00e9 a atual sede da Diretoria Executiva da Petrobr\u00e1s que autorizou o Conselho do Programa de Parcerias e Investimentos da empresa a avaliar nesta quinta-feira, 02, o pedido do governo Bolsonaro de inclus\u00e3o da estatal no programa de privatiza\u00e7\u00f5es.<\/p>\n<p>Num verdadeiro golpe, Bolsonaro e Arthur Lira querem privatizar a Petrobr\u00e1s. O projeto de lei j\u00e1 est\u00e1 sendo preparado para ser votado na C\u00e2mara.<\/p>\n<h2><strong>Campanha Reivindicat\u00f3ria<\/strong><\/h2>\n<p>Esse movimento faz parte da <strong>\u201cCampanha reivindicat\u00f3ria 2022: chegou a hora de reconquistar direitos, Petrobr\u00e1s para os brasileiros\u201d<\/strong>, tema da 13\u00aa edi\u00e7\u00e3o do Congresso Nacional da FNP \u2013 Federa\u00e7\u00e3o Nacional dos Petroleiros, realizado entre os dias 28\/04 e 01\/05, em Santos, S\u00e3o Paulo. O Congresso contou com a participa\u00e7\u00e3o de tr\u00eas delegados baianos.<\/p>\n<p>No congresso, foi aprovada uma mesa \u00fanica de negocia\u00e7\u00e3o entre as federa\u00e7\u00f5es e a Petrobr\u00e1s, na luta pela recupera\u00e7\u00e3o das perdas do ACT \u2013 Acordo Coletivo de Trabalho e na defesa da estatal p\u00fablica a servi\u00e7o dos brasileiros.<\/p>\n<h2><strong>Pauta reivindicat\u00f3ria<\/strong><\/h2>\n<p>Em rela\u00e7\u00e3o \u00e0 pauta de reivindica\u00e7\u00f5es, o F\u00f3rum Baiano em Defesa da Petrobr\u00e1s, Petros e AMS decidiu que \u00e9 necess\u00e1rio dar prioridade \u00e0s seguintes reivindica\u00e7\u00f5es da pauta entregue nesta quinta-feira pelas federa\u00e7\u00f5es de petroleiros. Elas s\u00e3o:<\/p>\n<p>1) Defesa da Petrobr\u00e1s<\/p>\n<p>2) O retorno do custeio do plano de sa\u00fade AMS para, ao menos, 70% responsabilidade da Petrobr\u00e1s e 30% dos trabalhadores. Mas tamb\u00e9m ratifica a proposta da FNP de custeio de 90% X 10%.<\/p>\n<p>3) Fim do reajuste pelo \u00edndice de Varia\u00e7\u00e3o de Custos M\u00e9dico-Hospitalares (VCMH), que tem sacrificado os aposentados.<\/p>\n<p>4) Margem consign\u00e1vel de 13% para desconto em folha de pagamento referente \u00e0 participa\u00e7\u00e3o no custo dos atendimentos para a AMS.<\/p>\n<p>Em um ano hist\u00f3rico e especial n\u00e3o somente para a categoria petroleira, como para o trabalhador brasileiro, a uni\u00e3o dessas federa\u00e7\u00f5es representa um fortalecimento da categoria, em prol da reconquista de direitos perdidos e de uma Petrobr\u00e1s cada vez mais brasileira.<\/p>\n<p>(Com informa\u00e7\u00f5es da FUP e FNP)<\/p>\n<p>&nbsp;<\/p>\n<p>&nbsp;<\/p>\n","protected":false},"excerpt":{"rendered":"<p>&nbsp; &nbsp; &nbsp; Petroleiros do administrativo em unidade de Salvador participaram do protesto contra a privatiza\u00e7\u00e3o da Petrobr\u00e1s em frente ao Suarez Trade. Quinta-feira (02\/06) foi de luta para os trabalhadores petroleiros de todo o pa\u00eds. Desde cedo, houve paralisa\u00e7\u00f5es&#8230;<\/p>\n","protected":false},"author":1,"featured_media":38343,"comment_status":"closed","ping_status":"closed","sticky":false,"template":"","format":"standard","meta":[],"categories":[5,87,10],"tags":[],"yoast_head":"<!-- This site is optimized with the Yoast SEO plugin v19.3 - https:\/\/yoast.com\/wordpress\/plugins\/seo\/ -->\n<title>Ato unificado: AEPET-BA adere ao movimento nacional - AEPET N\u00daCLEO BAHIA<\/title>\n<meta name=\"robots\" content=\"index, follow, max-snippet:-1, max-image-preview:large, max-video-preview:-1\" \/>\n<link rel=\"canonical\" href=\"https:\/\/aepetba.org.br\/v1\/ato-unificado-aepet-ba-adere-ao-movimento-nacional\/\" \/>\n<meta property=\"og:locale\" content=\"pt_BR\" \/>\n<meta property=\"og:type\" content=\"article\" \/>\n<meta property=\"og:title\" content=\"Ato unificado: AEPET-BA adere ao movimento nacional - AEPET N\u00daCLEO BAHIA\" \/>\n<meta property=\"og:description\" content=\"&nbsp; &nbsp; &nbsp; Petroleiros do administrativo em unidade de Salvador participaram do protesto contra a privatiza\u00e7\u00e3o da Petrobr\u00e1s em frente ao Suarez Trade. Quinta-feira (02\/06) foi de luta para os trabalhadores petroleiros de todo o pa\u00eds. Desde cedo, houve paralisa\u00e7\u00f5es...\" \/>\n<meta property=\"og:url\" content=\"https:\/\/aepetba.org.br\/v1\/ato-unificado-aepet-ba-adere-ao-movimento-nacional\/\" \/>\n<meta property=\"og:site_name\" content=\"AEPET N\u00daCLEO BAHIA\" \/>\n<meta property=\"article:publisher\" content=\"https:\/\/web.facebook.com\/aepetba\" \/>\n<meta property=\"article:published_time\" content=\"2022-06-03T13:55:14+00:00\" \/>\n<meta property=\"og:image\" content=\"https:\/\/aepetba.org.br\/v1\/wp-content\/uploads\/2022\/06\/Materia-Ato-02-de-junho-petrobras-para-os-brasileiros-petroleo-bahia-Aepet-ba.jpg\" \/>\n\t<meta property=\"og:image:width\" content=\"1078\" \/>\n\t<meta property=\"og:image:height\" content=\"940\" \/>\n\t<meta property=\"og:image:type\" content=\"image\/jpeg\" \/>\n<meta name=\"author\" content=\"AEPETBA\" \/>\n<meta name=\"twitter:card\" content=\"summary_large_image\" \/>\n<meta name=\"twitter:creator\" content=\"@aepetbahia\" \/>\n<meta name=\"twitter:site\" content=\"@aepetbahia\" \/>\n<meta name=\"twitter:label1\" content=\"Escrito por\" \/>\n\t<meta name=\"twitter:data1\" content=\"AEPETBA\" \/>\n\t<meta name=\"twitter:label2\" content=\"Est. tempo de leitura\" \/>\n\t<meta name=\"twitter:data2\" content=\"3 minutos\" \/>\n<script type=\"application\/ld+json\" class=\"yoast-schema-graph\">{\"@context\":\"https:\/\/schema.org\",\"@graph\":[{\"@type\":\"Organization\",\"@id\":\"https:\/\/aepetba.org.br\/v1\/#organization\",\"name\":\"AEPET N\u00facleo Bahia\",\"url\":\"https:\/\/aepetba.org.br\/v1\/\",\"sameAs\":[\"https:\/\/www.instagram.com\/aepetbahia\/\",\"https:\/\/www.youtube.com\/c\/AEPETBAHIA\",\"https:\/\/web.facebook.com\/aepetba\",\"https:\/\/twitter.com\/aepetbahia\"],\"logo\":{\"@type\":\"ImageObject\",\"inLanguage\":\"pt-BR\",\"@id\":\"https:\/\/aepetba.org.br\/v1\/#\/schema\/logo\/image\/\",\"url\":\"https:\/\/aepetba.org.br\/v1\/wp-content\/uploads\/revslider\/home\/logo-AEPETBA.png\",\"contentUrl\":\"https:\/\/aepetba.org.br\/v1\/wp-content\/uploads\/revslider\/home\/logo-AEPETBA.png\",\"width\":297,\"height\":86,\"caption\":\"AEPET N\u00facleo Bahia\"},\"image\":{\"@id\":\"https:\/\/aepetba.org.br\/v1\/#\/schema\/logo\/image\/\"}},{\"@type\":\"WebSite\",\"@id\":\"https:\/\/aepetba.org.br\/v1\/#website\",\"url\":\"https:\/\/aepetba.org.br\/v1\/\",\"name\":\"AEPET N\u00daCLEO BAHIA\",\"description\":\"Associa\u00e7\u00e3o dos Engenheiros da Petrobr\u00e1s N\u00facleo Bahia Petr\u00f3leo Bahia Salvador Nordeste \",\"publisher\":{\"@id\":\"https:\/\/aepetba.org.br\/v1\/#organization\"},\"potentialAction\":[{\"@type\":\"SearchAction\",\"target\":{\"@type\":\"EntryPoint\",\"urlTemplate\":\"https:\/\/aepetba.org.br\/v1\/?s={search_term_string}\"},\"query-input\":\"required name=search_term_string\"}],\"inLanguage\":\"pt-BR\"},{\"@type\":\"ImageObject\",\"inLanguage\":\"pt-BR\",\"@id\":\"https:\/\/aepetba.org.br\/v1\/ato-unificado-aepet-ba-adere-ao-movimento-nacional\/#primaryimage\",\"url\":\"https:\/\/aepetba.org.br\/v1\/wp-content\/uploads\/2022\/06\/Materia-Ato-02-de-junho-petrobras-para-os-brasileiros-petroleo-bahia-Aepet-ba.jpg\",\"contentUrl\":\"https:\/\/aepetba.org.br\/v1\/wp-content\/uploads\/2022\/06\/Materia-Ato-02-de-junho-petrobras-para-os-brasileiros-petroleo-bahia-Aepet-ba.jpg\",\"width\":1078,\"height\":940},{\"@type\":\"WebPage\",\"@id\":\"https:\/\/aepetba.org.br\/v1\/ato-unificado-aepet-ba-adere-ao-movimento-nacional\/\",\"url\":\"https:\/\/aepetba.org.br\/v1\/ato-unificado-aepet-ba-adere-ao-movimento-nacional\/\",\"name\":\"Ato unificado: AEPET-BA adere ao movimento nacional - AEPET N\u00daCLEO BAHIA\",\"isPartOf\":{\"@id\":\"https:\/\/aepetba.org.br\/v1\/#website\"},\"primaryImageOfPage\":{\"@id\":\"https:\/\/aepetba.org.br\/v1\/ato-unificado-aepet-ba-adere-ao-movimento-nacional\/#primaryimage\"},\"datePublished\":\"2022-06-03T13:55:14+00:00\",\"dateModified\":\"2022-06-03T13:55:14+00:00\",\"breadcrumb\":{\"@id\":\"https:\/\/aepetba.org.br\/v1\/ato-unificado-aepet-ba-adere-ao-movimento-nacional\/#breadcrumb\"},\"inLanguage\":\"pt-BR\",\"potentialAction\":[{\"@type\":\"ReadAction\",\"target\":[\"https:\/\/aepetba.org.br\/v1\/ato-unificado-aepet-ba-adere-ao-movimento-nacional\/\"]}]},{\"@type\":\"BreadcrumbList\",\"@id\":\"https:\/\/aepetba.org.br\/v1\/ato-unificado-aepet-ba-adere-ao-movimento-nacional\/#breadcrumb\",\"itemListElement\":[{\"@type\":\"ListItem\",\"position\":1,\"name\":\"In\u00edcio\",\"item\":\"https:\/\/aepetba.org.br\/v1\/\"},{\"@type\":\"ListItem\",\"position\":2,\"name\":\"Ato unificado: AEPET-BA adere ao movimento nacional\"}]},{\"@type\":\"Article\",\"@id\":\"https:\/\/aepetba.org.br\/v1\/ato-unificado-aepet-ba-adere-ao-movimento-nacional\/#article\",\"isPartOf\":{\"@id\":\"https:\/\/aepetba.org.br\/v1\/ato-unificado-aepet-ba-adere-ao-movimento-nacional\/\"},\"author\":{\"name\":\"AEPETBA\",\"@id\":\"https:\/\/aepetba.org.br\/v1\/#\/schema\/person\/3504208f89f3f50e1526867ebb573b88\"},\"headline\":\"Ato unificado: AEPET-BA adere ao movimento nacional\",\"datePublished\":\"2022-06-03T13:55:14+00:00\",\"dateModified\":\"2022-06-03T13:55:14+00:00\",\"mainEntityOfPage\":{\"@id\":\"https:\/\/aepetba.org.br\/v1\/ato-unificado-aepet-ba-adere-ao-movimento-nacional\/\"},\"wordCount\":564,\"publisher\":{\"@id\":\"https:\/\/aepetba.org.br\/v1\/#organization\"},\"image\":{\"@id\":\"https:\/\/aepetba.org.br\/v1\/ato-unificado-aepet-ba-adere-ao-movimento-nacional\/#primaryimage\"},\"thumbnailUrl\":\"https:\/\/aepetba.org.br\/v1\/wp-content\/uploads\/2022\/06\/Materia-Ato-02-de-junho-petrobras-para-os-brasileiros-petroleo-bahia-Aepet-ba.jpg\",\"articleSection\":[\"Coluna do Associado\",\"Destaque\",\"Not\u00edcias\"],\"inLanguage\":\"pt-BR\"},{\"@type\":\"Person\",\"@id\":\"https:\/\/aepetba.org.br\/v1\/#\/schema\/person\/3504208f89f3f50e1526867ebb573b88\",\"name\":\"AEPETBA\",\"image\":{\"@type\":\"ImageObject\",\"inLanguage\":\"pt-BR\",\"@id\":\"https:\/\/aepetba.org.br\/v1\/#\/schema\/person\/image\/\",\"url\":\"https:\/\/secure.gravatar.com\/avatar\/3e6e1bf98c38137fc6b937d21e974714?s=96&d=mm&r=g\",\"contentUrl\":\"https:\/\/secure.gravatar.com\/avatar\/3e6e1bf98c38137fc6b937d21e974714?s=96&d=mm&r=g\",\"caption\":\"AEPETBA\"},\"sameAs\":[\"http:\/\/aepetba.org.br\/v1\"],\"url\":\"https:\/\/aepetba.org.br\/v1\/author\/lubconsultoria\/\"}]}<\/script>\n<!-- \/ Yoast SEO plugin. -->","yoast_head_json":{"title":"Ato unificado: AEPET-BA adere ao movimento nacional - AEPET N\u00daCLEO BAHIA","robots":{"index":"index","follow":"follow","max-snippet":"max-snippet:-1","max-image-preview":"max-image-preview:large","max-video-preview":"max-video-preview:-1"},"canonical":"https:\/\/aepetba.org.br\/v1\/ato-unificado-aepet-ba-adere-ao-movimento-nacional\/","og_locale":"pt_BR","og_type":"article","og_title":"Ato unificado: AEPET-BA adere ao movimento nacional - AEPET N\u00daCLEO BAHIA","og_description":"&nbsp; &nbsp; &nbsp; Petroleiros do administrativo em unidade de Salvador participaram do protesto contra a privatiza\u00e7\u00e3o da Petrobr\u00e1s em frente ao Suarez Trade. Quinta-feira (02\/06) foi de luta para os trabalhadores petroleiros de todo o pa\u00eds. Desde cedo, houve paralisa\u00e7\u00f5es...","og_url":"https:\/\/aepetba.org.br\/v1\/ato-unificado-aepet-ba-adere-ao-movimento-nacional\/","og_site_name":"AEPET N\u00daCLEO BAHIA","article_publisher":"https:\/\/web.facebook.com\/aepetba","article_published_time":"2022-06-03T13:55:14+00:00","og_image":[{"width":1078,"height":940,"url":"https:\/\/aepetba.org.br\/v1\/wp-content\/uploads\/2022\/06\/Materia-Ato-02-de-junho-petrobras-para-os-brasileiros-petroleo-bahia-Aepet-ba.jpg","type":"image\/jpeg"}],"author":"AEPETBA","twitter_card":"summary_large_image","twitter_creator":"@aepetbahia","twitter_site":"@aepetbahia","twitter_misc":{"Escrito por":"AEPETBA","Est. tempo de leitura":"3 minutos"},"schema":{"@context":"https:\/\/schema.org","@graph":[{"@type":"Organization","@id":"https:\/\/aepetba.org.br\/v1\/#organization","name":"AEPET N\u00facleo Bahia","url":"https:\/\/aepetba.org.br\/v1\/","sameAs":["https:\/\/www.instagram.com\/aepetbahia\/","https:\/\/www.youtube.com\/c\/AEPETBAHIA","https:\/\/web.facebook.com\/aepetba","https:\/\/twitter.com\/aepetbahia"],"logo":{"@type":"ImageObject","inLanguage":"pt-BR","@id":"https:\/\/aepetba.org.br\/v1\/#\/schema\/logo\/image\/","url":"https:\/\/aepetba.org.br\/v1\/wp-content\/uploads\/revslider\/home\/logo-AEPETBA.png","contentUrl":"https:\/\/aepetba.org.br\/v1\/wp-content\/uploads\/revslider\/home\/logo-AEPETBA.png","width":297,"height":86,"caption":"AEPET N\u00facleo Bahia"},"image":{"@id":"https:\/\/aepetba.org.br\/v1\/#\/schema\/logo\/image\/"}},{"@type":"WebSite","@id":"https:\/\/aepetba.org.br\/v1\/#website","url":"https:\/\/aepetba.org.br\/v1\/","name":"AEPET N\u00daCLEO BAHIA","description":"Associa\u00e7\u00e3o dos Engenheiros da Petrobr\u00e1s N\u00facleo Bahia Petr\u00f3leo Bahia Salvador Nordeste ","publisher":{"@id":"https:\/\/aepetba.org.br\/v1\/#organization"},"potentialAction":[{"@type":"SearchAction","target":{"@type":"EntryPoint","urlTemplate":"https:\/\/aepetba.org.br\/v1\/?s={search_term_string}"},"query-input":"required name=search_term_string"}],"inLanguage":"pt-BR"},{"@type":"ImageObject","inLanguage":"pt-BR","@id":"https:\/\/aepetba.org.br\/v1\/ato-unificado-aepet-ba-adere-ao-movimento-nacional\/#primaryimage","url":"https:\/\/aepetba.org.br\/v1\/wp-content\/uploads\/2022\/06\/Materia-Ato-02-de-junho-petrobras-para-os-brasileiros-petroleo-bahia-Aepet-ba.jpg","contentUrl":"https:\/\/aepetba.org.br\/v1\/wp-content\/uploads\/2022\/06\/Materia-Ato-02-de-junho-petrobras-para-os-brasileiros-petroleo-bahia-Aepet-ba.jpg","width":1078,"height":940},{"@type":"WebPage","@id":"https:\/\/aepetba.org.br\/v1\/ato-unificado-aepet-ba-adere-ao-movimento-nacional\/","url":"https:\/\/aepetba.org.br\/v1\/ato-unificado-aepet-ba-adere-ao-movimento-nacional\/","name":"Ato unificado: AEPET-BA adere ao movimento nacional - AEPET N\u00daCLEO BAHIA","isPartOf":{"@id":"https:\/\/aepetba.org.br\/v1\/#website"},"primaryImageOfPage":{"@id":"https:\/\/aepetba.org.br\/v1\/ato-unificado-aepet-ba-adere-ao-movimento-nacional\/#primaryimage"},"datePublished":"2022-06-03T13:55:14+00:00","dateModified":"2022-06-03T13:55:14+00:00","breadcrumb":{"@id":"https:\/\/aepetba.org.br\/v1\/ato-unificado-aepet-ba-adere-ao-movimento-nacional\/#breadcrumb"},"inLanguage":"pt-BR","potentialAction":[{"@type":"ReadAction","target":["https:\/\/aepetba.org.br\/v1\/ato-unificado-aepet-ba-adere-ao-movimento-nacional\/"]}]},{"@type":"BreadcrumbList","@id":"https:\/\/aepetba.org.br\/v1\/ato-unificado-aepet-ba-adere-ao-movimento-nacional\/#breadcrumb","itemListElement":[{"@type":"ListItem","position":1,"name":"In\u00edcio","item":"https:\/\/aepetba.org.br\/v1\/"},{"@type":"ListItem","position":2,"name":"Ato unificado: AEPET-BA adere ao movimento nacional"}]},{"@type":"Article","@id":"https:\/\/aepetba.org.br\/v1\/ato-unificado-aepet-ba-adere-ao-movimento-nacional\/#article","isPartOf":{"@id":"https:\/\/aepetba.org.br\/v1\/ato-unificado-aepet-ba-adere-ao-movimento-nacional\/"},"author":{"name":"AEPETBA","@id":"https:\/\/aepetba.org.br\/v1\/#\/schema\/person\/3504208f89f3f50e1526867ebb573b88"},"headline":"Ato unificado: AEPET-BA adere ao movimento nacional","datePublished":"2022-06-03T13:55:14+00:00","dateModified":"2022-06-03T13:55:14+00:00","mainEntityOfPage":{"@id":"https:\/\/aepetba.org.br\/v1\/ato-unificado-aepet-ba-adere-ao-movimento-nacional\/"},"wordCount":564,"publisher":{"@id":"https:\/\/aepetba.org.br\/v1\/#organization"},"image":{"@id":"https:\/\/aepetba.org.br\/v1\/ato-unificado-aepet-ba-adere-ao-movimento-nacional\/#primaryimage"},"thumbnailUrl":"https:\/\/aepetba.org.br\/v1\/wp-content\/uploads\/2022\/06\/Materia-Ato-02-de-junho-petrobras-para-os-brasileiros-petroleo-bahia-Aepet-ba.jpg","articleSection":["Coluna do Associado","Destaque","Not\u00edcias"],"inLanguage":"pt-BR"},{"@type":"Person","@id":"https:\/\/aepetba.org.br\/v1\/#\/schema\/person\/3504208f89f3f50e1526867ebb573b88","name":"AEPETBA","image":{"@type":"ImageObject","inLanguage":"pt-BR","@id":"https:\/\/aepetba.org.br\/v1\/#\/schema\/person\/image\/","url":"https:\/\/secure.gravatar.com\/avatar\/3e6e1bf98c38137fc6b937d21e974714?s=96&d=mm&r=g","contentUrl":"https:\/\/secure.gravatar.com\/avatar\/3e6e1bf98c38137fc6b937d21e974714?s=96&d=mm&r=g","caption":"AEPETBA"},"sameAs":["http:\/\/aepetba.org.br\/v1"],"url":"https:\/\/aepetba.org.br\/v1\/author\/lubconsultoria\/"}]}},"_links":{"self":[{"href":"https:\/\/aepetba.org.br\/v1\/wp-json\/wp\/v2\/posts\/38341"}],"collection":[{"href":"https:\/\/aepetba.org.br\/v1\/wp-json\/wp\/v2\/posts"}],"about":[{"href":"https:\/\/aepetba.org.br\/v1\/wp-json\/wp\/v2\/types\/post"}],"author":[{"embeddable":true,"href":"https:\/\/aepetba.org.br\/v1\/wp-json\/wp\/v2\/users\/1"}],"replies":[{"embeddable":true,"href":"https:\/\/aepetba.org.br\/v1\/wp-json\/wp\/v2\/comments?post=38341"}],"version-history":[{"count":1,"href":"https:\/\/aepetba.org.br\/v1\/wp-json\/wp\/v2\/posts\/38341\/revisions"}],"predecessor-version":[{"id":38342,"href":"https:\/\/aepetba.org.br\/v1\/wp-json\/wp\/v2\/posts\/38341\/revisions\/38342"}],"wp:featuredmedia":[{"embeddable":true,"href":"https:\/\/aepetba.org.br\/v1\/wp-json\/wp\/v2\/media\/38343"}],"wp:attachment":[{"href":"https:\/\/aepetba.org.br\/v1\/wp-json\/wp\/v2\/media?parent=38341"}],"wp:term":[{"taxonomy":"category","embeddable":true,"href":"https:\/\/aepetba.org.br\/v1\/wp-json\/wp\/v2\/categories?post=38341"},{"taxonomy":"post_tag","embeddable":true,"href":"https:\/\/aepetba.org.br\/v1\/wp-json\/wp\/v2\/tags?post=38341"}],"curies":[{"name":"wp","href":"https:\/\/api.w.org\/{rel}","templated":true}]}}