{"id":38407,"date":"2022-06-10T17:31:20","date_gmt":"2022-06-10T20:31:20","guid":{"rendered":"https:\/\/aepetba.org.br\/v1\/?p=38407"},"modified":"2022-06-13T12:02:53","modified_gmt":"2022-06-13T15:02:53","slug":"prefeito-de-fortaleza-e-petroleiros-querem-barrar-a-venda-da-lubnor","status":"publish","type":"post","link":"https:\/\/aepetba.org.br\/v1\/prefeito-de-fortaleza-e-petroleiros-querem-barrar-a-venda-da-lubnor\/","title":{"rendered":"Prefeito de Fortaleza e petroleiros querem barrar a venda da Lubnor"},"content":{"rendered":"<!--[if lt IE 9]><script>document.createElement('audio');<\/script><![endif]-->\n<audio class=\"wp-audio-shortcode\" id=\"audio-38407-1\" preload=\"none\" style=\"width: 100%;\" controls=\"controls\"><source type=\"audio\/ogg\" src=\"https:\/\/aepetba.org.br\/v1\/wp-content\/uploads\/2022\/06\/venda-da-Lubnor.ogg?_=1\" \/><a href=\"https:\/\/aepetba.org.br\/v1\/wp-content\/uploads\/2022\/06\/venda-da-Lubnor.ogg\">https:\/\/aepetba.org.br\/v1\/wp-content\/uploads\/2022\/06\/venda-da-Lubnor.ogg<\/a><\/audio>\n<p style=\"text-align: justify; margin: 12.0pt 0cm 12.0pt 0cm;\"><span style=\"font-size: 11.0pt; font-family: 'Arial',sans-serif; color: black; background: white;\">Vendida pela Petrobr\u00e1s <\/span><b><span style=\"font-size: 11.0pt; font-family: 'Arial',sans-serif; color: #1f3864; background: white;\">por US$ 34 milh\u00f5es<\/span><\/b><span style=\"font-size: 11.0pt; font-family: 'Arial',sans-serif; color: black; background: white;\">, em maio, a Lubnor &#8211; refinaria Lubrificantes e Derivados de Petr\u00f3leo do Nordeste, todos os ativos e a parte log\u00edstica, foi adquirida pela empresa <\/span><b><span style=\"font-size: 11.0pt; font-family: 'Arial',sans-serif; color: #1f3864; background: white;\">Grepar Participa\u00e7\u00f5es Ltda.<\/span><\/b> <span style=\"font-size: 11.0pt; font-family: 'Arial',sans-serif; color: black; background: white;\">A refinaria localiza-se em Fortaleza (CE).\u00a0<\/span><\/p>\n<p style=\"text-align: justify; margin: 12.0pt 0cm 12.0pt 0cm;\"><span style=\"text-decoration: underline;\"><a href=\"https:\/\/aepetba.org.br\/v1\/2022\/05\/27\/destruicao-da-petrobras-lubnor-e-entregue-a-grepar-ineep-contesta-valores\/\"><b><span style=\"font-size: 11pt; font-family: Arial, sans-serif; color: #023160; background: white; text-decoration: underline;\">Relembre aqui<\/span><\/b><\/a><b><span style=\"font-size: 11pt; font-family: Arial, sans-serif; color: #023160; background: white; text-decoration: underline;\">\u00a0<\/span><\/b><\/span><\/p>\n<p style=\"text-align: justify; margin: 12.0pt 0cm 12.0pt 0cm;\"><span style=\"font-family: 'Arial',sans-serif; color: black;\">O Ineep apontou que a Petrobr\u00e1s vendeu a Lubnor por um pre\u00e7o muito abaixo do seu real valor de mercado.<\/span><\/p>\n<p style=\"text-align: justify; margin: 12.0pt 0cm 12.0pt 0cm;\"><span style=\"font-family: 'Arial',sans-serif; color: black;\">O prefeito de Fortaleza, <\/span><b><span style=\"font-family: 'Arial',sans-serif; color: #1f3864;\">Jos\u00e9 Sarto (PDT),<\/span><\/b><span style=\"font-family: 'Arial',sans-serif; color: black;\"> questionou a venda da refinaria e solicitou esclarecimentos \u00e0 companhia. De acordo com o prefeito, a Petrobr\u00e1s n\u00e3o tem autoriza\u00e7\u00e3o para repassar o terreno onde a Lubnor est\u00e1 localizada, <\/span><b><span style=\"font-family: 'Arial',sans-serif; color: #1f3864;\">j\u00e1 que 30% dele pertence ao munic\u00edpio <\/span><\/b><span style=\"font-family: 'Arial',sans-serif; color: black;\">e determinou \u00e0 Procuradoria Municipal para que a Petrobr\u00e1s seja acionada na Justi\u00e7a.<\/span><\/p>\n<p style=\"text-align: justify; margin: 12.0pt 0cm 12.0pt 0cm;\"><span style=\"font-family: 'Arial',sans-serif; color: black;\">Al\u00e9m disso, o gestor municipal disse que as negocia\u00e7\u00f5es da Petrobr\u00e1s n\u00e3o levaram em conta aspectos previstos na lei de ocupa\u00e7\u00e3o do solo de Fortaleza.<\/span><\/p>\n<p style=\"text-align: justify; margin: 12.0pt 0cm 12.0pt 0cm;\"><span style=\"font-family: 'Arial',sans-serif; color: black;\">&#8220;Al\u00e9m do preju\u00edzo, a Petrobr\u00e1s concluiu a negocia\u00e7\u00e3o sem autoriza\u00e7\u00e3o do Munic\u00edpio, que \u00e9 dono de 30% do terreno onde a refinaria est\u00e1 instalada. O Munic\u00edpio cedeu esse terreno 50 anos atr\u00e1s para uma empresa p\u00fablica, tendo em vista o interesse p\u00fablico, o desenvolvimento da nossa ind\u00fastria e da nossa economia&#8221;, afirmou o prefeito de Fortaleza, Jos\u00e9 Sarto, ao portal G1.<\/span><\/p>\n<p style=\"text-align: justify; margin: 12.0pt 0cm 12.0pt 0cm;\"><span style=\"font-family: 'Arial',sans-serif; color: black;\">O Observat\u00f3rio Social da Petrobr\u00e1s (OSP), ligada \u00e0 Federa\u00e7\u00e3o Nacional dos Petroleiros (FNP), teve acesso a um documento interno da estatal que informa a exist\u00eancia de \u00e1reas p\u00fablicas dentro da Lubnor. O terreno foi cedido \u00e0 Petrobr\u00e1s em 1974, por meio de uma lei municipal (n\u00ba 4.416).<\/span><\/p>\n<p style=\"text-align: justify; margin: 12.0pt 0cm 12.0pt 0cm;\"><span style=\"font-family: 'Arial',sans-serif; color: black;\">De acordo com a advogada da OSP e FNP, Raquel Sousa, os petroleiros v\u00e3o entrar com uma a\u00e7\u00e3o na justi\u00e7a, pedindo a anula\u00e7\u00e3o da venda da refinaria do Cear\u00e1. Al\u00e9m disso, o Sindipetro cearense e o Vereador de Fortaleza, Guilherme Sampaio, tamb\u00e9m entrar\u00e3o com a\u00e7\u00f5es buscando impedir a venda da Lubnor.<\/span><\/p>\n<p style=\"text-align: justify; margin: 12.0pt 0cm 12.0pt 0cm;\"><span style=\"font-family: 'Arial',sans-serif; color: black;\">A AEPET-BA manifesta sua solidariedade ao povo do Cear\u00e1 e tamb\u00e9m aos companheiros petroleiros nessa luta contra a venda da Lubnor. A entidade \u00e9 contra a venda de ativos da Petrobr\u00e1s e ratifica seu compromisso de lutar pela reestatiza\u00e7\u00e3o do patrim\u00f4nio do povo brasileiro vendido pela Petrobr\u00e1s.<\/span><\/p>\n","protected":false},"excerpt":{"rendered":"<p>Vendida pela Petrobr\u00e1s por US$ 34 milh\u00f5es, em maio, a Lubnor &#8211; refinaria Lubrificantes e Derivados de Petr\u00f3leo do Nordeste, todos os ativos e a parte log\u00edstica, foi adquirida pela empresa Grepar Participa\u00e7\u00f5es Ltda. A refinaria localiza-se em Fortaleza (CE).\u00a0&#8230;<\/p>\n","protected":false},"author":1,"featured_media":38408,"comment_status":"closed","ping_status":"closed","sticky":false,"template":"","format":"standard","meta":[],"categories":[87,10],"tags":[],"yoast_head":"<!-- This site is optimized with the Yoast SEO plugin v19.3 - https:\/\/yoast.com\/wordpress\/plugins\/seo\/ -->\n<title>Prefeito de Fortaleza e petroleiros querem barrar a venda da Lubnor - AEPET N\u00daCLEO BAHIA<\/title>\n<meta name=\"robots\" content=\"index, follow, max-snippet:-1, max-image-preview:large, max-video-preview:-1\" \/>\n<link rel=\"canonical\" href=\"https:\/\/aepetba.org.br\/v1\/prefeito-de-fortaleza-e-petroleiros-querem-barrar-a-venda-da-lubnor\/\" \/>\n<meta property=\"og:locale\" content=\"pt_BR\" \/>\n<meta property=\"og:type\" content=\"article\" \/>\n<meta property=\"og:title\" content=\"Prefeito de Fortaleza e petroleiros querem barrar a venda da Lubnor - AEPET N\u00daCLEO BAHIA\" \/>\n<meta property=\"og:description\" content=\"Vendida pela Petrobr\u00e1s por US$ 34 milh\u00f5es, em maio, a Lubnor &#8211; refinaria Lubrificantes e Derivados de Petr\u00f3leo do Nordeste, todos os ativos e a parte log\u00edstica, foi adquirida pela empresa Grepar Participa\u00e7\u00f5es Ltda. A refinaria localiza-se em Fortaleza (CE).\u00a0...\" \/>\n<meta property=\"og:url\" content=\"https:\/\/aepetba.org.br\/v1\/prefeito-de-fortaleza-e-petroleiros-querem-barrar-a-venda-da-lubnor\/\" \/>\n<meta property=\"og:site_name\" content=\"AEPET N\u00daCLEO BAHIA\" \/>\n<meta property=\"article:publisher\" content=\"https:\/\/web.facebook.com\/aepetba\" \/>\n<meta property=\"article:published_time\" content=\"2022-06-10T20:31:20+00:00\" \/>\n<meta property=\"article:modified_time\" content=\"2022-06-13T15:02:53+00:00\" \/>\n<meta property=\"og:image\" content=\"https:\/\/aepetba.org.br\/v1\/wp-content\/uploads\/2022\/06\/Materia-Prefeito-de-Fortaleza-e-petroleiros-querem-barrar-a-venda-da-Lubnor-privatizar-faz-mal-ao-brasil-Aepet-ba.jpg\" \/>\n\t<meta property=\"og:image:width\" content=\"1079\" \/>\n\t<meta property=\"og:image:height\" content=\"923\" \/>\n\t<meta property=\"og:image:type\" content=\"image\/jpeg\" \/>\n<meta name=\"author\" content=\"AEPETBA\" \/>\n<meta name=\"twitter:card\" content=\"summary_large_image\" \/>\n<meta name=\"twitter:creator\" content=\"@aepetbahia\" \/>\n<meta name=\"twitter:site\" content=\"@aepetbahia\" \/>\n<meta name=\"twitter:label1\" content=\"Escrito por\" \/>\n\t<meta name=\"twitter:data1\" content=\"AEPETBA\" \/>\n\t<meta name=\"twitter:label2\" content=\"Est. tempo de leitura\" \/>\n\t<meta name=\"twitter:data2\" content=\"2 minutos\" \/>\n<script type=\"application\/ld+json\" class=\"yoast-schema-graph\">{\"@context\":\"https:\/\/schema.org\",\"@graph\":[{\"@type\":\"Organization\",\"@id\":\"https:\/\/aepetba.org.br\/v1\/#organization\",\"name\":\"AEPET N\u00facleo Bahia\",\"url\":\"https:\/\/aepetba.org.br\/v1\/\",\"sameAs\":[\"https:\/\/www.instagram.com\/aepetbahia\/\",\"https:\/\/www.youtube.com\/c\/AEPETBAHIA\",\"https:\/\/web.facebook.com\/aepetba\",\"https:\/\/twitter.com\/aepetbahia\"],\"logo\":{\"@type\":\"ImageObject\",\"inLanguage\":\"pt-BR\",\"@id\":\"https:\/\/aepetba.org.br\/v1\/#\/schema\/logo\/image\/\",\"url\":\"https:\/\/aepetba.org.br\/v1\/wp-content\/uploads\/revslider\/home\/logo-AEPETBA.png\",\"contentUrl\":\"https:\/\/aepetba.org.br\/v1\/wp-content\/uploads\/revslider\/home\/logo-AEPETBA.png\",\"width\":297,\"height\":86,\"caption\":\"AEPET N\u00facleo Bahia\"},\"image\":{\"@id\":\"https:\/\/aepetba.org.br\/v1\/#\/schema\/logo\/image\/\"}},{\"@type\":\"WebSite\",\"@id\":\"https:\/\/aepetba.org.br\/v1\/#website\",\"url\":\"https:\/\/aepetba.org.br\/v1\/\",\"name\":\"AEPET N\u00daCLEO BAHIA\",\"description\":\"Associa\u00e7\u00e3o dos Engenheiros da Petrobr\u00e1s N\u00facleo Bahia Petr\u00f3leo Bahia Salvador Nordeste \",\"publisher\":{\"@id\":\"https:\/\/aepetba.org.br\/v1\/#organization\"},\"potentialAction\":[{\"@type\":\"SearchAction\",\"target\":{\"@type\":\"EntryPoint\",\"urlTemplate\":\"https:\/\/aepetba.org.br\/v1\/?s={search_term_string}\"},\"query-input\":\"required name=search_term_string\"}],\"inLanguage\":\"pt-BR\"},{\"@type\":\"ImageObject\",\"inLanguage\":\"pt-BR\",\"@id\":\"https:\/\/aepetba.org.br\/v1\/prefeito-de-fortaleza-e-petroleiros-querem-barrar-a-venda-da-lubnor\/#primaryimage\",\"url\":\"https:\/\/aepetba.org.br\/v1\/wp-content\/uploads\/2022\/06\/Materia-Prefeito-de-Fortaleza-e-petroleiros-querem-barrar-a-venda-da-Lubnor-privatizar-faz-mal-ao-brasil-Aepet-ba.jpg\",\"contentUrl\":\"https:\/\/aepetba.org.br\/v1\/wp-content\/uploads\/2022\/06\/Materia-Prefeito-de-Fortaleza-e-petroleiros-querem-barrar-a-venda-da-Lubnor-privatizar-faz-mal-ao-brasil-Aepet-ba.jpg\",\"width\":1079,\"height\":923},{\"@type\":\"WebPage\",\"@id\":\"https:\/\/aepetba.org.br\/v1\/prefeito-de-fortaleza-e-petroleiros-querem-barrar-a-venda-da-lubnor\/\",\"url\":\"https:\/\/aepetba.org.br\/v1\/prefeito-de-fortaleza-e-petroleiros-querem-barrar-a-venda-da-lubnor\/\",\"name\":\"Prefeito de Fortaleza e petroleiros querem barrar a venda da Lubnor - AEPET N\u00daCLEO BAHIA\",\"isPartOf\":{\"@id\":\"https:\/\/aepetba.org.br\/v1\/#website\"},\"primaryImageOfPage\":{\"@id\":\"https:\/\/aepetba.org.br\/v1\/prefeito-de-fortaleza-e-petroleiros-querem-barrar-a-venda-da-lubnor\/#primaryimage\"},\"datePublished\":\"2022-06-10T20:31:20+00:00\",\"dateModified\":\"2022-06-13T15:02:53+00:00\",\"breadcrumb\":{\"@id\":\"https:\/\/aepetba.org.br\/v1\/prefeito-de-fortaleza-e-petroleiros-querem-barrar-a-venda-da-lubnor\/#breadcrumb\"},\"inLanguage\":\"pt-BR\",\"potentialAction\":[{\"@type\":\"ReadAction\",\"target\":[\"https:\/\/aepetba.org.br\/v1\/prefeito-de-fortaleza-e-petroleiros-querem-barrar-a-venda-da-lubnor\/\"]}]},{\"@type\":\"BreadcrumbList\",\"@id\":\"https:\/\/aepetba.org.br\/v1\/prefeito-de-fortaleza-e-petroleiros-querem-barrar-a-venda-da-lubnor\/#breadcrumb\",\"itemListElement\":[{\"@type\":\"ListItem\",\"position\":1,\"name\":\"In\u00edcio\",\"item\":\"https:\/\/aepetba.org.br\/v1\/\"},{\"@type\":\"ListItem\",\"position\":2,\"name\":\"Prefeito de Fortaleza e petroleiros querem barrar a venda da Lubnor\"}]},{\"@type\":\"Article\",\"@id\":\"https:\/\/aepetba.org.br\/v1\/prefeito-de-fortaleza-e-petroleiros-querem-barrar-a-venda-da-lubnor\/#article\",\"isPartOf\":{\"@id\":\"https:\/\/aepetba.org.br\/v1\/prefeito-de-fortaleza-e-petroleiros-querem-barrar-a-venda-da-lubnor\/\"},\"author\":{\"name\":\"AEPETBA\",\"@id\":\"https:\/\/aepetba.org.br\/v1\/#\/schema\/person\/3504208f89f3f50e1526867ebb573b88\"},\"headline\":\"Prefeito de Fortaleza e petroleiros querem barrar a venda da Lubnor\",\"datePublished\":\"2022-06-10T20:31:20+00:00\",\"dateModified\":\"2022-06-13T15:02:53+00:00\",\"mainEntityOfPage\":{\"@id\":\"https:\/\/aepetba.org.br\/v1\/prefeito-de-fortaleza-e-petroleiros-querem-barrar-a-venda-da-lubnor\/\"},\"wordCount\":408,\"publisher\":{\"@id\":\"https:\/\/aepetba.org.br\/v1\/#organization\"},\"image\":{\"@id\":\"https:\/\/aepetba.org.br\/v1\/prefeito-de-fortaleza-e-petroleiros-querem-barrar-a-venda-da-lubnor\/#primaryimage\"},\"thumbnailUrl\":\"https:\/\/aepetba.org.br\/v1\/wp-content\/uploads\/2022\/06\/Materia-Prefeito-de-Fortaleza-e-petroleiros-querem-barrar-a-venda-da-Lubnor-privatizar-faz-mal-ao-brasil-Aepet-ba.jpg\",\"articleSection\":[\"Destaque\",\"Not\u00edcias\"],\"inLanguage\":\"pt-BR\"},{\"@type\":\"Person\",\"@id\":\"https:\/\/aepetba.org.br\/v1\/#\/schema\/person\/3504208f89f3f50e1526867ebb573b88\",\"name\":\"AEPETBA\",\"image\":{\"@type\":\"ImageObject\",\"inLanguage\":\"pt-BR\",\"@id\":\"https:\/\/aepetba.org.br\/v1\/#\/schema\/person\/image\/\",\"url\":\"https:\/\/secure.gravatar.com\/avatar\/3e6e1bf98c38137fc6b937d21e974714?s=96&d=mm&r=g\",\"contentUrl\":\"https:\/\/secure.gravatar.com\/avatar\/3e6e1bf98c38137fc6b937d21e974714?s=96&d=mm&r=g\",\"caption\":\"AEPETBA\"},\"sameAs\":[\"http:\/\/aepetba.org.br\/v1\"],\"url\":\"https:\/\/aepetba.org.br\/v1\/author\/lubconsultoria\/\"}]}<\/script>\n<!-- \/ Yoast SEO plugin. -->","yoast_head_json":{"title":"Prefeito de Fortaleza e petroleiros querem barrar a venda da Lubnor - AEPET N\u00daCLEO BAHIA","robots":{"index":"index","follow":"follow","max-snippet":"max-snippet:-1","max-image-preview":"max-image-preview:large","max-video-preview":"max-video-preview:-1"},"canonical":"https:\/\/aepetba.org.br\/v1\/prefeito-de-fortaleza-e-petroleiros-querem-barrar-a-venda-da-lubnor\/","og_locale":"pt_BR","og_type":"article","og_title":"Prefeito de Fortaleza e petroleiros querem barrar a venda da Lubnor - AEPET N\u00daCLEO BAHIA","og_description":"Vendida pela Petrobr\u00e1s por US$ 34 milh\u00f5es, em maio, a Lubnor &#8211; refinaria Lubrificantes e Derivados de Petr\u00f3leo do Nordeste, todos os ativos e a parte log\u00edstica, foi adquirida pela empresa Grepar Participa\u00e7\u00f5es Ltda. A refinaria localiza-se em Fortaleza (CE).\u00a0...","og_url":"https:\/\/aepetba.org.br\/v1\/prefeito-de-fortaleza-e-petroleiros-querem-barrar-a-venda-da-lubnor\/","og_site_name":"AEPET N\u00daCLEO BAHIA","article_publisher":"https:\/\/web.facebook.com\/aepetba","article_published_time":"2022-06-10T20:31:20+00:00","article_modified_time":"2022-06-13T15:02:53+00:00","og_image":[{"width":1079,"height":923,"url":"https:\/\/aepetba.org.br\/v1\/wp-content\/uploads\/2022\/06\/Materia-Prefeito-de-Fortaleza-e-petroleiros-querem-barrar-a-venda-da-Lubnor-privatizar-faz-mal-ao-brasil-Aepet-ba.jpg","type":"image\/jpeg"}],"author":"AEPETBA","twitter_card":"summary_large_image","twitter_creator":"@aepetbahia","twitter_site":"@aepetbahia","twitter_misc":{"Escrito por":"AEPETBA","Est. tempo de leitura":"2 minutos"},"schema":{"@context":"https:\/\/schema.org","@graph":[{"@type":"Organization","@id":"https:\/\/aepetba.org.br\/v1\/#organization","name":"AEPET N\u00facleo Bahia","url":"https:\/\/aepetba.org.br\/v1\/","sameAs":["https:\/\/www.instagram.com\/aepetbahia\/","https:\/\/www.youtube.com\/c\/AEPETBAHIA","https:\/\/web.facebook.com\/aepetba","https:\/\/twitter.com\/aepetbahia"],"logo":{"@type":"ImageObject","inLanguage":"pt-BR","@id":"https:\/\/aepetba.org.br\/v1\/#\/schema\/logo\/image\/","url":"https:\/\/aepetba.org.br\/v1\/wp-content\/uploads\/revslider\/home\/logo-AEPETBA.png","contentUrl":"https:\/\/aepetba.org.br\/v1\/wp-content\/uploads\/revslider\/home\/logo-AEPETBA.png","width":297,"height":86,"caption":"AEPET N\u00facleo Bahia"},"image":{"@id":"https:\/\/aepetba.org.br\/v1\/#\/schema\/logo\/image\/"}},{"@type":"WebSite","@id":"https:\/\/aepetba.org.br\/v1\/#website","url":"https:\/\/aepetba.org.br\/v1\/","name":"AEPET N\u00daCLEO BAHIA","description":"Associa\u00e7\u00e3o dos Engenheiros da Petrobr\u00e1s N\u00facleo Bahia Petr\u00f3leo Bahia Salvador Nordeste ","publisher":{"@id":"https:\/\/aepetba.org.br\/v1\/#organization"},"potentialAction":[{"@type":"SearchAction","target":{"@type":"EntryPoint","urlTemplate":"https:\/\/aepetba.org.br\/v1\/?s={search_term_string}"},"query-input":"required name=search_term_string"}],"inLanguage":"pt-BR"},{"@type":"ImageObject","inLanguage":"pt-BR","@id":"https:\/\/aepetba.org.br\/v1\/prefeito-de-fortaleza-e-petroleiros-querem-barrar-a-venda-da-lubnor\/#primaryimage","url":"https:\/\/aepetba.org.br\/v1\/wp-content\/uploads\/2022\/06\/Materia-Prefeito-de-Fortaleza-e-petroleiros-querem-barrar-a-venda-da-Lubnor-privatizar-faz-mal-ao-brasil-Aepet-ba.jpg","contentUrl":"https:\/\/aepetba.org.br\/v1\/wp-content\/uploads\/2022\/06\/Materia-Prefeito-de-Fortaleza-e-petroleiros-querem-barrar-a-venda-da-Lubnor-privatizar-faz-mal-ao-brasil-Aepet-ba.jpg","width":1079,"height":923},{"@type":"WebPage","@id":"https:\/\/aepetba.org.br\/v1\/prefeito-de-fortaleza-e-petroleiros-querem-barrar-a-venda-da-lubnor\/","url":"https:\/\/aepetba.org.br\/v1\/prefeito-de-fortaleza-e-petroleiros-querem-barrar-a-venda-da-lubnor\/","name":"Prefeito de Fortaleza e petroleiros querem barrar a venda da Lubnor - AEPET N\u00daCLEO BAHIA","isPartOf":{"@id":"https:\/\/aepetba.org.br\/v1\/#website"},"primaryImageOfPage":{"@id":"https:\/\/aepetba.org.br\/v1\/prefeito-de-fortaleza-e-petroleiros-querem-barrar-a-venda-da-lubnor\/#primaryimage"},"datePublished":"2022-06-10T20:31:20+00:00","dateModified":"2022-06-13T15:02:53+00:00","breadcrumb":{"@id":"https:\/\/aepetba.org.br\/v1\/prefeito-de-fortaleza-e-petroleiros-querem-barrar-a-venda-da-lubnor\/#breadcrumb"},"inLanguage":"pt-BR","potentialAction":[{"@type":"ReadAction","target":["https:\/\/aepetba.org.br\/v1\/prefeito-de-fortaleza-e-petroleiros-querem-barrar-a-venda-da-lubnor\/"]}]},{"@type":"BreadcrumbList","@id":"https:\/\/aepetba.org.br\/v1\/prefeito-de-fortaleza-e-petroleiros-querem-barrar-a-venda-da-lubnor\/#breadcrumb","itemListElement":[{"@type":"ListItem","position":1,"name":"In\u00edcio","item":"https:\/\/aepetba.org.br\/v1\/"},{"@type":"ListItem","position":2,"name":"Prefeito de Fortaleza e petroleiros querem barrar a venda da Lubnor"}]},{"@type":"Article","@id":"https:\/\/aepetba.org.br\/v1\/prefeito-de-fortaleza-e-petroleiros-querem-barrar-a-venda-da-lubnor\/#article","isPartOf":{"@id":"https:\/\/aepetba.org.br\/v1\/prefeito-de-fortaleza-e-petroleiros-querem-barrar-a-venda-da-lubnor\/"},"author":{"name":"AEPETBA","@id":"https:\/\/aepetba.org.br\/v1\/#\/schema\/person\/3504208f89f3f50e1526867ebb573b88"},"headline":"Prefeito de Fortaleza e petroleiros querem barrar a venda da Lubnor","datePublished":"2022-06-10T20:31:20+00:00","dateModified":"2022-06-13T15:02:53+00:00","mainEntityOfPage":{"@id":"https:\/\/aepetba.org.br\/v1\/prefeito-de-fortaleza-e-petroleiros-querem-barrar-a-venda-da-lubnor\/"},"wordCount":408,"publisher":{"@id":"https:\/\/aepetba.org.br\/v1\/#organization"},"image":{"@id":"https:\/\/aepetba.org.br\/v1\/prefeito-de-fortaleza-e-petroleiros-querem-barrar-a-venda-da-lubnor\/#primaryimage"},"thumbnailUrl":"https:\/\/aepetba.org.br\/v1\/wp-content\/uploads\/2022\/06\/Materia-Prefeito-de-Fortaleza-e-petroleiros-querem-barrar-a-venda-da-Lubnor-privatizar-faz-mal-ao-brasil-Aepet-ba.jpg","articleSection":["Destaque","Not\u00edcias"],"inLanguage":"pt-BR"},{"@type":"Person","@id":"https:\/\/aepetba.org.br\/v1\/#\/schema\/person\/3504208f89f3f50e1526867ebb573b88","name":"AEPETBA","image":{"@type":"ImageObject","inLanguage":"pt-BR","@id":"https:\/\/aepetba.org.br\/v1\/#\/schema\/person\/image\/","url":"https:\/\/secure.gravatar.com\/avatar\/3e6e1bf98c38137fc6b937d21e974714?s=96&d=mm&r=g","contentUrl":"https:\/\/secure.gravatar.com\/avatar\/3e6e1bf98c38137fc6b937d21e974714?s=96&d=mm&r=g","caption":"AEPETBA"},"sameAs":["http:\/\/aepetba.org.br\/v1"],"url":"https:\/\/aepetba.org.br\/v1\/author\/lubconsultoria\/"}]}},"_links":{"self":[{"href":"https:\/\/aepetba.org.br\/v1\/wp-json\/wp\/v2\/posts\/38407"}],"collection":[{"href":"https:\/\/aepetba.org.br\/v1\/wp-json\/wp\/v2\/posts"}],"about":[{"href":"https:\/\/aepetba.org.br\/v1\/wp-json\/wp\/v2\/types\/post"}],"author":[{"embeddable":true,"href":"https:\/\/aepetba.org.br\/v1\/wp-json\/wp\/v2\/users\/1"}],"replies":[{"embeddable":true,"href":"https:\/\/aepetba.org.br\/v1\/wp-json\/wp\/v2\/comments?post=38407"}],"version-history":[{"count":1,"href":"https:\/\/aepetba.org.br\/v1\/wp-json\/wp\/v2\/posts\/38407\/revisions"}],"predecessor-version":[{"id":38410,"href":"https:\/\/aepetba.org.br\/v1\/wp-json\/wp\/v2\/posts\/38407\/revisions\/38410"}],"wp:featuredmedia":[{"embeddable":true,"href":"https:\/\/aepetba.org.br\/v1\/wp-json\/wp\/v2\/media\/38408"}],"wp:attachment":[{"href":"https:\/\/aepetba.org.br\/v1\/wp-json\/wp\/v2\/media?parent=38407"}],"wp:term":[{"taxonomy":"category","embeddable":true,"href":"https:\/\/aepetba.org.br\/v1\/wp-json\/wp\/v2\/categories?post=38407"},{"taxonomy":"post_tag","embeddable":true,"href":"https:\/\/aepetba.org.br\/v1\/wp-json\/wp\/v2\/tags?post=38407"}],"curies":[{"name":"wp","href":"https:\/\/api.w.org\/{rel}","templated":true}]}}