{"id":38453,"date":"2022-06-20T21:11:36","date_gmt":"2022-06-21T00:11:36","guid":{"rendered":"https:\/\/aepetba.org.br\/v1\/?p=38453"},"modified":"2022-06-21T12:35:37","modified_gmt":"2022-06-21T15:35:37","slug":"jose-mauro-pede-saida-da-petrobras-interino-assume-enquanto-nao-acontece-nova-eleicao","status":"publish","type":"post","link":"https:\/\/aepetba.org.br\/v1\/jose-mauro-pede-saida-da-petrobras-interino-assume-enquanto-nao-acontece-nova-eleicao\/","title":{"rendered":"Jos\u00e9 Mauro pede sa\u00edda da Petrobr\u00e1s; interino assume enquanto n\u00e3o acontece nova elei\u00e7\u00e3o"},"content":{"rendered":"<!--[if lt IE 9]><script>document.createElement('audio');<\/script><![endif]-->\n<audio class=\"wp-audio-shortcode\" id=\"audio-38453-1\" preload=\"none\" style=\"width: 100%;\" controls=\"controls\"><source type=\"audio\/ogg\" src=\"https:\/\/aepetba.org.br\/v1\/wp-content\/uploads\/2022\/06\/petrobras-sem-presidente-pela-quarta-vez-em-2-anos.ogg?_=1\" \/><a href=\"https:\/\/aepetba.org.br\/v1\/wp-content\/uploads\/2022\/06\/petrobras-sem-presidente-pela-quarta-vez-em-2-anos.ogg\">https:\/\/aepetba.org.br\/v1\/wp-content\/uploads\/2022\/06\/petrobras-sem-presidente-pela-quarta-vez-em-2-anos.ogg<\/a><\/audio>\n<p style=\"text-align: justify; margin: 12.0pt 0cm 12.0pt 0cm;\"><span style=\"font-family: 'Arial',sans-serif; color: black;\">Em meio \u00e0s press\u00f5es nos bastidores, o presidente da Petrobr\u00e1s, Jos\u00e9 Mauro Coelho pede demiss\u00e3o. Ele ficou 68 dias no cargo e ser\u00e1 a quarta mudan\u00e7a em menos de dois anos. Segundo informa\u00e7\u00f5es, ele teria tomado a decis\u00e3o depois da amea\u00e7a de instalar a CPI da Petrobr\u00e1s, no Congresso.<\/span><\/p>\n<p style=\"text-align: justify; margin: 12.0pt 0cm 12.0pt 0cm;\"><b><span style=\"font-family: 'Arial',sans-serif; color: #1f3864;\">Coelho tamb\u00e9m solicitou dispensa do Conselho de Administra\u00e7\u00e3o da companhia.<\/span><\/b> <span style=\"font-family: 'Arial',sans-serif; color: black;\">A mudan\u00e7a acontece um m\u00eas ap\u00f3s o executivo come\u00e7ar a ser pressionado pelo pr\u00f3prio governo, em desespero, perto das elei\u00e7\u00f5es, diante de mais um reajuste no pre\u00e7o dos combust\u00edveis.<\/span><\/p>\n<p style=\"text-align: justify;\"><strong>Relembre &#8211; <em><span style=\"text-decoration: underline;\"><a href=\"https:\/\/aepetba.org.br\/v1\/2022\/05\/25\/incompetencia-e-trapalhadas-marcam-nomeacoes-para-a-presidencia-da-petrobras\/\" target=\"_blank\" rel=\"noopener\">Incompet\u00eancia e trapalhadas marcam nomea\u00e7\u00f5es para a presid\u00eancia da Petrobr\u00e1s<\/a><\/span><\/em><\/strong><\/p>\n<p style=\"text-align: justify; margin: 12.0pt 0cm 12.0pt 0cm;\"><span style=\"font-family: 'Arial',sans-serif; color: black;\">Conforme j\u00e1 informado desde maio, <\/span><b><span style=\"font-family: 'Arial',sans-serif; color: #1f3864;\">o prov\u00e1vel substituto ser\u00e1 Caio Paes de Andrade,<\/span><\/b><span style=\"font-family: 'Arial',sans-serif; color: black;\"> atual secret\u00e1rio de Desburocratiza\u00e7\u00e3o do Minist\u00e9rio da Economia. Por\u00e9m, o nome indicado pelo governo <\/span><b><span style=\"font-family: 'Arial',sans-serif; color: #1f3864;\">esbarrou<\/span><\/b><span style=\"font-family: 'Arial',sans-serif; color: black;\"> nos tr\u00e2mites legais definidos pelo estatuto da companhia para a substitui\u00e7\u00e3o.<\/span><\/p>\n<p style=\"text-align: justify; margin: 12.0pt 0cm 12.0pt 0cm;\"><span style=\"font-family: 'Arial',sans-serif; color: black;\">Assim como Jos\u00e9 Mauro, <\/span><b><span style=\"font-family: 'Arial',sans-serif; color: #1f3864;\">Roberto Castello Branco e o general Joaquim Silva e Luna tamb\u00e9m deixaram o comando da Petrobr\u00e1s diante press\u00e3o do pr\u00f3prio governo<\/span><\/b><span style=\"font-family: 'Arial',sans-serif; color: black;\"> por conta da alta de pre\u00e7os dos combust\u00edveis. Quantas trocas teremos at\u00e9 outubro? Fa\u00e7am suas apostas.<\/span><\/p>\n<p style=\"text-align: justify; margin: 12.0pt 0cm 12.0pt 0cm;\"><span style=\"font-family: 'Arial',sans-serif; color: black;\">Bolsonaro pode trocar quantos presidentes ele quiser (um ato prejudicial \u00e0 empresa), mas o que deveria ser mudado \u00e9 a pol\u00edtica de pre\u00e7os, que permanece desde 2016. <\/span><b><span style=\"font-family: 'Arial',sans-serif; color: #1f3864;\">A culpa \u00e9 do PPI, que segue dolarizando os pre\u00e7os dos combust\u00edveis, deixando os valores nas alturas!<\/span><\/b><\/p>\n<p style=\"text-align: justify; margin: 12.0pt 0cm 12.0pt 0cm;\"><span style=\"font-family: 'Arial',sans-serif; color: black;\">Bolsonaro, Guedes e parceiros pol\u00edticos do Centr\u00e3o v\u00eam arruinando a reputa\u00e7\u00e3o da Petrobr\u00e1s para obter apoio e facilitar a privatiza\u00e7\u00e3o, em vez de assumir a responsabilidade de mudar a pol\u00edtica de pre\u00e7os. Foi o que fez Michel Temer, em 2016, quando criou o famigerado PPI. Para a popula\u00e7\u00e3o, o presidente finge que est\u00e1 indignado com os aumentos abusivos dos pre\u00e7os dos combust\u00edveis e amea\u00e7a pressionar o Congresso a abrir a CPI da Petrobr\u00e1s. O que ele deveria fazer, e n\u00e3o faz, \u00e9 pressionar os seus indicados no Conselho de Administra\u00e7\u00e3o da Petrobr\u00e1s e acabar com o PPI, que est\u00e1 encarecendo os combust\u00edveis, alimentos e aumentando a infla\u00e7\u00e3o.<\/span><\/p>\n<p style=\"text-align: justify; margin: 12.0pt 0cm 12.0pt 0cm;\"><span style=\"font-family: 'Arial',sans-serif; color: black;\">Para o presidente da AEPET-BA, Marcos Andr\u00e9, neste momento \u201ca \u00fanica solu\u00e7\u00e3o para cobrar pre\u00e7os justos dos combust\u00edveis e g\u00e1s de cozinha \u00e9 o fim do PPI. O resto \u00e9 palha\u00e7ada eleitoreira de Bolsonaro e sua turma que busca colocar o povo contra a Petrobr\u00e1s no desejo de privatizar de vez a empresa\u201d<\/span><\/p>\n<h2 style=\"text-align: justify; margin: 12.0pt 0cm 12.0pt 0cm;\"><b><span style=\"font-family: 'Arial',sans-serif; color: black;\">Comando Interino na Petrobr\u00e1s<\/span><\/b><\/h2>\n<p style=\"text-align: justify; margin: 12.0pt 0cm 12.0pt 0cm;\"><span style=\"font-family: 'Arial',sans-serif; color: black;\">Logo depois do an\u00fancio da sa\u00edda de Jos\u00e9 Mauro, a Petrobr\u00e1s comunicou o nome de <\/span><b><span style=\"font-family: 'Arial',sans-serif; color: #1f3864;\">Fernando Borges<\/span><\/b><span style=\"font-family: 'Arial',sans-serif; color: black;\"> para presidir a companhia, de forma interina. Ele \u00e9 o atual diretor executivo de Explora\u00e7\u00e3o e Produ\u00e7\u00e3o da estatal.<\/span><\/p>\n<p style=\"text-align: justify; margin: 12.0pt 0cm 12.0pt 0cm;\"><span style=\"font-family: 'Arial',sans-serif; color: black;\">Conforme nota oficial da Petrobr\u00e1s, protocolado junto \u00e0 Comiss\u00e3o de Valores Mobili\u00e1rios (CVM), <\/span><b><span style=\"font-family: 'Arial',sans-serif; color: #1f3864;\">Borges ficar\u00e1 no comando at\u00e9 que assuma o novo presidente.<\/span><\/b><\/p>\n<p style=\"text-align: justify; margin: 12.0pt 0cm 12.0pt 0cm;\"><span style=\"font-family: 'Arial',sans-serif; color: black;\">Fernando <\/span><b><span style=\"font-family: 'Arial',sans-serif; color: #1f3864;\">trabalha na Petrobr\u00e1s h\u00e1 quase 40 anos.<\/span><\/b> <span style=\"font-family: 'Arial',sans-serif; color: black;\">Ele possui passagens em diversas fun\u00e7\u00f5es gerenciais na \u00e1rea de Explora\u00e7\u00e3o e Produ\u00e7\u00e3o, incluindo a Ger\u00eancia Executiva de Libra e a Ger\u00eancia Executiva de Relacionamento Externo.<\/span><\/p>\n<p style=\"text-align: justify; margin: 12.0pt 0cm 12.0pt 0cm;\"><span style=\"font-family: 'Arial',sans-serif; color: black;\">Entre 2016 e mar\u00e7o de 2020, Borges tamb\u00e9m atuou como <\/span><b><span style=\"font-family: 'Arial',sans-serif; color: #1f3864;\">Diretor no Instituto Brasileiro de Petr\u00f3leo, G\u00e1s e Biocombust\u00edveis (IBP)<\/span><\/b><span style=\"font-family: 'Arial',sans-serif; color: black;\"> e desde abril de 2016 exerce, por indica\u00e7\u00e3o da Petrobr\u00e1s, a fun\u00e7\u00e3o de <\/span><b><span style=\"font-family: 'Arial',sans-serif; color: #1f3864;\">Diretor da Associa\u00e7\u00e3o Brasileira de Empresas de Explora\u00e7\u00e3o e Produ\u00e7\u00e3o de Petr\u00f3leo e G\u00e1s (ABEP).<\/span><\/b><\/p>\n<p style=\"text-align: justify; margin: 12.0pt 0cm 12.0pt 0cm;\"><i><span style=\"font-size: 10.0pt; font-family: 'Arial',sans-serif; color: black;\">(Com informa\u00e7\u00f5es do G1)<\/span><\/i><\/p>\n","protected":false},"excerpt":{"rendered":"<p>Em meio \u00e0s press\u00f5es nos bastidores, o presidente da Petrobr\u00e1s, Jos\u00e9 Mauro Coelho pede demiss\u00e3o. Ele ficou 68 dias no cargo e ser\u00e1 a quarta mudan\u00e7a em menos de dois anos. Segundo informa\u00e7\u00f5es, ele teria tomado a decis\u00e3o depois da&#8230;<\/p>\n","protected":false},"author":1,"featured_media":38454,"comment_status":"closed","ping_status":"closed","sticky":false,"template":"","format":"standard","meta":[],"categories":[87,10],"tags":[],"yoast_head":"<!-- This site is optimized with the Yoast SEO plugin v19.3 - https:\/\/yoast.com\/wordpress\/plugins\/seo\/ -->\n<title>Jos\u00e9 Mauro pede sa\u00edda da Petrobr\u00e1s; interino assume enquanto n\u00e3o acontece nova elei\u00e7\u00e3o - AEPET N\u00daCLEO BAHIA<\/title>\n<meta name=\"robots\" content=\"index, follow, max-snippet:-1, max-image-preview:large, max-video-preview:-1\" \/>\n<link rel=\"canonical\" href=\"https:\/\/aepetba.org.br\/v1\/jose-mauro-pede-saida-da-petrobras-interino-assume-enquanto-nao-acontece-nova-eleicao\/\" \/>\n<meta property=\"og:locale\" content=\"pt_BR\" \/>\n<meta property=\"og:type\" content=\"article\" \/>\n<meta property=\"og:title\" content=\"Jos\u00e9 Mauro pede sa\u00edda da Petrobr\u00e1s; interino assume enquanto n\u00e3o acontece nova elei\u00e7\u00e3o - AEPET N\u00daCLEO BAHIA\" \/>\n<meta property=\"og:description\" content=\"Em meio \u00e0s press\u00f5es nos bastidores, o presidente da Petrobr\u00e1s, Jos\u00e9 Mauro Coelho pede demiss\u00e3o. Ele ficou 68 dias no cargo e ser\u00e1 a quarta mudan\u00e7a em menos de dois anos. Segundo informa\u00e7\u00f5es, ele teria tomado a decis\u00e3o depois da...\" \/>\n<meta property=\"og:url\" content=\"https:\/\/aepetba.org.br\/v1\/jose-mauro-pede-saida-da-petrobras-interino-assume-enquanto-nao-acontece-nova-eleicao\/\" \/>\n<meta property=\"og:site_name\" content=\"AEPET N\u00daCLEO BAHIA\" \/>\n<meta property=\"article:publisher\" content=\"https:\/\/web.facebook.com\/aepetba\" \/>\n<meta property=\"article:published_time\" content=\"2022-06-21T00:11:36+00:00\" \/>\n<meta property=\"article:modified_time\" content=\"2022-06-21T15:35:37+00:00\" \/>\n<meta property=\"og:image\" content=\"https:\/\/aepetba.org.br\/v1\/wp-content\/uploads\/2022\/06\/Materia-Petrobras-sem-presidente-novamente-petroleo-bahia-Aepet-ba.jpg\" \/>\n\t<meta property=\"og:image:width\" content=\"1079\" \/>\n\t<meta property=\"og:image:height\" content=\"926\" \/>\n\t<meta property=\"og:image:type\" content=\"image\/jpeg\" \/>\n<meta name=\"author\" content=\"AEPETBA\" \/>\n<meta name=\"twitter:card\" content=\"summary_large_image\" \/>\n<meta name=\"twitter:creator\" content=\"@aepetbahia\" \/>\n<meta name=\"twitter:site\" content=\"@aepetbahia\" \/>\n<meta name=\"twitter:label1\" content=\"Escrito por\" \/>\n\t<meta name=\"twitter:data1\" content=\"AEPETBA\" \/>\n\t<meta name=\"twitter:label2\" content=\"Est. tempo de leitura\" \/>\n\t<meta name=\"twitter:data2\" content=\"3 minutos\" \/>\n<script type=\"application\/ld+json\" class=\"yoast-schema-graph\">{\"@context\":\"https:\/\/schema.org\",\"@graph\":[{\"@type\":\"Organization\",\"@id\":\"https:\/\/aepetba.org.br\/v1\/#organization\",\"name\":\"AEPET N\u00facleo Bahia\",\"url\":\"https:\/\/aepetba.org.br\/v1\/\",\"sameAs\":[\"https:\/\/www.instagram.com\/aepetbahia\/\",\"https:\/\/www.youtube.com\/c\/AEPETBAHIA\",\"https:\/\/web.facebook.com\/aepetba\",\"https:\/\/twitter.com\/aepetbahia\"],\"logo\":{\"@type\":\"ImageObject\",\"inLanguage\":\"pt-BR\",\"@id\":\"https:\/\/aepetba.org.br\/v1\/#\/schema\/logo\/image\/\",\"url\":\"https:\/\/aepetba.org.br\/v1\/wp-content\/uploads\/revslider\/home\/logo-AEPETBA.png\",\"contentUrl\":\"https:\/\/aepetba.org.br\/v1\/wp-content\/uploads\/revslider\/home\/logo-AEPETBA.png\",\"width\":297,\"height\":86,\"caption\":\"AEPET N\u00facleo Bahia\"},\"image\":{\"@id\":\"https:\/\/aepetba.org.br\/v1\/#\/schema\/logo\/image\/\"}},{\"@type\":\"WebSite\",\"@id\":\"https:\/\/aepetba.org.br\/v1\/#website\",\"url\":\"https:\/\/aepetba.org.br\/v1\/\",\"name\":\"AEPET N\u00daCLEO BAHIA\",\"description\":\"Associa\u00e7\u00e3o dos Engenheiros da Petrobr\u00e1s N\u00facleo Bahia Petr\u00f3leo Bahia Salvador Nordeste \",\"publisher\":{\"@id\":\"https:\/\/aepetba.org.br\/v1\/#organization\"},\"potentialAction\":[{\"@type\":\"SearchAction\",\"target\":{\"@type\":\"EntryPoint\",\"urlTemplate\":\"https:\/\/aepetba.org.br\/v1\/?s={search_term_string}\"},\"query-input\":\"required name=search_term_string\"}],\"inLanguage\":\"pt-BR\"},{\"@type\":\"ImageObject\",\"inLanguage\":\"pt-BR\",\"@id\":\"https:\/\/aepetba.org.br\/v1\/jose-mauro-pede-saida-da-petrobras-interino-assume-enquanto-nao-acontece-nova-eleicao\/#primaryimage\",\"url\":\"https:\/\/aepetba.org.br\/v1\/wp-content\/uploads\/2022\/06\/Materia-Petrobras-sem-presidente-novamente-petroleo-bahia-Aepet-ba.jpg\",\"contentUrl\":\"https:\/\/aepetba.org.br\/v1\/wp-content\/uploads\/2022\/06\/Materia-Petrobras-sem-presidente-novamente-petroleo-bahia-Aepet-ba.jpg\",\"width\":1079,\"height\":926},{\"@type\":\"WebPage\",\"@id\":\"https:\/\/aepetba.org.br\/v1\/jose-mauro-pede-saida-da-petrobras-interino-assume-enquanto-nao-acontece-nova-eleicao\/\",\"url\":\"https:\/\/aepetba.org.br\/v1\/jose-mauro-pede-saida-da-petrobras-interino-assume-enquanto-nao-acontece-nova-eleicao\/\",\"name\":\"Jos\u00e9 Mauro pede sa\u00edda da Petrobr\u00e1s; interino assume enquanto n\u00e3o acontece nova elei\u00e7\u00e3o - AEPET N\u00daCLEO BAHIA\",\"isPartOf\":{\"@id\":\"https:\/\/aepetba.org.br\/v1\/#website\"},\"primaryImageOfPage\":{\"@id\":\"https:\/\/aepetba.org.br\/v1\/jose-mauro-pede-saida-da-petrobras-interino-assume-enquanto-nao-acontece-nova-eleicao\/#primaryimage\"},\"datePublished\":\"2022-06-21T00:11:36+00:00\",\"dateModified\":\"2022-06-21T15:35:37+00:00\",\"breadcrumb\":{\"@id\":\"https:\/\/aepetba.org.br\/v1\/jose-mauro-pede-saida-da-petrobras-interino-assume-enquanto-nao-acontece-nova-eleicao\/#breadcrumb\"},\"inLanguage\":\"pt-BR\",\"potentialAction\":[{\"@type\":\"ReadAction\",\"target\":[\"https:\/\/aepetba.org.br\/v1\/jose-mauro-pede-saida-da-petrobras-interino-assume-enquanto-nao-acontece-nova-eleicao\/\"]}]},{\"@type\":\"BreadcrumbList\",\"@id\":\"https:\/\/aepetba.org.br\/v1\/jose-mauro-pede-saida-da-petrobras-interino-assume-enquanto-nao-acontece-nova-eleicao\/#breadcrumb\",\"itemListElement\":[{\"@type\":\"ListItem\",\"position\":1,\"name\":\"In\u00edcio\",\"item\":\"https:\/\/aepetba.org.br\/v1\/\"},{\"@type\":\"ListItem\",\"position\":2,\"name\":\"Jos\u00e9 Mauro pede sa\u00edda da Petrobr\u00e1s; interino assume enquanto n\u00e3o acontece nova elei\u00e7\u00e3o\"}]},{\"@type\":\"Article\",\"@id\":\"https:\/\/aepetba.org.br\/v1\/jose-mauro-pede-saida-da-petrobras-interino-assume-enquanto-nao-acontece-nova-eleicao\/#article\",\"isPartOf\":{\"@id\":\"https:\/\/aepetba.org.br\/v1\/jose-mauro-pede-saida-da-petrobras-interino-assume-enquanto-nao-acontece-nova-eleicao\/\"},\"author\":{\"name\":\"AEPETBA\",\"@id\":\"https:\/\/aepetba.org.br\/v1\/#\/schema\/person\/3504208f89f3f50e1526867ebb573b88\"},\"headline\":\"Jos\u00e9 Mauro pede sa\u00edda da Petrobr\u00e1s; interino assume enquanto n\u00e3o acontece nova elei\u00e7\u00e3o\",\"datePublished\":\"2022-06-21T00:11:36+00:00\",\"dateModified\":\"2022-06-21T15:35:37+00:00\",\"mainEntityOfPage\":{\"@id\":\"https:\/\/aepetba.org.br\/v1\/jose-mauro-pede-saida-da-petrobras-interino-assume-enquanto-nao-acontece-nova-eleicao\/\"},\"wordCount\":641,\"publisher\":{\"@id\":\"https:\/\/aepetba.org.br\/v1\/#organization\"},\"image\":{\"@id\":\"https:\/\/aepetba.org.br\/v1\/jose-mauro-pede-saida-da-petrobras-interino-assume-enquanto-nao-acontece-nova-eleicao\/#primaryimage\"},\"thumbnailUrl\":\"https:\/\/aepetba.org.br\/v1\/wp-content\/uploads\/2022\/06\/Materia-Petrobras-sem-presidente-novamente-petroleo-bahia-Aepet-ba.jpg\",\"articleSection\":[\"Destaque\",\"Not\u00edcias\"],\"inLanguage\":\"pt-BR\"},{\"@type\":\"Person\",\"@id\":\"https:\/\/aepetba.org.br\/v1\/#\/schema\/person\/3504208f89f3f50e1526867ebb573b88\",\"name\":\"AEPETBA\",\"image\":{\"@type\":\"ImageObject\",\"inLanguage\":\"pt-BR\",\"@id\":\"https:\/\/aepetba.org.br\/v1\/#\/schema\/person\/image\/\",\"url\":\"https:\/\/secure.gravatar.com\/avatar\/3e6e1bf98c38137fc6b937d21e974714?s=96&d=mm&r=g\",\"contentUrl\":\"https:\/\/secure.gravatar.com\/avatar\/3e6e1bf98c38137fc6b937d21e974714?s=96&d=mm&r=g\",\"caption\":\"AEPETBA\"},\"sameAs\":[\"http:\/\/aepetba.org.br\/v1\"],\"url\":\"https:\/\/aepetba.org.br\/v1\/author\/lubconsultoria\/\"}]}<\/script>\n<!-- \/ Yoast SEO plugin. -->","yoast_head_json":{"title":"Jos\u00e9 Mauro pede sa\u00edda da Petrobr\u00e1s; interino assume enquanto n\u00e3o acontece nova elei\u00e7\u00e3o - AEPET N\u00daCLEO BAHIA","robots":{"index":"index","follow":"follow","max-snippet":"max-snippet:-1","max-image-preview":"max-image-preview:large","max-video-preview":"max-video-preview:-1"},"canonical":"https:\/\/aepetba.org.br\/v1\/jose-mauro-pede-saida-da-petrobras-interino-assume-enquanto-nao-acontece-nova-eleicao\/","og_locale":"pt_BR","og_type":"article","og_title":"Jos\u00e9 Mauro pede sa\u00edda da Petrobr\u00e1s; interino assume enquanto n\u00e3o acontece nova elei\u00e7\u00e3o - AEPET N\u00daCLEO BAHIA","og_description":"Em meio \u00e0s press\u00f5es nos bastidores, o presidente da Petrobr\u00e1s, Jos\u00e9 Mauro Coelho pede demiss\u00e3o. Ele ficou 68 dias no cargo e ser\u00e1 a quarta mudan\u00e7a em menos de dois anos. Segundo informa\u00e7\u00f5es, ele teria tomado a decis\u00e3o depois da...","og_url":"https:\/\/aepetba.org.br\/v1\/jose-mauro-pede-saida-da-petrobras-interino-assume-enquanto-nao-acontece-nova-eleicao\/","og_site_name":"AEPET N\u00daCLEO BAHIA","article_publisher":"https:\/\/web.facebook.com\/aepetba","article_published_time":"2022-06-21T00:11:36+00:00","article_modified_time":"2022-06-21T15:35:37+00:00","og_image":[{"width":1079,"height":926,"url":"https:\/\/aepetba.org.br\/v1\/wp-content\/uploads\/2022\/06\/Materia-Petrobras-sem-presidente-novamente-petroleo-bahia-Aepet-ba.jpg","type":"image\/jpeg"}],"author":"AEPETBA","twitter_card":"summary_large_image","twitter_creator":"@aepetbahia","twitter_site":"@aepetbahia","twitter_misc":{"Escrito por":"AEPETBA","Est. tempo de leitura":"3 minutos"},"schema":{"@context":"https:\/\/schema.org","@graph":[{"@type":"Organization","@id":"https:\/\/aepetba.org.br\/v1\/#organization","name":"AEPET N\u00facleo Bahia","url":"https:\/\/aepetba.org.br\/v1\/","sameAs":["https:\/\/www.instagram.com\/aepetbahia\/","https:\/\/www.youtube.com\/c\/AEPETBAHIA","https:\/\/web.facebook.com\/aepetba","https:\/\/twitter.com\/aepetbahia"],"logo":{"@type":"ImageObject","inLanguage":"pt-BR","@id":"https:\/\/aepetba.org.br\/v1\/#\/schema\/logo\/image\/","url":"https:\/\/aepetba.org.br\/v1\/wp-content\/uploads\/revslider\/home\/logo-AEPETBA.png","contentUrl":"https:\/\/aepetba.org.br\/v1\/wp-content\/uploads\/revslider\/home\/logo-AEPETBA.png","width":297,"height":86,"caption":"AEPET N\u00facleo Bahia"},"image":{"@id":"https:\/\/aepetba.org.br\/v1\/#\/schema\/logo\/image\/"}},{"@type":"WebSite","@id":"https:\/\/aepetba.org.br\/v1\/#website","url":"https:\/\/aepetba.org.br\/v1\/","name":"AEPET N\u00daCLEO BAHIA","description":"Associa\u00e7\u00e3o dos Engenheiros da Petrobr\u00e1s N\u00facleo Bahia Petr\u00f3leo Bahia Salvador Nordeste ","publisher":{"@id":"https:\/\/aepetba.org.br\/v1\/#organization"},"potentialAction":[{"@type":"SearchAction","target":{"@type":"EntryPoint","urlTemplate":"https:\/\/aepetba.org.br\/v1\/?s={search_term_string}"},"query-input":"required name=search_term_string"}],"inLanguage":"pt-BR"},{"@type":"ImageObject","inLanguage":"pt-BR","@id":"https:\/\/aepetba.org.br\/v1\/jose-mauro-pede-saida-da-petrobras-interino-assume-enquanto-nao-acontece-nova-eleicao\/#primaryimage","url":"https:\/\/aepetba.org.br\/v1\/wp-content\/uploads\/2022\/06\/Materia-Petrobras-sem-presidente-novamente-petroleo-bahia-Aepet-ba.jpg","contentUrl":"https:\/\/aepetba.org.br\/v1\/wp-content\/uploads\/2022\/06\/Materia-Petrobras-sem-presidente-novamente-petroleo-bahia-Aepet-ba.jpg","width":1079,"height":926},{"@type":"WebPage","@id":"https:\/\/aepetba.org.br\/v1\/jose-mauro-pede-saida-da-petrobras-interino-assume-enquanto-nao-acontece-nova-eleicao\/","url":"https:\/\/aepetba.org.br\/v1\/jose-mauro-pede-saida-da-petrobras-interino-assume-enquanto-nao-acontece-nova-eleicao\/","name":"Jos\u00e9 Mauro pede sa\u00edda da Petrobr\u00e1s; interino assume enquanto n\u00e3o acontece nova elei\u00e7\u00e3o - AEPET N\u00daCLEO BAHIA","isPartOf":{"@id":"https:\/\/aepetba.org.br\/v1\/#website"},"primaryImageOfPage":{"@id":"https:\/\/aepetba.org.br\/v1\/jose-mauro-pede-saida-da-petrobras-interino-assume-enquanto-nao-acontece-nova-eleicao\/#primaryimage"},"datePublished":"2022-06-21T00:11:36+00:00","dateModified":"2022-06-21T15:35:37+00:00","breadcrumb":{"@id":"https:\/\/aepetba.org.br\/v1\/jose-mauro-pede-saida-da-petrobras-interino-assume-enquanto-nao-acontece-nova-eleicao\/#breadcrumb"},"inLanguage":"pt-BR","potentialAction":[{"@type":"ReadAction","target":["https:\/\/aepetba.org.br\/v1\/jose-mauro-pede-saida-da-petrobras-interino-assume-enquanto-nao-acontece-nova-eleicao\/"]}]},{"@type":"BreadcrumbList","@id":"https:\/\/aepetba.org.br\/v1\/jose-mauro-pede-saida-da-petrobras-interino-assume-enquanto-nao-acontece-nova-eleicao\/#breadcrumb","itemListElement":[{"@type":"ListItem","position":1,"name":"In\u00edcio","item":"https:\/\/aepetba.org.br\/v1\/"},{"@type":"ListItem","position":2,"name":"Jos\u00e9 Mauro pede sa\u00edda da Petrobr\u00e1s; interino assume enquanto n\u00e3o acontece nova elei\u00e7\u00e3o"}]},{"@type":"Article","@id":"https:\/\/aepetba.org.br\/v1\/jose-mauro-pede-saida-da-petrobras-interino-assume-enquanto-nao-acontece-nova-eleicao\/#article","isPartOf":{"@id":"https:\/\/aepetba.org.br\/v1\/jose-mauro-pede-saida-da-petrobras-interino-assume-enquanto-nao-acontece-nova-eleicao\/"},"author":{"name":"AEPETBA","@id":"https:\/\/aepetba.org.br\/v1\/#\/schema\/person\/3504208f89f3f50e1526867ebb573b88"},"headline":"Jos\u00e9 Mauro pede sa\u00edda da Petrobr\u00e1s; interino assume enquanto n\u00e3o acontece nova elei\u00e7\u00e3o","datePublished":"2022-06-21T00:11:36+00:00","dateModified":"2022-06-21T15:35:37+00:00","mainEntityOfPage":{"@id":"https:\/\/aepetba.org.br\/v1\/jose-mauro-pede-saida-da-petrobras-interino-assume-enquanto-nao-acontece-nova-eleicao\/"},"wordCount":641,"publisher":{"@id":"https:\/\/aepetba.org.br\/v1\/#organization"},"image":{"@id":"https:\/\/aepetba.org.br\/v1\/jose-mauro-pede-saida-da-petrobras-interino-assume-enquanto-nao-acontece-nova-eleicao\/#primaryimage"},"thumbnailUrl":"https:\/\/aepetba.org.br\/v1\/wp-content\/uploads\/2022\/06\/Materia-Petrobras-sem-presidente-novamente-petroleo-bahia-Aepet-ba.jpg","articleSection":["Destaque","Not\u00edcias"],"inLanguage":"pt-BR"},{"@type":"Person","@id":"https:\/\/aepetba.org.br\/v1\/#\/schema\/person\/3504208f89f3f50e1526867ebb573b88","name":"AEPETBA","image":{"@type":"ImageObject","inLanguage":"pt-BR","@id":"https:\/\/aepetba.org.br\/v1\/#\/schema\/person\/image\/","url":"https:\/\/secure.gravatar.com\/avatar\/3e6e1bf98c38137fc6b937d21e974714?s=96&d=mm&r=g","contentUrl":"https:\/\/secure.gravatar.com\/avatar\/3e6e1bf98c38137fc6b937d21e974714?s=96&d=mm&r=g","caption":"AEPETBA"},"sameAs":["http:\/\/aepetba.org.br\/v1"],"url":"https:\/\/aepetba.org.br\/v1\/author\/lubconsultoria\/"}]}},"_links":{"self":[{"href":"https:\/\/aepetba.org.br\/v1\/wp-json\/wp\/v2\/posts\/38453"}],"collection":[{"href":"https:\/\/aepetba.org.br\/v1\/wp-json\/wp\/v2\/posts"}],"about":[{"href":"https:\/\/aepetba.org.br\/v1\/wp-json\/wp\/v2\/types\/post"}],"author":[{"embeddable":true,"href":"https:\/\/aepetba.org.br\/v1\/wp-json\/wp\/v2\/users\/1"}],"replies":[{"embeddable":true,"href":"https:\/\/aepetba.org.br\/v1\/wp-json\/wp\/v2\/comments?post=38453"}],"version-history":[{"count":6,"href":"https:\/\/aepetba.org.br\/v1\/wp-json\/wp\/v2\/posts\/38453\/revisions"}],"predecessor-version":[{"id":38464,"href":"https:\/\/aepetba.org.br\/v1\/wp-json\/wp\/v2\/posts\/38453\/revisions\/38464"}],"wp:featuredmedia":[{"embeddable":true,"href":"https:\/\/aepetba.org.br\/v1\/wp-json\/wp\/v2\/media\/38454"}],"wp:attachment":[{"href":"https:\/\/aepetba.org.br\/v1\/wp-json\/wp\/v2\/media?parent=38453"}],"wp:term":[{"taxonomy":"category","embeddable":true,"href":"https:\/\/aepetba.org.br\/v1\/wp-json\/wp\/v2\/categories?post=38453"},{"taxonomy":"post_tag","embeddable":true,"href":"https:\/\/aepetba.org.br\/v1\/wp-json\/wp\/v2\/tags?post=38453"}],"curies":[{"name":"wp","href":"https:\/\/api.w.org\/{rel}","templated":true}]}}