{"id":38466,"date":"2022-06-21T12:58:27","date_gmt":"2022-06-21T15:58:27","guid":{"rendered":"https:\/\/aepetba.org.br\/v1\/?p=38466"},"modified":"2022-06-21T12:58:27","modified_gmt":"2022-06-21T15:58:27","slug":"corpos-de-bruno-e-dom-sao-encontrados-violencia-na-amazonia-mostra-descaso-do-governo-bolsonaro-com-povos-indigenas","status":"publish","type":"post","link":"https:\/\/aepetba.org.br\/v1\/corpos-de-bruno-e-dom-sao-encontrados-violencia-na-amazonia-mostra-descaso-do-governo-bolsonaro-com-povos-indigenas\/","title":{"rendered":"Corpos de Bruno e Dom s\u00e3o encontrados; viol\u00eancia na Amaz\u00f4nia mostra descaso do governo Bolsonaro com povos ind\u00edgenas"},"content":{"rendered":"<!--[if lt IE 9]><script>document.createElement('audio');<\/script><![endif]-->\n<audio class=\"wp-audio-shortcode\" id=\"audio-38466-1\" preload=\"none\" style=\"width: 100%;\" controls=\"controls\"><source type=\"audio\/ogg\" src=\"https:\/\/aepetba.org.br\/v1\/wp-content\/uploads\/2022\/06\/justica-por-bruno-e-dom-mortos-na-amazonia.ogg?_=1\" \/><a href=\"https:\/\/aepetba.org.br\/v1\/wp-content\/uploads\/2022\/06\/justica-por-bruno-e-dom-mortos-na-amazonia.ogg\">https:\/\/aepetba.org.br\/v1\/wp-content\/uploads\/2022\/06\/justica-por-bruno-e-dom-mortos-na-amazonia.ogg<\/a><\/audio>\n<p style=\"text-align: justify;\">Na sexta-feira (17), foram encontrados e identificados os corpos de <strong>Bruno Pereira, servidor licenciado da Funda\u00e7\u00e3o Nacional do \u00cdndio &#8211; Funai, e Dom Phillips, jornalista, colaborador do jornal The Guardian. <\/strong><\/p>\n<p style=\"text-align: justify;\">Eles desapareceram no dia 05\/06, ao visitar uma localidade conhecida como Lago do Jaburu, no oeste do rio Amazonas. Ambos estavam em trabalho para a realiza\u00e7\u00e3o de entrevistas com ind\u00edgenas.<\/p>\n<p style=\"text-align: justify;\">A confirma\u00e7\u00e3o da morte de Bruno Ara\u00fajo Pereira e Dom Phillips gerou revolta no Brasil e no mundo. De acordo com a Uni\u00e3o dos Povos Ind\u00edgenas do Vale do Javari (Univaja), eles haviam recebido amea\u00e7as.<\/p>\n<p style=\"text-align: justify;\">Os restos mortais foram encontrados ap\u00f3s confiss\u00e3o do j\u00e1 preso Oseney da Costa de Oliveira \u2013 conhecido na regi\u00e3o por \u201cDos Santos\u201d. Ele afirmou que cometeu o crime junto com seu irm\u00e3o, Amarildo dos Santos \u2013 o \u201cPelado\u201d. Bruno e Dom tiveram seus corpos <strong>decepados, esquartejados e queimados.<\/strong><\/p>\n<h2 style=\"text-align: justify;\"><strong>Mais um suspeito preso e barco encontrado<\/strong><\/h2>\n<p style=\"text-align: justify;\">No s\u00e1bado (18), <strong>foi preso o terceiro suspeito &#8211; Jeferson da Silva Lima, conhecido como &#8220;Pelado da Dinha\u201d.<\/strong> Ele se entregou na delegacia de Atalaia do Norte, no Amazonas, ap\u00f3s ser considerado foragido. De acordo com a Pol\u00edcia Federal, ele ser\u00e1 interrogado e encaminhado para audi\u00eancia de cust\u00f3dia.<\/p>\n<p style=\"text-align: justify;\">No dia seguinte, domingo (19), ap\u00f3s informa\u00e7\u00f5es dadas por Jeferson da Silva, <strong>a lancha em que Bruno e Dom viajavam foi encontrada.<\/strong> Ela estava localizada no rio Itaqua\u00ed, nas proximidades da comunidade Cachoeira, no extremo oeste do Amazonas.<\/p>\n<p style=\"text-align: justify;\">De acordo com nota da Pol\u00edcia Civil da regi\u00e3o, <strong>a embarca\u00e7\u00e3o foi localizada a cerca de 20 metros de profundidade, emborcada com seis sacos de areia para dificultar a flutua\u00e7\u00e3o.<\/strong><\/p>\n<p style=\"text-align: justify;\">Em nota divulgada pelo comit\u00ea de crise, coordenado pela PF, a institui\u00e7\u00e3o diz que a apura\u00e7\u00e3o continua e novas pris\u00f5es podem ocorrer<strong>. <\/strong>Lembrando que a procura por Bruno e Dom teve in\u00edcio no mesmo dia do desaparecimento, feito por integrantes da Univaja.<\/p>\n<h2 style=\"text-align: justify;\"><strong>Brasil, o pa\u00eds que mata seus defensores<\/strong><\/h2>\n<p style=\"text-align: justify;\">A Ong Global Witness, em 2021 divulgou um levantamento, mostrando que a contagem de mortos de militantes dos \u00faltimos dois anos aumentou no mundo e j\u00e1 \u00e9 o dobro da registrada em 2013, quando o estudo come\u00e7ou a ser feito, sendo a maior parte na Am\u00e9rica Latina. <strong>Dos 227 ambientalistas mortos no planeta em 2021, 20 foram no Brasil.<\/strong><\/p>\n<p style=\"text-align: justify;\">Ou seja, <strong>o Brasil est\u00e1 entre os pa\u00edses que mais matam militantes<\/strong> que apontam os danos causados pela explora\u00e7\u00e3o madeireira, grilagem, queimadas, agropecu\u00e1ria, constru\u00e7\u00e3o de barragens sem estudos de impacto ambiental, monocultura, minera\u00e7\u00e3o, turismo predat\u00f3rio e explora\u00e7\u00e3o industrial de recursos naturais com vistas ao lucro.<\/p>\n<p style=\"text-align: justify;\">Infelizmente, <strong>o governo Bolsonaro \u00e9 marcado pelos casos de explora\u00e7\u00e3o de recursos naturais, invas\u00f5es as terras ind\u00edgenas e danos ao patrim\u00f4nio.<\/strong> A FUNAI &#8211; Funda\u00e7\u00e3o Nacional do \u00cdndio, que deveria ser respons\u00e1vel pela promo\u00e7\u00e3o e prote\u00e7\u00e3o aos direitos dos povos ind\u00edgenas, pouco tem feito pelos povos origin\u00e1rios, num completo descaso.<\/p>\n<p style=\"text-align: justify;\">Bruno foi destitu\u00eddo por Sergio Moro e, indiretamente, morto pela irresponsabilidade de Bolsonaro.<\/p>\n<p style=\"text-align: justify;\">N\u00e3o se pode dizer que os \u00fanicos respons\u00e1veis s\u00e3o os que mataram, nem s\u00f3 os que mandaram, mas h\u00e1 sim responsabilidade dos que pregam a viol\u00eancia contra os povos ind\u00edgenas, tiram a estrutura dos servidores que defendem a floresta e seus povos, esses sim, podem n\u00e3o ser culpabilizados.<\/p>\n<p style=\"text-align: justify;\">Mas Bolsonaro, sua mil\u00edcia e todos que os apoiam s\u00e3o respons\u00e1veis pela morte n\u00e3o apenas desses dois, mas de dezenas de ind\u00edgenas e servidores e militantes pelos direitos humanos, do meio ambiente e dos ind\u00edgenas tanto na Amazonia como em todo o Brasil.<\/p>\n<p style=\"text-align: justify;\">\u00c9 a pol\u00edtica anti-ind\u00edgena do Brasil de Bolsonaro que avan\u00e7a a passos largos e os direitos dos povos origin\u00e1rios s\u00e3o violados permanentemente.<\/p>\n<p style=\"text-align: justify;\">Isso est\u00e1 marcado em dois grandes exemplos: <strong>a tese do marco temporal para travar as demarca\u00e7\u00f5es e o Projeto de Lei 191\/2020, que pretende autorizar a minera\u00e7\u00e3o em terras ind\u00edgenas.<\/strong><\/p>\n<p style=\"text-align: justify;\">Todos e todas que n\u00e3o se indignam, n\u00e3o lutam por justi\u00e7a e s\u00e3o contra esse governo, t\u00eam, de algum modo, as m\u00e3os sujas de sangues de ind\u00edgenas, Dons, Brunos, que morrem todos os dias na guerra da barb\u00e1rie contra a civiliza\u00e7\u00e3o que Bolsonaro declarou contra o Brasil.<\/p>\n<p style=\"text-align: justify;\"><strong>A AEPET-BA reafirma seu compromisso com a democracia, justi\u00e7a e soberania nacional, manifesta sua solidariedade as fam\u00edlias de todas as v\u00edtimas e lutar\u00e1 para que o Brasil volte a se encontrar com a justi\u00e7a social, com a paz e que todos os incentivadores de viol\u00eancia, mandantes e assassinos sejam responsabilizados.<\/strong><\/p>\n<p style=\"text-align: justify;\">\n","protected":false},"excerpt":{"rendered":"<p>Na sexta-feira (17), foram encontrados e identificados os corpos de Bruno Pereira, servidor licenciado da Funda\u00e7\u00e3o Nacional do \u00cdndio &#8211; Funai, e Dom Phillips, jornalista, colaborador do jornal The Guardian. Eles desapareceram no dia 05\/06, ao visitar uma localidade conhecida&#8230;<\/p>\n","protected":false},"author":1,"featured_media":38467,"comment_status":"closed","ping_status":"closed","sticky":false,"template":"","format":"standard","meta":[],"categories":[87,10],"tags":[],"yoast_head":"<!-- This site is optimized with the Yoast SEO plugin v19.3 - https:\/\/yoast.com\/wordpress\/plugins\/seo\/ -->\n<title>Corpos de Bruno e Dom s\u00e3o encontrados; viol\u00eancia na Amaz\u00f4nia mostra descaso do governo Bolsonaro com povos ind\u00edgenas - AEPET N\u00daCLEO BAHIA<\/title>\n<meta name=\"robots\" content=\"index, follow, max-snippet:-1, max-image-preview:large, max-video-preview:-1\" \/>\n<link rel=\"canonical\" href=\"https:\/\/aepetba.org.br\/v1\/corpos-de-bruno-e-dom-sao-encontrados-violencia-na-amazonia-mostra-descaso-do-governo-bolsonaro-com-povos-indigenas\/\" \/>\n<meta property=\"og:locale\" content=\"pt_BR\" \/>\n<meta property=\"og:type\" content=\"article\" \/>\n<meta property=\"og:title\" content=\"Corpos de Bruno e Dom s\u00e3o encontrados; viol\u00eancia na Amaz\u00f4nia mostra descaso do governo Bolsonaro com povos ind\u00edgenas - AEPET N\u00daCLEO BAHIA\" \/>\n<meta property=\"og:description\" content=\"Na sexta-feira (17), foram encontrados e identificados os corpos de Bruno Pereira, servidor licenciado da Funda\u00e7\u00e3o Nacional do \u00cdndio &#8211; Funai, e Dom Phillips, jornalista, colaborador do jornal The Guardian. Eles desapareceram no dia 05\/06, ao visitar uma localidade conhecida...\" \/>\n<meta property=\"og:url\" content=\"https:\/\/aepetba.org.br\/v1\/corpos-de-bruno-e-dom-sao-encontrados-violencia-na-amazonia-mostra-descaso-do-governo-bolsonaro-com-povos-indigenas\/\" \/>\n<meta property=\"og:site_name\" content=\"AEPET N\u00daCLEO BAHIA\" \/>\n<meta property=\"article:publisher\" content=\"https:\/\/web.facebook.com\/aepetba\" \/>\n<meta property=\"article:published_time\" content=\"2022-06-21T15:58:27+00:00\" \/>\n<meta property=\"og:image\" content=\"https:\/\/aepetba.org.br\/v1\/wp-content\/uploads\/2022\/06\/Materia-violencia-na-Amazonia-mostra-descaso-do-governo-petroleo-bahia-Aepet-ba.jpg\" \/>\n\t<meta property=\"og:image:width\" content=\"1079\" \/>\n\t<meta property=\"og:image:height\" content=\"932\" \/>\n\t<meta property=\"og:image:type\" content=\"image\/jpeg\" \/>\n<meta name=\"author\" content=\"AEPETBA\" \/>\n<meta name=\"twitter:card\" content=\"summary_large_image\" \/>\n<meta name=\"twitter:creator\" content=\"@aepetbahia\" \/>\n<meta name=\"twitter:site\" content=\"@aepetbahia\" \/>\n<meta name=\"twitter:label1\" content=\"Escrito por\" \/>\n\t<meta name=\"twitter:data1\" content=\"AEPETBA\" \/>\n\t<meta name=\"twitter:label2\" content=\"Est. tempo de leitura\" \/>\n\t<meta name=\"twitter:data2\" content=\"4 minutos\" \/>\n<script type=\"application\/ld+json\" class=\"yoast-schema-graph\">{\"@context\":\"https:\/\/schema.org\",\"@graph\":[{\"@type\":\"Organization\",\"@id\":\"https:\/\/aepetba.org.br\/v1\/#organization\",\"name\":\"AEPET N\u00facleo Bahia\",\"url\":\"https:\/\/aepetba.org.br\/v1\/\",\"sameAs\":[\"https:\/\/www.instagram.com\/aepetbahia\/\",\"https:\/\/www.youtube.com\/c\/AEPETBAHIA\",\"https:\/\/web.facebook.com\/aepetba\",\"https:\/\/twitter.com\/aepetbahia\"],\"logo\":{\"@type\":\"ImageObject\",\"inLanguage\":\"pt-BR\",\"@id\":\"https:\/\/aepetba.org.br\/v1\/#\/schema\/logo\/image\/\",\"url\":\"https:\/\/aepetba.org.br\/v1\/wp-content\/uploads\/revslider\/home\/logo-AEPETBA.png\",\"contentUrl\":\"https:\/\/aepetba.org.br\/v1\/wp-content\/uploads\/revslider\/home\/logo-AEPETBA.png\",\"width\":297,\"height\":86,\"caption\":\"AEPET N\u00facleo Bahia\"},\"image\":{\"@id\":\"https:\/\/aepetba.org.br\/v1\/#\/schema\/logo\/image\/\"}},{\"@type\":\"WebSite\",\"@id\":\"https:\/\/aepetba.org.br\/v1\/#website\",\"url\":\"https:\/\/aepetba.org.br\/v1\/\",\"name\":\"AEPET N\u00daCLEO BAHIA\",\"description\":\"Associa\u00e7\u00e3o dos Engenheiros da Petrobr\u00e1s N\u00facleo Bahia Petr\u00f3leo Bahia Salvador Nordeste \",\"publisher\":{\"@id\":\"https:\/\/aepetba.org.br\/v1\/#organization\"},\"potentialAction\":[{\"@type\":\"SearchAction\",\"target\":{\"@type\":\"EntryPoint\",\"urlTemplate\":\"https:\/\/aepetba.org.br\/v1\/?s={search_term_string}\"},\"query-input\":\"required name=search_term_string\"}],\"inLanguage\":\"pt-BR\"},{\"@type\":\"ImageObject\",\"inLanguage\":\"pt-BR\",\"@id\":\"https:\/\/aepetba.org.br\/v1\/corpos-de-bruno-e-dom-sao-encontrados-violencia-na-amazonia-mostra-descaso-do-governo-bolsonaro-com-povos-indigenas\/#primaryimage\",\"url\":\"https:\/\/aepetba.org.br\/v1\/wp-content\/uploads\/2022\/06\/Materia-violencia-na-Amazonia-mostra-descaso-do-governo-petroleo-bahia-Aepet-ba.jpg\",\"contentUrl\":\"https:\/\/aepetba.org.br\/v1\/wp-content\/uploads\/2022\/06\/Materia-violencia-na-Amazonia-mostra-descaso-do-governo-petroleo-bahia-Aepet-ba.jpg\",\"width\":1079,\"height\":932},{\"@type\":\"WebPage\",\"@id\":\"https:\/\/aepetba.org.br\/v1\/corpos-de-bruno-e-dom-sao-encontrados-violencia-na-amazonia-mostra-descaso-do-governo-bolsonaro-com-povos-indigenas\/\",\"url\":\"https:\/\/aepetba.org.br\/v1\/corpos-de-bruno-e-dom-sao-encontrados-violencia-na-amazonia-mostra-descaso-do-governo-bolsonaro-com-povos-indigenas\/\",\"name\":\"Corpos de Bruno e Dom s\u00e3o encontrados; viol\u00eancia na Amaz\u00f4nia mostra descaso do governo Bolsonaro com povos ind\u00edgenas - AEPET N\u00daCLEO BAHIA\",\"isPartOf\":{\"@id\":\"https:\/\/aepetba.org.br\/v1\/#website\"},\"primaryImageOfPage\":{\"@id\":\"https:\/\/aepetba.org.br\/v1\/corpos-de-bruno-e-dom-sao-encontrados-violencia-na-amazonia-mostra-descaso-do-governo-bolsonaro-com-povos-indigenas\/#primaryimage\"},\"datePublished\":\"2022-06-21T15:58:27+00:00\",\"dateModified\":\"2022-06-21T15:58:27+00:00\",\"breadcrumb\":{\"@id\":\"https:\/\/aepetba.org.br\/v1\/corpos-de-bruno-e-dom-sao-encontrados-violencia-na-amazonia-mostra-descaso-do-governo-bolsonaro-com-povos-indigenas\/#breadcrumb\"},\"inLanguage\":\"pt-BR\",\"potentialAction\":[{\"@type\":\"ReadAction\",\"target\":[\"https:\/\/aepetba.org.br\/v1\/corpos-de-bruno-e-dom-sao-encontrados-violencia-na-amazonia-mostra-descaso-do-governo-bolsonaro-com-povos-indigenas\/\"]}]},{\"@type\":\"BreadcrumbList\",\"@id\":\"https:\/\/aepetba.org.br\/v1\/corpos-de-bruno-e-dom-sao-encontrados-violencia-na-amazonia-mostra-descaso-do-governo-bolsonaro-com-povos-indigenas\/#breadcrumb\",\"itemListElement\":[{\"@type\":\"ListItem\",\"position\":1,\"name\":\"In\u00edcio\",\"item\":\"https:\/\/aepetba.org.br\/v1\/\"},{\"@type\":\"ListItem\",\"position\":2,\"name\":\"Corpos de Bruno e Dom s\u00e3o encontrados; viol\u00eancia na Amaz\u00f4nia mostra descaso do governo Bolsonaro com povos ind\u00edgenas\"}]},{\"@type\":\"Article\",\"@id\":\"https:\/\/aepetba.org.br\/v1\/corpos-de-bruno-e-dom-sao-encontrados-violencia-na-amazonia-mostra-descaso-do-governo-bolsonaro-com-povos-indigenas\/#article\",\"isPartOf\":{\"@id\":\"https:\/\/aepetba.org.br\/v1\/corpos-de-bruno-e-dom-sao-encontrados-violencia-na-amazonia-mostra-descaso-do-governo-bolsonaro-com-povos-indigenas\/\"},\"author\":{\"name\":\"AEPETBA\",\"@id\":\"https:\/\/aepetba.org.br\/v1\/#\/schema\/person\/3504208f89f3f50e1526867ebb573b88\"},\"headline\":\"Corpos de Bruno e Dom s\u00e3o encontrados; viol\u00eancia na Amaz\u00f4nia mostra descaso do governo Bolsonaro com povos ind\u00edgenas\",\"datePublished\":\"2022-06-21T15:58:27+00:00\",\"dateModified\":\"2022-06-21T15:58:27+00:00\",\"mainEntityOfPage\":{\"@id\":\"https:\/\/aepetba.org.br\/v1\/corpos-de-bruno-e-dom-sao-encontrados-violencia-na-amazonia-mostra-descaso-do-governo-bolsonaro-com-povos-indigenas\/\"},\"wordCount\":822,\"publisher\":{\"@id\":\"https:\/\/aepetba.org.br\/v1\/#organization\"},\"image\":{\"@id\":\"https:\/\/aepetba.org.br\/v1\/corpos-de-bruno-e-dom-sao-encontrados-violencia-na-amazonia-mostra-descaso-do-governo-bolsonaro-com-povos-indigenas\/#primaryimage\"},\"thumbnailUrl\":\"https:\/\/aepetba.org.br\/v1\/wp-content\/uploads\/2022\/06\/Materia-violencia-na-Amazonia-mostra-descaso-do-governo-petroleo-bahia-Aepet-ba.jpg\",\"articleSection\":[\"Destaque\",\"Not\u00edcias\"],\"inLanguage\":\"pt-BR\"},{\"@type\":\"Person\",\"@id\":\"https:\/\/aepetba.org.br\/v1\/#\/schema\/person\/3504208f89f3f50e1526867ebb573b88\",\"name\":\"AEPETBA\",\"image\":{\"@type\":\"ImageObject\",\"inLanguage\":\"pt-BR\",\"@id\":\"https:\/\/aepetba.org.br\/v1\/#\/schema\/person\/image\/\",\"url\":\"https:\/\/secure.gravatar.com\/avatar\/3e6e1bf98c38137fc6b937d21e974714?s=96&d=mm&r=g\",\"contentUrl\":\"https:\/\/secure.gravatar.com\/avatar\/3e6e1bf98c38137fc6b937d21e974714?s=96&d=mm&r=g\",\"caption\":\"AEPETBA\"},\"sameAs\":[\"http:\/\/aepetba.org.br\/v1\"],\"url\":\"https:\/\/aepetba.org.br\/v1\/author\/lubconsultoria\/\"}]}<\/script>\n<!-- \/ Yoast SEO plugin. -->","yoast_head_json":{"title":"Corpos de Bruno e Dom s\u00e3o encontrados; viol\u00eancia na Amaz\u00f4nia mostra descaso do governo Bolsonaro com povos ind\u00edgenas - AEPET N\u00daCLEO BAHIA","robots":{"index":"index","follow":"follow","max-snippet":"max-snippet:-1","max-image-preview":"max-image-preview:large","max-video-preview":"max-video-preview:-1"},"canonical":"https:\/\/aepetba.org.br\/v1\/corpos-de-bruno-e-dom-sao-encontrados-violencia-na-amazonia-mostra-descaso-do-governo-bolsonaro-com-povos-indigenas\/","og_locale":"pt_BR","og_type":"article","og_title":"Corpos de Bruno e Dom s\u00e3o encontrados; viol\u00eancia na Amaz\u00f4nia mostra descaso do governo Bolsonaro com povos ind\u00edgenas - AEPET N\u00daCLEO BAHIA","og_description":"Na sexta-feira (17), foram encontrados e identificados os corpos de Bruno Pereira, servidor licenciado da Funda\u00e7\u00e3o Nacional do \u00cdndio &#8211; Funai, e Dom Phillips, jornalista, colaborador do jornal The Guardian. Eles desapareceram no dia 05\/06, ao visitar uma localidade conhecida...","og_url":"https:\/\/aepetba.org.br\/v1\/corpos-de-bruno-e-dom-sao-encontrados-violencia-na-amazonia-mostra-descaso-do-governo-bolsonaro-com-povos-indigenas\/","og_site_name":"AEPET N\u00daCLEO BAHIA","article_publisher":"https:\/\/web.facebook.com\/aepetba","article_published_time":"2022-06-21T15:58:27+00:00","og_image":[{"width":1079,"height":932,"url":"https:\/\/aepetba.org.br\/v1\/wp-content\/uploads\/2022\/06\/Materia-violencia-na-Amazonia-mostra-descaso-do-governo-petroleo-bahia-Aepet-ba.jpg","type":"image\/jpeg"}],"author":"AEPETBA","twitter_card":"summary_large_image","twitter_creator":"@aepetbahia","twitter_site":"@aepetbahia","twitter_misc":{"Escrito por":"AEPETBA","Est. tempo de leitura":"4 minutos"},"schema":{"@context":"https:\/\/schema.org","@graph":[{"@type":"Organization","@id":"https:\/\/aepetba.org.br\/v1\/#organization","name":"AEPET N\u00facleo Bahia","url":"https:\/\/aepetba.org.br\/v1\/","sameAs":["https:\/\/www.instagram.com\/aepetbahia\/","https:\/\/www.youtube.com\/c\/AEPETBAHIA","https:\/\/web.facebook.com\/aepetba","https:\/\/twitter.com\/aepetbahia"],"logo":{"@type":"ImageObject","inLanguage":"pt-BR","@id":"https:\/\/aepetba.org.br\/v1\/#\/schema\/logo\/image\/","url":"https:\/\/aepetba.org.br\/v1\/wp-content\/uploads\/revslider\/home\/logo-AEPETBA.png","contentUrl":"https:\/\/aepetba.org.br\/v1\/wp-content\/uploads\/revslider\/home\/logo-AEPETBA.png","width":297,"height":86,"caption":"AEPET N\u00facleo Bahia"},"image":{"@id":"https:\/\/aepetba.org.br\/v1\/#\/schema\/logo\/image\/"}},{"@type":"WebSite","@id":"https:\/\/aepetba.org.br\/v1\/#website","url":"https:\/\/aepetba.org.br\/v1\/","name":"AEPET N\u00daCLEO BAHIA","description":"Associa\u00e7\u00e3o dos Engenheiros da Petrobr\u00e1s N\u00facleo Bahia Petr\u00f3leo Bahia Salvador Nordeste ","publisher":{"@id":"https:\/\/aepetba.org.br\/v1\/#organization"},"potentialAction":[{"@type":"SearchAction","target":{"@type":"EntryPoint","urlTemplate":"https:\/\/aepetba.org.br\/v1\/?s={search_term_string}"},"query-input":"required name=search_term_string"}],"inLanguage":"pt-BR"},{"@type":"ImageObject","inLanguage":"pt-BR","@id":"https:\/\/aepetba.org.br\/v1\/corpos-de-bruno-e-dom-sao-encontrados-violencia-na-amazonia-mostra-descaso-do-governo-bolsonaro-com-povos-indigenas\/#primaryimage","url":"https:\/\/aepetba.org.br\/v1\/wp-content\/uploads\/2022\/06\/Materia-violencia-na-Amazonia-mostra-descaso-do-governo-petroleo-bahia-Aepet-ba.jpg","contentUrl":"https:\/\/aepetba.org.br\/v1\/wp-content\/uploads\/2022\/06\/Materia-violencia-na-Amazonia-mostra-descaso-do-governo-petroleo-bahia-Aepet-ba.jpg","width":1079,"height":932},{"@type":"WebPage","@id":"https:\/\/aepetba.org.br\/v1\/corpos-de-bruno-e-dom-sao-encontrados-violencia-na-amazonia-mostra-descaso-do-governo-bolsonaro-com-povos-indigenas\/","url":"https:\/\/aepetba.org.br\/v1\/corpos-de-bruno-e-dom-sao-encontrados-violencia-na-amazonia-mostra-descaso-do-governo-bolsonaro-com-povos-indigenas\/","name":"Corpos de Bruno e Dom s\u00e3o encontrados; viol\u00eancia na Amaz\u00f4nia mostra descaso do governo Bolsonaro com povos ind\u00edgenas - AEPET N\u00daCLEO BAHIA","isPartOf":{"@id":"https:\/\/aepetba.org.br\/v1\/#website"},"primaryImageOfPage":{"@id":"https:\/\/aepetba.org.br\/v1\/corpos-de-bruno-e-dom-sao-encontrados-violencia-na-amazonia-mostra-descaso-do-governo-bolsonaro-com-povos-indigenas\/#primaryimage"},"datePublished":"2022-06-21T15:58:27+00:00","dateModified":"2022-06-21T15:58:27+00:00","breadcrumb":{"@id":"https:\/\/aepetba.org.br\/v1\/corpos-de-bruno-e-dom-sao-encontrados-violencia-na-amazonia-mostra-descaso-do-governo-bolsonaro-com-povos-indigenas\/#breadcrumb"},"inLanguage":"pt-BR","potentialAction":[{"@type":"ReadAction","target":["https:\/\/aepetba.org.br\/v1\/corpos-de-bruno-e-dom-sao-encontrados-violencia-na-amazonia-mostra-descaso-do-governo-bolsonaro-com-povos-indigenas\/"]}]},{"@type":"BreadcrumbList","@id":"https:\/\/aepetba.org.br\/v1\/corpos-de-bruno-e-dom-sao-encontrados-violencia-na-amazonia-mostra-descaso-do-governo-bolsonaro-com-povos-indigenas\/#breadcrumb","itemListElement":[{"@type":"ListItem","position":1,"name":"In\u00edcio","item":"https:\/\/aepetba.org.br\/v1\/"},{"@type":"ListItem","position":2,"name":"Corpos de Bruno e Dom s\u00e3o encontrados; viol\u00eancia na Amaz\u00f4nia mostra descaso do governo Bolsonaro com povos ind\u00edgenas"}]},{"@type":"Article","@id":"https:\/\/aepetba.org.br\/v1\/corpos-de-bruno-e-dom-sao-encontrados-violencia-na-amazonia-mostra-descaso-do-governo-bolsonaro-com-povos-indigenas\/#article","isPartOf":{"@id":"https:\/\/aepetba.org.br\/v1\/corpos-de-bruno-e-dom-sao-encontrados-violencia-na-amazonia-mostra-descaso-do-governo-bolsonaro-com-povos-indigenas\/"},"author":{"name":"AEPETBA","@id":"https:\/\/aepetba.org.br\/v1\/#\/schema\/person\/3504208f89f3f50e1526867ebb573b88"},"headline":"Corpos de Bruno e Dom s\u00e3o encontrados; viol\u00eancia na Amaz\u00f4nia mostra descaso do governo Bolsonaro com povos ind\u00edgenas","datePublished":"2022-06-21T15:58:27+00:00","dateModified":"2022-06-21T15:58:27+00:00","mainEntityOfPage":{"@id":"https:\/\/aepetba.org.br\/v1\/corpos-de-bruno-e-dom-sao-encontrados-violencia-na-amazonia-mostra-descaso-do-governo-bolsonaro-com-povos-indigenas\/"},"wordCount":822,"publisher":{"@id":"https:\/\/aepetba.org.br\/v1\/#organization"},"image":{"@id":"https:\/\/aepetba.org.br\/v1\/corpos-de-bruno-e-dom-sao-encontrados-violencia-na-amazonia-mostra-descaso-do-governo-bolsonaro-com-povos-indigenas\/#primaryimage"},"thumbnailUrl":"https:\/\/aepetba.org.br\/v1\/wp-content\/uploads\/2022\/06\/Materia-violencia-na-Amazonia-mostra-descaso-do-governo-petroleo-bahia-Aepet-ba.jpg","articleSection":["Destaque","Not\u00edcias"],"inLanguage":"pt-BR"},{"@type":"Person","@id":"https:\/\/aepetba.org.br\/v1\/#\/schema\/person\/3504208f89f3f50e1526867ebb573b88","name":"AEPETBA","image":{"@type":"ImageObject","inLanguage":"pt-BR","@id":"https:\/\/aepetba.org.br\/v1\/#\/schema\/person\/image\/","url":"https:\/\/secure.gravatar.com\/avatar\/3e6e1bf98c38137fc6b937d21e974714?s=96&d=mm&r=g","contentUrl":"https:\/\/secure.gravatar.com\/avatar\/3e6e1bf98c38137fc6b937d21e974714?s=96&d=mm&r=g","caption":"AEPETBA"},"sameAs":["http:\/\/aepetba.org.br\/v1"],"url":"https:\/\/aepetba.org.br\/v1\/author\/lubconsultoria\/"}]}},"_links":{"self":[{"href":"https:\/\/aepetba.org.br\/v1\/wp-json\/wp\/v2\/posts\/38466"}],"collection":[{"href":"https:\/\/aepetba.org.br\/v1\/wp-json\/wp\/v2\/posts"}],"about":[{"href":"https:\/\/aepetba.org.br\/v1\/wp-json\/wp\/v2\/types\/post"}],"author":[{"embeddable":true,"href":"https:\/\/aepetba.org.br\/v1\/wp-json\/wp\/v2\/users\/1"}],"replies":[{"embeddable":true,"href":"https:\/\/aepetba.org.br\/v1\/wp-json\/wp\/v2\/comments?post=38466"}],"version-history":[{"count":1,"href":"https:\/\/aepetba.org.br\/v1\/wp-json\/wp\/v2\/posts\/38466\/revisions"}],"predecessor-version":[{"id":38469,"href":"https:\/\/aepetba.org.br\/v1\/wp-json\/wp\/v2\/posts\/38466\/revisions\/38469"}],"wp:featuredmedia":[{"embeddable":true,"href":"https:\/\/aepetba.org.br\/v1\/wp-json\/wp\/v2\/media\/38467"}],"wp:attachment":[{"href":"https:\/\/aepetba.org.br\/v1\/wp-json\/wp\/v2\/media?parent=38466"}],"wp:term":[{"taxonomy":"category","embeddable":true,"href":"https:\/\/aepetba.org.br\/v1\/wp-json\/wp\/v2\/categories?post=38466"},{"taxonomy":"post_tag","embeddable":true,"href":"https:\/\/aepetba.org.br\/v1\/wp-json\/wp\/v2\/tags?post=38466"}],"curies":[{"name":"wp","href":"https:\/\/api.w.org\/{rel}","templated":true}]}}