{"id":38496,"date":"2022-06-23T07:00:33","date_gmt":"2022-06-23T10:00:33","guid":{"rendered":"https:\/\/aepetba.org.br\/v1\/?p=38496"},"modified":"2022-06-22T11:51:50","modified_gmt":"2022-06-22T14:51:50","slug":"previna-se-das-doencas-respiratorias","status":"publish","type":"post","link":"https:\/\/aepetba.org.br\/v1\/previna-se-das-doencas-respiratorias\/","title":{"rendered":"Previna-se das doen\u00e7as respirat\u00f3rias"},"content":{"rendered":"<!--[if lt IE 9]><script>document.createElement('audio');<\/script><![endif]-->\n<audio class=\"wp-audio-shortcode\" id=\"audio-38496-1\" preload=\"none\" style=\"width: 100%;\" controls=\"controls\"><source type=\"audio\/ogg\" src=\"https:\/\/aepetba.org.br\/v1\/wp-content\/uploads\/2022\/06\/doencas-respiratorias-no-inverno-vitalmed-aepet-bahia.ogg?_=1\" \/><a href=\"https:\/\/aepetba.org.br\/v1\/wp-content\/uploads\/2022\/06\/doencas-respiratorias-no-inverno-vitalmed-aepet-bahia.ogg\">https:\/\/aepetba.org.br\/v1\/wp-content\/uploads\/2022\/06\/doencas-respiratorias-no-inverno-vitalmed-aepet-bahia.ogg<\/a><\/audio>\n<p>Al\u00e9m da Covid-19, idosos e crian\u00e7as devem se prevenir contra as infec\u00e7\u00f5es respirat\u00f3rias durante o inverno, que j\u00e1 come\u00e7ou.<\/p>\n<p><strong>Com a chegada do inverno,<\/strong> algumas infec\u00e7\u00f5es respirat\u00f3rias se tornam mais frequentes. Um dos fatores que levam a isso \u00e9 a influ\u00eancia do tempo seco e umidade baixa.<\/p>\n<p>A diminui\u00e7\u00e3o da umidade relativa do ar traz uma maior fragilidade do sistema imunol\u00f3gico, o que facilita a invas\u00e3o do organismo por v\u00edrus e bact\u00e9rias, as chamadas <strong>doen\u00e7as de inverno: \u00a0rinite, podendo ser al\u00e9rgica ou infecciosa, sinusite, gripe e o resfriado comum. <\/strong><\/p>\n<p>Por isso, ambientes mal arejados com janelas fechadas podem aumentar a prolifera\u00e7\u00e3o de microrganismos e favorecer infec\u00e7\u00f5es pelo nariz e pela boca.<\/p>\n<p>Os cuidados com a rotina e a sa\u00fade devem ser redobrados, principalmente, com os idosos, nesta esta\u00e7\u00e3o. Para eles, a AEPET-BA <strong>recomenda os servi\u00e7os da Vitalmed.\u00a0<\/strong><\/p>\n<h2><strong>Por que usar a Vitalmed?<\/strong><\/h2>\n<p>O mais importante nessas horas, de uma necessidade m\u00e9dica, <strong>\u00e9 poder contar com um servi\u00e7o pr\u00e9-hospitalar de qualidade.<\/strong> E foi pensando nisso, que a nossa Associa\u00e7\u00e3o firmou um conv\u00eanio com a Vitalmed.<\/p>\n<p>O conv\u00eanio disponibiliza <strong>m\u00e9dicos 24h por dia para os nossos associados.<\/strong><\/p>\n<p>Quando o estado de sa\u00fade do paciente requerer atendimento de emerg\u00eancia ou urg\u00eancia m\u00e9dica, ser\u00e1 enviada, <strong>de imediato,<\/strong> uma unidade m\u00f3vel para o local do ocorrido.<\/p>\n<p>Mas, caso o paciente n\u00e3o estiver submetido a uma emerg\u00eancia ou urg\u00eancia m\u00e9dica e o problema pode ser resolvido por meio do Vitalfone, aconselhamento m\u00e9dico por telefone, <strong>a VITALMED, ent\u00e3o, enviar\u00e1, quando houver disponibilidade, um profissional de sa\u00fade at\u00e9 o paciente.<\/strong><\/p>\n<p><strong>O plano \u00e9 individual e para cada vida, a mensalidade, nos primeiros seis meses, \u00e9 R$ 45,00. \u00c9 o custo de um rem\u00e9dio, mas na Vitalmed, tem a disposi\u00e7\u00e3o uma variedade de servi\u00e7os m\u00e9dicos.<\/strong><\/p>\n<p>Siga o nosso conselho e seja s\u00f3cio da Vitalmed, <a href=\"https:\/\/aepetba.org.br\/v1\/vitalmed\/\"><strong>acessando aqui e escolhendo o n\u00famero de vidas.<\/strong><\/a><\/p>\n<p>N\u00e3o \u00e9 s\u00f3cio da AEPET-BA? <strong><span style=\"text-decoration: underline;\"><a href=\"https:\/\/aepetba.org.br\/v1\/associe-se-ja\/\">Ent\u00e3o clique aqui<\/a><\/span>!<\/strong><\/p>\n","protected":false},"excerpt":{"rendered":"<p>Al\u00e9m da Covid-19, idosos e crian\u00e7as devem se prevenir contra as infec\u00e7\u00f5es respirat\u00f3rias durante o inverno, que j\u00e1 come\u00e7ou. Com a chegada do inverno, algumas infec\u00e7\u00f5es respirat\u00f3rias se tornam mais frequentes. Um dos fatores que levam a isso \u00e9 a&#8230;<\/p>\n","protected":false},"author":1,"featured_media":38497,"comment_status":"closed","ping_status":"closed","sticky":false,"template":"","format":"standard","meta":[],"categories":[5,87,10],"tags":[],"yoast_head":"<!-- This site is optimized with the Yoast SEO plugin v19.3 - https:\/\/yoast.com\/wordpress\/plugins\/seo\/ -->\n<title>Previna-se das doen\u00e7as respirat\u00f3rias - AEPET N\u00daCLEO BAHIA<\/title>\n<meta name=\"robots\" content=\"index, follow, max-snippet:-1, max-image-preview:large, max-video-preview:-1\" \/>\n<link rel=\"canonical\" href=\"https:\/\/aepetba.org.br\/v1\/previna-se-das-doencas-respiratorias\/\" \/>\n<meta property=\"og:locale\" content=\"pt_BR\" \/>\n<meta property=\"og:type\" content=\"article\" \/>\n<meta property=\"og:title\" content=\"Previna-se das doen\u00e7as respirat\u00f3rias - AEPET N\u00daCLEO BAHIA\" \/>\n<meta property=\"og:description\" content=\"Al\u00e9m da Covid-19, idosos e crian\u00e7as devem se prevenir contra as infec\u00e7\u00f5es respirat\u00f3rias durante o inverno, que j\u00e1 come\u00e7ou. Com a chegada do inverno, algumas infec\u00e7\u00f5es respirat\u00f3rias se tornam mais frequentes. Um dos fatores que levam a isso \u00e9 a...\" \/>\n<meta property=\"og:url\" content=\"https:\/\/aepetba.org.br\/v1\/previna-se-das-doencas-respiratorias\/\" \/>\n<meta property=\"og:site_name\" content=\"AEPET N\u00daCLEO BAHIA\" \/>\n<meta property=\"article:publisher\" content=\"https:\/\/web.facebook.com\/aepetba\" \/>\n<meta property=\"article:published_time\" content=\"2022-06-23T10:00:33+00:00\" \/>\n<meta property=\"article:modified_time\" content=\"2022-06-22T14:51:50+00:00\" \/>\n<meta property=\"og:image\" content=\"https:\/\/aepetba.org.br\/v1\/wp-content\/uploads\/2022\/06\/Materia-doencas-respiratorias-no-inverno-petroleo-bahia-Aepet-ba.jpg\" \/>\n\t<meta property=\"og:image:width\" content=\"1073\" \/>\n\t<meta property=\"og:image:height\" content=\"925\" \/>\n\t<meta property=\"og:image:type\" content=\"image\/jpeg\" \/>\n<meta name=\"author\" content=\"AEPETBA\" \/>\n<meta name=\"twitter:card\" content=\"summary_large_image\" \/>\n<meta name=\"twitter:creator\" content=\"@aepetbahia\" \/>\n<meta name=\"twitter:site\" content=\"@aepetbahia\" \/>\n<meta name=\"twitter:label1\" content=\"Escrito por\" \/>\n\t<meta name=\"twitter:data1\" content=\"AEPETBA\" \/>\n\t<meta name=\"twitter:label2\" content=\"Est. tempo de leitura\" \/>\n\t<meta name=\"twitter:data2\" content=\"2 minutos\" \/>\n<script type=\"application\/ld+json\" class=\"yoast-schema-graph\">{\"@context\":\"https:\/\/schema.org\",\"@graph\":[{\"@type\":\"Organization\",\"@id\":\"https:\/\/aepetba.org.br\/v1\/#organization\",\"name\":\"AEPET N\u00facleo Bahia\",\"url\":\"https:\/\/aepetba.org.br\/v1\/\",\"sameAs\":[\"https:\/\/www.instagram.com\/aepetbahia\/\",\"https:\/\/www.youtube.com\/c\/AEPETBAHIA\",\"https:\/\/web.facebook.com\/aepetba\",\"https:\/\/twitter.com\/aepetbahia\"],\"logo\":{\"@type\":\"ImageObject\",\"inLanguage\":\"pt-BR\",\"@id\":\"https:\/\/aepetba.org.br\/v1\/#\/schema\/logo\/image\/\",\"url\":\"https:\/\/aepetba.org.br\/v1\/wp-content\/uploads\/revslider\/home\/logo-AEPETBA.png\",\"contentUrl\":\"https:\/\/aepetba.org.br\/v1\/wp-content\/uploads\/revslider\/home\/logo-AEPETBA.png\",\"width\":297,\"height\":86,\"caption\":\"AEPET N\u00facleo Bahia\"},\"image\":{\"@id\":\"https:\/\/aepetba.org.br\/v1\/#\/schema\/logo\/image\/\"}},{\"@type\":\"WebSite\",\"@id\":\"https:\/\/aepetba.org.br\/v1\/#website\",\"url\":\"https:\/\/aepetba.org.br\/v1\/\",\"name\":\"AEPET N\u00daCLEO BAHIA\",\"description\":\"Associa\u00e7\u00e3o dos Engenheiros da Petrobr\u00e1s N\u00facleo Bahia Petr\u00f3leo Bahia Salvador Nordeste \",\"publisher\":{\"@id\":\"https:\/\/aepetba.org.br\/v1\/#organization\"},\"potentialAction\":[{\"@type\":\"SearchAction\",\"target\":{\"@type\":\"EntryPoint\",\"urlTemplate\":\"https:\/\/aepetba.org.br\/v1\/?s={search_term_string}\"},\"query-input\":\"required name=search_term_string\"}],\"inLanguage\":\"pt-BR\"},{\"@type\":\"ImageObject\",\"inLanguage\":\"pt-BR\",\"@id\":\"https:\/\/aepetba.org.br\/v1\/previna-se-das-doencas-respiratorias\/#primaryimage\",\"url\":\"https:\/\/aepetba.org.br\/v1\/wp-content\/uploads\/2022\/06\/Materia-doencas-respiratorias-no-inverno-petroleo-bahia-Aepet-ba.jpg\",\"contentUrl\":\"https:\/\/aepetba.org.br\/v1\/wp-content\/uploads\/2022\/06\/Materia-doencas-respiratorias-no-inverno-petroleo-bahia-Aepet-ba.jpg\",\"width\":1073,\"height\":925},{\"@type\":\"WebPage\",\"@id\":\"https:\/\/aepetba.org.br\/v1\/previna-se-das-doencas-respiratorias\/\",\"url\":\"https:\/\/aepetba.org.br\/v1\/previna-se-das-doencas-respiratorias\/\",\"name\":\"Previna-se das doen\u00e7as respirat\u00f3rias - AEPET N\u00daCLEO BAHIA\",\"isPartOf\":{\"@id\":\"https:\/\/aepetba.org.br\/v1\/#website\"},\"primaryImageOfPage\":{\"@id\":\"https:\/\/aepetba.org.br\/v1\/previna-se-das-doencas-respiratorias\/#primaryimage\"},\"datePublished\":\"2022-06-23T10:00:33+00:00\",\"dateModified\":\"2022-06-22T14:51:50+00:00\",\"breadcrumb\":{\"@id\":\"https:\/\/aepetba.org.br\/v1\/previna-se-das-doencas-respiratorias\/#breadcrumb\"},\"inLanguage\":\"pt-BR\",\"potentialAction\":[{\"@type\":\"ReadAction\",\"target\":[\"https:\/\/aepetba.org.br\/v1\/previna-se-das-doencas-respiratorias\/\"]}]},{\"@type\":\"BreadcrumbList\",\"@id\":\"https:\/\/aepetba.org.br\/v1\/previna-se-das-doencas-respiratorias\/#breadcrumb\",\"itemListElement\":[{\"@type\":\"ListItem\",\"position\":1,\"name\":\"In\u00edcio\",\"item\":\"https:\/\/aepetba.org.br\/v1\/\"},{\"@type\":\"ListItem\",\"position\":2,\"name\":\"Previna-se das doen\u00e7as respirat\u00f3rias\"}]},{\"@type\":\"Article\",\"@id\":\"https:\/\/aepetba.org.br\/v1\/previna-se-das-doencas-respiratorias\/#article\",\"isPartOf\":{\"@id\":\"https:\/\/aepetba.org.br\/v1\/previna-se-das-doencas-respiratorias\/\"},\"author\":{\"name\":\"AEPETBA\",\"@id\":\"https:\/\/aepetba.org.br\/v1\/#\/schema\/person\/3504208f89f3f50e1526867ebb573b88\"},\"headline\":\"Previna-se das doen\u00e7as respirat\u00f3rias\",\"datePublished\":\"2022-06-23T10:00:33+00:00\",\"dateModified\":\"2022-06-22T14:51:50+00:00\",\"mainEntityOfPage\":{\"@id\":\"https:\/\/aepetba.org.br\/v1\/previna-se-das-doencas-respiratorias\/\"},\"wordCount\":370,\"publisher\":{\"@id\":\"https:\/\/aepetba.org.br\/v1\/#organization\"},\"image\":{\"@id\":\"https:\/\/aepetba.org.br\/v1\/previna-se-das-doencas-respiratorias\/#primaryimage\"},\"thumbnailUrl\":\"https:\/\/aepetba.org.br\/v1\/wp-content\/uploads\/2022\/06\/Materia-doencas-respiratorias-no-inverno-petroleo-bahia-Aepet-ba.jpg\",\"articleSection\":[\"Coluna do Associado\",\"Destaque\",\"Not\u00edcias\"],\"inLanguage\":\"pt-BR\"},{\"@type\":\"Person\",\"@id\":\"https:\/\/aepetba.org.br\/v1\/#\/schema\/person\/3504208f89f3f50e1526867ebb573b88\",\"name\":\"AEPETBA\",\"image\":{\"@type\":\"ImageObject\",\"inLanguage\":\"pt-BR\",\"@id\":\"https:\/\/aepetba.org.br\/v1\/#\/schema\/person\/image\/\",\"url\":\"https:\/\/secure.gravatar.com\/avatar\/3e6e1bf98c38137fc6b937d21e974714?s=96&d=mm&r=g\",\"contentUrl\":\"https:\/\/secure.gravatar.com\/avatar\/3e6e1bf98c38137fc6b937d21e974714?s=96&d=mm&r=g\",\"caption\":\"AEPETBA\"},\"sameAs\":[\"http:\/\/aepetba.org.br\/v1\"],\"url\":\"https:\/\/aepetba.org.br\/v1\/author\/lubconsultoria\/\"}]}<\/script>\n<!-- \/ Yoast SEO plugin. -->","yoast_head_json":{"title":"Previna-se das doen\u00e7as respirat\u00f3rias - AEPET N\u00daCLEO BAHIA","robots":{"index":"index","follow":"follow","max-snippet":"max-snippet:-1","max-image-preview":"max-image-preview:large","max-video-preview":"max-video-preview:-1"},"canonical":"https:\/\/aepetba.org.br\/v1\/previna-se-das-doencas-respiratorias\/","og_locale":"pt_BR","og_type":"article","og_title":"Previna-se das doen\u00e7as respirat\u00f3rias - AEPET N\u00daCLEO BAHIA","og_description":"Al\u00e9m da Covid-19, idosos e crian\u00e7as devem se prevenir contra as infec\u00e7\u00f5es respirat\u00f3rias durante o inverno, que j\u00e1 come\u00e7ou. Com a chegada do inverno, algumas infec\u00e7\u00f5es respirat\u00f3rias se tornam mais frequentes. Um dos fatores que levam a isso \u00e9 a...","og_url":"https:\/\/aepetba.org.br\/v1\/previna-se-das-doencas-respiratorias\/","og_site_name":"AEPET N\u00daCLEO BAHIA","article_publisher":"https:\/\/web.facebook.com\/aepetba","article_published_time":"2022-06-23T10:00:33+00:00","article_modified_time":"2022-06-22T14:51:50+00:00","og_image":[{"width":1073,"height":925,"url":"https:\/\/aepetba.org.br\/v1\/wp-content\/uploads\/2022\/06\/Materia-doencas-respiratorias-no-inverno-petroleo-bahia-Aepet-ba.jpg","type":"image\/jpeg"}],"author":"AEPETBA","twitter_card":"summary_large_image","twitter_creator":"@aepetbahia","twitter_site":"@aepetbahia","twitter_misc":{"Escrito por":"AEPETBA","Est. tempo de leitura":"2 minutos"},"schema":{"@context":"https:\/\/schema.org","@graph":[{"@type":"Organization","@id":"https:\/\/aepetba.org.br\/v1\/#organization","name":"AEPET N\u00facleo Bahia","url":"https:\/\/aepetba.org.br\/v1\/","sameAs":["https:\/\/www.instagram.com\/aepetbahia\/","https:\/\/www.youtube.com\/c\/AEPETBAHIA","https:\/\/web.facebook.com\/aepetba","https:\/\/twitter.com\/aepetbahia"],"logo":{"@type":"ImageObject","inLanguage":"pt-BR","@id":"https:\/\/aepetba.org.br\/v1\/#\/schema\/logo\/image\/","url":"https:\/\/aepetba.org.br\/v1\/wp-content\/uploads\/revslider\/home\/logo-AEPETBA.png","contentUrl":"https:\/\/aepetba.org.br\/v1\/wp-content\/uploads\/revslider\/home\/logo-AEPETBA.png","width":297,"height":86,"caption":"AEPET N\u00facleo Bahia"},"image":{"@id":"https:\/\/aepetba.org.br\/v1\/#\/schema\/logo\/image\/"}},{"@type":"WebSite","@id":"https:\/\/aepetba.org.br\/v1\/#website","url":"https:\/\/aepetba.org.br\/v1\/","name":"AEPET N\u00daCLEO BAHIA","description":"Associa\u00e7\u00e3o dos Engenheiros da Petrobr\u00e1s N\u00facleo Bahia Petr\u00f3leo Bahia Salvador Nordeste ","publisher":{"@id":"https:\/\/aepetba.org.br\/v1\/#organization"},"potentialAction":[{"@type":"SearchAction","target":{"@type":"EntryPoint","urlTemplate":"https:\/\/aepetba.org.br\/v1\/?s={search_term_string}"},"query-input":"required name=search_term_string"}],"inLanguage":"pt-BR"},{"@type":"ImageObject","inLanguage":"pt-BR","@id":"https:\/\/aepetba.org.br\/v1\/previna-se-das-doencas-respiratorias\/#primaryimage","url":"https:\/\/aepetba.org.br\/v1\/wp-content\/uploads\/2022\/06\/Materia-doencas-respiratorias-no-inverno-petroleo-bahia-Aepet-ba.jpg","contentUrl":"https:\/\/aepetba.org.br\/v1\/wp-content\/uploads\/2022\/06\/Materia-doencas-respiratorias-no-inverno-petroleo-bahia-Aepet-ba.jpg","width":1073,"height":925},{"@type":"WebPage","@id":"https:\/\/aepetba.org.br\/v1\/previna-se-das-doencas-respiratorias\/","url":"https:\/\/aepetba.org.br\/v1\/previna-se-das-doencas-respiratorias\/","name":"Previna-se das doen\u00e7as respirat\u00f3rias - AEPET N\u00daCLEO BAHIA","isPartOf":{"@id":"https:\/\/aepetba.org.br\/v1\/#website"},"primaryImageOfPage":{"@id":"https:\/\/aepetba.org.br\/v1\/previna-se-das-doencas-respiratorias\/#primaryimage"},"datePublished":"2022-06-23T10:00:33+00:00","dateModified":"2022-06-22T14:51:50+00:00","breadcrumb":{"@id":"https:\/\/aepetba.org.br\/v1\/previna-se-das-doencas-respiratorias\/#breadcrumb"},"inLanguage":"pt-BR","potentialAction":[{"@type":"ReadAction","target":["https:\/\/aepetba.org.br\/v1\/previna-se-das-doencas-respiratorias\/"]}]},{"@type":"BreadcrumbList","@id":"https:\/\/aepetba.org.br\/v1\/previna-se-das-doencas-respiratorias\/#breadcrumb","itemListElement":[{"@type":"ListItem","position":1,"name":"In\u00edcio","item":"https:\/\/aepetba.org.br\/v1\/"},{"@type":"ListItem","position":2,"name":"Previna-se das doen\u00e7as respirat\u00f3rias"}]},{"@type":"Article","@id":"https:\/\/aepetba.org.br\/v1\/previna-se-das-doencas-respiratorias\/#article","isPartOf":{"@id":"https:\/\/aepetba.org.br\/v1\/previna-se-das-doencas-respiratorias\/"},"author":{"name":"AEPETBA","@id":"https:\/\/aepetba.org.br\/v1\/#\/schema\/person\/3504208f89f3f50e1526867ebb573b88"},"headline":"Previna-se das doen\u00e7as respirat\u00f3rias","datePublished":"2022-06-23T10:00:33+00:00","dateModified":"2022-06-22T14:51:50+00:00","mainEntityOfPage":{"@id":"https:\/\/aepetba.org.br\/v1\/previna-se-das-doencas-respiratorias\/"},"wordCount":370,"publisher":{"@id":"https:\/\/aepetba.org.br\/v1\/#organization"},"image":{"@id":"https:\/\/aepetba.org.br\/v1\/previna-se-das-doencas-respiratorias\/#primaryimage"},"thumbnailUrl":"https:\/\/aepetba.org.br\/v1\/wp-content\/uploads\/2022\/06\/Materia-doencas-respiratorias-no-inverno-petroleo-bahia-Aepet-ba.jpg","articleSection":["Coluna do Associado","Destaque","Not\u00edcias"],"inLanguage":"pt-BR"},{"@type":"Person","@id":"https:\/\/aepetba.org.br\/v1\/#\/schema\/person\/3504208f89f3f50e1526867ebb573b88","name":"AEPETBA","image":{"@type":"ImageObject","inLanguage":"pt-BR","@id":"https:\/\/aepetba.org.br\/v1\/#\/schema\/person\/image\/","url":"https:\/\/secure.gravatar.com\/avatar\/3e6e1bf98c38137fc6b937d21e974714?s=96&d=mm&r=g","contentUrl":"https:\/\/secure.gravatar.com\/avatar\/3e6e1bf98c38137fc6b937d21e974714?s=96&d=mm&r=g","caption":"AEPETBA"},"sameAs":["http:\/\/aepetba.org.br\/v1"],"url":"https:\/\/aepetba.org.br\/v1\/author\/lubconsultoria\/"}]}},"_links":{"self":[{"href":"https:\/\/aepetba.org.br\/v1\/wp-json\/wp\/v2\/posts\/38496"}],"collection":[{"href":"https:\/\/aepetba.org.br\/v1\/wp-json\/wp\/v2\/posts"}],"about":[{"href":"https:\/\/aepetba.org.br\/v1\/wp-json\/wp\/v2\/types\/post"}],"author":[{"embeddable":true,"href":"https:\/\/aepetba.org.br\/v1\/wp-json\/wp\/v2\/users\/1"}],"replies":[{"embeddable":true,"href":"https:\/\/aepetba.org.br\/v1\/wp-json\/wp\/v2\/comments?post=38496"}],"version-history":[{"count":2,"href":"https:\/\/aepetba.org.br\/v1\/wp-json\/wp\/v2\/posts\/38496\/revisions"}],"predecessor-version":[{"id":38500,"href":"https:\/\/aepetba.org.br\/v1\/wp-json\/wp\/v2\/posts\/38496\/revisions\/38500"}],"wp:featuredmedia":[{"embeddable":true,"href":"https:\/\/aepetba.org.br\/v1\/wp-json\/wp\/v2\/media\/38497"}],"wp:attachment":[{"href":"https:\/\/aepetba.org.br\/v1\/wp-json\/wp\/v2\/media?parent=38496"}],"wp:term":[{"taxonomy":"category","embeddable":true,"href":"https:\/\/aepetba.org.br\/v1\/wp-json\/wp\/v2\/categories?post=38496"},{"taxonomy":"post_tag","embeddable":true,"href":"https:\/\/aepetba.org.br\/v1\/wp-json\/wp\/v2\/tags?post=38496"}],"curies":[{"name":"wp","href":"https:\/\/api.w.org\/{rel}","templated":true}]}}