{"id":38521,"date":"2022-06-27T18:42:36","date_gmt":"2022-06-27T21:42:36","guid":{"rendered":"https:\/\/aepetba.org.br\/v1\/?p=38521"},"modified":"2022-06-27T21:08:04","modified_gmt":"2022-06-28T00:08:04","slug":"petroleiros-contestam-indicacao-de-caio-andrade-para-a-presidencia-da-petrobras","status":"publish","type":"post","link":"https:\/\/aepetba.org.br\/v1\/petroleiros-contestam-indicacao-de-caio-andrade-para-a-presidencia-da-petrobras\/","title":{"rendered":"Petroleiros contestam indica\u00e7\u00e3o de Caio Andrade para a presid\u00eancia da Petrobr\u00e1s"},"content":{"rendered":"<!--[if lt IE 9]><script>document.createElement('audio');<\/script><![endif]-->\n<audio class=\"wp-audio-shortcode\" id=\"audio-38521-1\" preload=\"none\" style=\"width: 100%;\" controls=\"controls\"><source type=\"audio\/ogg\" src=\"https:\/\/aepetba.org.br\/v1\/wp-content\/uploads\/2022\/06\/novo-presidente-da-Petrobras-assume-cargo.ogg?_=1\" \/><a href=\"https:\/\/aepetba.org.br\/v1\/wp-content\/uploads\/2022\/06\/novo-presidente-da-Petrobras-assume-cargo.ogg\">https:\/\/aepetba.org.br\/v1\/wp-content\/uploads\/2022\/06\/novo-presidente-da-Petrobras-assume-cargo.ogg<\/a><\/audio>\n<p><strong><span style=\"text-decoration: underline;\"><a href=\"https:\/\/aepetba.org.br\/v1\/2022\/06\/20\/jose-mauro-pede-saida-da-petrobras-interino-assume-enquanto-nao-acontece-nova-eleicao\/\">Ap\u00f3s a demiss\u00e3o de Jos\u00e9 Mauro Ferreira Coelho<\/a><\/span><\/strong>, Bolsonaro indicou Caio Paes de Andrade para assumir o comando da estatal. Os petroleiros contestam a indica\u00e7\u00e3o, pois n\u00e3o atende aos requisitos da companhia.<\/p>\n<p>O novo indicado para assumir a presid\u00eancia da Petrobr\u00e1s, que \u00e9 pr\u00f3ximo a Paulo Guedes na pasta de Desburocratiza\u00e7\u00e3o do minist\u00e9rio da Economia, n\u00e3o tem a menor experi\u00eancia em gest\u00e3o conforme exigido pelo decreto 8.945 que regulamenta a Lei das Estatais (13.303\/2-16) e disp\u00f5e sobre o estatuto jur\u00eddico da empresa p\u00fablica. Na se\u00e7\u00e3o VII do decreto, o artigo 28 diz que \u00e9 obrigat\u00f3rio ter forma\u00e7\u00e3o acad\u00eamica compat\u00edvel e not\u00f3rio conhecimento compat\u00edveis com o cargo.<\/p>\n<p>Sendo assim, o nome do novo indicado esbarra em pelo menos dois poss\u00edveis impeditivos para sua nomea\u00e7\u00e3o: a experi\u00eancia profissional e a forma\u00e7\u00e3o acad\u00eamica.<\/p>\n<p>Entretanto, na \u00faltima sexta-feira (24\/06) Comit\u00ea de Elegibilidade, por tr\u00eas votos a um, <strong>decidiu que n\u00e3o h\u00e1 obst\u00e1culos para a aprova\u00e7\u00e3o do nome indicado por Bolsonaro.<\/strong><\/p>\n<p>Andrade <strong>\u00e9 formado em comunica\u00e7\u00e3o social<\/strong> pela Universidade Paulista, p\u00f3s-graduado em administra\u00e7\u00e3o e gest\u00e3o pela Harvard University e mestre em administra\u00e7\u00e3o de empresas pela Duke University, mas as forma\u00e7\u00f5es no exterior n\u00e3o foram aceitas pelo MEC no Brasil o que as torna invalidas para todos os fins, enquanto n\u00e3o validadas.<\/p>\n<p><strong>Ele n\u00e3o possui experi\u00eancia comprovada de tr\u00eas anos no setor do petr\u00f3leo<\/strong>, como exige o comit\u00ea de pessoas da Petrobr\u00e1s para cargos da alta administra\u00e7\u00e3o. Sua experi\u00eancia no setor se resume apenas <strong>a uma passagem pelo conselho de administra\u00e7\u00e3o da estatal do pr\u00e9-sal.<\/strong><\/p>\n<p>Caio chegou a ser cotado para a presid\u00eancia da Petrobr\u00e1s, durante a troca que resultou na demiss\u00e3o de Silva e Luna, <strong>mas n\u00e3o foi indicado justamente por esse crit\u00e9rio adotado pela comiss\u00e3o da estatal.<\/strong><\/p>\n<h2><strong>Nome confirmado pelo CA<\/strong><\/h2>\n<p>De acordo com o blog do Valdo Cruz, no G1, <strong>o nome de Caio Paes foi aprovado para ser o novo presidente da Petrobr\u00e1s, por sete votos a tr\u00eas.<\/strong> A decis\u00e3o foi tomada em reuni\u00e3o do Conselho de Administra\u00e7\u00e3o, realizada na manh\u00e3 desta segunda (27).<\/p>\n<p>Na mesma reuni\u00e3o, por oito votos a dois, <strong>ele tamb\u00e9m foi eleito para compor o pr\u00f3prio Conselho de Administra\u00e7\u00e3o da estatal.<\/strong><\/p>\n<p>O curioso \u00e9 que na reuni\u00e3o do Comit\u00ea de Elegibilidade, <strong>os tr\u00eas que votaram pela aprova\u00e7\u00e3o do nome de Caio Paes de Andrade<\/strong>, dizendo que n\u00e3o h\u00e1 impedimento para que ele assuma os dois postos, <strong>fizeram a ressalva de que ele n\u00e3o possui a experi\u00eancia demandada pelas regras atuais.<\/strong><\/p>\n<p>Ou seja, <strong>aprovaram o nome mesmo sabendo que ele nitidamente n\u00e3o se enquadra nas regras para assumir o comando da companhia.<\/strong> E claro, Caio Paes de Andrade <strong>n\u00e3o recebeu nenhuma orienta\u00e7\u00e3o do governo<\/strong> para mudar a atual pol\u00edtica de pre\u00e7os da Petrobr\u00e1s.<\/p>\n<p><span style=\"text-decoration: underline;\"><a href=\"https:\/\/rosangelabuzanelli.com.br\/indicacao-do-novo-presidente-da-petrobras-nao-atende-requisitos-tecnicos-da-lei-das-estatais-e-do-estatuto-social-da-empresa\/\" target=\"_blank\" rel=\"noopener\"><strong>Leia a coluna de Ros\u00e2ngela Buzanelli, representante dos petroleiros no Conselho da Petrobr\u00e1s, criticando a indica\u00e7\u00e3o de Caio Paes<\/strong><\/a><\/span><\/p>\n<p><strong>Protestos e a\u00e7\u00f5es da categoria petroleira contra Caio Paes de Andrade<\/strong><\/p>\n<p>Nesta segunda (27), <strong>petroleiros realizaram uma manifesta\u00e7\u00e3o na frente da sede da Petrobr\u00e1s,<\/strong> no Rio de Janeiro, contra a elei\u00e7\u00e3o de Caio Paes para a presid\u00eancia da companhia.<\/p>\n<p>Para al\u00e9m desse protesto, <strong>a Associa\u00e7\u00e3o Nacional dos Petroleiros Acionistas Minorit\u00e1rios da Petrobras (Anapetro),<\/strong> protocolou na Comiss\u00e3o de Valores Mobili\u00e1rios (CVM), uma den\u00fancia contra a elei\u00e7\u00e3o de hoje.<\/p>\n<p>A entidade destacou em carta ao presidente do \u00f3rg\u00e3o, que, por raz\u00f5es de compliance, al\u00e9m do disposto na Lei das Sociedades An\u00f4nimas, Lei das Estatais e ordenamento da CVM, Andrade n\u00e3o pode tomar posse como presidente da Petrobr\u00e1s por n\u00e3o possuir requisitos legais para tal e, consequentemente, apresentar risco \u00e0 Companhia e a seus acionistas minorit\u00e1rios.<\/p>\n<p>\u201cMuito preocupa a Associa\u00e7\u00e3o o atual cen\u00e1rio de instabilidade que atravessa a Petrobr\u00e1s, com oscila\u00e7\u00e3o no mercado de capitais sendo investigada pela Comiss\u00e3o de Valores Mobili\u00e1rios, trocas frequentes nos membros de sua gest\u00e3o e ataques sofridos pelo Congresso Nacional com declara\u00e7\u00f5es fortes como a inten\u00e7\u00e3o de se abrir uma Comiss\u00e3o Parlamentar de Inqu\u00e9rito sobre o funcionamento da Companhia\u201d, destaca a Anapetro.<\/p>\n<p><strong>A AEPET-BA analisa ingressar com uma a\u00e7\u00e3o pedindo liminar e que a lei seja cumprida e, perguntamos: se n\u00e3o \u00e9 para mudar o PPI por que um novo presidente que n\u00e3o cumpre com os requisitos necess\u00e1rios para ocupar o cargo? <\/strong><\/p>\n<p><strong>Caio Andrade, indicado de Bolsonaro\/Guedes, vem com proposito claro de destruir a Petrobr\u00e1s o que o torna tamb\u00e9m ileg\u00edtimo.<\/strong><\/p>\n<p><span style=\"text-decoration: underline;\"><a href=\"https:\/\/aepetba.org.br\/v1\/wp-content\/uploads\/2022\/06\/2022-06-25-Ata-do-CELEG-Caio-Mario-Paes-de-Andrade-Publica-1.pdf\"><strong>Leia aqui <\/strong><\/a><\/span>a ata da reuni\u00e3o do comit\u00ea de pessoas que aprovou o nome de Andrade<\/p>\n<p><em>(Com informa\u00e7\u00f5es do Estad\u00e3o Conte\u00fado)<\/em><\/p>\n","protected":false},"excerpt":{"rendered":"<p>Ap\u00f3s a demiss\u00e3o de Jos\u00e9 Mauro Ferreira Coelho, Bolsonaro indicou Caio Paes de Andrade para assumir o comando da estatal. Os petroleiros contestam a indica\u00e7\u00e3o, pois n\u00e3o atende aos requisitos da companhia. O novo indicado para assumir a presid\u00eancia da&#8230;<\/p>\n","protected":false},"author":1,"featured_media":38524,"comment_status":"closed","ping_status":"closed","sticky":false,"template":"","format":"standard","meta":[],"categories":[87,10],"tags":[],"yoast_head":"<!-- This site is optimized with the Yoast SEO plugin v19.3 - https:\/\/yoast.com\/wordpress\/plugins\/seo\/ -->\n<title>Petroleiros contestam indica\u00e7\u00e3o de Caio Andrade para a presid\u00eancia da Petrobr\u00e1s - AEPET N\u00daCLEO BAHIA<\/title>\n<meta name=\"robots\" content=\"index, follow, max-snippet:-1, max-image-preview:large, max-video-preview:-1\" \/>\n<link rel=\"canonical\" href=\"https:\/\/aepetba.org.br\/v1\/petroleiros-contestam-indicacao-de-caio-andrade-para-a-presidencia-da-petrobras\/\" \/>\n<meta property=\"og:locale\" content=\"pt_BR\" \/>\n<meta property=\"og:type\" content=\"article\" \/>\n<meta property=\"og:title\" content=\"Petroleiros contestam indica\u00e7\u00e3o de Caio Andrade para a presid\u00eancia da Petrobr\u00e1s - AEPET N\u00daCLEO BAHIA\" \/>\n<meta property=\"og:description\" content=\"Ap\u00f3s a demiss\u00e3o de Jos\u00e9 Mauro Ferreira Coelho, Bolsonaro indicou Caio Paes de Andrade para assumir o comando da estatal. Os petroleiros contestam a indica\u00e7\u00e3o, pois n\u00e3o atende aos requisitos da companhia. O novo indicado para assumir a presid\u00eancia da...\" \/>\n<meta property=\"og:url\" content=\"https:\/\/aepetba.org.br\/v1\/petroleiros-contestam-indicacao-de-caio-andrade-para-a-presidencia-da-petrobras\/\" \/>\n<meta property=\"og:site_name\" content=\"AEPET N\u00daCLEO BAHIA\" \/>\n<meta property=\"article:publisher\" content=\"https:\/\/web.facebook.com\/aepetba\" \/>\n<meta property=\"article:published_time\" content=\"2022-06-27T21:42:36+00:00\" \/>\n<meta property=\"article:modified_time\" content=\"2022-06-28T00:08:04+00:00\" \/>\n<meta property=\"og:image\" content=\"https:\/\/aepetba.org.br\/v1\/wp-content\/uploads\/2022\/06\/Materia-Petroleiros-contestam-indicacao-de-Caio-Andrade-para-a-presidencia-da-Petrobras-petroleo-brasil-Aepet-ba.jpg\" \/>\n\t<meta property=\"og:image:width\" content=\"1080\" \/>\n\t<meta property=\"og:image:height\" content=\"914\" \/>\n\t<meta property=\"og:image:type\" content=\"image\/jpeg\" \/>\n<meta name=\"author\" content=\"AEPETBA\" \/>\n<meta name=\"twitter:card\" content=\"summary_large_image\" \/>\n<meta name=\"twitter:creator\" content=\"@aepetbahia\" \/>\n<meta name=\"twitter:site\" content=\"@aepetbahia\" \/>\n<meta name=\"twitter:label1\" content=\"Escrito por\" \/>\n\t<meta name=\"twitter:data1\" content=\"AEPETBA\" \/>\n\t<meta name=\"twitter:label2\" content=\"Est. tempo de leitura\" \/>\n\t<meta name=\"twitter:data2\" content=\"4 minutos\" \/>\n<script type=\"application\/ld+json\" class=\"yoast-schema-graph\">{\"@context\":\"https:\/\/schema.org\",\"@graph\":[{\"@type\":\"Organization\",\"@id\":\"https:\/\/aepetba.org.br\/v1\/#organization\",\"name\":\"AEPET N\u00facleo Bahia\",\"url\":\"https:\/\/aepetba.org.br\/v1\/\",\"sameAs\":[\"https:\/\/www.instagram.com\/aepetbahia\/\",\"https:\/\/www.youtube.com\/c\/AEPETBAHIA\",\"https:\/\/web.facebook.com\/aepetba\",\"https:\/\/twitter.com\/aepetbahia\"],\"logo\":{\"@type\":\"ImageObject\",\"inLanguage\":\"pt-BR\",\"@id\":\"https:\/\/aepetba.org.br\/v1\/#\/schema\/logo\/image\/\",\"url\":\"https:\/\/aepetba.org.br\/v1\/wp-content\/uploads\/revslider\/home\/logo-AEPETBA.png\",\"contentUrl\":\"https:\/\/aepetba.org.br\/v1\/wp-content\/uploads\/revslider\/home\/logo-AEPETBA.png\",\"width\":297,\"height\":86,\"caption\":\"AEPET N\u00facleo Bahia\"},\"image\":{\"@id\":\"https:\/\/aepetba.org.br\/v1\/#\/schema\/logo\/image\/\"}},{\"@type\":\"WebSite\",\"@id\":\"https:\/\/aepetba.org.br\/v1\/#website\",\"url\":\"https:\/\/aepetba.org.br\/v1\/\",\"name\":\"AEPET N\u00daCLEO BAHIA\",\"description\":\"Associa\u00e7\u00e3o dos Engenheiros da Petrobr\u00e1s N\u00facleo Bahia Petr\u00f3leo Bahia Salvador Nordeste \",\"publisher\":{\"@id\":\"https:\/\/aepetba.org.br\/v1\/#organization\"},\"potentialAction\":[{\"@type\":\"SearchAction\",\"target\":{\"@type\":\"EntryPoint\",\"urlTemplate\":\"https:\/\/aepetba.org.br\/v1\/?s={search_term_string}\"},\"query-input\":\"required name=search_term_string\"}],\"inLanguage\":\"pt-BR\"},{\"@type\":\"ImageObject\",\"inLanguage\":\"pt-BR\",\"@id\":\"https:\/\/aepetba.org.br\/v1\/petroleiros-contestam-indicacao-de-caio-andrade-para-a-presidencia-da-petrobras\/#primaryimage\",\"url\":\"https:\/\/aepetba.org.br\/v1\/wp-content\/uploads\/2022\/06\/Materia-Petroleiros-contestam-indicacao-de-Caio-Andrade-para-a-presidencia-da-Petrobras-petroleo-brasil-Aepet-ba.jpg\",\"contentUrl\":\"https:\/\/aepetba.org.br\/v1\/wp-content\/uploads\/2022\/06\/Materia-Petroleiros-contestam-indicacao-de-Caio-Andrade-para-a-presidencia-da-Petrobras-petroleo-brasil-Aepet-ba.jpg\",\"width\":1080,\"height\":914},{\"@type\":\"WebPage\",\"@id\":\"https:\/\/aepetba.org.br\/v1\/petroleiros-contestam-indicacao-de-caio-andrade-para-a-presidencia-da-petrobras\/\",\"url\":\"https:\/\/aepetba.org.br\/v1\/petroleiros-contestam-indicacao-de-caio-andrade-para-a-presidencia-da-petrobras\/\",\"name\":\"Petroleiros contestam indica\u00e7\u00e3o de Caio Andrade para a presid\u00eancia da Petrobr\u00e1s - AEPET N\u00daCLEO BAHIA\",\"isPartOf\":{\"@id\":\"https:\/\/aepetba.org.br\/v1\/#website\"},\"primaryImageOfPage\":{\"@id\":\"https:\/\/aepetba.org.br\/v1\/petroleiros-contestam-indicacao-de-caio-andrade-para-a-presidencia-da-petrobras\/#primaryimage\"},\"datePublished\":\"2022-06-27T21:42:36+00:00\",\"dateModified\":\"2022-06-28T00:08:04+00:00\",\"breadcrumb\":{\"@id\":\"https:\/\/aepetba.org.br\/v1\/petroleiros-contestam-indicacao-de-caio-andrade-para-a-presidencia-da-petrobras\/#breadcrumb\"},\"inLanguage\":\"pt-BR\",\"potentialAction\":[{\"@type\":\"ReadAction\",\"target\":[\"https:\/\/aepetba.org.br\/v1\/petroleiros-contestam-indicacao-de-caio-andrade-para-a-presidencia-da-petrobras\/\"]}]},{\"@type\":\"BreadcrumbList\",\"@id\":\"https:\/\/aepetba.org.br\/v1\/petroleiros-contestam-indicacao-de-caio-andrade-para-a-presidencia-da-petrobras\/#breadcrumb\",\"itemListElement\":[{\"@type\":\"ListItem\",\"position\":1,\"name\":\"In\u00edcio\",\"item\":\"https:\/\/aepetba.org.br\/v1\/\"},{\"@type\":\"ListItem\",\"position\":2,\"name\":\"Petroleiros contestam indica\u00e7\u00e3o de Caio Andrade para a presid\u00eancia da Petrobr\u00e1s\"}]},{\"@type\":\"Article\",\"@id\":\"https:\/\/aepetba.org.br\/v1\/petroleiros-contestam-indicacao-de-caio-andrade-para-a-presidencia-da-petrobras\/#article\",\"isPartOf\":{\"@id\":\"https:\/\/aepetba.org.br\/v1\/petroleiros-contestam-indicacao-de-caio-andrade-para-a-presidencia-da-petrobras\/\"},\"author\":{\"name\":\"AEPETBA\",\"@id\":\"https:\/\/aepetba.org.br\/v1\/#\/schema\/person\/3504208f89f3f50e1526867ebb573b88\"},\"headline\":\"Petroleiros contestam indica\u00e7\u00e3o de Caio Andrade para a presid\u00eancia da Petrobr\u00e1s\",\"datePublished\":\"2022-06-27T21:42:36+00:00\",\"dateModified\":\"2022-06-28T00:08:04+00:00\",\"mainEntityOfPage\":{\"@id\":\"https:\/\/aepetba.org.br\/v1\/petroleiros-contestam-indicacao-de-caio-andrade-para-a-presidencia-da-petrobras\/\"},\"wordCount\":863,\"publisher\":{\"@id\":\"https:\/\/aepetba.org.br\/v1\/#organization\"},\"image\":{\"@id\":\"https:\/\/aepetba.org.br\/v1\/petroleiros-contestam-indicacao-de-caio-andrade-para-a-presidencia-da-petrobras\/#primaryimage\"},\"thumbnailUrl\":\"https:\/\/aepetba.org.br\/v1\/wp-content\/uploads\/2022\/06\/Materia-Petroleiros-contestam-indicacao-de-Caio-Andrade-para-a-presidencia-da-Petrobras-petroleo-brasil-Aepet-ba.jpg\",\"articleSection\":[\"Destaque\",\"Not\u00edcias\"],\"inLanguage\":\"pt-BR\"},{\"@type\":\"Person\",\"@id\":\"https:\/\/aepetba.org.br\/v1\/#\/schema\/person\/3504208f89f3f50e1526867ebb573b88\",\"name\":\"AEPETBA\",\"image\":{\"@type\":\"ImageObject\",\"inLanguage\":\"pt-BR\",\"@id\":\"https:\/\/aepetba.org.br\/v1\/#\/schema\/person\/image\/\",\"url\":\"https:\/\/secure.gravatar.com\/avatar\/3e6e1bf98c38137fc6b937d21e974714?s=96&d=mm&r=g\",\"contentUrl\":\"https:\/\/secure.gravatar.com\/avatar\/3e6e1bf98c38137fc6b937d21e974714?s=96&d=mm&r=g\",\"caption\":\"AEPETBA\"},\"sameAs\":[\"http:\/\/aepetba.org.br\/v1\"],\"url\":\"https:\/\/aepetba.org.br\/v1\/author\/lubconsultoria\/\"}]}<\/script>\n<!-- \/ Yoast SEO plugin. -->","yoast_head_json":{"title":"Petroleiros contestam indica\u00e7\u00e3o de Caio Andrade para a presid\u00eancia da Petrobr\u00e1s - AEPET N\u00daCLEO BAHIA","robots":{"index":"index","follow":"follow","max-snippet":"max-snippet:-1","max-image-preview":"max-image-preview:large","max-video-preview":"max-video-preview:-1"},"canonical":"https:\/\/aepetba.org.br\/v1\/petroleiros-contestam-indicacao-de-caio-andrade-para-a-presidencia-da-petrobras\/","og_locale":"pt_BR","og_type":"article","og_title":"Petroleiros contestam indica\u00e7\u00e3o de Caio Andrade para a presid\u00eancia da Petrobr\u00e1s - AEPET N\u00daCLEO BAHIA","og_description":"Ap\u00f3s a demiss\u00e3o de Jos\u00e9 Mauro Ferreira Coelho, Bolsonaro indicou Caio Paes de Andrade para assumir o comando da estatal. Os petroleiros contestam a indica\u00e7\u00e3o, pois n\u00e3o atende aos requisitos da companhia. O novo indicado para assumir a presid\u00eancia da...","og_url":"https:\/\/aepetba.org.br\/v1\/petroleiros-contestam-indicacao-de-caio-andrade-para-a-presidencia-da-petrobras\/","og_site_name":"AEPET N\u00daCLEO BAHIA","article_publisher":"https:\/\/web.facebook.com\/aepetba","article_published_time":"2022-06-27T21:42:36+00:00","article_modified_time":"2022-06-28T00:08:04+00:00","og_image":[{"width":1080,"height":914,"url":"https:\/\/aepetba.org.br\/v1\/wp-content\/uploads\/2022\/06\/Materia-Petroleiros-contestam-indicacao-de-Caio-Andrade-para-a-presidencia-da-Petrobras-petroleo-brasil-Aepet-ba.jpg","type":"image\/jpeg"}],"author":"AEPETBA","twitter_card":"summary_large_image","twitter_creator":"@aepetbahia","twitter_site":"@aepetbahia","twitter_misc":{"Escrito por":"AEPETBA","Est. tempo de leitura":"4 minutos"},"schema":{"@context":"https:\/\/schema.org","@graph":[{"@type":"Organization","@id":"https:\/\/aepetba.org.br\/v1\/#organization","name":"AEPET N\u00facleo Bahia","url":"https:\/\/aepetba.org.br\/v1\/","sameAs":["https:\/\/www.instagram.com\/aepetbahia\/","https:\/\/www.youtube.com\/c\/AEPETBAHIA","https:\/\/web.facebook.com\/aepetba","https:\/\/twitter.com\/aepetbahia"],"logo":{"@type":"ImageObject","inLanguage":"pt-BR","@id":"https:\/\/aepetba.org.br\/v1\/#\/schema\/logo\/image\/","url":"https:\/\/aepetba.org.br\/v1\/wp-content\/uploads\/revslider\/home\/logo-AEPETBA.png","contentUrl":"https:\/\/aepetba.org.br\/v1\/wp-content\/uploads\/revslider\/home\/logo-AEPETBA.png","width":297,"height":86,"caption":"AEPET N\u00facleo Bahia"},"image":{"@id":"https:\/\/aepetba.org.br\/v1\/#\/schema\/logo\/image\/"}},{"@type":"WebSite","@id":"https:\/\/aepetba.org.br\/v1\/#website","url":"https:\/\/aepetba.org.br\/v1\/","name":"AEPET N\u00daCLEO BAHIA","description":"Associa\u00e7\u00e3o dos Engenheiros da Petrobr\u00e1s N\u00facleo Bahia Petr\u00f3leo Bahia Salvador Nordeste ","publisher":{"@id":"https:\/\/aepetba.org.br\/v1\/#organization"},"potentialAction":[{"@type":"SearchAction","target":{"@type":"EntryPoint","urlTemplate":"https:\/\/aepetba.org.br\/v1\/?s={search_term_string}"},"query-input":"required name=search_term_string"}],"inLanguage":"pt-BR"},{"@type":"ImageObject","inLanguage":"pt-BR","@id":"https:\/\/aepetba.org.br\/v1\/petroleiros-contestam-indicacao-de-caio-andrade-para-a-presidencia-da-petrobras\/#primaryimage","url":"https:\/\/aepetba.org.br\/v1\/wp-content\/uploads\/2022\/06\/Materia-Petroleiros-contestam-indicacao-de-Caio-Andrade-para-a-presidencia-da-Petrobras-petroleo-brasil-Aepet-ba.jpg","contentUrl":"https:\/\/aepetba.org.br\/v1\/wp-content\/uploads\/2022\/06\/Materia-Petroleiros-contestam-indicacao-de-Caio-Andrade-para-a-presidencia-da-Petrobras-petroleo-brasil-Aepet-ba.jpg","width":1080,"height":914},{"@type":"WebPage","@id":"https:\/\/aepetba.org.br\/v1\/petroleiros-contestam-indicacao-de-caio-andrade-para-a-presidencia-da-petrobras\/","url":"https:\/\/aepetba.org.br\/v1\/petroleiros-contestam-indicacao-de-caio-andrade-para-a-presidencia-da-petrobras\/","name":"Petroleiros contestam indica\u00e7\u00e3o de Caio Andrade para a presid\u00eancia da Petrobr\u00e1s - AEPET N\u00daCLEO BAHIA","isPartOf":{"@id":"https:\/\/aepetba.org.br\/v1\/#website"},"primaryImageOfPage":{"@id":"https:\/\/aepetba.org.br\/v1\/petroleiros-contestam-indicacao-de-caio-andrade-para-a-presidencia-da-petrobras\/#primaryimage"},"datePublished":"2022-06-27T21:42:36+00:00","dateModified":"2022-06-28T00:08:04+00:00","breadcrumb":{"@id":"https:\/\/aepetba.org.br\/v1\/petroleiros-contestam-indicacao-de-caio-andrade-para-a-presidencia-da-petrobras\/#breadcrumb"},"inLanguage":"pt-BR","potentialAction":[{"@type":"ReadAction","target":["https:\/\/aepetba.org.br\/v1\/petroleiros-contestam-indicacao-de-caio-andrade-para-a-presidencia-da-petrobras\/"]}]},{"@type":"BreadcrumbList","@id":"https:\/\/aepetba.org.br\/v1\/petroleiros-contestam-indicacao-de-caio-andrade-para-a-presidencia-da-petrobras\/#breadcrumb","itemListElement":[{"@type":"ListItem","position":1,"name":"In\u00edcio","item":"https:\/\/aepetba.org.br\/v1\/"},{"@type":"ListItem","position":2,"name":"Petroleiros contestam indica\u00e7\u00e3o de Caio Andrade para a presid\u00eancia da Petrobr\u00e1s"}]},{"@type":"Article","@id":"https:\/\/aepetba.org.br\/v1\/petroleiros-contestam-indicacao-de-caio-andrade-para-a-presidencia-da-petrobras\/#article","isPartOf":{"@id":"https:\/\/aepetba.org.br\/v1\/petroleiros-contestam-indicacao-de-caio-andrade-para-a-presidencia-da-petrobras\/"},"author":{"name":"AEPETBA","@id":"https:\/\/aepetba.org.br\/v1\/#\/schema\/person\/3504208f89f3f50e1526867ebb573b88"},"headline":"Petroleiros contestam indica\u00e7\u00e3o de Caio Andrade para a presid\u00eancia da Petrobr\u00e1s","datePublished":"2022-06-27T21:42:36+00:00","dateModified":"2022-06-28T00:08:04+00:00","mainEntityOfPage":{"@id":"https:\/\/aepetba.org.br\/v1\/petroleiros-contestam-indicacao-de-caio-andrade-para-a-presidencia-da-petrobras\/"},"wordCount":863,"publisher":{"@id":"https:\/\/aepetba.org.br\/v1\/#organization"},"image":{"@id":"https:\/\/aepetba.org.br\/v1\/petroleiros-contestam-indicacao-de-caio-andrade-para-a-presidencia-da-petrobras\/#primaryimage"},"thumbnailUrl":"https:\/\/aepetba.org.br\/v1\/wp-content\/uploads\/2022\/06\/Materia-Petroleiros-contestam-indicacao-de-Caio-Andrade-para-a-presidencia-da-Petrobras-petroleo-brasil-Aepet-ba.jpg","articleSection":["Destaque","Not\u00edcias"],"inLanguage":"pt-BR"},{"@type":"Person","@id":"https:\/\/aepetba.org.br\/v1\/#\/schema\/person\/3504208f89f3f50e1526867ebb573b88","name":"AEPETBA","image":{"@type":"ImageObject","inLanguage":"pt-BR","@id":"https:\/\/aepetba.org.br\/v1\/#\/schema\/person\/image\/","url":"https:\/\/secure.gravatar.com\/avatar\/3e6e1bf98c38137fc6b937d21e974714?s=96&d=mm&r=g","contentUrl":"https:\/\/secure.gravatar.com\/avatar\/3e6e1bf98c38137fc6b937d21e974714?s=96&d=mm&r=g","caption":"AEPETBA"},"sameAs":["http:\/\/aepetba.org.br\/v1"],"url":"https:\/\/aepetba.org.br\/v1\/author\/lubconsultoria\/"}]}},"_links":{"self":[{"href":"https:\/\/aepetba.org.br\/v1\/wp-json\/wp\/v2\/posts\/38521"}],"collection":[{"href":"https:\/\/aepetba.org.br\/v1\/wp-json\/wp\/v2\/posts"}],"about":[{"href":"https:\/\/aepetba.org.br\/v1\/wp-json\/wp\/v2\/types\/post"}],"author":[{"embeddable":true,"href":"https:\/\/aepetba.org.br\/v1\/wp-json\/wp\/v2\/users\/1"}],"replies":[{"embeddable":true,"href":"https:\/\/aepetba.org.br\/v1\/wp-json\/wp\/v2\/comments?post=38521"}],"version-history":[{"count":3,"href":"https:\/\/aepetba.org.br\/v1\/wp-json\/wp\/v2\/posts\/38521\/revisions"}],"predecessor-version":[{"id":38527,"href":"https:\/\/aepetba.org.br\/v1\/wp-json\/wp\/v2\/posts\/38521\/revisions\/38527"}],"wp:featuredmedia":[{"embeddable":true,"href":"https:\/\/aepetba.org.br\/v1\/wp-json\/wp\/v2\/media\/38524"}],"wp:attachment":[{"href":"https:\/\/aepetba.org.br\/v1\/wp-json\/wp\/v2\/media?parent=38521"}],"wp:term":[{"taxonomy":"category","embeddable":true,"href":"https:\/\/aepetba.org.br\/v1\/wp-json\/wp\/v2\/categories?post=38521"},{"taxonomy":"post_tag","embeddable":true,"href":"https:\/\/aepetba.org.br\/v1\/wp-json\/wp\/v2\/tags?post=38521"}],"curies":[{"name":"wp","href":"https:\/\/api.w.org\/{rel}","templated":true}]}}