{"id":38685,"date":"2022-07-11T12:48:50","date_gmt":"2022-07-11T15:48:50","guid":{"rendered":"https:\/\/aepetba.org.br\/v1\/?p=38685"},"modified":"2022-07-11T12:48:50","modified_gmt":"2022-07-11T15:48:50","slug":"franca-vai-reestatizar-empresa-de-energia-e-da-exemplo-ao-brasil-de-bolsonaro","status":"publish","type":"post","link":"https:\/\/aepetba.org.br\/v1\/franca-vai-reestatizar-empresa-de-energia-e-da-exemplo-ao-brasil-de-bolsonaro\/","title":{"rendered":"Fran\u00e7a vai reestatizar empresa de energia e d\u00e1 exemplo ao Brasil de Bolsonaro"},"content":{"rendered":"<!--[if lt IE 9]><script>document.createElement('audio');<\/script><![endif]-->\n<audio class=\"wp-audio-shortcode\" id=\"audio-38685-1\" preload=\"none\" style=\"width: 100%;\" controls=\"controls\"><source type=\"audio\/ogg\" src=\"https:\/\/aepetba.org.br\/v1\/wp-content\/uploads\/2022\/07\/franca-anuncia-nacionalizacao-de-energia-enquanto-Brasil-privatiza.ogg?_=1\" \/><a href=\"https:\/\/aepetba.org.br\/v1\/wp-content\/uploads\/2022\/07\/franca-anuncia-nacionalizacao-de-energia-enquanto-Brasil-privatiza.ogg\">https:\/\/aepetba.org.br\/v1\/wp-content\/uploads\/2022\/07\/franca-anuncia-nacionalizacao-de-energia-enquanto-Brasil-privatiza.ogg<\/a><\/audio>\n<p>&nbsp;<\/p>\n<p><strong>Enquanto o governo Bolsonaro busca privatizar a Petrobr\u00e1s e entreg\u00e1-la ao interesse privado,<\/strong> a Fran\u00e7a anuncia nacionaliza\u00e7\u00e3o da energia.<\/p>\n<p>Em discurso para a C\u00e2mara dos Deputados, na quarta-feira (06), <strong>a primeira-ministra francesa, Elisabeth Borne,<\/strong> afirmou que vai nacionalizar completamente a empresa <strong>EDF &#8211; \u00c9lectricit\u00e9 de France.<\/strong><\/p>\n<p>A EDF \u00e9 uma companhia de energia, de economia mista, assim como \u00e9 a Petrobr\u00e1s, onde o estado det\u00e9m a maior parte das a\u00e7\u00f5es da empresa. No caso da Fran\u00e7a, <strong>o governo controla 84% das a\u00e7\u00f5es da estatal.<\/strong><\/p>\n<p>\u201cPosso confirmar hoje que o Estado pretende controlar 100% do capital da EDF\u201d, <strong>disse Borne.<\/strong><\/p>\n<p>O objetivo do governo franc\u00eas \u00e9 reestruturar as d\u00edvidas da empresa, num momento em que diversos pa\u00edses da Europa atravessam uma crise energ\u00e9tica. Al\u00e9m disso, <strong>garantir a soberania francesa<\/strong> durante a guerra na Ucr\u00e2nia e dos desafios que se aproximam.<\/p>\n<p><strong>A EDF \u00e9 uma das maiores empresas de servi\u00e7os p\u00fablicos da Europa.<\/strong> A nacionaliza\u00e7\u00e3o <strong>\u00e9 a aposta do pa\u00eds<\/strong> para amenizar o impacto do aumento dos pre\u00e7os de gera\u00e7\u00e3o e a perspectiva de uma interrup\u00e7\u00e3o do fornecimento de g\u00e1s russo.<\/p>\n<p>Enquanto isso, no Brasil, o governo Bolsonaro <strong>nada faz para sair da grave crise econ\u00f4mica acentuada com a guerra na Europa,<\/strong> com problemas no abastecimento de alimentos, rem\u00e9dios, sem contar a eleva\u00e7\u00e3o no pre\u00e7o do barril de petr\u00f3leo \u2013 que impacta no pre\u00e7o dos combust\u00edveis. A pol\u00edtica de pre\u00e7os dos combust\u00edveis tem sido o problema mais grave enfrentado por Bolsonaro e prefere entregar a Petrobr\u00e1s a resolver o problema.<\/p>\n<p><strong>Elisabeth Borne, a primeira-ministra,<\/strong> n\u00e3o especificou se a nacionaliza\u00e7\u00e3o ser\u00e1 feita por meio de legisla\u00e7\u00e3o especial ou por meio de licita\u00e7\u00e3o p\u00fablica para compra de acionistas minorit\u00e1rios e n\u00e3o forneceu prazo.<\/p>\n<p><span style=\"text-decoration: underline; font-size: 18pt;\"><a href=\"https:\/\/g1.globo.com\/mundo\/noticia\/2022\/07\/06\/franca-vai-estatizar-totalmente-a-empresa-de-energia-edf.ghtml\"><strong>Mais detalhes clique aqui.<\/strong><\/a><strong>\u00a0<\/strong><\/span><\/p>\n<p><em>(Com informa\u00e7\u00f5es do G1)<\/em><\/p>\n","protected":false},"excerpt":{"rendered":"<p>&nbsp; Enquanto o governo Bolsonaro busca privatizar a Petrobr\u00e1s e entreg\u00e1-la ao interesse privado, a Fran\u00e7a anuncia nacionaliza\u00e7\u00e3o da energia. Em discurso para a C\u00e2mara dos Deputados, na quarta-feira (06), a primeira-ministra francesa, Elisabeth Borne, afirmou que vai nacionalizar completamente&#8230;<\/p>\n","protected":false},"author":1,"featured_media":38686,"comment_status":"closed","ping_status":"closed","sticky":false,"template":"","format":"standard","meta":[],"categories":[10],"tags":[],"yoast_head":"<!-- This site is optimized with the Yoast SEO plugin v19.3 - https:\/\/yoast.com\/wordpress\/plugins\/seo\/ -->\n<title>Fran\u00e7a vai reestatizar empresa de energia e d\u00e1 exemplo ao Brasil de Bolsonaro - AEPET N\u00daCLEO BAHIA<\/title>\n<meta name=\"robots\" content=\"index, follow, max-snippet:-1, max-image-preview:large, max-video-preview:-1\" \/>\n<link rel=\"canonical\" href=\"https:\/\/aepetba.org.br\/v1\/franca-vai-reestatizar-empresa-de-energia-e-da-exemplo-ao-brasil-de-bolsonaro\/\" \/>\n<meta property=\"og:locale\" content=\"pt_BR\" \/>\n<meta property=\"og:type\" content=\"article\" \/>\n<meta property=\"og:title\" content=\"Fran\u00e7a vai reestatizar empresa de energia e d\u00e1 exemplo ao Brasil de Bolsonaro - AEPET N\u00daCLEO BAHIA\" \/>\n<meta property=\"og:description\" content=\"&nbsp; Enquanto o governo Bolsonaro busca privatizar a Petrobr\u00e1s e entreg\u00e1-la ao interesse privado, a Fran\u00e7a anuncia nacionaliza\u00e7\u00e3o da energia. Em discurso para a C\u00e2mara dos Deputados, na quarta-feira (06), a primeira-ministra francesa, Elisabeth Borne, afirmou que vai nacionalizar completamente...\" \/>\n<meta property=\"og:url\" content=\"https:\/\/aepetba.org.br\/v1\/franca-vai-reestatizar-empresa-de-energia-e-da-exemplo-ao-brasil-de-bolsonaro\/\" \/>\n<meta property=\"og:site_name\" content=\"AEPET N\u00daCLEO BAHIA\" \/>\n<meta property=\"article:publisher\" content=\"https:\/\/web.facebook.com\/aepetba\" \/>\n<meta property=\"article:published_time\" content=\"2022-07-11T15:48:50+00:00\" \/>\n<meta property=\"og:image\" content=\"https:\/\/aepetba.org.br\/v1\/wp-content\/uploads\/2022\/07\/Materia-Franca-anuncia-nacionalizacao-da-energia-enquanto-Brasil-privatiza-petroleo-bahia-Aepet-ba.jpg\" \/>\n\t<meta property=\"og:image:width\" content=\"1080\" \/>\n\t<meta property=\"og:image:height\" content=\"938\" \/>\n\t<meta property=\"og:image:type\" content=\"image\/jpeg\" \/>\n<meta name=\"author\" content=\"AEPETBA\" \/>\n<meta name=\"twitter:card\" content=\"summary_large_image\" \/>\n<meta name=\"twitter:creator\" content=\"@aepetbahia\" \/>\n<meta name=\"twitter:site\" content=\"@aepetbahia\" \/>\n<meta name=\"twitter:label1\" content=\"Escrito por\" \/>\n\t<meta name=\"twitter:data1\" content=\"AEPETBA\" \/>\n\t<meta name=\"twitter:label2\" content=\"Est. tempo de leitura\" \/>\n\t<meta name=\"twitter:data2\" content=\"2 minutos\" \/>\n<script type=\"application\/ld+json\" class=\"yoast-schema-graph\">{\"@context\":\"https:\/\/schema.org\",\"@graph\":[{\"@type\":\"Organization\",\"@id\":\"https:\/\/aepetba.org.br\/v1\/#organization\",\"name\":\"AEPET N\u00facleo Bahia\",\"url\":\"https:\/\/aepetba.org.br\/v1\/\",\"sameAs\":[\"https:\/\/www.instagram.com\/aepetbahia\/\",\"https:\/\/www.youtube.com\/c\/AEPETBAHIA\",\"https:\/\/web.facebook.com\/aepetba\",\"https:\/\/twitter.com\/aepetbahia\"],\"logo\":{\"@type\":\"ImageObject\",\"inLanguage\":\"pt-BR\",\"@id\":\"https:\/\/aepetba.org.br\/v1\/#\/schema\/logo\/image\/\",\"url\":\"https:\/\/aepetba.org.br\/v1\/wp-content\/uploads\/revslider\/home\/logo-AEPETBA.png\",\"contentUrl\":\"https:\/\/aepetba.org.br\/v1\/wp-content\/uploads\/revslider\/home\/logo-AEPETBA.png\",\"width\":297,\"height\":86,\"caption\":\"AEPET N\u00facleo Bahia\"},\"image\":{\"@id\":\"https:\/\/aepetba.org.br\/v1\/#\/schema\/logo\/image\/\"}},{\"@type\":\"WebSite\",\"@id\":\"https:\/\/aepetba.org.br\/v1\/#website\",\"url\":\"https:\/\/aepetba.org.br\/v1\/\",\"name\":\"AEPET N\u00daCLEO BAHIA\",\"description\":\"Associa\u00e7\u00e3o dos Engenheiros da Petrobr\u00e1s N\u00facleo Bahia Petr\u00f3leo Bahia Salvador Nordeste \",\"publisher\":{\"@id\":\"https:\/\/aepetba.org.br\/v1\/#organization\"},\"potentialAction\":[{\"@type\":\"SearchAction\",\"target\":{\"@type\":\"EntryPoint\",\"urlTemplate\":\"https:\/\/aepetba.org.br\/v1\/?s={search_term_string}\"},\"query-input\":\"required name=search_term_string\"}],\"inLanguage\":\"pt-BR\"},{\"@type\":\"ImageObject\",\"inLanguage\":\"pt-BR\",\"@id\":\"https:\/\/aepetba.org.br\/v1\/franca-vai-reestatizar-empresa-de-energia-e-da-exemplo-ao-brasil-de-bolsonaro\/#primaryimage\",\"url\":\"https:\/\/aepetba.org.br\/v1\/wp-content\/uploads\/2022\/07\/Materia-Franca-anuncia-nacionalizacao-da-energia-enquanto-Brasil-privatiza-petroleo-bahia-Aepet-ba.jpg\",\"contentUrl\":\"https:\/\/aepetba.org.br\/v1\/wp-content\/uploads\/2022\/07\/Materia-Franca-anuncia-nacionalizacao-da-energia-enquanto-Brasil-privatiza-petroleo-bahia-Aepet-ba.jpg\",\"width\":1080,\"height\":938},{\"@type\":\"WebPage\",\"@id\":\"https:\/\/aepetba.org.br\/v1\/franca-vai-reestatizar-empresa-de-energia-e-da-exemplo-ao-brasil-de-bolsonaro\/\",\"url\":\"https:\/\/aepetba.org.br\/v1\/franca-vai-reestatizar-empresa-de-energia-e-da-exemplo-ao-brasil-de-bolsonaro\/\",\"name\":\"Fran\u00e7a vai reestatizar empresa de energia e d\u00e1 exemplo ao Brasil de Bolsonaro - AEPET N\u00daCLEO BAHIA\",\"isPartOf\":{\"@id\":\"https:\/\/aepetba.org.br\/v1\/#website\"},\"primaryImageOfPage\":{\"@id\":\"https:\/\/aepetba.org.br\/v1\/franca-vai-reestatizar-empresa-de-energia-e-da-exemplo-ao-brasil-de-bolsonaro\/#primaryimage\"},\"datePublished\":\"2022-07-11T15:48:50+00:00\",\"dateModified\":\"2022-07-11T15:48:50+00:00\",\"breadcrumb\":{\"@id\":\"https:\/\/aepetba.org.br\/v1\/franca-vai-reestatizar-empresa-de-energia-e-da-exemplo-ao-brasil-de-bolsonaro\/#breadcrumb\"},\"inLanguage\":\"pt-BR\",\"potentialAction\":[{\"@type\":\"ReadAction\",\"target\":[\"https:\/\/aepetba.org.br\/v1\/franca-vai-reestatizar-empresa-de-energia-e-da-exemplo-ao-brasil-de-bolsonaro\/\"]}]},{\"@type\":\"BreadcrumbList\",\"@id\":\"https:\/\/aepetba.org.br\/v1\/franca-vai-reestatizar-empresa-de-energia-e-da-exemplo-ao-brasil-de-bolsonaro\/#breadcrumb\",\"itemListElement\":[{\"@type\":\"ListItem\",\"position\":1,\"name\":\"In\u00edcio\",\"item\":\"https:\/\/aepetba.org.br\/v1\/\"},{\"@type\":\"ListItem\",\"position\":2,\"name\":\"Fran\u00e7a vai reestatizar empresa de energia e d\u00e1 exemplo ao Brasil de Bolsonaro\"}]},{\"@type\":\"Article\",\"@id\":\"https:\/\/aepetba.org.br\/v1\/franca-vai-reestatizar-empresa-de-energia-e-da-exemplo-ao-brasil-de-bolsonaro\/#article\",\"isPartOf\":{\"@id\":\"https:\/\/aepetba.org.br\/v1\/franca-vai-reestatizar-empresa-de-energia-e-da-exemplo-ao-brasil-de-bolsonaro\/\"},\"author\":{\"name\":\"AEPETBA\",\"@id\":\"https:\/\/aepetba.org.br\/v1\/#\/schema\/person\/3504208f89f3f50e1526867ebb573b88\"},\"headline\":\"Fran\u00e7a vai reestatizar empresa de energia e d\u00e1 exemplo ao Brasil de Bolsonaro\",\"datePublished\":\"2022-07-11T15:48:50+00:00\",\"dateModified\":\"2022-07-11T15:48:50+00:00\",\"mainEntityOfPage\":{\"@id\":\"https:\/\/aepetba.org.br\/v1\/franca-vai-reestatizar-empresa-de-energia-e-da-exemplo-ao-brasil-de-bolsonaro\/\"},\"wordCount\":348,\"publisher\":{\"@id\":\"https:\/\/aepetba.org.br\/v1\/#organization\"},\"image\":{\"@id\":\"https:\/\/aepetba.org.br\/v1\/franca-vai-reestatizar-empresa-de-energia-e-da-exemplo-ao-brasil-de-bolsonaro\/#primaryimage\"},\"thumbnailUrl\":\"https:\/\/aepetba.org.br\/v1\/wp-content\/uploads\/2022\/07\/Materia-Franca-anuncia-nacionalizacao-da-energia-enquanto-Brasil-privatiza-petroleo-bahia-Aepet-ba.jpg\",\"articleSection\":[\"Not\u00edcias\"],\"inLanguage\":\"pt-BR\"},{\"@type\":\"Person\",\"@id\":\"https:\/\/aepetba.org.br\/v1\/#\/schema\/person\/3504208f89f3f50e1526867ebb573b88\",\"name\":\"AEPETBA\",\"image\":{\"@type\":\"ImageObject\",\"inLanguage\":\"pt-BR\",\"@id\":\"https:\/\/aepetba.org.br\/v1\/#\/schema\/person\/image\/\",\"url\":\"https:\/\/secure.gravatar.com\/avatar\/3e6e1bf98c38137fc6b937d21e974714?s=96&d=mm&r=g\",\"contentUrl\":\"https:\/\/secure.gravatar.com\/avatar\/3e6e1bf98c38137fc6b937d21e974714?s=96&d=mm&r=g\",\"caption\":\"AEPETBA\"},\"sameAs\":[\"http:\/\/aepetba.org.br\/v1\"],\"url\":\"https:\/\/aepetba.org.br\/v1\/author\/lubconsultoria\/\"}]}<\/script>\n<!-- \/ Yoast SEO plugin. -->","yoast_head_json":{"title":"Fran\u00e7a vai reestatizar empresa de energia e d\u00e1 exemplo ao Brasil de Bolsonaro - AEPET N\u00daCLEO BAHIA","robots":{"index":"index","follow":"follow","max-snippet":"max-snippet:-1","max-image-preview":"max-image-preview:large","max-video-preview":"max-video-preview:-1"},"canonical":"https:\/\/aepetba.org.br\/v1\/franca-vai-reestatizar-empresa-de-energia-e-da-exemplo-ao-brasil-de-bolsonaro\/","og_locale":"pt_BR","og_type":"article","og_title":"Fran\u00e7a vai reestatizar empresa de energia e d\u00e1 exemplo ao Brasil de Bolsonaro - AEPET N\u00daCLEO BAHIA","og_description":"&nbsp; Enquanto o governo Bolsonaro busca privatizar a Petrobr\u00e1s e entreg\u00e1-la ao interesse privado, a Fran\u00e7a anuncia nacionaliza\u00e7\u00e3o da energia. Em discurso para a C\u00e2mara dos Deputados, na quarta-feira (06), a primeira-ministra francesa, Elisabeth Borne, afirmou que vai nacionalizar completamente...","og_url":"https:\/\/aepetba.org.br\/v1\/franca-vai-reestatizar-empresa-de-energia-e-da-exemplo-ao-brasil-de-bolsonaro\/","og_site_name":"AEPET N\u00daCLEO BAHIA","article_publisher":"https:\/\/web.facebook.com\/aepetba","article_published_time":"2022-07-11T15:48:50+00:00","og_image":[{"width":1080,"height":938,"url":"https:\/\/aepetba.org.br\/v1\/wp-content\/uploads\/2022\/07\/Materia-Franca-anuncia-nacionalizacao-da-energia-enquanto-Brasil-privatiza-petroleo-bahia-Aepet-ba.jpg","type":"image\/jpeg"}],"author":"AEPETBA","twitter_card":"summary_large_image","twitter_creator":"@aepetbahia","twitter_site":"@aepetbahia","twitter_misc":{"Escrito por":"AEPETBA","Est. tempo de leitura":"2 minutos"},"schema":{"@context":"https:\/\/schema.org","@graph":[{"@type":"Organization","@id":"https:\/\/aepetba.org.br\/v1\/#organization","name":"AEPET N\u00facleo Bahia","url":"https:\/\/aepetba.org.br\/v1\/","sameAs":["https:\/\/www.instagram.com\/aepetbahia\/","https:\/\/www.youtube.com\/c\/AEPETBAHIA","https:\/\/web.facebook.com\/aepetba","https:\/\/twitter.com\/aepetbahia"],"logo":{"@type":"ImageObject","inLanguage":"pt-BR","@id":"https:\/\/aepetba.org.br\/v1\/#\/schema\/logo\/image\/","url":"https:\/\/aepetba.org.br\/v1\/wp-content\/uploads\/revslider\/home\/logo-AEPETBA.png","contentUrl":"https:\/\/aepetba.org.br\/v1\/wp-content\/uploads\/revslider\/home\/logo-AEPETBA.png","width":297,"height":86,"caption":"AEPET N\u00facleo Bahia"},"image":{"@id":"https:\/\/aepetba.org.br\/v1\/#\/schema\/logo\/image\/"}},{"@type":"WebSite","@id":"https:\/\/aepetba.org.br\/v1\/#website","url":"https:\/\/aepetba.org.br\/v1\/","name":"AEPET N\u00daCLEO BAHIA","description":"Associa\u00e7\u00e3o dos Engenheiros da Petrobr\u00e1s N\u00facleo Bahia Petr\u00f3leo Bahia Salvador Nordeste ","publisher":{"@id":"https:\/\/aepetba.org.br\/v1\/#organization"},"potentialAction":[{"@type":"SearchAction","target":{"@type":"EntryPoint","urlTemplate":"https:\/\/aepetba.org.br\/v1\/?s={search_term_string}"},"query-input":"required name=search_term_string"}],"inLanguage":"pt-BR"},{"@type":"ImageObject","inLanguage":"pt-BR","@id":"https:\/\/aepetba.org.br\/v1\/franca-vai-reestatizar-empresa-de-energia-e-da-exemplo-ao-brasil-de-bolsonaro\/#primaryimage","url":"https:\/\/aepetba.org.br\/v1\/wp-content\/uploads\/2022\/07\/Materia-Franca-anuncia-nacionalizacao-da-energia-enquanto-Brasil-privatiza-petroleo-bahia-Aepet-ba.jpg","contentUrl":"https:\/\/aepetba.org.br\/v1\/wp-content\/uploads\/2022\/07\/Materia-Franca-anuncia-nacionalizacao-da-energia-enquanto-Brasil-privatiza-petroleo-bahia-Aepet-ba.jpg","width":1080,"height":938},{"@type":"WebPage","@id":"https:\/\/aepetba.org.br\/v1\/franca-vai-reestatizar-empresa-de-energia-e-da-exemplo-ao-brasil-de-bolsonaro\/","url":"https:\/\/aepetba.org.br\/v1\/franca-vai-reestatizar-empresa-de-energia-e-da-exemplo-ao-brasil-de-bolsonaro\/","name":"Fran\u00e7a vai reestatizar empresa de energia e d\u00e1 exemplo ao Brasil de Bolsonaro - AEPET N\u00daCLEO BAHIA","isPartOf":{"@id":"https:\/\/aepetba.org.br\/v1\/#website"},"primaryImageOfPage":{"@id":"https:\/\/aepetba.org.br\/v1\/franca-vai-reestatizar-empresa-de-energia-e-da-exemplo-ao-brasil-de-bolsonaro\/#primaryimage"},"datePublished":"2022-07-11T15:48:50+00:00","dateModified":"2022-07-11T15:48:50+00:00","breadcrumb":{"@id":"https:\/\/aepetba.org.br\/v1\/franca-vai-reestatizar-empresa-de-energia-e-da-exemplo-ao-brasil-de-bolsonaro\/#breadcrumb"},"inLanguage":"pt-BR","potentialAction":[{"@type":"ReadAction","target":["https:\/\/aepetba.org.br\/v1\/franca-vai-reestatizar-empresa-de-energia-e-da-exemplo-ao-brasil-de-bolsonaro\/"]}]},{"@type":"BreadcrumbList","@id":"https:\/\/aepetba.org.br\/v1\/franca-vai-reestatizar-empresa-de-energia-e-da-exemplo-ao-brasil-de-bolsonaro\/#breadcrumb","itemListElement":[{"@type":"ListItem","position":1,"name":"In\u00edcio","item":"https:\/\/aepetba.org.br\/v1\/"},{"@type":"ListItem","position":2,"name":"Fran\u00e7a vai reestatizar empresa de energia e d\u00e1 exemplo ao Brasil de Bolsonaro"}]},{"@type":"Article","@id":"https:\/\/aepetba.org.br\/v1\/franca-vai-reestatizar-empresa-de-energia-e-da-exemplo-ao-brasil-de-bolsonaro\/#article","isPartOf":{"@id":"https:\/\/aepetba.org.br\/v1\/franca-vai-reestatizar-empresa-de-energia-e-da-exemplo-ao-brasil-de-bolsonaro\/"},"author":{"name":"AEPETBA","@id":"https:\/\/aepetba.org.br\/v1\/#\/schema\/person\/3504208f89f3f50e1526867ebb573b88"},"headline":"Fran\u00e7a vai reestatizar empresa de energia e d\u00e1 exemplo ao Brasil de Bolsonaro","datePublished":"2022-07-11T15:48:50+00:00","dateModified":"2022-07-11T15:48:50+00:00","mainEntityOfPage":{"@id":"https:\/\/aepetba.org.br\/v1\/franca-vai-reestatizar-empresa-de-energia-e-da-exemplo-ao-brasil-de-bolsonaro\/"},"wordCount":348,"publisher":{"@id":"https:\/\/aepetba.org.br\/v1\/#organization"},"image":{"@id":"https:\/\/aepetba.org.br\/v1\/franca-vai-reestatizar-empresa-de-energia-e-da-exemplo-ao-brasil-de-bolsonaro\/#primaryimage"},"thumbnailUrl":"https:\/\/aepetba.org.br\/v1\/wp-content\/uploads\/2022\/07\/Materia-Franca-anuncia-nacionalizacao-da-energia-enquanto-Brasil-privatiza-petroleo-bahia-Aepet-ba.jpg","articleSection":["Not\u00edcias"],"inLanguage":"pt-BR"},{"@type":"Person","@id":"https:\/\/aepetba.org.br\/v1\/#\/schema\/person\/3504208f89f3f50e1526867ebb573b88","name":"AEPETBA","image":{"@type":"ImageObject","inLanguage":"pt-BR","@id":"https:\/\/aepetba.org.br\/v1\/#\/schema\/person\/image\/","url":"https:\/\/secure.gravatar.com\/avatar\/3e6e1bf98c38137fc6b937d21e974714?s=96&d=mm&r=g","contentUrl":"https:\/\/secure.gravatar.com\/avatar\/3e6e1bf98c38137fc6b937d21e974714?s=96&d=mm&r=g","caption":"AEPETBA"},"sameAs":["http:\/\/aepetba.org.br\/v1"],"url":"https:\/\/aepetba.org.br\/v1\/author\/lubconsultoria\/"}]}},"_links":{"self":[{"href":"https:\/\/aepetba.org.br\/v1\/wp-json\/wp\/v2\/posts\/38685"}],"collection":[{"href":"https:\/\/aepetba.org.br\/v1\/wp-json\/wp\/v2\/posts"}],"about":[{"href":"https:\/\/aepetba.org.br\/v1\/wp-json\/wp\/v2\/types\/post"}],"author":[{"embeddable":true,"href":"https:\/\/aepetba.org.br\/v1\/wp-json\/wp\/v2\/users\/1"}],"replies":[{"embeddable":true,"href":"https:\/\/aepetba.org.br\/v1\/wp-json\/wp\/v2\/comments?post=38685"}],"version-history":[{"count":1,"href":"https:\/\/aepetba.org.br\/v1\/wp-json\/wp\/v2\/posts\/38685\/revisions"}],"predecessor-version":[{"id":38688,"href":"https:\/\/aepetba.org.br\/v1\/wp-json\/wp\/v2\/posts\/38685\/revisions\/38688"}],"wp:featuredmedia":[{"embeddable":true,"href":"https:\/\/aepetba.org.br\/v1\/wp-json\/wp\/v2\/media\/38686"}],"wp:attachment":[{"href":"https:\/\/aepetba.org.br\/v1\/wp-json\/wp\/v2\/media?parent=38685"}],"wp:term":[{"taxonomy":"category","embeddable":true,"href":"https:\/\/aepetba.org.br\/v1\/wp-json\/wp\/v2\/categories?post=38685"},{"taxonomy":"post_tag","embeddable":true,"href":"https:\/\/aepetba.org.br\/v1\/wp-json\/wp\/v2\/tags?post=38685"}],"curies":[{"name":"wp","href":"https:\/\/api.w.org\/{rel}","templated":true}]}}