{"id":38805,"date":"2022-07-28T13:30:25","date_gmt":"2022-07-28T16:30:25","guid":{"rendered":"https:\/\/aepetba.org.br\/v1\/?p=38805"},"modified":"2022-07-28T13:30:25","modified_gmt":"2022-07-28T16:30:25","slug":"governo-tem-pressa-para-vender-refinarias-da-petrobras-antes-das-eleicoes","status":"publish","type":"post","link":"https:\/\/aepetba.org.br\/v1\/governo-tem-pressa-para-vender-refinarias-da-petrobras-antes-das-eleicoes\/","title":{"rendered":"Governo tem pressa para vender refinarias da Petrobr\u00e1s antes das elei\u00e7\u00f5es"},"content":{"rendered":"<!--[if lt IE 9]><script>document.createElement('audio');<\/script><![endif]-->\n<audio class=\"wp-audio-shortcode\" id=\"audio-38805-1\" preload=\"none\" style=\"width: 100%;\" controls=\"controls\"><source type=\"audio\/ogg\" src=\"https:\/\/aepetba.org.br\/v1\/wp-content\/uploads\/2022\/07\/governo-tem-presa-em-vender-petrobras-antes-das-eleicoes.ogg?_=1\" \/><a href=\"https:\/\/aepetba.org.br\/v1\/wp-content\/uploads\/2022\/07\/governo-tem-presa-em-vender-petrobras-antes-das-eleicoes.ogg\">https:\/\/aepetba.org.br\/v1\/wp-content\/uploads\/2022\/07\/governo-tem-presa-em-vender-petrobras-antes-das-eleicoes.ogg<\/a><\/audio>\n<p>\u00c0s v\u00e9speras da elei\u00e7\u00e3o, o governo Bolsonaro reabriu o processo de venda de tr\u00eas refinarias da Petrobr\u00e1s:<span style=\"text-decoration: underline;\"><a href=\"https:\/\/aepetba.org.br\/v1\/2022\/06\/30\/o-projeto-entreguista-continua-petrobras-anuncia-processo-de-venda-de-tres-refinarias-sabado-e-dia-de-luta\/\"><strong> Abreu e Lima (Rnest), em Pernambuco, Presidente Get\u00falio Vargas (Repar), no Paran\u00e1, e Alberto Pasqualini (Refap), no Rio Grande do Sul.<\/strong><\/a><\/span><\/p>\n<p><strong>Com o apoio do ministro da Economia, Paulo Guedes, a companhia estendeu o prazo para que os interessados na compra se manifestem.<\/strong> As tr\u00eas refinarias envolvidas na venda t\u00eam <strong>23%<\/strong> da capacidade de refino do pa\u00eds.<\/p>\n<p><strong>\u00c9 uma atitude desesperada do governo Bolsonaro, pois esse processo, que vem desde 2019, est\u00e1 caminhando para a terceira reabertura. <\/strong>Nas outras duas vezes, n\u00e3o obtiveram sucesso pois foi baixo o interesse das empresas em comprar os ativos da Petrobr\u00e1s.<\/p>\n<p><strong>No caso da Rnest, <\/strong>ningu\u00e9m apresentou proposta formal de compra. <strong>Pela Repar,<\/strong> a estatal diz ter recebido propostas com pre\u00e7os abaixo do que ela considerava justo. <strong>No caso da Regap,<\/strong> a empresa <strong>Ultrapar<\/strong> chegou a ter uma proposta aceita pela Petrobr\u00e1s. A negocia\u00e7\u00e3o, entretanto, n\u00e3o avan\u00e7ou e acabou sendo encerrada.<\/p>\n<p>Inicialmente, as empresas interessadas nas tr\u00eas refinarias teriam <strong>at\u00e9 o \u00faltimo dia 15<\/strong> para se manifestarem. <strong>Justamente na data limite, a Petrobr\u00e1s ampliou esse prazo para esta sexta-feira (29\/07),<\/strong> sem dar qualquer justificativa para o adiamento.<\/p>\n<p><strong>De acordo com a Ag\u00eancia Estado, pelo menos dez empresas estariam estudando a possibilidade de compra das refinarias.<\/strong> Entre elas, estavam as brasileiras <strong>Ultrapar e Ra\u00edzen,<\/strong> as su\u00ed\u00e7as <strong>Vitol e Glencore,<\/strong> as americanas <strong>Valero e CVR Energy,<\/strong> e as chinesas <strong>PetroChina e Sinopec.<\/strong><\/p>\n<p>Al\u00e9m delas, <strong>o fundo Mubadala,<\/strong> que comprou e assumiu em dezembro de 2021 o controle da <strong>antiga refinaria baiana Landulpho Alves (RLAM),<\/strong> que atualmente se chama Refinaria Mataripe, tamb\u00e9m manifestou interesse. Todavia, nenhuma empresa formalizou proposta <strong>por conta da proximidade das elei\u00e7\u00f5es de outubro.<\/strong><\/p>\n<p><strong>Especialistas afirmam que isso pode ser tamb\u00e9m um recuo estrat\u00e9gico,<\/strong> para pressionar a Petrobr\u00e1s e comprar as refinarias por pre\u00e7os ainda mais baixos do que os pedidos pela estatal. No caso da j\u00e1 vendida RLAM, o valor do neg\u00f3cio foi de US$ 1,65 bilh\u00e3o (cerca de R$ 8,83 bi), abaixo do real valor de mercado.<\/p>\n<p><strong>Estudo do diretor da AEPET-BA, Marival Matos, apontou que a Landulpho Alves valia tr\u00eas vezes mais esse valor https:\/\/aepetba.org.br\/v1\/2021\/05\/03\/quanto-vale-uma-refinaria-de-petroleo\/ <\/strong><\/p>\n<p>O Ineep apontou vendas abaixo do valor considerado justo no caso da <strong>Refinaria Isaac Sabb\u00e1 (Reman), no Amazonas,<\/strong> vendida em agosto de 2021; da <strong>Refinaria Lubrificantes e Derivados do Nordeste (Lubnor), no Cear\u00e1,<\/strong> vendida em maio deste ano.<\/p>\n<h2><strong>As vendas s\u00f3 prejudicam o Brasil e a popula\u00e7\u00e3o<\/strong><\/h2>\n<p><strong>Em mat\u00e9ria para o site Carta Capital, o economista Eric Gil Dantas, do Observat\u00f3rio Social do Petr\u00f3leo (OSP),<\/strong> explicou que o caso da RLAM \u00e9 exemplar. E isso deve replicado em cada regi\u00e3o do pa\u00eds cuja refinaria for vendida, criando verdadeiros monop\u00f3lios regionais.<\/p>\n<p>Estimativas calculadas por Dantas apontam que <strong>a gasolina seria at\u00e9 11,5% mais cara<\/strong> em refinarias da Petrobr\u00e1s caso eles j\u00e1 tivessem sido privatizados. <strong>J\u00e1 o pre\u00e7o do diesel seria at\u00e9 12% superior<\/strong> ao atual nesse mesmo cen\u00e1rio.<\/p>\n<p>\u201cA venda de refinarias torna o Brasil dependente de importa\u00e7\u00e3o de refinados e mais vulner\u00e1vel \u00e0s varia\u00e7\u00f5es do pre\u00e7o do barril do petr\u00f3leo e da varia\u00e7\u00e3o cambial. [&#8230;] Isso tem impacto direto na infla\u00e7\u00e3o, al\u00e9m de tornar a balan\u00e7a comercial do pa\u00eds problem\u00e1tica. Importamos refinados e exportamos petr\u00f3leo cru\u201d, <strong>explica o economista Uallace Moreira, para o Carta Capital, Professor da Faculdade de Economia da Universidade Federal da Bahia (UFBA).<\/strong><\/p>\n<p><strong>A ge\u00f3loga Rosangela Buzanelli, representante dos trabalhadores no Conselho de Administra\u00e7\u00e3o da Petrobr\u00e1s,<\/strong> acredita que falta vis\u00e3o estrat\u00e9gica do Brasil ao governo Bolsonaro ao se desfazer das refinarias:<\/p>\n<p>\u201cO governo conduz sua petrol\u00edfera, a maior empresa nacional, e o pa\u00eds na contram\u00e3o da soberania e independ\u00eancia energ\u00e9tica. Ao inv\u00e9s de investir no refino, retomando as obras paralisadas e a constru\u00e7\u00e3o e implanta\u00e7\u00e3o de novas refinarias, como anteriormente planejado, decide pela venda de metade da capacidade de refino da companhia alegando que os pre\u00e7os cair\u00e3o com as privatiza\u00e7\u00f5es e a concorr\u00eancia, o que j\u00e1 est\u00e1 fartamente desmentido na pr\u00e1tica\u201d, <span style=\"text-decoration: underline;\"><a href=\"https:\/\/rosangelabuzanelli.com.br\/gestao-da-petrobras-retoma-venda-de-tres-refinarias-e-adia-prazo-para-manifestacoes-diante-da-falta-de-interesse-de-investidores\/\"><strong>escreveu Buzanelli, em seu blog.<\/strong><\/a><\/span><\/p>\n<p>&nbsp;<\/p>\n","protected":false},"excerpt":{"rendered":"<p>\u00c0s v\u00e9speras da elei\u00e7\u00e3o, o governo Bolsonaro reabriu o processo de venda de tr\u00eas refinarias da Petrobr\u00e1s: Abreu e Lima (Rnest), em Pernambuco, Presidente Get\u00falio Vargas (Repar), no Paran\u00e1, e Alberto Pasqualini (Refap), no Rio Grande do Sul. Com o&#8230;<\/p>\n","protected":false},"author":1,"featured_media":38807,"comment_status":"closed","ping_status":"closed","sticky":false,"template":"","format":"standard","meta":[],"categories":[87,10],"tags":[],"yoast_head":"<!-- This site is optimized with the Yoast SEO plugin v19.3 - https:\/\/yoast.com\/wordpress\/plugins\/seo\/ -->\n<title>Governo tem pressa para vender refinarias da Petrobr\u00e1s antes das elei\u00e7\u00f5es<\/title>\n<meta name=\"description\" content=\"Governo reabre processo de venda de tr\u00eas refinarias da Petrobr\u00e1s: Abreu e Lima (Rnest), em Pernambuco, Presidente Get\u00falio Vargas (Repar), no Paran\u00e1, e Alberto Pasqualini (Refap), no Rio Grande do Sul.\" \/>\n<meta name=\"robots\" content=\"index, follow, max-snippet:-1, max-image-preview:large, max-video-preview:-1\" \/>\n<link rel=\"canonical\" href=\"https:\/\/aepetba.org.br\/v1\/governo-tem-pressa-para-vender-refinarias-da-petrobras-antes-das-eleicoes\/\" \/>\n<meta property=\"og:locale\" content=\"pt_BR\" \/>\n<meta property=\"og:type\" content=\"article\" \/>\n<meta property=\"og:title\" content=\"Governo tem pressa para vender refinarias da Petrobr\u00e1s antes das elei\u00e7\u00f5es\" \/>\n<meta property=\"og:description\" content=\"Governo reabre processo de venda de tr\u00eas refinarias da Petrobr\u00e1s: Abreu e Lima (Rnest), em Pernambuco, Presidente Get\u00falio Vargas (Repar), no Paran\u00e1, e Alberto Pasqualini (Refap), no Rio Grande do Sul.\" \/>\n<meta property=\"og:url\" content=\"https:\/\/aepetba.org.br\/v1\/governo-tem-pressa-para-vender-refinarias-da-petrobras-antes-das-eleicoes\/\" \/>\n<meta property=\"og:site_name\" content=\"AEPET N\u00daCLEO BAHIA\" \/>\n<meta property=\"article:publisher\" content=\"https:\/\/web.facebook.com\/aepetba\" \/>\n<meta property=\"article:published_time\" content=\"2022-07-28T16:30:25+00:00\" \/>\n<meta property=\"og:image\" content=\"https:\/\/aepetba.org.br\/v1\/wp-content\/uploads\/2022\/07\/Materia-Governo-tem-pressa-para-vender-refinarias-da-Petrobras-antes-das-eleicoes-petroleo-bahia-Aepet-ba.jpg\" \/>\n\t<meta property=\"og:image:width\" content=\"1079\" \/>\n\t<meta property=\"og:image:height\" content=\"944\" \/>\n\t<meta property=\"og:image:type\" content=\"image\/jpeg\" \/>\n<meta name=\"author\" content=\"AEPETBA\" \/>\n<meta name=\"twitter:card\" content=\"summary_large_image\" \/>\n<meta name=\"twitter:creator\" content=\"@aepetbahia\" \/>\n<meta name=\"twitter:site\" content=\"@aepetbahia\" \/>\n<meta name=\"twitter:label1\" content=\"Escrito por\" \/>\n\t<meta name=\"twitter:data1\" content=\"AEPETBA\" \/>\n\t<meta name=\"twitter:label2\" content=\"Est. tempo de leitura\" \/>\n\t<meta name=\"twitter:data2\" content=\"4 minutos\" \/>\n<script type=\"application\/ld+json\" class=\"yoast-schema-graph\">{\"@context\":\"https:\/\/schema.org\",\"@graph\":[{\"@type\":\"Organization\",\"@id\":\"https:\/\/aepetba.org.br\/v1\/#organization\",\"name\":\"AEPET N\u00facleo Bahia\",\"url\":\"https:\/\/aepetba.org.br\/v1\/\",\"sameAs\":[\"https:\/\/www.instagram.com\/aepetbahia\/\",\"https:\/\/www.youtube.com\/c\/AEPETBAHIA\",\"https:\/\/web.facebook.com\/aepetba\",\"https:\/\/twitter.com\/aepetbahia\"],\"logo\":{\"@type\":\"ImageObject\",\"inLanguage\":\"pt-BR\",\"@id\":\"https:\/\/aepetba.org.br\/v1\/#\/schema\/logo\/image\/\",\"url\":\"https:\/\/aepetba.org.br\/v1\/wp-content\/uploads\/revslider\/home\/logo-AEPETBA.png\",\"contentUrl\":\"https:\/\/aepetba.org.br\/v1\/wp-content\/uploads\/revslider\/home\/logo-AEPETBA.png\",\"width\":297,\"height\":86,\"caption\":\"AEPET N\u00facleo Bahia\"},\"image\":{\"@id\":\"https:\/\/aepetba.org.br\/v1\/#\/schema\/logo\/image\/\"}},{\"@type\":\"WebSite\",\"@id\":\"https:\/\/aepetba.org.br\/v1\/#website\",\"url\":\"https:\/\/aepetba.org.br\/v1\/\",\"name\":\"AEPET N\u00daCLEO BAHIA\",\"description\":\"Associa\u00e7\u00e3o dos Engenheiros da Petrobr\u00e1s N\u00facleo Bahia Petr\u00f3leo Bahia Salvador Nordeste \",\"publisher\":{\"@id\":\"https:\/\/aepetba.org.br\/v1\/#organization\"},\"potentialAction\":[{\"@type\":\"SearchAction\",\"target\":{\"@type\":\"EntryPoint\",\"urlTemplate\":\"https:\/\/aepetba.org.br\/v1\/?s={search_term_string}\"},\"query-input\":\"required name=search_term_string\"}],\"inLanguage\":\"pt-BR\"},{\"@type\":\"ImageObject\",\"inLanguage\":\"pt-BR\",\"@id\":\"https:\/\/aepetba.org.br\/v1\/governo-tem-pressa-para-vender-refinarias-da-petrobras-antes-das-eleicoes\/#primaryimage\",\"url\":\"https:\/\/aepetba.org.br\/v1\/wp-content\/uploads\/2022\/07\/Materia-Governo-tem-pressa-para-vender-refinarias-da-Petrobras-antes-das-eleicoes-petroleo-bahia-Aepet-ba.jpg\",\"contentUrl\":\"https:\/\/aepetba.org.br\/v1\/wp-content\/uploads\/2022\/07\/Materia-Governo-tem-pressa-para-vender-refinarias-da-Petrobras-antes-das-eleicoes-petroleo-bahia-Aepet-ba.jpg\",\"width\":1079,\"height\":944},{\"@type\":\"WebPage\",\"@id\":\"https:\/\/aepetba.org.br\/v1\/governo-tem-pressa-para-vender-refinarias-da-petrobras-antes-das-eleicoes\/\",\"url\":\"https:\/\/aepetba.org.br\/v1\/governo-tem-pressa-para-vender-refinarias-da-petrobras-antes-das-eleicoes\/\",\"name\":\"Governo tem pressa para vender refinarias da Petrobr\u00e1s antes das elei\u00e7\u00f5es\",\"isPartOf\":{\"@id\":\"https:\/\/aepetba.org.br\/v1\/#website\"},\"primaryImageOfPage\":{\"@id\":\"https:\/\/aepetba.org.br\/v1\/governo-tem-pressa-para-vender-refinarias-da-petrobras-antes-das-eleicoes\/#primaryimage\"},\"datePublished\":\"2022-07-28T16:30:25+00:00\",\"dateModified\":\"2022-07-28T16:30:25+00:00\",\"description\":\"Governo reabre processo de venda de tr\u00eas refinarias da Petrobr\u00e1s: Abreu e Lima (Rnest), em Pernambuco, Presidente Get\u00falio Vargas (Repar), no Paran\u00e1, e Alberto Pasqualini (Refap), no Rio Grande do Sul.\",\"breadcrumb\":{\"@id\":\"https:\/\/aepetba.org.br\/v1\/governo-tem-pressa-para-vender-refinarias-da-petrobras-antes-das-eleicoes\/#breadcrumb\"},\"inLanguage\":\"pt-BR\",\"potentialAction\":[{\"@type\":\"ReadAction\",\"target\":[\"https:\/\/aepetba.org.br\/v1\/governo-tem-pressa-para-vender-refinarias-da-petrobras-antes-das-eleicoes\/\"]}]},{\"@type\":\"BreadcrumbList\",\"@id\":\"https:\/\/aepetba.org.br\/v1\/governo-tem-pressa-para-vender-refinarias-da-petrobras-antes-das-eleicoes\/#breadcrumb\",\"itemListElement\":[{\"@type\":\"ListItem\",\"position\":1,\"name\":\"In\u00edcio\",\"item\":\"https:\/\/aepetba.org.br\/v1\/\"},{\"@type\":\"ListItem\",\"position\":2,\"name\":\"Governo tem pressa para vender refinarias da Petrobr\u00e1s antes das elei\u00e7\u00f5es\"}]},{\"@type\":\"Article\",\"@id\":\"https:\/\/aepetba.org.br\/v1\/governo-tem-pressa-para-vender-refinarias-da-petrobras-antes-das-eleicoes\/#article\",\"isPartOf\":{\"@id\":\"https:\/\/aepetba.org.br\/v1\/governo-tem-pressa-para-vender-refinarias-da-petrobras-antes-das-eleicoes\/\"},\"author\":{\"name\":\"AEPETBA\",\"@id\":\"https:\/\/aepetba.org.br\/v1\/#\/schema\/person\/3504208f89f3f50e1526867ebb573b88\"},\"headline\":\"Governo tem pressa para vender refinarias da Petrobr\u00e1s antes das elei\u00e7\u00f5es\",\"datePublished\":\"2022-07-28T16:30:25+00:00\",\"dateModified\":\"2022-07-28T16:30:25+00:00\",\"mainEntityOfPage\":{\"@id\":\"https:\/\/aepetba.org.br\/v1\/governo-tem-pressa-para-vender-refinarias-da-petrobras-antes-das-eleicoes\/\"},\"wordCount\":749,\"publisher\":{\"@id\":\"https:\/\/aepetba.org.br\/v1\/#organization\"},\"image\":{\"@id\":\"https:\/\/aepetba.org.br\/v1\/governo-tem-pressa-para-vender-refinarias-da-petrobras-antes-das-eleicoes\/#primaryimage\"},\"thumbnailUrl\":\"https:\/\/aepetba.org.br\/v1\/wp-content\/uploads\/2022\/07\/Materia-Governo-tem-pressa-para-vender-refinarias-da-Petrobras-antes-das-eleicoes-petroleo-bahia-Aepet-ba.jpg\",\"articleSection\":[\"Destaque\",\"Not\u00edcias\"],\"inLanguage\":\"pt-BR\"},{\"@type\":\"Person\",\"@id\":\"https:\/\/aepetba.org.br\/v1\/#\/schema\/person\/3504208f89f3f50e1526867ebb573b88\",\"name\":\"AEPETBA\",\"image\":{\"@type\":\"ImageObject\",\"inLanguage\":\"pt-BR\",\"@id\":\"https:\/\/aepetba.org.br\/v1\/#\/schema\/person\/image\/\",\"url\":\"https:\/\/secure.gravatar.com\/avatar\/3e6e1bf98c38137fc6b937d21e974714?s=96&d=mm&r=g\",\"contentUrl\":\"https:\/\/secure.gravatar.com\/avatar\/3e6e1bf98c38137fc6b937d21e974714?s=96&d=mm&r=g\",\"caption\":\"AEPETBA\"},\"sameAs\":[\"http:\/\/aepetba.org.br\/v1\"],\"url\":\"https:\/\/aepetba.org.br\/v1\/author\/lubconsultoria\/\"}]}<\/script>\n<!-- \/ Yoast SEO plugin. -->","yoast_head_json":{"title":"Governo tem pressa para vender refinarias da Petrobr\u00e1s antes das elei\u00e7\u00f5es","description":"Governo reabre processo de venda de tr\u00eas refinarias da Petrobr\u00e1s: Abreu e Lima (Rnest), em Pernambuco, Presidente Get\u00falio Vargas (Repar), no Paran\u00e1, e Alberto Pasqualini (Refap), no Rio Grande do Sul.","robots":{"index":"index","follow":"follow","max-snippet":"max-snippet:-1","max-image-preview":"max-image-preview:large","max-video-preview":"max-video-preview:-1"},"canonical":"https:\/\/aepetba.org.br\/v1\/governo-tem-pressa-para-vender-refinarias-da-petrobras-antes-das-eleicoes\/","og_locale":"pt_BR","og_type":"article","og_title":"Governo tem pressa para vender refinarias da Petrobr\u00e1s antes das elei\u00e7\u00f5es","og_description":"Governo reabre processo de venda de tr\u00eas refinarias da Petrobr\u00e1s: Abreu e Lima (Rnest), em Pernambuco, Presidente Get\u00falio Vargas (Repar), no Paran\u00e1, e Alberto Pasqualini (Refap), no Rio Grande do Sul.","og_url":"https:\/\/aepetba.org.br\/v1\/governo-tem-pressa-para-vender-refinarias-da-petrobras-antes-das-eleicoes\/","og_site_name":"AEPET N\u00daCLEO BAHIA","article_publisher":"https:\/\/web.facebook.com\/aepetba","article_published_time":"2022-07-28T16:30:25+00:00","og_image":[{"width":1079,"height":944,"url":"https:\/\/aepetba.org.br\/v1\/wp-content\/uploads\/2022\/07\/Materia-Governo-tem-pressa-para-vender-refinarias-da-Petrobras-antes-das-eleicoes-petroleo-bahia-Aepet-ba.jpg","type":"image\/jpeg"}],"author":"AEPETBA","twitter_card":"summary_large_image","twitter_creator":"@aepetbahia","twitter_site":"@aepetbahia","twitter_misc":{"Escrito por":"AEPETBA","Est. tempo de leitura":"4 minutos"},"schema":{"@context":"https:\/\/schema.org","@graph":[{"@type":"Organization","@id":"https:\/\/aepetba.org.br\/v1\/#organization","name":"AEPET N\u00facleo Bahia","url":"https:\/\/aepetba.org.br\/v1\/","sameAs":["https:\/\/www.instagram.com\/aepetbahia\/","https:\/\/www.youtube.com\/c\/AEPETBAHIA","https:\/\/web.facebook.com\/aepetba","https:\/\/twitter.com\/aepetbahia"],"logo":{"@type":"ImageObject","inLanguage":"pt-BR","@id":"https:\/\/aepetba.org.br\/v1\/#\/schema\/logo\/image\/","url":"https:\/\/aepetba.org.br\/v1\/wp-content\/uploads\/revslider\/home\/logo-AEPETBA.png","contentUrl":"https:\/\/aepetba.org.br\/v1\/wp-content\/uploads\/revslider\/home\/logo-AEPETBA.png","width":297,"height":86,"caption":"AEPET N\u00facleo Bahia"},"image":{"@id":"https:\/\/aepetba.org.br\/v1\/#\/schema\/logo\/image\/"}},{"@type":"WebSite","@id":"https:\/\/aepetba.org.br\/v1\/#website","url":"https:\/\/aepetba.org.br\/v1\/","name":"AEPET N\u00daCLEO BAHIA","description":"Associa\u00e7\u00e3o dos Engenheiros da Petrobr\u00e1s N\u00facleo Bahia Petr\u00f3leo Bahia Salvador Nordeste ","publisher":{"@id":"https:\/\/aepetba.org.br\/v1\/#organization"},"potentialAction":[{"@type":"SearchAction","target":{"@type":"EntryPoint","urlTemplate":"https:\/\/aepetba.org.br\/v1\/?s={search_term_string}"},"query-input":"required name=search_term_string"}],"inLanguage":"pt-BR"},{"@type":"ImageObject","inLanguage":"pt-BR","@id":"https:\/\/aepetba.org.br\/v1\/governo-tem-pressa-para-vender-refinarias-da-petrobras-antes-das-eleicoes\/#primaryimage","url":"https:\/\/aepetba.org.br\/v1\/wp-content\/uploads\/2022\/07\/Materia-Governo-tem-pressa-para-vender-refinarias-da-Petrobras-antes-das-eleicoes-petroleo-bahia-Aepet-ba.jpg","contentUrl":"https:\/\/aepetba.org.br\/v1\/wp-content\/uploads\/2022\/07\/Materia-Governo-tem-pressa-para-vender-refinarias-da-Petrobras-antes-das-eleicoes-petroleo-bahia-Aepet-ba.jpg","width":1079,"height":944},{"@type":"WebPage","@id":"https:\/\/aepetba.org.br\/v1\/governo-tem-pressa-para-vender-refinarias-da-petrobras-antes-das-eleicoes\/","url":"https:\/\/aepetba.org.br\/v1\/governo-tem-pressa-para-vender-refinarias-da-petrobras-antes-das-eleicoes\/","name":"Governo tem pressa para vender refinarias da Petrobr\u00e1s antes das elei\u00e7\u00f5es","isPartOf":{"@id":"https:\/\/aepetba.org.br\/v1\/#website"},"primaryImageOfPage":{"@id":"https:\/\/aepetba.org.br\/v1\/governo-tem-pressa-para-vender-refinarias-da-petrobras-antes-das-eleicoes\/#primaryimage"},"datePublished":"2022-07-28T16:30:25+00:00","dateModified":"2022-07-28T16:30:25+00:00","description":"Governo reabre processo de venda de tr\u00eas refinarias da Petrobr\u00e1s: Abreu e Lima (Rnest), em Pernambuco, Presidente Get\u00falio Vargas (Repar), no Paran\u00e1, e Alberto Pasqualini (Refap), no Rio Grande do Sul.","breadcrumb":{"@id":"https:\/\/aepetba.org.br\/v1\/governo-tem-pressa-para-vender-refinarias-da-petrobras-antes-das-eleicoes\/#breadcrumb"},"inLanguage":"pt-BR","potentialAction":[{"@type":"ReadAction","target":["https:\/\/aepetba.org.br\/v1\/governo-tem-pressa-para-vender-refinarias-da-petrobras-antes-das-eleicoes\/"]}]},{"@type":"BreadcrumbList","@id":"https:\/\/aepetba.org.br\/v1\/governo-tem-pressa-para-vender-refinarias-da-petrobras-antes-das-eleicoes\/#breadcrumb","itemListElement":[{"@type":"ListItem","position":1,"name":"In\u00edcio","item":"https:\/\/aepetba.org.br\/v1\/"},{"@type":"ListItem","position":2,"name":"Governo tem pressa para vender refinarias da Petrobr\u00e1s antes das elei\u00e7\u00f5es"}]},{"@type":"Article","@id":"https:\/\/aepetba.org.br\/v1\/governo-tem-pressa-para-vender-refinarias-da-petrobras-antes-das-eleicoes\/#article","isPartOf":{"@id":"https:\/\/aepetba.org.br\/v1\/governo-tem-pressa-para-vender-refinarias-da-petrobras-antes-das-eleicoes\/"},"author":{"name":"AEPETBA","@id":"https:\/\/aepetba.org.br\/v1\/#\/schema\/person\/3504208f89f3f50e1526867ebb573b88"},"headline":"Governo tem pressa para vender refinarias da Petrobr\u00e1s antes das elei\u00e7\u00f5es","datePublished":"2022-07-28T16:30:25+00:00","dateModified":"2022-07-28T16:30:25+00:00","mainEntityOfPage":{"@id":"https:\/\/aepetba.org.br\/v1\/governo-tem-pressa-para-vender-refinarias-da-petrobras-antes-das-eleicoes\/"},"wordCount":749,"publisher":{"@id":"https:\/\/aepetba.org.br\/v1\/#organization"},"image":{"@id":"https:\/\/aepetba.org.br\/v1\/governo-tem-pressa-para-vender-refinarias-da-petrobras-antes-das-eleicoes\/#primaryimage"},"thumbnailUrl":"https:\/\/aepetba.org.br\/v1\/wp-content\/uploads\/2022\/07\/Materia-Governo-tem-pressa-para-vender-refinarias-da-Petrobras-antes-das-eleicoes-petroleo-bahia-Aepet-ba.jpg","articleSection":["Destaque","Not\u00edcias"],"inLanguage":"pt-BR"},{"@type":"Person","@id":"https:\/\/aepetba.org.br\/v1\/#\/schema\/person\/3504208f89f3f50e1526867ebb573b88","name":"AEPETBA","image":{"@type":"ImageObject","inLanguage":"pt-BR","@id":"https:\/\/aepetba.org.br\/v1\/#\/schema\/person\/image\/","url":"https:\/\/secure.gravatar.com\/avatar\/3e6e1bf98c38137fc6b937d21e974714?s=96&d=mm&r=g","contentUrl":"https:\/\/secure.gravatar.com\/avatar\/3e6e1bf98c38137fc6b937d21e974714?s=96&d=mm&r=g","caption":"AEPETBA"},"sameAs":["http:\/\/aepetba.org.br\/v1"],"url":"https:\/\/aepetba.org.br\/v1\/author\/lubconsultoria\/"}]}},"_links":{"self":[{"href":"https:\/\/aepetba.org.br\/v1\/wp-json\/wp\/v2\/posts\/38805"}],"collection":[{"href":"https:\/\/aepetba.org.br\/v1\/wp-json\/wp\/v2\/posts"}],"about":[{"href":"https:\/\/aepetba.org.br\/v1\/wp-json\/wp\/v2\/types\/post"}],"author":[{"embeddable":true,"href":"https:\/\/aepetba.org.br\/v1\/wp-json\/wp\/v2\/users\/1"}],"replies":[{"embeddable":true,"href":"https:\/\/aepetba.org.br\/v1\/wp-json\/wp\/v2\/comments?post=38805"}],"version-history":[{"count":1,"href":"https:\/\/aepetba.org.br\/v1\/wp-json\/wp\/v2\/posts\/38805\/revisions"}],"predecessor-version":[{"id":38808,"href":"https:\/\/aepetba.org.br\/v1\/wp-json\/wp\/v2\/posts\/38805\/revisions\/38808"}],"wp:featuredmedia":[{"embeddable":true,"href":"https:\/\/aepetba.org.br\/v1\/wp-json\/wp\/v2\/media\/38807"}],"wp:attachment":[{"href":"https:\/\/aepetba.org.br\/v1\/wp-json\/wp\/v2\/media?parent=38805"}],"wp:term":[{"taxonomy":"category","embeddable":true,"href":"https:\/\/aepetba.org.br\/v1\/wp-json\/wp\/v2\/categories?post=38805"},{"taxonomy":"post_tag","embeddable":true,"href":"https:\/\/aepetba.org.br\/v1\/wp-json\/wp\/v2\/tags?post=38805"}],"curies":[{"name":"wp","href":"https:\/\/api.w.org\/{rel}","templated":true}]}}