{"id":38885,"date":"2022-08-12T09:46:48","date_gmt":"2022-08-12T12:46:48","guid":{"rendered":"https:\/\/aepetba.org.br\/v1\/?p=38885"},"modified":"2022-08-12T09:46:48","modified_gmt":"2022-08-12T12:46:48","slug":"dados-do-ibge-mostram-que-o-desemprego-ainda-assusta-brasileiros-e-baianos","status":"publish","type":"post","link":"https:\/\/aepetba.org.br\/v1\/dados-do-ibge-mostram-que-o-desemprego-ainda-assusta-brasileiros-e-baianos\/","title":{"rendered":"Dados do IBGE mostram que o desemprego ainda assusta brasileiros e baianos"},"content":{"rendered":"<!--[if lt IE 9]><script>document.createElement('audio');<\/script><![endif]-->\n<audio class=\"wp-audio-shortcode\" id=\"audio-38885-1\" preload=\"none\" style=\"width: 100%;\" controls=\"controls\"><source type=\"audio\/ogg\" src=\"https:\/\/aepetba.org.br\/v1\/wp-content\/uploads\/2022\/08\/desemprego-continua-a-assustar-brasileiros-segundo-IBGE.ogg?_=1\" \/><a href=\"https:\/\/aepetba.org.br\/v1\/wp-content\/uploads\/2022\/08\/desemprego-continua-a-assustar-brasileiros-segundo-IBGE.ogg\">https:\/\/aepetba.org.br\/v1\/wp-content\/uploads\/2022\/08\/desemprego-continua-a-assustar-brasileiros-segundo-IBGE.ogg<\/a><\/audio>\n<p style=\"text-align: justify; margin: 12.0pt 0cm 12.0pt 0cm;\"><span style=\"font-family: 'Arial',sans-serif; color: black;\">Segundo dados divulgados pelo <\/span><b><span style=\"font-family: 'Arial',sans-serif; color: #1f3864;\">Instituto Brasileiro de Geografia e Estat\u00edstica (IBGE),<\/span><\/b><span style=\"font-family: 'Arial',sans-serif; color: black;\"> a taxa de desemprego no Brasil caiu para <\/span><b><span style=\"font-family: 'Arial',sans-serif; color: #1f3864;\">9,3%<\/span><\/b> <span style=\"font-family: 'Arial',sans-serif; color: black;\">no trimestre encerrado em junho \u2013 menor patamar desde o segundo trimestre de 2015 (8,4%).<\/span><\/p>\n<p style=\"text-align: justify; margin: 12.0pt 0cm 12.0pt 0cm;\"><b><span style=\"font-family: 'Arial',sans-serif; color: #1f3864;\">Por\u00e9m, os dados do IBGE mostram a fragilidade desse \u201ccrescimento\u201d:<\/span><\/b><span style=\"font-family: 'Arial',sans-serif; color: black;\"> o n\u00famero de trabalhadores informais acabou aumentando no mesmo per\u00edodo, <\/span><b><span style=\"font-family: 'Arial',sans-serif; color: #1f3864;\">estimado em 39,3 milh\u00f5es, 1,1 milh\u00e3o de pessoas a mais que no trimestre anterior \u2013 levando a taxa de informalidade a 40%.<\/span><\/b><\/p>\n<p style=\"text-align: justify; margin: 12.0pt 0cm 12.0pt 0cm;\"><span style=\"font-family: 'Arial',sans-serif; color: black;\">Fazem parte desse grupo, <\/span><b><span style=\"font-family: 'Arial',sans-serif; color: #1f3864;\">os trabalhadores sem carteira assinada, empregadores e conta pr\u00f3pria sem CNPJ, al\u00e9m de trabalhadores familiares auxiliares.<\/span><\/b><span style=\"font-family: 'Arial',sans-serif; color: black;\"> Atualmente, <\/span><b><span style=\"font-family: 'Arial',sans-serif; color: #1f3864;\">o desemprego ainda atinge 10,1 milh\u00f5es de brasileiros.<\/span><\/b> <span style=\"font-family: 'Arial',sans-serif; color: black;\">Os dados fazem parte da Pesquisa Nacional por Amostra de Domic\u00edlios Cont\u00ednua <\/span><b><span style=\"font-family: 'Arial',sans-serif; color: #1f3864;\">(Pnad).<\/span><\/b><\/p>\n<p style=\"text-align: justify; margin: 12.0pt 0cm 12.0pt 0cm;\"><span style=\"font-family: 'Arial',sans-serif; color: black;\">Na pesquisa tamb\u00e9m foram apontados outros dados n\u00e3o animadores, como <\/span><b><span style=\"font-family: 'Arial',sans-serif; color: #1f3864;\">os empregados sem carteira assinada no setor privado (13 milh\u00f5es de pessoas, alta de 6,8%);<\/span><\/b><span style=\"font-family: 'Arial',sans-serif; color: black;\"> e o <\/span><b><span style=\"font-family: 'Arial',sans-serif; color: #1f3864;\">n\u00famero de trabalhadores por conta pr\u00f3pria, somados formais e informais (25,7 milh\u00f5es, alta de 1,7%).<\/span><\/b><\/p>\n<p style=\"text-align: justify; margin: 12.0pt 0cm 12.0pt 0cm;\"><span style=\"font-family: 'Arial',sans-serif; color: black;\">Na Bahia, <\/span><b><span style=\"font-family: 'Arial',sans-serif; color: #1f3864;\">o \u00edndice de desempregados registrado no primeiro trimestre \u00e9 o maior do pa\u00eds: 17,6%.<\/span><\/b> <span style=\"font-family: 'Arial',sans-serif; color: black;\">Ap\u00f3s a Bahia vem Pernambuco, com <\/span><b><span style=\"font-family: 'Arial',sans-serif; color: #1f3864;\">17%,<\/span><\/b> <span style=\"font-family: 'Arial',sans-serif; color: black;\">e Rio de Janeiro <\/span><b><span style=\"font-family: 'Arial',sans-serif; color: #1f3864;\">(14,9%).<\/span><\/b> <span style=\"font-family: 'Arial',sans-serif; color: black;\">Al\u00e9m disso, <\/span><b><span style=\"font-family: 'Arial',sans-serif; color: #1f3864;\">54,7% dos trabalhadores baianos est\u00e3o na informalidade.<\/span><\/b><\/p>\n<p style=\"text-align: justify; margin: 12.0pt 0cm 12.0pt 0cm;\"><b><span style=\"font-family: 'Arial',sans-serif; color: #1f3864;\">A situa\u00e7\u00e3o foi agravada com a venda dos ativos da Petrobr\u00e1s na Bahia. <\/span><\/b><span style=\"font-family: 'Arial',sans-serif; color: black;\">O desmonte se agravou no governo Bolsonaro.<\/span><b> <\/b><span style=\"font-family: 'Arial',sans-serif; color: black;\">A FAFEN-BA foi arrendada pelo cons\u00f3rcio formado pelas empresas Proquigel e Unigel. <\/span><b><span style=\"font-family: 'Arial',sans-serif; color: #1f3864;\">Al\u00e9m das f\u00e1bricas,<\/span><\/b> <span style=\"font-family: 'Arial',sans-serif; color: black;\">o arrendamento inclui os terminais mar\u00edtimos de am\u00f4nia e ureia no Porto de Aratu, na Bahia.<\/span><\/p>\n<p style=\"text-align: justify; margin: 12.0pt 0cm 12.0pt 0cm;\"><b><span style=\"font-family: 'Arial',sans-serif; color: #1f3864;\">Foram vendidos tamb\u00e9m, a Refinaria Landulpho Alves (RLAM), os campos terrestres, as termel\u00e9tricas e, hibernada a sede administrativa da empresa (Torre Pituba),<\/span><\/b> <span style=\"font-family: 'Arial',sans-serif; color: black;\">culminando no fim de todas as atividades e os servi\u00e7os que eram realizados pela estatal no estado.<\/span><\/p>\n<p style=\"text-align: justify; margin: 12.0pt 0cm 12.0pt 0cm;\"><span style=\"font-family: 'Arial',sans-serif; color: black;\">Isso representa uma queda significativa no n\u00famero de empregos na Bahia, sem contar <\/span><b><span style=\"font-family: 'Arial',sans-serif; color: #1f3864;\">a sa\u00edda da Ford do Polo Industrial de Cama\u00e7ari, em janeiro de 2021,<\/span><\/b> <span style=\"font-family: 'Arial',sans-serif; color: black;\">quando a fabricante de autom\u00f3veis encerrou as atividades da noite para o dia.<\/span><\/p>\n<p style=\"text-align: justify; margin: 12.0pt 0cm 12.0pt 0cm;\"><b><span style=\"font-family: 'Arial',sans-serif; color: #1f3864;\">A Prefeitura de Cama\u00e7ari calculou que, <\/span><\/b><span style=\"font-family: 'Arial',sans-serif; color: black;\">apenas em sal\u00e1rios dos funcion\u00e1rios diretos e terceirizados da Ford, <\/span><b><span style=\"font-family: 'Arial',sans-serif; color: #1f3864;\">cerca de R$ 20 milh\u00f5es<\/span><\/b> <span style=\"font-family: 'Arial',sans-serif; color: black;\">deixaram de circular mensalmente na economia local<\/span><b><span style=\"font-family: 'Arial',sans-serif; color: #1f3864;\">.<\/span><\/b><span style=\"font-family: 'Arial',sans-serif; color: #1f3864;\"> <b>Dados do Cadastro Geral de Empregados e Desempregados (Caged), em 2021, registraram 4, 6 mil vagas perdidas.<\/b><\/span><\/p>\n<p style=\"text-align: justify; margin: 12.0pt 0cm 12.0pt 0cm;\"><b><span style=\"font-family: 'Arial',sans-serif; color: black;\">Os enormes preju\u00edzos com a sa\u00edda da Petrobr\u00e1s da Bahia<\/span><\/b><\/p>\n<p style=\"text-align: justify; margin: 12.0pt 0cm 12.0pt 0cm;\"><b><span style=\"font-family: 'Arial',sans-serif; color: #1f3864;\">De acordo com os dados do PNAD, do IBGE,<\/span><\/b> <span style=\"font-family: 'Arial',sans-serif; color: black;\">utilizando a m\u00e9dia anual dos trimestres de 2021, enquanto o estoque de trabalhadores no setor petrol\u00edfero <\/span><b><span style=\"font-family: 'Arial',sans-serif; color: #1f3864;\">no Brasil reduziu 2,4%<\/span><\/b> <span style=\"font-family: 'Arial',sans-serif; color: black;\">em compara\u00e7\u00e3o com a m\u00e9dia de 2020 (de 159.086 postos de trabalho em 2020 para 155.227 em 2021), no <\/span><b><span style=\"font-family: 'Arial',sans-serif; color: #1f3864;\">Estado da Bahia a queda foi de nada menos que 28,9%<\/span><\/b><span style=\"font-family: 'Arial',sans-serif; color: black;\"> (de 25.877 em 2020 para 18.328 em 2021).<\/span><\/p>\n<p style=\"text-align: justify; margin: 12.0pt 0cm 12.0pt 0cm;\"><span style=\"font-family: 'Arial',sans-serif; color: black;\">Ainda segundo a PNAD, enquanto os trabalhadores do setor de extra\u00e7\u00e3o e respectivas atividades de apoio sofreram <\/span><b><span style=\"font-family: 'Arial',sans-serif; color: #1f3864;\">uma redu\u00e7\u00e3o m\u00e9dia nos seus rendimentos de aproximadamente 9,5%,<\/span><\/b> <b><span style=\"font-family: 'Arial',sans-serif; color: #1f3864;\">na Bahia, a queda nos sal\u00e1rios do setor de \u00f3leo e g\u00e1s chegou a 22,9%,<\/span><\/b> <span style=\"font-family: 'Arial',sans-serif; color: black;\">saindo de um patamar de renda m\u00e9dia pr\u00f3ximo a <\/span><b><span style=\"font-family: 'Arial',sans-serif; color: #1f3864;\">R$ 7.180,00<\/span><\/b> <span style=\"font-family: 'Arial',sans-serif; color: black;\">em 2020 para algo em torno de <\/span><b><span style=\"font-family: 'Arial',sans-serif; color: #1f3864;\">R$ 5.140,00<\/span><\/b> <span style=\"font-family: 'Arial',sans-serif; color: black;\">em 2021.<\/span><\/p>\n<p style=\"text-align: justify; margin: 12.0pt 0cm 12.0pt 0cm;\"><span style=\"font-family: 'Arial',sans-serif; color: black;\">Ao comparar o estoque de empregos <\/span><b><span style=\"font-family: 'Arial',sans-serif; color: #1f3864;\">no setor de \u00f3leo e g\u00e1s na Bahia ao programa de desinvestimentos da Petrobr\u00e1s,<\/span><\/b><span style=\"font-family: 'Arial',sans-serif; color: black;\"> \u00e9 poss\u00edvel observar que no 3\u00ba trimestre de <\/span><b><span style=\"font-family: 'Arial',sans-serif; color: #1f3864;\">2015<\/span><\/b><span style=\"font-family: 'Arial',sans-serif; color: black;\"> o setor empregava at\u00e9 <\/span><b><span style=\"font-family: 'Arial',sans-serif; color: #1f3864;\">37.890<\/span><\/b> <span style=\"font-family: 'Arial',sans-serif; color: black;\">pessoas no Estado. Em <\/span><b><span style=\"font-family: 'Arial',sans-serif; color: #1f3864;\">2021,<\/span><\/b> <span style=\"font-family: 'Arial',sans-serif; color: black;\">o setor ocupa menos de <\/span><b><span style=\"font-family: 'Arial',sans-serif; color: #1f3864;\">8.760<\/span><\/b> <span style=\"font-family: 'Arial',sans-serif; color: black;\">postos de trabalho na regi\u00e3o, de acordo com os dados do terceiro trimestre da PNAD.<\/span><\/p>\n<p style=\"text-align: justify; margin: 12.0pt 0cm 12.0pt 0cm;\"><span style=\"font-family: 'Arial',sans-serif; color: black;\">Desemprego, arrocho salarial, redu\u00e7\u00e3o de direitos s\u00e3o alguns dos efeitos provocados pela gest\u00e3o Bolsonarista na Petrobr\u00e1s. Para os baianos, a situa\u00e7\u00e3o \u00e9 agravada depois da venda dos ativos no estado.<\/span><\/p>\n<p style=\"text-align: justify; margin: 12.0pt 0cm 12.0pt 0cm;\"><span style=\"font-family: 'Arial',sans-serif; color: black;\">Neste momento de ataque aos direitos dos trabalhadores, \u00e9 de vital import\u00e2ncia fortalecer os espa\u00e7os de lutas para garantir a unidade. A AEPET-BA e as demais entidades representativas dos petroleiros que integram o F\u00f3rum Permanente de Reconstru\u00e7\u00e3o da Petrobr\u00e1s no Brasil e na Bahia apostam na unidade para reivindicar a retomada de todos os ativos vendidos na Bahia. <\/span><\/p>\n<p style=\"text-align: justify; margin: 12.0pt 0cm 12.0pt 0cm;\"><b><span style=\"font-family: 'Arial',sans-serif; color: #1f3864;\">Confira tamb\u00e9m:<\/span><\/b><a href=\"https:\/\/www.brasildefatoba.com.br\/2019\/10\/09\/quais-os-impactos-do-fechamento-da-petrobras-na-bahia\"><b><span style=\"font-family: 'Arial',sans-serif; color: #1f3864;\"> Quais os impactos do fechamento da Petrobras na Bahia<\/span><\/b><\/a><\/p>\n<p style=\"text-align: justify; margin: 12.0pt 0cm 12.0pt 0cm;\"><b><span style=\"font-family: 'Arial',sans-serif; color: #1f3864;\">Vamos \u00e0 luta!<\/span><\/b><\/p>\n","protected":false},"excerpt":{"rendered":"<p>Segundo dados divulgados pelo Instituto Brasileiro de Geografia e Estat\u00edstica (IBGE), a taxa de desemprego no Brasil caiu para 9,3% no trimestre encerrado em junho \u2013 menor patamar desde o segundo trimestre de 2015 (8,4%). Por\u00e9m, os dados do IBGE&#8230;<\/p>\n","protected":false},"author":1,"featured_media":38886,"comment_status":"closed","ping_status":"closed","sticky":false,"template":"","format":"standard","meta":[],"categories":[87,10],"tags":[],"yoast_head":"<!-- This site is optimized with the Yoast SEO plugin v19.3 - https:\/\/yoast.com\/wordpress\/plugins\/seo\/ -->\n<title>Dados do IBGE mostram que o desemprego ainda assusta brasileiros e baianos<\/title>\n<meta name=\"description\" content=\"Dados do IBGE apontam aumento do desemprego e arrocho salarial dos trabalhadores petroleiros depois da sa\u00edda da Petrobr\u00e1s da Bahia\" \/>\n<meta name=\"robots\" content=\"index, follow, max-snippet:-1, max-image-preview:large, max-video-preview:-1\" \/>\n<link rel=\"canonical\" href=\"https:\/\/aepetba.org.br\/v1\/dados-do-ibge-mostram-que-o-desemprego-ainda-assusta-brasileiros-e-baianos\/\" \/>\n<meta property=\"og:locale\" content=\"pt_BR\" \/>\n<meta property=\"og:type\" content=\"article\" \/>\n<meta property=\"og:title\" content=\"Dados do IBGE mostram que o desemprego ainda assusta brasileiros e baianos\" \/>\n<meta property=\"og:description\" content=\"Dados do IBGE apontam aumento do desemprego e arrocho salarial dos trabalhadores petroleiros depois da sa\u00edda da Petrobr\u00e1s da Bahia\" \/>\n<meta property=\"og:url\" content=\"https:\/\/aepetba.org.br\/v1\/dados-do-ibge-mostram-que-o-desemprego-ainda-assusta-brasileiros-e-baianos\/\" \/>\n<meta property=\"og:site_name\" content=\"AEPET N\u00daCLEO BAHIA\" \/>\n<meta property=\"article:publisher\" content=\"https:\/\/web.facebook.com\/aepetba\" \/>\n<meta property=\"article:published_time\" content=\"2022-08-12T12:46:48+00:00\" \/>\n<meta property=\"og:image\" content=\"https:\/\/aepetba.org.br\/v1\/wp-content\/uploads\/2022\/08\/Materia-Dados-do-IBGE-mostram-que-o-desemprego-ainda-assusta-brasiliros-petroleo-bahia-Aepet-ba.jpg\" \/>\n\t<meta property=\"og:image:width\" content=\"1079\" \/>\n\t<meta property=\"og:image:height\" content=\"932\" \/>\n\t<meta property=\"og:image:type\" content=\"image\/jpeg\" \/>\n<meta name=\"author\" content=\"AEPETBA\" \/>\n<meta name=\"twitter:card\" content=\"summary_large_image\" \/>\n<meta name=\"twitter:creator\" content=\"@aepetbahia\" \/>\n<meta name=\"twitter:site\" content=\"@aepetbahia\" \/>\n<meta name=\"twitter:label1\" content=\"Escrito por\" \/>\n\t<meta name=\"twitter:data1\" content=\"AEPETBA\" \/>\n\t<meta name=\"twitter:label2\" content=\"Est. tempo de leitura\" \/>\n\t<meta name=\"twitter:data2\" content=\"4 minutos\" \/>\n<script type=\"application\/ld+json\" class=\"yoast-schema-graph\">{\"@context\":\"https:\/\/schema.org\",\"@graph\":[{\"@type\":\"Organization\",\"@id\":\"https:\/\/aepetba.org.br\/v1\/#organization\",\"name\":\"AEPET N\u00facleo Bahia\",\"url\":\"https:\/\/aepetba.org.br\/v1\/\",\"sameAs\":[\"https:\/\/www.instagram.com\/aepetbahia\/\",\"https:\/\/www.youtube.com\/c\/AEPETBAHIA\",\"https:\/\/web.facebook.com\/aepetba\",\"https:\/\/twitter.com\/aepetbahia\"],\"logo\":{\"@type\":\"ImageObject\",\"inLanguage\":\"pt-BR\",\"@id\":\"https:\/\/aepetba.org.br\/v1\/#\/schema\/logo\/image\/\",\"url\":\"https:\/\/aepetba.org.br\/v1\/wp-content\/uploads\/revslider\/home\/logo-AEPETBA.png\",\"contentUrl\":\"https:\/\/aepetba.org.br\/v1\/wp-content\/uploads\/revslider\/home\/logo-AEPETBA.png\",\"width\":297,\"height\":86,\"caption\":\"AEPET N\u00facleo Bahia\"},\"image\":{\"@id\":\"https:\/\/aepetba.org.br\/v1\/#\/schema\/logo\/image\/\"}},{\"@type\":\"WebSite\",\"@id\":\"https:\/\/aepetba.org.br\/v1\/#website\",\"url\":\"https:\/\/aepetba.org.br\/v1\/\",\"name\":\"AEPET N\u00daCLEO BAHIA\",\"description\":\"Associa\u00e7\u00e3o dos Engenheiros da Petrobr\u00e1s N\u00facleo Bahia Petr\u00f3leo Bahia Salvador Nordeste \",\"publisher\":{\"@id\":\"https:\/\/aepetba.org.br\/v1\/#organization\"},\"potentialAction\":[{\"@type\":\"SearchAction\",\"target\":{\"@type\":\"EntryPoint\",\"urlTemplate\":\"https:\/\/aepetba.org.br\/v1\/?s={search_term_string}\"},\"query-input\":\"required name=search_term_string\"}],\"inLanguage\":\"pt-BR\"},{\"@type\":\"ImageObject\",\"inLanguage\":\"pt-BR\",\"@id\":\"https:\/\/aepetba.org.br\/v1\/dados-do-ibge-mostram-que-o-desemprego-ainda-assusta-brasileiros-e-baianos\/#primaryimage\",\"url\":\"https:\/\/aepetba.org.br\/v1\/wp-content\/uploads\/2022\/08\/Materia-Dados-do-IBGE-mostram-que-o-desemprego-ainda-assusta-brasiliros-petroleo-bahia-Aepet-ba.jpg\",\"contentUrl\":\"https:\/\/aepetba.org.br\/v1\/wp-content\/uploads\/2022\/08\/Materia-Dados-do-IBGE-mostram-que-o-desemprego-ainda-assusta-brasiliros-petroleo-bahia-Aepet-ba.jpg\",\"width\":1079,\"height\":932},{\"@type\":\"WebPage\",\"@id\":\"https:\/\/aepetba.org.br\/v1\/dados-do-ibge-mostram-que-o-desemprego-ainda-assusta-brasileiros-e-baianos\/\",\"url\":\"https:\/\/aepetba.org.br\/v1\/dados-do-ibge-mostram-que-o-desemprego-ainda-assusta-brasileiros-e-baianos\/\",\"name\":\"Dados do IBGE mostram que o desemprego ainda assusta brasileiros e baianos\",\"isPartOf\":{\"@id\":\"https:\/\/aepetba.org.br\/v1\/#website\"},\"primaryImageOfPage\":{\"@id\":\"https:\/\/aepetba.org.br\/v1\/dados-do-ibge-mostram-que-o-desemprego-ainda-assusta-brasileiros-e-baianos\/#primaryimage\"},\"datePublished\":\"2022-08-12T12:46:48+00:00\",\"dateModified\":\"2022-08-12T12:46:48+00:00\",\"description\":\"Dados do IBGE apontam aumento do desemprego e arrocho salarial dos trabalhadores petroleiros depois da sa\u00edda da Petrobr\u00e1s da Bahia\",\"breadcrumb\":{\"@id\":\"https:\/\/aepetba.org.br\/v1\/dados-do-ibge-mostram-que-o-desemprego-ainda-assusta-brasileiros-e-baianos\/#breadcrumb\"},\"inLanguage\":\"pt-BR\",\"potentialAction\":[{\"@type\":\"ReadAction\",\"target\":[\"https:\/\/aepetba.org.br\/v1\/dados-do-ibge-mostram-que-o-desemprego-ainda-assusta-brasileiros-e-baianos\/\"]}]},{\"@type\":\"BreadcrumbList\",\"@id\":\"https:\/\/aepetba.org.br\/v1\/dados-do-ibge-mostram-que-o-desemprego-ainda-assusta-brasileiros-e-baianos\/#breadcrumb\",\"itemListElement\":[{\"@type\":\"ListItem\",\"position\":1,\"name\":\"In\u00edcio\",\"item\":\"https:\/\/aepetba.org.br\/v1\/\"},{\"@type\":\"ListItem\",\"position\":2,\"name\":\"Dados do IBGE mostram que o desemprego ainda assusta brasileiros e baianos\"}]},{\"@type\":\"Article\",\"@id\":\"https:\/\/aepetba.org.br\/v1\/dados-do-ibge-mostram-que-o-desemprego-ainda-assusta-brasileiros-e-baianos\/#article\",\"isPartOf\":{\"@id\":\"https:\/\/aepetba.org.br\/v1\/dados-do-ibge-mostram-que-o-desemprego-ainda-assusta-brasileiros-e-baianos\/\"},\"author\":{\"name\":\"AEPETBA\",\"@id\":\"https:\/\/aepetba.org.br\/v1\/#\/schema\/person\/3504208f89f3f50e1526867ebb573b88\"},\"headline\":\"Dados do IBGE mostram que o desemprego ainda assusta brasileiros e baianos\",\"datePublished\":\"2022-08-12T12:46:48+00:00\",\"dateModified\":\"2022-08-12T12:46:48+00:00\",\"mainEntityOfPage\":{\"@id\":\"https:\/\/aepetba.org.br\/v1\/dados-do-ibge-mostram-que-o-desemprego-ainda-assusta-brasileiros-e-baianos\/\"},\"wordCount\":716,\"publisher\":{\"@id\":\"https:\/\/aepetba.org.br\/v1\/#organization\"},\"image\":{\"@id\":\"https:\/\/aepetba.org.br\/v1\/dados-do-ibge-mostram-que-o-desemprego-ainda-assusta-brasileiros-e-baianos\/#primaryimage\"},\"thumbnailUrl\":\"https:\/\/aepetba.org.br\/v1\/wp-content\/uploads\/2022\/08\/Materia-Dados-do-IBGE-mostram-que-o-desemprego-ainda-assusta-brasiliros-petroleo-bahia-Aepet-ba.jpg\",\"articleSection\":[\"Destaque\",\"Not\u00edcias\"],\"inLanguage\":\"pt-BR\"},{\"@type\":\"Person\",\"@id\":\"https:\/\/aepetba.org.br\/v1\/#\/schema\/person\/3504208f89f3f50e1526867ebb573b88\",\"name\":\"AEPETBA\",\"image\":{\"@type\":\"ImageObject\",\"inLanguage\":\"pt-BR\",\"@id\":\"https:\/\/aepetba.org.br\/v1\/#\/schema\/person\/image\/\",\"url\":\"https:\/\/secure.gravatar.com\/avatar\/3e6e1bf98c38137fc6b937d21e974714?s=96&d=mm&r=g\",\"contentUrl\":\"https:\/\/secure.gravatar.com\/avatar\/3e6e1bf98c38137fc6b937d21e974714?s=96&d=mm&r=g\",\"caption\":\"AEPETBA\"},\"sameAs\":[\"http:\/\/aepetba.org.br\/v1\"],\"url\":\"https:\/\/aepetba.org.br\/v1\/author\/lubconsultoria\/\"}]}<\/script>\n<!-- \/ Yoast SEO plugin. -->","yoast_head_json":{"title":"Dados do IBGE mostram que o desemprego ainda assusta brasileiros e baianos","description":"Dados do IBGE apontam aumento do desemprego e arrocho salarial dos trabalhadores petroleiros depois da sa\u00edda da Petrobr\u00e1s da Bahia","robots":{"index":"index","follow":"follow","max-snippet":"max-snippet:-1","max-image-preview":"max-image-preview:large","max-video-preview":"max-video-preview:-1"},"canonical":"https:\/\/aepetba.org.br\/v1\/dados-do-ibge-mostram-que-o-desemprego-ainda-assusta-brasileiros-e-baianos\/","og_locale":"pt_BR","og_type":"article","og_title":"Dados do IBGE mostram que o desemprego ainda assusta brasileiros e baianos","og_description":"Dados do IBGE apontam aumento do desemprego e arrocho salarial dos trabalhadores petroleiros depois da sa\u00edda da Petrobr\u00e1s da Bahia","og_url":"https:\/\/aepetba.org.br\/v1\/dados-do-ibge-mostram-que-o-desemprego-ainda-assusta-brasileiros-e-baianos\/","og_site_name":"AEPET N\u00daCLEO BAHIA","article_publisher":"https:\/\/web.facebook.com\/aepetba","article_published_time":"2022-08-12T12:46:48+00:00","og_image":[{"width":1079,"height":932,"url":"https:\/\/aepetba.org.br\/v1\/wp-content\/uploads\/2022\/08\/Materia-Dados-do-IBGE-mostram-que-o-desemprego-ainda-assusta-brasiliros-petroleo-bahia-Aepet-ba.jpg","type":"image\/jpeg"}],"author":"AEPETBA","twitter_card":"summary_large_image","twitter_creator":"@aepetbahia","twitter_site":"@aepetbahia","twitter_misc":{"Escrito por":"AEPETBA","Est. tempo de leitura":"4 minutos"},"schema":{"@context":"https:\/\/schema.org","@graph":[{"@type":"Organization","@id":"https:\/\/aepetba.org.br\/v1\/#organization","name":"AEPET N\u00facleo Bahia","url":"https:\/\/aepetba.org.br\/v1\/","sameAs":["https:\/\/www.instagram.com\/aepetbahia\/","https:\/\/www.youtube.com\/c\/AEPETBAHIA","https:\/\/web.facebook.com\/aepetba","https:\/\/twitter.com\/aepetbahia"],"logo":{"@type":"ImageObject","inLanguage":"pt-BR","@id":"https:\/\/aepetba.org.br\/v1\/#\/schema\/logo\/image\/","url":"https:\/\/aepetba.org.br\/v1\/wp-content\/uploads\/revslider\/home\/logo-AEPETBA.png","contentUrl":"https:\/\/aepetba.org.br\/v1\/wp-content\/uploads\/revslider\/home\/logo-AEPETBA.png","width":297,"height":86,"caption":"AEPET N\u00facleo Bahia"},"image":{"@id":"https:\/\/aepetba.org.br\/v1\/#\/schema\/logo\/image\/"}},{"@type":"WebSite","@id":"https:\/\/aepetba.org.br\/v1\/#website","url":"https:\/\/aepetba.org.br\/v1\/","name":"AEPET N\u00daCLEO BAHIA","description":"Associa\u00e7\u00e3o dos Engenheiros da Petrobr\u00e1s N\u00facleo Bahia Petr\u00f3leo Bahia Salvador Nordeste ","publisher":{"@id":"https:\/\/aepetba.org.br\/v1\/#organization"},"potentialAction":[{"@type":"SearchAction","target":{"@type":"EntryPoint","urlTemplate":"https:\/\/aepetba.org.br\/v1\/?s={search_term_string}"},"query-input":"required name=search_term_string"}],"inLanguage":"pt-BR"},{"@type":"ImageObject","inLanguage":"pt-BR","@id":"https:\/\/aepetba.org.br\/v1\/dados-do-ibge-mostram-que-o-desemprego-ainda-assusta-brasileiros-e-baianos\/#primaryimage","url":"https:\/\/aepetba.org.br\/v1\/wp-content\/uploads\/2022\/08\/Materia-Dados-do-IBGE-mostram-que-o-desemprego-ainda-assusta-brasiliros-petroleo-bahia-Aepet-ba.jpg","contentUrl":"https:\/\/aepetba.org.br\/v1\/wp-content\/uploads\/2022\/08\/Materia-Dados-do-IBGE-mostram-que-o-desemprego-ainda-assusta-brasiliros-petroleo-bahia-Aepet-ba.jpg","width":1079,"height":932},{"@type":"WebPage","@id":"https:\/\/aepetba.org.br\/v1\/dados-do-ibge-mostram-que-o-desemprego-ainda-assusta-brasileiros-e-baianos\/","url":"https:\/\/aepetba.org.br\/v1\/dados-do-ibge-mostram-que-o-desemprego-ainda-assusta-brasileiros-e-baianos\/","name":"Dados do IBGE mostram que o desemprego ainda assusta brasileiros e baianos","isPartOf":{"@id":"https:\/\/aepetba.org.br\/v1\/#website"},"primaryImageOfPage":{"@id":"https:\/\/aepetba.org.br\/v1\/dados-do-ibge-mostram-que-o-desemprego-ainda-assusta-brasileiros-e-baianos\/#primaryimage"},"datePublished":"2022-08-12T12:46:48+00:00","dateModified":"2022-08-12T12:46:48+00:00","description":"Dados do IBGE apontam aumento do desemprego e arrocho salarial dos trabalhadores petroleiros depois da sa\u00edda da Petrobr\u00e1s da Bahia","breadcrumb":{"@id":"https:\/\/aepetba.org.br\/v1\/dados-do-ibge-mostram-que-o-desemprego-ainda-assusta-brasileiros-e-baianos\/#breadcrumb"},"inLanguage":"pt-BR","potentialAction":[{"@type":"ReadAction","target":["https:\/\/aepetba.org.br\/v1\/dados-do-ibge-mostram-que-o-desemprego-ainda-assusta-brasileiros-e-baianos\/"]}]},{"@type":"BreadcrumbList","@id":"https:\/\/aepetba.org.br\/v1\/dados-do-ibge-mostram-que-o-desemprego-ainda-assusta-brasileiros-e-baianos\/#breadcrumb","itemListElement":[{"@type":"ListItem","position":1,"name":"In\u00edcio","item":"https:\/\/aepetba.org.br\/v1\/"},{"@type":"ListItem","position":2,"name":"Dados do IBGE mostram que o desemprego ainda assusta brasileiros e baianos"}]},{"@type":"Article","@id":"https:\/\/aepetba.org.br\/v1\/dados-do-ibge-mostram-que-o-desemprego-ainda-assusta-brasileiros-e-baianos\/#article","isPartOf":{"@id":"https:\/\/aepetba.org.br\/v1\/dados-do-ibge-mostram-que-o-desemprego-ainda-assusta-brasileiros-e-baianos\/"},"author":{"name":"AEPETBA","@id":"https:\/\/aepetba.org.br\/v1\/#\/schema\/person\/3504208f89f3f50e1526867ebb573b88"},"headline":"Dados do IBGE mostram que o desemprego ainda assusta brasileiros e baianos","datePublished":"2022-08-12T12:46:48+00:00","dateModified":"2022-08-12T12:46:48+00:00","mainEntityOfPage":{"@id":"https:\/\/aepetba.org.br\/v1\/dados-do-ibge-mostram-que-o-desemprego-ainda-assusta-brasileiros-e-baianos\/"},"wordCount":716,"publisher":{"@id":"https:\/\/aepetba.org.br\/v1\/#organization"},"image":{"@id":"https:\/\/aepetba.org.br\/v1\/dados-do-ibge-mostram-que-o-desemprego-ainda-assusta-brasileiros-e-baianos\/#primaryimage"},"thumbnailUrl":"https:\/\/aepetba.org.br\/v1\/wp-content\/uploads\/2022\/08\/Materia-Dados-do-IBGE-mostram-que-o-desemprego-ainda-assusta-brasiliros-petroleo-bahia-Aepet-ba.jpg","articleSection":["Destaque","Not\u00edcias"],"inLanguage":"pt-BR"},{"@type":"Person","@id":"https:\/\/aepetba.org.br\/v1\/#\/schema\/person\/3504208f89f3f50e1526867ebb573b88","name":"AEPETBA","image":{"@type":"ImageObject","inLanguage":"pt-BR","@id":"https:\/\/aepetba.org.br\/v1\/#\/schema\/person\/image\/","url":"https:\/\/secure.gravatar.com\/avatar\/3e6e1bf98c38137fc6b937d21e974714?s=96&d=mm&r=g","contentUrl":"https:\/\/secure.gravatar.com\/avatar\/3e6e1bf98c38137fc6b937d21e974714?s=96&d=mm&r=g","caption":"AEPETBA"},"sameAs":["http:\/\/aepetba.org.br\/v1"],"url":"https:\/\/aepetba.org.br\/v1\/author\/lubconsultoria\/"}]}},"_links":{"self":[{"href":"https:\/\/aepetba.org.br\/v1\/wp-json\/wp\/v2\/posts\/38885"}],"collection":[{"href":"https:\/\/aepetba.org.br\/v1\/wp-json\/wp\/v2\/posts"}],"about":[{"href":"https:\/\/aepetba.org.br\/v1\/wp-json\/wp\/v2\/types\/post"}],"author":[{"embeddable":true,"href":"https:\/\/aepetba.org.br\/v1\/wp-json\/wp\/v2\/users\/1"}],"replies":[{"embeddable":true,"href":"https:\/\/aepetba.org.br\/v1\/wp-json\/wp\/v2\/comments?post=38885"}],"version-history":[{"count":1,"href":"https:\/\/aepetba.org.br\/v1\/wp-json\/wp\/v2\/posts\/38885\/revisions"}],"predecessor-version":[{"id":38888,"href":"https:\/\/aepetba.org.br\/v1\/wp-json\/wp\/v2\/posts\/38885\/revisions\/38888"}],"wp:featuredmedia":[{"embeddable":true,"href":"https:\/\/aepetba.org.br\/v1\/wp-json\/wp\/v2\/media\/38886"}],"wp:attachment":[{"href":"https:\/\/aepetba.org.br\/v1\/wp-json\/wp\/v2\/media?parent=38885"}],"wp:term":[{"taxonomy":"category","embeddable":true,"href":"https:\/\/aepetba.org.br\/v1\/wp-json\/wp\/v2\/categories?post=38885"},{"taxonomy":"post_tag","embeddable":true,"href":"https:\/\/aepetba.org.br\/v1\/wp-json\/wp\/v2\/tags?post=38885"}],"curies":[{"name":"wp","href":"https:\/\/api.w.org\/{rel}","templated":true}]}}