{"id":38919,"date":"2022-08-18T13:25:23","date_gmt":"2022-08-18T16:25:23","guid":{"rendered":"https:\/\/aepetba.org.br\/v1\/?p=38919"},"modified":"2022-08-18T14:01:24","modified_gmt":"2022-08-18T17:01:24","slug":"governo-quer-colocar-dois-inelegiveis-no-ca-da-petrobras-anapetro-e-fup-entram-com-acao-na-cvm","status":"publish","type":"post","link":"https:\/\/aepetba.org.br\/v1\/governo-quer-colocar-dois-inelegiveis-no-ca-da-petrobras-anapetro-e-fup-entram-com-acao-na-cvm\/","title":{"rendered":"Governo quer colocar dois ineleg\u00edveis no CA da Petrobr\u00e1s; Anapetro e FUP entram com a\u00e7\u00e3o na CVM"},"content":{"rendered":"<!--[if lt IE 9]><script>document.createElement('audio');<\/script><![endif]-->\n<audio class=\"wp-audio-shortcode\" id=\"audio-38919-1\" preload=\"none\" style=\"width: 100%;\" controls=\"controls\"><source type=\"audio\/ogg\" src=\"https:\/\/aepetba.org.br\/v1\/wp-content\/uploads\/2022\/08\/governo-quer-colocar-inelegiveis-no-CA-da-Petrobras.ogg?_=1\" \/><a href=\"https:\/\/aepetba.org.br\/v1\/wp-content\/uploads\/2022\/08\/governo-quer-colocar-inelegiveis-no-CA-da-Petrobras.ogg\">https:\/\/aepetba.org.br\/v1\/wp-content\/uploads\/2022\/08\/governo-quer-colocar-inelegiveis-no-CA-da-Petrobras.ogg<\/a><\/audio>\n<p style=\"text-align: justify;\">Nesta sexta-feira (19), haver\u00e1 uma assembleia importante na Petrobr\u00e1s. <strong>Ser\u00e1 a Assembleia Geral Extraordin\u00e1ria (AGE), que vai eleger os novos membros do Conselho de Administra\u00e7\u00e3o da companhia, \u00e0s 13h. <\/strong><\/p>\n<p style=\"text-align: justify;\">O Conselho \u00e9 composto por <strong>11 integrantes<\/strong> e <strong>tr\u00eas deles<\/strong> n\u00e3o ser\u00e3o submetidos \u00e0 nova elei\u00e7\u00e3o por terem sido escolhidos em outro processo de vota\u00e7\u00e3o: <strong>Rosangela Buzanelli, representante dos petroleiros, e dois dos conselheiros indicados pelos acionistas privados.<\/strong><\/p>\n<p style=\"text-align: justify;\">A AGE desta sexta vai preencher as <strong>oito cadeiras restantes,<\/strong> sendo eleitos pelo processo de <strong>voto m\u00faltiplo.<\/strong> Foram indicados dez candidatos: <strong>oito pela Uni\u00e3o\/Governo e dois pelos acionistas privados.<\/strong><\/p>\n<p style=\"text-align: justify;\">Com base nas recomenda\u00e7\u00f5es do <strong>Celeg (Comit\u00ea de Elegibilidade),<\/strong> antes de cada elei\u00e7\u00e3o, os candidatos concorrentes foram avaliados para saber se eles preenchem <strong>os requisitos de capacidade de gest\u00e3o (BGC) e de integridade (BCI) e se, portanto, s\u00e3o eleg\u00edveis.<\/strong><\/p>\n<p style=\"text-align: justify;\">Nessa reuni\u00e3o, <strong>o Conselho endossou integralmente o parecer do Celeg,<\/strong> que concluiu como <strong>ineleg\u00edveis,<\/strong> em fun\u00e7\u00e3o dos cargos que ocupam <strong>no governo Bolsonaro,<\/strong> dois nomes indicados pela Uni\u00e3o: <strong>Jhonatas Assun\u00e7\u00e3o Salvador Nery de Castro, secret\u00e1rio executivo do Minist\u00e9rio da Casa Civil; e Ricardo Soriano, procurador-geral da Fazenda Nacional.<\/strong><\/p>\n<p style=\"text-align: justify;\">O<strong> governo deveria indicar novos nomes que se encaixem nas recomenda\u00e7\u00f5es para fazer parte das elei\u00e7\u00f5es do CA.<\/strong> Mas \u00e9 nesse ponto que est\u00e1 o problema, pois Bolsonaro <strong>n\u00e3o vai mudar sua lista de indicados, <\/strong>ou seja, quebrando as regras do jogo.<\/p>\n<h2><strong>FUP e Anapetro entram com a\u00e7\u00e3o para barrar AGE<\/strong><\/h2>\n<p style=\"text-align: justify;\">No dia 10\/08, <strong>a Anapetro (Associa\u00e7\u00e3o Nacional dos Petroleiros Acionistas Minorit\u00e1rios da Petrobr\u00e1s) e a Federa\u00e7\u00e3o \u00danica dos Petroleiros (FUP) entraram <\/strong>com a\u00e7\u00e3o popular na Justi\u00e7a Federal do Rio de Janeiro contra a Uni\u00e3o e a Petrobr\u00e1s, <strong>a fim de anular a convoca\u00e7\u00e3o da AGE da Petrobr\u00e1s.<\/strong><\/p>\n<p style=\"text-align: justify;\">\u201cContrariando a Lei das Estatais e o Estatuto da Petrobr\u00e1s, a Uni\u00e3o n\u00e3o apresentou qualquer motiva\u00e7\u00e3o legal para manter os dois nomes em vota\u00e7\u00e3o na AGE. Este fato torna a convoca\u00e7\u00e3o da assembleia ilegal, visto que os nomes n\u00e3o constam no Boletim enviado \u00e0 Comiss\u00e3o de Valores Mobili\u00e1rios (CVM). Com esta clara ilegalidade, pediu-se cautelarmente que a convoca\u00e7\u00e3o da AGE da Petrobr\u00e1s seja anulada\u201d, <strong>explicou o advogado \u00c2ngelo Rem\u00e9dio, da Advocacia Garcez, que representa os petroleiros na a\u00e7\u00e3o.<\/strong><\/p>\n<p style=\"text-align: justify;\">Al\u00e9m disso, a Anapetro protocolou uma representa\u00e7\u00e3o na CVM. O documento, com 14 p\u00e1ginas, destaca o <strong>\u201cabuso de direito do acionista controlador da empresa, ao desrespeitar as normas internas da companhia, a governan\u00e7a corporativa, e reencaminhar os nomes vetados pelo Celeg e pelo Conselho de Administra\u00e7\u00e3o\u201d.<\/strong><\/p>\n<p style=\"text-align: justify;\">A peti\u00e7\u00e3o ressalta ainda a pr\u00e1tica de a\u00e7\u00f5es contr\u00e1rias \u00e0 legisla\u00e7\u00e3o <strong>(Lei das Sociedades por A\u00e7\u00f5es, n\u00ba 6.404, de 1976)<\/strong> e ao interesse p\u00fablico. Resta aguardar os poss\u00edveis desdobramentos encaminhados pela CVM, bem como das a\u00e7\u00f5es contra essa irregularidade.<\/p>\n<p style=\"text-align: justify;\">A pr\u00f3pria comiss\u00e3o, em resposta ao of\u00edcio da Petrobr\u00e1s, afirma que: <strong>\u201cas eventuais responsabilidades ser\u00e3o apuradas pela Superintend\u00eancia de Rela\u00e7\u00f5es com Empresas e, de fato, causa estranheza que o acionista controlador tenha mantido as indica\u00e7\u00f5es dos dois candidatos considerados ineleg\u00edveis pelo CA\u201d.<\/strong><\/p>\n<p style=\"text-align: justify;\"><strong>A AEPET-BA acompanhar\u00e1 o desenrolar desse caso e, se necess\u00e1rio far\u00e1 o poss\u00edvel para manter a integridade das normas internas.<\/strong> J\u00e1 nos basta um presidente sem a qualifica\u00e7\u00e3o exigida, e ainda ter gestores que descumprem as pr\u00f3prias normas internas \u00e9 inaceit\u00e1vel.<\/p>\n<p style=\"text-align: justify;\">Eles destroem a Petrobr\u00e1s de todas as formas, sua imagem, o patrim\u00f4nio e agora at\u00e9 os normativos internos. Por tudo isso, \u00e9 necess\u00e1rio lutar <strong>pela reconstru\u00e7\u00e3o da Petrobr\u00e1s no Brasil e na Bahia!<\/strong><\/p>\n<p><em>(Com informa\u00e7\u00f5es da FUP, Anapetro e Blog da Rosangela Buzanelli)<\/em><\/p>\n","protected":false},"excerpt":{"rendered":"<p>Nesta sexta-feira (19), haver\u00e1 uma assembleia importante na Petrobr\u00e1s. Ser\u00e1 a Assembleia Geral Extraordin\u00e1ria (AGE), que vai eleger os novos membros do Conselho de Administra\u00e7\u00e3o da companhia, \u00e0s 13h. O Conselho \u00e9 composto por 11 integrantes e tr\u00eas deles n\u00e3o&#8230;<\/p>\n","protected":false},"author":1,"featured_media":38920,"comment_status":"closed","ping_status":"closed","sticky":false,"template":"","format":"standard","meta":[],"categories":[5,87,10],"tags":[],"yoast_head":"<!-- This site is optimized with the Yoast SEO plugin v19.3 - https:\/\/yoast.com\/wordpress\/plugins\/seo\/ -->\n<title>Governo quer colocar dois ineleg\u00edveis no CA da Petrobr\u00e1s; Anapetro e FUP entram com a\u00e7\u00e3o na CVM<\/title>\n<meta name=\"description\" content=\"Associa\u00e7\u00e3o Nacional dos Petroleiros Acionistas Minorit\u00e1rios da Petrobr\u00e1s (Anapetro) e a Federa\u00e7\u00e3o \u00danica dos Petroleiros (FUP) entram com a\u00e7\u00e3o popular contra a Uni\u00e3o e a Petrobr\u00e1s, a fim de anular a AGE que ocorre amanh\u00e3\" \/>\n<meta name=\"robots\" content=\"index, follow, max-snippet:-1, max-image-preview:large, max-video-preview:-1\" \/>\n<link rel=\"canonical\" href=\"https:\/\/aepetba.org.br\/v1\/governo-quer-colocar-dois-inelegiveis-no-ca-da-petrobras-anapetro-e-fup-entram-com-acao-na-cvm\/\" \/>\n<meta property=\"og:locale\" content=\"pt_BR\" \/>\n<meta property=\"og:type\" content=\"article\" \/>\n<meta property=\"og:title\" content=\"Governo quer colocar dois ineleg\u00edveis no CA da Petrobr\u00e1s; Anapetro e FUP entram com a\u00e7\u00e3o na CVM\" \/>\n<meta property=\"og:description\" content=\"Associa\u00e7\u00e3o Nacional dos Petroleiros Acionistas Minorit\u00e1rios da Petrobr\u00e1s (Anapetro) e a Federa\u00e7\u00e3o \u00danica dos Petroleiros (FUP) entram com a\u00e7\u00e3o popular contra a Uni\u00e3o e a Petrobr\u00e1s, a fim de anular a AGE que ocorre amanh\u00e3\" \/>\n<meta property=\"og:url\" content=\"https:\/\/aepetba.org.br\/v1\/governo-quer-colocar-dois-inelegiveis-no-ca-da-petrobras-anapetro-e-fup-entram-com-acao-na-cvm\/\" \/>\n<meta property=\"og:site_name\" content=\"AEPET N\u00daCLEO BAHIA\" \/>\n<meta property=\"article:publisher\" content=\"https:\/\/web.facebook.com\/aepetba\" \/>\n<meta property=\"article:published_time\" content=\"2022-08-18T16:25:23+00:00\" \/>\n<meta property=\"article:modified_time\" content=\"2022-08-18T17:01:24+00:00\" \/>\n<meta property=\"og:image\" content=\"https:\/\/aepetba.org.br\/v1\/wp-content\/uploads\/2022\/08\/Materia-Governo-quer-colocar-dois-inelegiveis-no-CA-da-Petrobras-Anapetro-e-FUP-entram-com-acao-na-CVM-petroleo-bahia-Aepet-ba.jpg\" \/>\n\t<meta property=\"og:image:width\" content=\"1073\" \/>\n\t<meta property=\"og:image:height\" content=\"938\" \/>\n\t<meta property=\"og:image:type\" content=\"image\/jpeg\" \/>\n<meta name=\"author\" content=\"AEPETBA\" \/>\n<meta name=\"twitter:card\" content=\"summary_large_image\" \/>\n<meta name=\"twitter:creator\" content=\"@aepetbahia\" \/>\n<meta name=\"twitter:site\" content=\"@aepetbahia\" \/>\n<meta name=\"twitter:label1\" content=\"Escrito por\" \/>\n\t<meta name=\"twitter:data1\" content=\"AEPETBA\" \/>\n\t<meta name=\"twitter:label2\" content=\"Est. tempo de leitura\" \/>\n\t<meta name=\"twitter:data2\" content=\"4 minutos\" \/>\n<script type=\"application\/ld+json\" class=\"yoast-schema-graph\">{\"@context\":\"https:\/\/schema.org\",\"@graph\":[{\"@type\":\"Organization\",\"@id\":\"https:\/\/aepetba.org.br\/v1\/#organization\",\"name\":\"AEPET N\u00facleo Bahia\",\"url\":\"https:\/\/aepetba.org.br\/v1\/\",\"sameAs\":[\"https:\/\/www.instagram.com\/aepetbahia\/\",\"https:\/\/www.youtube.com\/c\/AEPETBAHIA\",\"https:\/\/web.facebook.com\/aepetba\",\"https:\/\/twitter.com\/aepetbahia\"],\"logo\":{\"@type\":\"ImageObject\",\"inLanguage\":\"pt-BR\",\"@id\":\"https:\/\/aepetba.org.br\/v1\/#\/schema\/logo\/image\/\",\"url\":\"https:\/\/aepetba.org.br\/v1\/wp-content\/uploads\/revslider\/home\/logo-AEPETBA.png\",\"contentUrl\":\"https:\/\/aepetba.org.br\/v1\/wp-content\/uploads\/revslider\/home\/logo-AEPETBA.png\",\"width\":297,\"height\":86,\"caption\":\"AEPET N\u00facleo Bahia\"},\"image\":{\"@id\":\"https:\/\/aepetba.org.br\/v1\/#\/schema\/logo\/image\/\"}},{\"@type\":\"WebSite\",\"@id\":\"https:\/\/aepetba.org.br\/v1\/#website\",\"url\":\"https:\/\/aepetba.org.br\/v1\/\",\"name\":\"AEPET N\u00daCLEO BAHIA\",\"description\":\"Associa\u00e7\u00e3o dos Engenheiros da Petrobr\u00e1s N\u00facleo Bahia Petr\u00f3leo Bahia Salvador Nordeste \",\"publisher\":{\"@id\":\"https:\/\/aepetba.org.br\/v1\/#organization\"},\"potentialAction\":[{\"@type\":\"SearchAction\",\"target\":{\"@type\":\"EntryPoint\",\"urlTemplate\":\"https:\/\/aepetba.org.br\/v1\/?s={search_term_string}\"},\"query-input\":\"required name=search_term_string\"}],\"inLanguage\":\"pt-BR\"},{\"@type\":\"ImageObject\",\"inLanguage\":\"pt-BR\",\"@id\":\"https:\/\/aepetba.org.br\/v1\/governo-quer-colocar-dois-inelegiveis-no-ca-da-petrobras-anapetro-e-fup-entram-com-acao-na-cvm\/#primaryimage\",\"url\":\"https:\/\/aepetba.org.br\/v1\/wp-content\/uploads\/2022\/08\/Materia-Governo-quer-colocar-dois-inelegiveis-no-CA-da-Petrobras-Anapetro-e-FUP-entram-com-acao-na-CVM-petroleo-bahia-Aepet-ba.jpg\",\"contentUrl\":\"https:\/\/aepetba.org.br\/v1\/wp-content\/uploads\/2022\/08\/Materia-Governo-quer-colocar-dois-inelegiveis-no-CA-da-Petrobras-Anapetro-e-FUP-entram-com-acao-na-CVM-petroleo-bahia-Aepet-ba.jpg\",\"width\":1073,\"height\":938},{\"@type\":\"WebPage\",\"@id\":\"https:\/\/aepetba.org.br\/v1\/governo-quer-colocar-dois-inelegiveis-no-ca-da-petrobras-anapetro-e-fup-entram-com-acao-na-cvm\/\",\"url\":\"https:\/\/aepetba.org.br\/v1\/governo-quer-colocar-dois-inelegiveis-no-ca-da-petrobras-anapetro-e-fup-entram-com-acao-na-cvm\/\",\"name\":\"Governo quer colocar dois ineleg\u00edveis no CA da Petrobr\u00e1s; Anapetro e FUP entram com a\u00e7\u00e3o na CVM\",\"isPartOf\":{\"@id\":\"https:\/\/aepetba.org.br\/v1\/#website\"},\"primaryImageOfPage\":{\"@id\":\"https:\/\/aepetba.org.br\/v1\/governo-quer-colocar-dois-inelegiveis-no-ca-da-petrobras-anapetro-e-fup-entram-com-acao-na-cvm\/#primaryimage\"},\"datePublished\":\"2022-08-18T16:25:23+00:00\",\"dateModified\":\"2022-08-18T17:01:24+00:00\",\"description\":\"Associa\u00e7\u00e3o Nacional dos Petroleiros Acionistas Minorit\u00e1rios da Petrobr\u00e1s (Anapetro) e a Federa\u00e7\u00e3o \u00danica dos Petroleiros (FUP) entram com a\u00e7\u00e3o popular contra a Uni\u00e3o e a Petrobr\u00e1s, a fim de anular a AGE que ocorre amanh\u00e3\",\"breadcrumb\":{\"@id\":\"https:\/\/aepetba.org.br\/v1\/governo-quer-colocar-dois-inelegiveis-no-ca-da-petrobras-anapetro-e-fup-entram-com-acao-na-cvm\/#breadcrumb\"},\"inLanguage\":\"pt-BR\",\"potentialAction\":[{\"@type\":\"ReadAction\",\"target\":[\"https:\/\/aepetba.org.br\/v1\/governo-quer-colocar-dois-inelegiveis-no-ca-da-petrobras-anapetro-e-fup-entram-com-acao-na-cvm\/\"]}]},{\"@type\":\"BreadcrumbList\",\"@id\":\"https:\/\/aepetba.org.br\/v1\/governo-quer-colocar-dois-inelegiveis-no-ca-da-petrobras-anapetro-e-fup-entram-com-acao-na-cvm\/#breadcrumb\",\"itemListElement\":[{\"@type\":\"ListItem\",\"position\":1,\"name\":\"In\u00edcio\",\"item\":\"https:\/\/aepetba.org.br\/v1\/\"},{\"@type\":\"ListItem\",\"position\":2,\"name\":\"Governo quer colocar dois ineleg\u00edveis no CA da Petrobr\u00e1s; Anapetro e FUP entram com a\u00e7\u00e3o na CVM\"}]},{\"@type\":\"Article\",\"@id\":\"https:\/\/aepetba.org.br\/v1\/governo-quer-colocar-dois-inelegiveis-no-ca-da-petrobras-anapetro-e-fup-entram-com-acao-na-cvm\/#article\",\"isPartOf\":{\"@id\":\"https:\/\/aepetba.org.br\/v1\/governo-quer-colocar-dois-inelegiveis-no-ca-da-petrobras-anapetro-e-fup-entram-com-acao-na-cvm\/\"},\"author\":{\"name\":\"AEPETBA\",\"@id\":\"https:\/\/aepetba.org.br\/v1\/#\/schema\/person\/3504208f89f3f50e1526867ebb573b88\"},\"headline\":\"Governo quer colocar dois ineleg\u00edveis no CA da Petrobr\u00e1s; Anapetro e FUP entram com a\u00e7\u00e3o na CVM\",\"datePublished\":\"2022-08-18T16:25:23+00:00\",\"dateModified\":\"2022-08-18T17:01:24+00:00\",\"mainEntityOfPage\":{\"@id\":\"https:\/\/aepetba.org.br\/v1\/governo-quer-colocar-dois-inelegiveis-no-ca-da-petrobras-anapetro-e-fup-entram-com-acao-na-cvm\/\"},\"wordCount\":673,\"publisher\":{\"@id\":\"https:\/\/aepetba.org.br\/v1\/#organization\"},\"image\":{\"@id\":\"https:\/\/aepetba.org.br\/v1\/governo-quer-colocar-dois-inelegiveis-no-ca-da-petrobras-anapetro-e-fup-entram-com-acao-na-cvm\/#primaryimage\"},\"thumbnailUrl\":\"https:\/\/aepetba.org.br\/v1\/wp-content\/uploads\/2022\/08\/Materia-Governo-quer-colocar-dois-inelegiveis-no-CA-da-Petrobras-Anapetro-e-FUP-entram-com-acao-na-CVM-petroleo-bahia-Aepet-ba.jpg\",\"articleSection\":[\"Coluna do Associado\",\"Destaque\",\"Not\u00edcias\"],\"inLanguage\":\"pt-BR\"},{\"@type\":\"Person\",\"@id\":\"https:\/\/aepetba.org.br\/v1\/#\/schema\/person\/3504208f89f3f50e1526867ebb573b88\",\"name\":\"AEPETBA\",\"image\":{\"@type\":\"ImageObject\",\"inLanguage\":\"pt-BR\",\"@id\":\"https:\/\/aepetba.org.br\/v1\/#\/schema\/person\/image\/\",\"url\":\"https:\/\/secure.gravatar.com\/avatar\/3e6e1bf98c38137fc6b937d21e974714?s=96&d=mm&r=g\",\"contentUrl\":\"https:\/\/secure.gravatar.com\/avatar\/3e6e1bf98c38137fc6b937d21e974714?s=96&d=mm&r=g\",\"caption\":\"AEPETBA\"},\"sameAs\":[\"http:\/\/aepetba.org.br\/v1\"],\"url\":\"https:\/\/aepetba.org.br\/v1\/author\/lubconsultoria\/\"}]}<\/script>\n<!-- \/ Yoast SEO plugin. -->","yoast_head_json":{"title":"Governo quer colocar dois ineleg\u00edveis no CA da Petrobr\u00e1s; Anapetro e FUP entram com a\u00e7\u00e3o na CVM","description":"Associa\u00e7\u00e3o Nacional dos Petroleiros Acionistas Minorit\u00e1rios da Petrobr\u00e1s (Anapetro) e a Federa\u00e7\u00e3o \u00danica dos Petroleiros (FUP) entram com a\u00e7\u00e3o popular contra a Uni\u00e3o e a Petrobr\u00e1s, a fim de anular a AGE que ocorre amanh\u00e3","robots":{"index":"index","follow":"follow","max-snippet":"max-snippet:-1","max-image-preview":"max-image-preview:large","max-video-preview":"max-video-preview:-1"},"canonical":"https:\/\/aepetba.org.br\/v1\/governo-quer-colocar-dois-inelegiveis-no-ca-da-petrobras-anapetro-e-fup-entram-com-acao-na-cvm\/","og_locale":"pt_BR","og_type":"article","og_title":"Governo quer colocar dois ineleg\u00edveis no CA da Petrobr\u00e1s; Anapetro e FUP entram com a\u00e7\u00e3o na CVM","og_description":"Associa\u00e7\u00e3o Nacional dos Petroleiros Acionistas Minorit\u00e1rios da Petrobr\u00e1s (Anapetro) e a Federa\u00e7\u00e3o \u00danica dos Petroleiros (FUP) entram com a\u00e7\u00e3o popular contra a Uni\u00e3o e a Petrobr\u00e1s, a fim de anular a AGE que ocorre amanh\u00e3","og_url":"https:\/\/aepetba.org.br\/v1\/governo-quer-colocar-dois-inelegiveis-no-ca-da-petrobras-anapetro-e-fup-entram-com-acao-na-cvm\/","og_site_name":"AEPET N\u00daCLEO BAHIA","article_publisher":"https:\/\/web.facebook.com\/aepetba","article_published_time":"2022-08-18T16:25:23+00:00","article_modified_time":"2022-08-18T17:01:24+00:00","og_image":[{"width":1073,"height":938,"url":"https:\/\/aepetba.org.br\/v1\/wp-content\/uploads\/2022\/08\/Materia-Governo-quer-colocar-dois-inelegiveis-no-CA-da-Petrobras-Anapetro-e-FUP-entram-com-acao-na-CVM-petroleo-bahia-Aepet-ba.jpg","type":"image\/jpeg"}],"author":"AEPETBA","twitter_card":"summary_large_image","twitter_creator":"@aepetbahia","twitter_site":"@aepetbahia","twitter_misc":{"Escrito por":"AEPETBA","Est. tempo de leitura":"4 minutos"},"schema":{"@context":"https:\/\/schema.org","@graph":[{"@type":"Organization","@id":"https:\/\/aepetba.org.br\/v1\/#organization","name":"AEPET N\u00facleo Bahia","url":"https:\/\/aepetba.org.br\/v1\/","sameAs":["https:\/\/www.instagram.com\/aepetbahia\/","https:\/\/www.youtube.com\/c\/AEPETBAHIA","https:\/\/web.facebook.com\/aepetba","https:\/\/twitter.com\/aepetbahia"],"logo":{"@type":"ImageObject","inLanguage":"pt-BR","@id":"https:\/\/aepetba.org.br\/v1\/#\/schema\/logo\/image\/","url":"https:\/\/aepetba.org.br\/v1\/wp-content\/uploads\/revslider\/home\/logo-AEPETBA.png","contentUrl":"https:\/\/aepetba.org.br\/v1\/wp-content\/uploads\/revslider\/home\/logo-AEPETBA.png","width":297,"height":86,"caption":"AEPET N\u00facleo Bahia"},"image":{"@id":"https:\/\/aepetba.org.br\/v1\/#\/schema\/logo\/image\/"}},{"@type":"WebSite","@id":"https:\/\/aepetba.org.br\/v1\/#website","url":"https:\/\/aepetba.org.br\/v1\/","name":"AEPET N\u00daCLEO BAHIA","description":"Associa\u00e7\u00e3o dos Engenheiros da Petrobr\u00e1s N\u00facleo Bahia Petr\u00f3leo Bahia Salvador Nordeste ","publisher":{"@id":"https:\/\/aepetba.org.br\/v1\/#organization"},"potentialAction":[{"@type":"SearchAction","target":{"@type":"EntryPoint","urlTemplate":"https:\/\/aepetba.org.br\/v1\/?s={search_term_string}"},"query-input":"required name=search_term_string"}],"inLanguage":"pt-BR"},{"@type":"ImageObject","inLanguage":"pt-BR","@id":"https:\/\/aepetba.org.br\/v1\/governo-quer-colocar-dois-inelegiveis-no-ca-da-petrobras-anapetro-e-fup-entram-com-acao-na-cvm\/#primaryimage","url":"https:\/\/aepetba.org.br\/v1\/wp-content\/uploads\/2022\/08\/Materia-Governo-quer-colocar-dois-inelegiveis-no-CA-da-Petrobras-Anapetro-e-FUP-entram-com-acao-na-CVM-petroleo-bahia-Aepet-ba.jpg","contentUrl":"https:\/\/aepetba.org.br\/v1\/wp-content\/uploads\/2022\/08\/Materia-Governo-quer-colocar-dois-inelegiveis-no-CA-da-Petrobras-Anapetro-e-FUP-entram-com-acao-na-CVM-petroleo-bahia-Aepet-ba.jpg","width":1073,"height":938},{"@type":"WebPage","@id":"https:\/\/aepetba.org.br\/v1\/governo-quer-colocar-dois-inelegiveis-no-ca-da-petrobras-anapetro-e-fup-entram-com-acao-na-cvm\/","url":"https:\/\/aepetba.org.br\/v1\/governo-quer-colocar-dois-inelegiveis-no-ca-da-petrobras-anapetro-e-fup-entram-com-acao-na-cvm\/","name":"Governo quer colocar dois ineleg\u00edveis no CA da Petrobr\u00e1s; Anapetro e FUP entram com a\u00e7\u00e3o na CVM","isPartOf":{"@id":"https:\/\/aepetba.org.br\/v1\/#website"},"primaryImageOfPage":{"@id":"https:\/\/aepetba.org.br\/v1\/governo-quer-colocar-dois-inelegiveis-no-ca-da-petrobras-anapetro-e-fup-entram-com-acao-na-cvm\/#primaryimage"},"datePublished":"2022-08-18T16:25:23+00:00","dateModified":"2022-08-18T17:01:24+00:00","description":"Associa\u00e7\u00e3o Nacional dos Petroleiros Acionistas Minorit\u00e1rios da Petrobr\u00e1s (Anapetro) e a Federa\u00e7\u00e3o \u00danica dos Petroleiros (FUP) entram com a\u00e7\u00e3o popular contra a Uni\u00e3o e a Petrobr\u00e1s, a fim de anular a AGE que ocorre amanh\u00e3","breadcrumb":{"@id":"https:\/\/aepetba.org.br\/v1\/governo-quer-colocar-dois-inelegiveis-no-ca-da-petrobras-anapetro-e-fup-entram-com-acao-na-cvm\/#breadcrumb"},"inLanguage":"pt-BR","potentialAction":[{"@type":"ReadAction","target":["https:\/\/aepetba.org.br\/v1\/governo-quer-colocar-dois-inelegiveis-no-ca-da-petrobras-anapetro-e-fup-entram-com-acao-na-cvm\/"]}]},{"@type":"BreadcrumbList","@id":"https:\/\/aepetba.org.br\/v1\/governo-quer-colocar-dois-inelegiveis-no-ca-da-petrobras-anapetro-e-fup-entram-com-acao-na-cvm\/#breadcrumb","itemListElement":[{"@type":"ListItem","position":1,"name":"In\u00edcio","item":"https:\/\/aepetba.org.br\/v1\/"},{"@type":"ListItem","position":2,"name":"Governo quer colocar dois ineleg\u00edveis no CA da Petrobr\u00e1s; Anapetro e FUP entram com a\u00e7\u00e3o na CVM"}]},{"@type":"Article","@id":"https:\/\/aepetba.org.br\/v1\/governo-quer-colocar-dois-inelegiveis-no-ca-da-petrobras-anapetro-e-fup-entram-com-acao-na-cvm\/#article","isPartOf":{"@id":"https:\/\/aepetba.org.br\/v1\/governo-quer-colocar-dois-inelegiveis-no-ca-da-petrobras-anapetro-e-fup-entram-com-acao-na-cvm\/"},"author":{"name":"AEPETBA","@id":"https:\/\/aepetba.org.br\/v1\/#\/schema\/person\/3504208f89f3f50e1526867ebb573b88"},"headline":"Governo quer colocar dois ineleg\u00edveis no CA da Petrobr\u00e1s; Anapetro e FUP entram com a\u00e7\u00e3o na CVM","datePublished":"2022-08-18T16:25:23+00:00","dateModified":"2022-08-18T17:01:24+00:00","mainEntityOfPage":{"@id":"https:\/\/aepetba.org.br\/v1\/governo-quer-colocar-dois-inelegiveis-no-ca-da-petrobras-anapetro-e-fup-entram-com-acao-na-cvm\/"},"wordCount":673,"publisher":{"@id":"https:\/\/aepetba.org.br\/v1\/#organization"},"image":{"@id":"https:\/\/aepetba.org.br\/v1\/governo-quer-colocar-dois-inelegiveis-no-ca-da-petrobras-anapetro-e-fup-entram-com-acao-na-cvm\/#primaryimage"},"thumbnailUrl":"https:\/\/aepetba.org.br\/v1\/wp-content\/uploads\/2022\/08\/Materia-Governo-quer-colocar-dois-inelegiveis-no-CA-da-Petrobras-Anapetro-e-FUP-entram-com-acao-na-CVM-petroleo-bahia-Aepet-ba.jpg","articleSection":["Coluna do Associado","Destaque","Not\u00edcias"],"inLanguage":"pt-BR"},{"@type":"Person","@id":"https:\/\/aepetba.org.br\/v1\/#\/schema\/person\/3504208f89f3f50e1526867ebb573b88","name":"AEPETBA","image":{"@type":"ImageObject","inLanguage":"pt-BR","@id":"https:\/\/aepetba.org.br\/v1\/#\/schema\/person\/image\/","url":"https:\/\/secure.gravatar.com\/avatar\/3e6e1bf98c38137fc6b937d21e974714?s=96&d=mm&r=g","contentUrl":"https:\/\/secure.gravatar.com\/avatar\/3e6e1bf98c38137fc6b937d21e974714?s=96&d=mm&r=g","caption":"AEPETBA"},"sameAs":["http:\/\/aepetba.org.br\/v1"],"url":"https:\/\/aepetba.org.br\/v1\/author\/lubconsultoria\/"}]}},"_links":{"self":[{"href":"https:\/\/aepetba.org.br\/v1\/wp-json\/wp\/v2\/posts\/38919"}],"collection":[{"href":"https:\/\/aepetba.org.br\/v1\/wp-json\/wp\/v2\/posts"}],"about":[{"href":"https:\/\/aepetba.org.br\/v1\/wp-json\/wp\/v2\/types\/post"}],"author":[{"embeddable":true,"href":"https:\/\/aepetba.org.br\/v1\/wp-json\/wp\/v2\/users\/1"}],"replies":[{"embeddable":true,"href":"https:\/\/aepetba.org.br\/v1\/wp-json\/wp\/v2\/comments?post=38919"}],"version-history":[{"count":1,"href":"https:\/\/aepetba.org.br\/v1\/wp-json\/wp\/v2\/posts\/38919\/revisions"}],"predecessor-version":[{"id":38922,"href":"https:\/\/aepetba.org.br\/v1\/wp-json\/wp\/v2\/posts\/38919\/revisions\/38922"}],"wp:featuredmedia":[{"embeddable":true,"href":"https:\/\/aepetba.org.br\/v1\/wp-json\/wp\/v2\/media\/38920"}],"wp:attachment":[{"href":"https:\/\/aepetba.org.br\/v1\/wp-json\/wp\/v2\/media?parent=38919"}],"wp:term":[{"taxonomy":"category","embeddable":true,"href":"https:\/\/aepetba.org.br\/v1\/wp-json\/wp\/v2\/categories?post=38919"},{"taxonomy":"post_tag","embeddable":true,"href":"https:\/\/aepetba.org.br\/v1\/wp-json\/wp\/v2\/tags?post=38919"}],"curies":[{"name":"wp","href":"https:\/\/api.w.org\/{rel}","templated":true}]}}