{"id":38923,"date":"2022-08-19T17:46:34","date_gmt":"2022-08-19T20:46:34","guid":{"rendered":"https:\/\/aepetba.org.br\/v1\/?p=38923"},"modified":"2022-08-19T18:11:03","modified_gmt":"2022-08-19T21:11:03","slug":"indicados-pelo-governo-sao-barrados-do-ca-da-petrobras","status":"publish","type":"post","link":"https:\/\/aepetba.org.br\/v1\/indicados-pelo-governo-sao-barrados-do-ca-da-petrobras\/","title":{"rendered":"Indicados pelo Governo s\u00e3o barrados do CA da Petrobr\u00e1s"},"content":{"rendered":"<!--[if lt IE 9]><script>document.createElement('audio');<\/script><![endif]-->\n<audio class=\"wp-audio-shortcode\" id=\"audio-38923-1\" preload=\"none\" style=\"width: 100%;\" controls=\"controls\"><source type=\"audio\/ogg\" src=\"https:\/\/aepetba.org.br\/v1\/wp-content\/uploads\/2022\/08\/indicados-pelo-governo-sao-barrados-no-CA-da-Petrobras.ogg?_=1\" \/><a href=\"https:\/\/aepetba.org.br\/v1\/wp-content\/uploads\/2022\/08\/indicados-pelo-governo-sao-barrados-no-CA-da-Petrobras.ogg\">https:\/\/aepetba.org.br\/v1\/wp-content\/uploads\/2022\/08\/indicados-pelo-governo-sao-barrados-no-CA-da-Petrobras.ogg<\/a><\/audio>\n<p>&nbsp;<\/p>\n<p style=\"text-align: justify;\">Na Assembleia Geral Extraodin\u00e1ria (AGE), que ocorreu na tarde desta sexta-feira (19\/08), a AEPET, na condi\u00e7\u00e3o de Acionista Minorit\u00e1rio no Conselho de Administra\u00e7\u00e3o da Petrobr\u00e1s, manifestou voto contr\u00e1rio aos nomes dos dois candidatos indicados por Bolsonaro, cujos nomes foram barrados pelo Celeg. Pediu, ainda adiamento da AGE para que o governo Bolsonaro indicasse novos nomes. O voto foi apresentado por Fernando Siqueira. Leia aqui o documento:<\/p>\n<p style=\"text-align: right;\"><strong><em>Rio de Janeiro, 19\/08\/2022<\/em><\/strong><\/p>\n<p style=\"text-align: justify;\">Senhor Presidente,<\/p>\n<p style=\"text-align: justify;\">O CELEG \u2013 COMIT\u00ca DE ELEGIBILIDADE DA PETROBRAS, CRIADO PARA RESGUARDAR A EMPRESA DE INTERVEN\u00c7\u00d5ES POLITICAS, POR UNANIMIDADE, VETOU OS NOMES DOS CANDIDATOS:<\/p>\n<p style=\"text-align: justify;\"><strong>J\u00d4NATHAS ASSUN\u00c7\u00c3O SALVADOR NERY<\/strong>, secret\u00e1rio-executivo da Casa Civil do Governo Federal;<\/p>\n<p style=\"text-align: justify;\"><strong>RICARDO SORIANO DE ALENCAR<\/strong> \u2013 Procurador Geral Da Fazenda Nacional;<\/p>\n<p style=\"text-align: justify;\">O conselho de administra\u00e7\u00e3o da companhia ratificou a decis\u00e3o do CELEG, POIS h\u00e1 s\u00e9rio conflito de interesses entre as fun\u00e7\u00f5es que eles exercem no Governo Federal e o cargo de conselheiros do Conselho de Administra\u00e7\u00e3o da Petrobras, sen\u00e3o vejamos:<\/p>\n<p style=\"text-align: justify;\">No caso de Ricardo Soriano, como chefe da Procuradoria da Fazenda, ele comanda a instaura\u00e7\u00e3o de um processo jur\u00eddico da Receita Federal, contra a Petrobras, em lit\u00edgios que montam a R$ 109 bilh\u00f5es. Como conselheiro da Companhia ele vai ter acesso total \u00e0 estrat\u00e9gia jur\u00eddica da Companhia e ainda ter\u00e1 direito a voto em quest\u00f5es financeiras em favor da Fazenda P\u00fablica.<\/p>\n<p style=\"text-align: justify;\">No caso de Jonathas Assun\u00e7\u00e3o, como secret\u00e1rio-executivo da Casa Civil, entre outros, ele coordena a formula\u00e7\u00e3o de pol\u00edticas p\u00fablicas, o que inclui a fixa\u00e7\u00e3o de pre\u00e7os dos combust\u00edveis. Isto configura uma interven\u00e7\u00e3o esp\u00faria do Governo na administra\u00e7\u00e3o da Petrobr\u00e1s, o que contraria a Lei 13303\/2016, que \u00e9 a lei das estatais; ambos os candidatos s\u00e3o completamente alheios aos conhecimentos e aos fundamentos do setor petr\u00f3leo<\/p>\n<p style=\"text-align: justify;\">Portanto, Sr. Presidente o acionista minorit\u00e1rio Associa\u00e7\u00e3o dos Engenheiros da Petrobr\u00e1s veta os nomes desses dois candidatos e prop\u00f5e que esta AGE seja interrompida e adiada para que os dois nomes sejam substitu\u00eddos pelo Governo Federal.<\/p>\n<p style=\"text-align: justify;\"><strong>Fernando Leite Siqueira<\/strong> \u2013 Representante do Acionista Minorit\u00e1rio Associa\u00e7\u00e3o dos Engenheiros da Petrobras.<\/p>\n","protected":false},"excerpt":{"rendered":"<p>&nbsp; Na Assembleia Geral Extraodin\u00e1ria (AGE), que ocorreu na tarde desta sexta-feira (19\/08), a AEPET, na condi\u00e7\u00e3o de Acionista Minorit\u00e1rio no Conselho de Administra\u00e7\u00e3o da Petrobr\u00e1s, manifestou voto contr\u00e1rio aos nomes dos dois candidatos indicados por Bolsonaro, cujos nomes foram&#8230;<\/p>\n","protected":false},"author":1,"featured_media":38924,"comment_status":"closed","ping_status":"closed","sticky":false,"template":"","format":"standard","meta":[],"categories":[5,87,10],"tags":[],"yoast_head":"<!-- This site is optimized with the Yoast SEO plugin v19.3 - https:\/\/yoast.com\/wordpress\/plugins\/seo\/ -->\n<title>Indicados pelo Governo s\u00e3o barrados do CA da Petrobr\u00e1s<\/title>\n<meta name=\"description\" content=\"AEPET solicitou adiamento da AGE do Conselho de Administra\u00e7\u00e3o da Petrobr\u00e1s por discordar dos dois candidatos indicados por Bolsonaro que foram barrados pelo Celeg. A AGE foi realizada na tarde desta sexta-feira.\" \/>\n<meta name=\"robots\" content=\"index, follow, max-snippet:-1, max-image-preview:large, max-video-preview:-1\" \/>\n<link rel=\"canonical\" href=\"https:\/\/aepetba.org.br\/v1\/indicados-pelo-governo-sao-barrados-do-ca-da-petrobras\/\" \/>\n<meta property=\"og:locale\" content=\"pt_BR\" \/>\n<meta property=\"og:type\" content=\"article\" \/>\n<meta property=\"og:title\" content=\"Indicados pelo Governo s\u00e3o barrados do CA da Petrobr\u00e1s\" \/>\n<meta property=\"og:description\" content=\"AEPET solicitou adiamento da AGE do Conselho de Administra\u00e7\u00e3o da Petrobr\u00e1s por discordar dos dois candidatos indicados por Bolsonaro que foram barrados pelo Celeg. A AGE foi realizada na tarde desta sexta-feira.\" \/>\n<meta property=\"og:url\" content=\"https:\/\/aepetba.org.br\/v1\/indicados-pelo-governo-sao-barrados-do-ca-da-petrobras\/\" \/>\n<meta property=\"og:site_name\" content=\"AEPET N\u00daCLEO BAHIA\" \/>\n<meta property=\"article:publisher\" content=\"https:\/\/web.facebook.com\/aepetba\" \/>\n<meta property=\"article:published_time\" content=\"2022-08-19T20:46:34+00:00\" \/>\n<meta property=\"article:modified_time\" content=\"2022-08-19T21:11:03+00:00\" \/>\n<meta property=\"og:image\" content=\"https:\/\/aepetba.org.br\/v1\/wp-content\/uploads\/2022\/08\/Materia-Indicados-pelo-Governo-sao-barrados-do-CA-da-Petrobras-petroleo-bahia-Aepet-ba.jpg\" \/>\n\t<meta property=\"og:image:width\" content=\"1079\" \/>\n\t<meta property=\"og:image:height\" content=\"928\" \/>\n\t<meta property=\"og:image:type\" content=\"image\/jpeg\" \/>\n<meta name=\"author\" content=\"AEPETBA\" \/>\n<meta name=\"twitter:card\" content=\"summary_large_image\" \/>\n<meta name=\"twitter:creator\" content=\"@aepetbahia\" \/>\n<meta name=\"twitter:site\" content=\"@aepetbahia\" \/>\n<meta name=\"twitter:label1\" content=\"Escrito por\" \/>\n\t<meta name=\"twitter:data1\" content=\"AEPETBA\" \/>\n\t<meta name=\"twitter:label2\" content=\"Est. tempo de leitura\" \/>\n\t<meta name=\"twitter:data2\" content=\"2 minutos\" \/>\n<script type=\"application\/ld+json\" class=\"yoast-schema-graph\">{\"@context\":\"https:\/\/schema.org\",\"@graph\":[{\"@type\":\"Organization\",\"@id\":\"https:\/\/aepetba.org.br\/v1\/#organization\",\"name\":\"AEPET N\u00facleo Bahia\",\"url\":\"https:\/\/aepetba.org.br\/v1\/\",\"sameAs\":[\"https:\/\/www.instagram.com\/aepetbahia\/\",\"https:\/\/www.youtube.com\/c\/AEPETBAHIA\",\"https:\/\/web.facebook.com\/aepetba\",\"https:\/\/twitter.com\/aepetbahia\"],\"logo\":{\"@type\":\"ImageObject\",\"inLanguage\":\"pt-BR\",\"@id\":\"https:\/\/aepetba.org.br\/v1\/#\/schema\/logo\/image\/\",\"url\":\"https:\/\/aepetba.org.br\/v1\/wp-content\/uploads\/revslider\/home\/logo-AEPETBA.png\",\"contentUrl\":\"https:\/\/aepetba.org.br\/v1\/wp-content\/uploads\/revslider\/home\/logo-AEPETBA.png\",\"width\":297,\"height\":86,\"caption\":\"AEPET N\u00facleo Bahia\"},\"image\":{\"@id\":\"https:\/\/aepetba.org.br\/v1\/#\/schema\/logo\/image\/\"}},{\"@type\":\"WebSite\",\"@id\":\"https:\/\/aepetba.org.br\/v1\/#website\",\"url\":\"https:\/\/aepetba.org.br\/v1\/\",\"name\":\"AEPET N\u00daCLEO BAHIA\",\"description\":\"Associa\u00e7\u00e3o dos Engenheiros da Petrobr\u00e1s N\u00facleo Bahia Petr\u00f3leo Bahia Salvador Nordeste \",\"publisher\":{\"@id\":\"https:\/\/aepetba.org.br\/v1\/#organization\"},\"potentialAction\":[{\"@type\":\"SearchAction\",\"target\":{\"@type\":\"EntryPoint\",\"urlTemplate\":\"https:\/\/aepetba.org.br\/v1\/?s={search_term_string}\"},\"query-input\":\"required name=search_term_string\"}],\"inLanguage\":\"pt-BR\"},{\"@type\":\"ImageObject\",\"inLanguage\":\"pt-BR\",\"@id\":\"https:\/\/aepetba.org.br\/v1\/indicados-pelo-governo-sao-barrados-do-ca-da-petrobras\/#primaryimage\",\"url\":\"https:\/\/aepetba.org.br\/v1\/wp-content\/uploads\/2022\/08\/Materia-Indicados-pelo-Governo-sao-barrados-do-CA-da-Petrobras-petroleo-bahia-Aepet-ba.jpg\",\"contentUrl\":\"https:\/\/aepetba.org.br\/v1\/wp-content\/uploads\/2022\/08\/Materia-Indicados-pelo-Governo-sao-barrados-do-CA-da-Petrobras-petroleo-bahia-Aepet-ba.jpg\",\"width\":1079,\"height\":928},{\"@type\":\"WebPage\",\"@id\":\"https:\/\/aepetba.org.br\/v1\/indicados-pelo-governo-sao-barrados-do-ca-da-petrobras\/\",\"url\":\"https:\/\/aepetba.org.br\/v1\/indicados-pelo-governo-sao-barrados-do-ca-da-petrobras\/\",\"name\":\"Indicados pelo Governo s\u00e3o barrados do CA da Petrobr\u00e1s\",\"isPartOf\":{\"@id\":\"https:\/\/aepetba.org.br\/v1\/#website\"},\"primaryImageOfPage\":{\"@id\":\"https:\/\/aepetba.org.br\/v1\/indicados-pelo-governo-sao-barrados-do-ca-da-petrobras\/#primaryimage\"},\"datePublished\":\"2022-08-19T20:46:34+00:00\",\"dateModified\":\"2022-08-19T21:11:03+00:00\",\"description\":\"AEPET solicitou adiamento da AGE do Conselho de Administra\u00e7\u00e3o da Petrobr\u00e1s por discordar dos dois candidatos indicados por Bolsonaro que foram barrados pelo Celeg. A AGE foi realizada na tarde desta sexta-feira.\",\"breadcrumb\":{\"@id\":\"https:\/\/aepetba.org.br\/v1\/indicados-pelo-governo-sao-barrados-do-ca-da-petrobras\/#breadcrumb\"},\"inLanguage\":\"pt-BR\",\"potentialAction\":[{\"@type\":\"ReadAction\",\"target\":[\"https:\/\/aepetba.org.br\/v1\/indicados-pelo-governo-sao-barrados-do-ca-da-petrobras\/\"]}]},{\"@type\":\"BreadcrumbList\",\"@id\":\"https:\/\/aepetba.org.br\/v1\/indicados-pelo-governo-sao-barrados-do-ca-da-petrobras\/#breadcrumb\",\"itemListElement\":[{\"@type\":\"ListItem\",\"position\":1,\"name\":\"In\u00edcio\",\"item\":\"https:\/\/aepetba.org.br\/v1\/\"},{\"@type\":\"ListItem\",\"position\":2,\"name\":\"Indicados pelo Governo s\u00e3o barrados do CA da Petrobr\u00e1s\"}]},{\"@type\":\"Article\",\"@id\":\"https:\/\/aepetba.org.br\/v1\/indicados-pelo-governo-sao-barrados-do-ca-da-petrobras\/#article\",\"isPartOf\":{\"@id\":\"https:\/\/aepetba.org.br\/v1\/indicados-pelo-governo-sao-barrados-do-ca-da-petrobras\/\"},\"author\":{\"name\":\"AEPETBA\",\"@id\":\"https:\/\/aepetba.org.br\/v1\/#\/schema\/person\/3504208f89f3f50e1526867ebb573b88\"},\"headline\":\"Indicados pelo Governo s\u00e3o barrados do CA da Petrobr\u00e1s\",\"datePublished\":\"2022-08-19T20:46:34+00:00\",\"dateModified\":\"2022-08-19T21:11:03+00:00\",\"mainEntityOfPage\":{\"@id\":\"https:\/\/aepetba.org.br\/v1\/indicados-pelo-governo-sao-barrados-do-ca-da-petrobras\/\"},\"wordCount\":390,\"publisher\":{\"@id\":\"https:\/\/aepetba.org.br\/v1\/#organization\"},\"image\":{\"@id\":\"https:\/\/aepetba.org.br\/v1\/indicados-pelo-governo-sao-barrados-do-ca-da-petrobras\/#primaryimage\"},\"thumbnailUrl\":\"https:\/\/aepetba.org.br\/v1\/wp-content\/uploads\/2022\/08\/Materia-Indicados-pelo-Governo-sao-barrados-do-CA-da-Petrobras-petroleo-bahia-Aepet-ba.jpg\",\"articleSection\":[\"Coluna do Associado\",\"Destaque\",\"Not\u00edcias\"],\"inLanguage\":\"pt-BR\"},{\"@type\":\"Person\",\"@id\":\"https:\/\/aepetba.org.br\/v1\/#\/schema\/person\/3504208f89f3f50e1526867ebb573b88\",\"name\":\"AEPETBA\",\"image\":{\"@type\":\"ImageObject\",\"inLanguage\":\"pt-BR\",\"@id\":\"https:\/\/aepetba.org.br\/v1\/#\/schema\/person\/image\/\",\"url\":\"https:\/\/secure.gravatar.com\/avatar\/3e6e1bf98c38137fc6b937d21e974714?s=96&d=mm&r=g\",\"contentUrl\":\"https:\/\/secure.gravatar.com\/avatar\/3e6e1bf98c38137fc6b937d21e974714?s=96&d=mm&r=g\",\"caption\":\"AEPETBA\"},\"sameAs\":[\"http:\/\/aepetba.org.br\/v1\"],\"url\":\"https:\/\/aepetba.org.br\/v1\/author\/lubconsultoria\/\"}]}<\/script>\n<!-- \/ Yoast SEO plugin. -->","yoast_head_json":{"title":"Indicados pelo Governo s\u00e3o barrados do CA da Petrobr\u00e1s","description":"AEPET solicitou adiamento da AGE do Conselho de Administra\u00e7\u00e3o da Petrobr\u00e1s por discordar dos dois candidatos indicados por Bolsonaro que foram barrados pelo Celeg. A AGE foi realizada na tarde desta sexta-feira.","robots":{"index":"index","follow":"follow","max-snippet":"max-snippet:-1","max-image-preview":"max-image-preview:large","max-video-preview":"max-video-preview:-1"},"canonical":"https:\/\/aepetba.org.br\/v1\/indicados-pelo-governo-sao-barrados-do-ca-da-petrobras\/","og_locale":"pt_BR","og_type":"article","og_title":"Indicados pelo Governo s\u00e3o barrados do CA da Petrobr\u00e1s","og_description":"AEPET solicitou adiamento da AGE do Conselho de Administra\u00e7\u00e3o da Petrobr\u00e1s por discordar dos dois candidatos indicados por Bolsonaro que foram barrados pelo Celeg. A AGE foi realizada na tarde desta sexta-feira.","og_url":"https:\/\/aepetba.org.br\/v1\/indicados-pelo-governo-sao-barrados-do-ca-da-petrobras\/","og_site_name":"AEPET N\u00daCLEO BAHIA","article_publisher":"https:\/\/web.facebook.com\/aepetba","article_published_time":"2022-08-19T20:46:34+00:00","article_modified_time":"2022-08-19T21:11:03+00:00","og_image":[{"width":1079,"height":928,"url":"https:\/\/aepetba.org.br\/v1\/wp-content\/uploads\/2022\/08\/Materia-Indicados-pelo-Governo-sao-barrados-do-CA-da-Petrobras-petroleo-bahia-Aepet-ba.jpg","type":"image\/jpeg"}],"author":"AEPETBA","twitter_card":"summary_large_image","twitter_creator":"@aepetbahia","twitter_site":"@aepetbahia","twitter_misc":{"Escrito por":"AEPETBA","Est. tempo de leitura":"2 minutos"},"schema":{"@context":"https:\/\/schema.org","@graph":[{"@type":"Organization","@id":"https:\/\/aepetba.org.br\/v1\/#organization","name":"AEPET N\u00facleo Bahia","url":"https:\/\/aepetba.org.br\/v1\/","sameAs":["https:\/\/www.instagram.com\/aepetbahia\/","https:\/\/www.youtube.com\/c\/AEPETBAHIA","https:\/\/web.facebook.com\/aepetba","https:\/\/twitter.com\/aepetbahia"],"logo":{"@type":"ImageObject","inLanguage":"pt-BR","@id":"https:\/\/aepetba.org.br\/v1\/#\/schema\/logo\/image\/","url":"https:\/\/aepetba.org.br\/v1\/wp-content\/uploads\/revslider\/home\/logo-AEPETBA.png","contentUrl":"https:\/\/aepetba.org.br\/v1\/wp-content\/uploads\/revslider\/home\/logo-AEPETBA.png","width":297,"height":86,"caption":"AEPET N\u00facleo Bahia"},"image":{"@id":"https:\/\/aepetba.org.br\/v1\/#\/schema\/logo\/image\/"}},{"@type":"WebSite","@id":"https:\/\/aepetba.org.br\/v1\/#website","url":"https:\/\/aepetba.org.br\/v1\/","name":"AEPET N\u00daCLEO BAHIA","description":"Associa\u00e7\u00e3o dos Engenheiros da Petrobr\u00e1s N\u00facleo Bahia Petr\u00f3leo Bahia Salvador Nordeste ","publisher":{"@id":"https:\/\/aepetba.org.br\/v1\/#organization"},"potentialAction":[{"@type":"SearchAction","target":{"@type":"EntryPoint","urlTemplate":"https:\/\/aepetba.org.br\/v1\/?s={search_term_string}"},"query-input":"required name=search_term_string"}],"inLanguage":"pt-BR"},{"@type":"ImageObject","inLanguage":"pt-BR","@id":"https:\/\/aepetba.org.br\/v1\/indicados-pelo-governo-sao-barrados-do-ca-da-petrobras\/#primaryimage","url":"https:\/\/aepetba.org.br\/v1\/wp-content\/uploads\/2022\/08\/Materia-Indicados-pelo-Governo-sao-barrados-do-CA-da-Petrobras-petroleo-bahia-Aepet-ba.jpg","contentUrl":"https:\/\/aepetba.org.br\/v1\/wp-content\/uploads\/2022\/08\/Materia-Indicados-pelo-Governo-sao-barrados-do-CA-da-Petrobras-petroleo-bahia-Aepet-ba.jpg","width":1079,"height":928},{"@type":"WebPage","@id":"https:\/\/aepetba.org.br\/v1\/indicados-pelo-governo-sao-barrados-do-ca-da-petrobras\/","url":"https:\/\/aepetba.org.br\/v1\/indicados-pelo-governo-sao-barrados-do-ca-da-petrobras\/","name":"Indicados pelo Governo s\u00e3o barrados do CA da Petrobr\u00e1s","isPartOf":{"@id":"https:\/\/aepetba.org.br\/v1\/#website"},"primaryImageOfPage":{"@id":"https:\/\/aepetba.org.br\/v1\/indicados-pelo-governo-sao-barrados-do-ca-da-petrobras\/#primaryimage"},"datePublished":"2022-08-19T20:46:34+00:00","dateModified":"2022-08-19T21:11:03+00:00","description":"AEPET solicitou adiamento da AGE do Conselho de Administra\u00e7\u00e3o da Petrobr\u00e1s por discordar dos dois candidatos indicados por Bolsonaro que foram barrados pelo Celeg. A AGE foi realizada na tarde desta sexta-feira.","breadcrumb":{"@id":"https:\/\/aepetba.org.br\/v1\/indicados-pelo-governo-sao-barrados-do-ca-da-petrobras\/#breadcrumb"},"inLanguage":"pt-BR","potentialAction":[{"@type":"ReadAction","target":["https:\/\/aepetba.org.br\/v1\/indicados-pelo-governo-sao-barrados-do-ca-da-petrobras\/"]}]},{"@type":"BreadcrumbList","@id":"https:\/\/aepetba.org.br\/v1\/indicados-pelo-governo-sao-barrados-do-ca-da-petrobras\/#breadcrumb","itemListElement":[{"@type":"ListItem","position":1,"name":"In\u00edcio","item":"https:\/\/aepetba.org.br\/v1\/"},{"@type":"ListItem","position":2,"name":"Indicados pelo Governo s\u00e3o barrados do CA da Petrobr\u00e1s"}]},{"@type":"Article","@id":"https:\/\/aepetba.org.br\/v1\/indicados-pelo-governo-sao-barrados-do-ca-da-petrobras\/#article","isPartOf":{"@id":"https:\/\/aepetba.org.br\/v1\/indicados-pelo-governo-sao-barrados-do-ca-da-petrobras\/"},"author":{"name":"AEPETBA","@id":"https:\/\/aepetba.org.br\/v1\/#\/schema\/person\/3504208f89f3f50e1526867ebb573b88"},"headline":"Indicados pelo Governo s\u00e3o barrados do CA da Petrobr\u00e1s","datePublished":"2022-08-19T20:46:34+00:00","dateModified":"2022-08-19T21:11:03+00:00","mainEntityOfPage":{"@id":"https:\/\/aepetba.org.br\/v1\/indicados-pelo-governo-sao-barrados-do-ca-da-petrobras\/"},"wordCount":390,"publisher":{"@id":"https:\/\/aepetba.org.br\/v1\/#organization"},"image":{"@id":"https:\/\/aepetba.org.br\/v1\/indicados-pelo-governo-sao-barrados-do-ca-da-petrobras\/#primaryimage"},"thumbnailUrl":"https:\/\/aepetba.org.br\/v1\/wp-content\/uploads\/2022\/08\/Materia-Indicados-pelo-Governo-sao-barrados-do-CA-da-Petrobras-petroleo-bahia-Aepet-ba.jpg","articleSection":["Coluna do Associado","Destaque","Not\u00edcias"],"inLanguage":"pt-BR"},{"@type":"Person","@id":"https:\/\/aepetba.org.br\/v1\/#\/schema\/person\/3504208f89f3f50e1526867ebb573b88","name":"AEPETBA","image":{"@type":"ImageObject","inLanguage":"pt-BR","@id":"https:\/\/aepetba.org.br\/v1\/#\/schema\/person\/image\/","url":"https:\/\/secure.gravatar.com\/avatar\/3e6e1bf98c38137fc6b937d21e974714?s=96&d=mm&r=g","contentUrl":"https:\/\/secure.gravatar.com\/avatar\/3e6e1bf98c38137fc6b937d21e974714?s=96&d=mm&r=g","caption":"AEPETBA"},"sameAs":["http:\/\/aepetba.org.br\/v1"],"url":"https:\/\/aepetba.org.br\/v1\/author\/lubconsultoria\/"}]}},"_links":{"self":[{"href":"https:\/\/aepetba.org.br\/v1\/wp-json\/wp\/v2\/posts\/38923"}],"collection":[{"href":"https:\/\/aepetba.org.br\/v1\/wp-json\/wp\/v2\/posts"}],"about":[{"href":"https:\/\/aepetba.org.br\/v1\/wp-json\/wp\/v2\/types\/post"}],"author":[{"embeddable":true,"href":"https:\/\/aepetba.org.br\/v1\/wp-json\/wp\/v2\/users\/1"}],"replies":[{"embeddable":true,"href":"https:\/\/aepetba.org.br\/v1\/wp-json\/wp\/v2\/comments?post=38923"}],"version-history":[{"count":1,"href":"https:\/\/aepetba.org.br\/v1\/wp-json\/wp\/v2\/posts\/38923\/revisions"}],"predecessor-version":[{"id":38926,"href":"https:\/\/aepetba.org.br\/v1\/wp-json\/wp\/v2\/posts\/38923\/revisions\/38926"}],"wp:featuredmedia":[{"embeddable":true,"href":"https:\/\/aepetba.org.br\/v1\/wp-json\/wp\/v2\/media\/38924"}],"wp:attachment":[{"href":"https:\/\/aepetba.org.br\/v1\/wp-json\/wp\/v2\/media?parent=38923"}],"wp:term":[{"taxonomy":"category","embeddable":true,"href":"https:\/\/aepetba.org.br\/v1\/wp-json\/wp\/v2\/categories?post=38923"},{"taxonomy":"post_tag","embeddable":true,"href":"https:\/\/aepetba.org.br\/v1\/wp-json\/wp\/v2\/tags?post=38923"}],"curies":[{"name":"wp","href":"https:\/\/api.w.org\/{rel}","templated":true}]}}