{"id":38935,"date":"2022-08-23T12:15:59","date_gmt":"2022-08-23T15:15:59","guid":{"rendered":"https:\/\/aepetba.org.br\/v1\/?p=38935"},"modified":"2022-08-23T12:15:59","modified_gmt":"2022-08-23T15:15:59","slug":"procuradoria-geral-da-fazenda-faz-alerta-sobre-o-plano-de-privatizacao-da-petrobras","status":"publish","type":"post","link":"https:\/\/aepetba.org.br\/v1\/procuradoria-geral-da-fazenda-faz-alerta-sobre-o-plano-de-privatizacao-da-petrobras\/","title":{"rendered":"Procuradoria-Geral da Fazenda faz alerta sobre o plano de privatiza\u00e7\u00e3o da Petrobr\u00e1s"},"content":{"rendered":"<!--[if lt IE 9]><script>document.createElement('audio');<\/script><![endif]-->\n<audio class=\"wp-audio-shortcode\" id=\"audio-38935-1\" preload=\"none\" style=\"width: 100%;\" controls=\"controls\"><source type=\"audio\/ogg\" src=\"https:\/\/aepetba.org.br\/v1\/wp-content\/uploads\/2022\/08\/Ptrobras-na-mira-das-privatizacoes-do-gorverno.ogg?_=1\" \/><a href=\"https:\/\/aepetba.org.br\/v1\/wp-content\/uploads\/2022\/08\/Ptrobras-na-mira-das-privatizacoes-do-gorverno.ogg\">https:\/\/aepetba.org.br\/v1\/wp-content\/uploads\/2022\/08\/Ptrobras-na-mira-das-privatizacoes-do-gorverno.ogg<\/a><\/audio>\n<p style=\"text-align: justify;\"><strong>N\u00e3o \u00e9 segredo para ningu\u00e9m que o governo Bolsonaro, junto com ministro Paulo Guedes, querem privatizar a Petrobr\u00e1s.<\/strong> Isso est\u00e1 evidente nos planos de desinvestimento da companhia, nas dificuldades para negociar a ACT 2022, nas manobras jur\u00eddicas da atual gest\u00e3o, nos descasos com os trabalhadores etc.<\/p>\n<p style=\"text-align: justify;\"><a href=\"https:\/\/aepetba.org.br\/v1\/2022\/06\/01\/urgente-bolsonaro-acelera-venda-da-petrobras\/\"><strong>Al\u00e9m disso, j\u00e1 existe um plano de privatiza\u00e7\u00e3o da Petrobr\u00e1s sendo elaborado pelo governo,<\/strong><\/a> conforme anunciou o ministro de Minas e Energia, Adolfo Sachsida, como sua primeira medida ao assumir a pasta, em maio. Isso seria uma resposta dos entreguistas aos sucessivos aumentos nos combust\u00edveis, sendo que a culpa \u00e9 do PPI.<\/p>\n<p style=\"text-align: justify;\"><strong>A jornalista Idiana Tomazelli, da Folha de S. Paulo, obteve acesso ao parecer jur\u00eddico da Procuradoria-Geral da Fazenda nacional feito<\/strong> ap\u00f3s analisar a proposta de privatiza\u00e7\u00e3o da estatal. E o \u00f3rg\u00e3o ligou um <strong>sinal de alerta<\/strong> para os pr\u00f3ximos planos de Bolsonaro.<\/p>\n<p style=\"text-align: justify;\">&#8220;A assessoria jur\u00eddica do Minist\u00e9rio da Economia emitiu um duro alerta ao governo ap\u00f3s analisar a proposta de privatiza\u00e7\u00e3o da Petrobr\u00e1s e afirmou que o modelo discutido at\u00e9 agora se assemelha <strong>a uma &#8216;doa\u00e7\u00e3o&#8217;<\/strong> aos s\u00f3cios privados da empresa&#8221;<strong>, escreve a rep\u00f3rter.<\/strong><\/p>\n<p style=\"text-align: justify;\"><strong>Nada diferente das vendas j\u00e1 feitas pela Petrobr\u00e1s, com valores abaixo do mercado, a pre\u00e7o de banana, assim como foi com a RLAM \u2013 Refinaria Landulpho Alves.<\/strong><\/p>\n<p style=\"text-align: justify;\">&#8220;A PGFN (Procuradoria-Geral da Fazenda Nacional) elencou uma s\u00e9rie de riscos e frisou que o avan\u00e7o da proposta pode deixar o governo exposto a questionamentos jur\u00eddicos, inclusive por &#8216;poss\u00edvel les\u00e3o ao er\u00e1rio&#8217;, dado o desprezo a qualquer possibilidade de ganho financeiro para a Uni\u00e3o.<\/p>\n<p style=\"text-align: justify;\">Os planos para a privatiza\u00e7\u00e3o da Petrobr\u00e1s foram anunciados pelo ministro Adolfo Sachsida (Minas e Energia) no dia de sua posse, em 11 de maio, como uma resposta aos sucessivos aumentos nos combust\u00edveis praticados naquele momento pela companhia. O ministro Paulo Guedes tamb\u00e9m \u00e9 um entusiasta da opera\u00e7\u00e3o.<\/p>\n<p style=\"text-align: justify;\">O modelo que vem sendo analisado pelos t\u00e9cnicos prev\u00ea a convers\u00e3o de a\u00e7\u00f5es preferenciais da companhia (priorizadas na distribui\u00e7\u00e3o de dividendos, mas sem direito a voto) em a\u00e7\u00f5es ordin\u00e1rias (com direito a voto na assembleia de acionistas).<\/p>\n<p style=\"text-align: justify;\">Apenas essa transa\u00e7\u00e3o j\u00e1 seria suficiente para diluir a participa\u00e7\u00e3o da Uni\u00e3o na empresa. Com isso, a Petrobr\u00e1s deixaria de ser uma estatal&#8221;, <strong>explica a rep\u00f3rter. Ou seja: o governo federal renunciaria ao pr\u00eamio de ter o maior controle da companhia.<\/strong><\/p>\n<p style=\"text-align: justify;\"><strong>O projeto de lei ainda n\u00e3o foi enviado ao Congresso Nacional, mas vem sendo debatido nos bastidores dos minist\u00e9rios.<\/strong> Embora a medida tenha ficado de fora do plano de governo de Bolsonaro<strong>,<\/strong> em caso de reelei\u00e7\u00e3o, interlocutores de Guedes afirmam que o projeto <strong>&#8220;est\u00e1 mais vivo do que nunca&#8221;.<\/strong><\/p>\n<p style=\"text-align: justify;\">No parecer emitido pela PGFN, os \u00f3rg\u00e3os t\u00e9cnicos do Minist\u00e9rio da Economia n\u00e3o se opuseram no m\u00e9rito \u00e0 privatiza\u00e7\u00e3o, pois s\u00e3o comandados pelo privatista Paulo Guedes, <strong>mas questionaram o formato e alertaram para os riscos.<\/strong><\/p>\n<p style=\"text-align: justify;\"><strong>J\u00e1 a Secretaria do Tesouro Nacional,<\/strong> ressaltou que a aus\u00eancia de estudos sobre modelos alternativos pode gerar questionamentos jur\u00eddicos e por parte de \u00f3rg\u00e3os de controle, como o <strong>TCU (Tribunal de Contas da Uni\u00e3o).<\/strong><\/p>\n<p style=\"text-align: justify;\"><strong>Mais detalhes: <\/strong><a href=\"https:\/\/esportes.yahoo.com\/proposta-para-privatizar-petrobras-parece-003700971.html\"><strong>clique aqui.<\/strong><\/a><strong>\u00a0<\/strong><\/p>\n","protected":false},"excerpt":{"rendered":"<p>N\u00e3o \u00e9 segredo para ningu\u00e9m que o governo Bolsonaro, junto com ministro Paulo Guedes, querem privatizar a Petrobr\u00e1s. Isso est\u00e1 evidente nos planos de desinvestimento da companhia, nas dificuldades para negociar a ACT 2022, nas manobras jur\u00eddicas da atual gest\u00e3o,&#8230;<\/p>\n","protected":false},"author":1,"featured_media":38936,"comment_status":"closed","ping_status":"closed","sticky":false,"template":"","format":"standard","meta":[],"categories":[87,10],"tags":[],"yoast_head":"<!-- This site is optimized with the Yoast SEO plugin v19.3 - https:\/\/yoast.com\/wordpress\/plugins\/seo\/ -->\n<title>Procuradoria-Geral da Fazenda faz alerta sobre o plano de privatiza\u00e7\u00e3o da Petrobr\u00e1s<\/title>\n<meta name=\"description\" content=\"Folha de S\u00e3o Paulo teve acesso ao parecer jur\u00eddico da Procuradoria-Geral da Fazenda nacional feito depois de analisar a proposta de privatiza\u00e7\u00e3o da Petrobr\u00e1s. O \u00f3rg\u00e3o ligou um sinal de alerta para os pr\u00f3ximos planos de Bolsonaro.\" \/>\n<meta name=\"robots\" content=\"index, follow, max-snippet:-1, max-image-preview:large, max-video-preview:-1\" \/>\n<link rel=\"canonical\" href=\"https:\/\/aepetba.org.br\/v1\/procuradoria-geral-da-fazenda-faz-alerta-sobre-o-plano-de-privatizacao-da-petrobras\/\" \/>\n<meta property=\"og:locale\" content=\"pt_BR\" \/>\n<meta property=\"og:type\" content=\"article\" \/>\n<meta property=\"og:title\" content=\"Procuradoria-Geral da Fazenda faz alerta sobre o plano de privatiza\u00e7\u00e3o da Petrobr\u00e1s\" \/>\n<meta property=\"og:description\" content=\"Folha de S\u00e3o Paulo teve acesso ao parecer jur\u00eddico da Procuradoria-Geral da Fazenda nacional feito depois de analisar a proposta de privatiza\u00e7\u00e3o da Petrobr\u00e1s. O \u00f3rg\u00e3o ligou um sinal de alerta para os pr\u00f3ximos planos de Bolsonaro.\" \/>\n<meta property=\"og:url\" content=\"https:\/\/aepetba.org.br\/v1\/procuradoria-geral-da-fazenda-faz-alerta-sobre-o-plano-de-privatizacao-da-petrobras\/\" \/>\n<meta property=\"og:site_name\" content=\"AEPET N\u00daCLEO BAHIA\" \/>\n<meta property=\"article:publisher\" content=\"https:\/\/web.facebook.com\/aepetba\" \/>\n<meta property=\"article:published_time\" content=\"2022-08-23T15:15:59+00:00\" \/>\n<meta property=\"og:image\" content=\"https:\/\/aepetba.org.br\/v1\/wp-content\/uploads\/2022\/08\/Materia-Petrobras-na-mira-das-privatizacoes-do-governo-privatizar-faz-mal-ao-brasil-Aepet-ba.jpg\" \/>\n\t<meta property=\"og:image:width\" content=\"1079\" \/>\n\t<meta property=\"og:image:height\" content=\"916\" \/>\n\t<meta property=\"og:image:type\" content=\"image\/jpeg\" \/>\n<meta name=\"author\" content=\"AEPETBA\" \/>\n<meta name=\"twitter:card\" content=\"summary_large_image\" \/>\n<meta name=\"twitter:creator\" content=\"@aepetbahia\" \/>\n<meta name=\"twitter:site\" content=\"@aepetbahia\" \/>\n<meta name=\"twitter:label1\" content=\"Escrito por\" \/>\n\t<meta name=\"twitter:data1\" content=\"AEPETBA\" \/>\n\t<meta name=\"twitter:label2\" content=\"Est. tempo de leitura\" \/>\n\t<meta name=\"twitter:data2\" content=\"3 minutos\" \/>\n<script type=\"application\/ld+json\" class=\"yoast-schema-graph\">{\"@context\":\"https:\/\/schema.org\",\"@graph\":[{\"@type\":\"Organization\",\"@id\":\"https:\/\/aepetba.org.br\/v1\/#organization\",\"name\":\"AEPET N\u00facleo Bahia\",\"url\":\"https:\/\/aepetba.org.br\/v1\/\",\"sameAs\":[\"https:\/\/www.instagram.com\/aepetbahia\/\",\"https:\/\/www.youtube.com\/c\/AEPETBAHIA\",\"https:\/\/web.facebook.com\/aepetba\",\"https:\/\/twitter.com\/aepetbahia\"],\"logo\":{\"@type\":\"ImageObject\",\"inLanguage\":\"pt-BR\",\"@id\":\"https:\/\/aepetba.org.br\/v1\/#\/schema\/logo\/image\/\",\"url\":\"https:\/\/aepetba.org.br\/v1\/wp-content\/uploads\/revslider\/home\/logo-AEPETBA.png\",\"contentUrl\":\"https:\/\/aepetba.org.br\/v1\/wp-content\/uploads\/revslider\/home\/logo-AEPETBA.png\",\"width\":297,\"height\":86,\"caption\":\"AEPET N\u00facleo Bahia\"},\"image\":{\"@id\":\"https:\/\/aepetba.org.br\/v1\/#\/schema\/logo\/image\/\"}},{\"@type\":\"WebSite\",\"@id\":\"https:\/\/aepetba.org.br\/v1\/#website\",\"url\":\"https:\/\/aepetba.org.br\/v1\/\",\"name\":\"AEPET N\u00daCLEO BAHIA\",\"description\":\"Associa\u00e7\u00e3o dos Engenheiros da Petrobr\u00e1s N\u00facleo Bahia Petr\u00f3leo Bahia Salvador Nordeste \",\"publisher\":{\"@id\":\"https:\/\/aepetba.org.br\/v1\/#organization\"},\"potentialAction\":[{\"@type\":\"SearchAction\",\"target\":{\"@type\":\"EntryPoint\",\"urlTemplate\":\"https:\/\/aepetba.org.br\/v1\/?s={search_term_string}\"},\"query-input\":\"required name=search_term_string\"}],\"inLanguage\":\"pt-BR\"},{\"@type\":\"ImageObject\",\"inLanguage\":\"pt-BR\",\"@id\":\"https:\/\/aepetba.org.br\/v1\/procuradoria-geral-da-fazenda-faz-alerta-sobre-o-plano-de-privatizacao-da-petrobras\/#primaryimage\",\"url\":\"https:\/\/aepetba.org.br\/v1\/wp-content\/uploads\/2022\/08\/Materia-Petrobras-na-mira-das-privatizacoes-do-governo-privatizar-faz-mal-ao-brasil-Aepet-ba.jpg\",\"contentUrl\":\"https:\/\/aepetba.org.br\/v1\/wp-content\/uploads\/2022\/08\/Materia-Petrobras-na-mira-das-privatizacoes-do-governo-privatizar-faz-mal-ao-brasil-Aepet-ba.jpg\",\"width\":1079,\"height\":916},{\"@type\":\"WebPage\",\"@id\":\"https:\/\/aepetba.org.br\/v1\/procuradoria-geral-da-fazenda-faz-alerta-sobre-o-plano-de-privatizacao-da-petrobras\/\",\"url\":\"https:\/\/aepetba.org.br\/v1\/procuradoria-geral-da-fazenda-faz-alerta-sobre-o-plano-de-privatizacao-da-petrobras\/\",\"name\":\"Procuradoria-Geral da Fazenda faz alerta sobre o plano de privatiza\u00e7\u00e3o da Petrobr\u00e1s\",\"isPartOf\":{\"@id\":\"https:\/\/aepetba.org.br\/v1\/#website\"},\"primaryImageOfPage\":{\"@id\":\"https:\/\/aepetba.org.br\/v1\/procuradoria-geral-da-fazenda-faz-alerta-sobre-o-plano-de-privatizacao-da-petrobras\/#primaryimage\"},\"datePublished\":\"2022-08-23T15:15:59+00:00\",\"dateModified\":\"2022-08-23T15:15:59+00:00\",\"description\":\"Folha de S\u00e3o Paulo teve acesso ao parecer jur\u00eddico da Procuradoria-Geral da Fazenda nacional feito depois de analisar a proposta de privatiza\u00e7\u00e3o da Petrobr\u00e1s. O \u00f3rg\u00e3o ligou um sinal de alerta para os pr\u00f3ximos planos de Bolsonaro.\",\"breadcrumb\":{\"@id\":\"https:\/\/aepetba.org.br\/v1\/procuradoria-geral-da-fazenda-faz-alerta-sobre-o-plano-de-privatizacao-da-petrobras\/#breadcrumb\"},\"inLanguage\":\"pt-BR\",\"potentialAction\":[{\"@type\":\"ReadAction\",\"target\":[\"https:\/\/aepetba.org.br\/v1\/procuradoria-geral-da-fazenda-faz-alerta-sobre-o-plano-de-privatizacao-da-petrobras\/\"]}]},{\"@type\":\"BreadcrumbList\",\"@id\":\"https:\/\/aepetba.org.br\/v1\/procuradoria-geral-da-fazenda-faz-alerta-sobre-o-plano-de-privatizacao-da-petrobras\/#breadcrumb\",\"itemListElement\":[{\"@type\":\"ListItem\",\"position\":1,\"name\":\"In\u00edcio\",\"item\":\"https:\/\/aepetba.org.br\/v1\/\"},{\"@type\":\"ListItem\",\"position\":2,\"name\":\"Procuradoria-Geral da Fazenda faz alerta sobre o plano de privatiza\u00e7\u00e3o da Petrobr\u00e1s\"}]},{\"@type\":\"Article\",\"@id\":\"https:\/\/aepetba.org.br\/v1\/procuradoria-geral-da-fazenda-faz-alerta-sobre-o-plano-de-privatizacao-da-petrobras\/#article\",\"isPartOf\":{\"@id\":\"https:\/\/aepetba.org.br\/v1\/procuradoria-geral-da-fazenda-faz-alerta-sobre-o-plano-de-privatizacao-da-petrobras\/\"},\"author\":{\"name\":\"AEPETBA\",\"@id\":\"https:\/\/aepetba.org.br\/v1\/#\/schema\/person\/3504208f89f3f50e1526867ebb573b88\"},\"headline\":\"Procuradoria-Geral da Fazenda faz alerta sobre o plano de privatiza\u00e7\u00e3o da Petrobr\u00e1s\",\"datePublished\":\"2022-08-23T15:15:59+00:00\",\"dateModified\":\"2022-08-23T15:15:59+00:00\",\"mainEntityOfPage\":{\"@id\":\"https:\/\/aepetba.org.br\/v1\/procuradoria-geral-da-fazenda-faz-alerta-sobre-o-plano-de-privatizacao-da-petrobras\/\"},\"wordCount\":582,\"publisher\":{\"@id\":\"https:\/\/aepetba.org.br\/v1\/#organization\"},\"image\":{\"@id\":\"https:\/\/aepetba.org.br\/v1\/procuradoria-geral-da-fazenda-faz-alerta-sobre-o-plano-de-privatizacao-da-petrobras\/#primaryimage\"},\"thumbnailUrl\":\"https:\/\/aepetba.org.br\/v1\/wp-content\/uploads\/2022\/08\/Materia-Petrobras-na-mira-das-privatizacoes-do-governo-privatizar-faz-mal-ao-brasil-Aepet-ba.jpg\",\"articleSection\":[\"Destaque\",\"Not\u00edcias\"],\"inLanguage\":\"pt-BR\"},{\"@type\":\"Person\",\"@id\":\"https:\/\/aepetba.org.br\/v1\/#\/schema\/person\/3504208f89f3f50e1526867ebb573b88\",\"name\":\"AEPETBA\",\"image\":{\"@type\":\"ImageObject\",\"inLanguage\":\"pt-BR\",\"@id\":\"https:\/\/aepetba.org.br\/v1\/#\/schema\/person\/image\/\",\"url\":\"https:\/\/secure.gravatar.com\/avatar\/3e6e1bf98c38137fc6b937d21e974714?s=96&d=mm&r=g\",\"contentUrl\":\"https:\/\/secure.gravatar.com\/avatar\/3e6e1bf98c38137fc6b937d21e974714?s=96&d=mm&r=g\",\"caption\":\"AEPETBA\"},\"sameAs\":[\"http:\/\/aepetba.org.br\/v1\"],\"url\":\"https:\/\/aepetba.org.br\/v1\/author\/lubconsultoria\/\"}]}<\/script>\n<!-- \/ Yoast SEO plugin. -->","yoast_head_json":{"title":"Procuradoria-Geral da Fazenda faz alerta sobre o plano de privatiza\u00e7\u00e3o da Petrobr\u00e1s","description":"Folha de S\u00e3o Paulo teve acesso ao parecer jur\u00eddico da Procuradoria-Geral da Fazenda nacional feito depois de analisar a proposta de privatiza\u00e7\u00e3o da Petrobr\u00e1s. O \u00f3rg\u00e3o ligou um sinal de alerta para os pr\u00f3ximos planos de Bolsonaro.","robots":{"index":"index","follow":"follow","max-snippet":"max-snippet:-1","max-image-preview":"max-image-preview:large","max-video-preview":"max-video-preview:-1"},"canonical":"https:\/\/aepetba.org.br\/v1\/procuradoria-geral-da-fazenda-faz-alerta-sobre-o-plano-de-privatizacao-da-petrobras\/","og_locale":"pt_BR","og_type":"article","og_title":"Procuradoria-Geral da Fazenda faz alerta sobre o plano de privatiza\u00e7\u00e3o da Petrobr\u00e1s","og_description":"Folha de S\u00e3o Paulo teve acesso ao parecer jur\u00eddico da Procuradoria-Geral da Fazenda nacional feito depois de analisar a proposta de privatiza\u00e7\u00e3o da Petrobr\u00e1s. O \u00f3rg\u00e3o ligou um sinal de alerta para os pr\u00f3ximos planos de Bolsonaro.","og_url":"https:\/\/aepetba.org.br\/v1\/procuradoria-geral-da-fazenda-faz-alerta-sobre-o-plano-de-privatizacao-da-petrobras\/","og_site_name":"AEPET N\u00daCLEO BAHIA","article_publisher":"https:\/\/web.facebook.com\/aepetba","article_published_time":"2022-08-23T15:15:59+00:00","og_image":[{"width":1079,"height":916,"url":"https:\/\/aepetba.org.br\/v1\/wp-content\/uploads\/2022\/08\/Materia-Petrobras-na-mira-das-privatizacoes-do-governo-privatizar-faz-mal-ao-brasil-Aepet-ba.jpg","type":"image\/jpeg"}],"author":"AEPETBA","twitter_card":"summary_large_image","twitter_creator":"@aepetbahia","twitter_site":"@aepetbahia","twitter_misc":{"Escrito por":"AEPETBA","Est. tempo de leitura":"3 minutos"},"schema":{"@context":"https:\/\/schema.org","@graph":[{"@type":"Organization","@id":"https:\/\/aepetba.org.br\/v1\/#organization","name":"AEPET N\u00facleo Bahia","url":"https:\/\/aepetba.org.br\/v1\/","sameAs":["https:\/\/www.instagram.com\/aepetbahia\/","https:\/\/www.youtube.com\/c\/AEPETBAHIA","https:\/\/web.facebook.com\/aepetba","https:\/\/twitter.com\/aepetbahia"],"logo":{"@type":"ImageObject","inLanguage":"pt-BR","@id":"https:\/\/aepetba.org.br\/v1\/#\/schema\/logo\/image\/","url":"https:\/\/aepetba.org.br\/v1\/wp-content\/uploads\/revslider\/home\/logo-AEPETBA.png","contentUrl":"https:\/\/aepetba.org.br\/v1\/wp-content\/uploads\/revslider\/home\/logo-AEPETBA.png","width":297,"height":86,"caption":"AEPET N\u00facleo Bahia"},"image":{"@id":"https:\/\/aepetba.org.br\/v1\/#\/schema\/logo\/image\/"}},{"@type":"WebSite","@id":"https:\/\/aepetba.org.br\/v1\/#website","url":"https:\/\/aepetba.org.br\/v1\/","name":"AEPET N\u00daCLEO BAHIA","description":"Associa\u00e7\u00e3o dos Engenheiros da Petrobr\u00e1s N\u00facleo Bahia Petr\u00f3leo Bahia Salvador Nordeste ","publisher":{"@id":"https:\/\/aepetba.org.br\/v1\/#organization"},"potentialAction":[{"@type":"SearchAction","target":{"@type":"EntryPoint","urlTemplate":"https:\/\/aepetba.org.br\/v1\/?s={search_term_string}"},"query-input":"required name=search_term_string"}],"inLanguage":"pt-BR"},{"@type":"ImageObject","inLanguage":"pt-BR","@id":"https:\/\/aepetba.org.br\/v1\/procuradoria-geral-da-fazenda-faz-alerta-sobre-o-plano-de-privatizacao-da-petrobras\/#primaryimage","url":"https:\/\/aepetba.org.br\/v1\/wp-content\/uploads\/2022\/08\/Materia-Petrobras-na-mira-das-privatizacoes-do-governo-privatizar-faz-mal-ao-brasil-Aepet-ba.jpg","contentUrl":"https:\/\/aepetba.org.br\/v1\/wp-content\/uploads\/2022\/08\/Materia-Petrobras-na-mira-das-privatizacoes-do-governo-privatizar-faz-mal-ao-brasil-Aepet-ba.jpg","width":1079,"height":916},{"@type":"WebPage","@id":"https:\/\/aepetba.org.br\/v1\/procuradoria-geral-da-fazenda-faz-alerta-sobre-o-plano-de-privatizacao-da-petrobras\/","url":"https:\/\/aepetba.org.br\/v1\/procuradoria-geral-da-fazenda-faz-alerta-sobre-o-plano-de-privatizacao-da-petrobras\/","name":"Procuradoria-Geral da Fazenda faz alerta sobre o plano de privatiza\u00e7\u00e3o da Petrobr\u00e1s","isPartOf":{"@id":"https:\/\/aepetba.org.br\/v1\/#website"},"primaryImageOfPage":{"@id":"https:\/\/aepetba.org.br\/v1\/procuradoria-geral-da-fazenda-faz-alerta-sobre-o-plano-de-privatizacao-da-petrobras\/#primaryimage"},"datePublished":"2022-08-23T15:15:59+00:00","dateModified":"2022-08-23T15:15:59+00:00","description":"Folha de S\u00e3o Paulo teve acesso ao parecer jur\u00eddico da Procuradoria-Geral da Fazenda nacional feito depois de analisar a proposta de privatiza\u00e7\u00e3o da Petrobr\u00e1s. O \u00f3rg\u00e3o ligou um sinal de alerta para os pr\u00f3ximos planos de Bolsonaro.","breadcrumb":{"@id":"https:\/\/aepetba.org.br\/v1\/procuradoria-geral-da-fazenda-faz-alerta-sobre-o-plano-de-privatizacao-da-petrobras\/#breadcrumb"},"inLanguage":"pt-BR","potentialAction":[{"@type":"ReadAction","target":["https:\/\/aepetba.org.br\/v1\/procuradoria-geral-da-fazenda-faz-alerta-sobre-o-plano-de-privatizacao-da-petrobras\/"]}]},{"@type":"BreadcrumbList","@id":"https:\/\/aepetba.org.br\/v1\/procuradoria-geral-da-fazenda-faz-alerta-sobre-o-plano-de-privatizacao-da-petrobras\/#breadcrumb","itemListElement":[{"@type":"ListItem","position":1,"name":"In\u00edcio","item":"https:\/\/aepetba.org.br\/v1\/"},{"@type":"ListItem","position":2,"name":"Procuradoria-Geral da Fazenda faz alerta sobre o plano de privatiza\u00e7\u00e3o da Petrobr\u00e1s"}]},{"@type":"Article","@id":"https:\/\/aepetba.org.br\/v1\/procuradoria-geral-da-fazenda-faz-alerta-sobre-o-plano-de-privatizacao-da-petrobras\/#article","isPartOf":{"@id":"https:\/\/aepetba.org.br\/v1\/procuradoria-geral-da-fazenda-faz-alerta-sobre-o-plano-de-privatizacao-da-petrobras\/"},"author":{"name":"AEPETBA","@id":"https:\/\/aepetba.org.br\/v1\/#\/schema\/person\/3504208f89f3f50e1526867ebb573b88"},"headline":"Procuradoria-Geral da Fazenda faz alerta sobre o plano de privatiza\u00e7\u00e3o da Petrobr\u00e1s","datePublished":"2022-08-23T15:15:59+00:00","dateModified":"2022-08-23T15:15:59+00:00","mainEntityOfPage":{"@id":"https:\/\/aepetba.org.br\/v1\/procuradoria-geral-da-fazenda-faz-alerta-sobre-o-plano-de-privatizacao-da-petrobras\/"},"wordCount":582,"publisher":{"@id":"https:\/\/aepetba.org.br\/v1\/#organization"},"image":{"@id":"https:\/\/aepetba.org.br\/v1\/procuradoria-geral-da-fazenda-faz-alerta-sobre-o-plano-de-privatizacao-da-petrobras\/#primaryimage"},"thumbnailUrl":"https:\/\/aepetba.org.br\/v1\/wp-content\/uploads\/2022\/08\/Materia-Petrobras-na-mira-das-privatizacoes-do-governo-privatizar-faz-mal-ao-brasil-Aepet-ba.jpg","articleSection":["Destaque","Not\u00edcias"],"inLanguage":"pt-BR"},{"@type":"Person","@id":"https:\/\/aepetba.org.br\/v1\/#\/schema\/person\/3504208f89f3f50e1526867ebb573b88","name":"AEPETBA","image":{"@type":"ImageObject","inLanguage":"pt-BR","@id":"https:\/\/aepetba.org.br\/v1\/#\/schema\/person\/image\/","url":"https:\/\/secure.gravatar.com\/avatar\/3e6e1bf98c38137fc6b937d21e974714?s=96&d=mm&r=g","contentUrl":"https:\/\/secure.gravatar.com\/avatar\/3e6e1bf98c38137fc6b937d21e974714?s=96&d=mm&r=g","caption":"AEPETBA"},"sameAs":["http:\/\/aepetba.org.br\/v1"],"url":"https:\/\/aepetba.org.br\/v1\/author\/lubconsultoria\/"}]}},"_links":{"self":[{"href":"https:\/\/aepetba.org.br\/v1\/wp-json\/wp\/v2\/posts\/38935"}],"collection":[{"href":"https:\/\/aepetba.org.br\/v1\/wp-json\/wp\/v2\/posts"}],"about":[{"href":"https:\/\/aepetba.org.br\/v1\/wp-json\/wp\/v2\/types\/post"}],"author":[{"embeddable":true,"href":"https:\/\/aepetba.org.br\/v1\/wp-json\/wp\/v2\/users\/1"}],"replies":[{"embeddable":true,"href":"https:\/\/aepetba.org.br\/v1\/wp-json\/wp\/v2\/comments?post=38935"}],"version-history":[{"count":1,"href":"https:\/\/aepetba.org.br\/v1\/wp-json\/wp\/v2\/posts\/38935\/revisions"}],"predecessor-version":[{"id":38938,"href":"https:\/\/aepetba.org.br\/v1\/wp-json\/wp\/v2\/posts\/38935\/revisions\/38938"}],"wp:featuredmedia":[{"embeddable":true,"href":"https:\/\/aepetba.org.br\/v1\/wp-json\/wp\/v2\/media\/38936"}],"wp:attachment":[{"href":"https:\/\/aepetba.org.br\/v1\/wp-json\/wp\/v2\/media?parent=38935"}],"wp:term":[{"taxonomy":"category","embeddable":true,"href":"https:\/\/aepetba.org.br\/v1\/wp-json\/wp\/v2\/categories?post=38935"},{"taxonomy":"post_tag","embeddable":true,"href":"https:\/\/aepetba.org.br\/v1\/wp-json\/wp\/v2\/tags?post=38935"}],"curies":[{"name":"wp","href":"https:\/\/api.w.org\/{rel}","templated":true}]}}