{"id":38966,"date":"2022-08-31T13:45:29","date_gmt":"2022-08-31T16:45:29","guid":{"rendered":"https:\/\/aepetba.org.br\/v1\/?p=38966"},"modified":"2022-08-31T13:52:07","modified_gmt":"2022-08-31T16:52:07","slug":"abraspet-comemora-seu-26o-aniversario-de-fundacao-em-setembro","status":"publish","type":"post","link":"https:\/\/aepetba.org.br\/v1\/abraspet-comemora-seu-26o-aniversario-de-fundacao-em-setembro\/","title":{"rendered":"Abraspet comemora seu 26\u00ba anivers\u00e1rio de funda\u00e7\u00e3o em setembro"},"content":{"rendered":"<!--[if lt IE 9]><script>document.createElement('audio');<\/script><![endif]-->\n<audio class=\"wp-audio-shortcode\" id=\"audio-38966-1\" preload=\"none\" style=\"width: 100%;\" controls=\"controls\"><source type=\"audio\/ogg\" src=\"https:\/\/aepetba.org.br\/v1\/wp-content\/uploads\/2022\/08\/comemoracao-Abraspet-26-anos.ogg?_=1\" \/><a href=\"https:\/\/aepetba.org.br\/v1\/wp-content\/uploads\/2022\/08\/comemoracao-Abraspet-26-anos.ogg\">https:\/\/aepetba.org.br\/v1\/wp-content\/uploads\/2022\/08\/comemoracao-Abraspet-26-anos.ogg<\/a><\/audio>\n<p>&nbsp;<\/p>\n<p><span style=\"font-weight: 400;\">A partir desta quinta-feira, dia 1\u00ba de setembro, a Abraspet dar\u00e1 in\u00edcio a uma s\u00e9rie de atividades comemorativas do seu 26\u00ba anivers\u00e1rio. Entre elas est\u00e1 uma roda de conversa ecum\u00eanica, exposi\u00e7\u00e3o fotogr\u00e1fica na sede, entrevistas, exibi\u00e7\u00e3o de filmes no audit\u00f3rio da entidade e um caruru.\u00a0<\/span><\/p>\n<p><span style=\"font-weight: 400;\">A AEPET-BA parabeniza a entidade pela passagem de seu anivers\u00e1rio. Tanto a AEPET-BA quanto a Abraspet integram o F\u00f3rum em Defesa da Petrobr\u00e1s, AMS e Petros, que tem desenvolvido a\u00e7\u00f5es importantes de resist\u00eancia aos ataques da Petrobr\u00e1s contra os direitos dos trabalhadores, especialmente os aposentados, e de defesa da Companhia.\u00a0\u00a0<\/span><\/p>\n<p><span style=\"font-weight: 400;\">Dentre as a\u00e7\u00f5es est\u00e1 a den\u00fancia no CADE contra a Petrobr\u00e1s pela venda da Refinaria Landulpho Alves (RLAM) ao fundo dos Emirados \u00c1rabes pela metade do pre\u00e7o. Recentemente, os presidentes das duas entidades ingressaram, com a\u00e7\u00f5es populares contra a venda dos campos terrestres da Bahia: Polo Ventura e Polo Rec\u00f4ncavo.<\/span><\/p>\n<h2><b>Conhe\u00e7a a Abraspet<\/b><\/h2>\n<p><span style=\"font-weight: 400;\">A Abraspet, foi fundada em 19 de setembro de 1996 e cumpre papel de refer\u00eancia para se conhecer muitas hist\u00f3rias sobre a anistia, os anistiados e suas organiza\u00e7\u00f5es.<\/span><\/p>\n<p><span style=\"font-weight: 400;\">Criada na Bahia, atuou ativamente no movimento nacional desencadeado a partir da Lei da Anistia e da assinatura do Ato Ministerial de Reintegra\u00e7\u00e3o dos Petroleiros Anistiados aos quadros de pessoal da Petrobras. S\u00e3o registros de fatos vivenciados por quem lutou para fazer valer na pr\u00e1tica a letra da lei, muitos dos quais n\u00e3o est\u00e3o inscritos nos comp\u00eandios da hist\u00f3ria oficial, mas que aconteceram ao longo dos \u00faltimos trinta anos em que se inscreve o cap\u00edtulo da anistia, no Brasil. Na qualidade de entidade aglutinadora de anistiados pol\u00edticos, a ABRASPET pautou sua atua\u00e7\u00e3o em defesa da causa e dos direitos dos associados e seus sucessores, prosseguindo com suas atividades e visando aprimoramento da anistia pol\u00edtica.<\/span><\/p>\n<p><span style=\"font-weight: 400;\">A promulga\u00e7\u00e3o da Lei 6.683, da Anistia Pol\u00edtica, em agosto de 1979, criou a oportunidade do reencontro e da organiza\u00e7\u00e3o dos petroleiros nos estados da Bahia, Par\u00e1, Rio de Janeiro, S\u00e3o Paulo, Rio Grande do Sul, Alagoas, Minas Gerais e Sergipe.<\/span><\/p>\n<p><em><strong>Parab\u00e9ns, Abraspet!<\/strong><\/em><\/p>\n<h2><strong><a href=\"https:\/\/aepetba.org.br\/v1\/wp-content\/uploads\/2022\/08\/ROTEIRO-E-PROGRAMACAO-.pdf\" target=\"_blank\" rel=\"noopener\">ROTEIRO E PROGRAMA\u00c7\u00c3O &#8211; Clique aqui<\/a><\/strong><\/h2>\n<p><img loading=\"lazy\" class=\"alignnone wp-image-38969 size-anps-team-3\" src=\"https:\/\/aepetba.org.br\/v1\/wp-content\/uploads\/2022\/08\/roda-de-conversa-Abraspet-360x360.jpeg\" alt=\"\" width=\"360\" height=\"360\" srcset=\"https:\/\/aepetba.org.br\/v1\/wp-content\/uploads\/2022\/08\/roda-de-conversa-Abraspet-360x360.jpeg 360w, https:\/\/aepetba.org.br\/v1\/wp-content\/uploads\/2022\/08\/roda-de-conversa-Abraspet-300x300.jpeg 300w, https:\/\/aepetba.org.br\/v1\/wp-content\/uploads\/2022\/08\/roda-de-conversa-Abraspet-1024x1024.jpeg 1024w, https:\/\/aepetba.org.br\/v1\/wp-content\/uploads\/2022\/08\/roda-de-conversa-Abraspet-150x150.jpeg 150w, https:\/\/aepetba.org.br\/v1\/wp-content\/uploads\/2022\/08\/roda-de-conversa-Abraspet-768x768.jpeg 768w, https:\/\/aepetba.org.br\/v1\/wp-content\/uploads\/2022\/08\/roda-de-conversa-Abraspet.jpeg 1080w\" sizes=\"(max-width: 360px) 100vw, 360px\" \/><\/p>\n","protected":false},"excerpt":{"rendered":"<p>&nbsp; A partir desta quinta-feira, dia 1\u00ba de setembro, a Abraspet dar\u00e1 in\u00edcio a uma s\u00e9rie de atividades comemorativas do seu 26\u00ba anivers\u00e1rio. Entre elas est\u00e1 uma roda de conversa ecum\u00eanica, exposi\u00e7\u00e3o fotogr\u00e1fica na sede, entrevistas, exibi\u00e7\u00e3o de filmes no&#8230;<\/p>\n","protected":false},"author":1,"featured_media":38968,"comment_status":"closed","ping_status":"closed","sticky":false,"template":"","format":"standard","meta":[],"categories":[87,10],"tags":[],"yoast_head":"<!-- This site is optimized with the Yoast SEO plugin v19.3 - https:\/\/yoast.com\/wordpress\/plugins\/seo\/ -->\n<title>Abraspet comemora seu 26\u00ba anivers\u00e1rio de funda\u00e7\u00e3o em setembro<\/title>\n<meta name=\"description\" content=\"A partir desta quinta-feira, dia 1\u00ba de setembro, a Abraspet dar\u00e1 in\u00edcio a uma s\u00e9rie de atividades comemorativas do seu 26\u00ba anivers\u00e1rio. Entre elas est\u00e1 uma roda de conversa ecum\u00eanica, exposi\u00e7\u00e3o fotogr\u00e1fica na sede, entrevistas, exibi\u00e7\u00e3o de filmes no audit\u00f3rio da entidade.\" \/>\n<meta name=\"robots\" content=\"index, follow, max-snippet:-1, max-image-preview:large, max-video-preview:-1\" \/>\n<link rel=\"canonical\" href=\"https:\/\/aepetba.org.br\/v1\/abraspet-comemora-seu-26o-aniversario-de-fundacao-em-setembro\/\" \/>\n<meta property=\"og:locale\" content=\"pt_BR\" \/>\n<meta property=\"og:type\" content=\"article\" \/>\n<meta property=\"og:title\" content=\"Abraspet comemora seu 26\u00ba anivers\u00e1rio de funda\u00e7\u00e3o em setembro\" \/>\n<meta property=\"og:description\" content=\"A partir desta quinta-feira, dia 1\u00ba de setembro, a Abraspet dar\u00e1 in\u00edcio a uma s\u00e9rie de atividades comemorativas do seu 26\u00ba anivers\u00e1rio. Entre elas est\u00e1 uma roda de conversa ecum\u00eanica, exposi\u00e7\u00e3o fotogr\u00e1fica na sede, entrevistas, exibi\u00e7\u00e3o de filmes no audit\u00f3rio da entidade.\" \/>\n<meta property=\"og:url\" content=\"https:\/\/aepetba.org.br\/v1\/abraspet-comemora-seu-26o-aniversario-de-fundacao-em-setembro\/\" \/>\n<meta property=\"og:site_name\" content=\"AEPET N\u00daCLEO BAHIA\" \/>\n<meta property=\"article:publisher\" content=\"https:\/\/web.facebook.com\/aepetba\" \/>\n<meta property=\"article:published_time\" content=\"2022-08-31T16:45:29+00:00\" \/>\n<meta property=\"article:modified_time\" content=\"2022-08-31T16:52:07+00:00\" \/>\n<meta property=\"og:image\" content=\"https:\/\/aepetba.org.br\/v1\/wp-content\/uploads\/2022\/08\/Materia-Comemoracoes-Abraspet-petroleo-bahia-Aepet-ba.jpg\" \/>\n\t<meta property=\"og:image:width\" content=\"1079\" \/>\n\t<meta property=\"og:image:height\" content=\"944\" \/>\n\t<meta property=\"og:image:type\" content=\"image\/jpeg\" \/>\n<meta name=\"author\" content=\"AEPETBA\" \/>\n<meta name=\"twitter:card\" content=\"summary_large_image\" \/>\n<meta name=\"twitter:creator\" content=\"@aepetbahia\" \/>\n<meta name=\"twitter:site\" content=\"@aepetbahia\" \/>\n<meta name=\"twitter:label1\" content=\"Escrito por\" \/>\n\t<meta name=\"twitter:data1\" content=\"AEPETBA\" \/>\n\t<meta name=\"twitter:label2\" content=\"Est. tempo de leitura\" \/>\n\t<meta name=\"twitter:data2\" content=\"3 minutos\" \/>\n<script type=\"application\/ld+json\" class=\"yoast-schema-graph\">{\"@context\":\"https:\/\/schema.org\",\"@graph\":[{\"@type\":\"Organization\",\"@id\":\"https:\/\/aepetba.org.br\/v1\/#organization\",\"name\":\"AEPET N\u00facleo Bahia\",\"url\":\"https:\/\/aepetba.org.br\/v1\/\",\"sameAs\":[\"https:\/\/www.instagram.com\/aepetbahia\/\",\"https:\/\/www.youtube.com\/c\/AEPETBAHIA\",\"https:\/\/web.facebook.com\/aepetba\",\"https:\/\/twitter.com\/aepetbahia\"],\"logo\":{\"@type\":\"ImageObject\",\"inLanguage\":\"pt-BR\",\"@id\":\"https:\/\/aepetba.org.br\/v1\/#\/schema\/logo\/image\/\",\"url\":\"https:\/\/aepetba.org.br\/v1\/wp-content\/uploads\/revslider\/home\/logo-AEPETBA.png\",\"contentUrl\":\"https:\/\/aepetba.org.br\/v1\/wp-content\/uploads\/revslider\/home\/logo-AEPETBA.png\",\"width\":297,\"height\":86,\"caption\":\"AEPET N\u00facleo Bahia\"},\"image\":{\"@id\":\"https:\/\/aepetba.org.br\/v1\/#\/schema\/logo\/image\/\"}},{\"@type\":\"WebSite\",\"@id\":\"https:\/\/aepetba.org.br\/v1\/#website\",\"url\":\"https:\/\/aepetba.org.br\/v1\/\",\"name\":\"AEPET N\u00daCLEO BAHIA\",\"description\":\"Associa\u00e7\u00e3o dos Engenheiros da Petrobr\u00e1s N\u00facleo Bahia Petr\u00f3leo Bahia Salvador Nordeste \",\"publisher\":{\"@id\":\"https:\/\/aepetba.org.br\/v1\/#organization\"},\"potentialAction\":[{\"@type\":\"SearchAction\",\"target\":{\"@type\":\"EntryPoint\",\"urlTemplate\":\"https:\/\/aepetba.org.br\/v1\/?s={search_term_string}\"},\"query-input\":\"required name=search_term_string\"}],\"inLanguage\":\"pt-BR\"},{\"@type\":\"ImageObject\",\"inLanguage\":\"pt-BR\",\"@id\":\"https:\/\/aepetba.org.br\/v1\/abraspet-comemora-seu-26o-aniversario-de-fundacao-em-setembro\/#primaryimage\",\"url\":\"https:\/\/aepetba.org.br\/v1\/wp-content\/uploads\/2022\/08\/Materia-Comemoracoes-Abraspet-petroleo-bahia-Aepet-ba.jpg\",\"contentUrl\":\"https:\/\/aepetba.org.br\/v1\/wp-content\/uploads\/2022\/08\/Materia-Comemoracoes-Abraspet-petroleo-bahia-Aepet-ba.jpg\",\"width\":1079,\"height\":944},{\"@type\":\"WebPage\",\"@id\":\"https:\/\/aepetba.org.br\/v1\/abraspet-comemora-seu-26o-aniversario-de-fundacao-em-setembro\/\",\"url\":\"https:\/\/aepetba.org.br\/v1\/abraspet-comemora-seu-26o-aniversario-de-fundacao-em-setembro\/\",\"name\":\"Abraspet comemora seu 26\u00ba anivers\u00e1rio de funda\u00e7\u00e3o em setembro\",\"isPartOf\":{\"@id\":\"https:\/\/aepetba.org.br\/v1\/#website\"},\"primaryImageOfPage\":{\"@id\":\"https:\/\/aepetba.org.br\/v1\/abraspet-comemora-seu-26o-aniversario-de-fundacao-em-setembro\/#primaryimage\"},\"datePublished\":\"2022-08-31T16:45:29+00:00\",\"dateModified\":\"2022-08-31T16:52:07+00:00\",\"description\":\"A partir desta quinta-feira, dia 1\u00ba de setembro, a Abraspet dar\u00e1 in\u00edcio a uma s\u00e9rie de atividades comemorativas do seu 26\u00ba anivers\u00e1rio. Entre elas est\u00e1 uma roda de conversa ecum\u00eanica, exposi\u00e7\u00e3o fotogr\u00e1fica na sede, entrevistas, exibi\u00e7\u00e3o de filmes no audit\u00f3rio da entidade.\",\"breadcrumb\":{\"@id\":\"https:\/\/aepetba.org.br\/v1\/abraspet-comemora-seu-26o-aniversario-de-fundacao-em-setembro\/#breadcrumb\"},\"inLanguage\":\"pt-BR\",\"potentialAction\":[{\"@type\":\"ReadAction\",\"target\":[\"https:\/\/aepetba.org.br\/v1\/abraspet-comemora-seu-26o-aniversario-de-fundacao-em-setembro\/\"]}]},{\"@type\":\"BreadcrumbList\",\"@id\":\"https:\/\/aepetba.org.br\/v1\/abraspet-comemora-seu-26o-aniversario-de-fundacao-em-setembro\/#breadcrumb\",\"itemListElement\":[{\"@type\":\"ListItem\",\"position\":1,\"name\":\"In\u00edcio\",\"item\":\"https:\/\/aepetba.org.br\/v1\/\"},{\"@type\":\"ListItem\",\"position\":2,\"name\":\"Abraspet comemora seu 26\u00ba anivers\u00e1rio de funda\u00e7\u00e3o em setembro\"}]},{\"@type\":\"Article\",\"@id\":\"https:\/\/aepetba.org.br\/v1\/abraspet-comemora-seu-26o-aniversario-de-fundacao-em-setembro\/#article\",\"isPartOf\":{\"@id\":\"https:\/\/aepetba.org.br\/v1\/abraspet-comemora-seu-26o-aniversario-de-fundacao-em-setembro\/\"},\"author\":{\"name\":\"AEPETBA\",\"@id\":\"https:\/\/aepetba.org.br\/v1\/#\/schema\/person\/3504208f89f3f50e1526867ebb573b88\"},\"headline\":\"Abraspet comemora seu 26\u00ba anivers\u00e1rio de funda\u00e7\u00e3o em setembro\",\"datePublished\":\"2022-08-31T16:45:29+00:00\",\"dateModified\":\"2022-08-31T16:52:07+00:00\",\"mainEntityOfPage\":{\"@id\":\"https:\/\/aepetba.org.br\/v1\/abraspet-comemora-seu-26o-aniversario-de-fundacao-em-setembro\/\"},\"wordCount\":398,\"publisher\":{\"@id\":\"https:\/\/aepetba.org.br\/v1\/#organization\"},\"image\":{\"@id\":\"https:\/\/aepetba.org.br\/v1\/abraspet-comemora-seu-26o-aniversario-de-fundacao-em-setembro\/#primaryimage\"},\"thumbnailUrl\":\"https:\/\/aepetba.org.br\/v1\/wp-content\/uploads\/2022\/08\/Materia-Comemoracoes-Abraspet-petroleo-bahia-Aepet-ba.jpg\",\"articleSection\":[\"Destaque\",\"Not\u00edcias\"],\"inLanguage\":\"pt-BR\"},{\"@type\":\"Person\",\"@id\":\"https:\/\/aepetba.org.br\/v1\/#\/schema\/person\/3504208f89f3f50e1526867ebb573b88\",\"name\":\"AEPETBA\",\"image\":{\"@type\":\"ImageObject\",\"inLanguage\":\"pt-BR\",\"@id\":\"https:\/\/aepetba.org.br\/v1\/#\/schema\/person\/image\/\",\"url\":\"https:\/\/secure.gravatar.com\/avatar\/3e6e1bf98c38137fc6b937d21e974714?s=96&d=mm&r=g\",\"contentUrl\":\"https:\/\/secure.gravatar.com\/avatar\/3e6e1bf98c38137fc6b937d21e974714?s=96&d=mm&r=g\",\"caption\":\"AEPETBA\"},\"sameAs\":[\"http:\/\/aepetba.org.br\/v1\"],\"url\":\"https:\/\/aepetba.org.br\/v1\/author\/lubconsultoria\/\"}]}<\/script>\n<!-- \/ Yoast SEO plugin. -->","yoast_head_json":{"title":"Abraspet comemora seu 26\u00ba anivers\u00e1rio de funda\u00e7\u00e3o em setembro","description":"A partir desta quinta-feira, dia 1\u00ba de setembro, a Abraspet dar\u00e1 in\u00edcio a uma s\u00e9rie de atividades comemorativas do seu 26\u00ba anivers\u00e1rio. Entre elas est\u00e1 uma roda de conversa ecum\u00eanica, exposi\u00e7\u00e3o fotogr\u00e1fica na sede, entrevistas, exibi\u00e7\u00e3o de filmes no audit\u00f3rio da entidade.","robots":{"index":"index","follow":"follow","max-snippet":"max-snippet:-1","max-image-preview":"max-image-preview:large","max-video-preview":"max-video-preview:-1"},"canonical":"https:\/\/aepetba.org.br\/v1\/abraspet-comemora-seu-26o-aniversario-de-fundacao-em-setembro\/","og_locale":"pt_BR","og_type":"article","og_title":"Abraspet comemora seu 26\u00ba anivers\u00e1rio de funda\u00e7\u00e3o em setembro","og_description":"A partir desta quinta-feira, dia 1\u00ba de setembro, a Abraspet dar\u00e1 in\u00edcio a uma s\u00e9rie de atividades comemorativas do seu 26\u00ba anivers\u00e1rio. Entre elas est\u00e1 uma roda de conversa ecum\u00eanica, exposi\u00e7\u00e3o fotogr\u00e1fica na sede, entrevistas, exibi\u00e7\u00e3o de filmes no audit\u00f3rio da entidade.","og_url":"https:\/\/aepetba.org.br\/v1\/abraspet-comemora-seu-26o-aniversario-de-fundacao-em-setembro\/","og_site_name":"AEPET N\u00daCLEO BAHIA","article_publisher":"https:\/\/web.facebook.com\/aepetba","article_published_time":"2022-08-31T16:45:29+00:00","article_modified_time":"2022-08-31T16:52:07+00:00","og_image":[{"width":1079,"height":944,"url":"https:\/\/aepetba.org.br\/v1\/wp-content\/uploads\/2022\/08\/Materia-Comemoracoes-Abraspet-petroleo-bahia-Aepet-ba.jpg","type":"image\/jpeg"}],"author":"AEPETBA","twitter_card":"summary_large_image","twitter_creator":"@aepetbahia","twitter_site":"@aepetbahia","twitter_misc":{"Escrito por":"AEPETBA","Est. tempo de leitura":"3 minutos"},"schema":{"@context":"https:\/\/schema.org","@graph":[{"@type":"Organization","@id":"https:\/\/aepetba.org.br\/v1\/#organization","name":"AEPET N\u00facleo Bahia","url":"https:\/\/aepetba.org.br\/v1\/","sameAs":["https:\/\/www.instagram.com\/aepetbahia\/","https:\/\/www.youtube.com\/c\/AEPETBAHIA","https:\/\/web.facebook.com\/aepetba","https:\/\/twitter.com\/aepetbahia"],"logo":{"@type":"ImageObject","inLanguage":"pt-BR","@id":"https:\/\/aepetba.org.br\/v1\/#\/schema\/logo\/image\/","url":"https:\/\/aepetba.org.br\/v1\/wp-content\/uploads\/revslider\/home\/logo-AEPETBA.png","contentUrl":"https:\/\/aepetba.org.br\/v1\/wp-content\/uploads\/revslider\/home\/logo-AEPETBA.png","width":297,"height":86,"caption":"AEPET N\u00facleo Bahia"},"image":{"@id":"https:\/\/aepetba.org.br\/v1\/#\/schema\/logo\/image\/"}},{"@type":"WebSite","@id":"https:\/\/aepetba.org.br\/v1\/#website","url":"https:\/\/aepetba.org.br\/v1\/","name":"AEPET N\u00daCLEO BAHIA","description":"Associa\u00e7\u00e3o dos Engenheiros da Petrobr\u00e1s N\u00facleo Bahia Petr\u00f3leo Bahia Salvador Nordeste ","publisher":{"@id":"https:\/\/aepetba.org.br\/v1\/#organization"},"potentialAction":[{"@type":"SearchAction","target":{"@type":"EntryPoint","urlTemplate":"https:\/\/aepetba.org.br\/v1\/?s={search_term_string}"},"query-input":"required name=search_term_string"}],"inLanguage":"pt-BR"},{"@type":"ImageObject","inLanguage":"pt-BR","@id":"https:\/\/aepetba.org.br\/v1\/abraspet-comemora-seu-26o-aniversario-de-fundacao-em-setembro\/#primaryimage","url":"https:\/\/aepetba.org.br\/v1\/wp-content\/uploads\/2022\/08\/Materia-Comemoracoes-Abraspet-petroleo-bahia-Aepet-ba.jpg","contentUrl":"https:\/\/aepetba.org.br\/v1\/wp-content\/uploads\/2022\/08\/Materia-Comemoracoes-Abraspet-petroleo-bahia-Aepet-ba.jpg","width":1079,"height":944},{"@type":"WebPage","@id":"https:\/\/aepetba.org.br\/v1\/abraspet-comemora-seu-26o-aniversario-de-fundacao-em-setembro\/","url":"https:\/\/aepetba.org.br\/v1\/abraspet-comemora-seu-26o-aniversario-de-fundacao-em-setembro\/","name":"Abraspet comemora seu 26\u00ba anivers\u00e1rio de funda\u00e7\u00e3o em setembro","isPartOf":{"@id":"https:\/\/aepetba.org.br\/v1\/#website"},"primaryImageOfPage":{"@id":"https:\/\/aepetba.org.br\/v1\/abraspet-comemora-seu-26o-aniversario-de-fundacao-em-setembro\/#primaryimage"},"datePublished":"2022-08-31T16:45:29+00:00","dateModified":"2022-08-31T16:52:07+00:00","description":"A partir desta quinta-feira, dia 1\u00ba de setembro, a Abraspet dar\u00e1 in\u00edcio a uma s\u00e9rie de atividades comemorativas do seu 26\u00ba anivers\u00e1rio. Entre elas est\u00e1 uma roda de conversa ecum\u00eanica, exposi\u00e7\u00e3o fotogr\u00e1fica na sede, entrevistas, exibi\u00e7\u00e3o de filmes no audit\u00f3rio da entidade.","breadcrumb":{"@id":"https:\/\/aepetba.org.br\/v1\/abraspet-comemora-seu-26o-aniversario-de-fundacao-em-setembro\/#breadcrumb"},"inLanguage":"pt-BR","potentialAction":[{"@type":"ReadAction","target":["https:\/\/aepetba.org.br\/v1\/abraspet-comemora-seu-26o-aniversario-de-fundacao-em-setembro\/"]}]},{"@type":"BreadcrumbList","@id":"https:\/\/aepetba.org.br\/v1\/abraspet-comemora-seu-26o-aniversario-de-fundacao-em-setembro\/#breadcrumb","itemListElement":[{"@type":"ListItem","position":1,"name":"In\u00edcio","item":"https:\/\/aepetba.org.br\/v1\/"},{"@type":"ListItem","position":2,"name":"Abraspet comemora seu 26\u00ba anivers\u00e1rio de funda\u00e7\u00e3o em setembro"}]},{"@type":"Article","@id":"https:\/\/aepetba.org.br\/v1\/abraspet-comemora-seu-26o-aniversario-de-fundacao-em-setembro\/#article","isPartOf":{"@id":"https:\/\/aepetba.org.br\/v1\/abraspet-comemora-seu-26o-aniversario-de-fundacao-em-setembro\/"},"author":{"name":"AEPETBA","@id":"https:\/\/aepetba.org.br\/v1\/#\/schema\/person\/3504208f89f3f50e1526867ebb573b88"},"headline":"Abraspet comemora seu 26\u00ba anivers\u00e1rio de funda\u00e7\u00e3o em setembro","datePublished":"2022-08-31T16:45:29+00:00","dateModified":"2022-08-31T16:52:07+00:00","mainEntityOfPage":{"@id":"https:\/\/aepetba.org.br\/v1\/abraspet-comemora-seu-26o-aniversario-de-fundacao-em-setembro\/"},"wordCount":398,"publisher":{"@id":"https:\/\/aepetba.org.br\/v1\/#organization"},"image":{"@id":"https:\/\/aepetba.org.br\/v1\/abraspet-comemora-seu-26o-aniversario-de-fundacao-em-setembro\/#primaryimage"},"thumbnailUrl":"https:\/\/aepetba.org.br\/v1\/wp-content\/uploads\/2022\/08\/Materia-Comemoracoes-Abraspet-petroleo-bahia-Aepet-ba.jpg","articleSection":["Destaque","Not\u00edcias"],"inLanguage":"pt-BR"},{"@type":"Person","@id":"https:\/\/aepetba.org.br\/v1\/#\/schema\/person\/3504208f89f3f50e1526867ebb573b88","name":"AEPETBA","image":{"@type":"ImageObject","inLanguage":"pt-BR","@id":"https:\/\/aepetba.org.br\/v1\/#\/schema\/person\/image\/","url":"https:\/\/secure.gravatar.com\/avatar\/3e6e1bf98c38137fc6b937d21e974714?s=96&d=mm&r=g","contentUrl":"https:\/\/secure.gravatar.com\/avatar\/3e6e1bf98c38137fc6b937d21e974714?s=96&d=mm&r=g","caption":"AEPETBA"},"sameAs":["http:\/\/aepetba.org.br\/v1"],"url":"https:\/\/aepetba.org.br\/v1\/author\/lubconsultoria\/"}]}},"_links":{"self":[{"href":"https:\/\/aepetba.org.br\/v1\/wp-json\/wp\/v2\/posts\/38966"}],"collection":[{"href":"https:\/\/aepetba.org.br\/v1\/wp-json\/wp\/v2\/posts"}],"about":[{"href":"https:\/\/aepetba.org.br\/v1\/wp-json\/wp\/v2\/types\/post"}],"author":[{"embeddable":true,"href":"https:\/\/aepetba.org.br\/v1\/wp-json\/wp\/v2\/users\/1"}],"replies":[{"embeddable":true,"href":"https:\/\/aepetba.org.br\/v1\/wp-json\/wp\/v2\/comments?post=38966"}],"version-history":[{"count":2,"href":"https:\/\/aepetba.org.br\/v1\/wp-json\/wp\/v2\/posts\/38966\/revisions"}],"predecessor-version":[{"id":38972,"href":"https:\/\/aepetba.org.br\/v1\/wp-json\/wp\/v2\/posts\/38966\/revisions\/38972"}],"wp:featuredmedia":[{"embeddable":true,"href":"https:\/\/aepetba.org.br\/v1\/wp-json\/wp\/v2\/media\/38968"}],"wp:attachment":[{"href":"https:\/\/aepetba.org.br\/v1\/wp-json\/wp\/v2\/media?parent=38966"}],"wp:term":[{"taxonomy":"category","embeddable":true,"href":"https:\/\/aepetba.org.br\/v1\/wp-json\/wp\/v2\/categories?post=38966"},{"taxonomy":"post_tag","embeddable":true,"href":"https:\/\/aepetba.org.br\/v1\/wp-json\/wp\/v2\/tags?post=38966"}],"curies":[{"name":"wp","href":"https:\/\/api.w.org\/{rel}","templated":true}]}}