{"id":38973,"date":"2022-09-01T07:00:24","date_gmt":"2022-09-01T10:00:24","guid":{"rendered":"https:\/\/aepetba.org.br\/v1\/?p=38973"},"modified":"2022-09-01T10:02:18","modified_gmt":"2022-09-01T13:02:18","slug":"setembro-amarelo-estimula-a-valorizacao-da-vida","status":"publish","type":"post","link":"https:\/\/aepetba.org.br\/v1\/setembro-amarelo-estimula-a-valorizacao-da-vida\/","title":{"rendered":"Setembro Amarelo estimula a valoriza\u00e7\u00e3o da vida"},"content":{"rendered":"<!--[if lt IE 9]><script>document.createElement('audio');<\/script><![endif]-->\n<audio class=\"wp-audio-shortcode\" id=\"audio-38973-1\" preload=\"none\" style=\"width: 100%;\" controls=\"controls\"><source type=\"audio\/ogg\" src=\"https:\/\/aepetba.org.br\/v1\/wp-content\/uploads\/2022\/08\/setembro-amarelo-2022.ogg?_=1\" \/><a href=\"https:\/\/aepetba.org.br\/v1\/wp-content\/uploads\/2022\/08\/setembro-amarelo-2022.ogg\">https:\/\/aepetba.org.br\/v1\/wp-content\/uploads\/2022\/08\/setembro-amarelo-2022.ogg<\/a><\/audio>\n<p>&nbsp;<\/p>\n<p><span style=\"font-weight: 400;\">A<\/span><b> campanha de preven\u00e7\u00e3o ao suic\u00eddio, conhecido como Setembro Amarelo,<\/b> <span style=\"font-weight: 400;\">tem como objetivo a valoriza\u00e7\u00e3o da vida. A campanha come\u00e7ou em 2003, por iniciativa da <\/span><b>Organiza\u00e7\u00e3o Mundial de Sa\u00fade (OMS).<\/b><\/p>\n<p><span style=\"font-weight: 400;\">Desde ent\u00e3o, <\/span><b>o dia 10 \u00e9 oficialmente o Dia da Preven\u00e7\u00e3o ao Suic\u00eddio.<\/b> <span style=\"font-weight: 400;\">A OMS observou a necessidade de desenvolver uma estrat\u00e9gia que abordasse o tema sem o tabu envolvido, fomentando a informa\u00e7\u00e3o e a conscientiza\u00e7\u00e3o dos problemas de sa\u00fade mental.\u00a0<\/span><\/p>\n<p><b>No Brasil,<\/b> <span style=\"font-weight: 400;\">o movimento foi criado em 2015 pelo <\/span><b>CVV &#8211; Centro de Valoriza\u00e7\u00e3o da Vida; CFM &#8211; Conselho Federal de Medicina; e ABP &#8211; Associa\u00e7\u00e3o Brasileira de Psiquiatria.<\/b> <b>Atualmente, o Setembro Amarelo \u00e9 a maior campanha anti estigma do mundo. Neste ano, o lema \u00e9 \u201cA vida \u00e9 a melhor escolha!\u201d.<\/b><\/p>\n<p><span style=\"font-weight: 400;\">De acordo com a \u00faltima pesquisa realizada pela OMS, em 2019, <\/span><b>foram registrados mais de 700 mil suic\u00eddios em todo o mundo. Isso, sem contar com os casos subnotificados,<\/b> <span style=\"font-weight: 400;\">em torno de mais de 1 milh\u00e3o de casos. <\/span><b>No Brasil, os registros se aproximam de 14 mil casos por ano, <\/b><span style=\"font-weight: 400;\">ou seja, em m\u00e9dia 38 pessoas cometem suic\u00eddio por dia ou <\/span><b>uma morte a cada 45 minutos, de acordo com o CVV.<\/b><\/p>\n<p><span style=\"font-weight: 400;\">As situa\u00e7\u00f5es de suic\u00eddio podem ser desencadeadas por v\u00e1rios fatores, como: <\/span><b>medidas opressivas e t\u00f3xicas nas rela\u00e7\u00f5es de trabalho, desemprego crescente, problemas familiares, entre outras in\u00fameras causas associadas \u00e0 depress\u00e3o.<\/b><\/p>\n<p><span style=\"font-weight: 400;\">Sabe-se que praticamente 100% de todos os casos de suic\u00eddio <\/span><b>estavam relacionados \u00e0s doen\u00e7as mentais,<\/b><span style=\"font-weight: 400;\"> n\u00e3o diagnosticadas ou tratadas incorretamente. Ou seja, <\/span><b>a maioria dos casos poderiam ter sido evitados,<\/b> <span style=\"font-weight: 400;\">caso os pacientes tivessem acesso ao tratamento psiqui\u00e1trico e informa\u00e7\u00f5es de qualidade.\u00a0<\/span><\/p>\n<h2><b>A import\u00e2ncia da campanha<\/b><\/h2>\n<p><b>Segundo dados da OMS,<\/b> <span style=\"font-weight: 400;\">todos os anos, mais pessoas morrem como resultado de suic\u00eddio do que doen\u00e7as como <\/span><b>HIV, mal\u00e1ria ou c\u00e2ncer de mama &#8211; ou guerras e homic\u00eddios.<\/b><span style=\"font-weight: 400;\"> No Continente Americano, <\/span><b>as taxas aumentaram 17% entre 2000 e 2019.<\/b><\/p>\n<p><b>No Brasil,<\/b> <span style=\"font-weight: 400;\">12,6% por cada 100 mil homens em compara\u00e7\u00e3o com 5,4% por cada 100 mil mulheres, morrem devido ao suic\u00eddio. <\/span><b>As taxas entre os homens s\u00e3o geralmente mais altas em pa\u00edses de alta renda<\/b> <span style=\"font-weight: 400;\">(16,6% por 100 mil). <\/span><b>Para as mulheres,<\/b><span style=\"font-weight: 400;\"> as taxas de suic\u00eddio mais altas s\u00e3o encontradas em pa\u00edses de baixa-m\u00e9dia renda (7,1% por 100 mil). A pandemia da Covid-19 agravou os problemas de sa\u00fade mental das pessoas, especialmente entre os jovens.\u00a0<\/span><\/p>\n<h2><b>Como isso afeta a categoria petroleira?<\/b><\/h2>\n<p><b>O ambiente de trabalho costuma ser o local em que a maioria dos brasileiros passa a maior parte do seu dia.<\/b> <span style=\"font-weight: 400;\">Da\u00ed a necessidade de um ambiente saud\u00e1vel e comprometido com o bem-estar de seus empregados.\u00a0<\/span><\/p>\n<p><b>Mas as gest\u00f5es da Petrobr\u00e1s, nos \u00faltimos anos, t\u00eam provocado o adoecimento dos petroleiros, agravando o quadro de sa\u00fade mental. <\/b><span style=\"font-weight: 400;\">S\u00e3o situa\u00e7\u00f5es de chantagens, amea\u00e7as, condi\u00e7\u00f5es insalubres de trabalho, ass\u00e9dios e desrespeitos dos direitos dos trabalhadores. Al\u00e9m dos descontos abusivos e irregulares do plano de sa\u00fade AMS.\u00a0<\/span><\/p>\n<p><b>O adoecimento mental entre os trabalhadores pode ocorrer por in\u00fameros motivos, tais como:<\/b> <span style=\"font-weight: 400;\">clima organizacional problem\u00e1tico, sobrecarga de trabalho, condi\u00e7\u00f5es insalubres e exposi\u00e7\u00e3o aos riscos ocupacionais (f\u00edsicos, qu\u00edmicos e biol\u00f3gicos), inseguran\u00e7a de ficar fora do mercado de trabalho, transfer\u00eancias, dentre outros.<\/span><\/p>\n<p><span style=\"font-weight: 400;\">Em 2021, <\/span><b>a Refinaria Landulpho Alves (RLAM), na Bahia, foi atuada pela morte causada por suic\u00eddio, de um trabalhador ocorrido ainda no ano de 2020 <\/b><span style=\"font-weight: 400;\">\u2013 ainda sob a propriedade da Petrobr\u00e1s, nas depend\u00eancias da Unidade de Desoleifica\u00e7\u00e3o a Propano (atual U-13).<\/span><\/p>\n<p><span style=\"font-weight: 400;\">Os relat\u00f3rios divulgados pelos \u00f3rg\u00e3os sobre a morte do trabalhador atestam que a morte foi causada pelo <\/span><b>ambiente de inseguran\u00e7a, tens\u00e3o e mal-estar coletivo criado pelo processo de venda da unidade,<\/b><span style=\"font-weight: 400;\"> al\u00e9m de outras irregularidades. No total, a RLAM recebeu seis autos de infra\u00e7\u00e3o.<\/span><\/p>\n<p><b>Saiba mais:<\/b><a href=\"https:\/\/aepetba.org.br\/v1\/2021\/07\/07\/morte-na-rlam-suicidio-de-petroleiro-foi-motivado-pelas-condicoes-de-trabalho-conclui-investigacao\/\"> <b>Morte na rlam suicidio de petroleiro foi motivado pelas condi\u00e7\u00f5es de trabalho conclui investiga\u00e7\u00e3o<\/b><\/a><\/p>\n<p><span style=\"background-color: #ffcc00;\"><b>Conhe\u00e7a a campanha:<\/b><a style=\"background-color: #ffcc00;\" href=\"https:\/\/www.setembroamarelo.org.br\/\"> <b>https:\/\/www.setembroamarelo.org.br\/<\/b><\/a><\/span><\/p>\n<p><i><span style=\"font-weight: 400;\">(Com informa\u00e7\u00f5es da CVV \u2013 Setembro Amarelo e OMS)<\/span><\/i><\/p>\n","protected":false},"excerpt":{"rendered":"<p>&nbsp; A campanha de preven\u00e7\u00e3o ao suic\u00eddio, conhecido como Setembro Amarelo, tem como objetivo a valoriza\u00e7\u00e3o da vida. A campanha come\u00e7ou em 2003, por iniciativa da Organiza\u00e7\u00e3o Mundial de Sa\u00fade (OMS). Desde ent\u00e3o, o dia 10 \u00e9 oficialmente o Dia&#8230;<\/p>\n","protected":false},"author":1,"featured_media":38976,"comment_status":"closed","ping_status":"closed","sticky":false,"template":"","format":"standard","meta":[],"categories":[87,10],"tags":[],"yoast_head":"<!-- This site is optimized with the Yoast SEO plugin v19.3 - https:\/\/yoast.com\/wordpress\/plugins\/seo\/ -->\n<title>Setembro Amarelo estimula a valoriza\u00e7\u00e3o da vida<\/title>\n<meta name=\"description\" content=\"Setembro Amarelo: a vida \u00e9 a melhor escolha. \u00c9 importante ajudar e acolher quem enfrenta momentos dif\u00edceis e de crise.\" \/>\n<meta name=\"robots\" content=\"index, follow, max-snippet:-1, max-image-preview:large, max-video-preview:-1\" \/>\n<link rel=\"canonical\" href=\"https:\/\/aepetba.org.br\/v1\/setembro-amarelo-estimula-a-valorizacao-da-vida\/\" \/>\n<meta property=\"og:locale\" content=\"pt_BR\" \/>\n<meta property=\"og:type\" content=\"article\" \/>\n<meta property=\"og:title\" content=\"Setembro Amarelo estimula a valoriza\u00e7\u00e3o da vida\" \/>\n<meta property=\"og:description\" content=\"Setembro Amarelo: a vida \u00e9 a melhor escolha. \u00c9 importante ajudar e acolher quem enfrenta momentos dif\u00edceis e de crise.\" \/>\n<meta property=\"og:url\" content=\"https:\/\/aepetba.org.br\/v1\/setembro-amarelo-estimula-a-valorizacao-da-vida\/\" \/>\n<meta property=\"og:site_name\" content=\"AEPET N\u00daCLEO BAHIA\" \/>\n<meta property=\"article:publisher\" content=\"https:\/\/web.facebook.com\/aepetba\" \/>\n<meta property=\"article:published_time\" content=\"2022-09-01T10:00:24+00:00\" \/>\n<meta property=\"article:modified_time\" content=\"2022-09-01T13:02:18+00:00\" \/>\n<meta property=\"og:image\" content=\"https:\/\/aepetba.org.br\/v1\/wp-content\/uploads\/2022\/08\/Materia-Setembro-Amarelo-Valorize-a-vida-petroleiros-bahia-Aepet-ba.jpg\" \/>\n\t<meta property=\"og:image:width\" content=\"1080\" \/>\n\t<meta property=\"og:image:height\" content=\"965\" \/>\n\t<meta property=\"og:image:type\" content=\"image\/jpeg\" \/>\n<meta name=\"author\" content=\"AEPETBA\" \/>\n<meta name=\"twitter:card\" content=\"summary_large_image\" \/>\n<meta name=\"twitter:creator\" content=\"@aepetbahia\" \/>\n<meta name=\"twitter:site\" content=\"@aepetbahia\" \/>\n<meta name=\"twitter:label1\" content=\"Escrito por\" \/>\n\t<meta name=\"twitter:data1\" content=\"AEPETBA\" \/>\n\t<meta name=\"twitter:label2\" content=\"Est. tempo de leitura\" \/>\n\t<meta name=\"twitter:data2\" content=\"4 minutos\" \/>\n<script type=\"application\/ld+json\" class=\"yoast-schema-graph\">{\"@context\":\"https:\/\/schema.org\",\"@graph\":[{\"@type\":\"Organization\",\"@id\":\"https:\/\/aepetba.org.br\/v1\/#organization\",\"name\":\"AEPET N\u00facleo Bahia\",\"url\":\"https:\/\/aepetba.org.br\/v1\/\",\"sameAs\":[\"https:\/\/www.instagram.com\/aepetbahia\/\",\"https:\/\/www.youtube.com\/c\/AEPETBAHIA\",\"https:\/\/web.facebook.com\/aepetba\",\"https:\/\/twitter.com\/aepetbahia\"],\"logo\":{\"@type\":\"ImageObject\",\"inLanguage\":\"pt-BR\",\"@id\":\"https:\/\/aepetba.org.br\/v1\/#\/schema\/logo\/image\/\",\"url\":\"https:\/\/aepetba.org.br\/v1\/wp-content\/uploads\/revslider\/home\/logo-AEPETBA.png\",\"contentUrl\":\"https:\/\/aepetba.org.br\/v1\/wp-content\/uploads\/revslider\/home\/logo-AEPETBA.png\",\"width\":297,\"height\":86,\"caption\":\"AEPET N\u00facleo Bahia\"},\"image\":{\"@id\":\"https:\/\/aepetba.org.br\/v1\/#\/schema\/logo\/image\/\"}},{\"@type\":\"WebSite\",\"@id\":\"https:\/\/aepetba.org.br\/v1\/#website\",\"url\":\"https:\/\/aepetba.org.br\/v1\/\",\"name\":\"AEPET N\u00daCLEO BAHIA\",\"description\":\"Associa\u00e7\u00e3o dos Engenheiros da Petrobr\u00e1s N\u00facleo Bahia Petr\u00f3leo Bahia Salvador Nordeste \",\"publisher\":{\"@id\":\"https:\/\/aepetba.org.br\/v1\/#organization\"},\"potentialAction\":[{\"@type\":\"SearchAction\",\"target\":{\"@type\":\"EntryPoint\",\"urlTemplate\":\"https:\/\/aepetba.org.br\/v1\/?s={search_term_string}\"},\"query-input\":\"required name=search_term_string\"}],\"inLanguage\":\"pt-BR\"},{\"@type\":\"ImageObject\",\"inLanguage\":\"pt-BR\",\"@id\":\"https:\/\/aepetba.org.br\/v1\/setembro-amarelo-estimula-a-valorizacao-da-vida\/#primaryimage\",\"url\":\"https:\/\/aepetba.org.br\/v1\/wp-content\/uploads\/2022\/08\/Materia-Setembro-Amarelo-Valorize-a-vida-petroleiros-bahia-Aepet-ba.jpg\",\"contentUrl\":\"https:\/\/aepetba.org.br\/v1\/wp-content\/uploads\/2022\/08\/Materia-Setembro-Amarelo-Valorize-a-vida-petroleiros-bahia-Aepet-ba.jpg\",\"width\":1080,\"height\":965},{\"@type\":\"WebPage\",\"@id\":\"https:\/\/aepetba.org.br\/v1\/setembro-amarelo-estimula-a-valorizacao-da-vida\/\",\"url\":\"https:\/\/aepetba.org.br\/v1\/setembro-amarelo-estimula-a-valorizacao-da-vida\/\",\"name\":\"Setembro Amarelo estimula a valoriza\u00e7\u00e3o da vida\",\"isPartOf\":{\"@id\":\"https:\/\/aepetba.org.br\/v1\/#website\"},\"primaryImageOfPage\":{\"@id\":\"https:\/\/aepetba.org.br\/v1\/setembro-amarelo-estimula-a-valorizacao-da-vida\/#primaryimage\"},\"datePublished\":\"2022-09-01T10:00:24+00:00\",\"dateModified\":\"2022-09-01T13:02:18+00:00\",\"description\":\"Setembro Amarelo: a vida \u00e9 a melhor escolha. \u00c9 importante ajudar e acolher quem enfrenta momentos dif\u00edceis e de crise.\",\"breadcrumb\":{\"@id\":\"https:\/\/aepetba.org.br\/v1\/setembro-amarelo-estimula-a-valorizacao-da-vida\/#breadcrumb\"},\"inLanguage\":\"pt-BR\",\"potentialAction\":[{\"@type\":\"ReadAction\",\"target\":[\"https:\/\/aepetba.org.br\/v1\/setembro-amarelo-estimula-a-valorizacao-da-vida\/\"]}]},{\"@type\":\"BreadcrumbList\",\"@id\":\"https:\/\/aepetba.org.br\/v1\/setembro-amarelo-estimula-a-valorizacao-da-vida\/#breadcrumb\",\"itemListElement\":[{\"@type\":\"ListItem\",\"position\":1,\"name\":\"In\u00edcio\",\"item\":\"https:\/\/aepetba.org.br\/v1\/\"},{\"@type\":\"ListItem\",\"position\":2,\"name\":\"Setembro Amarelo estimula a valoriza\u00e7\u00e3o da vida\"}]},{\"@type\":\"Article\",\"@id\":\"https:\/\/aepetba.org.br\/v1\/setembro-amarelo-estimula-a-valorizacao-da-vida\/#article\",\"isPartOf\":{\"@id\":\"https:\/\/aepetba.org.br\/v1\/setembro-amarelo-estimula-a-valorizacao-da-vida\/\"},\"author\":{\"name\":\"AEPETBA\",\"@id\":\"https:\/\/aepetba.org.br\/v1\/#\/schema\/person\/3504208f89f3f50e1526867ebb573b88\"},\"headline\":\"Setembro Amarelo estimula a valoriza\u00e7\u00e3o da vida\",\"datePublished\":\"2022-09-01T10:00:24+00:00\",\"dateModified\":\"2022-09-01T13:02:18+00:00\",\"mainEntityOfPage\":{\"@id\":\"https:\/\/aepetba.org.br\/v1\/setembro-amarelo-estimula-a-valorizacao-da-vida\/\"},\"wordCount\":707,\"publisher\":{\"@id\":\"https:\/\/aepetba.org.br\/v1\/#organization\"},\"image\":{\"@id\":\"https:\/\/aepetba.org.br\/v1\/setembro-amarelo-estimula-a-valorizacao-da-vida\/#primaryimage\"},\"thumbnailUrl\":\"https:\/\/aepetba.org.br\/v1\/wp-content\/uploads\/2022\/08\/Materia-Setembro-Amarelo-Valorize-a-vida-petroleiros-bahia-Aepet-ba.jpg\",\"articleSection\":[\"Destaque\",\"Not\u00edcias\"],\"inLanguage\":\"pt-BR\"},{\"@type\":\"Person\",\"@id\":\"https:\/\/aepetba.org.br\/v1\/#\/schema\/person\/3504208f89f3f50e1526867ebb573b88\",\"name\":\"AEPETBA\",\"image\":{\"@type\":\"ImageObject\",\"inLanguage\":\"pt-BR\",\"@id\":\"https:\/\/aepetba.org.br\/v1\/#\/schema\/person\/image\/\",\"url\":\"https:\/\/secure.gravatar.com\/avatar\/3e6e1bf98c38137fc6b937d21e974714?s=96&d=mm&r=g\",\"contentUrl\":\"https:\/\/secure.gravatar.com\/avatar\/3e6e1bf98c38137fc6b937d21e974714?s=96&d=mm&r=g\",\"caption\":\"AEPETBA\"},\"sameAs\":[\"http:\/\/aepetba.org.br\/v1\"],\"url\":\"https:\/\/aepetba.org.br\/v1\/author\/lubconsultoria\/\"}]}<\/script>\n<!-- \/ Yoast SEO plugin. -->","yoast_head_json":{"title":"Setembro Amarelo estimula a valoriza\u00e7\u00e3o da vida","description":"Setembro Amarelo: a vida \u00e9 a melhor escolha. \u00c9 importante ajudar e acolher quem enfrenta momentos dif\u00edceis e de crise.","robots":{"index":"index","follow":"follow","max-snippet":"max-snippet:-1","max-image-preview":"max-image-preview:large","max-video-preview":"max-video-preview:-1"},"canonical":"https:\/\/aepetba.org.br\/v1\/setembro-amarelo-estimula-a-valorizacao-da-vida\/","og_locale":"pt_BR","og_type":"article","og_title":"Setembro Amarelo estimula a valoriza\u00e7\u00e3o da vida","og_description":"Setembro Amarelo: a vida \u00e9 a melhor escolha. \u00c9 importante ajudar e acolher quem enfrenta momentos dif\u00edceis e de crise.","og_url":"https:\/\/aepetba.org.br\/v1\/setembro-amarelo-estimula-a-valorizacao-da-vida\/","og_site_name":"AEPET N\u00daCLEO BAHIA","article_publisher":"https:\/\/web.facebook.com\/aepetba","article_published_time":"2022-09-01T10:00:24+00:00","article_modified_time":"2022-09-01T13:02:18+00:00","og_image":[{"width":1080,"height":965,"url":"https:\/\/aepetba.org.br\/v1\/wp-content\/uploads\/2022\/08\/Materia-Setembro-Amarelo-Valorize-a-vida-petroleiros-bahia-Aepet-ba.jpg","type":"image\/jpeg"}],"author":"AEPETBA","twitter_card":"summary_large_image","twitter_creator":"@aepetbahia","twitter_site":"@aepetbahia","twitter_misc":{"Escrito por":"AEPETBA","Est. tempo de leitura":"4 minutos"},"schema":{"@context":"https:\/\/schema.org","@graph":[{"@type":"Organization","@id":"https:\/\/aepetba.org.br\/v1\/#organization","name":"AEPET N\u00facleo Bahia","url":"https:\/\/aepetba.org.br\/v1\/","sameAs":["https:\/\/www.instagram.com\/aepetbahia\/","https:\/\/www.youtube.com\/c\/AEPETBAHIA","https:\/\/web.facebook.com\/aepetba","https:\/\/twitter.com\/aepetbahia"],"logo":{"@type":"ImageObject","inLanguage":"pt-BR","@id":"https:\/\/aepetba.org.br\/v1\/#\/schema\/logo\/image\/","url":"https:\/\/aepetba.org.br\/v1\/wp-content\/uploads\/revslider\/home\/logo-AEPETBA.png","contentUrl":"https:\/\/aepetba.org.br\/v1\/wp-content\/uploads\/revslider\/home\/logo-AEPETBA.png","width":297,"height":86,"caption":"AEPET N\u00facleo Bahia"},"image":{"@id":"https:\/\/aepetba.org.br\/v1\/#\/schema\/logo\/image\/"}},{"@type":"WebSite","@id":"https:\/\/aepetba.org.br\/v1\/#website","url":"https:\/\/aepetba.org.br\/v1\/","name":"AEPET N\u00daCLEO BAHIA","description":"Associa\u00e7\u00e3o dos Engenheiros da Petrobr\u00e1s N\u00facleo Bahia Petr\u00f3leo Bahia Salvador Nordeste ","publisher":{"@id":"https:\/\/aepetba.org.br\/v1\/#organization"},"potentialAction":[{"@type":"SearchAction","target":{"@type":"EntryPoint","urlTemplate":"https:\/\/aepetba.org.br\/v1\/?s={search_term_string}"},"query-input":"required name=search_term_string"}],"inLanguage":"pt-BR"},{"@type":"ImageObject","inLanguage":"pt-BR","@id":"https:\/\/aepetba.org.br\/v1\/setembro-amarelo-estimula-a-valorizacao-da-vida\/#primaryimage","url":"https:\/\/aepetba.org.br\/v1\/wp-content\/uploads\/2022\/08\/Materia-Setembro-Amarelo-Valorize-a-vida-petroleiros-bahia-Aepet-ba.jpg","contentUrl":"https:\/\/aepetba.org.br\/v1\/wp-content\/uploads\/2022\/08\/Materia-Setembro-Amarelo-Valorize-a-vida-petroleiros-bahia-Aepet-ba.jpg","width":1080,"height":965},{"@type":"WebPage","@id":"https:\/\/aepetba.org.br\/v1\/setembro-amarelo-estimula-a-valorizacao-da-vida\/","url":"https:\/\/aepetba.org.br\/v1\/setembro-amarelo-estimula-a-valorizacao-da-vida\/","name":"Setembro Amarelo estimula a valoriza\u00e7\u00e3o da vida","isPartOf":{"@id":"https:\/\/aepetba.org.br\/v1\/#website"},"primaryImageOfPage":{"@id":"https:\/\/aepetba.org.br\/v1\/setembro-amarelo-estimula-a-valorizacao-da-vida\/#primaryimage"},"datePublished":"2022-09-01T10:00:24+00:00","dateModified":"2022-09-01T13:02:18+00:00","description":"Setembro Amarelo: a vida \u00e9 a melhor escolha. \u00c9 importante ajudar e acolher quem enfrenta momentos dif\u00edceis e de crise.","breadcrumb":{"@id":"https:\/\/aepetba.org.br\/v1\/setembro-amarelo-estimula-a-valorizacao-da-vida\/#breadcrumb"},"inLanguage":"pt-BR","potentialAction":[{"@type":"ReadAction","target":["https:\/\/aepetba.org.br\/v1\/setembro-amarelo-estimula-a-valorizacao-da-vida\/"]}]},{"@type":"BreadcrumbList","@id":"https:\/\/aepetba.org.br\/v1\/setembro-amarelo-estimula-a-valorizacao-da-vida\/#breadcrumb","itemListElement":[{"@type":"ListItem","position":1,"name":"In\u00edcio","item":"https:\/\/aepetba.org.br\/v1\/"},{"@type":"ListItem","position":2,"name":"Setembro Amarelo estimula a valoriza\u00e7\u00e3o da vida"}]},{"@type":"Article","@id":"https:\/\/aepetba.org.br\/v1\/setembro-amarelo-estimula-a-valorizacao-da-vida\/#article","isPartOf":{"@id":"https:\/\/aepetba.org.br\/v1\/setembro-amarelo-estimula-a-valorizacao-da-vida\/"},"author":{"name":"AEPETBA","@id":"https:\/\/aepetba.org.br\/v1\/#\/schema\/person\/3504208f89f3f50e1526867ebb573b88"},"headline":"Setembro Amarelo estimula a valoriza\u00e7\u00e3o da vida","datePublished":"2022-09-01T10:00:24+00:00","dateModified":"2022-09-01T13:02:18+00:00","mainEntityOfPage":{"@id":"https:\/\/aepetba.org.br\/v1\/setembro-amarelo-estimula-a-valorizacao-da-vida\/"},"wordCount":707,"publisher":{"@id":"https:\/\/aepetba.org.br\/v1\/#organization"},"image":{"@id":"https:\/\/aepetba.org.br\/v1\/setembro-amarelo-estimula-a-valorizacao-da-vida\/#primaryimage"},"thumbnailUrl":"https:\/\/aepetba.org.br\/v1\/wp-content\/uploads\/2022\/08\/Materia-Setembro-Amarelo-Valorize-a-vida-petroleiros-bahia-Aepet-ba.jpg","articleSection":["Destaque","Not\u00edcias"],"inLanguage":"pt-BR"},{"@type":"Person","@id":"https:\/\/aepetba.org.br\/v1\/#\/schema\/person\/3504208f89f3f50e1526867ebb573b88","name":"AEPETBA","image":{"@type":"ImageObject","inLanguage":"pt-BR","@id":"https:\/\/aepetba.org.br\/v1\/#\/schema\/person\/image\/","url":"https:\/\/secure.gravatar.com\/avatar\/3e6e1bf98c38137fc6b937d21e974714?s=96&d=mm&r=g","contentUrl":"https:\/\/secure.gravatar.com\/avatar\/3e6e1bf98c38137fc6b937d21e974714?s=96&d=mm&r=g","caption":"AEPETBA"},"sameAs":["http:\/\/aepetba.org.br\/v1"],"url":"https:\/\/aepetba.org.br\/v1\/author\/lubconsultoria\/"}]}},"_links":{"self":[{"href":"https:\/\/aepetba.org.br\/v1\/wp-json\/wp\/v2\/posts\/38973"}],"collection":[{"href":"https:\/\/aepetba.org.br\/v1\/wp-json\/wp\/v2\/posts"}],"about":[{"href":"https:\/\/aepetba.org.br\/v1\/wp-json\/wp\/v2\/types\/post"}],"author":[{"embeddable":true,"href":"https:\/\/aepetba.org.br\/v1\/wp-json\/wp\/v2\/users\/1"}],"replies":[{"embeddable":true,"href":"https:\/\/aepetba.org.br\/v1\/wp-json\/wp\/v2\/comments?post=38973"}],"version-history":[{"count":1,"href":"https:\/\/aepetba.org.br\/v1\/wp-json\/wp\/v2\/posts\/38973\/revisions"}],"predecessor-version":[{"id":38977,"href":"https:\/\/aepetba.org.br\/v1\/wp-json\/wp\/v2\/posts\/38973\/revisions\/38977"}],"wp:featuredmedia":[{"embeddable":true,"href":"https:\/\/aepetba.org.br\/v1\/wp-json\/wp\/v2\/media\/38976"}],"wp:attachment":[{"href":"https:\/\/aepetba.org.br\/v1\/wp-json\/wp\/v2\/media?parent=38973"}],"wp:term":[{"taxonomy":"category","embeddable":true,"href":"https:\/\/aepetba.org.br\/v1\/wp-json\/wp\/v2\/categories?post=38973"},{"taxonomy":"post_tag","embeddable":true,"href":"https:\/\/aepetba.org.br\/v1\/wp-json\/wp\/v2\/tags?post=38973"}],"curies":[{"name":"wp","href":"https:\/\/api.w.org\/{rel}","templated":true}]}}