{"id":39102,"date":"2022-09-27T12:41:04","date_gmt":"2022-09-27T15:41:04","guid":{"rendered":"https:\/\/aepetba.org.br\/v1\/?p=39102"},"modified":"2022-09-27T13:58:23","modified_gmt":"2022-09-27T16:58:23","slug":"a-neutralidade-e-um-mito-e-viver-e-um-ato-politico","status":"publish","type":"post","link":"https:\/\/aepetba.org.br\/v1\/a-neutralidade-e-um-mito-e-viver-e-um-ato-politico\/","title":{"rendered":"A neutralidade \u00e9 um mito e viver \u00e9 um ato pol\u00edtico!"},"content":{"rendered":"<!--[if lt IE 9]><script>document.createElement('audio');<\/script><![endif]-->\n<audio class=\"wp-audio-shortcode\" id=\"audio-39102-1\" preload=\"none\" style=\"width: 100%;\" controls=\"controls\"><source type=\"audio\/ogg\" src=\"https:\/\/aepetba.org.br\/v1\/wp-content\/uploads\/2022\/09\/diretoria-executiva-AEPET-BA-texto2.ogg?_=1\" \/><a href=\"https:\/\/aepetba.org.br\/v1\/wp-content\/uploads\/2022\/09\/diretoria-executiva-AEPET-BA-texto2.ogg\">https:\/\/aepetba.org.br\/v1\/wp-content\/uploads\/2022\/09\/diretoria-executiva-AEPET-BA-texto2.ogg<\/a><\/audio>\n<p style=\"margin: 0cm; text-align: justify; background: #FEFEFE;\"><span style=\"font-family: 'Arial',sans-serif; color: #0a0a0a;\">Subjacente a esta afirma\u00e7\u00e3o est\u00e1 a fal\u00e1cia de que pessoas e institui\u00e7\u00f5es podem ser apol\u00edticas. N\u00e3o podem! Apartid\u00e1rias, sim. Consta na maioria dos estatutos das organiza\u00e7\u00f5es n\u00e3o governamentais, como a AEPET-BA que ela \u00e9 apartid\u00e1ria. Ou seja, <strong>n\u00e3o deve estar vinculada a um partido pol\u00edtico<\/strong>.<\/span><\/p>\n<p style=\"text-align: justify;\">Mesmo sendo um sofisma o discurso \u201c<strong>apol\u00edtico<\/strong>\u201d, ou \u201c<strong>apartid\u00e1rio<\/strong>\u201d, \u00e9 comum, tautol\u00f3gico, e utilizado pelos donos do poder, quase sempre com o apoio da grande m\u00eddia. \u00c9 uma forma de confundir o povo com discurso de f\u00e1cil aceita\u00e7\u00e3o. \u00c9 preciso estar atento para enfrentar esse discurso f\u00e1cil e massificante.<\/p>\n<p style=\"text-align: justify;\">Como exemplo citamos as a\u00e7\u00f5es delet\u00e9rias feitas, atualmente, contra a PETROBR\u00c1S como a conhecemos, e nos propusemos a defender. Para n\u00f3s da AEPET \u00e9 uma quest\u00e3o basilar. Est\u00e1 no Estatuto! Assim como a defesa dos associados, da soberania nacional e da engenharia brasileira. Como n\u00e3o se posicionar politicamente? O mesmo se aplica \u00e0: PETROS, AMS, venda dos ativos, sa\u00edda da empresa no Nordeste e transfer\u00eancias dos empregados, s\u00f3 para citar algumas quest\u00f5es que exigem posicionamento, tanto do cidad\u00e3o quanto das entidades envolvidas.<\/p>\n<p style=\"text-align: justify;\">O cen\u00e1rio para os pr\u00f3ximos anos cont\u00e9m uma s\u00e9rie de amea\u00e7as concretas ao Brasil, entre estas est\u00e3o: \u00e0 Petrobras, \u00e0s institui\u00e7\u00f5es p\u00fablicas sociais, \u00e0 educa\u00e7\u00e3o, ao meio ambiente, aos aposentados e aos mais carentes. Novamente: como n\u00e3o se posicionar politicamente?<\/p>\n<p style=\"text-align: justify;\">Estamos \u00e0s v\u00e9speras das elei\u00e7\u00f5es de 2 de outubro, quando ser\u00e3o eleitos: presidente, governadores, senadores e representantes nas c\u00e2maras federal e estadual. O resultado definir\u00e1 que rumo o Brasil tomar\u00e1 nos pr\u00f3ximos quatro anos. A postura da AEPET-BA \u00e9 pelo caminho apontado pelo Estatuto:<\/p>\n<p style=\"text-align: justify;\">\u00a0 \u00a0 \u00a0 \u00a0 \u00a0 <strong>Defesa da PETROBR\u00c1S:<\/strong> reestatiza\u00e7\u00e3o da Companhia e sua manuten\u00e7\u00e3o no Nordeste, fim da pol\u00edtica de pre\u00e7os de derivados;<\/p>\n<p style=\"text-align: justify;\">\u00a0 \u00a0 \u00a0 <strong>Soberania do Brasil:\u00a0 <\/strong>o Pr\u00e9-sal como propriedade do estado brasileiro e protagonismo internacional desatrelado do alinhamento autom\u00e1tico com outras na\u00e7\u00f5es;<\/p>\n<p style=\"text-align: justify;\">\u00a0 \u00a0 \u00a0 \u00a0 \u00a0<strong>Do Associado:<\/strong> a PETROBR\u00c1S como respons\u00e1vel pelos danos havidos na PETROS, AMS restaurada como sempre foi compromisso da empresa e fim dos malabarismos nos acordos coletivos que prejudicam os aposentados.<\/p>\n<p style=\"text-align: justify;\">A p\u00f3s-modernidade teria abolido a luta de classes, n\u00e3o havendo mais um inimigo a enfrentar. Ser\u00e1 verdade? Claro que n\u00e3o. Este \u00e9 um discurso perigoso que n\u00e3o interessa aos movimentos sociais, \u00e0 juventude ou aos trabalhadores. N\u00e3o se posicionar significa colocar-se junto aos que dominam.<\/p>\n<p style=\"text-align: justify;\">A AEPET-BA, como qualquer outra institui\u00e7\u00e3o, \u00e9 pol\u00edtica na sua ess\u00eancia. Querer desvincular a luta pela representatividade de classe da luta pol\u00edtica \u00e9 um ato falacioso, falso! O futuro depende do nosso protagonismo como cidad\u00e3o, quanto mais despolitizada for \u00e0 sociedade mais facilmente ser\u00e1 dominada.<\/p>\n<p style=\"text-align: justify;\">Parlamentares e candidatos que defendem a privatiza\u00e7\u00e3o da PETROBR\u00c1S e amea\u00e7am \u00e0 democracia n\u00e3o representam os valores da AEPET-BA e n\u00e3o devem ser eleitos. Por isso,\u00a0a entidade recomenda aos eleitores, em geral, e aos seus associados, amigos, em particular,\u00a0que n\u00e3o votem nos candidatos com programas favor\u00e1veis \u00e0 privatiza\u00e7\u00e3o do patrim\u00f4nio p\u00fablico, contr\u00e1rios \u00e0 Constitui\u00e7\u00e3o Brasileira. S\u00e3o projetos destrutivos contra a Petrobr\u00e1s que criam monop\u00f3lios privados que favorecem as empresas estrangeiras, como aconteceu com a venda da RLAM, na Bahia. A refinaria foi vendida a pre\u00e7o vil para o fundo soberano dos Emirados \u00c1rabe, pa\u00eds concorrente do Brasil no mercado internacional do petr\u00f3leo e agora det\u00e9m o monop\u00f3lio dos combust\u00edveis e g\u00e1s de cozinha na Bahia.<\/p>\n<p style=\"text-align: justify;\">Conclamamos a todos e todas a participarem da elei\u00e7\u00e3o elegendo governantes e parlamentares comprometidos com a reconstru\u00e7\u00e3o da Petrobr\u00e1s no Brasil e na Bahia.<\/p>\n<p style=\"text-align: justify;\">Dia 02 de outubro espera de todos n\u00f3s, associados da AEPET-BA ou n\u00e3o, um ato pol\u00edtico: o voto consciente!<\/p>\n<p><strong>\u00a0<\/strong><\/p>\n<p><strong>Diretoria Executiva da AEPET-BA<\/strong><\/p>\n","protected":false},"excerpt":{"rendered":"<p>Subjacente a esta afirma\u00e7\u00e3o est\u00e1 a fal\u00e1cia de que pessoas e institui\u00e7\u00f5es podem ser apol\u00edticas. N\u00e3o podem! Apartid\u00e1rias, sim. Consta na maioria dos estatutos das organiza\u00e7\u00f5es n\u00e3o governamentais, como a AEPET-BA que ela \u00e9 apartid\u00e1ria. Ou seja, n\u00e3o deve estar&#8230;<\/p>\n","protected":false},"author":1,"featured_media":39104,"comment_status":"closed","ping_status":"closed","sticky":false,"template":"","format":"standard","meta":[],"categories":[325,5,87,10],"tags":[],"yoast_head":"<!-- This site is optimized with the Yoast SEO plugin v19.3 - https:\/\/yoast.com\/wordpress\/plugins\/seo\/ -->\n<title>A neutralidade \u00e9 um mito e viver \u00e9 um ato pol\u00edtico!<\/title>\n<meta name=\"description\" content=\"\ud83d\udde3\ufe0f A neutralidade \u00e9 um mito e viver \u00e9 um ato pol\u00edtico!\ud83d\udd0aLeia ou escute o texto produzido pela Diretoria executiva da AEPET-BA\" \/>\n<meta name=\"robots\" content=\"index, follow, max-snippet:-1, max-image-preview:large, max-video-preview:-1\" \/>\n<link rel=\"canonical\" href=\"https:\/\/aepetba.org.br\/v1\/a-neutralidade-e-um-mito-e-viver-e-um-ato-politico\/\" \/>\n<meta property=\"og:locale\" content=\"pt_BR\" \/>\n<meta property=\"og:type\" content=\"article\" \/>\n<meta property=\"og:title\" content=\"A neutralidade \u00e9 um mito e viver \u00e9 um ato pol\u00edtico!\" \/>\n<meta property=\"og:description\" content=\"\ud83d\udde3\ufe0f A neutralidade \u00e9 um mito e viver \u00e9 um ato pol\u00edtico!\ud83d\udd0aLeia ou escute o texto produzido pela Diretoria executiva da AEPET-BA\" \/>\n<meta property=\"og:url\" content=\"https:\/\/aepetba.org.br\/v1\/a-neutralidade-e-um-mito-e-viver-e-um-ato-politico\/\" \/>\n<meta property=\"og:site_name\" content=\"AEPET N\u00daCLEO BAHIA\" \/>\n<meta property=\"article:publisher\" content=\"https:\/\/web.facebook.com\/aepetba\" \/>\n<meta property=\"article:published_time\" content=\"2022-09-27T15:41:04+00:00\" \/>\n<meta property=\"article:modified_time\" content=\"2022-09-27T16:58:23+00:00\" \/>\n<meta property=\"og:image\" content=\"https:\/\/aepetba.org.br\/v1\/wp-content\/uploads\/2022\/09\/Materia-A-neutralidade-e-um-mito-e-viver-e-um-ato-politico-PETROLEO-BAHIA-Aepet-ba.jpg\" \/>\n\t<meta property=\"og:image:width\" content=\"1079\" \/>\n\t<meta property=\"og:image:height\" content=\"951\" \/>\n\t<meta property=\"og:image:type\" content=\"image\/jpeg\" \/>\n<meta name=\"author\" content=\"AEPETBA\" \/>\n<meta name=\"twitter:card\" content=\"summary_large_image\" \/>\n<meta name=\"twitter:creator\" content=\"@aepetbahia\" \/>\n<meta name=\"twitter:site\" content=\"@aepetbahia\" \/>\n<meta name=\"twitter:label1\" content=\"Escrito por\" \/>\n\t<meta name=\"twitter:data1\" content=\"AEPETBA\" \/>\n\t<meta name=\"twitter:label2\" content=\"Est. tempo de leitura\" \/>\n\t<meta name=\"twitter:data2\" content=\"4 minutos\" \/>\n<script type=\"application\/ld+json\" class=\"yoast-schema-graph\">{\"@context\":\"https:\/\/schema.org\",\"@graph\":[{\"@type\":\"Organization\",\"@id\":\"https:\/\/aepetba.org.br\/v1\/#organization\",\"name\":\"AEPET N\u00facleo Bahia\",\"url\":\"https:\/\/aepetba.org.br\/v1\/\",\"sameAs\":[\"https:\/\/www.instagram.com\/aepetbahia\/\",\"https:\/\/www.youtube.com\/c\/AEPETBAHIA\",\"https:\/\/web.facebook.com\/aepetba\",\"https:\/\/twitter.com\/aepetbahia\"],\"logo\":{\"@type\":\"ImageObject\",\"inLanguage\":\"pt-BR\",\"@id\":\"https:\/\/aepetba.org.br\/v1\/#\/schema\/logo\/image\/\",\"url\":\"https:\/\/aepetba.org.br\/v1\/wp-content\/uploads\/revslider\/home\/logo-AEPETBA.png\",\"contentUrl\":\"https:\/\/aepetba.org.br\/v1\/wp-content\/uploads\/revslider\/home\/logo-AEPETBA.png\",\"width\":297,\"height\":86,\"caption\":\"AEPET N\u00facleo Bahia\"},\"image\":{\"@id\":\"https:\/\/aepetba.org.br\/v1\/#\/schema\/logo\/image\/\"}},{\"@type\":\"WebSite\",\"@id\":\"https:\/\/aepetba.org.br\/v1\/#website\",\"url\":\"https:\/\/aepetba.org.br\/v1\/\",\"name\":\"AEPET N\u00daCLEO BAHIA\",\"description\":\"Associa\u00e7\u00e3o dos Engenheiros da Petrobr\u00e1s N\u00facleo Bahia Petr\u00f3leo Bahia Salvador Nordeste \",\"publisher\":{\"@id\":\"https:\/\/aepetba.org.br\/v1\/#organization\"},\"potentialAction\":[{\"@type\":\"SearchAction\",\"target\":{\"@type\":\"EntryPoint\",\"urlTemplate\":\"https:\/\/aepetba.org.br\/v1\/?s={search_term_string}\"},\"query-input\":\"required name=search_term_string\"}],\"inLanguage\":\"pt-BR\"},{\"@type\":\"ImageObject\",\"inLanguage\":\"pt-BR\",\"@id\":\"https:\/\/aepetba.org.br\/v1\/a-neutralidade-e-um-mito-e-viver-e-um-ato-politico\/#primaryimage\",\"url\":\"https:\/\/aepetba.org.br\/v1\/wp-content\/uploads\/2022\/09\/Materia-A-neutralidade-e-um-mito-e-viver-e-um-ato-politico-PETROLEO-BAHIA-Aepet-ba.jpg\",\"contentUrl\":\"https:\/\/aepetba.org.br\/v1\/wp-content\/uploads\/2022\/09\/Materia-A-neutralidade-e-um-mito-e-viver-e-um-ato-politico-PETROLEO-BAHIA-Aepet-ba.jpg\",\"width\":1079,\"height\":951},{\"@type\":\"WebPage\",\"@id\":\"https:\/\/aepetba.org.br\/v1\/a-neutralidade-e-um-mito-e-viver-e-um-ato-politico\/\",\"url\":\"https:\/\/aepetba.org.br\/v1\/a-neutralidade-e-um-mito-e-viver-e-um-ato-politico\/\",\"name\":\"A neutralidade \u00e9 um mito e viver \u00e9 um ato pol\u00edtico!\",\"isPartOf\":{\"@id\":\"https:\/\/aepetba.org.br\/v1\/#website\"},\"primaryImageOfPage\":{\"@id\":\"https:\/\/aepetba.org.br\/v1\/a-neutralidade-e-um-mito-e-viver-e-um-ato-politico\/#primaryimage\"},\"datePublished\":\"2022-09-27T15:41:04+00:00\",\"dateModified\":\"2022-09-27T16:58:23+00:00\",\"description\":\"\ud83d\udde3\ufe0f A neutralidade \u00e9 um mito e viver \u00e9 um ato pol\u00edtico!\ud83d\udd0aLeia ou escute o texto produzido pela Diretoria executiva da AEPET-BA\",\"breadcrumb\":{\"@id\":\"https:\/\/aepetba.org.br\/v1\/a-neutralidade-e-um-mito-e-viver-e-um-ato-politico\/#breadcrumb\"},\"inLanguage\":\"pt-BR\",\"potentialAction\":[{\"@type\":\"ReadAction\",\"target\":[\"https:\/\/aepetba.org.br\/v1\/a-neutralidade-e-um-mito-e-viver-e-um-ato-politico\/\"]}]},{\"@type\":\"BreadcrumbList\",\"@id\":\"https:\/\/aepetba.org.br\/v1\/a-neutralidade-e-um-mito-e-viver-e-um-ato-politico\/#breadcrumb\",\"itemListElement\":[{\"@type\":\"ListItem\",\"position\":1,\"name\":\"In\u00edcio\",\"item\":\"https:\/\/aepetba.org.br\/v1\/\"},{\"@type\":\"ListItem\",\"position\":2,\"name\":\"A neutralidade \u00e9 um mito e viver \u00e9 um ato pol\u00edtico!\"}]},{\"@type\":\"Article\",\"@id\":\"https:\/\/aepetba.org.br\/v1\/a-neutralidade-e-um-mito-e-viver-e-um-ato-politico\/#article\",\"isPartOf\":{\"@id\":\"https:\/\/aepetba.org.br\/v1\/a-neutralidade-e-um-mito-e-viver-e-um-ato-politico\/\"},\"author\":{\"name\":\"AEPETBA\",\"@id\":\"https:\/\/aepetba.org.br\/v1\/#\/schema\/person\/3504208f89f3f50e1526867ebb573b88\"},\"headline\":\"A neutralidade \u00e9 um mito e viver \u00e9 um ato pol\u00edtico!\",\"datePublished\":\"2022-09-27T15:41:04+00:00\",\"dateModified\":\"2022-09-27T16:58:23+00:00\",\"mainEntityOfPage\":{\"@id\":\"https:\/\/aepetba.org.br\/v1\/a-neutralidade-e-um-mito-e-viver-e-um-ato-politico\/\"},\"wordCount\":676,\"publisher\":{\"@id\":\"https:\/\/aepetba.org.br\/v1\/#organization\"},\"image\":{\"@id\":\"https:\/\/aepetba.org.br\/v1\/a-neutralidade-e-um-mito-e-viver-e-um-ato-politico\/#primaryimage\"},\"thumbnailUrl\":\"https:\/\/aepetba.org.br\/v1\/wp-content\/uploads\/2022\/09\/Materia-A-neutralidade-e-um-mito-e-viver-e-um-ato-politico-PETROLEO-BAHIA-Aepet-ba.jpg\",\"articleSection\":[\"Artigos\",\"Coluna do Associado\",\"Destaque\",\"Not\u00edcias\"],\"inLanguage\":\"pt-BR\"},{\"@type\":\"Person\",\"@id\":\"https:\/\/aepetba.org.br\/v1\/#\/schema\/person\/3504208f89f3f50e1526867ebb573b88\",\"name\":\"AEPETBA\",\"image\":{\"@type\":\"ImageObject\",\"inLanguage\":\"pt-BR\",\"@id\":\"https:\/\/aepetba.org.br\/v1\/#\/schema\/person\/image\/\",\"url\":\"https:\/\/secure.gravatar.com\/avatar\/3e6e1bf98c38137fc6b937d21e974714?s=96&d=mm&r=g\",\"contentUrl\":\"https:\/\/secure.gravatar.com\/avatar\/3e6e1bf98c38137fc6b937d21e974714?s=96&d=mm&r=g\",\"caption\":\"AEPETBA\"},\"sameAs\":[\"http:\/\/aepetba.org.br\/v1\"],\"url\":\"https:\/\/aepetba.org.br\/v1\/author\/lubconsultoria\/\"}]}<\/script>\n<!-- \/ Yoast SEO plugin. -->","yoast_head_json":{"title":"A neutralidade \u00e9 um mito e viver \u00e9 um ato pol\u00edtico!","description":"\ud83d\udde3\ufe0f A neutralidade \u00e9 um mito e viver \u00e9 um ato pol\u00edtico!\ud83d\udd0aLeia ou escute o texto produzido pela Diretoria executiva da AEPET-BA","robots":{"index":"index","follow":"follow","max-snippet":"max-snippet:-1","max-image-preview":"max-image-preview:large","max-video-preview":"max-video-preview:-1"},"canonical":"https:\/\/aepetba.org.br\/v1\/a-neutralidade-e-um-mito-e-viver-e-um-ato-politico\/","og_locale":"pt_BR","og_type":"article","og_title":"A neutralidade \u00e9 um mito e viver \u00e9 um ato pol\u00edtico!","og_description":"\ud83d\udde3\ufe0f A neutralidade \u00e9 um mito e viver \u00e9 um ato pol\u00edtico!\ud83d\udd0aLeia ou escute o texto produzido pela Diretoria executiva da AEPET-BA","og_url":"https:\/\/aepetba.org.br\/v1\/a-neutralidade-e-um-mito-e-viver-e-um-ato-politico\/","og_site_name":"AEPET N\u00daCLEO BAHIA","article_publisher":"https:\/\/web.facebook.com\/aepetba","article_published_time":"2022-09-27T15:41:04+00:00","article_modified_time":"2022-09-27T16:58:23+00:00","og_image":[{"width":1079,"height":951,"url":"https:\/\/aepetba.org.br\/v1\/wp-content\/uploads\/2022\/09\/Materia-A-neutralidade-e-um-mito-e-viver-e-um-ato-politico-PETROLEO-BAHIA-Aepet-ba.jpg","type":"image\/jpeg"}],"author":"AEPETBA","twitter_card":"summary_large_image","twitter_creator":"@aepetbahia","twitter_site":"@aepetbahia","twitter_misc":{"Escrito por":"AEPETBA","Est. tempo de leitura":"4 minutos"},"schema":{"@context":"https:\/\/schema.org","@graph":[{"@type":"Organization","@id":"https:\/\/aepetba.org.br\/v1\/#organization","name":"AEPET N\u00facleo Bahia","url":"https:\/\/aepetba.org.br\/v1\/","sameAs":["https:\/\/www.instagram.com\/aepetbahia\/","https:\/\/www.youtube.com\/c\/AEPETBAHIA","https:\/\/web.facebook.com\/aepetba","https:\/\/twitter.com\/aepetbahia"],"logo":{"@type":"ImageObject","inLanguage":"pt-BR","@id":"https:\/\/aepetba.org.br\/v1\/#\/schema\/logo\/image\/","url":"https:\/\/aepetba.org.br\/v1\/wp-content\/uploads\/revslider\/home\/logo-AEPETBA.png","contentUrl":"https:\/\/aepetba.org.br\/v1\/wp-content\/uploads\/revslider\/home\/logo-AEPETBA.png","width":297,"height":86,"caption":"AEPET N\u00facleo Bahia"},"image":{"@id":"https:\/\/aepetba.org.br\/v1\/#\/schema\/logo\/image\/"}},{"@type":"WebSite","@id":"https:\/\/aepetba.org.br\/v1\/#website","url":"https:\/\/aepetba.org.br\/v1\/","name":"AEPET N\u00daCLEO BAHIA","description":"Associa\u00e7\u00e3o dos Engenheiros da Petrobr\u00e1s N\u00facleo Bahia Petr\u00f3leo Bahia Salvador Nordeste ","publisher":{"@id":"https:\/\/aepetba.org.br\/v1\/#organization"},"potentialAction":[{"@type":"SearchAction","target":{"@type":"EntryPoint","urlTemplate":"https:\/\/aepetba.org.br\/v1\/?s={search_term_string}"},"query-input":"required name=search_term_string"}],"inLanguage":"pt-BR"},{"@type":"ImageObject","inLanguage":"pt-BR","@id":"https:\/\/aepetba.org.br\/v1\/a-neutralidade-e-um-mito-e-viver-e-um-ato-politico\/#primaryimage","url":"https:\/\/aepetba.org.br\/v1\/wp-content\/uploads\/2022\/09\/Materia-A-neutralidade-e-um-mito-e-viver-e-um-ato-politico-PETROLEO-BAHIA-Aepet-ba.jpg","contentUrl":"https:\/\/aepetba.org.br\/v1\/wp-content\/uploads\/2022\/09\/Materia-A-neutralidade-e-um-mito-e-viver-e-um-ato-politico-PETROLEO-BAHIA-Aepet-ba.jpg","width":1079,"height":951},{"@type":"WebPage","@id":"https:\/\/aepetba.org.br\/v1\/a-neutralidade-e-um-mito-e-viver-e-um-ato-politico\/","url":"https:\/\/aepetba.org.br\/v1\/a-neutralidade-e-um-mito-e-viver-e-um-ato-politico\/","name":"A neutralidade \u00e9 um mito e viver \u00e9 um ato pol\u00edtico!","isPartOf":{"@id":"https:\/\/aepetba.org.br\/v1\/#website"},"primaryImageOfPage":{"@id":"https:\/\/aepetba.org.br\/v1\/a-neutralidade-e-um-mito-e-viver-e-um-ato-politico\/#primaryimage"},"datePublished":"2022-09-27T15:41:04+00:00","dateModified":"2022-09-27T16:58:23+00:00","description":"\ud83d\udde3\ufe0f A neutralidade \u00e9 um mito e viver \u00e9 um ato pol\u00edtico!\ud83d\udd0aLeia ou escute o texto produzido pela Diretoria executiva da AEPET-BA","breadcrumb":{"@id":"https:\/\/aepetba.org.br\/v1\/a-neutralidade-e-um-mito-e-viver-e-um-ato-politico\/#breadcrumb"},"inLanguage":"pt-BR","potentialAction":[{"@type":"ReadAction","target":["https:\/\/aepetba.org.br\/v1\/a-neutralidade-e-um-mito-e-viver-e-um-ato-politico\/"]}]},{"@type":"BreadcrumbList","@id":"https:\/\/aepetba.org.br\/v1\/a-neutralidade-e-um-mito-e-viver-e-um-ato-politico\/#breadcrumb","itemListElement":[{"@type":"ListItem","position":1,"name":"In\u00edcio","item":"https:\/\/aepetba.org.br\/v1\/"},{"@type":"ListItem","position":2,"name":"A neutralidade \u00e9 um mito e viver \u00e9 um ato pol\u00edtico!"}]},{"@type":"Article","@id":"https:\/\/aepetba.org.br\/v1\/a-neutralidade-e-um-mito-e-viver-e-um-ato-politico\/#article","isPartOf":{"@id":"https:\/\/aepetba.org.br\/v1\/a-neutralidade-e-um-mito-e-viver-e-um-ato-politico\/"},"author":{"name":"AEPETBA","@id":"https:\/\/aepetba.org.br\/v1\/#\/schema\/person\/3504208f89f3f50e1526867ebb573b88"},"headline":"A neutralidade \u00e9 um mito e viver \u00e9 um ato pol\u00edtico!","datePublished":"2022-09-27T15:41:04+00:00","dateModified":"2022-09-27T16:58:23+00:00","mainEntityOfPage":{"@id":"https:\/\/aepetba.org.br\/v1\/a-neutralidade-e-um-mito-e-viver-e-um-ato-politico\/"},"wordCount":676,"publisher":{"@id":"https:\/\/aepetba.org.br\/v1\/#organization"},"image":{"@id":"https:\/\/aepetba.org.br\/v1\/a-neutralidade-e-um-mito-e-viver-e-um-ato-politico\/#primaryimage"},"thumbnailUrl":"https:\/\/aepetba.org.br\/v1\/wp-content\/uploads\/2022\/09\/Materia-A-neutralidade-e-um-mito-e-viver-e-um-ato-politico-PETROLEO-BAHIA-Aepet-ba.jpg","articleSection":["Artigos","Coluna do Associado","Destaque","Not\u00edcias"],"inLanguage":"pt-BR"},{"@type":"Person","@id":"https:\/\/aepetba.org.br\/v1\/#\/schema\/person\/3504208f89f3f50e1526867ebb573b88","name":"AEPETBA","image":{"@type":"ImageObject","inLanguage":"pt-BR","@id":"https:\/\/aepetba.org.br\/v1\/#\/schema\/person\/image\/","url":"https:\/\/secure.gravatar.com\/avatar\/3e6e1bf98c38137fc6b937d21e974714?s=96&d=mm&r=g","contentUrl":"https:\/\/secure.gravatar.com\/avatar\/3e6e1bf98c38137fc6b937d21e974714?s=96&d=mm&r=g","caption":"AEPETBA"},"sameAs":["http:\/\/aepetba.org.br\/v1"],"url":"https:\/\/aepetba.org.br\/v1\/author\/lubconsultoria\/"}]}},"_links":{"self":[{"href":"https:\/\/aepetba.org.br\/v1\/wp-json\/wp\/v2\/posts\/39102"}],"collection":[{"href":"https:\/\/aepetba.org.br\/v1\/wp-json\/wp\/v2\/posts"}],"about":[{"href":"https:\/\/aepetba.org.br\/v1\/wp-json\/wp\/v2\/types\/post"}],"author":[{"embeddable":true,"href":"https:\/\/aepetba.org.br\/v1\/wp-json\/wp\/v2\/users\/1"}],"replies":[{"embeddable":true,"href":"https:\/\/aepetba.org.br\/v1\/wp-json\/wp\/v2\/comments?post=39102"}],"version-history":[{"count":3,"href":"https:\/\/aepetba.org.br\/v1\/wp-json\/wp\/v2\/posts\/39102\/revisions"}],"predecessor-version":[{"id":39108,"href":"https:\/\/aepetba.org.br\/v1\/wp-json\/wp\/v2\/posts\/39102\/revisions\/39108"}],"wp:featuredmedia":[{"embeddable":true,"href":"https:\/\/aepetba.org.br\/v1\/wp-json\/wp\/v2\/media\/39104"}],"wp:attachment":[{"href":"https:\/\/aepetba.org.br\/v1\/wp-json\/wp\/v2\/media?parent=39102"}],"wp:term":[{"taxonomy":"category","embeddable":true,"href":"https:\/\/aepetba.org.br\/v1\/wp-json\/wp\/v2\/categories?post=39102"},{"taxonomy":"post_tag","embeddable":true,"href":"https:\/\/aepetba.org.br\/v1\/wp-json\/wp\/v2\/tags?post=39102"}],"curies":[{"name":"wp","href":"https:\/\/api.w.org\/{rel}","templated":true}]}}