{"id":39167,"date":"2022-10-05T12:08:19","date_gmt":"2022-10-05T15:08:19","guid":{"rendered":"https:\/\/aepetba.org.br\/v1\/?p=39167"},"modified":"2022-10-05T12:13:26","modified_gmt":"2022-10-05T15:13:26","slug":"ha-69-anos-nascia-a-petrobras","status":"publish","type":"post","link":"https:\/\/aepetba.org.br\/v1\/ha-69-anos-nascia-a-petrobras\/","title":{"rendered":"H\u00e1 69 anos nascia a Petrobr\u00e1s"},"content":{"rendered":"<!--[if lt IE 9]><script>document.createElement('audio');<\/script><![endif]-->\n<audio class=\"wp-audio-shortcode\" id=\"audio-39167-1\" preload=\"none\" style=\"width: 100%;\" controls=\"controls\"><source type=\"audio\/ogg\" src=\"https:\/\/aepetba.org.br\/v1\/wp-content\/uploads\/2022\/10\/ha-69-anos-nascia-a-petrobras.ogg?_=1\" \/><a href=\"https:\/\/aepetba.org.br\/v1\/wp-content\/uploads\/2022\/10\/ha-69-anos-nascia-a-petrobras.ogg\">https:\/\/aepetba.org.br\/v1\/wp-content\/uploads\/2022\/10\/ha-69-anos-nascia-a-petrobras.ogg<\/a><\/audio>\n<p>&nbsp;<\/p>\n<p style=\"margin: 12pt 0cm; text-align: right;\"><b><span style=\"font-family: 'Arial',sans-serif; color: black;\">Fl\u00e1vio Diniz Fontes, vice-presidente da AEPET-BA<\/span><\/b><\/p>\n<p style=\"text-align: justify; margin: 12.0pt 0cm 0cm 0cm;\"><span style=\"font-family: 'Arial',sans-serif; color: black;\">Grandes avan\u00e7os da humanidade deveram-se aos vision\u00e1rios que sonharam fora da realidade concreta. Na busca dos sonhos, incompreens\u00e3o e cegueira conduziram alguns \u00e0 pris\u00e3o e \u00e0 morte. Temos na hist\u00f3ria, estadistas vision\u00e1rios que constru\u00edram uma na\u00e7\u00e3o e n\u00e3o um pa\u00eds. Um bom exemplo \u00e9 Get\u00falio Vargas que com a cria\u00e7\u00e3o da Petrobr\u00e1s legou a soberania e identidade para o Brasil.<\/span><\/p>\n<p style=\"text-align: justify; margin: 12.0pt 0cm 0cm 0cm;\"><span style=\"font-family: 'Arial',sans-serif; color: black;\">Partindo do zero: refinarias, oleodutos, rede de distribui\u00e7\u00e3o de derivados, plataformas, petroqu\u00edmicas, centro de pesquisas e outros empreendimentos se desenvolveram no pa\u00eds, em especial, a Engenharia brasileira. Escolas e profissionais foram preparados para dar suporte a empresa e o Brasil se desenvolveu. Na base estava a Petrobr\u00e1s.<\/span><\/p>\n<p style=\"text-align: justify; margin: 12.0pt 0cm 0cm 0cm;\"><span style=\"font-family: 'Arial',sans-serif; color: black;\">Os fatos que antecederam o dia 03 de outubro de 1953, data da cria\u00e7\u00e3o da Petrobras, lembram os dias de hoje. Discuss\u00f5es e argumentos parecidos com os atuais destacando-se os princ\u00edpios e valores a nortearem o pr\u00f3ximo governo: p\u00fablico ou privado, social ou empresarial, capital produtivo ou rentista e preserva\u00e7\u00e3o ou destrui\u00e7\u00e3o do meio ambiente. Dicotomias originadas no neoliberalismo e presentes nas elei\u00e7\u00f5es deste ano.<\/span><\/p>\n<p style=\"text-align: justify; margin: 12.0pt 0cm 0cm 0cm;\"><span style=\"font-family: 'Arial',sans-serif; color: black;\">Os 69 anos da Petrobras, com tantos servi\u00e7os ao Pa\u00eds e \u00e0 Engenharia, n\u00e3o podem passar em branco! Triste \u00e9 constatar a mudan\u00e7a: de orgulho nacional a vil\u00e3 do custo de vida, fruto de submiss\u00e3o entreguista. Causa consterna\u00e7\u00e3o ver empresas fechadas, empregos perdidos, obras paralisadas, contratos suspensos e compras canceladas. Todos sabem a origem do desservi\u00e7o!<\/span><\/p>\n<p style=\"text-align: justify; margin: 12.0pt 0cm 0cm 0cm;\"><span style=\"font-family: 'Arial',sans-serif; color: black;\">A Associa\u00e7\u00e3o de Engenheiros da Petrobras N\u00facleo Bahia &#8211; AEPET-BA, espera do pr\u00f3ximo governo, em 2023, a defesa da soberania nacional, uma Petrobr\u00e1s estatal, integrada e o resgate do fundo social do pr\u00e9-sal. Que sejam corrigidos a curto prazo: o esquartejamento da Petrobr\u00e1s, hoje submetida ao capital internacional e que o retorno dos investimentos resgate o pa\u00eds e a Engenharia brasileira<\/span><span style=\"font-family: 'Arial',sans-serif;\">. <\/span><\/p>\n<p style=\"text-align: justify; margin: 12.0pt 0cm 0cm 0cm;\"><span style=\"font-family: 'Arial',sans-serif; color: black;\">Que nos primeiros atos do novo governo estejam a reestatiza\u00e7\u00e3o da Petrobr\u00e1s, da Eletrobr\u00e1s e da RLAM, na Bahia. Assim como o fim do PPI \u2013 Pre\u00e7o de Paridade Internacional que traz sacrif\u00edcios \u00e0 popula\u00e7\u00e3o com aumentos generalizados de pre\u00e7os. Essas a\u00e7\u00f5es contribuir\u00e3o para a redu\u00e7\u00e3o da taxa de desemprego, a prote\u00e7\u00e3o do cidad\u00e3o e a constru\u00e7\u00e3o do Brasil Na\u00e7\u00e3o.<\/span><\/p>\n<p style=\"text-align: justify; margin: 12.0pt 0cm 0cm 0cm;\"><span style=\"font-family: 'Arial',sans-serif; color: black;\">A Petrobr\u00e1s \u00e9 o maior exemplo de que o Brasil pode garantir soberania e seguran\u00e7a energ\u00e9tica para seu povo. A empresa precisa voltar a ser a mola do desenvolvimento do pa\u00eds, com investimento nas \u00e1reas produtoras de petr\u00f3leo. A Petrobr\u00e1s estatal e integrada trar\u00e1 de volta o orgulho de ser brasileiro!<\/span><\/p>\n<p>&nbsp;<\/p>\n<p>&nbsp;<\/p>\n<p><em><strong class=\"selectable-text copyable-text nbipi2bn\">Publicado no Jornal A Tarde do dia, 03 de outubro de 2022<\/strong><\/em><\/p>\n","protected":false},"excerpt":{"rendered":"<p>&nbsp; Fl\u00e1vio Diniz Fontes, vice-presidente da AEPET-BA Grandes avan\u00e7os da humanidade deveram-se aos vision\u00e1rios que sonharam fora da realidade concreta. Na busca dos sonhos, incompreens\u00e3o e cegueira conduziram alguns \u00e0 pris\u00e3o e \u00e0 morte. Temos na hist\u00f3ria, estadistas vision\u00e1rios que&#8230;<\/p>\n","protected":false},"author":1,"featured_media":39168,"comment_status":"closed","ping_status":"closed","sticky":false,"template":"","format":"standard","meta":[],"categories":[325,5,87,10],"tags":[],"yoast_head":"<!-- This site is optimized with the Yoast SEO plugin v19.3 - https:\/\/yoast.com\/wordpress\/plugins\/seo\/ -->\n<title>H\u00e1 69 anos nascia a Petrobr\u00e1s<\/title>\n<meta name=\"description\" content=\"H\u00e1 69 anos nascia a Petrobr\u00e1s! Um texto escrito por Fl\u00e1vio Diniz Fontes, vice-presidente da AEPET-BA. Publicado no Jornal A Tarde do dia, 03 de outubro de 2022\" \/>\n<meta name=\"robots\" content=\"index, follow, max-snippet:-1, max-image-preview:large, max-video-preview:-1\" \/>\n<link rel=\"canonical\" href=\"https:\/\/aepetba.org.br\/v1\/ha-69-anos-nascia-a-petrobras\/\" \/>\n<meta property=\"og:locale\" content=\"pt_BR\" \/>\n<meta property=\"og:type\" content=\"article\" \/>\n<meta property=\"og:title\" content=\"H\u00e1 69 anos nascia a Petrobr\u00e1s\" \/>\n<meta property=\"og:description\" content=\"H\u00e1 69 anos nascia a Petrobr\u00e1s! Um texto escrito por Fl\u00e1vio Diniz Fontes, vice-presidente da AEPET-BA. Publicado no Jornal A Tarde do dia, 03 de outubro de 2022\" \/>\n<meta property=\"og:url\" content=\"https:\/\/aepetba.org.br\/v1\/ha-69-anos-nascia-a-petrobras\/\" \/>\n<meta property=\"og:site_name\" content=\"AEPET N\u00daCLEO BAHIA\" \/>\n<meta property=\"article:publisher\" content=\"https:\/\/web.facebook.com\/aepetba\" \/>\n<meta property=\"article:published_time\" content=\"2022-10-05T15:08:19+00:00\" \/>\n<meta property=\"article:modified_time\" content=\"2022-10-05T15:13:26+00:00\" \/>\n<meta property=\"og:image\" content=\"https:\/\/aepetba.org.br\/v1\/wp-content\/uploads\/2022\/10\/Materia-Ha-69-anos-nascia-a-Petrobras-Aepet-ba.jpg\" \/>\n\t<meta property=\"og:image:width\" content=\"1080\" \/>\n\t<meta property=\"og:image:height\" content=\"1080\" \/>\n\t<meta property=\"og:image:type\" content=\"image\/jpeg\" \/>\n<meta name=\"author\" content=\"AEPETBA\" \/>\n<meta name=\"twitter:card\" content=\"summary_large_image\" \/>\n<meta name=\"twitter:creator\" content=\"@aepetbahia\" \/>\n<meta name=\"twitter:site\" content=\"@aepetbahia\" \/>\n<meta name=\"twitter:label1\" content=\"Escrito por\" \/>\n\t<meta name=\"twitter:data1\" content=\"AEPETBA\" \/>\n\t<meta name=\"twitter:label2\" content=\"Est. tempo de leitura\" \/>\n\t<meta name=\"twitter:data2\" content=\"3 minutos\" \/>\n<script type=\"application\/ld+json\" class=\"yoast-schema-graph\">{\"@context\":\"https:\/\/schema.org\",\"@graph\":[{\"@type\":\"Organization\",\"@id\":\"https:\/\/aepetba.org.br\/v1\/#organization\",\"name\":\"AEPET N\u00facleo Bahia\",\"url\":\"https:\/\/aepetba.org.br\/v1\/\",\"sameAs\":[\"https:\/\/www.instagram.com\/aepetbahia\/\",\"https:\/\/www.youtube.com\/c\/AEPETBAHIA\",\"https:\/\/web.facebook.com\/aepetba\",\"https:\/\/twitter.com\/aepetbahia\"],\"logo\":{\"@type\":\"ImageObject\",\"inLanguage\":\"pt-BR\",\"@id\":\"https:\/\/aepetba.org.br\/v1\/#\/schema\/logo\/image\/\",\"url\":\"https:\/\/aepetba.org.br\/v1\/wp-content\/uploads\/revslider\/home\/logo-AEPETBA.png\",\"contentUrl\":\"https:\/\/aepetba.org.br\/v1\/wp-content\/uploads\/revslider\/home\/logo-AEPETBA.png\",\"width\":297,\"height\":86,\"caption\":\"AEPET N\u00facleo Bahia\"},\"image\":{\"@id\":\"https:\/\/aepetba.org.br\/v1\/#\/schema\/logo\/image\/\"}},{\"@type\":\"WebSite\",\"@id\":\"https:\/\/aepetba.org.br\/v1\/#website\",\"url\":\"https:\/\/aepetba.org.br\/v1\/\",\"name\":\"AEPET N\u00daCLEO BAHIA\",\"description\":\"Associa\u00e7\u00e3o dos Engenheiros da Petrobr\u00e1s N\u00facleo Bahia Petr\u00f3leo Bahia Salvador Nordeste \",\"publisher\":{\"@id\":\"https:\/\/aepetba.org.br\/v1\/#organization\"},\"potentialAction\":[{\"@type\":\"SearchAction\",\"target\":{\"@type\":\"EntryPoint\",\"urlTemplate\":\"https:\/\/aepetba.org.br\/v1\/?s={search_term_string}\"},\"query-input\":\"required name=search_term_string\"}],\"inLanguage\":\"pt-BR\"},{\"@type\":\"ImageObject\",\"inLanguage\":\"pt-BR\",\"@id\":\"https:\/\/aepetba.org.br\/v1\/ha-69-anos-nascia-a-petrobras\/#primaryimage\",\"url\":\"https:\/\/aepetba.org.br\/v1\/wp-content\/uploads\/2022\/10\/Materia-Ha-69-anos-nascia-a-Petrobras-Aepet-ba.jpg\",\"contentUrl\":\"https:\/\/aepetba.org.br\/v1\/wp-content\/uploads\/2022\/10\/Materia-Ha-69-anos-nascia-a-Petrobras-Aepet-ba.jpg\",\"width\":1080,\"height\":1080},{\"@type\":\"WebPage\",\"@id\":\"https:\/\/aepetba.org.br\/v1\/ha-69-anos-nascia-a-petrobras\/\",\"url\":\"https:\/\/aepetba.org.br\/v1\/ha-69-anos-nascia-a-petrobras\/\",\"name\":\"H\u00e1 69 anos nascia a Petrobr\u00e1s\",\"isPartOf\":{\"@id\":\"https:\/\/aepetba.org.br\/v1\/#website\"},\"primaryImageOfPage\":{\"@id\":\"https:\/\/aepetba.org.br\/v1\/ha-69-anos-nascia-a-petrobras\/#primaryimage\"},\"datePublished\":\"2022-10-05T15:08:19+00:00\",\"dateModified\":\"2022-10-05T15:13:26+00:00\",\"description\":\"H\u00e1 69 anos nascia a Petrobr\u00e1s! Um texto escrito por Fl\u00e1vio Diniz Fontes, vice-presidente da AEPET-BA. Publicado no Jornal A Tarde do dia, 03 de outubro de 2022\",\"breadcrumb\":{\"@id\":\"https:\/\/aepetba.org.br\/v1\/ha-69-anos-nascia-a-petrobras\/#breadcrumb\"},\"inLanguage\":\"pt-BR\",\"potentialAction\":[{\"@type\":\"ReadAction\",\"target\":[\"https:\/\/aepetba.org.br\/v1\/ha-69-anos-nascia-a-petrobras\/\"]}]},{\"@type\":\"BreadcrumbList\",\"@id\":\"https:\/\/aepetba.org.br\/v1\/ha-69-anos-nascia-a-petrobras\/#breadcrumb\",\"itemListElement\":[{\"@type\":\"ListItem\",\"position\":1,\"name\":\"In\u00edcio\",\"item\":\"https:\/\/aepetba.org.br\/v1\/\"},{\"@type\":\"ListItem\",\"position\":2,\"name\":\"H\u00e1 69 anos nascia a Petrobr\u00e1s\"}]},{\"@type\":\"Article\",\"@id\":\"https:\/\/aepetba.org.br\/v1\/ha-69-anos-nascia-a-petrobras\/#article\",\"isPartOf\":{\"@id\":\"https:\/\/aepetba.org.br\/v1\/ha-69-anos-nascia-a-petrobras\/\"},\"author\":{\"name\":\"AEPETBA\",\"@id\":\"https:\/\/aepetba.org.br\/v1\/#\/schema\/person\/3504208f89f3f50e1526867ebb573b88\"},\"headline\":\"H\u00e1 69 anos nascia a Petrobr\u00e1s\",\"datePublished\":\"2022-10-05T15:08:19+00:00\",\"dateModified\":\"2022-10-05T15:13:26+00:00\",\"mainEntityOfPage\":{\"@id\":\"https:\/\/aepetba.org.br\/v1\/ha-69-anos-nascia-a-petrobras\/\"},\"wordCount\":486,\"publisher\":{\"@id\":\"https:\/\/aepetba.org.br\/v1\/#organization\"},\"image\":{\"@id\":\"https:\/\/aepetba.org.br\/v1\/ha-69-anos-nascia-a-petrobras\/#primaryimage\"},\"thumbnailUrl\":\"https:\/\/aepetba.org.br\/v1\/wp-content\/uploads\/2022\/10\/Materia-Ha-69-anos-nascia-a-Petrobras-Aepet-ba.jpg\",\"articleSection\":[\"Artigos\",\"Coluna do Associado\",\"Destaque\",\"Not\u00edcias\"],\"inLanguage\":\"pt-BR\"},{\"@type\":\"Person\",\"@id\":\"https:\/\/aepetba.org.br\/v1\/#\/schema\/person\/3504208f89f3f50e1526867ebb573b88\",\"name\":\"AEPETBA\",\"image\":{\"@type\":\"ImageObject\",\"inLanguage\":\"pt-BR\",\"@id\":\"https:\/\/aepetba.org.br\/v1\/#\/schema\/person\/image\/\",\"url\":\"https:\/\/secure.gravatar.com\/avatar\/3e6e1bf98c38137fc6b937d21e974714?s=96&d=mm&r=g\",\"contentUrl\":\"https:\/\/secure.gravatar.com\/avatar\/3e6e1bf98c38137fc6b937d21e974714?s=96&d=mm&r=g\",\"caption\":\"AEPETBA\"},\"sameAs\":[\"http:\/\/aepetba.org.br\/v1\"],\"url\":\"https:\/\/aepetba.org.br\/v1\/author\/lubconsultoria\/\"}]}<\/script>\n<!-- \/ Yoast SEO plugin. -->","yoast_head_json":{"title":"H\u00e1 69 anos nascia a Petrobr\u00e1s","description":"H\u00e1 69 anos nascia a Petrobr\u00e1s! Um texto escrito por Fl\u00e1vio Diniz Fontes, vice-presidente da AEPET-BA. Publicado no Jornal A Tarde do dia, 03 de outubro de 2022","robots":{"index":"index","follow":"follow","max-snippet":"max-snippet:-1","max-image-preview":"max-image-preview:large","max-video-preview":"max-video-preview:-1"},"canonical":"https:\/\/aepetba.org.br\/v1\/ha-69-anos-nascia-a-petrobras\/","og_locale":"pt_BR","og_type":"article","og_title":"H\u00e1 69 anos nascia a Petrobr\u00e1s","og_description":"H\u00e1 69 anos nascia a Petrobr\u00e1s! Um texto escrito por Fl\u00e1vio Diniz Fontes, vice-presidente da AEPET-BA. Publicado no Jornal A Tarde do dia, 03 de outubro de 2022","og_url":"https:\/\/aepetba.org.br\/v1\/ha-69-anos-nascia-a-petrobras\/","og_site_name":"AEPET N\u00daCLEO BAHIA","article_publisher":"https:\/\/web.facebook.com\/aepetba","article_published_time":"2022-10-05T15:08:19+00:00","article_modified_time":"2022-10-05T15:13:26+00:00","og_image":[{"width":1080,"height":1080,"url":"https:\/\/aepetba.org.br\/v1\/wp-content\/uploads\/2022\/10\/Materia-Ha-69-anos-nascia-a-Petrobras-Aepet-ba.jpg","type":"image\/jpeg"}],"author":"AEPETBA","twitter_card":"summary_large_image","twitter_creator":"@aepetbahia","twitter_site":"@aepetbahia","twitter_misc":{"Escrito por":"AEPETBA","Est. tempo de leitura":"3 minutos"},"schema":{"@context":"https:\/\/schema.org","@graph":[{"@type":"Organization","@id":"https:\/\/aepetba.org.br\/v1\/#organization","name":"AEPET N\u00facleo Bahia","url":"https:\/\/aepetba.org.br\/v1\/","sameAs":["https:\/\/www.instagram.com\/aepetbahia\/","https:\/\/www.youtube.com\/c\/AEPETBAHIA","https:\/\/web.facebook.com\/aepetba","https:\/\/twitter.com\/aepetbahia"],"logo":{"@type":"ImageObject","inLanguage":"pt-BR","@id":"https:\/\/aepetba.org.br\/v1\/#\/schema\/logo\/image\/","url":"https:\/\/aepetba.org.br\/v1\/wp-content\/uploads\/revslider\/home\/logo-AEPETBA.png","contentUrl":"https:\/\/aepetba.org.br\/v1\/wp-content\/uploads\/revslider\/home\/logo-AEPETBA.png","width":297,"height":86,"caption":"AEPET N\u00facleo Bahia"},"image":{"@id":"https:\/\/aepetba.org.br\/v1\/#\/schema\/logo\/image\/"}},{"@type":"WebSite","@id":"https:\/\/aepetba.org.br\/v1\/#website","url":"https:\/\/aepetba.org.br\/v1\/","name":"AEPET N\u00daCLEO BAHIA","description":"Associa\u00e7\u00e3o dos Engenheiros da Petrobr\u00e1s N\u00facleo Bahia Petr\u00f3leo Bahia Salvador Nordeste ","publisher":{"@id":"https:\/\/aepetba.org.br\/v1\/#organization"},"potentialAction":[{"@type":"SearchAction","target":{"@type":"EntryPoint","urlTemplate":"https:\/\/aepetba.org.br\/v1\/?s={search_term_string}"},"query-input":"required name=search_term_string"}],"inLanguage":"pt-BR"},{"@type":"ImageObject","inLanguage":"pt-BR","@id":"https:\/\/aepetba.org.br\/v1\/ha-69-anos-nascia-a-petrobras\/#primaryimage","url":"https:\/\/aepetba.org.br\/v1\/wp-content\/uploads\/2022\/10\/Materia-Ha-69-anos-nascia-a-Petrobras-Aepet-ba.jpg","contentUrl":"https:\/\/aepetba.org.br\/v1\/wp-content\/uploads\/2022\/10\/Materia-Ha-69-anos-nascia-a-Petrobras-Aepet-ba.jpg","width":1080,"height":1080},{"@type":"WebPage","@id":"https:\/\/aepetba.org.br\/v1\/ha-69-anos-nascia-a-petrobras\/","url":"https:\/\/aepetba.org.br\/v1\/ha-69-anos-nascia-a-petrobras\/","name":"H\u00e1 69 anos nascia a Petrobr\u00e1s","isPartOf":{"@id":"https:\/\/aepetba.org.br\/v1\/#website"},"primaryImageOfPage":{"@id":"https:\/\/aepetba.org.br\/v1\/ha-69-anos-nascia-a-petrobras\/#primaryimage"},"datePublished":"2022-10-05T15:08:19+00:00","dateModified":"2022-10-05T15:13:26+00:00","description":"H\u00e1 69 anos nascia a Petrobr\u00e1s! Um texto escrito por Fl\u00e1vio Diniz Fontes, vice-presidente da AEPET-BA. Publicado no Jornal A Tarde do dia, 03 de outubro de 2022","breadcrumb":{"@id":"https:\/\/aepetba.org.br\/v1\/ha-69-anos-nascia-a-petrobras\/#breadcrumb"},"inLanguage":"pt-BR","potentialAction":[{"@type":"ReadAction","target":["https:\/\/aepetba.org.br\/v1\/ha-69-anos-nascia-a-petrobras\/"]}]},{"@type":"BreadcrumbList","@id":"https:\/\/aepetba.org.br\/v1\/ha-69-anos-nascia-a-petrobras\/#breadcrumb","itemListElement":[{"@type":"ListItem","position":1,"name":"In\u00edcio","item":"https:\/\/aepetba.org.br\/v1\/"},{"@type":"ListItem","position":2,"name":"H\u00e1 69 anos nascia a Petrobr\u00e1s"}]},{"@type":"Article","@id":"https:\/\/aepetba.org.br\/v1\/ha-69-anos-nascia-a-petrobras\/#article","isPartOf":{"@id":"https:\/\/aepetba.org.br\/v1\/ha-69-anos-nascia-a-petrobras\/"},"author":{"name":"AEPETBA","@id":"https:\/\/aepetba.org.br\/v1\/#\/schema\/person\/3504208f89f3f50e1526867ebb573b88"},"headline":"H\u00e1 69 anos nascia a Petrobr\u00e1s","datePublished":"2022-10-05T15:08:19+00:00","dateModified":"2022-10-05T15:13:26+00:00","mainEntityOfPage":{"@id":"https:\/\/aepetba.org.br\/v1\/ha-69-anos-nascia-a-petrobras\/"},"wordCount":486,"publisher":{"@id":"https:\/\/aepetba.org.br\/v1\/#organization"},"image":{"@id":"https:\/\/aepetba.org.br\/v1\/ha-69-anos-nascia-a-petrobras\/#primaryimage"},"thumbnailUrl":"https:\/\/aepetba.org.br\/v1\/wp-content\/uploads\/2022\/10\/Materia-Ha-69-anos-nascia-a-Petrobras-Aepet-ba.jpg","articleSection":["Artigos","Coluna do Associado","Destaque","Not\u00edcias"],"inLanguage":"pt-BR"},{"@type":"Person","@id":"https:\/\/aepetba.org.br\/v1\/#\/schema\/person\/3504208f89f3f50e1526867ebb573b88","name":"AEPETBA","image":{"@type":"ImageObject","inLanguage":"pt-BR","@id":"https:\/\/aepetba.org.br\/v1\/#\/schema\/person\/image\/","url":"https:\/\/secure.gravatar.com\/avatar\/3e6e1bf98c38137fc6b937d21e974714?s=96&d=mm&r=g","contentUrl":"https:\/\/secure.gravatar.com\/avatar\/3e6e1bf98c38137fc6b937d21e974714?s=96&d=mm&r=g","caption":"AEPETBA"},"sameAs":["http:\/\/aepetba.org.br\/v1"],"url":"https:\/\/aepetba.org.br\/v1\/author\/lubconsultoria\/"}]}},"_links":{"self":[{"href":"https:\/\/aepetba.org.br\/v1\/wp-json\/wp\/v2\/posts\/39167"}],"collection":[{"href":"https:\/\/aepetba.org.br\/v1\/wp-json\/wp\/v2\/posts"}],"about":[{"href":"https:\/\/aepetba.org.br\/v1\/wp-json\/wp\/v2\/types\/post"}],"author":[{"embeddable":true,"href":"https:\/\/aepetba.org.br\/v1\/wp-json\/wp\/v2\/users\/1"}],"replies":[{"embeddable":true,"href":"https:\/\/aepetba.org.br\/v1\/wp-json\/wp\/v2\/comments?post=39167"}],"version-history":[{"count":3,"href":"https:\/\/aepetba.org.br\/v1\/wp-json\/wp\/v2\/posts\/39167\/revisions"}],"predecessor-version":[{"id":39172,"href":"https:\/\/aepetba.org.br\/v1\/wp-json\/wp\/v2\/posts\/39167\/revisions\/39172"}],"wp:featuredmedia":[{"embeddable":true,"href":"https:\/\/aepetba.org.br\/v1\/wp-json\/wp\/v2\/media\/39168"}],"wp:attachment":[{"href":"https:\/\/aepetba.org.br\/v1\/wp-json\/wp\/v2\/media?parent=39167"}],"wp:term":[{"taxonomy":"category","embeddable":true,"href":"https:\/\/aepetba.org.br\/v1\/wp-json\/wp\/v2\/categories?post=39167"},{"taxonomy":"post_tag","embeddable":true,"href":"https:\/\/aepetba.org.br\/v1\/wp-json\/wp\/v2\/tags?post=39167"}],"curies":[{"name":"wp","href":"https:\/\/api.w.org\/{rel}","templated":true}]}}