{"id":39191,"date":"2022-10-08T07:34:56","date_gmt":"2022-10-08T10:34:56","guid":{"rendered":"https:\/\/aepetba.org.br\/v1\/?p=39191"},"modified":"2022-10-07T21:03:13","modified_gmt":"2022-10-08T00:03:13","slug":"ideias-para-adiar-o-fim-do-mundo-cidadania","status":"publish","type":"post","link":"https:\/\/aepetba.org.br\/v1\/ideias-para-adiar-o-fim-do-mundo-cidadania\/","title":{"rendered":"Ideias para adiar o fim do mundo: Cidadania"},"content":{"rendered":"<!--[if lt IE 9]><script>document.createElement('audio');<\/script><![endif]-->\n<audio class=\"wp-audio-shortcode\" id=\"audio-39191-1\" preload=\"none\" style=\"width: 100%;\" controls=\"controls\"><source type=\"audio\/ogg\" src=\"https:\/\/aepetba.org.br\/v1\/wp-content\/uploads\/2022\/10\/Ideias-para-adiar-o-fim-do-mundo-Cidadania.ogg?_=1\" \/><a href=\"https:\/\/aepetba.org.br\/v1\/wp-content\/uploads\/2022\/10\/Ideias-para-adiar-o-fim-do-mundo-Cidadania.ogg\">https:\/\/aepetba.org.br\/v1\/wp-content\/uploads\/2022\/10\/Ideias-para-adiar-o-fim-do-mundo-Cidadania.ogg<\/a><\/audio>\n<p>&nbsp;<\/p>\n<p style=\"text-align: justify;\">Introduziremos agora a quest\u00e3o da Cidadania. O melhor conceito de Cidadania \u00e9 o que considera todo habitante do pa\u00eds um par, ou seja, nada distingue um brasileiro dos outros. E, sendo um pa\u00eds miscigenado na totalidade da popula\u00e7\u00e3o, isso se transforma em inigual\u00e1vel vantagem.<\/p>\n<p style=\"text-align: justify;\">Lembremos que o conceito de cidadania ganhou, com o Direito Romano, a identidade pol\u00edtica ao inv\u00e9s das raciais, at\u00e9 ent\u00e3o preponderantes.<\/p>\n<p style=\"text-align: justify;\">O direito romano foi constru\u00e7\u00e3o dos povos miscigenados que habitavam no entorno do rio Tibre (It\u00e1lia). Este direito \u00e9 caracterizado pela formalidade, ou seja, \u00e9 um direito positivo e n\u00e3o fruto de pensamentos mitol\u00f3gicos ou m\u00e1gicos, imp\u00f5e regras objetivas; pela individualiza\u00e7\u00e3o, isto \u00e9, obriga cada um pessoalmente, \u00e9 abrangente e n\u00e3o excludente; e pela habilidade de incorporar em seu corpo legal as inevit\u00e1veis muta\u00e7\u00f5es da sociedade, a que os romanistas denominam conservantismo.<\/p>\n<p style=\"text-align: justify;\">Embora tenha vigorado at\u00e9 565 da era crist\u00e3, sua influ\u00eancia ainda se observa no direito germ\u00e2nico, franc\u00eas, ib\u00e9rico e, por consequ\u00eancia, no brasileiro.<\/p>\n<p style=\"text-align: justify;\">A Cidadania s\u00f3 pode existir em Estado Soberano, que, por sua vez, encontra sua for\u00e7a na condi\u00e7\u00e3o de cidadania da popula\u00e7\u00e3o. Portanto Soberania e Cidadania s\u00e3o pilares indispens\u00e1veis para a exist\u00eancia do Estado Nacional.<\/p>\n<p style=\"text-align: justify;\">Vimos que, neste s\u00e9culo, energias e tecnologias da informa\u00e7\u00e3o s\u00e3o elementos b\u00e1sicos da Soberania. A Cidadania \u00e9 mais complexa, pois al\u00e9m de quest\u00f5es materiais, objetivas, trata do psicossocial da sociedade.<\/p>\n<p style=\"text-align: justify;\">Coloquemos ent\u00e3o as obriga\u00e7\u00f5es de um Estado para garantir a igualdade, que todos sejam pares, na linha de partida. Estas condi\u00e7\u00f5es n\u00e3o s\u00e3o, portanto, da inating\u00edvel igualdade f\u00edsica, mental e espiritual de todos, mas aquelas objetivas de se ter exist\u00eancia sadia e condi\u00e7\u00f5es cognitivas e \u00e9ticas de agir como efetivo colaborador da sociedade.<\/p>\n<p style=\"text-align: justify;\">Para Cidadania se grupam as condi\u00e7\u00f5es para exist\u00eancia: sa\u00fade, habita\u00e7\u00e3o, mobilidade, e as condi\u00e7\u00f5es para consci\u00eancia: educa\u00e7\u00e3o, trabalho e vocaliza\u00e7\u00e3o. E aquelas que s\u00e3o necess\u00e1rias para usufruirmos de ambas, que constituem a garantia dos direitos. \u00c9 nesse conjunto que se desenvolve a constru\u00e7\u00e3o da cidadania.<\/p>\n<p style=\"text-align: justify;\">Discorramos brevemente sobre condi\u00e7\u00f5es para exist\u00eancia.<\/p>\n<p style=\"text-align: justify;\">A sa\u00fade j\u00e1 existe como um sistema dos mais avan\u00e7ados no mundo: o Sistema \u00danico de Sa\u00fade (SUS) \u2013 Constitui\u00e7\u00e3o de 1988, T\u00edtulo VIII, Cap\u00edtulo II, Se\u00e7\u00e3o II. O empecilho \u00e9 a sujei\u00e7\u00e3o or\u00e7ament\u00e1ria do Estado Brasileiro ao dec\u00e1logo neoliberal, estabelecido pelas finan\u00e7as internacionais, designado \u201cConsenso de Washington\u201d.<\/p>\n<p style=\"text-align: justify;\">Fosse Estado independente e soberano, o Brasil poderia e deveria ignorar esta imposi\u00e7\u00e3o ap\u00e1trida e de capitais em grande parte de origem il\u00edcita, como s\u00e3o os dos \u201cgestores de ativos\u201d, existentes nos 84 para\u00edsos fiscais espalhados pelo mundo. Por\u00e9m os governantes desde Jo\u00e3o Figueiredo ou desconsideraram nossa autonomia, ou buscaram desconstruir o Estado Nacional Soberano.<\/p>\n<p style=\"text-align: justify;\">No caso espec\u00edfico do governo p\u00f3s-2019, quando o covid-19 chega ao Brasil, a \u00fanica explica\u00e7\u00e3o para as 686 mil mortes (at\u00e9 22\/09\/2022) \u00e9 da sujei\u00e7\u00e3o governamental ao interesse do sistema financeiro internacional, concentrador de renda e redutor de empregos, e contribuir para reduzir a popula\u00e7\u00e3o mundial que, no desespero, poderia levar \u00e0 transforma\u00e7\u00e3o da sociedade. Em 2011, a mais famosa revista m\u00e9dica do mundo, The Lancet, do Reino Unido, publicou artigo destacando a qualidade e efic\u00e1cia do SUS brasileiro.<\/p>\n<p style=\"text-align: justify;\">A habita\u00e7\u00e3o n\u00e3o se reduz \u00e0 constru\u00e7\u00e3o imobili\u00e1ria. Ela tem in\u00edcio no plano urban\u00edstico da cidade, na preserva\u00e7\u00e3o das \u00e1reas verdes, na prote\u00e7\u00e3o de rios, lagos e aqu\u00edferos, no saneamento b\u00e1sico, e na constru\u00e7\u00e3o dos recursos indispens\u00e1veis para a exist\u00eancia e para a consci\u00eancia, tais como sistemas de transporte, escolas, teatros e \u00e1reas p\u00fablicas de com\u00e9rcio e lazer.<\/p>\n<p style=\"text-align: justify;\">Singapura n\u00e3o \u00e9 um pa\u00eds comunista, ao contr\u00e1rio, muitas vezes citado como \u201cp\u00e9rola capitalista no Oriente\u201d. Ex-col\u00f4nia brit\u00e2nica, esta cidade-estado, constitu\u00edda por 63 ilhas, separada da Mal\u00e1sia pelo Estreito de Jor, ao norte, e, ao sul, das Ilhas Riau (Indon\u00e9sia) pelo Estreito de Singapura, \u00e9 o que apresentou, em 2014, o maior \u00cdndice de Desenvolvimento Humano (IDH) dos pa\u00edses asi\u00e1ticos (9\u00ba melhor do mundo).<\/p>\n<p style=\"text-align: justify;\">Desde 9 de agosto de 1965, com a Independ\u00eancia pol\u00edtica, at\u00e9 1990, Lee Kuan Yew governou o Pa\u00eds. Lee Yew faleceu em 23 de mar\u00e7o de 2015, quando eram comemorados 50 anos da Independ\u00eancia. O Partido A\u00e7\u00e3o Popular (PAP), de Yew, vem desde 1965 governando o pa\u00eds; dos 95 membros eleitos do parlamento, o PAP obteve, na \u00faltima elei\u00e7\u00e3o em 10 de julho de 2020, 83 cadeiras.<\/p>\n<p style=\"text-align: justify;\">Os ex\u00edguos 704 km\u00b2, para 5,7 milh\u00f5es de habitantes (2021), exigem forte presen\u00e7a do Estado no planejamento urbano. A Cidade-Estado se subdivide em cinco regi\u00f5es.<\/p>\n<p style=\"text-align: justify;\">(a) \u00c1rea Central de Singapura \u00e9 a zona administrativa e comercial. \u00c9 \u00e1rea urbana planejada de 266 hectares urbanos, no sul de Singapura. Como o pr\u00f3prio nome indica, forma o centro econ\u00f4mico, incluindo os distritos mais importantes, os edif\u00edcios administrativos, como a Casa do Parlamento, a Suprema Corte e a Prefeitura, bem como numerosos edif\u00edcios comerciais e monumentos culturais. Nesta \u00e1rea est\u00e1 o porto de Singapura que \u00e9 dos mais movimentados do mundo e fica em ponto estrat\u00e9gico, no Oceano Pac\u00edfico, na parte sul do estreito de Malaca.<\/p>\n<p style=\"text-align: justify;\">(b) Jurong era um p\u00e2ntano at\u00e9 os anos 1960, quando Goh Keng Swee, um ministro, com aux\u00edlio das Na\u00e7\u00f5es Unidas (ONU), transformou em lugar para constru\u00e7\u00f5es industriais. Jurong \u00e9 dividido em Jurong do leste, com casas e as lojas e Jurong do oeste, principalmente industrial.<\/p>\n<p style=\"text-align: justify;\">(c) Kallang \u00e9 zona de desenvolvimento urbano, localizada na Regi\u00e3o Central de Singapura, com \u00e1rea de 9,17 km\u00b2 e popula\u00e7\u00e3o de 101 200 habitantes (2014).<\/p>\n<p style=\"text-align: justify;\">(d) Queenstown foi a primeira cidade sat\u00e9lite a ser constru\u00edda no pa\u00eds. A maioria das resid\u00eancias, dentro do munic\u00edpio, consiste em apartamentos simples de um, dois ou tr\u00eas quartos, normalmente em edif\u00edcios baixos e sem elevador. At\u00e9 1968 foram constru\u00eddas 19.372 unidades habitacionais.<\/p>\n<p style=\"text-align: justify;\">(e) Toa Payoh \u00e9 outra cidade planejada da regi\u00e3o central de Singapura. Sua constru\u00e7\u00e3o iniciou-se em 1962.<\/p>\n<p style=\"text-align: justify;\">Singapura tem pol\u00edtica habitacional que proporciona resid\u00eancia a toda popula\u00e7\u00e3o cingapurense.<\/p>\n<p style=\"text-align: justify;\">Todos os habitantes maiores de 18 anos celebram contrato de 100 anos para loca\u00e7\u00e3o imobili\u00e1ria com o Estado. A primeira suposi\u00e7\u00e3o \u00e9 que pouqu\u00edssimos, se algum cingapurense, celebrar\u00e3o 119 anos. Depois, que as necessidades variam ao longo da vida. O jovem locador ser\u00e1 certamente solteiro com sal\u00e1rio apenas capaz de alugar um conjugado. O planejamento urbano possibilita condi\u00e7\u00f5es de moradia, com a infraestrutura adequada e com o transporte p\u00fablico mais eficiente de quantos j\u00e1 tivemos oportunidade de conhecer.<\/p>\n<p style=\"text-align: justify;\">\u00a0Ao longo da vida, com a progress\u00e3o funcional, o casamento, a vinda de filhos, tanto os homens quanto as mulheres, ir\u00e3o aditando o contrato para mais espa\u00e7osas e melhor situadas loca\u00e7\u00f5es. At\u00e9 que a idade possa reverter suas necessidades.<\/p>\n<p style=\"text-align: justify;\">Seria imposs\u00edvel o \u201cmercado\u201d edificar uma Cidade-Estado como Singapura. Apenas o Estado Soberano, com o apoio da popula\u00e7\u00e3o, pode atingir esta situa\u00e7\u00e3o.<\/p>\n<p style=\"text-align: justify;\">Analisemos agora algumas condi\u00e7\u00f5es para consci\u00eancia.<\/p>\n<p style=\"text-align: justify;\">A educa\u00e7\u00e3o tem sido o discurso mais c\u00ednico que as elites brasileiras apresentam ao povo desde o Imp\u00e9rio escravista. Foi efetivamente objeto de aten\u00e7\u00e3o do Poder Executivo e aplicado apenas em tr\u00eas momentos: no Governo Nacional, com Get\u00falio Vargas, e com o Plano Nacional de Alfabetiza\u00e7\u00e3o de Jo\u00e3o Goulart, e nos governos estaduais de Leonel Brizola, no Rio Grande do Sul, e, com os Centros Integrados de Educa\u00e7\u00e3o P\u00fablica (CIEPs), no Rio de Janeiro.<\/p>\n<p style=\"text-align: justify;\">Tratando este artigo da Cidadania, n\u00e3o cabe discorrer sobre pedagogias e outras quest\u00f5es did\u00e1ticas. Por\u00e9m \u00e9 importante deixar claro que n\u00e3o se adestra apenas nem principalmente para o trabalho; se constr\u00f3i conhecimento para capacitar o cidad\u00e3o para a vida intelectual, profissional, afetiva, esportiva, art\u00edstica e sobretudo para que assuma seu papel na defesa e na constru\u00e7\u00e3o da Na\u00e7\u00e3o, do Estado Nacional.<\/p>\n<p style=\"text-align: justify;\">Estudo comparativo do pedagogo paulista Manuel Bergstr\u00f6m Louren\u00e7o Filho (\u201cEduca\u00e7\u00e3o Comparada\u201d, Edi\u00e7\u00f5es Melhoramentos, SP, 1961) mostra que, praticamente em todo mundo, com diferentes orienta\u00e7\u00f5es pol\u00edticas e econ\u00f4micas, \u00e9 garantido aos jovens at\u00e9 18 anos o ensino, que no Brasil seria denominado atualmente creche\/fundamental\/m\u00e9dio.<\/p>\n<p style=\"text-align: justify;\">E o Estado \u00e9, em grande parte quando n\u00e3o o \u00fanico ou mais importante, o executor desta pol\u00edtica educacional, sempre estabelecida por documento normativo, editado pelo governo.<\/p>\n<p style=\"text-align: justify;\">O trabalho na concep\u00e7\u00e3o neoliberal \u00e9 algo a ser combatido na pr\u00e1tica pol\u00edtica, legislativa e nas a\u00e7\u00f5es do executivo e judici\u00e1rio, embora seja cobrado pelos solertes discursos. \u00c9 estabelecida a oposi\u00e7\u00e3o capital x trabalho, que n\u00e3o foi o projeto varguista, conforme se leem em diversos discursos e se confirma na legisla\u00e7\u00e3o que obteve do legislativo ou prop\u00f4s ou implantou no Estado Novo.<\/p>\n<p style=\"text-align: justify;\">O trabalho \u00e9 uma das ferramentas para realiza\u00e7\u00e3o humana. \u00c9 o que nos d\u00e1 prazer e orgulho. O leitor deste artigo j\u00e1 teve certamente a sensa\u00e7\u00e3o de satisfa\u00e7\u00e3o ao concluir um desafiante trabalho, seja predominantemente manual ou intelectual, seja na coordena\u00e7\u00e3o de pessoas para superar obst\u00e1culos ou promover um feito complexo.<\/p>\n<p style=\"text-align: justify;\">O que se dir\u00e1 ent\u00e3o do trabalho de um artista, da vit\u00f3ria de um esportista, da descoberta de um cientista. N\u00e3o h\u00e1 dinheiro que pague, certamente foi a express\u00e3o mais ouvida.<\/p>\n<p style=\"text-align: justify;\">O curioso \u00e9 que, colocando como luta de classe, o trabalho contra o capital, os marxistas acabam fazendo eco aos neoliberais. H\u00e1 espa\u00e7os para o capital sem que este seja hostil ou se oponha ao trabalho. Este \u00e9 um princ\u00edpio que leva \u00e0 pacifica\u00e7\u00e3o do Pa\u00eds: ao nacional-trabalhismo.<\/p>\n<p style=\"text-align: justify;\">O trabalho, como instruiu Get\u00falio Vargas, precisa da prote\u00e7\u00e3o n\u00e3o paternalista do Estado, para o que existem os sindicatos, de livre associa\u00e7\u00e3o dos trabalhadores, e a legisla\u00e7\u00e3o trabalhista e previdenci\u00e1ria; como para o capital deve haver limita\u00e7\u00f5es impostas pelo Estado, para o que se vota a legisla\u00e7\u00e3o tribut\u00e1ria.<\/p>\n<p style=\"text-align: justify;\">E a consci\u00eancia cidad\u00e3 de todos, pela educa\u00e7\u00e3o, far\u00e1 da grande maioria, perto da totalidade, da popula\u00e7\u00e3o, defensores desta a\u00e7\u00e3o cooperativa de interesse nacional.<\/p>\n<p style=\"text-align: justify;\"><strong><em>Leia o artigo sobre soberania &#8211; <\/em><span style=\"text-decoration: underline;\"><a href=\"https:\/\/aepetba.org.br\/v1\/2022\/10\/05\/ideias-para-adiar-o-fim-do-mundo-soberania\/\"><em>Clique aqui.<\/em><\/a><\/span><\/strong><\/p>\n<p style=\"text-align: justify;\"><em>Pedro Augusto Pinho, administrador aposentado, presidente da AEPET<\/em><\/p>\n<p><em>\u00a0<\/em><\/p>\n","protected":false},"excerpt":{"rendered":"<p>&nbsp; Introduziremos agora a quest\u00e3o da Cidadania. O melhor conceito de Cidadania \u00e9 o que considera todo habitante do pa\u00eds um par, ou seja, nada distingue um brasileiro dos outros. E, sendo um pa\u00eds miscigenado na totalidade da popula\u00e7\u00e3o, isso&#8230;<\/p>\n","protected":false},"author":1,"featured_media":39192,"comment_status":"closed","ping_status":"closed","sticky":false,"template":"","format":"standard","meta":[],"categories":[325,87,10],"tags":[],"yoast_head":"<!-- This site is optimized with the Yoast SEO plugin v19.3 - https:\/\/yoast.com\/wordpress\/plugins\/seo\/ -->\n<title>Ideias para adiar o fim do mundo: Cidadania<\/title>\n<meta name=\"robots\" content=\"index, follow, max-snippet:-1, max-image-preview:large, max-video-preview:-1\" \/>\n<link rel=\"canonical\" href=\"https:\/\/aepetba.org.br\/v1\/ideias-para-adiar-o-fim-do-mundo-cidadania\/\" \/>\n<meta property=\"og:locale\" content=\"pt_BR\" \/>\n<meta property=\"og:type\" content=\"article\" \/>\n<meta property=\"og:title\" content=\"Ideias para adiar o fim do mundo: Cidadania\" \/>\n<meta property=\"og:description\" content=\"&nbsp; Introduziremos agora a quest\u00e3o da Cidadania. O melhor conceito de Cidadania \u00e9 o que considera todo habitante do pa\u00eds um par, ou seja, nada distingue um brasileiro dos outros. E, sendo um pa\u00eds miscigenado na totalidade da popula\u00e7\u00e3o, isso...\" \/>\n<meta property=\"og:url\" content=\"https:\/\/aepetba.org.br\/v1\/ideias-para-adiar-o-fim-do-mundo-cidadania\/\" \/>\n<meta property=\"og:site_name\" content=\"AEPET N\u00daCLEO BAHIA\" \/>\n<meta property=\"article:publisher\" content=\"https:\/\/web.facebook.com\/aepetba\" \/>\n<meta property=\"article:published_time\" content=\"2022-10-08T10:34:56+00:00\" \/>\n<meta property=\"article:modified_time\" content=\"2022-10-08T00:03:13+00:00\" \/>\n<meta property=\"og:image\" content=\"https:\/\/aepetba.org.br\/v1\/wp-content\/uploads\/2022\/10\/Materia-Ideias-para-adiar-o-fim-do-mundo-Cidadania-petroleo-bahia-Aepet-ba.jpg\" \/>\n\t<meta property=\"og:image:width\" content=\"1079\" \/>\n\t<meta property=\"og:image:height\" content=\"924\" \/>\n\t<meta property=\"og:image:type\" content=\"image\/jpeg\" \/>\n<meta name=\"author\" content=\"AEPETBA\" \/>\n<meta name=\"twitter:card\" content=\"summary_large_image\" \/>\n<meta name=\"twitter:creator\" content=\"@aepetbahia\" \/>\n<meta name=\"twitter:site\" content=\"@aepetbahia\" \/>\n<meta name=\"twitter:label1\" content=\"Escrito por\" \/>\n\t<meta name=\"twitter:data1\" content=\"AEPETBA\" \/>\n\t<meta name=\"twitter:label2\" content=\"Est. tempo de leitura\" \/>\n\t<meta name=\"twitter:data2\" content=\"9 minutos\" \/>\n<script type=\"application\/ld+json\" class=\"yoast-schema-graph\">{\"@context\":\"https:\/\/schema.org\",\"@graph\":[{\"@type\":\"Organization\",\"@id\":\"https:\/\/aepetba.org.br\/v1\/#organization\",\"name\":\"AEPET N\u00facleo Bahia\",\"url\":\"https:\/\/aepetba.org.br\/v1\/\",\"sameAs\":[\"https:\/\/www.instagram.com\/aepetbahia\/\",\"https:\/\/www.youtube.com\/c\/AEPETBAHIA\",\"https:\/\/web.facebook.com\/aepetba\",\"https:\/\/twitter.com\/aepetbahia\"],\"logo\":{\"@type\":\"ImageObject\",\"inLanguage\":\"pt-BR\",\"@id\":\"https:\/\/aepetba.org.br\/v1\/#\/schema\/logo\/image\/\",\"url\":\"https:\/\/aepetba.org.br\/v1\/wp-content\/uploads\/revslider\/home\/logo-AEPETBA.png\",\"contentUrl\":\"https:\/\/aepetba.org.br\/v1\/wp-content\/uploads\/revslider\/home\/logo-AEPETBA.png\",\"width\":297,\"height\":86,\"caption\":\"AEPET N\u00facleo Bahia\"},\"image\":{\"@id\":\"https:\/\/aepetba.org.br\/v1\/#\/schema\/logo\/image\/\"}},{\"@type\":\"WebSite\",\"@id\":\"https:\/\/aepetba.org.br\/v1\/#website\",\"url\":\"https:\/\/aepetba.org.br\/v1\/\",\"name\":\"AEPET N\u00daCLEO BAHIA\",\"description\":\"Associa\u00e7\u00e3o dos Engenheiros da Petrobr\u00e1s N\u00facleo Bahia Petr\u00f3leo Bahia Salvador Nordeste \",\"publisher\":{\"@id\":\"https:\/\/aepetba.org.br\/v1\/#organization\"},\"potentialAction\":[{\"@type\":\"SearchAction\",\"target\":{\"@type\":\"EntryPoint\",\"urlTemplate\":\"https:\/\/aepetba.org.br\/v1\/?s={search_term_string}\"},\"query-input\":\"required name=search_term_string\"}],\"inLanguage\":\"pt-BR\"},{\"@type\":\"ImageObject\",\"inLanguage\":\"pt-BR\",\"@id\":\"https:\/\/aepetba.org.br\/v1\/ideias-para-adiar-o-fim-do-mundo-cidadania\/#primaryimage\",\"url\":\"https:\/\/aepetba.org.br\/v1\/wp-content\/uploads\/2022\/10\/Materia-Ideias-para-adiar-o-fim-do-mundo-Cidadania-petroleo-bahia-Aepet-ba.jpg\",\"contentUrl\":\"https:\/\/aepetba.org.br\/v1\/wp-content\/uploads\/2022\/10\/Materia-Ideias-para-adiar-o-fim-do-mundo-Cidadania-petroleo-bahia-Aepet-ba.jpg\",\"width\":1079,\"height\":924},{\"@type\":\"WebPage\",\"@id\":\"https:\/\/aepetba.org.br\/v1\/ideias-para-adiar-o-fim-do-mundo-cidadania\/\",\"url\":\"https:\/\/aepetba.org.br\/v1\/ideias-para-adiar-o-fim-do-mundo-cidadania\/\",\"name\":\"Ideias para adiar o fim do mundo: Cidadania\",\"isPartOf\":{\"@id\":\"https:\/\/aepetba.org.br\/v1\/#website\"},\"primaryImageOfPage\":{\"@id\":\"https:\/\/aepetba.org.br\/v1\/ideias-para-adiar-o-fim-do-mundo-cidadania\/#primaryimage\"},\"datePublished\":\"2022-10-08T10:34:56+00:00\",\"dateModified\":\"2022-10-08T00:03:13+00:00\",\"breadcrumb\":{\"@id\":\"https:\/\/aepetba.org.br\/v1\/ideias-para-adiar-o-fim-do-mundo-cidadania\/#breadcrumb\"},\"inLanguage\":\"pt-BR\",\"potentialAction\":[{\"@type\":\"ReadAction\",\"target\":[\"https:\/\/aepetba.org.br\/v1\/ideias-para-adiar-o-fim-do-mundo-cidadania\/\"]}]},{\"@type\":\"BreadcrumbList\",\"@id\":\"https:\/\/aepetba.org.br\/v1\/ideias-para-adiar-o-fim-do-mundo-cidadania\/#breadcrumb\",\"itemListElement\":[{\"@type\":\"ListItem\",\"position\":1,\"name\":\"In\u00edcio\",\"item\":\"https:\/\/aepetba.org.br\/v1\/\"},{\"@type\":\"ListItem\",\"position\":2,\"name\":\"Ideias para adiar o fim do mundo: Cidadania\"}]},{\"@type\":\"Article\",\"@id\":\"https:\/\/aepetba.org.br\/v1\/ideias-para-adiar-o-fim-do-mundo-cidadania\/#article\",\"isPartOf\":{\"@id\":\"https:\/\/aepetba.org.br\/v1\/ideias-para-adiar-o-fim-do-mundo-cidadania\/\"},\"author\":{\"name\":\"AEPETBA\",\"@id\":\"https:\/\/aepetba.org.br\/v1\/#\/schema\/person\/3504208f89f3f50e1526867ebb573b88\"},\"headline\":\"Ideias para adiar o fim do mundo: Cidadania\",\"datePublished\":\"2022-10-08T10:34:56+00:00\",\"dateModified\":\"2022-10-08T00:03:13+00:00\",\"mainEntityOfPage\":{\"@id\":\"https:\/\/aepetba.org.br\/v1\/ideias-para-adiar-o-fim-do-mundo-cidadania\/\"},\"wordCount\":1768,\"publisher\":{\"@id\":\"https:\/\/aepetba.org.br\/v1\/#organization\"},\"image\":{\"@id\":\"https:\/\/aepetba.org.br\/v1\/ideias-para-adiar-o-fim-do-mundo-cidadania\/#primaryimage\"},\"thumbnailUrl\":\"https:\/\/aepetba.org.br\/v1\/wp-content\/uploads\/2022\/10\/Materia-Ideias-para-adiar-o-fim-do-mundo-Cidadania-petroleo-bahia-Aepet-ba.jpg\",\"articleSection\":[\"Artigos\",\"Destaque\",\"Not\u00edcias\"],\"inLanguage\":\"pt-BR\"},{\"@type\":\"Person\",\"@id\":\"https:\/\/aepetba.org.br\/v1\/#\/schema\/person\/3504208f89f3f50e1526867ebb573b88\",\"name\":\"AEPETBA\",\"image\":{\"@type\":\"ImageObject\",\"inLanguage\":\"pt-BR\",\"@id\":\"https:\/\/aepetba.org.br\/v1\/#\/schema\/person\/image\/\",\"url\":\"https:\/\/secure.gravatar.com\/avatar\/3e6e1bf98c38137fc6b937d21e974714?s=96&d=mm&r=g\",\"contentUrl\":\"https:\/\/secure.gravatar.com\/avatar\/3e6e1bf98c38137fc6b937d21e974714?s=96&d=mm&r=g\",\"caption\":\"AEPETBA\"},\"sameAs\":[\"http:\/\/aepetba.org.br\/v1\"],\"url\":\"https:\/\/aepetba.org.br\/v1\/author\/lubconsultoria\/\"}]}<\/script>\n<!-- \/ Yoast SEO plugin. -->","yoast_head_json":{"title":"Ideias para adiar o fim do mundo: Cidadania","robots":{"index":"index","follow":"follow","max-snippet":"max-snippet:-1","max-image-preview":"max-image-preview:large","max-video-preview":"max-video-preview:-1"},"canonical":"https:\/\/aepetba.org.br\/v1\/ideias-para-adiar-o-fim-do-mundo-cidadania\/","og_locale":"pt_BR","og_type":"article","og_title":"Ideias para adiar o fim do mundo: Cidadania","og_description":"&nbsp; Introduziremos agora a quest\u00e3o da Cidadania. O melhor conceito de Cidadania \u00e9 o que considera todo habitante do pa\u00eds um par, ou seja, nada distingue um brasileiro dos outros. E, sendo um pa\u00eds miscigenado na totalidade da popula\u00e7\u00e3o, isso...","og_url":"https:\/\/aepetba.org.br\/v1\/ideias-para-adiar-o-fim-do-mundo-cidadania\/","og_site_name":"AEPET N\u00daCLEO BAHIA","article_publisher":"https:\/\/web.facebook.com\/aepetba","article_published_time":"2022-10-08T10:34:56+00:00","article_modified_time":"2022-10-08T00:03:13+00:00","og_image":[{"width":1079,"height":924,"url":"https:\/\/aepetba.org.br\/v1\/wp-content\/uploads\/2022\/10\/Materia-Ideias-para-adiar-o-fim-do-mundo-Cidadania-petroleo-bahia-Aepet-ba.jpg","type":"image\/jpeg"}],"author":"AEPETBA","twitter_card":"summary_large_image","twitter_creator":"@aepetbahia","twitter_site":"@aepetbahia","twitter_misc":{"Escrito por":"AEPETBA","Est. tempo de leitura":"9 minutos"},"schema":{"@context":"https:\/\/schema.org","@graph":[{"@type":"Organization","@id":"https:\/\/aepetba.org.br\/v1\/#organization","name":"AEPET N\u00facleo Bahia","url":"https:\/\/aepetba.org.br\/v1\/","sameAs":["https:\/\/www.instagram.com\/aepetbahia\/","https:\/\/www.youtube.com\/c\/AEPETBAHIA","https:\/\/web.facebook.com\/aepetba","https:\/\/twitter.com\/aepetbahia"],"logo":{"@type":"ImageObject","inLanguage":"pt-BR","@id":"https:\/\/aepetba.org.br\/v1\/#\/schema\/logo\/image\/","url":"https:\/\/aepetba.org.br\/v1\/wp-content\/uploads\/revslider\/home\/logo-AEPETBA.png","contentUrl":"https:\/\/aepetba.org.br\/v1\/wp-content\/uploads\/revslider\/home\/logo-AEPETBA.png","width":297,"height":86,"caption":"AEPET N\u00facleo Bahia"},"image":{"@id":"https:\/\/aepetba.org.br\/v1\/#\/schema\/logo\/image\/"}},{"@type":"WebSite","@id":"https:\/\/aepetba.org.br\/v1\/#website","url":"https:\/\/aepetba.org.br\/v1\/","name":"AEPET N\u00daCLEO BAHIA","description":"Associa\u00e7\u00e3o dos Engenheiros da Petrobr\u00e1s N\u00facleo Bahia Petr\u00f3leo Bahia Salvador Nordeste ","publisher":{"@id":"https:\/\/aepetba.org.br\/v1\/#organization"},"potentialAction":[{"@type":"SearchAction","target":{"@type":"EntryPoint","urlTemplate":"https:\/\/aepetba.org.br\/v1\/?s={search_term_string}"},"query-input":"required name=search_term_string"}],"inLanguage":"pt-BR"},{"@type":"ImageObject","inLanguage":"pt-BR","@id":"https:\/\/aepetba.org.br\/v1\/ideias-para-adiar-o-fim-do-mundo-cidadania\/#primaryimage","url":"https:\/\/aepetba.org.br\/v1\/wp-content\/uploads\/2022\/10\/Materia-Ideias-para-adiar-o-fim-do-mundo-Cidadania-petroleo-bahia-Aepet-ba.jpg","contentUrl":"https:\/\/aepetba.org.br\/v1\/wp-content\/uploads\/2022\/10\/Materia-Ideias-para-adiar-o-fim-do-mundo-Cidadania-petroleo-bahia-Aepet-ba.jpg","width":1079,"height":924},{"@type":"WebPage","@id":"https:\/\/aepetba.org.br\/v1\/ideias-para-adiar-o-fim-do-mundo-cidadania\/","url":"https:\/\/aepetba.org.br\/v1\/ideias-para-adiar-o-fim-do-mundo-cidadania\/","name":"Ideias para adiar o fim do mundo: Cidadania","isPartOf":{"@id":"https:\/\/aepetba.org.br\/v1\/#website"},"primaryImageOfPage":{"@id":"https:\/\/aepetba.org.br\/v1\/ideias-para-adiar-o-fim-do-mundo-cidadania\/#primaryimage"},"datePublished":"2022-10-08T10:34:56+00:00","dateModified":"2022-10-08T00:03:13+00:00","breadcrumb":{"@id":"https:\/\/aepetba.org.br\/v1\/ideias-para-adiar-o-fim-do-mundo-cidadania\/#breadcrumb"},"inLanguage":"pt-BR","potentialAction":[{"@type":"ReadAction","target":["https:\/\/aepetba.org.br\/v1\/ideias-para-adiar-o-fim-do-mundo-cidadania\/"]}]},{"@type":"BreadcrumbList","@id":"https:\/\/aepetba.org.br\/v1\/ideias-para-adiar-o-fim-do-mundo-cidadania\/#breadcrumb","itemListElement":[{"@type":"ListItem","position":1,"name":"In\u00edcio","item":"https:\/\/aepetba.org.br\/v1\/"},{"@type":"ListItem","position":2,"name":"Ideias para adiar o fim do mundo: Cidadania"}]},{"@type":"Article","@id":"https:\/\/aepetba.org.br\/v1\/ideias-para-adiar-o-fim-do-mundo-cidadania\/#article","isPartOf":{"@id":"https:\/\/aepetba.org.br\/v1\/ideias-para-adiar-o-fim-do-mundo-cidadania\/"},"author":{"name":"AEPETBA","@id":"https:\/\/aepetba.org.br\/v1\/#\/schema\/person\/3504208f89f3f50e1526867ebb573b88"},"headline":"Ideias para adiar o fim do mundo: Cidadania","datePublished":"2022-10-08T10:34:56+00:00","dateModified":"2022-10-08T00:03:13+00:00","mainEntityOfPage":{"@id":"https:\/\/aepetba.org.br\/v1\/ideias-para-adiar-o-fim-do-mundo-cidadania\/"},"wordCount":1768,"publisher":{"@id":"https:\/\/aepetba.org.br\/v1\/#organization"},"image":{"@id":"https:\/\/aepetba.org.br\/v1\/ideias-para-adiar-o-fim-do-mundo-cidadania\/#primaryimage"},"thumbnailUrl":"https:\/\/aepetba.org.br\/v1\/wp-content\/uploads\/2022\/10\/Materia-Ideias-para-adiar-o-fim-do-mundo-Cidadania-petroleo-bahia-Aepet-ba.jpg","articleSection":["Artigos","Destaque","Not\u00edcias"],"inLanguage":"pt-BR"},{"@type":"Person","@id":"https:\/\/aepetba.org.br\/v1\/#\/schema\/person\/3504208f89f3f50e1526867ebb573b88","name":"AEPETBA","image":{"@type":"ImageObject","inLanguage":"pt-BR","@id":"https:\/\/aepetba.org.br\/v1\/#\/schema\/person\/image\/","url":"https:\/\/secure.gravatar.com\/avatar\/3e6e1bf98c38137fc6b937d21e974714?s=96&d=mm&r=g","contentUrl":"https:\/\/secure.gravatar.com\/avatar\/3e6e1bf98c38137fc6b937d21e974714?s=96&d=mm&r=g","caption":"AEPETBA"},"sameAs":["http:\/\/aepetba.org.br\/v1"],"url":"https:\/\/aepetba.org.br\/v1\/author\/lubconsultoria\/"}]}},"_links":{"self":[{"href":"https:\/\/aepetba.org.br\/v1\/wp-json\/wp\/v2\/posts\/39191"}],"collection":[{"href":"https:\/\/aepetba.org.br\/v1\/wp-json\/wp\/v2\/posts"}],"about":[{"href":"https:\/\/aepetba.org.br\/v1\/wp-json\/wp\/v2\/types\/post"}],"author":[{"embeddable":true,"href":"https:\/\/aepetba.org.br\/v1\/wp-json\/wp\/v2\/users\/1"}],"replies":[{"embeddable":true,"href":"https:\/\/aepetba.org.br\/v1\/wp-json\/wp\/v2\/comments?post=39191"}],"version-history":[{"count":2,"href":"https:\/\/aepetba.org.br\/v1\/wp-json\/wp\/v2\/posts\/39191\/revisions"}],"predecessor-version":[{"id":39195,"href":"https:\/\/aepetba.org.br\/v1\/wp-json\/wp\/v2\/posts\/39191\/revisions\/39195"}],"wp:featuredmedia":[{"embeddable":true,"href":"https:\/\/aepetba.org.br\/v1\/wp-json\/wp\/v2\/media\/39192"}],"wp:attachment":[{"href":"https:\/\/aepetba.org.br\/v1\/wp-json\/wp\/v2\/media?parent=39191"}],"wp:term":[{"taxonomy":"category","embeddable":true,"href":"https:\/\/aepetba.org.br\/v1\/wp-json\/wp\/v2\/categories?post=39191"},{"taxonomy":"post_tag","embeddable":true,"href":"https:\/\/aepetba.org.br\/v1\/wp-json\/wp\/v2\/tags?post=39191"}],"curies":[{"name":"wp","href":"https:\/\/api.w.org\/{rel}","templated":true}]}}