{"id":39223,"date":"2022-10-17T14:00:41","date_gmt":"2022-10-17T17:00:41","guid":{"rendered":"https:\/\/aepetba.org.br\/v1\/?p=39223"},"modified":"2022-10-17T14:00:41","modified_gmt":"2022-10-17T17:00:41","slug":"funcionarios-publicos-se-mobilizam-contra-votacao-da-pec-32-20","status":"publish","type":"post","link":"https:\/\/aepetba.org.br\/v1\/funcionarios-publicos-se-mobilizam-contra-votacao-da-pec-32-20\/","title":{"rendered":"Funcion\u00e1rios p\u00fablicos se mobilizam contra vota\u00e7\u00e3o da PEC 32\/20"},"content":{"rendered":"<!--[if lt IE 9]><script>document.createElement('audio');<\/script><![endif]-->\n<audio class=\"wp-audio-shortcode\" id=\"audio-39223-1\" preload=\"none\" style=\"width: 100%;\" controls=\"controls\"><source type=\"audio\/ogg\" src=\"https:\/\/aepetba.org.br\/v1\/wp-content\/uploads\/2022\/10\/servidores-publicos-contra-a-PEC-32-20.ogg?_=1\" \/><a href=\"https:\/\/aepetba.org.br\/v1\/wp-content\/uploads\/2022\/10\/servidores-publicos-contra-a-PEC-32-20.ogg\">https:\/\/aepetba.org.br\/v1\/wp-content\/uploads\/2022\/10\/servidores-publicos-contra-a-PEC-32-20.ogg<\/a><\/audio>\n<p style=\"text-align: justify;\"><span style=\"font-weight: 400;\">Nas \u00faltimas semanas, o presidente da C\u00e2mara dos Deputados, Arthur Lira (PP-AL), amea\u00e7ou retomar a vota\u00e7\u00e3o da reforma Administrativa, encaminhada pelo governo de Jair Bolsonaro (PL) ao Congresso Nacional por meio da Proposta de Emenda \u00e0 Constitui\u00e7\u00e3o (PEC) n\u00ba 32\/2020.<\/span><\/p>\n<p style=\"text-align: justify;\"><span style=\"font-weight: 400;\">Se aprovada, a proposta, mais um ataque do governo Bolsonaro ao servi\u00e7o p\u00fablico, poder\u00e1 reduzir sal\u00e1rios, acabar com a estabilidade do servidor p\u00fablico, abrir brechas para a corrup\u00e7\u00e3o, entre outras perdas para a classe trabalhadora.<\/span><\/p>\n<p style=\"text-align: justify;\"><span style=\"font-weight: 400;\">De acordo com a Ag\u00eancia C\u00e2mara de Not\u00edcias, a proposta altera 27 trechos da Constitui\u00e7\u00e3o e introduz 87 novos, sendo quatro artigos inteiros.<\/span><\/p>\n<p style=\"text-align: justify;\"><span style=\"font-weight: 400;\">A mobiliza\u00e7\u00e3o dos funcion\u00e1rios p\u00fablicos contra a vota\u00e7\u00e3o da PEC 32\/20 j\u00e1 come\u00e7ou. Na segunda-feira (10), foi realizado tuita\u00e7o em defesa do servi\u00e7o p\u00fablico convocado pela Confedera\u00e7\u00e3o Nacional dos Trabalhadores em Educa\u00e7\u00e3o (CNTE).<\/span><\/p>\n<p style=\"text-align: justify;\"><span style=\"font-weight: 400;\">Para o dia 28 de outubro \u2013 Dia do Servidor P\u00fablico \u2013 est\u00e1 prevista uma mobiliza\u00e7\u00e3o nas ruas em conjunto com outras entidades sindicais das tr\u00eas esferas do servi\u00e7o p\u00fablico no Dia Nacional em Defesa dos Servi\u00e7os P\u00fablicos, Contra a Reforma Administrativa (PEC 32) de Bolsonaro.<\/span><\/p>\n<p style=\"text-align: justify;\"><span style=\"font-weight: 400;\">Leia o material preparado pela CUT sobre os principais riscos da PEC 32\/20:<\/span><\/p>\n<h2><b>Privatiza\u00e7\u00e3o dos servi\u00e7os p\u00fablicos<\/b><\/h2>\n<p style=\"text-align: justify;\"><span style=\"font-weight: 400;\">Conforme destacado no art. 37-A da PEC 32, a proposta induz a concess\u00e3o de servi\u00e7os p\u00fablicos \u00e0 iniciativa privada, tais como educa\u00e7\u00e3o, sa\u00fade, previd\u00eancia, entre outros. Al\u00e9m de precarizar os servi\u00e7os p\u00fablicos essenciais &#8211; pois o objetivo das empresas consiste no lucro &#8211; parte expressiva da popula\u00e7\u00e3o sofrer\u00e1 mais abandono e exclus\u00e3o social.<\/span><\/p>\n<h2><b>Demiss\u00e3o e perda de estabilidade<\/b><\/h2>\n<p style=\"text-align: justify;\"><span style=\"font-weight: 400;\">A demiss\u00e3o de servidores est\u00e1veis, ao lado da privatiza\u00e7\u00e3o dos servi\u00e7os e da precariza\u00e7\u00e3o de novos contratos de trabalho no setor p\u00fablico, \u00e9 ponto central da PEC 32. A reforma traz novos crit\u00e9rios e procedimentos obrigat\u00f3rios para a avalia\u00e7\u00e3o de desempenho da maioria dos servidores (exceto cargos exclusivos de Estado), al\u00e9m de prever a demiss\u00e3o em casos de extin\u00e7\u00e3o de cargos na administra\u00e7\u00e3o p\u00fablica.<\/span><\/p>\n<h2><b>E os direitos adquiridos?<\/b><\/h2>\n<p style=\"text-align: justify;\"><span style=\"font-weight: 400;\">Se a PEC 32 for aprovada, os servidores est\u00e1veis ingressos at\u00e9 a promulga\u00e7\u00e3o da reforma n\u00e3o poder\u00e3o ser demitidos em raz\u00e3o da extin\u00e7\u00e3o do cargo, mas estar\u00e3o submetidos aos crit\u00e9rios demissionais da avalia\u00e7\u00e3o de desempenho.<\/span><\/p>\n<h2><b>Contratos tempor\u00e1rios<\/b><\/h2>\n<p style=\"text-align: justify;\"><span style=\"font-weight: 400;\">Al\u00e9m de estimular a demiss\u00e3o de servidores, a Reforma Administrativa prioriza a contrata\u00e7\u00e3o por tempo determinado (contratos tempor\u00e1rios) ou de forma terceirizada, atrav\u00e9s de entidades privadas ou empresas concession\u00e1rias e permission\u00e1rias. O objetivo \u00e9 transferir para a administra\u00e7\u00e3o p\u00fablica os tipos de contrata\u00e7\u00e3o criados com a reforma trabalhista (contrato intermitente etc.) e a lei de terceiriza\u00e7\u00e3o ilimitada. O texto tamb\u00e9m prev\u00ea a possibilidade de redu\u00e7\u00e3o de jornada e sal\u00e1rios dos servidores em at\u00e9 25%, exceto para os cargos exclusivos de Estado.<\/span><\/p>\n<h2><b>Planos de carreira e outros direitos<\/b><\/h2>\n<p style=\"text-align: justify;\"><span style=\"font-weight: 400;\">A reforma torna compet\u00eancia da Uni\u00e3o a de legislar sobre a cria\u00e7\u00e3o e extin\u00e7\u00e3o de cargos p\u00fablicos, concurso p\u00fablico, crit\u00e9rios de sele\u00e7\u00e3o e requisitos para investidura em cargos em comiss\u00e3o, estrutura\u00e7\u00e3o de carreiras, pol\u00edtica remunerat\u00f3ria, concess\u00e3o de benef\u00edcios, gest\u00e3o de desempenho, regime disciplinar, processo disciplinar, cess\u00e3o e requisi\u00e7\u00e3o de pessoal, retirando essas prerrogativas dos Estados, DF e Munic\u00edpios.<\/span><\/p>\n<h2><b>F\u00e9rias e adicionais<\/b><\/h2>\n<p style=\"text-align: justify;\"><span style=\"font-weight: 400;\">Com a Reforma, ficam proibidos os seguintes direitos aos servidores: f\u00e9rias em per\u00edodo superior a trinta dias; adicionais por tempo de servi\u00e7o; aumento de remunera\u00e7\u00e3o ou de parcelas indenizat\u00f3rias com efeitos retroativos; licen\u00e7a-pr\u00eamio, licen\u00e7a-assiduidade ou outra licen\u00e7a decorrente de tempo de servi\u00e7o; progress\u00e3o ou promo\u00e7\u00e3o baseadas exclusivamente em tempo de servi\u00e7o.<\/span><\/p>\n<h2><b>Desigualdades entre servidores p\u00fablicos<\/b><\/h2>\n<p style=\"text-align: justify;\"><span style=\"font-weight: 400;\">Apenas os cargos exclusivos de Estado (carreiras t\u00edpicas) contar\u00e3o com estabilidade e planos de carreira pr\u00f3prios. As demais carreiras estar\u00e3o sujeitas \u00e0s novas regras de demiss\u00e3o por avalia\u00e7\u00e3o de desempenho ou extin\u00e7\u00e3o de cargos, al\u00e9m de regime \u00fanico de remunera\u00e7\u00e3o. A Reforma Administrativa ainda suprime o \u00a7 5\u00ba do art. 39 da Constitui\u00e7\u00e3o, que permite aos entes federados estabelecer a rela\u00e7\u00e3o entre a maior e a menor remunera\u00e7\u00e3o entre seus servidores, como forma de diminuir a dist\u00e2ncia remunerat\u00f3ria entre eles.<\/span><\/p>\n<h2><b>Privil\u00e9gios da casta do funcionalismo p\u00fablico: mantidos!<\/b><\/h2>\n<p style=\"text-align: justify;\"><span style=\"font-weight: 400;\">Ju\u00edzes, parlamentares, membros do Minist\u00e9rio P\u00fablico e das carreiras militares n\u00e3o est\u00e3o sujeitos \u00e0s novas regras. Quanto aos militares ser\u00e3o concedidos novos benef\u00edcios, como o retorno da paridade e da integralidade que haviam sido suprimidas nas reformas previdenci\u00e1rias.<\/span><\/p>\n<p style=\"text-align: justify;\"><span style=\"font-weight: 400;\">A AEPET-BA se solidariza com a luta contra a PEC 32\/20 dos servidores p\u00fablicos. Essa PEC \u00e9 mais um ataque do governo Bolsonaro aos trabalhadores, neste caso em particular, aos servidores p\u00fablicos. Por isso, \u00e9 necess\u00e1rio participar das mobiliza\u00e7\u00f5es contra a aprova\u00e7\u00e3o da Reforma Administrativa (PEC 32\/20).<\/span><\/p>\n<p>&nbsp;<\/p>\n","protected":false},"excerpt":{"rendered":"<p>Nas \u00faltimas semanas, o presidente da C\u00e2mara dos Deputados, Arthur Lira (PP-AL), amea\u00e7ou retomar a vota\u00e7\u00e3o da reforma Administrativa, encaminhada pelo governo de Jair Bolsonaro (PL) ao Congresso Nacional por meio da Proposta de Emenda \u00e0 Constitui\u00e7\u00e3o (PEC) n\u00ba 32\/2020&#8230;.<\/p>\n","protected":false},"author":1,"featured_media":39228,"comment_status":"closed","ping_status":"closed","sticky":false,"template":"","format":"standard","meta":[],"categories":[87,10],"tags":[],"yoast_head":"<!-- This site is optimized with the Yoast SEO plugin v19.3 - https:\/\/yoast.com\/wordpress\/plugins\/seo\/ -->\n<title>Funcion\u00e1rios p\u00fablicos se mobilizam contra vota\u00e7\u00e3o da PEC 32\/20<\/title>\n<meta name=\"description\" content=\"Presidente da C\u00e2mara dos Deputados, Arthur Lira (PP-AL), amea\u00e7a retomar a vota\u00e7\u00e3o da Reforma Administrativa (PEC 32\/2020), que poder\u00e1 reduzir sal\u00e1rios, acabar com a estabilidade do servidor p\u00fablico, abrir brechas para a corrup\u00e7\u00e3o, entre outras perdas para a classe trabalhadora.\" \/>\n<meta name=\"robots\" content=\"index, follow, max-snippet:-1, max-image-preview:large, max-video-preview:-1\" \/>\n<link rel=\"canonical\" href=\"https:\/\/aepetba.org.br\/v1\/funcionarios-publicos-se-mobilizam-contra-votacao-da-pec-32-20\/\" \/>\n<meta property=\"og:locale\" content=\"pt_BR\" \/>\n<meta property=\"og:type\" content=\"article\" \/>\n<meta property=\"og:title\" content=\"Funcion\u00e1rios p\u00fablicos se mobilizam contra vota\u00e7\u00e3o da PEC 32\/20\" \/>\n<meta property=\"og:description\" content=\"Presidente da C\u00e2mara dos Deputados, Arthur Lira (PP-AL), amea\u00e7a retomar a vota\u00e7\u00e3o da Reforma Administrativa (PEC 32\/2020), que poder\u00e1 reduzir sal\u00e1rios, acabar com a estabilidade do servidor p\u00fablico, abrir brechas para a corrup\u00e7\u00e3o, entre outras perdas para a classe trabalhadora.\" \/>\n<meta property=\"og:url\" content=\"https:\/\/aepetba.org.br\/v1\/funcionarios-publicos-se-mobilizam-contra-votacao-da-pec-32-20\/\" \/>\n<meta property=\"og:site_name\" content=\"AEPET N\u00daCLEO BAHIA\" \/>\n<meta property=\"article:publisher\" content=\"https:\/\/web.facebook.com\/aepetba\" \/>\n<meta property=\"article:published_time\" content=\"2022-10-17T17:00:41+00:00\" \/>\n<meta property=\"og:image\" content=\"https:\/\/aepetba.org.br\/v1\/wp-content\/uploads\/2022\/10\/Materia-Funcionarios-publicos-se-mobilizam-contra-votacao-da-PEC-32-20-Aepet-ba.jpg\" \/>\n\t<meta property=\"og:image:width\" content=\"1079\" \/>\n\t<meta property=\"og:image:height\" content=\"944\" \/>\n\t<meta property=\"og:image:type\" content=\"image\/jpeg\" \/>\n<meta name=\"author\" content=\"AEPETBA\" \/>\n<meta name=\"twitter:card\" content=\"summary_large_image\" \/>\n<meta name=\"twitter:creator\" content=\"@aepetbahia\" \/>\n<meta name=\"twitter:site\" content=\"@aepetbahia\" \/>\n<meta name=\"twitter:label1\" content=\"Escrito por\" \/>\n\t<meta name=\"twitter:data1\" content=\"AEPETBA\" \/>\n\t<meta name=\"twitter:label2\" content=\"Est. tempo de leitura\" \/>\n\t<meta name=\"twitter:data2\" content=\"5 minutos\" \/>\n<script type=\"application\/ld+json\" class=\"yoast-schema-graph\">{\"@context\":\"https:\/\/schema.org\",\"@graph\":[{\"@type\":\"Organization\",\"@id\":\"https:\/\/aepetba.org.br\/v1\/#organization\",\"name\":\"AEPET N\u00facleo Bahia\",\"url\":\"https:\/\/aepetba.org.br\/v1\/\",\"sameAs\":[\"https:\/\/www.instagram.com\/aepetbahia\/\",\"https:\/\/www.youtube.com\/c\/AEPETBAHIA\",\"https:\/\/web.facebook.com\/aepetba\",\"https:\/\/twitter.com\/aepetbahia\"],\"logo\":{\"@type\":\"ImageObject\",\"inLanguage\":\"pt-BR\",\"@id\":\"https:\/\/aepetba.org.br\/v1\/#\/schema\/logo\/image\/\",\"url\":\"https:\/\/aepetba.org.br\/v1\/wp-content\/uploads\/revslider\/home\/logo-AEPETBA.png\",\"contentUrl\":\"https:\/\/aepetba.org.br\/v1\/wp-content\/uploads\/revslider\/home\/logo-AEPETBA.png\",\"width\":297,\"height\":86,\"caption\":\"AEPET N\u00facleo Bahia\"},\"image\":{\"@id\":\"https:\/\/aepetba.org.br\/v1\/#\/schema\/logo\/image\/\"}},{\"@type\":\"WebSite\",\"@id\":\"https:\/\/aepetba.org.br\/v1\/#website\",\"url\":\"https:\/\/aepetba.org.br\/v1\/\",\"name\":\"AEPET N\u00daCLEO BAHIA\",\"description\":\"Associa\u00e7\u00e3o dos Engenheiros da Petrobr\u00e1s N\u00facleo Bahia Petr\u00f3leo Bahia Salvador Nordeste \",\"publisher\":{\"@id\":\"https:\/\/aepetba.org.br\/v1\/#organization\"},\"potentialAction\":[{\"@type\":\"SearchAction\",\"target\":{\"@type\":\"EntryPoint\",\"urlTemplate\":\"https:\/\/aepetba.org.br\/v1\/?s={search_term_string}\"},\"query-input\":\"required name=search_term_string\"}],\"inLanguage\":\"pt-BR\"},{\"@type\":\"ImageObject\",\"inLanguage\":\"pt-BR\",\"@id\":\"https:\/\/aepetba.org.br\/v1\/funcionarios-publicos-se-mobilizam-contra-votacao-da-pec-32-20\/#primaryimage\",\"url\":\"https:\/\/aepetba.org.br\/v1\/wp-content\/uploads\/2022\/10\/Materia-Funcionarios-publicos-se-mobilizam-contra-votacao-da-PEC-32-20-Aepet-ba.jpg\",\"contentUrl\":\"https:\/\/aepetba.org.br\/v1\/wp-content\/uploads\/2022\/10\/Materia-Funcionarios-publicos-se-mobilizam-contra-votacao-da-PEC-32-20-Aepet-ba.jpg\",\"width\":1079,\"height\":944},{\"@type\":\"WebPage\",\"@id\":\"https:\/\/aepetba.org.br\/v1\/funcionarios-publicos-se-mobilizam-contra-votacao-da-pec-32-20\/\",\"url\":\"https:\/\/aepetba.org.br\/v1\/funcionarios-publicos-se-mobilizam-contra-votacao-da-pec-32-20\/\",\"name\":\"Funcion\u00e1rios p\u00fablicos se mobilizam contra vota\u00e7\u00e3o da PEC 32\/20\",\"isPartOf\":{\"@id\":\"https:\/\/aepetba.org.br\/v1\/#website\"},\"primaryImageOfPage\":{\"@id\":\"https:\/\/aepetba.org.br\/v1\/funcionarios-publicos-se-mobilizam-contra-votacao-da-pec-32-20\/#primaryimage\"},\"datePublished\":\"2022-10-17T17:00:41+00:00\",\"dateModified\":\"2022-10-17T17:00:41+00:00\",\"description\":\"Presidente da C\u00e2mara dos Deputados, Arthur Lira (PP-AL), amea\u00e7a retomar a vota\u00e7\u00e3o da Reforma Administrativa (PEC 32\/2020), que poder\u00e1 reduzir sal\u00e1rios, acabar com a estabilidade do servidor p\u00fablico, abrir brechas para a corrup\u00e7\u00e3o, entre outras perdas para a classe trabalhadora.\",\"breadcrumb\":{\"@id\":\"https:\/\/aepetba.org.br\/v1\/funcionarios-publicos-se-mobilizam-contra-votacao-da-pec-32-20\/#breadcrumb\"},\"inLanguage\":\"pt-BR\",\"potentialAction\":[{\"@type\":\"ReadAction\",\"target\":[\"https:\/\/aepetba.org.br\/v1\/funcionarios-publicos-se-mobilizam-contra-votacao-da-pec-32-20\/\"]}]},{\"@type\":\"BreadcrumbList\",\"@id\":\"https:\/\/aepetba.org.br\/v1\/funcionarios-publicos-se-mobilizam-contra-votacao-da-pec-32-20\/#breadcrumb\",\"itemListElement\":[{\"@type\":\"ListItem\",\"position\":1,\"name\":\"In\u00edcio\",\"item\":\"https:\/\/aepetba.org.br\/v1\/\"},{\"@type\":\"ListItem\",\"position\":2,\"name\":\"Funcion\u00e1rios p\u00fablicos se mobilizam contra vota\u00e7\u00e3o da PEC 32\/20\"}]},{\"@type\":\"Article\",\"@id\":\"https:\/\/aepetba.org.br\/v1\/funcionarios-publicos-se-mobilizam-contra-votacao-da-pec-32-20\/#article\",\"isPartOf\":{\"@id\":\"https:\/\/aepetba.org.br\/v1\/funcionarios-publicos-se-mobilizam-contra-votacao-da-pec-32-20\/\"},\"author\":{\"name\":\"AEPETBA\",\"@id\":\"https:\/\/aepetba.org.br\/v1\/#\/schema\/person\/3504208f89f3f50e1526867ebb573b88\"},\"headline\":\"Funcion\u00e1rios p\u00fablicos se mobilizam contra vota\u00e7\u00e3o da PEC 32\/20\",\"datePublished\":\"2022-10-17T17:00:41+00:00\",\"dateModified\":\"2022-10-17T17:00:41+00:00\",\"mainEntityOfPage\":{\"@id\":\"https:\/\/aepetba.org.br\/v1\/funcionarios-publicos-se-mobilizam-contra-votacao-da-pec-32-20\/\"},\"wordCount\":877,\"publisher\":{\"@id\":\"https:\/\/aepetba.org.br\/v1\/#organization\"},\"image\":{\"@id\":\"https:\/\/aepetba.org.br\/v1\/funcionarios-publicos-se-mobilizam-contra-votacao-da-pec-32-20\/#primaryimage\"},\"thumbnailUrl\":\"https:\/\/aepetba.org.br\/v1\/wp-content\/uploads\/2022\/10\/Materia-Funcionarios-publicos-se-mobilizam-contra-votacao-da-PEC-32-20-Aepet-ba.jpg\",\"articleSection\":[\"Destaque\",\"Not\u00edcias\"],\"inLanguage\":\"pt-BR\"},{\"@type\":\"Person\",\"@id\":\"https:\/\/aepetba.org.br\/v1\/#\/schema\/person\/3504208f89f3f50e1526867ebb573b88\",\"name\":\"AEPETBA\",\"image\":{\"@type\":\"ImageObject\",\"inLanguage\":\"pt-BR\",\"@id\":\"https:\/\/aepetba.org.br\/v1\/#\/schema\/person\/image\/\",\"url\":\"https:\/\/secure.gravatar.com\/avatar\/3e6e1bf98c38137fc6b937d21e974714?s=96&d=mm&r=g\",\"contentUrl\":\"https:\/\/secure.gravatar.com\/avatar\/3e6e1bf98c38137fc6b937d21e974714?s=96&d=mm&r=g\",\"caption\":\"AEPETBA\"},\"sameAs\":[\"http:\/\/aepetba.org.br\/v1\"],\"url\":\"https:\/\/aepetba.org.br\/v1\/author\/lubconsultoria\/\"}]}<\/script>\n<!-- \/ Yoast SEO plugin. -->","yoast_head_json":{"title":"Funcion\u00e1rios p\u00fablicos se mobilizam contra vota\u00e7\u00e3o da PEC 32\/20","description":"Presidente da C\u00e2mara dos Deputados, Arthur Lira (PP-AL), amea\u00e7a retomar a vota\u00e7\u00e3o da Reforma Administrativa (PEC 32\/2020), que poder\u00e1 reduzir sal\u00e1rios, acabar com a estabilidade do servidor p\u00fablico, abrir brechas para a corrup\u00e7\u00e3o, entre outras perdas para a classe trabalhadora.","robots":{"index":"index","follow":"follow","max-snippet":"max-snippet:-1","max-image-preview":"max-image-preview:large","max-video-preview":"max-video-preview:-1"},"canonical":"https:\/\/aepetba.org.br\/v1\/funcionarios-publicos-se-mobilizam-contra-votacao-da-pec-32-20\/","og_locale":"pt_BR","og_type":"article","og_title":"Funcion\u00e1rios p\u00fablicos se mobilizam contra vota\u00e7\u00e3o da PEC 32\/20","og_description":"Presidente da C\u00e2mara dos Deputados, Arthur Lira (PP-AL), amea\u00e7a retomar a vota\u00e7\u00e3o da Reforma Administrativa (PEC 32\/2020), que poder\u00e1 reduzir sal\u00e1rios, acabar com a estabilidade do servidor p\u00fablico, abrir brechas para a corrup\u00e7\u00e3o, entre outras perdas para a classe trabalhadora.","og_url":"https:\/\/aepetba.org.br\/v1\/funcionarios-publicos-se-mobilizam-contra-votacao-da-pec-32-20\/","og_site_name":"AEPET N\u00daCLEO BAHIA","article_publisher":"https:\/\/web.facebook.com\/aepetba","article_published_time":"2022-10-17T17:00:41+00:00","og_image":[{"width":1079,"height":944,"url":"https:\/\/aepetba.org.br\/v1\/wp-content\/uploads\/2022\/10\/Materia-Funcionarios-publicos-se-mobilizam-contra-votacao-da-PEC-32-20-Aepet-ba.jpg","type":"image\/jpeg"}],"author":"AEPETBA","twitter_card":"summary_large_image","twitter_creator":"@aepetbahia","twitter_site":"@aepetbahia","twitter_misc":{"Escrito por":"AEPETBA","Est. tempo de leitura":"5 minutos"},"schema":{"@context":"https:\/\/schema.org","@graph":[{"@type":"Organization","@id":"https:\/\/aepetba.org.br\/v1\/#organization","name":"AEPET N\u00facleo Bahia","url":"https:\/\/aepetba.org.br\/v1\/","sameAs":["https:\/\/www.instagram.com\/aepetbahia\/","https:\/\/www.youtube.com\/c\/AEPETBAHIA","https:\/\/web.facebook.com\/aepetba","https:\/\/twitter.com\/aepetbahia"],"logo":{"@type":"ImageObject","inLanguage":"pt-BR","@id":"https:\/\/aepetba.org.br\/v1\/#\/schema\/logo\/image\/","url":"https:\/\/aepetba.org.br\/v1\/wp-content\/uploads\/revslider\/home\/logo-AEPETBA.png","contentUrl":"https:\/\/aepetba.org.br\/v1\/wp-content\/uploads\/revslider\/home\/logo-AEPETBA.png","width":297,"height":86,"caption":"AEPET N\u00facleo Bahia"},"image":{"@id":"https:\/\/aepetba.org.br\/v1\/#\/schema\/logo\/image\/"}},{"@type":"WebSite","@id":"https:\/\/aepetba.org.br\/v1\/#website","url":"https:\/\/aepetba.org.br\/v1\/","name":"AEPET N\u00daCLEO BAHIA","description":"Associa\u00e7\u00e3o dos Engenheiros da Petrobr\u00e1s N\u00facleo Bahia Petr\u00f3leo Bahia Salvador Nordeste ","publisher":{"@id":"https:\/\/aepetba.org.br\/v1\/#organization"},"potentialAction":[{"@type":"SearchAction","target":{"@type":"EntryPoint","urlTemplate":"https:\/\/aepetba.org.br\/v1\/?s={search_term_string}"},"query-input":"required name=search_term_string"}],"inLanguage":"pt-BR"},{"@type":"ImageObject","inLanguage":"pt-BR","@id":"https:\/\/aepetba.org.br\/v1\/funcionarios-publicos-se-mobilizam-contra-votacao-da-pec-32-20\/#primaryimage","url":"https:\/\/aepetba.org.br\/v1\/wp-content\/uploads\/2022\/10\/Materia-Funcionarios-publicos-se-mobilizam-contra-votacao-da-PEC-32-20-Aepet-ba.jpg","contentUrl":"https:\/\/aepetba.org.br\/v1\/wp-content\/uploads\/2022\/10\/Materia-Funcionarios-publicos-se-mobilizam-contra-votacao-da-PEC-32-20-Aepet-ba.jpg","width":1079,"height":944},{"@type":"WebPage","@id":"https:\/\/aepetba.org.br\/v1\/funcionarios-publicos-se-mobilizam-contra-votacao-da-pec-32-20\/","url":"https:\/\/aepetba.org.br\/v1\/funcionarios-publicos-se-mobilizam-contra-votacao-da-pec-32-20\/","name":"Funcion\u00e1rios p\u00fablicos se mobilizam contra vota\u00e7\u00e3o da PEC 32\/20","isPartOf":{"@id":"https:\/\/aepetba.org.br\/v1\/#website"},"primaryImageOfPage":{"@id":"https:\/\/aepetba.org.br\/v1\/funcionarios-publicos-se-mobilizam-contra-votacao-da-pec-32-20\/#primaryimage"},"datePublished":"2022-10-17T17:00:41+00:00","dateModified":"2022-10-17T17:00:41+00:00","description":"Presidente da C\u00e2mara dos Deputados, Arthur Lira (PP-AL), amea\u00e7a retomar a vota\u00e7\u00e3o da Reforma Administrativa (PEC 32\/2020), que poder\u00e1 reduzir sal\u00e1rios, acabar com a estabilidade do servidor p\u00fablico, abrir brechas para a corrup\u00e7\u00e3o, entre outras perdas para a classe trabalhadora.","breadcrumb":{"@id":"https:\/\/aepetba.org.br\/v1\/funcionarios-publicos-se-mobilizam-contra-votacao-da-pec-32-20\/#breadcrumb"},"inLanguage":"pt-BR","potentialAction":[{"@type":"ReadAction","target":["https:\/\/aepetba.org.br\/v1\/funcionarios-publicos-se-mobilizam-contra-votacao-da-pec-32-20\/"]}]},{"@type":"BreadcrumbList","@id":"https:\/\/aepetba.org.br\/v1\/funcionarios-publicos-se-mobilizam-contra-votacao-da-pec-32-20\/#breadcrumb","itemListElement":[{"@type":"ListItem","position":1,"name":"In\u00edcio","item":"https:\/\/aepetba.org.br\/v1\/"},{"@type":"ListItem","position":2,"name":"Funcion\u00e1rios p\u00fablicos se mobilizam contra vota\u00e7\u00e3o da PEC 32\/20"}]},{"@type":"Article","@id":"https:\/\/aepetba.org.br\/v1\/funcionarios-publicos-se-mobilizam-contra-votacao-da-pec-32-20\/#article","isPartOf":{"@id":"https:\/\/aepetba.org.br\/v1\/funcionarios-publicos-se-mobilizam-contra-votacao-da-pec-32-20\/"},"author":{"name":"AEPETBA","@id":"https:\/\/aepetba.org.br\/v1\/#\/schema\/person\/3504208f89f3f50e1526867ebb573b88"},"headline":"Funcion\u00e1rios p\u00fablicos se mobilizam contra vota\u00e7\u00e3o da PEC 32\/20","datePublished":"2022-10-17T17:00:41+00:00","dateModified":"2022-10-17T17:00:41+00:00","mainEntityOfPage":{"@id":"https:\/\/aepetba.org.br\/v1\/funcionarios-publicos-se-mobilizam-contra-votacao-da-pec-32-20\/"},"wordCount":877,"publisher":{"@id":"https:\/\/aepetba.org.br\/v1\/#organization"},"image":{"@id":"https:\/\/aepetba.org.br\/v1\/funcionarios-publicos-se-mobilizam-contra-votacao-da-pec-32-20\/#primaryimage"},"thumbnailUrl":"https:\/\/aepetba.org.br\/v1\/wp-content\/uploads\/2022\/10\/Materia-Funcionarios-publicos-se-mobilizam-contra-votacao-da-PEC-32-20-Aepet-ba.jpg","articleSection":["Destaque","Not\u00edcias"],"inLanguage":"pt-BR"},{"@type":"Person","@id":"https:\/\/aepetba.org.br\/v1\/#\/schema\/person\/3504208f89f3f50e1526867ebb573b88","name":"AEPETBA","image":{"@type":"ImageObject","inLanguage":"pt-BR","@id":"https:\/\/aepetba.org.br\/v1\/#\/schema\/person\/image\/","url":"https:\/\/secure.gravatar.com\/avatar\/3e6e1bf98c38137fc6b937d21e974714?s=96&d=mm&r=g","contentUrl":"https:\/\/secure.gravatar.com\/avatar\/3e6e1bf98c38137fc6b937d21e974714?s=96&d=mm&r=g","caption":"AEPETBA"},"sameAs":["http:\/\/aepetba.org.br\/v1"],"url":"https:\/\/aepetba.org.br\/v1\/author\/lubconsultoria\/"}]}},"_links":{"self":[{"href":"https:\/\/aepetba.org.br\/v1\/wp-json\/wp\/v2\/posts\/39223"}],"collection":[{"href":"https:\/\/aepetba.org.br\/v1\/wp-json\/wp\/v2\/posts"}],"about":[{"href":"https:\/\/aepetba.org.br\/v1\/wp-json\/wp\/v2\/types\/post"}],"author":[{"embeddable":true,"href":"https:\/\/aepetba.org.br\/v1\/wp-json\/wp\/v2\/users\/1"}],"replies":[{"embeddable":true,"href":"https:\/\/aepetba.org.br\/v1\/wp-json\/wp\/v2\/comments?post=39223"}],"version-history":[{"count":2,"href":"https:\/\/aepetba.org.br\/v1\/wp-json\/wp\/v2\/posts\/39223\/revisions"}],"predecessor-version":[{"id":39230,"href":"https:\/\/aepetba.org.br\/v1\/wp-json\/wp\/v2\/posts\/39223\/revisions\/39230"}],"wp:featuredmedia":[{"embeddable":true,"href":"https:\/\/aepetba.org.br\/v1\/wp-json\/wp\/v2\/media\/39228"}],"wp:attachment":[{"href":"https:\/\/aepetba.org.br\/v1\/wp-json\/wp\/v2\/media?parent=39223"}],"wp:term":[{"taxonomy":"category","embeddable":true,"href":"https:\/\/aepetba.org.br\/v1\/wp-json\/wp\/v2\/categories?post=39223"},{"taxonomy":"post_tag","embeddable":true,"href":"https:\/\/aepetba.org.br\/v1\/wp-json\/wp\/v2\/tags?post=39223"}],"curies":[{"name":"wp","href":"https:\/\/api.w.org\/{rel}","templated":true}]}}