{"id":39254,"date":"2022-10-20T08:45:30","date_gmt":"2022-10-20T11:45:30","guid":{"rendered":"https:\/\/aepetba.org.br\/v1\/?p=39254"},"modified":"2022-10-20T08:46:32","modified_gmt":"2022-10-20T11:46:32","slug":"greve-dos-petroleiros-franceses-continua-nas-principais-refinarias-do-pais","status":"publish","type":"post","link":"https:\/\/aepetba.org.br\/v1\/greve-dos-petroleiros-franceses-continua-nas-principais-refinarias-do-pais\/","title":{"rendered":"Greve dos petroleiros franceses continua nas principais refinarias do pa\u00eds"},"content":{"rendered":"<!--[if lt IE 9]><script>document.createElement('audio');<\/script><![endif]-->\n<audio class=\"wp-audio-shortcode\" id=\"audio-39254-1\" preload=\"none\" style=\"width: 100%;\" controls=\"controls\"><source type=\"audio\/ogg\" src=\"https:\/\/aepetba.org.br\/v1\/wp-content\/uploads\/2022\/10\/greve-dos-petroleiros-franceses.ogg?_=1\" \/><a href=\"https:\/\/aepetba.org.br\/v1\/wp-content\/uploads\/2022\/10\/greve-dos-petroleiros-franceses.ogg\">https:\/\/aepetba.org.br\/v1\/wp-content\/uploads\/2022\/10\/greve-dos-petroleiros-franceses.ogg<\/a><\/audio>\n<p>&nbsp;<\/p>\n<p>Na ter\u00e7a-feira (18\/10), quatro centrais sindicais da Fran\u00e7a, entre elas a CGT, convocaram uma greve geral, contra o arrocho salarial e os ataques ao direito de greve. Os trabalhadores tamb\u00e9m s\u00e3o contra a reforma previdenci\u00e1ria anunciada pelo governo Macron.<\/p>\n<p>Mais de 300 mil trabalhadores participaram das mobiliza\u00e7\u00f5es e caminhadas por todo o pa\u00eds. Em Paris, no final da caminhada houve confronto com a pol\u00edcia.<\/p>\n<p>O objetivo das centrais sindicais \u00e9 ampliar para outras categorias o movimento grevista que come\u00e7ou com os petroleiros. Desde o dia 21 de setembro, a categoria decidiu pela grave, paralisando as refinarias francesas.<\/p>\n<p>Segundo as ag\u00eancias internacionais de not\u00edcias, seis das oito refinarias francesas est\u00e3o paradas, levando a um racionamento de combust\u00edveis, pois 30% dos postos do pa\u00eds j\u00e1 estariam sem gasolina e diesel.<\/p>\n<p>Os trabalhadores da Exxon Mobil iniciaram a greve que se alastrou para as refinarias da TotalEnergies, paralisando as unidades petroqu\u00edmicas da Fran\u00e7a.<\/p>\n<p>Os sindicatos reivindicam reajuste salarial acima da infla\u00e7\u00e3o, que est\u00e1 em 6,2%, e denunciam as multinacionais por se beneficiarem com superlucros gerados pela alta dos combust\u00edveis, enquanto aumentam a explora\u00e7\u00e3o sobre os trabalhadores.<\/p>\n<p>No primeiro semestre deste ano, a Total registrou lucro l\u00edquido de US$ 10 bilh\u00f5es (o equivalente a R$ 53 bilh\u00f5es) e a Exxon Mobil lucrou US$ 18 bilh\u00f5es (cerca de R$ 96 bilh\u00f5es). Apesar do lucro, as empresas oferecem reajustes salariais muito abaixo do que est\u00e1 sendo reivindicado pelos sindicatos franceses.\u00a0 A Total, por exemplo, ofertou 5% e a Exxon, 6,5%.<\/p>\n<p>Os sindicatos reivindicam, em m\u00e9dia, 10% de reajuste salarial.<\/p>\n<p>A AEPET-BA manifesta solidariedade aos trabalhadores franceses, em especial, os petroleiros que est\u00e3o em luta por melhores sal\u00e1rios e mais dignidade.<\/p>\n","protected":false},"excerpt":{"rendered":"<p>&nbsp; Na ter\u00e7a-feira (18\/10), quatro centrais sindicais da Fran\u00e7a, entre elas a CGT, convocaram uma greve geral, contra o arrocho salarial e os ataques ao direito de greve. Os trabalhadores tamb\u00e9m s\u00e3o contra a reforma previdenci\u00e1ria anunciada pelo governo Macron&#8230;.<\/p>\n","protected":false},"author":1,"featured_media":39257,"comment_status":"closed","ping_status":"closed","sticky":false,"template":"","format":"standard","meta":[],"categories":[87,10],"tags":[],"yoast_head":"<!-- This site is optimized with the Yoast SEO plugin v19.3 - https:\/\/yoast.com\/wordpress\/plugins\/seo\/ -->\n<title>Greve dos petroleiros franceses continua nas principais refinarias do pa\u00eds<\/title>\n<meta name=\"description\" content=\"Na Fran\u00e7a, a greve dos petroleiros vai completar um m\u00eas no pr\u00f3ximo dia 21. A categoria paralisou seis das oito refinarias francesas, levando a racionamento dos combust\u00edveis.\" \/>\n<meta name=\"robots\" content=\"index, follow, max-snippet:-1, max-image-preview:large, max-video-preview:-1\" \/>\n<link rel=\"canonical\" href=\"https:\/\/aepetba.org.br\/v1\/greve-dos-petroleiros-franceses-continua-nas-principais-refinarias-do-pais\/\" \/>\n<meta property=\"og:locale\" content=\"pt_BR\" \/>\n<meta property=\"og:type\" content=\"article\" \/>\n<meta property=\"og:title\" content=\"Greve dos petroleiros franceses continua nas principais refinarias do pa\u00eds\" \/>\n<meta property=\"og:description\" content=\"Na Fran\u00e7a, a greve dos petroleiros vai completar um m\u00eas no pr\u00f3ximo dia 21. A categoria paralisou seis das oito refinarias francesas, levando a racionamento dos combust\u00edveis.\" \/>\n<meta property=\"og:url\" content=\"https:\/\/aepetba.org.br\/v1\/greve-dos-petroleiros-franceses-continua-nas-principais-refinarias-do-pais\/\" \/>\n<meta property=\"og:site_name\" content=\"AEPET N\u00daCLEO BAHIA\" \/>\n<meta property=\"article:publisher\" content=\"https:\/\/web.facebook.com\/aepetba\" \/>\n<meta property=\"article:published_time\" content=\"2022-10-20T11:45:30+00:00\" \/>\n<meta property=\"article:modified_time\" content=\"2022-10-20T11:46:32+00:00\" \/>\n<meta property=\"og:image\" content=\"https:\/\/aepetba.org.br\/v1\/wp-content\/uploads\/2022\/10\/Materia-Greve-dos-petroleiros-franceses-continua-nas-principais-refinarias-do-pais-petroleo-bahia-Aepet-ba.jpg\" \/>\n\t<meta property=\"og:image:width\" content=\"1073\" \/>\n\t<meta property=\"og:image:height\" content=\"930\" \/>\n\t<meta property=\"og:image:type\" content=\"image\/jpeg\" \/>\n<meta name=\"author\" content=\"AEPETBA\" \/>\n<meta name=\"twitter:card\" content=\"summary_large_image\" \/>\n<meta name=\"twitter:creator\" content=\"@aepetbahia\" \/>\n<meta name=\"twitter:site\" content=\"@aepetbahia\" \/>\n<meta name=\"twitter:label1\" content=\"Escrito por\" \/>\n\t<meta name=\"twitter:data1\" content=\"AEPETBA\" \/>\n\t<meta name=\"twitter:label2\" content=\"Est. tempo de leitura\" \/>\n\t<meta name=\"twitter:data2\" content=\"2 minutos\" \/>\n<script type=\"application\/ld+json\" class=\"yoast-schema-graph\">{\"@context\":\"https:\/\/schema.org\",\"@graph\":[{\"@type\":\"Organization\",\"@id\":\"https:\/\/aepetba.org.br\/v1\/#organization\",\"name\":\"AEPET N\u00facleo Bahia\",\"url\":\"https:\/\/aepetba.org.br\/v1\/\",\"sameAs\":[\"https:\/\/www.instagram.com\/aepetbahia\/\",\"https:\/\/www.youtube.com\/c\/AEPETBAHIA\",\"https:\/\/web.facebook.com\/aepetba\",\"https:\/\/twitter.com\/aepetbahia\"],\"logo\":{\"@type\":\"ImageObject\",\"inLanguage\":\"pt-BR\",\"@id\":\"https:\/\/aepetba.org.br\/v1\/#\/schema\/logo\/image\/\",\"url\":\"https:\/\/aepetba.org.br\/v1\/wp-content\/uploads\/revslider\/home\/logo-AEPETBA.png\",\"contentUrl\":\"https:\/\/aepetba.org.br\/v1\/wp-content\/uploads\/revslider\/home\/logo-AEPETBA.png\",\"width\":297,\"height\":86,\"caption\":\"AEPET N\u00facleo Bahia\"},\"image\":{\"@id\":\"https:\/\/aepetba.org.br\/v1\/#\/schema\/logo\/image\/\"}},{\"@type\":\"WebSite\",\"@id\":\"https:\/\/aepetba.org.br\/v1\/#website\",\"url\":\"https:\/\/aepetba.org.br\/v1\/\",\"name\":\"AEPET N\u00daCLEO BAHIA\",\"description\":\"Associa\u00e7\u00e3o dos Engenheiros da Petrobr\u00e1s N\u00facleo Bahia Petr\u00f3leo Bahia Salvador Nordeste \",\"publisher\":{\"@id\":\"https:\/\/aepetba.org.br\/v1\/#organization\"},\"potentialAction\":[{\"@type\":\"SearchAction\",\"target\":{\"@type\":\"EntryPoint\",\"urlTemplate\":\"https:\/\/aepetba.org.br\/v1\/?s={search_term_string}\"},\"query-input\":\"required name=search_term_string\"}],\"inLanguage\":\"pt-BR\"},{\"@type\":\"ImageObject\",\"inLanguage\":\"pt-BR\",\"@id\":\"https:\/\/aepetba.org.br\/v1\/greve-dos-petroleiros-franceses-continua-nas-principais-refinarias-do-pais\/#primaryimage\",\"url\":\"https:\/\/aepetba.org.br\/v1\/wp-content\/uploads\/2022\/10\/Materia-Greve-dos-petroleiros-franceses-continua-nas-principais-refinarias-do-pais-petroleo-bahia-Aepet-ba.jpg\",\"contentUrl\":\"https:\/\/aepetba.org.br\/v1\/wp-content\/uploads\/2022\/10\/Materia-Greve-dos-petroleiros-franceses-continua-nas-principais-refinarias-do-pais-petroleo-bahia-Aepet-ba.jpg\",\"width\":1073,\"height\":930},{\"@type\":\"WebPage\",\"@id\":\"https:\/\/aepetba.org.br\/v1\/greve-dos-petroleiros-franceses-continua-nas-principais-refinarias-do-pais\/\",\"url\":\"https:\/\/aepetba.org.br\/v1\/greve-dos-petroleiros-franceses-continua-nas-principais-refinarias-do-pais\/\",\"name\":\"Greve dos petroleiros franceses continua nas principais refinarias do pa\u00eds\",\"isPartOf\":{\"@id\":\"https:\/\/aepetba.org.br\/v1\/#website\"},\"primaryImageOfPage\":{\"@id\":\"https:\/\/aepetba.org.br\/v1\/greve-dos-petroleiros-franceses-continua-nas-principais-refinarias-do-pais\/#primaryimage\"},\"datePublished\":\"2022-10-20T11:45:30+00:00\",\"dateModified\":\"2022-10-20T11:46:32+00:00\",\"description\":\"Na Fran\u00e7a, a greve dos petroleiros vai completar um m\u00eas no pr\u00f3ximo dia 21. A categoria paralisou seis das oito refinarias francesas, levando a racionamento dos combust\u00edveis.\",\"breadcrumb\":{\"@id\":\"https:\/\/aepetba.org.br\/v1\/greve-dos-petroleiros-franceses-continua-nas-principais-refinarias-do-pais\/#breadcrumb\"},\"inLanguage\":\"pt-BR\",\"potentialAction\":[{\"@type\":\"ReadAction\",\"target\":[\"https:\/\/aepetba.org.br\/v1\/greve-dos-petroleiros-franceses-continua-nas-principais-refinarias-do-pais\/\"]}]},{\"@type\":\"BreadcrumbList\",\"@id\":\"https:\/\/aepetba.org.br\/v1\/greve-dos-petroleiros-franceses-continua-nas-principais-refinarias-do-pais\/#breadcrumb\",\"itemListElement\":[{\"@type\":\"ListItem\",\"position\":1,\"name\":\"In\u00edcio\",\"item\":\"https:\/\/aepetba.org.br\/v1\/\"},{\"@type\":\"ListItem\",\"position\":2,\"name\":\"Greve dos petroleiros franceses continua nas principais refinarias do pa\u00eds\"}]},{\"@type\":\"Article\",\"@id\":\"https:\/\/aepetba.org.br\/v1\/greve-dos-petroleiros-franceses-continua-nas-principais-refinarias-do-pais\/#article\",\"isPartOf\":{\"@id\":\"https:\/\/aepetba.org.br\/v1\/greve-dos-petroleiros-franceses-continua-nas-principais-refinarias-do-pais\/\"},\"author\":{\"name\":\"AEPETBA\",\"@id\":\"https:\/\/aepetba.org.br\/v1\/#\/schema\/person\/3504208f89f3f50e1526867ebb573b88\"},\"headline\":\"Greve dos petroleiros franceses continua nas principais refinarias do pa\u00eds\",\"datePublished\":\"2022-10-20T11:45:30+00:00\",\"dateModified\":\"2022-10-20T11:46:32+00:00\",\"mainEntityOfPage\":{\"@id\":\"https:\/\/aepetba.org.br\/v1\/greve-dos-petroleiros-franceses-continua-nas-principais-refinarias-do-pais\/\"},\"wordCount\":312,\"publisher\":{\"@id\":\"https:\/\/aepetba.org.br\/v1\/#organization\"},\"image\":{\"@id\":\"https:\/\/aepetba.org.br\/v1\/greve-dos-petroleiros-franceses-continua-nas-principais-refinarias-do-pais\/#primaryimage\"},\"thumbnailUrl\":\"https:\/\/aepetba.org.br\/v1\/wp-content\/uploads\/2022\/10\/Materia-Greve-dos-petroleiros-franceses-continua-nas-principais-refinarias-do-pais-petroleo-bahia-Aepet-ba.jpg\",\"articleSection\":[\"Destaque\",\"Not\u00edcias\"],\"inLanguage\":\"pt-BR\"},{\"@type\":\"Person\",\"@id\":\"https:\/\/aepetba.org.br\/v1\/#\/schema\/person\/3504208f89f3f50e1526867ebb573b88\",\"name\":\"AEPETBA\",\"image\":{\"@type\":\"ImageObject\",\"inLanguage\":\"pt-BR\",\"@id\":\"https:\/\/aepetba.org.br\/v1\/#\/schema\/person\/image\/\",\"url\":\"https:\/\/secure.gravatar.com\/avatar\/3e6e1bf98c38137fc6b937d21e974714?s=96&d=mm&r=g\",\"contentUrl\":\"https:\/\/secure.gravatar.com\/avatar\/3e6e1bf98c38137fc6b937d21e974714?s=96&d=mm&r=g\",\"caption\":\"AEPETBA\"},\"sameAs\":[\"http:\/\/aepetba.org.br\/v1\"],\"url\":\"https:\/\/aepetba.org.br\/v1\/author\/lubconsultoria\/\"}]}<\/script>\n<!-- \/ Yoast SEO plugin. -->","yoast_head_json":{"title":"Greve dos petroleiros franceses continua nas principais refinarias do pa\u00eds","description":"Na Fran\u00e7a, a greve dos petroleiros vai completar um m\u00eas no pr\u00f3ximo dia 21. A categoria paralisou seis das oito refinarias francesas, levando a racionamento dos combust\u00edveis.","robots":{"index":"index","follow":"follow","max-snippet":"max-snippet:-1","max-image-preview":"max-image-preview:large","max-video-preview":"max-video-preview:-1"},"canonical":"https:\/\/aepetba.org.br\/v1\/greve-dos-petroleiros-franceses-continua-nas-principais-refinarias-do-pais\/","og_locale":"pt_BR","og_type":"article","og_title":"Greve dos petroleiros franceses continua nas principais refinarias do pa\u00eds","og_description":"Na Fran\u00e7a, a greve dos petroleiros vai completar um m\u00eas no pr\u00f3ximo dia 21. A categoria paralisou seis das oito refinarias francesas, levando a racionamento dos combust\u00edveis.","og_url":"https:\/\/aepetba.org.br\/v1\/greve-dos-petroleiros-franceses-continua-nas-principais-refinarias-do-pais\/","og_site_name":"AEPET N\u00daCLEO BAHIA","article_publisher":"https:\/\/web.facebook.com\/aepetba","article_published_time":"2022-10-20T11:45:30+00:00","article_modified_time":"2022-10-20T11:46:32+00:00","og_image":[{"width":1073,"height":930,"url":"https:\/\/aepetba.org.br\/v1\/wp-content\/uploads\/2022\/10\/Materia-Greve-dos-petroleiros-franceses-continua-nas-principais-refinarias-do-pais-petroleo-bahia-Aepet-ba.jpg","type":"image\/jpeg"}],"author":"AEPETBA","twitter_card":"summary_large_image","twitter_creator":"@aepetbahia","twitter_site":"@aepetbahia","twitter_misc":{"Escrito por":"AEPETBA","Est. tempo de leitura":"2 minutos"},"schema":{"@context":"https:\/\/schema.org","@graph":[{"@type":"Organization","@id":"https:\/\/aepetba.org.br\/v1\/#organization","name":"AEPET N\u00facleo Bahia","url":"https:\/\/aepetba.org.br\/v1\/","sameAs":["https:\/\/www.instagram.com\/aepetbahia\/","https:\/\/www.youtube.com\/c\/AEPETBAHIA","https:\/\/web.facebook.com\/aepetba","https:\/\/twitter.com\/aepetbahia"],"logo":{"@type":"ImageObject","inLanguage":"pt-BR","@id":"https:\/\/aepetba.org.br\/v1\/#\/schema\/logo\/image\/","url":"https:\/\/aepetba.org.br\/v1\/wp-content\/uploads\/revslider\/home\/logo-AEPETBA.png","contentUrl":"https:\/\/aepetba.org.br\/v1\/wp-content\/uploads\/revslider\/home\/logo-AEPETBA.png","width":297,"height":86,"caption":"AEPET N\u00facleo Bahia"},"image":{"@id":"https:\/\/aepetba.org.br\/v1\/#\/schema\/logo\/image\/"}},{"@type":"WebSite","@id":"https:\/\/aepetba.org.br\/v1\/#website","url":"https:\/\/aepetba.org.br\/v1\/","name":"AEPET N\u00daCLEO BAHIA","description":"Associa\u00e7\u00e3o dos Engenheiros da Petrobr\u00e1s N\u00facleo Bahia Petr\u00f3leo Bahia Salvador Nordeste ","publisher":{"@id":"https:\/\/aepetba.org.br\/v1\/#organization"},"potentialAction":[{"@type":"SearchAction","target":{"@type":"EntryPoint","urlTemplate":"https:\/\/aepetba.org.br\/v1\/?s={search_term_string}"},"query-input":"required name=search_term_string"}],"inLanguage":"pt-BR"},{"@type":"ImageObject","inLanguage":"pt-BR","@id":"https:\/\/aepetba.org.br\/v1\/greve-dos-petroleiros-franceses-continua-nas-principais-refinarias-do-pais\/#primaryimage","url":"https:\/\/aepetba.org.br\/v1\/wp-content\/uploads\/2022\/10\/Materia-Greve-dos-petroleiros-franceses-continua-nas-principais-refinarias-do-pais-petroleo-bahia-Aepet-ba.jpg","contentUrl":"https:\/\/aepetba.org.br\/v1\/wp-content\/uploads\/2022\/10\/Materia-Greve-dos-petroleiros-franceses-continua-nas-principais-refinarias-do-pais-petroleo-bahia-Aepet-ba.jpg","width":1073,"height":930},{"@type":"WebPage","@id":"https:\/\/aepetba.org.br\/v1\/greve-dos-petroleiros-franceses-continua-nas-principais-refinarias-do-pais\/","url":"https:\/\/aepetba.org.br\/v1\/greve-dos-petroleiros-franceses-continua-nas-principais-refinarias-do-pais\/","name":"Greve dos petroleiros franceses continua nas principais refinarias do pa\u00eds","isPartOf":{"@id":"https:\/\/aepetba.org.br\/v1\/#website"},"primaryImageOfPage":{"@id":"https:\/\/aepetba.org.br\/v1\/greve-dos-petroleiros-franceses-continua-nas-principais-refinarias-do-pais\/#primaryimage"},"datePublished":"2022-10-20T11:45:30+00:00","dateModified":"2022-10-20T11:46:32+00:00","description":"Na Fran\u00e7a, a greve dos petroleiros vai completar um m\u00eas no pr\u00f3ximo dia 21. A categoria paralisou seis das oito refinarias francesas, levando a racionamento dos combust\u00edveis.","breadcrumb":{"@id":"https:\/\/aepetba.org.br\/v1\/greve-dos-petroleiros-franceses-continua-nas-principais-refinarias-do-pais\/#breadcrumb"},"inLanguage":"pt-BR","potentialAction":[{"@type":"ReadAction","target":["https:\/\/aepetba.org.br\/v1\/greve-dos-petroleiros-franceses-continua-nas-principais-refinarias-do-pais\/"]}]},{"@type":"BreadcrumbList","@id":"https:\/\/aepetba.org.br\/v1\/greve-dos-petroleiros-franceses-continua-nas-principais-refinarias-do-pais\/#breadcrumb","itemListElement":[{"@type":"ListItem","position":1,"name":"In\u00edcio","item":"https:\/\/aepetba.org.br\/v1\/"},{"@type":"ListItem","position":2,"name":"Greve dos petroleiros franceses continua nas principais refinarias do pa\u00eds"}]},{"@type":"Article","@id":"https:\/\/aepetba.org.br\/v1\/greve-dos-petroleiros-franceses-continua-nas-principais-refinarias-do-pais\/#article","isPartOf":{"@id":"https:\/\/aepetba.org.br\/v1\/greve-dos-petroleiros-franceses-continua-nas-principais-refinarias-do-pais\/"},"author":{"name":"AEPETBA","@id":"https:\/\/aepetba.org.br\/v1\/#\/schema\/person\/3504208f89f3f50e1526867ebb573b88"},"headline":"Greve dos petroleiros franceses continua nas principais refinarias do pa\u00eds","datePublished":"2022-10-20T11:45:30+00:00","dateModified":"2022-10-20T11:46:32+00:00","mainEntityOfPage":{"@id":"https:\/\/aepetba.org.br\/v1\/greve-dos-petroleiros-franceses-continua-nas-principais-refinarias-do-pais\/"},"wordCount":312,"publisher":{"@id":"https:\/\/aepetba.org.br\/v1\/#organization"},"image":{"@id":"https:\/\/aepetba.org.br\/v1\/greve-dos-petroleiros-franceses-continua-nas-principais-refinarias-do-pais\/#primaryimage"},"thumbnailUrl":"https:\/\/aepetba.org.br\/v1\/wp-content\/uploads\/2022\/10\/Materia-Greve-dos-petroleiros-franceses-continua-nas-principais-refinarias-do-pais-petroleo-bahia-Aepet-ba.jpg","articleSection":["Destaque","Not\u00edcias"],"inLanguage":"pt-BR"},{"@type":"Person","@id":"https:\/\/aepetba.org.br\/v1\/#\/schema\/person\/3504208f89f3f50e1526867ebb573b88","name":"AEPETBA","image":{"@type":"ImageObject","inLanguage":"pt-BR","@id":"https:\/\/aepetba.org.br\/v1\/#\/schema\/person\/image\/","url":"https:\/\/secure.gravatar.com\/avatar\/3e6e1bf98c38137fc6b937d21e974714?s=96&d=mm&r=g","contentUrl":"https:\/\/secure.gravatar.com\/avatar\/3e6e1bf98c38137fc6b937d21e974714?s=96&d=mm&r=g","caption":"AEPETBA"},"sameAs":["http:\/\/aepetba.org.br\/v1"],"url":"https:\/\/aepetba.org.br\/v1\/author\/lubconsultoria\/"}]}},"_links":{"self":[{"href":"https:\/\/aepetba.org.br\/v1\/wp-json\/wp\/v2\/posts\/39254"}],"collection":[{"href":"https:\/\/aepetba.org.br\/v1\/wp-json\/wp\/v2\/posts"}],"about":[{"href":"https:\/\/aepetba.org.br\/v1\/wp-json\/wp\/v2\/types\/post"}],"author":[{"embeddable":true,"href":"https:\/\/aepetba.org.br\/v1\/wp-json\/wp\/v2\/users\/1"}],"replies":[{"embeddable":true,"href":"https:\/\/aepetba.org.br\/v1\/wp-json\/wp\/v2\/comments?post=39254"}],"version-history":[{"count":1,"href":"https:\/\/aepetba.org.br\/v1\/wp-json\/wp\/v2\/posts\/39254\/revisions"}],"predecessor-version":[{"id":39256,"href":"https:\/\/aepetba.org.br\/v1\/wp-json\/wp\/v2\/posts\/39254\/revisions\/39256"}],"wp:featuredmedia":[{"embeddable":true,"href":"https:\/\/aepetba.org.br\/v1\/wp-json\/wp\/v2\/media\/39257"}],"wp:attachment":[{"href":"https:\/\/aepetba.org.br\/v1\/wp-json\/wp\/v2\/media?parent=39254"}],"wp:term":[{"taxonomy":"category","embeddable":true,"href":"https:\/\/aepetba.org.br\/v1\/wp-json\/wp\/v2\/categories?post=39254"},{"taxonomy":"post_tag","embeddable":true,"href":"https:\/\/aepetba.org.br\/v1\/wp-json\/wp\/v2\/tags?post=39254"}],"curies":[{"name":"wp","href":"https:\/\/api.w.org\/{rel}","templated":true}]}}