{"id":39267,"date":"2022-10-22T08:32:42","date_gmt":"2022-10-22T11:32:42","guid":{"rendered":"https:\/\/aepetba.org.br\/v1\/?p=39267"},"modified":"2022-10-22T09:41:55","modified_gmt":"2022-10-22T12:41:55","slug":"age-participe-das-assembleias-convocadas-pela-aepet-ba-para-a-proxima-quinta-feira-27","status":"publish","type":"post","link":"https:\/\/aepetba.org.br\/v1\/age-participe-das-assembleias-convocadas-pela-aepet-ba-para-a-proxima-quinta-feira-27\/","title":{"rendered":"AGE: participe das assembleias convocadas pela AEPET-BA para a pr\u00f3xima quinta-feira (27)"},"content":{"rendered":"<!--[if lt IE 9]><script>document.createElement('audio');<\/script><![endif]-->\n<audio class=\"wp-audio-shortcode\" id=\"audio-39267-1\" preload=\"none\" style=\"width: 100%;\" controls=\"controls\"><source type=\"audio\/ogg\" src=\"https:\/\/aepetba.org.br\/v1\/wp-content\/uploads\/2022\/10\/AGE-AEPET-BAHIA.ogg?_=1\" \/><a href=\"https:\/\/aepetba.org.br\/v1\/wp-content\/uploads\/2022\/10\/AGE-AEPET-BAHIA.ogg\">https:\/\/aepetba.org.br\/v1\/wp-content\/uploads\/2022\/10\/AGE-AEPET-BAHIA.ogg<\/a><\/audio>\n<p style=\"text-align: justify;\"><span style=\"font-weight: 400;\">A AEPET-BA, no uso de suas atribui\u00e7\u00f5es e em conformidade com o Estatuto, convoca os associados e associadas a participar da <strong>Assembleia Geral Extraordin\u00e1ria (AGE), a ser realizada no dia 27\/10, a partir das 16h, na sede da Abraspet, sala 104, no Centro Empresarial Iguatemi<\/strong>, que fica na Av. Tancredo Neves 274, Caminho das \u00c1rvores, em Salvador.<\/span><\/p>\n<p style=\"text-align: justify;\"><b>Os associados (as) interessados (as) em participar presencialmente da AGE devem solicitar inscri\u00e7\u00e3o at\u00e9 \u00e0s 16h de ter\u00e7a-feira (25\/10) pelo e-mail bahia@aepet.org.br ou telefone (71) 3012-4172.<\/b><\/p>\n<p style=\"text-align: justify;\"><span style=\"font-weight: 400;\">Para ampliar a participa\u00e7\u00e3o de todos os associados (as), a AEPET-BA decidiu que a AGE ser\u00e1 transmitida pela plataforma Zoom (o link ser\u00e1 liberado um dia antes).<\/span><\/p>\n<p style=\"text-align: justify;\"><span style=\"font-weight: 400;\">Ser\u00e3o realizadas tr\u00eas assembleias com um intervalo de 10 minutos cada uma. Os assuntos est\u00e3o relacionados \u00e0 dota\u00e7\u00e3o or\u00e7ament\u00e1ria, ao custeio da AMS e transfer\u00eancia dos empregados.<\/span><\/p>\n<p style=\"text-align: justify;\"><span style=\"font-weight: 400;\">A primeira assembleia ser\u00e1 \u00e0s 16h, em primeira convoca\u00e7\u00e3o, e vai tratar sobre as altera\u00e7\u00f5es no or\u00e7amento da entidade relacionadas ao ano de 2022.<\/span><\/p>\n<p style=\"text-align: justify;\"><span style=\"font-weight: 400;\">Em seguida, os associados v\u00e3o deliberar, na segunda assembleia, sobre o ajuizamento de uma A\u00e7\u00e3o Civil P\u00fablica contra a Petrobr\u00e1s e\/ou a APS (antiga AMS) no que se refere ao custeio do plano, assim como devolver os valores recebidos a maior.<\/span><\/p>\n<p style=\"text-align: justify;\"><span style=\"font-weight: 400;\">J\u00e1 na terceira e \u00faltima assembleia, os associados presentes v\u00e3o discutir o ajuizamento de uma A\u00e7\u00e3o Civil P\u00fablica ou a\u00e7\u00f5es individuais contra a Petrobr\u00e1s sobre as transfer\u00eancias dos petroleiros para qualquer outra unidade da empresa, independente das unidades de Refino, a fim de atender as condi\u00e7\u00f5es mais adequadas \u00e0s necessidades coletivas e individuais dos empregados transferidos.<\/span><\/p>\n<p><em><strong>Participe e divulgue!<\/strong><\/em><\/p>\n<h2><span style=\"font-weight: 400;\">Veja os editais de convoca\u00e7\u00e3o das assembleias<\/span><\/h2>\n<p><span style=\"text-decoration: underline;\"><strong><a href=\"https:\/\/aepetba.org.br\/v1\/wp-content\/uploads\/2022\/10\/EDITAL-AGE-1-ABRASPET-SEMI-PRESENCIAL-AMS.pdf\">EDITAL AGE 1 ABRASPET SEMI PRESENCIAL &#8211; AMS<\/a><\/strong><\/span><\/p>\n<p><span style=\"text-decoration: underline;\"><strong><a href=\"https:\/\/aepetba.org.br\/v1\/wp-content\/uploads\/2022\/10\/EDITAL-AGE-2-ABRASPET-SEMI-PRESENCIAL-RLAM.pdf\">EDITAL AGE 2 ABRASPET SEMI PRESENCIAL &#8211; RLAM<\/a><\/strong><\/span><\/p>\n<p><span style=\"text-decoration: underline;\"><strong><a href=\"https:\/\/aepetba.org.br\/v1\/wp-content\/uploads\/2022\/10\/EDITAL-AGE-3-ABRASPET-SEMI-PRESENCIAL-ORCAMENTO-2022.pdf\">EDITAL AGE 3 ABRASPET SEMI PRESENCIAL &#8211; OR\u00c7AMENTO 2022<\/a><\/strong><\/span><\/p>\n","protected":false},"excerpt":{"rendered":"<p>A AEPET-BA, no uso de suas atribui\u00e7\u00f5es e em conformidade com o Estatuto, convoca os associados e associadas a participar da Assembleia Geral Extraordin\u00e1ria (AGE), a ser realizada no dia 27\/10, a partir das 16h, na sede da Abraspet, sala&#8230;<\/p>\n","protected":false},"author":1,"featured_media":39271,"comment_status":"closed","ping_status":"closed","sticky":false,"template":"","format":"standard","meta":[],"categories":[5,87,10],"tags":[],"yoast_head":"<!-- This site is optimized with the Yoast SEO plugin v19.3 - https:\/\/yoast.com\/wordpress\/plugins\/seo\/ -->\n<title>AGE: participe das assembleias convocadas pela AEPET-BA para a pr\u00f3xima quinta-feira (27)<\/title>\n<meta name=\"description\" content=\"Aten\u00e7\u00e3o associado (a) da AEPET-BA. Participe da Assembleia Geral Extraordin\u00e1ria (AGE), na quinta-feira (27), a partir das 16h, na sede da Abraspet.\" \/>\n<meta name=\"robots\" content=\"index, follow, max-snippet:-1, max-image-preview:large, max-video-preview:-1\" \/>\n<link rel=\"canonical\" href=\"https:\/\/aepetba.org.br\/v1\/age-participe-das-assembleias-convocadas-pela-aepet-ba-para-a-proxima-quinta-feira-27\/\" \/>\n<meta property=\"og:locale\" content=\"pt_BR\" \/>\n<meta property=\"og:type\" content=\"article\" \/>\n<meta property=\"og:title\" content=\"AGE: participe das assembleias convocadas pela AEPET-BA para a pr\u00f3xima quinta-feira (27)\" \/>\n<meta property=\"og:description\" content=\"Aten\u00e7\u00e3o associado (a) da AEPET-BA. Participe da Assembleia Geral Extraordin\u00e1ria (AGE), na quinta-feira (27), a partir das 16h, na sede da Abraspet.\" \/>\n<meta property=\"og:url\" content=\"https:\/\/aepetba.org.br\/v1\/age-participe-das-assembleias-convocadas-pela-aepet-ba-para-a-proxima-quinta-feira-27\/\" \/>\n<meta property=\"og:site_name\" content=\"AEPET N\u00daCLEO BAHIA\" \/>\n<meta property=\"article:publisher\" content=\"https:\/\/web.facebook.com\/aepetba\" \/>\n<meta property=\"article:published_time\" content=\"2022-10-22T11:32:42+00:00\" \/>\n<meta property=\"article:modified_time\" content=\"2022-10-22T12:41:55+00:00\" \/>\n<meta property=\"og:image\" content=\"https:\/\/aepetba.org.br\/v1\/wp-content\/uploads\/2022\/10\/Materia-AGE-AEPET-BAHIA-PETROLEO-BAHIA-Aepet-ba.jpg\" \/>\n\t<meta property=\"og:image:width\" content=\"1079\" \/>\n\t<meta property=\"og:image:height\" content=\"924\" \/>\n\t<meta property=\"og:image:type\" content=\"image\/jpeg\" \/>\n<meta name=\"author\" content=\"AEPETBA\" \/>\n<meta name=\"twitter:card\" content=\"summary_large_image\" \/>\n<meta name=\"twitter:creator\" content=\"@aepetbahia\" \/>\n<meta name=\"twitter:site\" content=\"@aepetbahia\" \/>\n<meta name=\"twitter:label1\" content=\"Escrito por\" \/>\n\t<meta name=\"twitter:data1\" content=\"AEPETBA\" \/>\n\t<meta name=\"twitter:label2\" content=\"Est. tempo de leitura\" \/>\n\t<meta name=\"twitter:data2\" content=\"2 minutos\" \/>\n<script type=\"application\/ld+json\" class=\"yoast-schema-graph\">{\"@context\":\"https:\/\/schema.org\",\"@graph\":[{\"@type\":\"Organization\",\"@id\":\"https:\/\/aepetba.org.br\/v1\/#organization\",\"name\":\"AEPET N\u00facleo Bahia\",\"url\":\"https:\/\/aepetba.org.br\/v1\/\",\"sameAs\":[\"https:\/\/www.instagram.com\/aepetbahia\/\",\"https:\/\/www.youtube.com\/c\/AEPETBAHIA\",\"https:\/\/web.facebook.com\/aepetba\",\"https:\/\/twitter.com\/aepetbahia\"],\"logo\":{\"@type\":\"ImageObject\",\"inLanguage\":\"pt-BR\",\"@id\":\"https:\/\/aepetba.org.br\/v1\/#\/schema\/logo\/image\/\",\"url\":\"https:\/\/aepetba.org.br\/v1\/wp-content\/uploads\/revslider\/home\/logo-AEPETBA.png\",\"contentUrl\":\"https:\/\/aepetba.org.br\/v1\/wp-content\/uploads\/revslider\/home\/logo-AEPETBA.png\",\"width\":297,\"height\":86,\"caption\":\"AEPET N\u00facleo Bahia\"},\"image\":{\"@id\":\"https:\/\/aepetba.org.br\/v1\/#\/schema\/logo\/image\/\"}},{\"@type\":\"WebSite\",\"@id\":\"https:\/\/aepetba.org.br\/v1\/#website\",\"url\":\"https:\/\/aepetba.org.br\/v1\/\",\"name\":\"AEPET N\u00daCLEO BAHIA\",\"description\":\"Associa\u00e7\u00e3o dos Engenheiros da Petrobr\u00e1s N\u00facleo Bahia Petr\u00f3leo Bahia Salvador Nordeste \",\"publisher\":{\"@id\":\"https:\/\/aepetba.org.br\/v1\/#organization\"},\"potentialAction\":[{\"@type\":\"SearchAction\",\"target\":{\"@type\":\"EntryPoint\",\"urlTemplate\":\"https:\/\/aepetba.org.br\/v1\/?s={search_term_string}\"},\"query-input\":\"required name=search_term_string\"}],\"inLanguage\":\"pt-BR\"},{\"@type\":\"ImageObject\",\"inLanguage\":\"pt-BR\",\"@id\":\"https:\/\/aepetba.org.br\/v1\/age-participe-das-assembleias-convocadas-pela-aepet-ba-para-a-proxima-quinta-feira-27\/#primaryimage\",\"url\":\"https:\/\/aepetba.org.br\/v1\/wp-content\/uploads\/2022\/10\/Materia-AGE-AEPET-BAHIA-PETROLEO-BAHIA-Aepet-ba.jpg\",\"contentUrl\":\"https:\/\/aepetba.org.br\/v1\/wp-content\/uploads\/2022\/10\/Materia-AGE-AEPET-BAHIA-PETROLEO-BAHIA-Aepet-ba.jpg\",\"width\":1079,\"height\":924},{\"@type\":\"WebPage\",\"@id\":\"https:\/\/aepetba.org.br\/v1\/age-participe-das-assembleias-convocadas-pela-aepet-ba-para-a-proxima-quinta-feira-27\/\",\"url\":\"https:\/\/aepetba.org.br\/v1\/age-participe-das-assembleias-convocadas-pela-aepet-ba-para-a-proxima-quinta-feira-27\/\",\"name\":\"AGE: participe das assembleias convocadas pela AEPET-BA para a pr\u00f3xima quinta-feira (27)\",\"isPartOf\":{\"@id\":\"https:\/\/aepetba.org.br\/v1\/#website\"},\"primaryImageOfPage\":{\"@id\":\"https:\/\/aepetba.org.br\/v1\/age-participe-das-assembleias-convocadas-pela-aepet-ba-para-a-proxima-quinta-feira-27\/#primaryimage\"},\"datePublished\":\"2022-10-22T11:32:42+00:00\",\"dateModified\":\"2022-10-22T12:41:55+00:00\",\"description\":\"Aten\u00e7\u00e3o associado (a) da AEPET-BA. Participe da Assembleia Geral Extraordin\u00e1ria (AGE), na quinta-feira (27), a partir das 16h, na sede da Abraspet.\",\"breadcrumb\":{\"@id\":\"https:\/\/aepetba.org.br\/v1\/age-participe-das-assembleias-convocadas-pela-aepet-ba-para-a-proxima-quinta-feira-27\/#breadcrumb\"},\"inLanguage\":\"pt-BR\",\"potentialAction\":[{\"@type\":\"ReadAction\",\"target\":[\"https:\/\/aepetba.org.br\/v1\/age-participe-das-assembleias-convocadas-pela-aepet-ba-para-a-proxima-quinta-feira-27\/\"]}]},{\"@type\":\"BreadcrumbList\",\"@id\":\"https:\/\/aepetba.org.br\/v1\/age-participe-das-assembleias-convocadas-pela-aepet-ba-para-a-proxima-quinta-feira-27\/#breadcrumb\",\"itemListElement\":[{\"@type\":\"ListItem\",\"position\":1,\"name\":\"In\u00edcio\",\"item\":\"https:\/\/aepetba.org.br\/v1\/\"},{\"@type\":\"ListItem\",\"position\":2,\"name\":\"AGE: participe das assembleias convocadas pela AEPET-BA para a pr\u00f3xima quinta-feira (27)\"}]},{\"@type\":\"Article\",\"@id\":\"https:\/\/aepetba.org.br\/v1\/age-participe-das-assembleias-convocadas-pela-aepet-ba-para-a-proxima-quinta-feira-27\/#article\",\"isPartOf\":{\"@id\":\"https:\/\/aepetba.org.br\/v1\/age-participe-das-assembleias-convocadas-pela-aepet-ba-para-a-proxima-quinta-feira-27\/\"},\"author\":{\"name\":\"AEPETBA\",\"@id\":\"https:\/\/aepetba.org.br\/v1\/#\/schema\/person\/3504208f89f3f50e1526867ebb573b88\"},\"headline\":\"AGE: participe das assembleias convocadas pela AEPET-BA para a pr\u00f3xima quinta-feira (27)\",\"datePublished\":\"2022-10-22T11:32:42+00:00\",\"dateModified\":\"2022-10-22T12:41:55+00:00\",\"mainEntityOfPage\":{\"@id\":\"https:\/\/aepetba.org.br\/v1\/age-participe-das-assembleias-convocadas-pela-aepet-ba-para-a-proxima-quinta-feira-27\/\"},\"wordCount\":337,\"publisher\":{\"@id\":\"https:\/\/aepetba.org.br\/v1\/#organization\"},\"image\":{\"@id\":\"https:\/\/aepetba.org.br\/v1\/age-participe-das-assembleias-convocadas-pela-aepet-ba-para-a-proxima-quinta-feira-27\/#primaryimage\"},\"thumbnailUrl\":\"https:\/\/aepetba.org.br\/v1\/wp-content\/uploads\/2022\/10\/Materia-AGE-AEPET-BAHIA-PETROLEO-BAHIA-Aepet-ba.jpg\",\"articleSection\":[\"Coluna do Associado\",\"Destaque\",\"Not\u00edcias\"],\"inLanguage\":\"pt-BR\"},{\"@type\":\"Person\",\"@id\":\"https:\/\/aepetba.org.br\/v1\/#\/schema\/person\/3504208f89f3f50e1526867ebb573b88\",\"name\":\"AEPETBA\",\"image\":{\"@type\":\"ImageObject\",\"inLanguage\":\"pt-BR\",\"@id\":\"https:\/\/aepetba.org.br\/v1\/#\/schema\/person\/image\/\",\"url\":\"https:\/\/secure.gravatar.com\/avatar\/3e6e1bf98c38137fc6b937d21e974714?s=96&d=mm&r=g\",\"contentUrl\":\"https:\/\/secure.gravatar.com\/avatar\/3e6e1bf98c38137fc6b937d21e974714?s=96&d=mm&r=g\",\"caption\":\"AEPETBA\"},\"sameAs\":[\"http:\/\/aepetba.org.br\/v1\"],\"url\":\"https:\/\/aepetba.org.br\/v1\/author\/lubconsultoria\/\"}]}<\/script>\n<!-- \/ Yoast SEO plugin. -->","yoast_head_json":{"title":"AGE: participe das assembleias convocadas pela AEPET-BA para a pr\u00f3xima quinta-feira (27)","description":"Aten\u00e7\u00e3o associado (a) da AEPET-BA. Participe da Assembleia Geral Extraordin\u00e1ria (AGE), na quinta-feira (27), a partir das 16h, na sede da Abraspet.","robots":{"index":"index","follow":"follow","max-snippet":"max-snippet:-1","max-image-preview":"max-image-preview:large","max-video-preview":"max-video-preview:-1"},"canonical":"https:\/\/aepetba.org.br\/v1\/age-participe-das-assembleias-convocadas-pela-aepet-ba-para-a-proxima-quinta-feira-27\/","og_locale":"pt_BR","og_type":"article","og_title":"AGE: participe das assembleias convocadas pela AEPET-BA para a pr\u00f3xima quinta-feira (27)","og_description":"Aten\u00e7\u00e3o associado (a) da AEPET-BA. Participe da Assembleia Geral Extraordin\u00e1ria (AGE), na quinta-feira (27), a partir das 16h, na sede da Abraspet.","og_url":"https:\/\/aepetba.org.br\/v1\/age-participe-das-assembleias-convocadas-pela-aepet-ba-para-a-proxima-quinta-feira-27\/","og_site_name":"AEPET N\u00daCLEO BAHIA","article_publisher":"https:\/\/web.facebook.com\/aepetba","article_published_time":"2022-10-22T11:32:42+00:00","article_modified_time":"2022-10-22T12:41:55+00:00","og_image":[{"width":1079,"height":924,"url":"https:\/\/aepetba.org.br\/v1\/wp-content\/uploads\/2022\/10\/Materia-AGE-AEPET-BAHIA-PETROLEO-BAHIA-Aepet-ba.jpg","type":"image\/jpeg"}],"author":"AEPETBA","twitter_card":"summary_large_image","twitter_creator":"@aepetbahia","twitter_site":"@aepetbahia","twitter_misc":{"Escrito por":"AEPETBA","Est. tempo de leitura":"2 minutos"},"schema":{"@context":"https:\/\/schema.org","@graph":[{"@type":"Organization","@id":"https:\/\/aepetba.org.br\/v1\/#organization","name":"AEPET N\u00facleo Bahia","url":"https:\/\/aepetba.org.br\/v1\/","sameAs":["https:\/\/www.instagram.com\/aepetbahia\/","https:\/\/www.youtube.com\/c\/AEPETBAHIA","https:\/\/web.facebook.com\/aepetba","https:\/\/twitter.com\/aepetbahia"],"logo":{"@type":"ImageObject","inLanguage":"pt-BR","@id":"https:\/\/aepetba.org.br\/v1\/#\/schema\/logo\/image\/","url":"https:\/\/aepetba.org.br\/v1\/wp-content\/uploads\/revslider\/home\/logo-AEPETBA.png","contentUrl":"https:\/\/aepetba.org.br\/v1\/wp-content\/uploads\/revslider\/home\/logo-AEPETBA.png","width":297,"height":86,"caption":"AEPET N\u00facleo Bahia"},"image":{"@id":"https:\/\/aepetba.org.br\/v1\/#\/schema\/logo\/image\/"}},{"@type":"WebSite","@id":"https:\/\/aepetba.org.br\/v1\/#website","url":"https:\/\/aepetba.org.br\/v1\/","name":"AEPET N\u00daCLEO BAHIA","description":"Associa\u00e7\u00e3o dos Engenheiros da Petrobr\u00e1s N\u00facleo Bahia Petr\u00f3leo Bahia Salvador Nordeste ","publisher":{"@id":"https:\/\/aepetba.org.br\/v1\/#organization"},"potentialAction":[{"@type":"SearchAction","target":{"@type":"EntryPoint","urlTemplate":"https:\/\/aepetba.org.br\/v1\/?s={search_term_string}"},"query-input":"required name=search_term_string"}],"inLanguage":"pt-BR"},{"@type":"ImageObject","inLanguage":"pt-BR","@id":"https:\/\/aepetba.org.br\/v1\/age-participe-das-assembleias-convocadas-pela-aepet-ba-para-a-proxima-quinta-feira-27\/#primaryimage","url":"https:\/\/aepetba.org.br\/v1\/wp-content\/uploads\/2022\/10\/Materia-AGE-AEPET-BAHIA-PETROLEO-BAHIA-Aepet-ba.jpg","contentUrl":"https:\/\/aepetba.org.br\/v1\/wp-content\/uploads\/2022\/10\/Materia-AGE-AEPET-BAHIA-PETROLEO-BAHIA-Aepet-ba.jpg","width":1079,"height":924},{"@type":"WebPage","@id":"https:\/\/aepetba.org.br\/v1\/age-participe-das-assembleias-convocadas-pela-aepet-ba-para-a-proxima-quinta-feira-27\/","url":"https:\/\/aepetba.org.br\/v1\/age-participe-das-assembleias-convocadas-pela-aepet-ba-para-a-proxima-quinta-feira-27\/","name":"AGE: participe das assembleias convocadas pela AEPET-BA para a pr\u00f3xima quinta-feira (27)","isPartOf":{"@id":"https:\/\/aepetba.org.br\/v1\/#website"},"primaryImageOfPage":{"@id":"https:\/\/aepetba.org.br\/v1\/age-participe-das-assembleias-convocadas-pela-aepet-ba-para-a-proxima-quinta-feira-27\/#primaryimage"},"datePublished":"2022-10-22T11:32:42+00:00","dateModified":"2022-10-22T12:41:55+00:00","description":"Aten\u00e7\u00e3o associado (a) da AEPET-BA. Participe da Assembleia Geral Extraordin\u00e1ria (AGE), na quinta-feira (27), a partir das 16h, na sede da Abraspet.","breadcrumb":{"@id":"https:\/\/aepetba.org.br\/v1\/age-participe-das-assembleias-convocadas-pela-aepet-ba-para-a-proxima-quinta-feira-27\/#breadcrumb"},"inLanguage":"pt-BR","potentialAction":[{"@type":"ReadAction","target":["https:\/\/aepetba.org.br\/v1\/age-participe-das-assembleias-convocadas-pela-aepet-ba-para-a-proxima-quinta-feira-27\/"]}]},{"@type":"BreadcrumbList","@id":"https:\/\/aepetba.org.br\/v1\/age-participe-das-assembleias-convocadas-pela-aepet-ba-para-a-proxima-quinta-feira-27\/#breadcrumb","itemListElement":[{"@type":"ListItem","position":1,"name":"In\u00edcio","item":"https:\/\/aepetba.org.br\/v1\/"},{"@type":"ListItem","position":2,"name":"AGE: participe das assembleias convocadas pela AEPET-BA para a pr\u00f3xima quinta-feira (27)"}]},{"@type":"Article","@id":"https:\/\/aepetba.org.br\/v1\/age-participe-das-assembleias-convocadas-pela-aepet-ba-para-a-proxima-quinta-feira-27\/#article","isPartOf":{"@id":"https:\/\/aepetba.org.br\/v1\/age-participe-das-assembleias-convocadas-pela-aepet-ba-para-a-proxima-quinta-feira-27\/"},"author":{"name":"AEPETBA","@id":"https:\/\/aepetba.org.br\/v1\/#\/schema\/person\/3504208f89f3f50e1526867ebb573b88"},"headline":"AGE: participe das assembleias convocadas pela AEPET-BA para a pr\u00f3xima quinta-feira (27)","datePublished":"2022-10-22T11:32:42+00:00","dateModified":"2022-10-22T12:41:55+00:00","mainEntityOfPage":{"@id":"https:\/\/aepetba.org.br\/v1\/age-participe-das-assembleias-convocadas-pela-aepet-ba-para-a-proxima-quinta-feira-27\/"},"wordCount":337,"publisher":{"@id":"https:\/\/aepetba.org.br\/v1\/#organization"},"image":{"@id":"https:\/\/aepetba.org.br\/v1\/age-participe-das-assembleias-convocadas-pela-aepet-ba-para-a-proxima-quinta-feira-27\/#primaryimage"},"thumbnailUrl":"https:\/\/aepetba.org.br\/v1\/wp-content\/uploads\/2022\/10\/Materia-AGE-AEPET-BAHIA-PETROLEO-BAHIA-Aepet-ba.jpg","articleSection":["Coluna do Associado","Destaque","Not\u00edcias"],"inLanguage":"pt-BR"},{"@type":"Person","@id":"https:\/\/aepetba.org.br\/v1\/#\/schema\/person\/3504208f89f3f50e1526867ebb573b88","name":"AEPETBA","image":{"@type":"ImageObject","inLanguage":"pt-BR","@id":"https:\/\/aepetba.org.br\/v1\/#\/schema\/person\/image\/","url":"https:\/\/secure.gravatar.com\/avatar\/3e6e1bf98c38137fc6b937d21e974714?s=96&d=mm&r=g","contentUrl":"https:\/\/secure.gravatar.com\/avatar\/3e6e1bf98c38137fc6b937d21e974714?s=96&d=mm&r=g","caption":"AEPETBA"},"sameAs":["http:\/\/aepetba.org.br\/v1"],"url":"https:\/\/aepetba.org.br\/v1\/author\/lubconsultoria\/"}]}},"_links":{"self":[{"href":"https:\/\/aepetba.org.br\/v1\/wp-json\/wp\/v2\/posts\/39267"}],"collection":[{"href":"https:\/\/aepetba.org.br\/v1\/wp-json\/wp\/v2\/posts"}],"about":[{"href":"https:\/\/aepetba.org.br\/v1\/wp-json\/wp\/v2\/types\/post"}],"author":[{"embeddable":true,"href":"https:\/\/aepetba.org.br\/v1\/wp-json\/wp\/v2\/users\/1"}],"replies":[{"embeddable":true,"href":"https:\/\/aepetba.org.br\/v1\/wp-json\/wp\/v2\/comments?post=39267"}],"version-history":[{"count":2,"href":"https:\/\/aepetba.org.br\/v1\/wp-json\/wp\/v2\/posts\/39267\/revisions"}],"predecessor-version":[{"id":39274,"href":"https:\/\/aepetba.org.br\/v1\/wp-json\/wp\/v2\/posts\/39267\/revisions\/39274"}],"wp:featuredmedia":[{"embeddable":true,"href":"https:\/\/aepetba.org.br\/v1\/wp-json\/wp\/v2\/media\/39271"}],"wp:attachment":[{"href":"https:\/\/aepetba.org.br\/v1\/wp-json\/wp\/v2\/media?parent=39267"}],"wp:term":[{"taxonomy":"category","embeddable":true,"href":"https:\/\/aepetba.org.br\/v1\/wp-json\/wp\/v2\/categories?post=39267"},{"taxonomy":"post_tag","embeddable":true,"href":"https:\/\/aepetba.org.br\/v1\/wp-json\/wp\/v2\/tags?post=39267"}],"curies":[{"name":"wp","href":"https:\/\/api.w.org\/{rel}","templated":true}]}}