{"id":39299,"date":"2022-10-28T17:56:38","date_gmt":"2022-10-28T20:56:38","guid":{"rendered":"https:\/\/aepetba.org.br\/v1\/?p=39299"},"modified":"2022-10-28T17:56:38","modified_gmt":"2022-10-28T20:56:38","slug":"live-em-comemoracao-aos-69-anos-da-petrobras-bateu-recorde-de-audiencia","status":"publish","type":"post","link":"https:\/\/aepetba.org.br\/v1\/live-em-comemoracao-aos-69-anos-da-petrobras-bateu-recorde-de-audiencia\/","title":{"rendered":"Live em comemora\u00e7\u00e3o aos 69 anos da Petrobr\u00e1s bateu recorde de audi\u00eancia"},"content":{"rendered":"<p>[vc_row][vc_column][vc_column_text]<\/p>\n<!--[if lt IE 9]><script>document.createElement('audio');<\/script><![endif]-->\n<audio class=\"wp-audio-shortcode\" id=\"audio-39299-1\" preload=\"none\" style=\"width: 100%;\" controls=\"controls\"><source type=\"audio\/ogg\" src=\"https:\/\/aepetba.org.br\/v1\/wp-content\/uploads\/2022\/10\/Live-em-comemoracao-aos-69-anos-da-Petrobras-bateu-recorde-de-audiencia.ogg?_=1\" \/><a href=\"https:\/\/aepetba.org.br\/v1\/wp-content\/uploads\/2022\/10\/Live-em-comemoracao-aos-69-anos-da-Petrobras-bateu-recorde-de-audiencia.ogg\">https:\/\/aepetba.org.br\/v1\/wp-content\/uploads\/2022\/10\/Live-em-comemoracao-aos-69-anos-da-Petrobras-bateu-recorde-de-audiencia.ogg<\/a><\/audio>\n<p>&nbsp;<\/p>\n<p style=\"text-align: justify;\"><span style=\"font-weight: 400;\">O evento on-line com o tema \u201cFuturo da Petrobr\u00e1s Brasileira\u201d aconteceu na noite de quarta-feira (26\/10) e bateu recorde de audi\u00eancia com mais de 500 visualiza\u00e7\u00f5es. A Live foi promovida pelo Comit\u00ea de Lutas dos Petroleiros e teve como objetivo debater as perspectivas da maior empresa petrol\u00edfera nacional, que est\u00e1 sendo amea\u00e7ada de privatiza\u00e7\u00e3o pelo governo Bolsonaro.<\/span><\/p>\n<p style=\"text-align: justify;\"><span style=\"font-weight: 400;\">Os convidados da Live foram o ex-diretor de Explora\u00e7\u00e3o e Produ\u00e7\u00e3o da Petrobr\u00e1s, Guilherme Estrella; o professor do Instituto de Energia da USP e ex-diretor Executivo da Petrobr\u00e1s, Ildo Sauer e o ex-presidente da Petrobr\u00e1s, Jos\u00e9 S\u00e9rgio Gabrielli. Marcos Andr\u00e9 fez a condu\u00e7\u00e3o do evento que foi transmitido pelos canais do Youtube e p\u00e1ginas do Facebook da AEPET-BA, Sindipetro-BA e Abraspet.<\/span><\/p>\n<p style=\"text-align: justify;\"><span style=\"font-weight: 400;\">Com quase tr\u00eas horas de dura\u00e7\u00e3o e intensa participa\u00e7\u00e3o dos internautas, o evento debateu temas como o passado, presente e futuro da Petrobr\u00e1s; os preju\u00edzos da privatiza\u00e7\u00e3o da empresa; os riscos \u00e0 soberania nacional; o papel da empresa na transi\u00e7\u00e3o energ\u00e9tica; uso do excedente econ\u00f4mico do pr\u00e9-sal; reconstru\u00e7\u00e3o da Petrobr\u00e1s no Brasil e na Bahia; reestatiza\u00e7\u00e3o dos ativos vendidos, dentre outros.\u00a0\u00a0\u00a0<\/span><\/p>\n<p style=\"text-align: justify;\"><span style=\"font-weight: 400;\">\u00a0Durante a Live, os palestrantes criticaram o governo Bolsonaro pela destrui\u00e7\u00e3o quase total da empresa com a venda dos ativos estrat\u00e9gicos, provocando sua desintegra\u00e7\u00e3o.\u00a0\u00a0\u00a0\u00a0<\/span><\/p>\n<p style=\"text-align: justify;\"><span style=\"font-weight: 400;\">Por isso, na opini\u00e3o do ex-presidente da Petrobr\u00e1s, Jos\u00e9 S\u00e9rgio Gabrielli, a empresa foi condenada \u00e0 morte indo na dire\u00e7\u00e3o contr\u00e1ria \u00e0s grandes petrol\u00edferas mundiais, p\u00fablicas ou privadas. Isso aconteceu em consequ\u00eancia das decis\u00f5es do governo Bolsonaro de optar pelo Plano de Neg\u00f3cio a curto prazo e venda dos ativos. \u201cSe olharmos para depois de 2030, a queda da atividade explorat\u00f3ria, a redu\u00e7\u00e3o do n\u00famero de po\u00e7os perfurados e o abandono da ideia de uma empresa integrada s\u00e3o (caracter\u00edsticas) t\u00edpicas de uma empresa suicida que vai morrer daqui a 5, 6 anos\u201d, afirmou ele.<\/span><\/p>\n<p style=\"text-align: justify;\"><span style=\"font-weight: 400;\">Para o professor Ildo Sauer, o que est\u00e1 acontecendo com a empresa n\u00e3o pode ser considerado suic\u00eddio, mas um assassinato deliberado de Bolsonaro e dos dirigentes da empresa contra o povo brasileiro. \u201cEst\u00e3o assassinando a maior constru\u00e7\u00e3o hist\u00f3rica, social e econ\u00f4mica do povo brasileiro para assassinar seu futuro\u201d.<\/span><\/p>\n<p style=\"text-align: justify;\"><span style=\"font-weight: 400;\">Sauer alertou que at\u00e9 dezembro, o governo Bolsonaro ir\u00e1 acelerar a venda de mais ativos, promovendo a destrui\u00e7\u00e3o n\u00e3o s\u00f3 da Petrobr\u00e1s como empresa integrada como tamb\u00e9m da ind\u00fastria do petr\u00f3leo que \u201cpoderia gerar o excedente econ\u00f4mico capaz de garantir a transi\u00e7\u00e3o energ\u00e9tica brasileira a m\u00e9dio e longo prazos\u201d.<\/span><\/p>\n<p style=\"text-align: justify;\"><span style=\"font-weight: 400;\">Durante o debate, tanto Ildo Sauer como Guilherme Estrella apontaram o papel fundamental da Petrobr\u00e1s e dos recursos do pr\u00e9-sal para tirar o pa\u00eds da crise econ\u00f4mica e combater a fome. O Brasil hoje tem 30 milh\u00f5es de pessoas que passam fome.\u00a0\u00a0\u00a0<\/span><\/p>\n<p style=\"text-align: justify;\"><span style=\"font-weight: 400;\">\u00c0s v\u00e9speras do segundo turno das elei\u00e7\u00f5es, no domingo 30\/10, quando est\u00e3o em disputa dois projetos completamente antag\u00f4nicos para o pa\u00eds, os convidados se mostraram preocupados com o resultado das elei\u00e7\u00f5es. Caso Bolsonaro seja reeleito n\u00e3o h\u00e1 d\u00favida que dar\u00e1 continuidade a privatiza\u00e7\u00e3o completa da Petrobr\u00e1s; caso ele perca as elei\u00e7\u00f5es significa a esperan\u00e7a de reconstruir a empresa, retomar a RLAM, bem como todos os ativos privatizados a pre\u00e7o vil pelo presidente.<\/span><\/p>\n<p style=\"text-align: justify;\"><span style=\"font-weight: 400;\">A Petrobr\u00e1s far\u00e1 70 anos em 2023 e para os brasileiros a \u00fanica esperan\u00e7a de voltar a contribuir para o desenvolvimento nacional e ter pre\u00e7os justos nos pre\u00e7os dos combust\u00edveis e do g\u00e1s de cozinha \u00e9 garantir a vit\u00f3ria do projeto democr\u00e1tico representado por Lula. Sem isso a luta pela Petros, AMS e pela manuten\u00e7\u00e3o da Petrobr\u00e1s como patrim\u00f4nio do povo ser\u00e1 muit\u00edssimo dif\u00edcil.<\/span><\/p>\n<p style=\"text-align: justify;\"><span style=\"font-weight: 400;\">No final do evento, os convidados apresentaram v\u00e1rias propostas de reconstru\u00e7\u00e3o da Petrobr\u00e1s e da reestatiza\u00e7\u00e3o dos ativos entregues. Inclusive, o ge\u00f3logo Guilherme Estrella, que vai cumprir 81 anos, recorreu \u00e0 Constitui\u00e7\u00e3o Brasileira de 88 para falar sobre a soberania nacional e o monop\u00f3lio do petr\u00f3leo. Ele defendeu tamb\u00e9m a proposta do ex-senador Roberto Requi\u00e3o de realizar um referendo revogat\u00f3rio de todos os atos do governo Bolsonaro.\u00a0\u00a0<\/span><\/p>\n<p><span style=\"font-weight: 400;\">O Comit\u00ea de Lutas dos Petroleiros \u00e9 integrado pela AEPET-BA, ASTAPE-BA, Abraspet e Sindipetro-BA<\/span><\/p>\n<p><span style=\"font-weight: 400;\">Perdeu a Live? Ent\u00e3o assista agora<\/span>[\/vc_column_text]<div class=\"video-wrapper\"><iframe src=\"https:\/\/www.youtube.com\/embed\/ICrFgf-uvQI?wmode=transparent\" width=\"560\" height=\"315\" style=\"border: none !important\"><\/iframe><\/div>[\/vc_column][\/vc_row]<\/p>\n","protected":false},"excerpt":{"rendered":"<p>[vc_row][vc_column][vc_column_text] &nbsp; O evento on-line com o tema \u201cFuturo da Petrobr\u00e1s Brasileira\u201d aconteceu na noite de quarta-feira (26\/10) e bateu recorde de audi\u00eancia com mais de 500 visualiza\u00e7\u00f5es. A Live foi promovida pelo Comit\u00ea de Lutas dos Petroleiros e teve&#8230;<\/p>\n","protected":false},"author":1,"featured_media":39301,"comment_status":"closed","ping_status":"closed","sticky":false,"template":"","format":"standard","meta":[],"categories":[5,87,96,10,11],"tags":[],"yoast_head":"<!-- This site is optimized with the Yoast SEO plugin v19.3 - https:\/\/yoast.com\/wordpress\/plugins\/seo\/ -->\n<title>Live em comemora\u00e7\u00e3o aos 69 anos da Petrobr\u00e1s bateu recorde de audi\u00eancia<\/title>\n<meta name=\"description\" content=\"Live que debateu o \u201cFuturo da Petrobr\u00e1s Brasileira\u201d bateu recorde de audi\u00eancia com mais de 500 visualiza\u00e7\u00f5es. Os palestrantes debateram as perspectivas da maior empresa petrol\u00edfera, que est\u00e1 sendo amea\u00e7ada de privatiza\u00e7\u00e3o por Bolsonaro.\" \/>\n<meta name=\"robots\" content=\"index, follow, max-snippet:-1, max-image-preview:large, max-video-preview:-1\" \/>\n<link rel=\"canonical\" href=\"https:\/\/aepetba.org.br\/v1\/live-em-comemoracao-aos-69-anos-da-petrobras-bateu-recorde-de-audiencia\/\" \/>\n<meta property=\"og:locale\" content=\"pt_BR\" \/>\n<meta property=\"og:type\" content=\"article\" \/>\n<meta property=\"og:title\" content=\"Live em comemora\u00e7\u00e3o aos 69 anos da Petrobr\u00e1s bateu recorde de audi\u00eancia\" \/>\n<meta property=\"og:description\" content=\"Live que debateu o \u201cFuturo da Petrobr\u00e1s Brasileira\u201d bateu recorde de audi\u00eancia com mais de 500 visualiza\u00e7\u00f5es. Os palestrantes debateram as perspectivas da maior empresa petrol\u00edfera, que est\u00e1 sendo amea\u00e7ada de privatiza\u00e7\u00e3o por Bolsonaro.\" \/>\n<meta property=\"og:url\" content=\"https:\/\/aepetba.org.br\/v1\/live-em-comemoracao-aos-69-anos-da-petrobras-bateu-recorde-de-audiencia\/\" \/>\n<meta property=\"og:site_name\" content=\"AEPET N\u00daCLEO BAHIA\" \/>\n<meta property=\"article:publisher\" content=\"https:\/\/web.facebook.com\/aepetba\" \/>\n<meta property=\"article:published_time\" content=\"2022-10-28T20:56:38+00:00\" \/>\n<meta property=\"og:image\" content=\"https:\/\/aepetba.org.br\/v1\/wp-content\/uploads\/2022\/10\/Materia-Live-em-comemoracao-aos-69-anos-da-Petrobras-bateu-recorde-de-audiencia-aepetba.jpg\" \/>\n\t<meta property=\"og:image:width\" content=\"1080\" \/>\n\t<meta property=\"og:image:height\" content=\"1080\" \/>\n\t<meta property=\"og:image:type\" content=\"image\/jpeg\" \/>\n<meta name=\"author\" content=\"AEPETBA\" \/>\n<meta name=\"twitter:card\" content=\"summary_large_image\" \/>\n<meta name=\"twitter:creator\" content=\"@aepetbahia\" \/>\n<meta name=\"twitter:site\" content=\"@aepetbahia\" \/>\n<meta name=\"twitter:label1\" content=\"Escrito por\" \/>\n\t<meta name=\"twitter:data1\" content=\"AEPETBA\" \/>\n\t<meta name=\"twitter:label2\" content=\"Est. tempo de leitura\" \/>\n\t<meta name=\"twitter:data2\" content=\"4 minutos\" \/>\n<script type=\"application\/ld+json\" class=\"yoast-schema-graph\">{\"@context\":\"https:\/\/schema.org\",\"@graph\":[{\"@type\":\"Organization\",\"@id\":\"https:\/\/aepetba.org.br\/v1\/#organization\",\"name\":\"AEPET N\u00facleo Bahia\",\"url\":\"https:\/\/aepetba.org.br\/v1\/\",\"sameAs\":[\"https:\/\/www.instagram.com\/aepetbahia\/\",\"https:\/\/www.youtube.com\/c\/AEPETBAHIA\",\"https:\/\/web.facebook.com\/aepetba\",\"https:\/\/twitter.com\/aepetbahia\"],\"logo\":{\"@type\":\"ImageObject\",\"inLanguage\":\"pt-BR\",\"@id\":\"https:\/\/aepetba.org.br\/v1\/#\/schema\/logo\/image\/\",\"url\":\"https:\/\/aepetba.org.br\/v1\/wp-content\/uploads\/revslider\/home\/logo-AEPETBA.png\",\"contentUrl\":\"https:\/\/aepetba.org.br\/v1\/wp-content\/uploads\/revslider\/home\/logo-AEPETBA.png\",\"width\":297,\"height\":86,\"caption\":\"AEPET N\u00facleo Bahia\"},\"image\":{\"@id\":\"https:\/\/aepetba.org.br\/v1\/#\/schema\/logo\/image\/\"}},{\"@type\":\"WebSite\",\"@id\":\"https:\/\/aepetba.org.br\/v1\/#website\",\"url\":\"https:\/\/aepetba.org.br\/v1\/\",\"name\":\"AEPET N\u00daCLEO BAHIA\",\"description\":\"Associa\u00e7\u00e3o dos Engenheiros da Petrobr\u00e1s N\u00facleo Bahia Petr\u00f3leo Bahia Salvador Nordeste \",\"publisher\":{\"@id\":\"https:\/\/aepetba.org.br\/v1\/#organization\"},\"potentialAction\":[{\"@type\":\"SearchAction\",\"target\":{\"@type\":\"EntryPoint\",\"urlTemplate\":\"https:\/\/aepetba.org.br\/v1\/?s={search_term_string}\"},\"query-input\":\"required name=search_term_string\"}],\"inLanguage\":\"pt-BR\"},{\"@type\":\"ImageObject\",\"inLanguage\":\"pt-BR\",\"@id\":\"https:\/\/aepetba.org.br\/v1\/live-em-comemoracao-aos-69-anos-da-petrobras-bateu-recorde-de-audiencia\/#primaryimage\",\"url\":\"https:\/\/aepetba.org.br\/v1\/wp-content\/uploads\/2022\/10\/Materia-Live-em-comemoracao-aos-69-anos-da-Petrobras-bateu-recorde-de-audiencia-aepetba.jpg\",\"contentUrl\":\"https:\/\/aepetba.org.br\/v1\/wp-content\/uploads\/2022\/10\/Materia-Live-em-comemoracao-aos-69-anos-da-Petrobras-bateu-recorde-de-audiencia-aepetba.jpg\",\"width\":1080,\"height\":1080},{\"@type\":\"WebPage\",\"@id\":\"https:\/\/aepetba.org.br\/v1\/live-em-comemoracao-aos-69-anos-da-petrobras-bateu-recorde-de-audiencia\/\",\"url\":\"https:\/\/aepetba.org.br\/v1\/live-em-comemoracao-aos-69-anos-da-petrobras-bateu-recorde-de-audiencia\/\",\"name\":\"Live em comemora\u00e7\u00e3o aos 69 anos da Petrobr\u00e1s bateu recorde de audi\u00eancia\",\"isPartOf\":{\"@id\":\"https:\/\/aepetba.org.br\/v1\/#website\"},\"primaryImageOfPage\":{\"@id\":\"https:\/\/aepetba.org.br\/v1\/live-em-comemoracao-aos-69-anos-da-petrobras-bateu-recorde-de-audiencia\/#primaryimage\"},\"datePublished\":\"2022-10-28T20:56:38+00:00\",\"dateModified\":\"2022-10-28T20:56:38+00:00\",\"description\":\"Live que debateu o \u201cFuturo da Petrobr\u00e1s Brasileira\u201d bateu recorde de audi\u00eancia com mais de 500 visualiza\u00e7\u00f5es. Os palestrantes debateram as perspectivas da maior empresa petrol\u00edfera, que est\u00e1 sendo amea\u00e7ada de privatiza\u00e7\u00e3o por Bolsonaro.\",\"breadcrumb\":{\"@id\":\"https:\/\/aepetba.org.br\/v1\/live-em-comemoracao-aos-69-anos-da-petrobras-bateu-recorde-de-audiencia\/#breadcrumb\"},\"inLanguage\":\"pt-BR\",\"potentialAction\":[{\"@type\":\"ReadAction\",\"target\":[\"https:\/\/aepetba.org.br\/v1\/live-em-comemoracao-aos-69-anos-da-petrobras-bateu-recorde-de-audiencia\/\"]}]},{\"@type\":\"BreadcrumbList\",\"@id\":\"https:\/\/aepetba.org.br\/v1\/live-em-comemoracao-aos-69-anos-da-petrobras-bateu-recorde-de-audiencia\/#breadcrumb\",\"itemListElement\":[{\"@type\":\"ListItem\",\"position\":1,\"name\":\"In\u00edcio\",\"item\":\"https:\/\/aepetba.org.br\/v1\/\"},{\"@type\":\"ListItem\",\"position\":2,\"name\":\"Live em comemora\u00e7\u00e3o aos 69 anos da Petrobr\u00e1s bateu recorde de audi\u00eancia\"}]},{\"@type\":\"Article\",\"@id\":\"https:\/\/aepetba.org.br\/v1\/live-em-comemoracao-aos-69-anos-da-petrobras-bateu-recorde-de-audiencia\/#article\",\"isPartOf\":{\"@id\":\"https:\/\/aepetba.org.br\/v1\/live-em-comemoracao-aos-69-anos-da-petrobras-bateu-recorde-de-audiencia\/\"},\"author\":{\"name\":\"AEPETBA\",\"@id\":\"https:\/\/aepetba.org.br\/v1\/#\/schema\/person\/3504208f89f3f50e1526867ebb573b88\"},\"headline\":\"Live em comemora\u00e7\u00e3o aos 69 anos da Petrobr\u00e1s bateu recorde de audi\u00eancia\",\"datePublished\":\"2022-10-28T20:56:38+00:00\",\"dateModified\":\"2022-10-28T20:56:38+00:00\",\"mainEntityOfPage\":{\"@id\":\"https:\/\/aepetba.org.br\/v1\/live-em-comemoracao-aos-69-anos-da-petrobras-bateu-recorde-de-audiencia\/\"},\"wordCount\":794,\"publisher\":{\"@id\":\"https:\/\/aepetba.org.br\/v1\/#organization\"},\"image\":{\"@id\":\"https:\/\/aepetba.org.br\/v1\/live-em-comemoracao-aos-69-anos-da-petrobras-bateu-recorde-de-audiencia\/#primaryimage\"},\"thumbnailUrl\":\"https:\/\/aepetba.org.br\/v1\/wp-content\/uploads\/2022\/10\/Materia-Live-em-comemoracao-aos-69-anos-da-Petrobras-bateu-recorde-de-audiencia-aepetba.jpg\",\"articleSection\":[\"Coluna do Associado\",\"Destaque\",\"LIVE\",\"Not\u00edcias\",\"Palestras\"],\"inLanguage\":\"pt-BR\"},{\"@type\":\"Person\",\"@id\":\"https:\/\/aepetba.org.br\/v1\/#\/schema\/person\/3504208f89f3f50e1526867ebb573b88\",\"name\":\"AEPETBA\",\"image\":{\"@type\":\"ImageObject\",\"inLanguage\":\"pt-BR\",\"@id\":\"https:\/\/aepetba.org.br\/v1\/#\/schema\/person\/image\/\",\"url\":\"https:\/\/secure.gravatar.com\/avatar\/3e6e1bf98c38137fc6b937d21e974714?s=96&d=mm&r=g\",\"contentUrl\":\"https:\/\/secure.gravatar.com\/avatar\/3e6e1bf98c38137fc6b937d21e974714?s=96&d=mm&r=g\",\"caption\":\"AEPETBA\"},\"sameAs\":[\"http:\/\/aepetba.org.br\/v1\"],\"url\":\"https:\/\/aepetba.org.br\/v1\/author\/lubconsultoria\/\"}]}<\/script>\n<!-- \/ Yoast SEO plugin. -->","yoast_head_json":{"title":"Live em comemora\u00e7\u00e3o aos 69 anos da Petrobr\u00e1s bateu recorde de audi\u00eancia","description":"Live que debateu o \u201cFuturo da Petrobr\u00e1s Brasileira\u201d bateu recorde de audi\u00eancia com mais de 500 visualiza\u00e7\u00f5es. Os palestrantes debateram as perspectivas da maior empresa petrol\u00edfera, que est\u00e1 sendo amea\u00e7ada de privatiza\u00e7\u00e3o por Bolsonaro.","robots":{"index":"index","follow":"follow","max-snippet":"max-snippet:-1","max-image-preview":"max-image-preview:large","max-video-preview":"max-video-preview:-1"},"canonical":"https:\/\/aepetba.org.br\/v1\/live-em-comemoracao-aos-69-anos-da-petrobras-bateu-recorde-de-audiencia\/","og_locale":"pt_BR","og_type":"article","og_title":"Live em comemora\u00e7\u00e3o aos 69 anos da Petrobr\u00e1s bateu recorde de audi\u00eancia","og_description":"Live que debateu o \u201cFuturo da Petrobr\u00e1s Brasileira\u201d bateu recorde de audi\u00eancia com mais de 500 visualiza\u00e7\u00f5es. Os palestrantes debateram as perspectivas da maior empresa petrol\u00edfera, que est\u00e1 sendo amea\u00e7ada de privatiza\u00e7\u00e3o por Bolsonaro.","og_url":"https:\/\/aepetba.org.br\/v1\/live-em-comemoracao-aos-69-anos-da-petrobras-bateu-recorde-de-audiencia\/","og_site_name":"AEPET N\u00daCLEO BAHIA","article_publisher":"https:\/\/web.facebook.com\/aepetba","article_published_time":"2022-10-28T20:56:38+00:00","og_image":[{"width":1080,"height":1080,"url":"https:\/\/aepetba.org.br\/v1\/wp-content\/uploads\/2022\/10\/Materia-Live-em-comemoracao-aos-69-anos-da-Petrobras-bateu-recorde-de-audiencia-aepetba.jpg","type":"image\/jpeg"}],"author":"AEPETBA","twitter_card":"summary_large_image","twitter_creator":"@aepetbahia","twitter_site":"@aepetbahia","twitter_misc":{"Escrito por":"AEPETBA","Est. tempo de leitura":"4 minutos"},"schema":{"@context":"https:\/\/schema.org","@graph":[{"@type":"Organization","@id":"https:\/\/aepetba.org.br\/v1\/#organization","name":"AEPET N\u00facleo Bahia","url":"https:\/\/aepetba.org.br\/v1\/","sameAs":["https:\/\/www.instagram.com\/aepetbahia\/","https:\/\/www.youtube.com\/c\/AEPETBAHIA","https:\/\/web.facebook.com\/aepetba","https:\/\/twitter.com\/aepetbahia"],"logo":{"@type":"ImageObject","inLanguage":"pt-BR","@id":"https:\/\/aepetba.org.br\/v1\/#\/schema\/logo\/image\/","url":"https:\/\/aepetba.org.br\/v1\/wp-content\/uploads\/revslider\/home\/logo-AEPETBA.png","contentUrl":"https:\/\/aepetba.org.br\/v1\/wp-content\/uploads\/revslider\/home\/logo-AEPETBA.png","width":297,"height":86,"caption":"AEPET N\u00facleo Bahia"},"image":{"@id":"https:\/\/aepetba.org.br\/v1\/#\/schema\/logo\/image\/"}},{"@type":"WebSite","@id":"https:\/\/aepetba.org.br\/v1\/#website","url":"https:\/\/aepetba.org.br\/v1\/","name":"AEPET N\u00daCLEO BAHIA","description":"Associa\u00e7\u00e3o dos Engenheiros da Petrobr\u00e1s N\u00facleo Bahia Petr\u00f3leo Bahia Salvador Nordeste ","publisher":{"@id":"https:\/\/aepetba.org.br\/v1\/#organization"},"potentialAction":[{"@type":"SearchAction","target":{"@type":"EntryPoint","urlTemplate":"https:\/\/aepetba.org.br\/v1\/?s={search_term_string}"},"query-input":"required name=search_term_string"}],"inLanguage":"pt-BR"},{"@type":"ImageObject","inLanguage":"pt-BR","@id":"https:\/\/aepetba.org.br\/v1\/live-em-comemoracao-aos-69-anos-da-petrobras-bateu-recorde-de-audiencia\/#primaryimage","url":"https:\/\/aepetba.org.br\/v1\/wp-content\/uploads\/2022\/10\/Materia-Live-em-comemoracao-aos-69-anos-da-Petrobras-bateu-recorde-de-audiencia-aepetba.jpg","contentUrl":"https:\/\/aepetba.org.br\/v1\/wp-content\/uploads\/2022\/10\/Materia-Live-em-comemoracao-aos-69-anos-da-Petrobras-bateu-recorde-de-audiencia-aepetba.jpg","width":1080,"height":1080},{"@type":"WebPage","@id":"https:\/\/aepetba.org.br\/v1\/live-em-comemoracao-aos-69-anos-da-petrobras-bateu-recorde-de-audiencia\/","url":"https:\/\/aepetba.org.br\/v1\/live-em-comemoracao-aos-69-anos-da-petrobras-bateu-recorde-de-audiencia\/","name":"Live em comemora\u00e7\u00e3o aos 69 anos da Petrobr\u00e1s bateu recorde de audi\u00eancia","isPartOf":{"@id":"https:\/\/aepetba.org.br\/v1\/#website"},"primaryImageOfPage":{"@id":"https:\/\/aepetba.org.br\/v1\/live-em-comemoracao-aos-69-anos-da-petrobras-bateu-recorde-de-audiencia\/#primaryimage"},"datePublished":"2022-10-28T20:56:38+00:00","dateModified":"2022-10-28T20:56:38+00:00","description":"Live que debateu o \u201cFuturo da Petrobr\u00e1s Brasileira\u201d bateu recorde de audi\u00eancia com mais de 500 visualiza\u00e7\u00f5es. Os palestrantes debateram as perspectivas da maior empresa petrol\u00edfera, que est\u00e1 sendo amea\u00e7ada de privatiza\u00e7\u00e3o por Bolsonaro.","breadcrumb":{"@id":"https:\/\/aepetba.org.br\/v1\/live-em-comemoracao-aos-69-anos-da-petrobras-bateu-recorde-de-audiencia\/#breadcrumb"},"inLanguage":"pt-BR","potentialAction":[{"@type":"ReadAction","target":["https:\/\/aepetba.org.br\/v1\/live-em-comemoracao-aos-69-anos-da-petrobras-bateu-recorde-de-audiencia\/"]}]},{"@type":"BreadcrumbList","@id":"https:\/\/aepetba.org.br\/v1\/live-em-comemoracao-aos-69-anos-da-petrobras-bateu-recorde-de-audiencia\/#breadcrumb","itemListElement":[{"@type":"ListItem","position":1,"name":"In\u00edcio","item":"https:\/\/aepetba.org.br\/v1\/"},{"@type":"ListItem","position":2,"name":"Live em comemora\u00e7\u00e3o aos 69 anos da Petrobr\u00e1s bateu recorde de audi\u00eancia"}]},{"@type":"Article","@id":"https:\/\/aepetba.org.br\/v1\/live-em-comemoracao-aos-69-anos-da-petrobras-bateu-recorde-de-audiencia\/#article","isPartOf":{"@id":"https:\/\/aepetba.org.br\/v1\/live-em-comemoracao-aos-69-anos-da-petrobras-bateu-recorde-de-audiencia\/"},"author":{"name":"AEPETBA","@id":"https:\/\/aepetba.org.br\/v1\/#\/schema\/person\/3504208f89f3f50e1526867ebb573b88"},"headline":"Live em comemora\u00e7\u00e3o aos 69 anos da Petrobr\u00e1s bateu recorde de audi\u00eancia","datePublished":"2022-10-28T20:56:38+00:00","dateModified":"2022-10-28T20:56:38+00:00","mainEntityOfPage":{"@id":"https:\/\/aepetba.org.br\/v1\/live-em-comemoracao-aos-69-anos-da-petrobras-bateu-recorde-de-audiencia\/"},"wordCount":794,"publisher":{"@id":"https:\/\/aepetba.org.br\/v1\/#organization"},"image":{"@id":"https:\/\/aepetba.org.br\/v1\/live-em-comemoracao-aos-69-anos-da-petrobras-bateu-recorde-de-audiencia\/#primaryimage"},"thumbnailUrl":"https:\/\/aepetba.org.br\/v1\/wp-content\/uploads\/2022\/10\/Materia-Live-em-comemoracao-aos-69-anos-da-Petrobras-bateu-recorde-de-audiencia-aepetba.jpg","articleSection":["Coluna do Associado","Destaque","LIVE","Not\u00edcias","Palestras"],"inLanguage":"pt-BR"},{"@type":"Person","@id":"https:\/\/aepetba.org.br\/v1\/#\/schema\/person\/3504208f89f3f50e1526867ebb573b88","name":"AEPETBA","image":{"@type":"ImageObject","inLanguage":"pt-BR","@id":"https:\/\/aepetba.org.br\/v1\/#\/schema\/person\/image\/","url":"https:\/\/secure.gravatar.com\/avatar\/3e6e1bf98c38137fc6b937d21e974714?s=96&d=mm&r=g","contentUrl":"https:\/\/secure.gravatar.com\/avatar\/3e6e1bf98c38137fc6b937d21e974714?s=96&d=mm&r=g","caption":"AEPETBA"},"sameAs":["http:\/\/aepetba.org.br\/v1"],"url":"https:\/\/aepetba.org.br\/v1\/author\/lubconsultoria\/"}]}},"_links":{"self":[{"href":"https:\/\/aepetba.org.br\/v1\/wp-json\/wp\/v2\/posts\/39299"}],"collection":[{"href":"https:\/\/aepetba.org.br\/v1\/wp-json\/wp\/v2\/posts"}],"about":[{"href":"https:\/\/aepetba.org.br\/v1\/wp-json\/wp\/v2\/types\/post"}],"author":[{"embeddable":true,"href":"https:\/\/aepetba.org.br\/v1\/wp-json\/wp\/v2\/users\/1"}],"replies":[{"embeddable":true,"href":"https:\/\/aepetba.org.br\/v1\/wp-json\/wp\/v2\/comments?post=39299"}],"version-history":[{"count":1,"href":"https:\/\/aepetba.org.br\/v1\/wp-json\/wp\/v2\/posts\/39299\/revisions"}],"predecessor-version":[{"id":39302,"href":"https:\/\/aepetba.org.br\/v1\/wp-json\/wp\/v2\/posts\/39299\/revisions\/39302"}],"wp:featuredmedia":[{"embeddable":true,"href":"https:\/\/aepetba.org.br\/v1\/wp-json\/wp\/v2\/media\/39301"}],"wp:attachment":[{"href":"https:\/\/aepetba.org.br\/v1\/wp-json\/wp\/v2\/media?parent=39299"}],"wp:term":[{"taxonomy":"category","embeddable":true,"href":"https:\/\/aepetba.org.br\/v1\/wp-json\/wp\/v2\/categories?post=39299"},{"taxonomy":"post_tag","embeddable":true,"href":"https:\/\/aepetba.org.br\/v1\/wp-json\/wp\/v2\/tags?post=39299"}],"curies":[{"name":"wp","href":"https:\/\/api.w.org\/{rel}","templated":true}]}}