{"id":39312,"date":"2022-11-04T09:36:46","date_gmt":"2022-11-04T12:36:46","guid":{"rendered":"https:\/\/aepetba.org.br\/v1\/?p=39312"},"modified":"2022-11-04T09:36:46","modified_gmt":"2022-11-04T12:36:46","slug":"a-derrota-da-barbarie","status":"publish","type":"post","link":"https:\/\/aepetba.org.br\/v1\/a-derrota-da-barbarie\/","title":{"rendered":"A derrota da barb\u00e1rie"},"content":{"rendered":"<!--[if lt IE 9]><script>document.createElement('audio');<\/script><![endif]-->\n<audio class=\"wp-audio-shortcode\" id=\"audio-39312-1\" preload=\"none\" style=\"width: 100%;\" controls=\"controls\"><source type=\"audio\/ogg\" src=\"https:\/\/aepetba.org.br\/v1\/wp-content\/uploads\/2022\/11\/a-derrota-da-barbaria.ogg?_=1\" \/><a href=\"https:\/\/aepetba.org.br\/v1\/wp-content\/uploads\/2022\/11\/a-derrota-da-barbaria.ogg\">https:\/\/aepetba.org.br\/v1\/wp-content\/uploads\/2022\/11\/a-derrota-da-barbaria.ogg<\/a><\/audio>\n<p>&nbsp;<\/p>\n<p style=\"text-align: right;\"><i><span style=\"font-weight: 400;\">Por Marcos Andr\u00e9, presidente da AEPET-BA<\/span><\/i><\/p>\n<p style=\"text-align: justify;\"><span style=\"font-weight: 400;\">Como bons brasileiros e, principalmente, nordestinos, n\u00e3o podemos considerar que foi\u00a0 apenas a vit\u00f3ria de Lula, ou do PT, nas elei\u00e7\u00f5es de 30 de outubro.\u00a0 Essa vit\u00f3ria foi muito mais ampla e n\u00e3o se restringe a um partido, a uma pessoa ou mesmo a um segmento pol\u00edtico seja de esquerda, direita ou centro.<\/span><\/p>\n<p style=\"text-align: justify;\"><span style=\"font-weight: 400;\">A verdade \u00e9 que n\u00f3s, povo brasileiro, derrotamos a barb\u00e1rie; n\u00f3s, cidad\u00e3os brasileiros, optamos pelo caminho da civilidade, da democracia e da paz. N\u00e3o foi a vit\u00f3ria de um pol\u00edtico, foi a vit\u00f3ria da pol\u00edtica contra a trucul\u00eancia, porque quando se exclui a pol\u00edtica o que sobra \u00e9 a viol\u00eancia, a trucul\u00eancia e a morte.<\/span><\/p>\n<p style=\"text-align: justify;\"><span style=\"font-weight: 400;\">V<\/span><span style=\"font-weight: 400;\">enceu a sanidade em um pa\u00eds que parecia ter enlouquecido rapidamente. Pouco tempo atr\u00e1s, fal\u00e1vamos em defender e proteger a floresta, fal\u00e1vamos em direitos, cultura e educa\u00e7\u00e3o, pens\u00e1vamos em viagens. Depois imperavam as Fake News, a defesa de \u201cpassar a boiada\u201d, destruir as florestas, infla\u00e7\u00e3o de alimentos, disparada dos combust\u00edveis, redu\u00e7\u00e3o do or\u00e7amento para a educa\u00e7\u00e3o e sa\u00fade e o retorno da fome.<\/span><\/p>\n<p style=\"text-align: justify;\"><span style=\"font-weight: 400;\">H\u00e1 pouco tempo, como seres humanos, produto de um processo de evolu\u00e7\u00e3o social e humana, sonh\u00e1vamos com um Brasil sem fome, mas hoje nossos irm\u00e3os e nossas irm\u00e3s passam fome ao nosso lado e somos indiferentes. Portanto, neste momento, n\u00e3o basta apenas derrotar o bolsonarismo, devemos recuperar a nossa humanidade; \u00e9 necess\u00e1rio ressignificar o conceito de cidadania para substituir a passividade social, a indiferen\u00e7a social pela a\u00e7\u00e3o pol\u00edtica consciente; n\u00e3o a dos pol\u00edticos mais a de cada um de n\u00f3s como seres pol\u00edticos, participando ativamente das decis\u00f5es que vir\u00e3o.\u00a0<\/span><\/p>\n<p style=\"text-align: justify;\"><span style=\"font-weight: 400;\">N\u00e3o podemos nos contentar em ir \u00e0s urnas, devemos assumir o compromisso de promover a fraternidade social, a conviv\u00eancia pac\u00edfica e o amor ao pr\u00f3ximo, e acima de tudo ter a capacidade de nos importarmos com o outro.<\/span><\/p>\n<p style=\"text-align: justify;\"><span style=\"font-weight: 400;\">Vamos recuperar os la\u00e7os de fam\u00edlia, de amizade para reconstruir uma sociedade solid\u00e1ria, menos doente, menos indiferente, menos ego\u00edsta e menos individualista. Precisamos rever o nosso papel na sociedade, porque, caso contr\u00e1rio, \u00e9 moment\u00e2neo derrotar a trucul\u00eancia, a barb\u00e1rie, a viol\u00eancia e a morte.<\/span><\/p>\n<p style=\"text-align: justify;\"><span style=\"font-weight: 400;\">Mais do que nunca, como brasileiros, precisamos estar em constante vig\u00edlia para defender a liberdade, retomar o s\u00edmbolo da soberania nacional e os s\u00edmbolos do nosso pa\u00eds para p\u00f4r fim ao complexo dos colonizadores que vende as riquezas do Brasil para enriquecer e dividir apenas com os seus o patrim\u00f4nio roubado, destruindo tudo, enquanto sonha em viver em \u201cum pa\u00eds civilizado\u201d.<\/span><\/p>\n<p style=\"text-align: justify;\"><span style=\"font-weight: 400;\">Devemos nos rebelar contra o pensamento de que o Brasil n\u00e3o \u00e9 um pa\u00eds s\u00e9rio e que a corrup\u00e7\u00e3o, tanto no setor p\u00fablico quanto no privado, \u00e9 pr\u00f3pria do brasileiro.<\/span><\/p>\n<p style=\"text-align: justify;\"><span style=\"font-weight: 400;\">Daqui para frente, vamos evitar ser envenenados com a mesma viol\u00eancia que os incentivadores do \u00f3dio espalharam pelo mundo e no Brasil. A vacina para tudo isso \u00e9 a a\u00e7\u00e3o coletiva consciente e a a\u00e7\u00e3o cidad\u00e3, uma cidadania plena que a nossa democracia nos permite, participando na igreja, no sindicato, no clube, nas associa\u00e7\u00f5es de classe, na associa\u00e7\u00e3o de moradores. Vamos precisar encantar a juventude e ench\u00ea-las de esperan\u00e7a para que se engajem no movimento estudantil. Exercer a democracia em seu sentido participativo \u00e9 a \u00fanica solu\u00e7\u00e3o para que a gente possa finalmente criar e educar os nossos filhos e netos, sonhando com um pa\u00eds melhor.<\/span><\/p>\n<p style=\"text-align: justify;\"><span style=\"font-weight: 400;\">Parab\u00e9ns a quem n\u00e3o aderiu \u00e0 barb\u00e1rie, parab\u00e9ns a quem sobreviveu, parab\u00e9ns a cada um de n\u00f3s que mantendo a nossa humanidade entregamos o que tamb\u00e9m h\u00e1 de mais humano: a nossa esperan\u00e7a. N\u00e3o a esperan\u00e7a contemplativa, mas a esperan\u00e7a ativa de que um novo dia vir\u00e1. Vamos abrir as janelas e as cortinas para que o sol entre e ilumine o mundo triste onde vivemos hoje.<\/span><\/p>\n<p style=\"text-align: justify;\"><span style=\"font-weight: 400;\">A nossa sauda\u00e7\u00e3o aos corajosos. A AEPET-BA\u00a0 parabeniza a todos e todas que participaram incansavelmente dessa luta para recuperar a nossa soberania nacional e tamb\u00e9m a nossa humanidade. Os desafios s\u00e3o muitos, vamos lutar pela reconstru\u00e7\u00e3o da Petrobras na Bahia com a participa\u00e7\u00e3o do povo e ter mais empregos de qualidade, mais investimentos. Lutar pela retomada do patrim\u00f4nio do povo, da RLAM, da FAFEN-BA, a explora\u00e7\u00e3o dos campos terrestres e novos investimentos em prospec\u00e7\u00e3o em terra e no mar, novos\u00a0 investimentos em energias renov\u00e1veis e biodiesel. Queremos muito mais que sermos recordistas de brasileiros que passam fome. Ela decorre dos muitos anos de abandono onde os recursos p\u00fablicos e privados s\u00f3 eram aplicados no sul e sudeste do pa\u00eds.<\/span><\/p>\n<p style=\"text-align: justify;\"><span style=\"font-weight: 400;\">N\u00e3o rivalizamos com nossos irm\u00e3os e irm\u00e3s brasileiros (as) de todas as regi\u00f5es, mas n\u00e3o aceitamos a xenofobia dos que nos odeiam pelo que somos, nem a dos que nos veem folcloricamente e apenas como destinat\u00e1rios da caridade. Somos um povo forte historicamente injusti\u00e7ado que deseja apenas viver, ao nosso modo, com dignidade e reconstruir a Petrobr\u00e1s no Nordeste e na Bahia \u00e9 condi\u00e7\u00e3o de supera\u00e7\u00e3o das desigualdades regionais e sociais que t\u00eam sido a t\u00f4nica da vis\u00e3o que norteiam as pol\u00edticas no Brasil. A caridade dos bons e o \u00f3dio dos maus, como duas facetas do mesmo racismo, descentralizar os investimentos p\u00fablicos e criar as condi\u00e7\u00f5es de investimentos privados \u00e9 a \u00fanica forma decente de nos vermos e sermos vistos como iguais.<\/span><\/p>\n<p style=\"text-align: justify;\"><span style=\"font-weight: 400;\">Junte-se a n\u00f3s para reconstruir a Petrobr\u00e1s na Bahia e a soberania em todo o Brasil. Participe e se engaje para reescrever a hist\u00f3ria do nosso povo, afinal, somos todos e todas vencedores porque a barb\u00e1rie foi derrotada.\u00a0<\/span><\/p>\n<p>&nbsp;<\/p>\n","protected":false},"excerpt":{"rendered":"<p>&nbsp; Por Marcos Andr\u00e9, presidente da AEPET-BA Como bons brasileiros e, principalmente, nordestinos, n\u00e3o podemos considerar que foi\u00a0 apenas a vit\u00f3ria de Lula, ou do PT, nas elei\u00e7\u00f5es de 30 de outubro.\u00a0 Essa vit\u00f3ria foi muito mais ampla e n\u00e3o&#8230;<\/p>\n","protected":false},"author":1,"featured_media":39313,"comment_status":"closed","ping_status":"closed","sticky":false,"template":"","format":"standard","meta":[],"categories":[325,5,87,10],"tags":[],"yoast_head":"<!-- This site is optimized with the Yoast SEO plugin v19.3 - https:\/\/yoast.com\/wordpress\/plugins\/seo\/ -->\n<title>A derrota da barb\u00e1rie<\/title>\n<meta name=\"description\" content=\"Em nota, o presidente da AEPET-BA, Marcos Andr\u00e9, fala sobre o significado do resultado das elei\u00e7\u00f5es que deu a vit\u00f3ria a Lula\" \/>\n<meta name=\"robots\" content=\"index, follow, max-snippet:-1, max-image-preview:large, max-video-preview:-1\" \/>\n<link rel=\"canonical\" href=\"https:\/\/aepetba.org.br\/v1\/a-derrota-da-barbarie\/\" \/>\n<meta property=\"og:locale\" content=\"pt_BR\" \/>\n<meta property=\"og:type\" content=\"article\" \/>\n<meta property=\"og:title\" content=\"A derrota da barb\u00e1rie\" \/>\n<meta property=\"og:description\" content=\"Em nota, o presidente da AEPET-BA, Marcos Andr\u00e9, fala sobre o significado do resultado das elei\u00e7\u00f5es que deu a vit\u00f3ria a Lula\" \/>\n<meta property=\"og:url\" content=\"https:\/\/aepetba.org.br\/v1\/a-derrota-da-barbarie\/\" \/>\n<meta property=\"og:site_name\" content=\"AEPET N\u00daCLEO BAHIA\" \/>\n<meta property=\"article:publisher\" content=\"https:\/\/web.facebook.com\/aepetba\" \/>\n<meta property=\"article:published_time\" content=\"2022-11-04T12:36:46+00:00\" \/>\n<meta property=\"og:image\" content=\"https:\/\/aepetba.org.br\/v1\/wp-content\/uploads\/2022\/11\/Materia-A-derrota-da-barbarie-petroleo-bahia-Aepet-ba.jpg\" \/>\n\t<meta property=\"og:image:width\" content=\"1080\" \/>\n\t<meta property=\"og:image:height\" content=\"909\" \/>\n\t<meta property=\"og:image:type\" content=\"image\/jpeg\" \/>\n<meta name=\"author\" content=\"AEPETBA\" \/>\n<meta name=\"twitter:card\" content=\"summary_large_image\" \/>\n<meta name=\"twitter:creator\" content=\"@aepetbahia\" \/>\n<meta name=\"twitter:site\" content=\"@aepetbahia\" \/>\n<meta name=\"twitter:label1\" content=\"Escrito por\" \/>\n\t<meta name=\"twitter:data1\" content=\"AEPETBA\" \/>\n\t<meta name=\"twitter:label2\" content=\"Est. tempo de leitura\" \/>\n\t<meta name=\"twitter:data2\" content=\"5 minutos\" \/>\n<script type=\"application\/ld+json\" class=\"yoast-schema-graph\">{\"@context\":\"https:\/\/schema.org\",\"@graph\":[{\"@type\":\"Organization\",\"@id\":\"https:\/\/aepetba.org.br\/v1\/#organization\",\"name\":\"AEPET N\u00facleo Bahia\",\"url\":\"https:\/\/aepetba.org.br\/v1\/\",\"sameAs\":[\"https:\/\/www.instagram.com\/aepetbahia\/\",\"https:\/\/www.youtube.com\/c\/AEPETBAHIA\",\"https:\/\/web.facebook.com\/aepetba\",\"https:\/\/twitter.com\/aepetbahia\"],\"logo\":{\"@type\":\"ImageObject\",\"inLanguage\":\"pt-BR\",\"@id\":\"https:\/\/aepetba.org.br\/v1\/#\/schema\/logo\/image\/\",\"url\":\"https:\/\/aepetba.org.br\/v1\/wp-content\/uploads\/revslider\/home\/logo-AEPETBA.png\",\"contentUrl\":\"https:\/\/aepetba.org.br\/v1\/wp-content\/uploads\/revslider\/home\/logo-AEPETBA.png\",\"width\":297,\"height\":86,\"caption\":\"AEPET N\u00facleo Bahia\"},\"image\":{\"@id\":\"https:\/\/aepetba.org.br\/v1\/#\/schema\/logo\/image\/\"}},{\"@type\":\"WebSite\",\"@id\":\"https:\/\/aepetba.org.br\/v1\/#website\",\"url\":\"https:\/\/aepetba.org.br\/v1\/\",\"name\":\"AEPET N\u00daCLEO BAHIA\",\"description\":\"Associa\u00e7\u00e3o dos Engenheiros da Petrobr\u00e1s N\u00facleo Bahia Petr\u00f3leo Bahia Salvador Nordeste \",\"publisher\":{\"@id\":\"https:\/\/aepetba.org.br\/v1\/#organization\"},\"potentialAction\":[{\"@type\":\"SearchAction\",\"target\":{\"@type\":\"EntryPoint\",\"urlTemplate\":\"https:\/\/aepetba.org.br\/v1\/?s={search_term_string}\"},\"query-input\":\"required name=search_term_string\"}],\"inLanguage\":\"pt-BR\"},{\"@type\":\"ImageObject\",\"inLanguage\":\"pt-BR\",\"@id\":\"https:\/\/aepetba.org.br\/v1\/a-derrota-da-barbarie\/#primaryimage\",\"url\":\"https:\/\/aepetba.org.br\/v1\/wp-content\/uploads\/2022\/11\/Materia-A-derrota-da-barbarie-petroleo-bahia-Aepet-ba.jpg\",\"contentUrl\":\"https:\/\/aepetba.org.br\/v1\/wp-content\/uploads\/2022\/11\/Materia-A-derrota-da-barbarie-petroleo-bahia-Aepet-ba.jpg\",\"width\":1080,\"height\":909},{\"@type\":\"WebPage\",\"@id\":\"https:\/\/aepetba.org.br\/v1\/a-derrota-da-barbarie\/\",\"url\":\"https:\/\/aepetba.org.br\/v1\/a-derrota-da-barbarie\/\",\"name\":\"A derrota da barb\u00e1rie\",\"isPartOf\":{\"@id\":\"https:\/\/aepetba.org.br\/v1\/#website\"},\"primaryImageOfPage\":{\"@id\":\"https:\/\/aepetba.org.br\/v1\/a-derrota-da-barbarie\/#primaryimage\"},\"datePublished\":\"2022-11-04T12:36:46+00:00\",\"dateModified\":\"2022-11-04T12:36:46+00:00\",\"description\":\"Em nota, o presidente da AEPET-BA, Marcos Andr\u00e9, fala sobre o significado do resultado das elei\u00e7\u00f5es que deu a vit\u00f3ria a Lula\",\"breadcrumb\":{\"@id\":\"https:\/\/aepetba.org.br\/v1\/a-derrota-da-barbarie\/#breadcrumb\"},\"inLanguage\":\"pt-BR\",\"potentialAction\":[{\"@type\":\"ReadAction\",\"target\":[\"https:\/\/aepetba.org.br\/v1\/a-derrota-da-barbarie\/\"]}]},{\"@type\":\"BreadcrumbList\",\"@id\":\"https:\/\/aepetba.org.br\/v1\/a-derrota-da-barbarie\/#breadcrumb\",\"itemListElement\":[{\"@type\":\"ListItem\",\"position\":1,\"name\":\"In\u00edcio\",\"item\":\"https:\/\/aepetba.org.br\/v1\/\"},{\"@type\":\"ListItem\",\"position\":2,\"name\":\"A derrota da barb\u00e1rie\"}]},{\"@type\":\"Article\",\"@id\":\"https:\/\/aepetba.org.br\/v1\/a-derrota-da-barbarie\/#article\",\"isPartOf\":{\"@id\":\"https:\/\/aepetba.org.br\/v1\/a-derrota-da-barbarie\/\"},\"author\":{\"name\":\"AEPETBA\",\"@id\":\"https:\/\/aepetba.org.br\/v1\/#\/schema\/person\/3504208f89f3f50e1526867ebb573b88\"},\"headline\":\"A derrota da barb\u00e1rie\",\"datePublished\":\"2022-11-04T12:36:46+00:00\",\"dateModified\":\"2022-11-04T12:36:46+00:00\",\"mainEntityOfPage\":{\"@id\":\"https:\/\/aepetba.org.br\/v1\/a-derrota-da-barbarie\/\"},\"wordCount\":1022,\"publisher\":{\"@id\":\"https:\/\/aepetba.org.br\/v1\/#organization\"},\"image\":{\"@id\":\"https:\/\/aepetba.org.br\/v1\/a-derrota-da-barbarie\/#primaryimage\"},\"thumbnailUrl\":\"https:\/\/aepetba.org.br\/v1\/wp-content\/uploads\/2022\/11\/Materia-A-derrota-da-barbarie-petroleo-bahia-Aepet-ba.jpg\",\"articleSection\":[\"Artigos\",\"Coluna do Associado\",\"Destaque\",\"Not\u00edcias\"],\"inLanguage\":\"pt-BR\"},{\"@type\":\"Person\",\"@id\":\"https:\/\/aepetba.org.br\/v1\/#\/schema\/person\/3504208f89f3f50e1526867ebb573b88\",\"name\":\"AEPETBA\",\"image\":{\"@type\":\"ImageObject\",\"inLanguage\":\"pt-BR\",\"@id\":\"https:\/\/aepetba.org.br\/v1\/#\/schema\/person\/image\/\",\"url\":\"https:\/\/secure.gravatar.com\/avatar\/3e6e1bf98c38137fc6b937d21e974714?s=96&d=mm&r=g\",\"contentUrl\":\"https:\/\/secure.gravatar.com\/avatar\/3e6e1bf98c38137fc6b937d21e974714?s=96&d=mm&r=g\",\"caption\":\"AEPETBA\"},\"sameAs\":[\"http:\/\/aepetba.org.br\/v1\"],\"url\":\"https:\/\/aepetba.org.br\/v1\/author\/lubconsultoria\/\"}]}<\/script>\n<!-- \/ Yoast SEO plugin. -->","yoast_head_json":{"title":"A derrota da barb\u00e1rie","description":"Em nota, o presidente da AEPET-BA, Marcos Andr\u00e9, fala sobre o significado do resultado das elei\u00e7\u00f5es que deu a vit\u00f3ria a Lula","robots":{"index":"index","follow":"follow","max-snippet":"max-snippet:-1","max-image-preview":"max-image-preview:large","max-video-preview":"max-video-preview:-1"},"canonical":"https:\/\/aepetba.org.br\/v1\/a-derrota-da-barbarie\/","og_locale":"pt_BR","og_type":"article","og_title":"A derrota da barb\u00e1rie","og_description":"Em nota, o presidente da AEPET-BA, Marcos Andr\u00e9, fala sobre o significado do resultado das elei\u00e7\u00f5es que deu a vit\u00f3ria a Lula","og_url":"https:\/\/aepetba.org.br\/v1\/a-derrota-da-barbarie\/","og_site_name":"AEPET N\u00daCLEO BAHIA","article_publisher":"https:\/\/web.facebook.com\/aepetba","article_published_time":"2022-11-04T12:36:46+00:00","og_image":[{"width":1080,"height":909,"url":"https:\/\/aepetba.org.br\/v1\/wp-content\/uploads\/2022\/11\/Materia-A-derrota-da-barbarie-petroleo-bahia-Aepet-ba.jpg","type":"image\/jpeg"}],"author":"AEPETBA","twitter_card":"summary_large_image","twitter_creator":"@aepetbahia","twitter_site":"@aepetbahia","twitter_misc":{"Escrito por":"AEPETBA","Est. tempo de leitura":"5 minutos"},"schema":{"@context":"https:\/\/schema.org","@graph":[{"@type":"Organization","@id":"https:\/\/aepetba.org.br\/v1\/#organization","name":"AEPET N\u00facleo Bahia","url":"https:\/\/aepetba.org.br\/v1\/","sameAs":["https:\/\/www.instagram.com\/aepetbahia\/","https:\/\/www.youtube.com\/c\/AEPETBAHIA","https:\/\/web.facebook.com\/aepetba","https:\/\/twitter.com\/aepetbahia"],"logo":{"@type":"ImageObject","inLanguage":"pt-BR","@id":"https:\/\/aepetba.org.br\/v1\/#\/schema\/logo\/image\/","url":"https:\/\/aepetba.org.br\/v1\/wp-content\/uploads\/revslider\/home\/logo-AEPETBA.png","contentUrl":"https:\/\/aepetba.org.br\/v1\/wp-content\/uploads\/revslider\/home\/logo-AEPETBA.png","width":297,"height":86,"caption":"AEPET N\u00facleo Bahia"},"image":{"@id":"https:\/\/aepetba.org.br\/v1\/#\/schema\/logo\/image\/"}},{"@type":"WebSite","@id":"https:\/\/aepetba.org.br\/v1\/#website","url":"https:\/\/aepetba.org.br\/v1\/","name":"AEPET N\u00daCLEO BAHIA","description":"Associa\u00e7\u00e3o dos Engenheiros da Petrobr\u00e1s N\u00facleo Bahia Petr\u00f3leo Bahia Salvador Nordeste ","publisher":{"@id":"https:\/\/aepetba.org.br\/v1\/#organization"},"potentialAction":[{"@type":"SearchAction","target":{"@type":"EntryPoint","urlTemplate":"https:\/\/aepetba.org.br\/v1\/?s={search_term_string}"},"query-input":"required name=search_term_string"}],"inLanguage":"pt-BR"},{"@type":"ImageObject","inLanguage":"pt-BR","@id":"https:\/\/aepetba.org.br\/v1\/a-derrota-da-barbarie\/#primaryimage","url":"https:\/\/aepetba.org.br\/v1\/wp-content\/uploads\/2022\/11\/Materia-A-derrota-da-barbarie-petroleo-bahia-Aepet-ba.jpg","contentUrl":"https:\/\/aepetba.org.br\/v1\/wp-content\/uploads\/2022\/11\/Materia-A-derrota-da-barbarie-petroleo-bahia-Aepet-ba.jpg","width":1080,"height":909},{"@type":"WebPage","@id":"https:\/\/aepetba.org.br\/v1\/a-derrota-da-barbarie\/","url":"https:\/\/aepetba.org.br\/v1\/a-derrota-da-barbarie\/","name":"A derrota da barb\u00e1rie","isPartOf":{"@id":"https:\/\/aepetba.org.br\/v1\/#website"},"primaryImageOfPage":{"@id":"https:\/\/aepetba.org.br\/v1\/a-derrota-da-barbarie\/#primaryimage"},"datePublished":"2022-11-04T12:36:46+00:00","dateModified":"2022-11-04T12:36:46+00:00","description":"Em nota, o presidente da AEPET-BA, Marcos Andr\u00e9, fala sobre o significado do resultado das elei\u00e7\u00f5es que deu a vit\u00f3ria a Lula","breadcrumb":{"@id":"https:\/\/aepetba.org.br\/v1\/a-derrota-da-barbarie\/#breadcrumb"},"inLanguage":"pt-BR","potentialAction":[{"@type":"ReadAction","target":["https:\/\/aepetba.org.br\/v1\/a-derrota-da-barbarie\/"]}]},{"@type":"BreadcrumbList","@id":"https:\/\/aepetba.org.br\/v1\/a-derrota-da-barbarie\/#breadcrumb","itemListElement":[{"@type":"ListItem","position":1,"name":"In\u00edcio","item":"https:\/\/aepetba.org.br\/v1\/"},{"@type":"ListItem","position":2,"name":"A derrota da barb\u00e1rie"}]},{"@type":"Article","@id":"https:\/\/aepetba.org.br\/v1\/a-derrota-da-barbarie\/#article","isPartOf":{"@id":"https:\/\/aepetba.org.br\/v1\/a-derrota-da-barbarie\/"},"author":{"name":"AEPETBA","@id":"https:\/\/aepetba.org.br\/v1\/#\/schema\/person\/3504208f89f3f50e1526867ebb573b88"},"headline":"A derrota da barb\u00e1rie","datePublished":"2022-11-04T12:36:46+00:00","dateModified":"2022-11-04T12:36:46+00:00","mainEntityOfPage":{"@id":"https:\/\/aepetba.org.br\/v1\/a-derrota-da-barbarie\/"},"wordCount":1022,"publisher":{"@id":"https:\/\/aepetba.org.br\/v1\/#organization"},"image":{"@id":"https:\/\/aepetba.org.br\/v1\/a-derrota-da-barbarie\/#primaryimage"},"thumbnailUrl":"https:\/\/aepetba.org.br\/v1\/wp-content\/uploads\/2022\/11\/Materia-A-derrota-da-barbarie-petroleo-bahia-Aepet-ba.jpg","articleSection":["Artigos","Coluna do Associado","Destaque","Not\u00edcias"],"inLanguage":"pt-BR"},{"@type":"Person","@id":"https:\/\/aepetba.org.br\/v1\/#\/schema\/person\/3504208f89f3f50e1526867ebb573b88","name":"AEPETBA","image":{"@type":"ImageObject","inLanguage":"pt-BR","@id":"https:\/\/aepetba.org.br\/v1\/#\/schema\/person\/image\/","url":"https:\/\/secure.gravatar.com\/avatar\/3e6e1bf98c38137fc6b937d21e974714?s=96&d=mm&r=g","contentUrl":"https:\/\/secure.gravatar.com\/avatar\/3e6e1bf98c38137fc6b937d21e974714?s=96&d=mm&r=g","caption":"AEPETBA"},"sameAs":["http:\/\/aepetba.org.br\/v1"],"url":"https:\/\/aepetba.org.br\/v1\/author\/lubconsultoria\/"}]}},"_links":{"self":[{"href":"https:\/\/aepetba.org.br\/v1\/wp-json\/wp\/v2\/posts\/39312"}],"collection":[{"href":"https:\/\/aepetba.org.br\/v1\/wp-json\/wp\/v2\/posts"}],"about":[{"href":"https:\/\/aepetba.org.br\/v1\/wp-json\/wp\/v2\/types\/post"}],"author":[{"embeddable":true,"href":"https:\/\/aepetba.org.br\/v1\/wp-json\/wp\/v2\/users\/1"}],"replies":[{"embeddable":true,"href":"https:\/\/aepetba.org.br\/v1\/wp-json\/wp\/v2\/comments?post=39312"}],"version-history":[{"count":1,"href":"https:\/\/aepetba.org.br\/v1\/wp-json\/wp\/v2\/posts\/39312\/revisions"}],"predecessor-version":[{"id":39315,"href":"https:\/\/aepetba.org.br\/v1\/wp-json\/wp\/v2\/posts\/39312\/revisions\/39315"}],"wp:featuredmedia":[{"embeddable":true,"href":"https:\/\/aepetba.org.br\/v1\/wp-json\/wp\/v2\/media\/39313"}],"wp:attachment":[{"href":"https:\/\/aepetba.org.br\/v1\/wp-json\/wp\/v2\/media?parent=39312"}],"wp:term":[{"taxonomy":"category","embeddable":true,"href":"https:\/\/aepetba.org.br\/v1\/wp-json\/wp\/v2\/categories?post=39312"},{"taxonomy":"post_tag","embeddable":true,"href":"https:\/\/aepetba.org.br\/v1\/wp-json\/wp\/v2\/tags?post=39312"}],"curies":[{"name":"wp","href":"https:\/\/api.w.org\/{rel}","templated":true}]}}