{"id":39316,"date":"2022-11-04T10:18:05","date_gmt":"2022-11-04T13:18:05","guid":{"rendered":"https:\/\/aepetba.org.br\/v1\/?p=39316"},"modified":"2022-11-04T13:43:53","modified_gmt":"2022-11-04T16:43:53","slug":"sera-o-senador-jean-paul-prates-um-bom-nome-para-presidir-a-petrobras","status":"publish","type":"post","link":"https:\/\/aepetba.org.br\/v1\/sera-o-senador-jean-paul-prates-um-bom-nome-para-presidir-a-petrobras\/","title":{"rendered":"Ser\u00e1 o senador Jean Paul Prates um bom nome para presidir a Petrobr\u00e1s?"},"content":{"rendered":"<!--[if lt IE 9]><script>document.createElement('audio');<\/script><![endif]-->\n<audio class=\"wp-audio-shortcode\" id=\"audio-39316-1\" preload=\"none\" style=\"width: 100%;\" controls=\"controls\"><source type=\"audio\/ogg\" src=\"https:\/\/aepetba.org.br\/v1\/wp-content\/uploads\/2022\/11\/proximo-nome-pra-presidente-da-petrobras.ogg?_=1\" \/><a href=\"https:\/\/aepetba.org.br\/v1\/wp-content\/uploads\/2022\/11\/proximo-nome-pra-presidente-da-petrobras.ogg\">https:\/\/aepetba.org.br\/v1\/wp-content\/uploads\/2022\/11\/proximo-nome-pra-presidente-da-petrobras.ogg<\/a><\/audio>\n<p>&nbsp;<\/p>\n<p>E o dia 31 de outubro amanheceu com o resultado oficial da elei\u00e7\u00e3o: Luiz In\u00e1cio Lula da Silva foi eleito para cumprir seu terceiro mandato como Presidente da Rep\u00fablica.<\/p>\n<p>O resultado s\u00f3 foi poss\u00edvel pela capacidade de Lula em construir uma frente ampla de partidos e de personalidades, permitindo derrotar o projeto de extrema direita que ocupou o poder nos \u00faltimos 4 anos. Imediatamente, come\u00e7aram as especula\u00e7\u00f5es sobre os nomes do novo governo. Entre eles o do senador Jean Paul Prates (PT-RN) para a Petrobr\u00e1s.<\/p>\n<p>Entre os muitos desafios a serem enfrentados pelo presidente eleito, est\u00e1 a reconstru\u00e7\u00e3o da Petrobr\u00e1s. E neste desafio que a AEPET tem suas posi\u00e7\u00f5es e convic\u00e7\u00f5es. Por isso, v\u00ea com ressalvas a poss\u00edvel indica\u00e7\u00e3o do senador Prates, baseada em seu hist\u00f3rico de atua\u00e7\u00e3o na \u00e1rea do petr\u00f3leo, que resumimos abaixo.<\/p>\n<p>Em 1999 durante a implementa\u00e7\u00e3o da quebra do monop\u00f3lio no governo de FHC ele era presidente da Expetro, uma empresa de consultoria internacional de energia situada no Rio de Janeiro e que auxiliava empresas que queriam participar do leil\u00e3o. Em reportagem de O Globo, ele criticava a exig\u00eancia de documenta\u00e7\u00e3o em portugu\u00eas poderia atrasar o leil\u00e3o que aquele governo neoliberal almejava fazer em breve.<\/p>\n<p>Em 17 de agosto de 2004 foi publicado na sess\u00e3o Opini\u00e3o (p\u00e1gina 7) do Jornal \u201cO Globo\u201d, um artigo assinado por Jean Paul Prates onde ele defendia a manuten\u00e7\u00e3o dos leil\u00f5es e do regime de concess\u00e3o para o setor de petr\u00f3leo e g\u00e1s, criticando a resolu\u00e7\u00e3o do conflito de opini\u00f5es sobre esses assuntos na sociedade brasileira atrav\u00e9s de plebiscito. Fazia pouco tempo ent\u00e3o, que o povo brasileiro havia rejeitado em plebiscito tanto a monarquia quanto o parlamentarismo. Havia, portanto, uma chance real de rejei\u00e7\u00e3o do neoliberalismo do PSDB. Ao defender que a Lei do Petr\u00f3leo de FHC n\u00e3o obrigava a exporta\u00e7\u00e3o, ele tamb\u00e9m critica a predomin\u00e2ncia da Petrobr\u00e1s no refino: \u201cO que ocorre \u00e9 que, como o comprador poss\u00edvel no Brasil para refino \u00e9 basicamente um s\u00f3, caracteriza-se uma situa\u00e7\u00e3o monops\u00f4nica dominante que praticamente dita condi\u00e7\u00f5es ao concession\u00e1rio vencedor\u201d. Desde 1997 com a quebra do monop\u00f3lio, qualquer empresa estrangeira que tivesse interesse poderia ter constru\u00eddo refinarias no Brasil, mas nenhuma construiu.<\/p>\n<p>O engenheiro Fernando Leite Siqueira, atual Diretor Administrativo da AEPET e na \u00e9poca Diretor de Comunica\u00e7\u00e3o Social, escreveu um texto intitulado \u201cLobistas do pr\u00e9-sal promovem semin\u00e1rio para convencer popula\u00e7\u00e3o\u201d que foi publicado no Correio da Cidadania em 23 de dezembro de 2008 (https:\/\/glaucocortez.wordpress.com\/2008\/12\/23\/ ). No texto, Siqueira listou os lobistas j\u00e1 tinham promovido 4 semin\u00e1rios no Senado Federal naquele ano: \u201cJo\u00e3o Carlos de Luca \u2013 presidente da Repsol; David Zilberstajn \u2013 ex-diretor da ANP; Eloi Fernandes Y Fernandes \u2013 ex-diretor da ANP; Adriano Pires e Jean Paul Prates \u2013 integrantes do Instituto Liberal, criado pela Shell para derrubar o monop\u00f3lio estatal do petr\u00f3leo; os diretores da ANP Haroldo Lima e Nelson Narciso \u2013 ex-presidente da Halliburton em Angola\u201d. O argumento dos lobistas era que n\u00e3o seria necess\u00e1rio mudar o regime de concess\u00e3o para partilha, sendo suficiente simplesmente aumentar a taxa\u00e7\u00e3o. Mas a verdade \u00e9 que no regime de concess\u00e3o as reservas de petr\u00f3leo e g\u00e1s natural s\u00e3o da companhia que det\u00e9m a concess\u00e3o, enquanto no regime de partilha, as reservas s\u00e3o da Uni\u00e3o que autoriza a produ\u00e7\u00e3o mediante o recebimento de b\u00f4nus de assinatura pelo bloco ou campo (nos governos de Temer e Bolsonaro foram feitos leil\u00f5es de acumula\u00e7\u00f5es comprovadas e campos de petr\u00f3leo) e percentual de \u00f3leo lucro ap\u00f3s o in\u00edcio da produ\u00e7\u00e3o.<\/p>\n<p>E, em 2021, Prates foi o relator no Senado do PL 1472 que, na inten\u00e7\u00e3o de baratear os pre\u00e7os dos combust\u00edveis, transferia recursos p\u00fablicos \u2013 portanto, dinheiro do povo brasileiro \u2014 \u00e0s grandes petroleiras internacionais, como Shell, Total, Exxon Mobil, Chevron \u2013, para que continuem mantendo os seus elevados lucros. Em nenhum artigo, o PL ataca a raz\u00e3o de fato dos altos pre\u00e7os, o Pre\u00e7o Parit\u00e1rio de Importa\u00e7\u00e3o (PPI), implantado em 2016.<\/p>\n<p>Prates, inclusive chegou a afirmar: \u201c\u00c9 preciso garantir o pre\u00e7o internacional para o refinador e para o importador para ele n\u00e3o deixar de investir, e para o consumidor garantir pre\u00e7os mais acess\u00edveis e condizentes com a nossa condi\u00e7\u00e3o de pa\u00eds autossuficiente em produ\u00e7\u00e3o de petr\u00f3leo\u201d.<\/p>\n<p>Colocar Jean Paul Prates na presid\u00eancia da Petrobr\u00e1s n\u00e3o parece ser um passo na dire\u00e7\u00e3o da reconstru\u00e7\u00e3o da empresa. A AEPET e a ABI mant\u00eam sua proposta de 8 pontos para o futuro soberano do Brasil:<\/p>\n<p>1-Restaura\u00e7\u00e3o do monop\u00f3lio estatal do petr\u00f3leo, exercido pela Petrobr\u00e1s;<\/p>\n<p>2- Revers\u00e3o da privatiza\u00e7\u00e3o dos ativos da Petrobr\u00e1s, destacando a BR Distribuidora, refinarias, malhas de gasodutos (NTS e TAG), distribuidoras de GLP e g\u00e1s natural (Liquig\u00e1s e Comg\u00e1s), produ\u00e7\u00e3o de fertilizantes nitrogenados (FAFENs), direitos de explora\u00e7\u00e3o e produ\u00e7\u00e3o de petr\u00f3leo e g\u00e1s natural e as participa\u00e7\u00f5es na produ\u00e7\u00e3o de petroqu\u00edmicos e biocombust\u00edveis;<\/p>\n<p>3- Reestrutura\u00e7\u00e3o da Petrobr\u00e1s como Empresa Estatal de petr\u00f3leo e energia, dando conta de sua gest\u00e3o, com absoluta transpar\u00eancia, ao controle do povo brasileiro;<\/p>\n<p>4- Altera\u00e7\u00e3o da pol\u00edtica de pre\u00e7os da Petrobr\u00e1s, com o fim do Pre\u00e7o Parit\u00e1rio de Importa\u00e7\u00e3o (PPI), que foi estabelecido em outubro de 2016, e restaura\u00e7\u00e3o do objetivo hist\u00f3rico de abastecer o mercado nacional de combust\u00edveis aos menores pre\u00e7os poss\u00edveis;<\/p>\n<p>5- Limita\u00e7\u00e3o da exporta\u00e7\u00e3o de petr\u00f3leo cru, com ado\u00e7\u00e3o de tributos que incentivem a agrega\u00e7\u00e3o de valor e o uso do petr\u00f3leo no pa\u00eds;<\/p>\n<p>6- Recompra das a\u00e7\u00f5es da Petrobr\u00e1s negociadas na bolsa de Nova Iorque (ADRs);<\/p>\n<p>7- Desenvolvimento da pol\u00edtica de conte\u00fado nacional e de substitui\u00e7\u00e3o de importa\u00e7\u00f5es para o setor de petr\u00f3leo, g\u00e1s natural e energias potencialmente renov\u00e1veis;<\/p>\n<p>8- Estabelecimento de um plano nacional de pesquisa e investimentos em energias potencialmente renov\u00e1veis, sob a lideran\u00e7a da Petrobr\u00e1s.<\/p>\n<p>Lei a aqui <a href=\"https:\/\/www.aepet.org.br\/w3\/index.php\/conteudo-geral\/item\/8287-qual-o-papel-da-petrobras-no-estado-brasileiro\">Qual o Papel da Petrobras no Estado Brasileiro<\/a><\/p>\n<p>Fonte: AEPET<\/p>\n","protected":false},"excerpt":{"rendered":"<p>&nbsp; E o dia 31 de outubro amanheceu com o resultado oficial da elei\u00e7\u00e3o: Luiz In\u00e1cio Lula da Silva foi eleito para cumprir seu terceiro mandato como Presidente da Rep\u00fablica. O resultado s\u00f3 foi poss\u00edvel pela capacidade de Lula em&#8230;<\/p>\n","protected":false},"author":1,"featured_media":39317,"comment_status":"closed","ping_status":"closed","sticky":false,"template":"","format":"standard","meta":[],"categories":[5,87,10],"tags":[],"yoast_head":"<!-- This site is optimized with the Yoast SEO plugin v19.3 - https:\/\/yoast.com\/wordpress\/plugins\/seo\/ -->\n<title>Ser\u00e1 o senador Jean Paul Prates um bom nome para presidir a Petrobr\u00e1s?<\/title>\n<meta name=\"description\" content=\"Um dos desafios do governo Lula ser\u00e1 a reconstru\u00e7\u00e3o da Petrobr\u00e1s. Por isso, a AEPET v\u00ea com ressalvas a poss\u00edvel indica\u00e7\u00e3o do senador Prates, baseada em seu hist\u00f3rico de atua\u00e7\u00e3o na \u00e1rea do petr\u00f3leo.\" \/>\n<meta name=\"robots\" content=\"index, follow, max-snippet:-1, max-image-preview:large, max-video-preview:-1\" \/>\n<link rel=\"canonical\" href=\"https:\/\/aepetba.org.br\/v1\/sera-o-senador-jean-paul-prates-um-bom-nome-para-presidir-a-petrobras\/\" \/>\n<meta property=\"og:locale\" content=\"pt_BR\" \/>\n<meta property=\"og:type\" content=\"article\" \/>\n<meta property=\"og:title\" content=\"Ser\u00e1 o senador Jean Paul Prates um bom nome para presidir a Petrobr\u00e1s?\" \/>\n<meta property=\"og:description\" content=\"Um dos desafios do governo Lula ser\u00e1 a reconstru\u00e7\u00e3o da Petrobr\u00e1s. Por isso, a AEPET v\u00ea com ressalvas a poss\u00edvel indica\u00e7\u00e3o do senador Prates, baseada em seu hist\u00f3rico de atua\u00e7\u00e3o na \u00e1rea do petr\u00f3leo.\" \/>\n<meta property=\"og:url\" content=\"https:\/\/aepetba.org.br\/v1\/sera-o-senador-jean-paul-prates-um-bom-nome-para-presidir-a-petrobras\/\" \/>\n<meta property=\"og:site_name\" content=\"AEPET N\u00daCLEO BAHIA\" \/>\n<meta property=\"article:publisher\" content=\"https:\/\/web.facebook.com\/aepetba\" \/>\n<meta property=\"article:published_time\" content=\"2022-11-04T13:18:05+00:00\" \/>\n<meta property=\"article:modified_time\" content=\"2022-11-04T16:43:53+00:00\" \/>\n<meta property=\"og:image\" content=\"https:\/\/aepetba.org.br\/v1\/wp-content\/uploads\/2022\/11\/Materia-Sera-o-senador-Jean-Paul-Prates-um-bom-nome-para-presidir-a-Petrobras-petroleo-bahia-Aepet-ba.jpg\" \/>\n\t<meta property=\"og:image:width\" content=\"1080\" \/>\n\t<meta property=\"og:image:height\" content=\"936\" \/>\n\t<meta property=\"og:image:type\" content=\"image\/jpeg\" \/>\n<meta name=\"author\" content=\"AEPETBA\" \/>\n<meta name=\"twitter:card\" content=\"summary_large_image\" \/>\n<meta name=\"twitter:creator\" content=\"@aepetbahia\" \/>\n<meta name=\"twitter:site\" content=\"@aepetbahia\" \/>\n<meta name=\"twitter:label1\" content=\"Escrito por\" \/>\n\t<meta name=\"twitter:data1\" content=\"AEPETBA\" \/>\n\t<meta name=\"twitter:label2\" content=\"Est. tempo de leitura\" \/>\n\t<meta name=\"twitter:data2\" content=\"6 minutos\" \/>\n<script type=\"application\/ld+json\" class=\"yoast-schema-graph\">{\"@context\":\"https:\/\/schema.org\",\"@graph\":[{\"@type\":\"Organization\",\"@id\":\"https:\/\/aepetba.org.br\/v1\/#organization\",\"name\":\"AEPET N\u00facleo Bahia\",\"url\":\"https:\/\/aepetba.org.br\/v1\/\",\"sameAs\":[\"https:\/\/www.instagram.com\/aepetbahia\/\",\"https:\/\/www.youtube.com\/c\/AEPETBAHIA\",\"https:\/\/web.facebook.com\/aepetba\",\"https:\/\/twitter.com\/aepetbahia\"],\"logo\":{\"@type\":\"ImageObject\",\"inLanguage\":\"pt-BR\",\"@id\":\"https:\/\/aepetba.org.br\/v1\/#\/schema\/logo\/image\/\",\"url\":\"https:\/\/aepetba.org.br\/v1\/wp-content\/uploads\/revslider\/home\/logo-AEPETBA.png\",\"contentUrl\":\"https:\/\/aepetba.org.br\/v1\/wp-content\/uploads\/revslider\/home\/logo-AEPETBA.png\",\"width\":297,\"height\":86,\"caption\":\"AEPET N\u00facleo Bahia\"},\"image\":{\"@id\":\"https:\/\/aepetba.org.br\/v1\/#\/schema\/logo\/image\/\"}},{\"@type\":\"WebSite\",\"@id\":\"https:\/\/aepetba.org.br\/v1\/#website\",\"url\":\"https:\/\/aepetba.org.br\/v1\/\",\"name\":\"AEPET N\u00daCLEO BAHIA\",\"description\":\"Associa\u00e7\u00e3o dos Engenheiros da Petrobr\u00e1s N\u00facleo Bahia Petr\u00f3leo Bahia Salvador Nordeste \",\"publisher\":{\"@id\":\"https:\/\/aepetba.org.br\/v1\/#organization\"},\"potentialAction\":[{\"@type\":\"SearchAction\",\"target\":{\"@type\":\"EntryPoint\",\"urlTemplate\":\"https:\/\/aepetba.org.br\/v1\/?s={search_term_string}\"},\"query-input\":\"required name=search_term_string\"}],\"inLanguage\":\"pt-BR\"},{\"@type\":\"ImageObject\",\"inLanguage\":\"pt-BR\",\"@id\":\"https:\/\/aepetba.org.br\/v1\/sera-o-senador-jean-paul-prates-um-bom-nome-para-presidir-a-petrobras\/#primaryimage\",\"url\":\"https:\/\/aepetba.org.br\/v1\/wp-content\/uploads\/2022\/11\/Materia-Sera-o-senador-Jean-Paul-Prates-um-bom-nome-para-presidir-a-Petrobras-petroleo-bahia-Aepet-ba.jpg\",\"contentUrl\":\"https:\/\/aepetba.org.br\/v1\/wp-content\/uploads\/2022\/11\/Materia-Sera-o-senador-Jean-Paul-Prates-um-bom-nome-para-presidir-a-Petrobras-petroleo-bahia-Aepet-ba.jpg\",\"width\":1080,\"height\":936},{\"@type\":\"WebPage\",\"@id\":\"https:\/\/aepetba.org.br\/v1\/sera-o-senador-jean-paul-prates-um-bom-nome-para-presidir-a-petrobras\/\",\"url\":\"https:\/\/aepetba.org.br\/v1\/sera-o-senador-jean-paul-prates-um-bom-nome-para-presidir-a-petrobras\/\",\"name\":\"Ser\u00e1 o senador Jean Paul Prates um bom nome para presidir a Petrobr\u00e1s?\",\"isPartOf\":{\"@id\":\"https:\/\/aepetba.org.br\/v1\/#website\"},\"primaryImageOfPage\":{\"@id\":\"https:\/\/aepetba.org.br\/v1\/sera-o-senador-jean-paul-prates-um-bom-nome-para-presidir-a-petrobras\/#primaryimage\"},\"datePublished\":\"2022-11-04T13:18:05+00:00\",\"dateModified\":\"2022-11-04T16:43:53+00:00\",\"description\":\"Um dos desafios do governo Lula ser\u00e1 a reconstru\u00e7\u00e3o da Petrobr\u00e1s. Por isso, a AEPET v\u00ea com ressalvas a poss\u00edvel indica\u00e7\u00e3o do senador Prates, baseada em seu hist\u00f3rico de atua\u00e7\u00e3o na \u00e1rea do petr\u00f3leo.\",\"breadcrumb\":{\"@id\":\"https:\/\/aepetba.org.br\/v1\/sera-o-senador-jean-paul-prates-um-bom-nome-para-presidir-a-petrobras\/#breadcrumb\"},\"inLanguage\":\"pt-BR\",\"potentialAction\":[{\"@type\":\"ReadAction\",\"target\":[\"https:\/\/aepetba.org.br\/v1\/sera-o-senador-jean-paul-prates-um-bom-nome-para-presidir-a-petrobras\/\"]}]},{\"@type\":\"BreadcrumbList\",\"@id\":\"https:\/\/aepetba.org.br\/v1\/sera-o-senador-jean-paul-prates-um-bom-nome-para-presidir-a-petrobras\/#breadcrumb\",\"itemListElement\":[{\"@type\":\"ListItem\",\"position\":1,\"name\":\"In\u00edcio\",\"item\":\"https:\/\/aepetba.org.br\/v1\/\"},{\"@type\":\"ListItem\",\"position\":2,\"name\":\"Ser\u00e1 o senador Jean Paul Prates um bom nome para presidir a Petrobr\u00e1s?\"}]},{\"@type\":\"Article\",\"@id\":\"https:\/\/aepetba.org.br\/v1\/sera-o-senador-jean-paul-prates-um-bom-nome-para-presidir-a-petrobras\/#article\",\"isPartOf\":{\"@id\":\"https:\/\/aepetba.org.br\/v1\/sera-o-senador-jean-paul-prates-um-bom-nome-para-presidir-a-petrobras\/\"},\"author\":{\"name\":\"AEPETBA\",\"@id\":\"https:\/\/aepetba.org.br\/v1\/#\/schema\/person\/3504208f89f3f50e1526867ebb573b88\"},\"headline\":\"Ser\u00e1 o senador Jean Paul Prates um bom nome para presidir a Petrobr\u00e1s?\",\"datePublished\":\"2022-11-04T13:18:05+00:00\",\"dateModified\":\"2022-11-04T16:43:53+00:00\",\"mainEntityOfPage\":{\"@id\":\"https:\/\/aepetba.org.br\/v1\/sera-o-senador-jean-paul-prates-um-bom-nome-para-presidir-a-petrobras\/\"},\"wordCount\":1101,\"publisher\":{\"@id\":\"https:\/\/aepetba.org.br\/v1\/#organization\"},\"image\":{\"@id\":\"https:\/\/aepetba.org.br\/v1\/sera-o-senador-jean-paul-prates-um-bom-nome-para-presidir-a-petrobras\/#primaryimage\"},\"thumbnailUrl\":\"https:\/\/aepetba.org.br\/v1\/wp-content\/uploads\/2022\/11\/Materia-Sera-o-senador-Jean-Paul-Prates-um-bom-nome-para-presidir-a-Petrobras-petroleo-bahia-Aepet-ba.jpg\",\"articleSection\":[\"Coluna do Associado\",\"Destaque\",\"Not\u00edcias\"],\"inLanguage\":\"pt-BR\"},{\"@type\":\"Person\",\"@id\":\"https:\/\/aepetba.org.br\/v1\/#\/schema\/person\/3504208f89f3f50e1526867ebb573b88\",\"name\":\"AEPETBA\",\"image\":{\"@type\":\"ImageObject\",\"inLanguage\":\"pt-BR\",\"@id\":\"https:\/\/aepetba.org.br\/v1\/#\/schema\/person\/image\/\",\"url\":\"https:\/\/secure.gravatar.com\/avatar\/3e6e1bf98c38137fc6b937d21e974714?s=96&d=mm&r=g\",\"contentUrl\":\"https:\/\/secure.gravatar.com\/avatar\/3e6e1bf98c38137fc6b937d21e974714?s=96&d=mm&r=g\",\"caption\":\"AEPETBA\"},\"sameAs\":[\"http:\/\/aepetba.org.br\/v1\"],\"url\":\"https:\/\/aepetba.org.br\/v1\/author\/lubconsultoria\/\"}]}<\/script>\n<!-- \/ Yoast SEO plugin. -->","yoast_head_json":{"title":"Ser\u00e1 o senador Jean Paul Prates um bom nome para presidir a Petrobr\u00e1s?","description":"Um dos desafios do governo Lula ser\u00e1 a reconstru\u00e7\u00e3o da Petrobr\u00e1s. Por isso, a AEPET v\u00ea com ressalvas a poss\u00edvel indica\u00e7\u00e3o do senador Prates, baseada em seu hist\u00f3rico de atua\u00e7\u00e3o na \u00e1rea do petr\u00f3leo.","robots":{"index":"index","follow":"follow","max-snippet":"max-snippet:-1","max-image-preview":"max-image-preview:large","max-video-preview":"max-video-preview:-1"},"canonical":"https:\/\/aepetba.org.br\/v1\/sera-o-senador-jean-paul-prates-um-bom-nome-para-presidir-a-petrobras\/","og_locale":"pt_BR","og_type":"article","og_title":"Ser\u00e1 o senador Jean Paul Prates um bom nome para presidir a Petrobr\u00e1s?","og_description":"Um dos desafios do governo Lula ser\u00e1 a reconstru\u00e7\u00e3o da Petrobr\u00e1s. Por isso, a AEPET v\u00ea com ressalvas a poss\u00edvel indica\u00e7\u00e3o do senador Prates, baseada em seu hist\u00f3rico de atua\u00e7\u00e3o na \u00e1rea do petr\u00f3leo.","og_url":"https:\/\/aepetba.org.br\/v1\/sera-o-senador-jean-paul-prates-um-bom-nome-para-presidir-a-petrobras\/","og_site_name":"AEPET N\u00daCLEO BAHIA","article_publisher":"https:\/\/web.facebook.com\/aepetba","article_published_time":"2022-11-04T13:18:05+00:00","article_modified_time":"2022-11-04T16:43:53+00:00","og_image":[{"width":1080,"height":936,"url":"https:\/\/aepetba.org.br\/v1\/wp-content\/uploads\/2022\/11\/Materia-Sera-o-senador-Jean-Paul-Prates-um-bom-nome-para-presidir-a-Petrobras-petroleo-bahia-Aepet-ba.jpg","type":"image\/jpeg"}],"author":"AEPETBA","twitter_card":"summary_large_image","twitter_creator":"@aepetbahia","twitter_site":"@aepetbahia","twitter_misc":{"Escrito por":"AEPETBA","Est. tempo de leitura":"6 minutos"},"schema":{"@context":"https:\/\/schema.org","@graph":[{"@type":"Organization","@id":"https:\/\/aepetba.org.br\/v1\/#organization","name":"AEPET N\u00facleo Bahia","url":"https:\/\/aepetba.org.br\/v1\/","sameAs":["https:\/\/www.instagram.com\/aepetbahia\/","https:\/\/www.youtube.com\/c\/AEPETBAHIA","https:\/\/web.facebook.com\/aepetba","https:\/\/twitter.com\/aepetbahia"],"logo":{"@type":"ImageObject","inLanguage":"pt-BR","@id":"https:\/\/aepetba.org.br\/v1\/#\/schema\/logo\/image\/","url":"https:\/\/aepetba.org.br\/v1\/wp-content\/uploads\/revslider\/home\/logo-AEPETBA.png","contentUrl":"https:\/\/aepetba.org.br\/v1\/wp-content\/uploads\/revslider\/home\/logo-AEPETBA.png","width":297,"height":86,"caption":"AEPET N\u00facleo Bahia"},"image":{"@id":"https:\/\/aepetba.org.br\/v1\/#\/schema\/logo\/image\/"}},{"@type":"WebSite","@id":"https:\/\/aepetba.org.br\/v1\/#website","url":"https:\/\/aepetba.org.br\/v1\/","name":"AEPET N\u00daCLEO BAHIA","description":"Associa\u00e7\u00e3o dos Engenheiros da Petrobr\u00e1s N\u00facleo Bahia Petr\u00f3leo Bahia Salvador Nordeste ","publisher":{"@id":"https:\/\/aepetba.org.br\/v1\/#organization"},"potentialAction":[{"@type":"SearchAction","target":{"@type":"EntryPoint","urlTemplate":"https:\/\/aepetba.org.br\/v1\/?s={search_term_string}"},"query-input":"required name=search_term_string"}],"inLanguage":"pt-BR"},{"@type":"ImageObject","inLanguage":"pt-BR","@id":"https:\/\/aepetba.org.br\/v1\/sera-o-senador-jean-paul-prates-um-bom-nome-para-presidir-a-petrobras\/#primaryimage","url":"https:\/\/aepetba.org.br\/v1\/wp-content\/uploads\/2022\/11\/Materia-Sera-o-senador-Jean-Paul-Prates-um-bom-nome-para-presidir-a-Petrobras-petroleo-bahia-Aepet-ba.jpg","contentUrl":"https:\/\/aepetba.org.br\/v1\/wp-content\/uploads\/2022\/11\/Materia-Sera-o-senador-Jean-Paul-Prates-um-bom-nome-para-presidir-a-Petrobras-petroleo-bahia-Aepet-ba.jpg","width":1080,"height":936},{"@type":"WebPage","@id":"https:\/\/aepetba.org.br\/v1\/sera-o-senador-jean-paul-prates-um-bom-nome-para-presidir-a-petrobras\/","url":"https:\/\/aepetba.org.br\/v1\/sera-o-senador-jean-paul-prates-um-bom-nome-para-presidir-a-petrobras\/","name":"Ser\u00e1 o senador Jean Paul Prates um bom nome para presidir a Petrobr\u00e1s?","isPartOf":{"@id":"https:\/\/aepetba.org.br\/v1\/#website"},"primaryImageOfPage":{"@id":"https:\/\/aepetba.org.br\/v1\/sera-o-senador-jean-paul-prates-um-bom-nome-para-presidir-a-petrobras\/#primaryimage"},"datePublished":"2022-11-04T13:18:05+00:00","dateModified":"2022-11-04T16:43:53+00:00","description":"Um dos desafios do governo Lula ser\u00e1 a reconstru\u00e7\u00e3o da Petrobr\u00e1s. Por isso, a AEPET v\u00ea com ressalvas a poss\u00edvel indica\u00e7\u00e3o do senador Prates, baseada em seu hist\u00f3rico de atua\u00e7\u00e3o na \u00e1rea do petr\u00f3leo.","breadcrumb":{"@id":"https:\/\/aepetba.org.br\/v1\/sera-o-senador-jean-paul-prates-um-bom-nome-para-presidir-a-petrobras\/#breadcrumb"},"inLanguage":"pt-BR","potentialAction":[{"@type":"ReadAction","target":["https:\/\/aepetba.org.br\/v1\/sera-o-senador-jean-paul-prates-um-bom-nome-para-presidir-a-petrobras\/"]}]},{"@type":"BreadcrumbList","@id":"https:\/\/aepetba.org.br\/v1\/sera-o-senador-jean-paul-prates-um-bom-nome-para-presidir-a-petrobras\/#breadcrumb","itemListElement":[{"@type":"ListItem","position":1,"name":"In\u00edcio","item":"https:\/\/aepetba.org.br\/v1\/"},{"@type":"ListItem","position":2,"name":"Ser\u00e1 o senador Jean Paul Prates um bom nome para presidir a Petrobr\u00e1s?"}]},{"@type":"Article","@id":"https:\/\/aepetba.org.br\/v1\/sera-o-senador-jean-paul-prates-um-bom-nome-para-presidir-a-petrobras\/#article","isPartOf":{"@id":"https:\/\/aepetba.org.br\/v1\/sera-o-senador-jean-paul-prates-um-bom-nome-para-presidir-a-petrobras\/"},"author":{"name":"AEPETBA","@id":"https:\/\/aepetba.org.br\/v1\/#\/schema\/person\/3504208f89f3f50e1526867ebb573b88"},"headline":"Ser\u00e1 o senador Jean Paul Prates um bom nome para presidir a Petrobr\u00e1s?","datePublished":"2022-11-04T13:18:05+00:00","dateModified":"2022-11-04T16:43:53+00:00","mainEntityOfPage":{"@id":"https:\/\/aepetba.org.br\/v1\/sera-o-senador-jean-paul-prates-um-bom-nome-para-presidir-a-petrobras\/"},"wordCount":1101,"publisher":{"@id":"https:\/\/aepetba.org.br\/v1\/#organization"},"image":{"@id":"https:\/\/aepetba.org.br\/v1\/sera-o-senador-jean-paul-prates-um-bom-nome-para-presidir-a-petrobras\/#primaryimage"},"thumbnailUrl":"https:\/\/aepetba.org.br\/v1\/wp-content\/uploads\/2022\/11\/Materia-Sera-o-senador-Jean-Paul-Prates-um-bom-nome-para-presidir-a-Petrobras-petroleo-bahia-Aepet-ba.jpg","articleSection":["Coluna do Associado","Destaque","Not\u00edcias"],"inLanguage":"pt-BR"},{"@type":"Person","@id":"https:\/\/aepetba.org.br\/v1\/#\/schema\/person\/3504208f89f3f50e1526867ebb573b88","name":"AEPETBA","image":{"@type":"ImageObject","inLanguage":"pt-BR","@id":"https:\/\/aepetba.org.br\/v1\/#\/schema\/person\/image\/","url":"https:\/\/secure.gravatar.com\/avatar\/3e6e1bf98c38137fc6b937d21e974714?s=96&d=mm&r=g","contentUrl":"https:\/\/secure.gravatar.com\/avatar\/3e6e1bf98c38137fc6b937d21e974714?s=96&d=mm&r=g","caption":"AEPETBA"},"sameAs":["http:\/\/aepetba.org.br\/v1"],"url":"https:\/\/aepetba.org.br\/v1\/author\/lubconsultoria\/"}]}},"_links":{"self":[{"href":"https:\/\/aepetba.org.br\/v1\/wp-json\/wp\/v2\/posts\/39316"}],"collection":[{"href":"https:\/\/aepetba.org.br\/v1\/wp-json\/wp\/v2\/posts"}],"about":[{"href":"https:\/\/aepetba.org.br\/v1\/wp-json\/wp\/v2\/types\/post"}],"author":[{"embeddable":true,"href":"https:\/\/aepetba.org.br\/v1\/wp-json\/wp\/v2\/users\/1"}],"replies":[{"embeddable":true,"href":"https:\/\/aepetba.org.br\/v1\/wp-json\/wp\/v2\/comments?post=39316"}],"version-history":[{"count":1,"href":"https:\/\/aepetba.org.br\/v1\/wp-json\/wp\/v2\/posts\/39316\/revisions"}],"predecessor-version":[{"id":39320,"href":"https:\/\/aepetba.org.br\/v1\/wp-json\/wp\/v2\/posts\/39316\/revisions\/39320"}],"wp:featuredmedia":[{"embeddable":true,"href":"https:\/\/aepetba.org.br\/v1\/wp-json\/wp\/v2\/media\/39317"}],"wp:attachment":[{"href":"https:\/\/aepetba.org.br\/v1\/wp-json\/wp\/v2\/media?parent=39316"}],"wp:term":[{"taxonomy":"category","embeddable":true,"href":"https:\/\/aepetba.org.br\/v1\/wp-json\/wp\/v2\/categories?post=39316"},{"taxonomy":"post_tag","embeddable":true,"href":"https:\/\/aepetba.org.br\/v1\/wp-json\/wp\/v2\/tags?post=39316"}],"curies":[{"name":"wp","href":"https:\/\/api.w.org\/{rel}","templated":true}]}}