{"id":39383,"date":"2022-11-21T12:48:48","date_gmt":"2022-11-21T15:48:48","guid":{"rendered":"https:\/\/aepetba.org.br\/v1\/?p=39383"},"modified":"2022-11-21T12:53:14","modified_gmt":"2022-11-21T15:53:14","slug":"dia-da-consciencia-negra","status":"publish","type":"post","link":"https:\/\/aepetba.org.br\/v1\/dia-da-consciencia-negra\/","title":{"rendered":"Dia da consci\u00eancia negra: aumenta o fosso das desigualdades entre negros e brancos"},"content":{"rendered":"<!--[if lt IE 9]><script>document.createElement('audio');<\/script><![endif]-->\n<audio class=\"wp-audio-shortcode\" id=\"audio-39383-1\" preload=\"none\" style=\"width: 100%;\" controls=\"controls\"><source type=\"audio\/ogg\" src=\"https:\/\/aepetba.org.br\/v1\/wp-content\/uploads\/2022\/11\/dia-da-consciencia-negra.ogg?_=1\" \/><a href=\"https:\/\/aepetba.org.br\/v1\/wp-content\/uploads\/2022\/11\/dia-da-consciencia-negra.ogg\">https:\/\/aepetba.org.br\/v1\/wp-content\/uploads\/2022\/11\/dia-da-consciencia-negra.ogg<\/a><\/audio>\n<p>&nbsp;<\/p>\n<p style=\"text-align: justify;\">Em 20 de novembro comemora-se no Brasil, o Dia Nacional da Consci\u00eancia Negra. Essa data foi institu\u00edda oficialmente pela Lei n.\u00ba 12.519, de 10 de novembro de 2011, e remete ao dia em que foi morto o l\u00edder do Quilombo dos Palmares, Zumbi, no ano de 1695. O Quilombo de Palmares situava-se na Serra da Barriga, na antiga Capitania de Pernambuco \u2014 hoje integra o munic\u00edpio de Uni\u00e3o dos Palmares, no estado de Alagoas \u2014, e foi formado por volta do ano de 1597.<\/p>\n<p style=\"text-align: justify;\">A data \u00e9 mais uma oportunidade para refletir acerca da situa\u00e7\u00e3o atual das desigualdades entre os grupos raciais, especialmente quando o olhar se dirige para um espa\u00e7o com esmagadora maioria negra, como \u00e9 o caso da Regi\u00e3o Metropolitana de Salvador (RMS). E mais ainda quando as observa\u00e7\u00f5es se concentram em um importante espa\u00e7o da vida em sociedade, onde se configura, em grande medida, o lugar que as pessoas v\u00e3o ocupar na hierarquia social, como \u00e9 o mundo do trabalho.<\/p>\n<p style=\"text-align: justify;\">Em 2017, 8 em cada 10 moradores de Salvador eram negros, ou seja, se autodeclaravam de cor preta ou parda, segundo a Pesquisa Nacional por Amostra de Domic\u00edlios Cont\u00ednua (PNAD Cont\u00ednua), do IBGE. Os negros (pretos + pardos) somavam 2,425 milh\u00f5es, ou 82,1% das 2,954 milh\u00f5es de pessoas que viviam na cidade naquele ano. Por isso mesmo, al\u00e9m da capital da Bahia, Salvador tem o posto de capital negra do pa\u00eds. A lideran\u00e7a do munic\u00edpio em rela\u00e7\u00e3o \u00e0 participa\u00e7\u00e3o de negros no total da popula\u00e7\u00e3o se deve sobretudo \u00e0 maior presen\u00e7a de pessoas que se declaram de cor preta. Elas eram, em 2017, quase 4 em cada 10 moradores de Salvador, 36,5% do total da popula\u00e7\u00e3o. \u00c9 tamb\u00e9m a maior propor\u00e7\u00e3o entre as capitais brasileiras, e o equivalente a 1,078 milh\u00e3o de pessoas.<\/p>\n<p style=\"text-align: justify;\">No entanto, quando se trata de estat\u00edsticas por cor ou ra\u00e7a, Salvador tamb\u00e9m est\u00e1 no topo de um outro p\u00f3dio: o da desigualdade salarial. Na m\u00e9dia dos tr\u00eas trimestres de 2018, o rendimento dos trabalhadores que se declararam de cor preta ficou em R$ 1.640 na capital baiana, o equivalente a 1\/3 (ou -67,0%) do que ganhavam os trabalhadores que se declararam brancos (R$ 4.969), segundo a PNAD Cont\u00ednua Trimestral.<\/p>\n<p style=\"text-align: justify;\">Era a maior diferen\u00e7a salarial entre brancos e pretos dentre as capitais brasileiras, tamb\u00e9m significativamente superior \u00e0s diferen\u00e7as no Brasil e na Bahia como um todo. No pa\u00eds, nos tr\u00eas primeiros trimestres de 2018, os trabalhadores de cor preta tiveram rendimento m\u00e9dio de R$ 1.608, pouco mais da metade (55,6%) do que ganharam os de cor branca (R $2.891).<\/p>\n<p style=\"text-align: justify;\">Segundo ainda dados divulgados pelo Dieese, a taxa de desemprego dos negros \u00e9 sistematicamente mais elevada que a dos n\u00e3o negros. Em 2007, foi de 22,7% entre os negros e 15,6% entre os n\u00e3o negros. A an\u00e1lise por cor ou ra\u00e7a e sexo mostrou que s\u00e3o as mulheres negras as que t\u00eam maiores dificuldades de inser\u00e7\u00e3o ocupacional, com uma taxa de desemprego de 26,4%, a mais elevada entre todas as seis regi\u00f5es metropolitanas pesquisadas pela PED. A segunda maior taxa de desemprego total pertenceu aos homens negros, com 19,2%, seguidos pelas mulheres e homens n\u00e3o negros, com 18,3% e 13,1%, respectivamente.<\/p>\n<p style=\"text-align: justify;\">Infelizmente, esse quadro n\u00e3o mudou muito. Diariamente, aumentam casos de racismo, discrimina\u00e7\u00e3o e \u00e9 alta a mortalidade da popula\u00e7\u00e3o negra no maior estado negro do Pa\u00eds.<\/p>\n<p style=\"text-align: justify;\">Como dizer, ent\u00e3o, que realmente h\u00e1 uma consci\u00eancia negra quando os \u00edndices de desigualdades entre negros e brancos continuam altos e os negros continuam sendo as maiores v\u00edtimas da viol\u00eancia racista e policial?<\/p>\n<p style=\"text-align: justify;\">Consci\u00eancia negra, um pensamento para o ano todo. Derrotar o racismo estrutural e institucional \u00e9 tarefa de todos e todas.<\/p>\n<p style=\"text-align: justify;\">Viva Dandara e Zumbi dos Palmares, a luta quilombola. Pelo fim do genoc\u00eddio da juventude negra, do encarceramento em massa e por um pa\u00eds para todos sem racismo.<\/p>\n<p style=\"text-align: justify;\">\n","protected":false},"excerpt":{"rendered":"<p>&nbsp; Em 20 de novembro comemora-se no Brasil, o Dia Nacional da Consci\u00eancia Negra. Essa data foi institu\u00edda oficialmente pela Lei n.\u00ba 12.519, de 10 de novembro de 2011, e remete ao dia em que foi morto o l\u00edder do&#8230;<\/p>\n","protected":false},"author":1,"featured_media":39384,"comment_status":"closed","ping_status":"closed","sticky":false,"template":"","format":"standard","meta":[],"categories":[87,10],"tags":[],"yoast_head":"<!-- This site is optimized with the Yoast SEO plugin v19.3 - https:\/\/yoast.com\/wordpress\/plugins\/seo\/ -->\n<title>Dia da consci\u00eancia negra: aumenta o fosso das desigualdades entre negros e brancos<\/title>\n<meta name=\"description\" content=\"M\u00eas da consci\u00eancia negra. Viva Dandara e Zumbi dos Palmares, a luta quilombola. Pelo fim do genoc\u00eddio da juventude negra, do encarceramento em massa e por um Brasil para todos sem racismo.\" \/>\n<meta name=\"robots\" content=\"index, follow, max-snippet:-1, max-image-preview:large, max-video-preview:-1\" \/>\n<link rel=\"canonical\" href=\"https:\/\/aepetba.org.br\/v1\/dia-da-consciencia-negra\/\" \/>\n<meta property=\"og:locale\" content=\"pt_BR\" \/>\n<meta property=\"og:type\" content=\"article\" \/>\n<meta property=\"og:title\" content=\"Dia da consci\u00eancia negra: aumenta o fosso das desigualdades entre negros e brancos\" \/>\n<meta property=\"og:description\" content=\"M\u00eas da consci\u00eancia negra. Viva Dandara e Zumbi dos Palmares, a luta quilombola. Pelo fim do genoc\u00eddio da juventude negra, do encarceramento em massa e por um Brasil para todos sem racismo.\" \/>\n<meta property=\"og:url\" content=\"https:\/\/aepetba.org.br\/v1\/dia-da-consciencia-negra\/\" \/>\n<meta property=\"og:site_name\" content=\"AEPET N\u00daCLEO BAHIA\" \/>\n<meta property=\"article:publisher\" content=\"https:\/\/web.facebook.com\/aepetba\" \/>\n<meta property=\"article:published_time\" content=\"2022-11-21T15:48:48+00:00\" \/>\n<meta property=\"article:modified_time\" content=\"2022-11-21T15:53:14+00:00\" \/>\n<meta property=\"og:image\" content=\"https:\/\/aepetba.org.br\/v1\/wp-content\/uploads\/2022\/11\/Materia-Consciencia-Negra-Aepet-ba.jpg\" \/>\n\t<meta property=\"og:image:width\" content=\"1080\" \/>\n\t<meta property=\"og:image:height\" content=\"1080\" \/>\n\t<meta property=\"og:image:type\" content=\"image\/jpeg\" \/>\n<meta name=\"author\" content=\"AEPETBA\" \/>\n<meta name=\"twitter:card\" content=\"summary_large_image\" \/>\n<meta name=\"twitter:creator\" content=\"@aepetbahia\" \/>\n<meta name=\"twitter:site\" content=\"@aepetbahia\" \/>\n<meta name=\"twitter:label1\" content=\"Escrito por\" \/>\n\t<meta name=\"twitter:data1\" content=\"AEPETBA\" \/>\n\t<meta name=\"twitter:label2\" content=\"Est. tempo de leitura\" \/>\n\t<meta name=\"twitter:data2\" content=\"4 minutos\" \/>\n<script type=\"application\/ld+json\" class=\"yoast-schema-graph\">{\"@context\":\"https:\/\/schema.org\",\"@graph\":[{\"@type\":\"Organization\",\"@id\":\"https:\/\/aepetba.org.br\/v1\/#organization\",\"name\":\"AEPET N\u00facleo Bahia\",\"url\":\"https:\/\/aepetba.org.br\/v1\/\",\"sameAs\":[\"https:\/\/www.instagram.com\/aepetbahia\/\",\"https:\/\/www.youtube.com\/c\/AEPETBAHIA\",\"https:\/\/web.facebook.com\/aepetba\",\"https:\/\/twitter.com\/aepetbahia\"],\"logo\":{\"@type\":\"ImageObject\",\"inLanguage\":\"pt-BR\",\"@id\":\"https:\/\/aepetba.org.br\/v1\/#\/schema\/logo\/image\/\",\"url\":\"https:\/\/aepetba.org.br\/v1\/wp-content\/uploads\/revslider\/home\/logo-AEPETBA.png\",\"contentUrl\":\"https:\/\/aepetba.org.br\/v1\/wp-content\/uploads\/revslider\/home\/logo-AEPETBA.png\",\"width\":297,\"height\":86,\"caption\":\"AEPET N\u00facleo Bahia\"},\"image\":{\"@id\":\"https:\/\/aepetba.org.br\/v1\/#\/schema\/logo\/image\/\"}},{\"@type\":\"WebSite\",\"@id\":\"https:\/\/aepetba.org.br\/v1\/#website\",\"url\":\"https:\/\/aepetba.org.br\/v1\/\",\"name\":\"AEPET N\u00daCLEO BAHIA\",\"description\":\"Associa\u00e7\u00e3o dos Engenheiros da Petrobr\u00e1s N\u00facleo Bahia Petr\u00f3leo Bahia Salvador Nordeste \",\"publisher\":{\"@id\":\"https:\/\/aepetba.org.br\/v1\/#organization\"},\"potentialAction\":[{\"@type\":\"SearchAction\",\"target\":{\"@type\":\"EntryPoint\",\"urlTemplate\":\"https:\/\/aepetba.org.br\/v1\/?s={search_term_string}\"},\"query-input\":\"required name=search_term_string\"}],\"inLanguage\":\"pt-BR\"},{\"@type\":\"ImageObject\",\"inLanguage\":\"pt-BR\",\"@id\":\"https:\/\/aepetba.org.br\/v1\/dia-da-consciencia-negra\/#primaryimage\",\"url\":\"https:\/\/aepetba.org.br\/v1\/wp-content\/uploads\/2022\/11\/Materia-Consciencia-Negra-Aepet-ba.jpg\",\"contentUrl\":\"https:\/\/aepetba.org.br\/v1\/wp-content\/uploads\/2022\/11\/Materia-Consciencia-Negra-Aepet-ba.jpg\",\"width\":1080,\"height\":1080},{\"@type\":\"WebPage\",\"@id\":\"https:\/\/aepetba.org.br\/v1\/dia-da-consciencia-negra\/\",\"url\":\"https:\/\/aepetba.org.br\/v1\/dia-da-consciencia-negra\/\",\"name\":\"Dia da consci\u00eancia negra: aumenta o fosso das desigualdades entre negros e brancos\",\"isPartOf\":{\"@id\":\"https:\/\/aepetba.org.br\/v1\/#website\"},\"primaryImageOfPage\":{\"@id\":\"https:\/\/aepetba.org.br\/v1\/dia-da-consciencia-negra\/#primaryimage\"},\"datePublished\":\"2022-11-21T15:48:48+00:00\",\"dateModified\":\"2022-11-21T15:53:14+00:00\",\"description\":\"M\u00eas da consci\u00eancia negra. Viva Dandara e Zumbi dos Palmares, a luta quilombola. Pelo fim do genoc\u00eddio da juventude negra, do encarceramento em massa e por um Brasil para todos sem racismo.\",\"breadcrumb\":{\"@id\":\"https:\/\/aepetba.org.br\/v1\/dia-da-consciencia-negra\/#breadcrumb\"},\"inLanguage\":\"pt-BR\",\"potentialAction\":[{\"@type\":\"ReadAction\",\"target\":[\"https:\/\/aepetba.org.br\/v1\/dia-da-consciencia-negra\/\"]}]},{\"@type\":\"BreadcrumbList\",\"@id\":\"https:\/\/aepetba.org.br\/v1\/dia-da-consciencia-negra\/#breadcrumb\",\"itemListElement\":[{\"@type\":\"ListItem\",\"position\":1,\"name\":\"In\u00edcio\",\"item\":\"https:\/\/aepetba.org.br\/v1\/\"},{\"@type\":\"ListItem\",\"position\":2,\"name\":\"Dia da consci\u00eancia negra: aumenta o fosso das desigualdades entre negros e brancos\"}]},{\"@type\":\"Article\",\"@id\":\"https:\/\/aepetba.org.br\/v1\/dia-da-consciencia-negra\/#article\",\"isPartOf\":{\"@id\":\"https:\/\/aepetba.org.br\/v1\/dia-da-consciencia-negra\/\"},\"author\":{\"name\":\"AEPETBA\",\"@id\":\"https:\/\/aepetba.org.br\/v1\/#\/schema\/person\/3504208f89f3f50e1526867ebb573b88\"},\"headline\":\"Dia da consci\u00eancia negra: aumenta o fosso das desigualdades entre negros e brancos\",\"datePublished\":\"2022-11-21T15:48:48+00:00\",\"dateModified\":\"2022-11-21T15:53:14+00:00\",\"mainEntityOfPage\":{\"@id\":\"https:\/\/aepetba.org.br\/v1\/dia-da-consciencia-negra\/\"},\"wordCount\":677,\"publisher\":{\"@id\":\"https:\/\/aepetba.org.br\/v1\/#organization\"},\"image\":{\"@id\":\"https:\/\/aepetba.org.br\/v1\/dia-da-consciencia-negra\/#primaryimage\"},\"thumbnailUrl\":\"https:\/\/aepetba.org.br\/v1\/wp-content\/uploads\/2022\/11\/Materia-Consciencia-Negra-Aepet-ba.jpg\",\"articleSection\":[\"Destaque\",\"Not\u00edcias\"],\"inLanguage\":\"pt-BR\"},{\"@type\":\"Person\",\"@id\":\"https:\/\/aepetba.org.br\/v1\/#\/schema\/person\/3504208f89f3f50e1526867ebb573b88\",\"name\":\"AEPETBA\",\"image\":{\"@type\":\"ImageObject\",\"inLanguage\":\"pt-BR\",\"@id\":\"https:\/\/aepetba.org.br\/v1\/#\/schema\/person\/image\/\",\"url\":\"https:\/\/secure.gravatar.com\/avatar\/3e6e1bf98c38137fc6b937d21e974714?s=96&d=mm&r=g\",\"contentUrl\":\"https:\/\/secure.gravatar.com\/avatar\/3e6e1bf98c38137fc6b937d21e974714?s=96&d=mm&r=g\",\"caption\":\"AEPETBA\"},\"sameAs\":[\"http:\/\/aepetba.org.br\/v1\"],\"url\":\"https:\/\/aepetba.org.br\/v1\/author\/lubconsultoria\/\"}]}<\/script>\n<!-- \/ Yoast SEO plugin. -->","yoast_head_json":{"title":"Dia da consci\u00eancia negra: aumenta o fosso das desigualdades entre negros e brancos","description":"M\u00eas da consci\u00eancia negra. Viva Dandara e Zumbi dos Palmares, a luta quilombola. Pelo fim do genoc\u00eddio da juventude negra, do encarceramento em massa e por um Brasil para todos sem racismo.","robots":{"index":"index","follow":"follow","max-snippet":"max-snippet:-1","max-image-preview":"max-image-preview:large","max-video-preview":"max-video-preview:-1"},"canonical":"https:\/\/aepetba.org.br\/v1\/dia-da-consciencia-negra\/","og_locale":"pt_BR","og_type":"article","og_title":"Dia da consci\u00eancia negra: aumenta o fosso das desigualdades entre negros e brancos","og_description":"M\u00eas da consci\u00eancia negra. Viva Dandara e Zumbi dos Palmares, a luta quilombola. Pelo fim do genoc\u00eddio da juventude negra, do encarceramento em massa e por um Brasil para todos sem racismo.","og_url":"https:\/\/aepetba.org.br\/v1\/dia-da-consciencia-negra\/","og_site_name":"AEPET N\u00daCLEO BAHIA","article_publisher":"https:\/\/web.facebook.com\/aepetba","article_published_time":"2022-11-21T15:48:48+00:00","article_modified_time":"2022-11-21T15:53:14+00:00","og_image":[{"width":1080,"height":1080,"url":"https:\/\/aepetba.org.br\/v1\/wp-content\/uploads\/2022\/11\/Materia-Consciencia-Negra-Aepet-ba.jpg","type":"image\/jpeg"}],"author":"AEPETBA","twitter_card":"summary_large_image","twitter_creator":"@aepetbahia","twitter_site":"@aepetbahia","twitter_misc":{"Escrito por":"AEPETBA","Est. tempo de leitura":"4 minutos"},"schema":{"@context":"https:\/\/schema.org","@graph":[{"@type":"Organization","@id":"https:\/\/aepetba.org.br\/v1\/#organization","name":"AEPET N\u00facleo Bahia","url":"https:\/\/aepetba.org.br\/v1\/","sameAs":["https:\/\/www.instagram.com\/aepetbahia\/","https:\/\/www.youtube.com\/c\/AEPETBAHIA","https:\/\/web.facebook.com\/aepetba","https:\/\/twitter.com\/aepetbahia"],"logo":{"@type":"ImageObject","inLanguage":"pt-BR","@id":"https:\/\/aepetba.org.br\/v1\/#\/schema\/logo\/image\/","url":"https:\/\/aepetba.org.br\/v1\/wp-content\/uploads\/revslider\/home\/logo-AEPETBA.png","contentUrl":"https:\/\/aepetba.org.br\/v1\/wp-content\/uploads\/revslider\/home\/logo-AEPETBA.png","width":297,"height":86,"caption":"AEPET N\u00facleo Bahia"},"image":{"@id":"https:\/\/aepetba.org.br\/v1\/#\/schema\/logo\/image\/"}},{"@type":"WebSite","@id":"https:\/\/aepetba.org.br\/v1\/#website","url":"https:\/\/aepetba.org.br\/v1\/","name":"AEPET N\u00daCLEO BAHIA","description":"Associa\u00e7\u00e3o dos Engenheiros da Petrobr\u00e1s N\u00facleo Bahia Petr\u00f3leo Bahia Salvador Nordeste ","publisher":{"@id":"https:\/\/aepetba.org.br\/v1\/#organization"},"potentialAction":[{"@type":"SearchAction","target":{"@type":"EntryPoint","urlTemplate":"https:\/\/aepetba.org.br\/v1\/?s={search_term_string}"},"query-input":"required name=search_term_string"}],"inLanguage":"pt-BR"},{"@type":"ImageObject","inLanguage":"pt-BR","@id":"https:\/\/aepetba.org.br\/v1\/dia-da-consciencia-negra\/#primaryimage","url":"https:\/\/aepetba.org.br\/v1\/wp-content\/uploads\/2022\/11\/Materia-Consciencia-Negra-Aepet-ba.jpg","contentUrl":"https:\/\/aepetba.org.br\/v1\/wp-content\/uploads\/2022\/11\/Materia-Consciencia-Negra-Aepet-ba.jpg","width":1080,"height":1080},{"@type":"WebPage","@id":"https:\/\/aepetba.org.br\/v1\/dia-da-consciencia-negra\/","url":"https:\/\/aepetba.org.br\/v1\/dia-da-consciencia-negra\/","name":"Dia da consci\u00eancia negra: aumenta o fosso das desigualdades entre negros e brancos","isPartOf":{"@id":"https:\/\/aepetba.org.br\/v1\/#website"},"primaryImageOfPage":{"@id":"https:\/\/aepetba.org.br\/v1\/dia-da-consciencia-negra\/#primaryimage"},"datePublished":"2022-11-21T15:48:48+00:00","dateModified":"2022-11-21T15:53:14+00:00","description":"M\u00eas da consci\u00eancia negra. Viva Dandara e Zumbi dos Palmares, a luta quilombola. Pelo fim do genoc\u00eddio da juventude negra, do encarceramento em massa e por um Brasil para todos sem racismo.","breadcrumb":{"@id":"https:\/\/aepetba.org.br\/v1\/dia-da-consciencia-negra\/#breadcrumb"},"inLanguage":"pt-BR","potentialAction":[{"@type":"ReadAction","target":["https:\/\/aepetba.org.br\/v1\/dia-da-consciencia-negra\/"]}]},{"@type":"BreadcrumbList","@id":"https:\/\/aepetba.org.br\/v1\/dia-da-consciencia-negra\/#breadcrumb","itemListElement":[{"@type":"ListItem","position":1,"name":"In\u00edcio","item":"https:\/\/aepetba.org.br\/v1\/"},{"@type":"ListItem","position":2,"name":"Dia da consci\u00eancia negra: aumenta o fosso das desigualdades entre negros e brancos"}]},{"@type":"Article","@id":"https:\/\/aepetba.org.br\/v1\/dia-da-consciencia-negra\/#article","isPartOf":{"@id":"https:\/\/aepetba.org.br\/v1\/dia-da-consciencia-negra\/"},"author":{"name":"AEPETBA","@id":"https:\/\/aepetba.org.br\/v1\/#\/schema\/person\/3504208f89f3f50e1526867ebb573b88"},"headline":"Dia da consci\u00eancia negra: aumenta o fosso das desigualdades entre negros e brancos","datePublished":"2022-11-21T15:48:48+00:00","dateModified":"2022-11-21T15:53:14+00:00","mainEntityOfPage":{"@id":"https:\/\/aepetba.org.br\/v1\/dia-da-consciencia-negra\/"},"wordCount":677,"publisher":{"@id":"https:\/\/aepetba.org.br\/v1\/#organization"},"image":{"@id":"https:\/\/aepetba.org.br\/v1\/dia-da-consciencia-negra\/#primaryimage"},"thumbnailUrl":"https:\/\/aepetba.org.br\/v1\/wp-content\/uploads\/2022\/11\/Materia-Consciencia-Negra-Aepet-ba.jpg","articleSection":["Destaque","Not\u00edcias"],"inLanguage":"pt-BR"},{"@type":"Person","@id":"https:\/\/aepetba.org.br\/v1\/#\/schema\/person\/3504208f89f3f50e1526867ebb573b88","name":"AEPETBA","image":{"@type":"ImageObject","inLanguage":"pt-BR","@id":"https:\/\/aepetba.org.br\/v1\/#\/schema\/person\/image\/","url":"https:\/\/secure.gravatar.com\/avatar\/3e6e1bf98c38137fc6b937d21e974714?s=96&d=mm&r=g","contentUrl":"https:\/\/secure.gravatar.com\/avatar\/3e6e1bf98c38137fc6b937d21e974714?s=96&d=mm&r=g","caption":"AEPETBA"},"sameAs":["http:\/\/aepetba.org.br\/v1"],"url":"https:\/\/aepetba.org.br\/v1\/author\/lubconsultoria\/"}]}},"_links":{"self":[{"href":"https:\/\/aepetba.org.br\/v1\/wp-json\/wp\/v2\/posts\/39383"}],"collection":[{"href":"https:\/\/aepetba.org.br\/v1\/wp-json\/wp\/v2\/posts"}],"about":[{"href":"https:\/\/aepetba.org.br\/v1\/wp-json\/wp\/v2\/types\/post"}],"author":[{"embeddable":true,"href":"https:\/\/aepetba.org.br\/v1\/wp-json\/wp\/v2\/users\/1"}],"replies":[{"embeddable":true,"href":"https:\/\/aepetba.org.br\/v1\/wp-json\/wp\/v2\/comments?post=39383"}],"version-history":[{"count":2,"href":"https:\/\/aepetba.org.br\/v1\/wp-json\/wp\/v2\/posts\/39383\/revisions"}],"predecessor-version":[{"id":39387,"href":"https:\/\/aepetba.org.br\/v1\/wp-json\/wp\/v2\/posts\/39383\/revisions\/39387"}],"wp:featuredmedia":[{"embeddable":true,"href":"https:\/\/aepetba.org.br\/v1\/wp-json\/wp\/v2\/media\/39384"}],"wp:attachment":[{"href":"https:\/\/aepetba.org.br\/v1\/wp-json\/wp\/v2\/media?parent=39383"}],"wp:term":[{"taxonomy":"category","embeddable":true,"href":"https:\/\/aepetba.org.br\/v1\/wp-json\/wp\/v2\/categories?post=39383"},{"taxonomy":"post_tag","embeddable":true,"href":"https:\/\/aepetba.org.br\/v1\/wp-json\/wp\/v2\/tags?post=39383"}],"curies":[{"name":"wp","href":"https:\/\/api.w.org\/{rel}","templated":true}]}}