{"id":39408,"date":"2022-11-23T11:29:06","date_gmt":"2022-11-23T14:29:06","guid":{"rendered":"https:\/\/aepetba.org.br\/v1\/?p=39408"},"modified":"2022-11-23T11:34:19","modified_gmt":"2022-11-23T14:34:19","slug":"que-petrobras-quer-lula","status":"publish","type":"post","link":"https:\/\/aepetba.org.br\/v1\/que-petrobras-quer-lula\/","title":{"rendered":"Que Petrobr\u00e1s quer Lula?"},"content":{"rendered":"<!--[if lt IE 9]><script>document.createElement('audio');<\/script><![endif]-->\n<audio class=\"wp-audio-shortcode\" id=\"audio-39408-1\" preload=\"none\" style=\"width: 100%;\" controls=\"controls\"><source type=\"audio\/ogg\" src=\"https:\/\/aepetba.org.br\/v1\/wp-content\/uploads\/2022\/11\/que-petrobras-quer-Lula.ogg?_=1\" \/><a href=\"https:\/\/aepetba.org.br\/v1\/wp-content\/uploads\/2022\/11\/que-petrobras-quer-Lula.ogg\">https:\/\/aepetba.org.br\/v1\/wp-content\/uploads\/2022\/11\/que-petrobras-quer-Lula.ogg<\/a><\/audio>\n<p>&nbsp;<\/p>\n<p>Faltando menos de cinco semanas para a troca de poder ainda n\u00e3o h\u00e1 defini\u00e7\u00e3o sobre o papel da maior empresa do Brasil.<\/p>\n<p>Na quarta-feira (16), foram indicados os nomes que comp\u00f5em o Grupo de Trabalho \u201cMinas e Energia\u201d no governo de transi\u00e7\u00e3o. Nele se discutir\u00e1 o papel da Petrobr\u00e1s no novo governo. Os nomes indicados s\u00e3o:<\/p>\n<p>MINAS E ENERGIA<\/p>\n<ul>\n<li>Anderson Adauto;<\/li>\n<li>Deyvid Barcelar;<\/li>\n<li>Fernando Ferro;<\/li>\n<li>Giles Azevedo;<\/li>\n<li>Guto Quintela;<\/li>\n<li>\u00cdcaro Chaves;<\/li>\n<li>Jean Paul Prates;<\/li>\n<li>Magda Chambriard;<\/li>\n<li>Mauricio Tomasquin;<\/li>\n<li>Nelson Hubner;<\/li>\n<li>Robson Sebasti\u00e3o Formica;<\/li>\n<li>William Nozak.<\/li>\n<\/ul>\n<p>\u00c0s v\u00e9speras do segundo turno, a AEPET perguntava: O que nos reserva o dia 30 de outubro?.<\/p>\n<p>A AEPET n\u00e3o indica e nem veta nomes. Entretanto tem um documento claro, apontando oito pontos essenciais para o futuro soberano do Brasil e da Petrobr\u00e1s:<\/p>\n<p>1-Restaura\u00e7\u00e3o do monop\u00f3lio estatal do petr\u00f3leo, exercido pela Petrobr\u00e1s;<\/p>\n<p>2- Revers\u00e3o da privatiza\u00e7\u00e3o dos ativos da Petrobr\u00e1s, destacando a BR Distribuidora, refinarias, malhas de gasodutos (NTS e TAG), distribuidoras de GLP e g\u00e1s natural (Liquig\u00e1s e Comg\u00e1s), produ\u00e7\u00e3o de fertilizantes nitrogenados (FAFENs), direitos de explora\u00e7\u00e3o e produ\u00e7\u00e3o de petr\u00f3leo e g\u00e1s natural e as participa\u00e7\u00f5es na produ\u00e7\u00e3o de petroqu\u00edmicos e biocombust\u00edveis;<\/p>\n<p>3- Reestrutura\u00e7\u00e3o da Petrobr\u00e1s como Empresa Estatal de petr\u00f3leo e energia, dando conta de sua gest\u00e3o, com absoluta transpar\u00eancia, ao controle do povo brasileiro;<\/p>\n<p>4- Altera\u00e7\u00e3o da pol\u00edtica de pre\u00e7os da Petrobr\u00e1s, com o fim do Pre\u00e7o Parit\u00e1rio de Importa\u00e7\u00e3o (PPI), que foi estabelecido em outubro de 2016, e restaura\u00e7\u00e3o do objetivo hist\u00f3rico de abastecer o mercado nacional de combust\u00edveis aos menores pre\u00e7os poss\u00edveis;<\/p>\n<p>5- Limita\u00e7\u00e3o da exporta\u00e7\u00e3o de petr\u00f3leo cru, com ado\u00e7\u00e3o de tributos que incentivem a agrega\u00e7\u00e3o de valor e o uso do petr\u00f3leo no pa\u00eds;<\/p>\n<p>6- Recompra das a\u00e7\u00f5es da Petrobr\u00e1s negociadas na bolsa de Nova Iorque (ADRs);<\/p>\n<p>7- Desenvolvimento da pol\u00edtica de conte\u00fado nacional e de substitui\u00e7\u00e3o de importa\u00e7\u00f5es para o setor de petr\u00f3leo, g\u00e1s natural e energias potencialmente renov\u00e1veis;<\/p>\n<p>8- Estabelecimento de um plano nacional de pesquisa e investimentos em energias potencialmente renov\u00e1veis, sob a lideran\u00e7a da Petrobr\u00e1s.<\/p>\n<p>Mesmo que Lula e o vice eleito Alckmim afirmem que os escolhidos para os grupos de transi\u00e7\u00e3o n\u00e3o necessariamente ser\u00e3o ministros, dois nomes de integrantes do grupo de transi\u00e7\u00e3o de Minas e Energia, o senador Prates (PT-RN) e o da ex-diretora geral da Ag\u00eancia Nacional do Petr\u00f3leo e G\u00e1s (ANP), Magda Chambriard, parecem atrair os holofotes.<\/p>\n<p>Sobre o senador, Felipe Coutinho, vice-presidente da AEPET escreveu \u201cJean Paul Prates revelado\u201d.<\/p>\n<p>Causa estranheza ainda que o nome de Chambriard seja cogitado. Seria indica\u00e7\u00e3o do atual presidente da Alerj, Andr\u00e9 Ceciliano (PT-RJ), que teve uma derrota contundente na elei\u00e7\u00e3o para o Senado.<\/p>\n<p>Magda Chambriard \u00e9 engenheira formada pela UFRJ, com p\u00f3s-gradua\u00e7\u00e3o na Coppe. Em 2002, deixou a Petrobr\u00e1s para trabalhar na Ag\u00eancia Nacional de Petr\u00f3leo e G\u00e1s Natural (ANP). Em 2012, indicada por Dilma Roussef, assumiu a diretoria geral da Ag\u00eancia. Sua atua\u00e7\u00e3o foi fundamental para permitir o Leil\u00e3o de Libra, em 2013.<\/p>\n<p>J\u00e1 no final de seu mandato e ap\u00f3s o golpe que afastou Dilma da presid\u00eancia, Chambriard mostrou sua verdadeira face ao apoiar abertamente as propostas de senador Serra para diminuir a presen\u00e7a da Petrobr\u00e1s no pr\u00e9-sal.<\/p>\n<p>Em outubro de 2016, ela afirmou: \u201cas mudan\u00e7as em curso, como o aprimoramento das regras de conte\u00fado local e o fim da obrigatoriedade da Petrobr\u00e1s ser a operadora \u00fanica do pr\u00e9-sal, s\u00e3o positivas para o setor.\u201d (<a href=\"https:\/\/www.biodieselbr.com\/noticias\/regulacao\/r\/magda-chambriard-deixa-anp-satisfeita-mudancas-regulatorias-curso-181016\" target=\"_blank\" rel=\"noopener\">https:\/\/www.biodieselbr.com\/noticias\/regulacao\/r\/magda-chambriard-deixa-anp-satisfeita-mudancas-regulatorias-curso-181016<\/a> )<\/p>\n<p>Para a AEPET, redefinir o papel da Petrobr\u00e1s na constru\u00e7\u00e3o da soberania nacional sem devolver \u00e0 empresa os instrumentos necess\u00e1rios listados acima nos Oito Pontos \u00e9 desmerecer a Hist\u00f3ria e apequenar-se.<\/p>\n<p>Fonte: AEPET<\/p>\n","protected":false},"excerpt":{"rendered":"<p>&nbsp; Faltando menos de cinco semanas para a troca de poder ainda n\u00e3o h\u00e1 defini\u00e7\u00e3o sobre o papel da maior empresa do Brasil. Na quarta-feira (16), foram indicados os nomes que comp\u00f5em o Grupo de Trabalho \u201cMinas e Energia\u201d no&#8230;<\/p>\n","protected":false},"author":1,"featured_media":39411,"comment_status":"closed","ping_status":"closed","sticky":false,"template":"","format":"standard","meta":[],"categories":[5,87,10],"tags":[],"yoast_head":"<!-- This site is optimized with the Yoast SEO plugin v19.3 - https:\/\/yoast.com\/wordpress\/plugins\/seo\/ -->\n<title>Que Petrobr\u00e1s quer Lula?<\/title>\n<meta name=\"description\" content=\"Dois nomes que integram o grupo de transi\u00e7\u00e3o de Minas e Energia, o senador Jean Paul Prates (PT-RN) e a ex-diretora geral da Ag\u00eancia Nacional do Petr\u00f3leo e G\u00e1s (ANP), Magda Chambriard, v\u00eam sendo citados para ocupar a presid\u00eancia da Petrobr\u00e1s. A AEPET rejeita os dois.\" \/>\n<meta name=\"robots\" content=\"index, follow, max-snippet:-1, max-image-preview:large, max-video-preview:-1\" \/>\n<link rel=\"canonical\" href=\"https:\/\/aepetba.org.br\/v1\/que-petrobras-quer-lula\/\" \/>\n<meta property=\"og:locale\" content=\"pt_BR\" \/>\n<meta property=\"og:type\" content=\"article\" \/>\n<meta property=\"og:title\" content=\"Que Petrobr\u00e1s quer Lula?\" \/>\n<meta property=\"og:description\" content=\"Dois nomes que integram o grupo de transi\u00e7\u00e3o de Minas e Energia, o senador Jean Paul Prates (PT-RN) e a ex-diretora geral da Ag\u00eancia Nacional do Petr\u00f3leo e G\u00e1s (ANP), Magda Chambriard, v\u00eam sendo citados para ocupar a presid\u00eancia da Petrobr\u00e1s. A AEPET rejeita os dois.\" \/>\n<meta property=\"og:url\" content=\"https:\/\/aepetba.org.br\/v1\/que-petrobras-quer-lula\/\" \/>\n<meta property=\"og:site_name\" content=\"AEPET N\u00daCLEO BAHIA\" \/>\n<meta property=\"article:publisher\" content=\"https:\/\/web.facebook.com\/aepetba\" \/>\n<meta property=\"article:published_time\" content=\"2022-11-23T14:29:06+00:00\" \/>\n<meta property=\"article:modified_time\" content=\"2022-11-23T14:34:19+00:00\" \/>\n<meta property=\"og:image\" content=\"https:\/\/aepetba.org.br\/v1\/wp-content\/uploads\/2022\/11\/Materia-que-petrobras-quer-lula-PETROLEO-BAHIA-Aepet-ba.jpg\" \/>\n\t<meta property=\"og:image:width\" content=\"1073\" \/>\n\t<meta property=\"og:image:height\" content=\"930\" \/>\n\t<meta property=\"og:image:type\" content=\"image\/jpeg\" \/>\n<meta name=\"author\" content=\"AEPETBA\" \/>\n<meta name=\"twitter:card\" content=\"summary_large_image\" \/>\n<meta name=\"twitter:creator\" content=\"@aepetbahia\" \/>\n<meta name=\"twitter:site\" content=\"@aepetbahia\" \/>\n<meta name=\"twitter:label1\" content=\"Escrito por\" \/>\n\t<meta name=\"twitter:data1\" content=\"AEPETBA\" \/>\n\t<meta name=\"twitter:label2\" content=\"Est. tempo de leitura\" \/>\n\t<meta name=\"twitter:data2\" content=\"4 minutos\" \/>\n<script type=\"application\/ld+json\" class=\"yoast-schema-graph\">{\"@context\":\"https:\/\/schema.org\",\"@graph\":[{\"@type\":\"Organization\",\"@id\":\"https:\/\/aepetba.org.br\/v1\/#organization\",\"name\":\"AEPET N\u00facleo Bahia\",\"url\":\"https:\/\/aepetba.org.br\/v1\/\",\"sameAs\":[\"https:\/\/www.instagram.com\/aepetbahia\/\",\"https:\/\/www.youtube.com\/c\/AEPETBAHIA\",\"https:\/\/web.facebook.com\/aepetba\",\"https:\/\/twitter.com\/aepetbahia\"],\"logo\":{\"@type\":\"ImageObject\",\"inLanguage\":\"pt-BR\",\"@id\":\"https:\/\/aepetba.org.br\/v1\/#\/schema\/logo\/image\/\",\"url\":\"https:\/\/aepetba.org.br\/v1\/wp-content\/uploads\/revslider\/home\/logo-AEPETBA.png\",\"contentUrl\":\"https:\/\/aepetba.org.br\/v1\/wp-content\/uploads\/revslider\/home\/logo-AEPETBA.png\",\"width\":297,\"height\":86,\"caption\":\"AEPET N\u00facleo Bahia\"},\"image\":{\"@id\":\"https:\/\/aepetba.org.br\/v1\/#\/schema\/logo\/image\/\"}},{\"@type\":\"WebSite\",\"@id\":\"https:\/\/aepetba.org.br\/v1\/#website\",\"url\":\"https:\/\/aepetba.org.br\/v1\/\",\"name\":\"AEPET N\u00daCLEO BAHIA\",\"description\":\"Associa\u00e7\u00e3o dos Engenheiros da Petrobr\u00e1s N\u00facleo Bahia Petr\u00f3leo Bahia Salvador Nordeste \",\"publisher\":{\"@id\":\"https:\/\/aepetba.org.br\/v1\/#organization\"},\"potentialAction\":[{\"@type\":\"SearchAction\",\"target\":{\"@type\":\"EntryPoint\",\"urlTemplate\":\"https:\/\/aepetba.org.br\/v1\/?s={search_term_string}\"},\"query-input\":\"required name=search_term_string\"}],\"inLanguage\":\"pt-BR\"},{\"@type\":\"ImageObject\",\"inLanguage\":\"pt-BR\",\"@id\":\"https:\/\/aepetba.org.br\/v1\/que-petrobras-quer-lula\/#primaryimage\",\"url\":\"https:\/\/aepetba.org.br\/v1\/wp-content\/uploads\/2022\/11\/Materia-que-petrobras-quer-lula-PETROLEO-BAHIA-Aepet-ba.jpg\",\"contentUrl\":\"https:\/\/aepetba.org.br\/v1\/wp-content\/uploads\/2022\/11\/Materia-que-petrobras-quer-lula-PETROLEO-BAHIA-Aepet-ba.jpg\",\"width\":1073,\"height\":930},{\"@type\":\"WebPage\",\"@id\":\"https:\/\/aepetba.org.br\/v1\/que-petrobras-quer-lula\/\",\"url\":\"https:\/\/aepetba.org.br\/v1\/que-petrobras-quer-lula\/\",\"name\":\"Que Petrobr\u00e1s quer Lula?\",\"isPartOf\":{\"@id\":\"https:\/\/aepetba.org.br\/v1\/#website\"},\"primaryImageOfPage\":{\"@id\":\"https:\/\/aepetba.org.br\/v1\/que-petrobras-quer-lula\/#primaryimage\"},\"datePublished\":\"2022-11-23T14:29:06+00:00\",\"dateModified\":\"2022-11-23T14:34:19+00:00\",\"description\":\"Dois nomes que integram o grupo de transi\u00e7\u00e3o de Minas e Energia, o senador Jean Paul Prates (PT-RN) e a ex-diretora geral da Ag\u00eancia Nacional do Petr\u00f3leo e G\u00e1s (ANP), Magda Chambriard, v\u00eam sendo citados para ocupar a presid\u00eancia da Petrobr\u00e1s. A AEPET rejeita os dois.\",\"breadcrumb\":{\"@id\":\"https:\/\/aepetba.org.br\/v1\/que-petrobras-quer-lula\/#breadcrumb\"},\"inLanguage\":\"pt-BR\",\"potentialAction\":[{\"@type\":\"ReadAction\",\"target\":[\"https:\/\/aepetba.org.br\/v1\/que-petrobras-quer-lula\/\"]}]},{\"@type\":\"BreadcrumbList\",\"@id\":\"https:\/\/aepetba.org.br\/v1\/que-petrobras-quer-lula\/#breadcrumb\",\"itemListElement\":[{\"@type\":\"ListItem\",\"position\":1,\"name\":\"In\u00edcio\",\"item\":\"https:\/\/aepetba.org.br\/v1\/\"},{\"@type\":\"ListItem\",\"position\":2,\"name\":\"Que Petrobr\u00e1s quer Lula?\"}]},{\"@type\":\"Article\",\"@id\":\"https:\/\/aepetba.org.br\/v1\/que-petrobras-quer-lula\/#article\",\"isPartOf\":{\"@id\":\"https:\/\/aepetba.org.br\/v1\/que-petrobras-quer-lula\/\"},\"author\":{\"name\":\"AEPETBA\",\"@id\":\"https:\/\/aepetba.org.br\/v1\/#\/schema\/person\/3504208f89f3f50e1526867ebb573b88\"},\"headline\":\"Que Petrobr\u00e1s quer Lula?\",\"datePublished\":\"2022-11-23T14:29:06+00:00\",\"dateModified\":\"2022-11-23T14:34:19+00:00\",\"mainEntityOfPage\":{\"@id\":\"https:\/\/aepetba.org.br\/v1\/que-petrobras-quer-lula\/\"},\"wordCount\":700,\"publisher\":{\"@id\":\"https:\/\/aepetba.org.br\/v1\/#organization\"},\"image\":{\"@id\":\"https:\/\/aepetba.org.br\/v1\/que-petrobras-quer-lula\/#primaryimage\"},\"thumbnailUrl\":\"https:\/\/aepetba.org.br\/v1\/wp-content\/uploads\/2022\/11\/Materia-que-petrobras-quer-lula-PETROLEO-BAHIA-Aepet-ba.jpg\",\"articleSection\":[\"Coluna do Associado\",\"Destaque\",\"Not\u00edcias\"],\"inLanguage\":\"pt-BR\"},{\"@type\":\"Person\",\"@id\":\"https:\/\/aepetba.org.br\/v1\/#\/schema\/person\/3504208f89f3f50e1526867ebb573b88\",\"name\":\"AEPETBA\",\"image\":{\"@type\":\"ImageObject\",\"inLanguage\":\"pt-BR\",\"@id\":\"https:\/\/aepetba.org.br\/v1\/#\/schema\/person\/image\/\",\"url\":\"https:\/\/secure.gravatar.com\/avatar\/3e6e1bf98c38137fc6b937d21e974714?s=96&d=mm&r=g\",\"contentUrl\":\"https:\/\/secure.gravatar.com\/avatar\/3e6e1bf98c38137fc6b937d21e974714?s=96&d=mm&r=g\",\"caption\":\"AEPETBA\"},\"sameAs\":[\"http:\/\/aepetba.org.br\/v1\"],\"url\":\"https:\/\/aepetba.org.br\/v1\/author\/lubconsultoria\/\"}]}<\/script>\n<!-- \/ Yoast SEO plugin. -->","yoast_head_json":{"title":"Que Petrobr\u00e1s quer Lula?","description":"Dois nomes que integram o grupo de transi\u00e7\u00e3o de Minas e Energia, o senador Jean Paul Prates (PT-RN) e a ex-diretora geral da Ag\u00eancia Nacional do Petr\u00f3leo e G\u00e1s (ANP), Magda Chambriard, v\u00eam sendo citados para ocupar a presid\u00eancia da Petrobr\u00e1s. A AEPET rejeita os dois.","robots":{"index":"index","follow":"follow","max-snippet":"max-snippet:-1","max-image-preview":"max-image-preview:large","max-video-preview":"max-video-preview:-1"},"canonical":"https:\/\/aepetba.org.br\/v1\/que-petrobras-quer-lula\/","og_locale":"pt_BR","og_type":"article","og_title":"Que Petrobr\u00e1s quer Lula?","og_description":"Dois nomes que integram o grupo de transi\u00e7\u00e3o de Minas e Energia, o senador Jean Paul Prates (PT-RN) e a ex-diretora geral da Ag\u00eancia Nacional do Petr\u00f3leo e G\u00e1s (ANP), Magda Chambriard, v\u00eam sendo citados para ocupar a presid\u00eancia da Petrobr\u00e1s. A AEPET rejeita os dois.","og_url":"https:\/\/aepetba.org.br\/v1\/que-petrobras-quer-lula\/","og_site_name":"AEPET N\u00daCLEO BAHIA","article_publisher":"https:\/\/web.facebook.com\/aepetba","article_published_time":"2022-11-23T14:29:06+00:00","article_modified_time":"2022-11-23T14:34:19+00:00","og_image":[{"width":1073,"height":930,"url":"https:\/\/aepetba.org.br\/v1\/wp-content\/uploads\/2022\/11\/Materia-que-petrobras-quer-lula-PETROLEO-BAHIA-Aepet-ba.jpg","type":"image\/jpeg"}],"author":"AEPETBA","twitter_card":"summary_large_image","twitter_creator":"@aepetbahia","twitter_site":"@aepetbahia","twitter_misc":{"Escrito por":"AEPETBA","Est. tempo de leitura":"4 minutos"},"schema":{"@context":"https:\/\/schema.org","@graph":[{"@type":"Organization","@id":"https:\/\/aepetba.org.br\/v1\/#organization","name":"AEPET N\u00facleo Bahia","url":"https:\/\/aepetba.org.br\/v1\/","sameAs":["https:\/\/www.instagram.com\/aepetbahia\/","https:\/\/www.youtube.com\/c\/AEPETBAHIA","https:\/\/web.facebook.com\/aepetba","https:\/\/twitter.com\/aepetbahia"],"logo":{"@type":"ImageObject","inLanguage":"pt-BR","@id":"https:\/\/aepetba.org.br\/v1\/#\/schema\/logo\/image\/","url":"https:\/\/aepetba.org.br\/v1\/wp-content\/uploads\/revslider\/home\/logo-AEPETBA.png","contentUrl":"https:\/\/aepetba.org.br\/v1\/wp-content\/uploads\/revslider\/home\/logo-AEPETBA.png","width":297,"height":86,"caption":"AEPET N\u00facleo Bahia"},"image":{"@id":"https:\/\/aepetba.org.br\/v1\/#\/schema\/logo\/image\/"}},{"@type":"WebSite","@id":"https:\/\/aepetba.org.br\/v1\/#website","url":"https:\/\/aepetba.org.br\/v1\/","name":"AEPET N\u00daCLEO BAHIA","description":"Associa\u00e7\u00e3o dos Engenheiros da Petrobr\u00e1s N\u00facleo Bahia Petr\u00f3leo Bahia Salvador Nordeste ","publisher":{"@id":"https:\/\/aepetba.org.br\/v1\/#organization"},"potentialAction":[{"@type":"SearchAction","target":{"@type":"EntryPoint","urlTemplate":"https:\/\/aepetba.org.br\/v1\/?s={search_term_string}"},"query-input":"required name=search_term_string"}],"inLanguage":"pt-BR"},{"@type":"ImageObject","inLanguage":"pt-BR","@id":"https:\/\/aepetba.org.br\/v1\/que-petrobras-quer-lula\/#primaryimage","url":"https:\/\/aepetba.org.br\/v1\/wp-content\/uploads\/2022\/11\/Materia-que-petrobras-quer-lula-PETROLEO-BAHIA-Aepet-ba.jpg","contentUrl":"https:\/\/aepetba.org.br\/v1\/wp-content\/uploads\/2022\/11\/Materia-que-petrobras-quer-lula-PETROLEO-BAHIA-Aepet-ba.jpg","width":1073,"height":930},{"@type":"WebPage","@id":"https:\/\/aepetba.org.br\/v1\/que-petrobras-quer-lula\/","url":"https:\/\/aepetba.org.br\/v1\/que-petrobras-quer-lula\/","name":"Que Petrobr\u00e1s quer Lula?","isPartOf":{"@id":"https:\/\/aepetba.org.br\/v1\/#website"},"primaryImageOfPage":{"@id":"https:\/\/aepetba.org.br\/v1\/que-petrobras-quer-lula\/#primaryimage"},"datePublished":"2022-11-23T14:29:06+00:00","dateModified":"2022-11-23T14:34:19+00:00","description":"Dois nomes que integram o grupo de transi\u00e7\u00e3o de Minas e Energia, o senador Jean Paul Prates (PT-RN) e a ex-diretora geral da Ag\u00eancia Nacional do Petr\u00f3leo e G\u00e1s (ANP), Magda Chambriard, v\u00eam sendo citados para ocupar a presid\u00eancia da Petrobr\u00e1s. A AEPET rejeita os dois.","breadcrumb":{"@id":"https:\/\/aepetba.org.br\/v1\/que-petrobras-quer-lula\/#breadcrumb"},"inLanguage":"pt-BR","potentialAction":[{"@type":"ReadAction","target":["https:\/\/aepetba.org.br\/v1\/que-petrobras-quer-lula\/"]}]},{"@type":"BreadcrumbList","@id":"https:\/\/aepetba.org.br\/v1\/que-petrobras-quer-lula\/#breadcrumb","itemListElement":[{"@type":"ListItem","position":1,"name":"In\u00edcio","item":"https:\/\/aepetba.org.br\/v1\/"},{"@type":"ListItem","position":2,"name":"Que Petrobr\u00e1s quer Lula?"}]},{"@type":"Article","@id":"https:\/\/aepetba.org.br\/v1\/que-petrobras-quer-lula\/#article","isPartOf":{"@id":"https:\/\/aepetba.org.br\/v1\/que-petrobras-quer-lula\/"},"author":{"name":"AEPETBA","@id":"https:\/\/aepetba.org.br\/v1\/#\/schema\/person\/3504208f89f3f50e1526867ebb573b88"},"headline":"Que Petrobr\u00e1s quer Lula?","datePublished":"2022-11-23T14:29:06+00:00","dateModified":"2022-11-23T14:34:19+00:00","mainEntityOfPage":{"@id":"https:\/\/aepetba.org.br\/v1\/que-petrobras-quer-lula\/"},"wordCount":700,"publisher":{"@id":"https:\/\/aepetba.org.br\/v1\/#organization"},"image":{"@id":"https:\/\/aepetba.org.br\/v1\/que-petrobras-quer-lula\/#primaryimage"},"thumbnailUrl":"https:\/\/aepetba.org.br\/v1\/wp-content\/uploads\/2022\/11\/Materia-que-petrobras-quer-lula-PETROLEO-BAHIA-Aepet-ba.jpg","articleSection":["Coluna do Associado","Destaque","Not\u00edcias"],"inLanguage":"pt-BR"},{"@type":"Person","@id":"https:\/\/aepetba.org.br\/v1\/#\/schema\/person\/3504208f89f3f50e1526867ebb573b88","name":"AEPETBA","image":{"@type":"ImageObject","inLanguage":"pt-BR","@id":"https:\/\/aepetba.org.br\/v1\/#\/schema\/person\/image\/","url":"https:\/\/secure.gravatar.com\/avatar\/3e6e1bf98c38137fc6b937d21e974714?s=96&d=mm&r=g","contentUrl":"https:\/\/secure.gravatar.com\/avatar\/3e6e1bf98c38137fc6b937d21e974714?s=96&d=mm&r=g","caption":"AEPETBA"},"sameAs":["http:\/\/aepetba.org.br\/v1"],"url":"https:\/\/aepetba.org.br\/v1\/author\/lubconsultoria\/"}]}},"_links":{"self":[{"href":"https:\/\/aepetba.org.br\/v1\/wp-json\/wp\/v2\/posts\/39408"}],"collection":[{"href":"https:\/\/aepetba.org.br\/v1\/wp-json\/wp\/v2\/posts"}],"about":[{"href":"https:\/\/aepetba.org.br\/v1\/wp-json\/wp\/v2\/types\/post"}],"author":[{"embeddable":true,"href":"https:\/\/aepetba.org.br\/v1\/wp-json\/wp\/v2\/users\/1"}],"replies":[{"embeddable":true,"href":"https:\/\/aepetba.org.br\/v1\/wp-json\/wp\/v2\/comments?post=39408"}],"version-history":[{"count":2,"href":"https:\/\/aepetba.org.br\/v1\/wp-json\/wp\/v2\/posts\/39408\/revisions"}],"predecessor-version":[{"id":39412,"href":"https:\/\/aepetba.org.br\/v1\/wp-json\/wp\/v2\/posts\/39408\/revisions\/39412"}],"wp:featuredmedia":[{"embeddable":true,"href":"https:\/\/aepetba.org.br\/v1\/wp-json\/wp\/v2\/media\/39411"}],"wp:attachment":[{"href":"https:\/\/aepetba.org.br\/v1\/wp-json\/wp\/v2\/media?parent=39408"}],"wp:term":[{"taxonomy":"category","embeddable":true,"href":"https:\/\/aepetba.org.br\/v1\/wp-json\/wp\/v2\/categories?post=39408"},{"taxonomy":"post_tag","embeddable":true,"href":"https:\/\/aepetba.org.br\/v1\/wp-json\/wp\/v2\/tags?post=39408"}],"curies":[{"name":"wp","href":"https:\/\/api.w.org\/{rel}","templated":true}]}}