{"id":39422,"date":"2022-11-25T11:09:53","date_gmt":"2022-11-25T14:09:53","guid":{"rendered":"https:\/\/aepetba.org.br\/v1\/?p=39422"},"modified":"2022-11-25T11:09:53","modified_gmt":"2022-11-25T14:09:53","slug":"caravana-da-democracia","status":"publish","type":"post","link":"https:\/\/aepetba.org.br\/v1\/caravana-da-democracia\/","title":{"rendered":"Caravana da democracia"},"content":{"rendered":"<!--[if lt IE 9]><script>document.createElement('audio');<\/script><![endif]-->\n<audio class=\"wp-audio-shortcode\" id=\"audio-39422-1\" preload=\"none\" style=\"width: 100%;\" controls=\"controls\"><source type=\"audio\/ogg\" src=\"https:\/\/aepetba.org.br\/v1\/wp-content\/uploads\/2022\/11\/caravana-da-democracia.ogg?_=1\" \/><a href=\"https:\/\/aepetba.org.br\/v1\/wp-content\/uploads\/2022\/11\/caravana-da-democracia.ogg\">https:\/\/aepetba.org.br\/v1\/wp-content\/uploads\/2022\/11\/caravana-da-democracia.ogg<\/a><\/audio>\n<p>&nbsp;<\/p>\n<p style=\"text-align: justify;\"><span style=\"font-weight: 400;\">A corros\u00e3o da democracia no Brasil moderno come\u00e7ou em 2014 quando um dos candidatos \u00e0s elei\u00e7\u00f5es derrotado de forma irrespons\u00e1vel se insurgiu contra o resultado das urnas. Depois desse epis\u00f3dio, a vida do povo virou um inferno por conta da sabotagem e do esp\u00edrito antidemocr\u00e1tico que acabaram gerando uma crise econ\u00f4mica, as pautas bombas e a crise pol\u00edtica que culminou com o golpe de 2016 contra a presidenta Dilma Rousseff (PT).<\/span><\/p>\n<p style=\"text-align: justify;\"><span style=\"font-weight: 400;\">Com a elei\u00e7\u00e3o de Bolsonaro, agravou-se o processo de ruptura e de questionamento institucional que deram lugar \u00e0s manifesta\u00e7\u00f5es golpistas. Em maio de 2019, poucos meses depois de ter assumido o governo, participou de manifesta\u00e7\u00e3o na porta de um quartel militar pedindo a volta do AI-5. Durante seu governo, foram in\u00fameras vezes, em que sem qualquer consequ\u00eancia, houve manifesta\u00e7\u00f5es contra o STF e as institui\u00e7\u00f5es, amea\u00e7ando a democracia.<\/span><\/p>\n<p style=\"text-align: justify;\"><span style=\"font-weight: 400;\">Com o resultado do segundo turno das elei\u00e7\u00f5es, em 30 de outubro de 2022, quando os brasileiros esperavam o retorno da normalidade institucional, a ultradireita continua promovendo atos antidemocr\u00e1ticos, colocando a democracia &#8211; jovem e fr\u00e1gil &#8211; \u00e0 beira do colapso.<\/span><\/p>\n<p style=\"text-align: justify;\"><span style=\"font-weight: 400;\">Nesse cen\u00e1rio, participar da cerim\u00f4nia de posse de Lula, em Bras\u00edlia, se reveste de dever c\u00edvico de defesa da democracia. N\u00e3o se trata mais de predile\u00e7\u00e3o ideol\u00f3gica ou convic\u00e7\u00f5es pol\u00edticas, mas do dever de todos e todas de defender a democracia como \u00fanica forma de governo aceit\u00e1vel e uma exig\u00eancia das institui\u00e7\u00f5es democr\u00e1ticas, entre as quais a AEPET-BA se insere.<\/span><\/p>\n<p style=\"text-align: justify;\"><span style=\"font-weight: 400;\">Nessa perspectiva, compreendendo a necessidade de garantir a normalidade democr\u00e1tica e assegurar que quem ganhou as elei\u00e7\u00f5es, deve tomar posse e governar, conclamamos a todos e todas para que participem deste ato c\u00edvico de apoio popular \u00e0 democracia, impossibilitando que os \u00edmpetos golpistas tentem jogar o Brasil em mais um per\u00edodo de trevas. Ou, ent\u00e3o, que por for\u00e7a da intimida\u00e7\u00e3o, os derrotados tentem impor sua pauta ao novo governo Lula. Nem anistia, nem golpe, lei para quem comete crime contra o estado de direito.<\/span><\/p>\n<p style=\"text-align: justify;\"><span style=\"font-weight: 400;\">J\u00e1 quem foi eleito democraticamente tem liberdade para governar, levando em considera\u00e7\u00e3o as reivindica\u00e7\u00f5es do povo e uma delas \u00e9 a reconstru\u00e7\u00e3o da Petrobr\u00e1s.<\/span><\/p>\n<p style=\"text-align: justify;\"><span style=\"font-weight: 400;\">Por isso, a AEPET-BA, no esfor\u00e7o de incentivar os associados a defenderem a democracia, disponibiliza vagas em um \u00f4nibus leito para participar da caravana da democracia rumo \u00e0 Bras\u00edlia. As vagas s\u00e3o limitadas.<\/span><\/p>\n<p style=\"text-align: justify;\"><span style=\"font-weight: 400;\">Com essa iniciativa, a AEPET-BA n\u00e3o se vincula a op\u00e7\u00f5es partid\u00e1rias, preservando sua independ\u00eancia em defesa da reconstru\u00e7\u00e3o da Petrobr\u00e1s, no Brasil e, em especial, na Bahia, e se legitima como institui\u00e7\u00e3o comprometida com a defesa pela retomada de todos os ativos vilipendiados da Petrobr\u00e1s e contra a corrup\u00e7\u00e3o em todos os n\u00edveis.<\/span><\/p>\n<p style=\"text-align: justify;\"><b>Os associados interessados em garantir uma vaga na caravana da democracia devem encaminhar seu nome, RG e CPF para a secretaria da entidade pelo e-mail bahia@aepet.org.br ou pelos telefones 71 3012-4171\/ 98356-8081 (Daiane).\u00a0<\/b><\/p>\n<p>&nbsp;<\/p>\n","protected":false},"excerpt":{"rendered":"<p>&nbsp; A corros\u00e3o da democracia no Brasil moderno come\u00e7ou em 2014 quando um dos candidatos \u00e0s elei\u00e7\u00f5es derrotado de forma irrespons\u00e1vel se insurgiu contra o resultado das urnas. Depois desse epis\u00f3dio, a vida do povo virou um inferno por conta&#8230;<\/p>\n","protected":false},"author":1,"featured_media":39423,"comment_status":"closed","ping_status":"closed","sticky":false,"template":"","format":"standard","meta":[],"categories":[5,87,10],"tags":[],"yoast_head":"<!-- This site is optimized with the Yoast SEO plugin v19.3 - https:\/\/yoast.com\/wordpress\/plugins\/seo\/ -->\n<title>Caravana da democracia<\/title>\n<meta name=\"description\" content=\"Aten\u00e7\u00e3o associado. Tem interesse em participar da cerim\u00f4nia de posse de Lula, em Bras\u00edlia? A AEPET-BA est\u00e1 com uma oportunidade in\u00e9dita com vagas na caravana da democracia\" \/>\n<meta name=\"robots\" content=\"index, follow, max-snippet:-1, max-image-preview:large, max-video-preview:-1\" \/>\n<link rel=\"canonical\" href=\"https:\/\/aepetba.org.br\/v1\/caravana-da-democracia\/\" \/>\n<meta property=\"og:locale\" content=\"pt_BR\" \/>\n<meta property=\"og:type\" content=\"article\" \/>\n<meta property=\"og:title\" content=\"Caravana da democracia\" \/>\n<meta property=\"og:description\" content=\"Aten\u00e7\u00e3o associado. Tem interesse em participar da cerim\u00f4nia de posse de Lula, em Bras\u00edlia? A AEPET-BA est\u00e1 com uma oportunidade in\u00e9dita com vagas na caravana da democracia\" \/>\n<meta property=\"og:url\" content=\"https:\/\/aepetba.org.br\/v1\/caravana-da-democracia\/\" \/>\n<meta property=\"og:site_name\" content=\"AEPET N\u00daCLEO BAHIA\" \/>\n<meta property=\"article:publisher\" content=\"https:\/\/web.facebook.com\/aepetba\" \/>\n<meta property=\"article:published_time\" content=\"2022-11-25T14:09:53+00:00\" \/>\n<meta property=\"og:image\" content=\"https:\/\/aepetba.org.br\/v1\/wp-content\/uploads\/2022\/11\/Materia-Caravana-da-democracia-petroleo-bahia-Aepet-ba.jpg\" \/>\n\t<meta property=\"og:image:width\" content=\"1079\" \/>\n\t<meta property=\"og:image:height\" content=\"932\" \/>\n\t<meta property=\"og:image:type\" content=\"image\/jpeg\" \/>\n<meta name=\"author\" content=\"AEPETBA\" \/>\n<meta name=\"twitter:card\" content=\"summary_large_image\" \/>\n<meta name=\"twitter:creator\" content=\"@aepetbahia\" \/>\n<meta name=\"twitter:site\" content=\"@aepetbahia\" \/>\n<meta name=\"twitter:label1\" content=\"Escrito por\" \/>\n\t<meta name=\"twitter:data1\" content=\"AEPETBA\" \/>\n\t<meta name=\"twitter:label2\" content=\"Est. tempo de leitura\" \/>\n\t<meta name=\"twitter:data2\" content=\"3 minutos\" \/>\n<script type=\"application\/ld+json\" class=\"yoast-schema-graph\">{\"@context\":\"https:\/\/schema.org\",\"@graph\":[{\"@type\":\"Organization\",\"@id\":\"https:\/\/aepetba.org.br\/v1\/#organization\",\"name\":\"AEPET N\u00facleo Bahia\",\"url\":\"https:\/\/aepetba.org.br\/v1\/\",\"sameAs\":[\"https:\/\/www.instagram.com\/aepetbahia\/\",\"https:\/\/www.youtube.com\/c\/AEPETBAHIA\",\"https:\/\/web.facebook.com\/aepetba\",\"https:\/\/twitter.com\/aepetbahia\"],\"logo\":{\"@type\":\"ImageObject\",\"inLanguage\":\"pt-BR\",\"@id\":\"https:\/\/aepetba.org.br\/v1\/#\/schema\/logo\/image\/\",\"url\":\"https:\/\/aepetba.org.br\/v1\/wp-content\/uploads\/revslider\/home\/logo-AEPETBA.png\",\"contentUrl\":\"https:\/\/aepetba.org.br\/v1\/wp-content\/uploads\/revslider\/home\/logo-AEPETBA.png\",\"width\":297,\"height\":86,\"caption\":\"AEPET N\u00facleo Bahia\"},\"image\":{\"@id\":\"https:\/\/aepetba.org.br\/v1\/#\/schema\/logo\/image\/\"}},{\"@type\":\"WebSite\",\"@id\":\"https:\/\/aepetba.org.br\/v1\/#website\",\"url\":\"https:\/\/aepetba.org.br\/v1\/\",\"name\":\"AEPET N\u00daCLEO BAHIA\",\"description\":\"Associa\u00e7\u00e3o dos Engenheiros da Petrobr\u00e1s N\u00facleo Bahia Petr\u00f3leo Bahia Salvador Nordeste \",\"publisher\":{\"@id\":\"https:\/\/aepetba.org.br\/v1\/#organization\"},\"potentialAction\":[{\"@type\":\"SearchAction\",\"target\":{\"@type\":\"EntryPoint\",\"urlTemplate\":\"https:\/\/aepetba.org.br\/v1\/?s={search_term_string}\"},\"query-input\":\"required name=search_term_string\"}],\"inLanguage\":\"pt-BR\"},{\"@type\":\"ImageObject\",\"inLanguage\":\"pt-BR\",\"@id\":\"https:\/\/aepetba.org.br\/v1\/caravana-da-democracia\/#primaryimage\",\"url\":\"https:\/\/aepetba.org.br\/v1\/wp-content\/uploads\/2022\/11\/Materia-Caravana-da-democracia-petroleo-bahia-Aepet-ba.jpg\",\"contentUrl\":\"https:\/\/aepetba.org.br\/v1\/wp-content\/uploads\/2022\/11\/Materia-Caravana-da-democracia-petroleo-bahia-Aepet-ba.jpg\",\"width\":1079,\"height\":932},{\"@type\":\"WebPage\",\"@id\":\"https:\/\/aepetba.org.br\/v1\/caravana-da-democracia\/\",\"url\":\"https:\/\/aepetba.org.br\/v1\/caravana-da-democracia\/\",\"name\":\"Caravana da democracia\",\"isPartOf\":{\"@id\":\"https:\/\/aepetba.org.br\/v1\/#website\"},\"primaryImageOfPage\":{\"@id\":\"https:\/\/aepetba.org.br\/v1\/caravana-da-democracia\/#primaryimage\"},\"datePublished\":\"2022-11-25T14:09:53+00:00\",\"dateModified\":\"2022-11-25T14:09:53+00:00\",\"description\":\"Aten\u00e7\u00e3o associado. Tem interesse em participar da cerim\u00f4nia de posse de Lula, em Bras\u00edlia? A AEPET-BA est\u00e1 com uma oportunidade in\u00e9dita com vagas na caravana da democracia\",\"breadcrumb\":{\"@id\":\"https:\/\/aepetba.org.br\/v1\/caravana-da-democracia\/#breadcrumb\"},\"inLanguage\":\"pt-BR\",\"potentialAction\":[{\"@type\":\"ReadAction\",\"target\":[\"https:\/\/aepetba.org.br\/v1\/caravana-da-democracia\/\"]}]},{\"@type\":\"BreadcrumbList\",\"@id\":\"https:\/\/aepetba.org.br\/v1\/caravana-da-democracia\/#breadcrumb\",\"itemListElement\":[{\"@type\":\"ListItem\",\"position\":1,\"name\":\"In\u00edcio\",\"item\":\"https:\/\/aepetba.org.br\/v1\/\"},{\"@type\":\"ListItem\",\"position\":2,\"name\":\"Caravana da democracia\"}]},{\"@type\":\"Article\",\"@id\":\"https:\/\/aepetba.org.br\/v1\/caravana-da-democracia\/#article\",\"isPartOf\":{\"@id\":\"https:\/\/aepetba.org.br\/v1\/caravana-da-democracia\/\"},\"author\":{\"name\":\"AEPETBA\",\"@id\":\"https:\/\/aepetba.org.br\/v1\/#\/schema\/person\/3504208f89f3f50e1526867ebb573b88\"},\"headline\":\"Caravana da democracia\",\"datePublished\":\"2022-11-25T14:09:53+00:00\",\"dateModified\":\"2022-11-25T14:09:53+00:00\",\"mainEntityOfPage\":{\"@id\":\"https:\/\/aepetba.org.br\/v1\/caravana-da-democracia\/\"},\"wordCount\":534,\"publisher\":{\"@id\":\"https:\/\/aepetba.org.br\/v1\/#organization\"},\"image\":{\"@id\":\"https:\/\/aepetba.org.br\/v1\/caravana-da-democracia\/#primaryimage\"},\"thumbnailUrl\":\"https:\/\/aepetba.org.br\/v1\/wp-content\/uploads\/2022\/11\/Materia-Caravana-da-democracia-petroleo-bahia-Aepet-ba.jpg\",\"articleSection\":[\"Coluna do Associado\",\"Destaque\",\"Not\u00edcias\"],\"inLanguage\":\"pt-BR\"},{\"@type\":\"Person\",\"@id\":\"https:\/\/aepetba.org.br\/v1\/#\/schema\/person\/3504208f89f3f50e1526867ebb573b88\",\"name\":\"AEPETBA\",\"image\":{\"@type\":\"ImageObject\",\"inLanguage\":\"pt-BR\",\"@id\":\"https:\/\/aepetba.org.br\/v1\/#\/schema\/person\/image\/\",\"url\":\"https:\/\/secure.gravatar.com\/avatar\/3e6e1bf98c38137fc6b937d21e974714?s=96&d=mm&r=g\",\"contentUrl\":\"https:\/\/secure.gravatar.com\/avatar\/3e6e1bf98c38137fc6b937d21e974714?s=96&d=mm&r=g\",\"caption\":\"AEPETBA\"},\"sameAs\":[\"http:\/\/aepetba.org.br\/v1\"],\"url\":\"https:\/\/aepetba.org.br\/v1\/author\/lubconsultoria\/\"}]}<\/script>\n<!-- \/ Yoast SEO plugin. -->","yoast_head_json":{"title":"Caravana da democracia","description":"Aten\u00e7\u00e3o associado. Tem interesse em participar da cerim\u00f4nia de posse de Lula, em Bras\u00edlia? A AEPET-BA est\u00e1 com uma oportunidade in\u00e9dita com vagas na caravana da democracia","robots":{"index":"index","follow":"follow","max-snippet":"max-snippet:-1","max-image-preview":"max-image-preview:large","max-video-preview":"max-video-preview:-1"},"canonical":"https:\/\/aepetba.org.br\/v1\/caravana-da-democracia\/","og_locale":"pt_BR","og_type":"article","og_title":"Caravana da democracia","og_description":"Aten\u00e7\u00e3o associado. Tem interesse em participar da cerim\u00f4nia de posse de Lula, em Bras\u00edlia? A AEPET-BA est\u00e1 com uma oportunidade in\u00e9dita com vagas na caravana da democracia","og_url":"https:\/\/aepetba.org.br\/v1\/caravana-da-democracia\/","og_site_name":"AEPET N\u00daCLEO BAHIA","article_publisher":"https:\/\/web.facebook.com\/aepetba","article_published_time":"2022-11-25T14:09:53+00:00","og_image":[{"width":1079,"height":932,"url":"https:\/\/aepetba.org.br\/v1\/wp-content\/uploads\/2022\/11\/Materia-Caravana-da-democracia-petroleo-bahia-Aepet-ba.jpg","type":"image\/jpeg"}],"author":"AEPETBA","twitter_card":"summary_large_image","twitter_creator":"@aepetbahia","twitter_site":"@aepetbahia","twitter_misc":{"Escrito por":"AEPETBA","Est. tempo de leitura":"3 minutos"},"schema":{"@context":"https:\/\/schema.org","@graph":[{"@type":"Organization","@id":"https:\/\/aepetba.org.br\/v1\/#organization","name":"AEPET N\u00facleo Bahia","url":"https:\/\/aepetba.org.br\/v1\/","sameAs":["https:\/\/www.instagram.com\/aepetbahia\/","https:\/\/www.youtube.com\/c\/AEPETBAHIA","https:\/\/web.facebook.com\/aepetba","https:\/\/twitter.com\/aepetbahia"],"logo":{"@type":"ImageObject","inLanguage":"pt-BR","@id":"https:\/\/aepetba.org.br\/v1\/#\/schema\/logo\/image\/","url":"https:\/\/aepetba.org.br\/v1\/wp-content\/uploads\/revslider\/home\/logo-AEPETBA.png","contentUrl":"https:\/\/aepetba.org.br\/v1\/wp-content\/uploads\/revslider\/home\/logo-AEPETBA.png","width":297,"height":86,"caption":"AEPET N\u00facleo Bahia"},"image":{"@id":"https:\/\/aepetba.org.br\/v1\/#\/schema\/logo\/image\/"}},{"@type":"WebSite","@id":"https:\/\/aepetba.org.br\/v1\/#website","url":"https:\/\/aepetba.org.br\/v1\/","name":"AEPET N\u00daCLEO BAHIA","description":"Associa\u00e7\u00e3o dos Engenheiros da Petrobr\u00e1s N\u00facleo Bahia Petr\u00f3leo Bahia Salvador Nordeste ","publisher":{"@id":"https:\/\/aepetba.org.br\/v1\/#organization"},"potentialAction":[{"@type":"SearchAction","target":{"@type":"EntryPoint","urlTemplate":"https:\/\/aepetba.org.br\/v1\/?s={search_term_string}"},"query-input":"required name=search_term_string"}],"inLanguage":"pt-BR"},{"@type":"ImageObject","inLanguage":"pt-BR","@id":"https:\/\/aepetba.org.br\/v1\/caravana-da-democracia\/#primaryimage","url":"https:\/\/aepetba.org.br\/v1\/wp-content\/uploads\/2022\/11\/Materia-Caravana-da-democracia-petroleo-bahia-Aepet-ba.jpg","contentUrl":"https:\/\/aepetba.org.br\/v1\/wp-content\/uploads\/2022\/11\/Materia-Caravana-da-democracia-petroleo-bahia-Aepet-ba.jpg","width":1079,"height":932},{"@type":"WebPage","@id":"https:\/\/aepetba.org.br\/v1\/caravana-da-democracia\/","url":"https:\/\/aepetba.org.br\/v1\/caravana-da-democracia\/","name":"Caravana da democracia","isPartOf":{"@id":"https:\/\/aepetba.org.br\/v1\/#website"},"primaryImageOfPage":{"@id":"https:\/\/aepetba.org.br\/v1\/caravana-da-democracia\/#primaryimage"},"datePublished":"2022-11-25T14:09:53+00:00","dateModified":"2022-11-25T14:09:53+00:00","description":"Aten\u00e7\u00e3o associado. Tem interesse em participar da cerim\u00f4nia de posse de Lula, em Bras\u00edlia? A AEPET-BA est\u00e1 com uma oportunidade in\u00e9dita com vagas na caravana da democracia","breadcrumb":{"@id":"https:\/\/aepetba.org.br\/v1\/caravana-da-democracia\/#breadcrumb"},"inLanguage":"pt-BR","potentialAction":[{"@type":"ReadAction","target":["https:\/\/aepetba.org.br\/v1\/caravana-da-democracia\/"]}]},{"@type":"BreadcrumbList","@id":"https:\/\/aepetba.org.br\/v1\/caravana-da-democracia\/#breadcrumb","itemListElement":[{"@type":"ListItem","position":1,"name":"In\u00edcio","item":"https:\/\/aepetba.org.br\/v1\/"},{"@type":"ListItem","position":2,"name":"Caravana da democracia"}]},{"@type":"Article","@id":"https:\/\/aepetba.org.br\/v1\/caravana-da-democracia\/#article","isPartOf":{"@id":"https:\/\/aepetba.org.br\/v1\/caravana-da-democracia\/"},"author":{"name":"AEPETBA","@id":"https:\/\/aepetba.org.br\/v1\/#\/schema\/person\/3504208f89f3f50e1526867ebb573b88"},"headline":"Caravana da democracia","datePublished":"2022-11-25T14:09:53+00:00","dateModified":"2022-11-25T14:09:53+00:00","mainEntityOfPage":{"@id":"https:\/\/aepetba.org.br\/v1\/caravana-da-democracia\/"},"wordCount":534,"publisher":{"@id":"https:\/\/aepetba.org.br\/v1\/#organization"},"image":{"@id":"https:\/\/aepetba.org.br\/v1\/caravana-da-democracia\/#primaryimage"},"thumbnailUrl":"https:\/\/aepetba.org.br\/v1\/wp-content\/uploads\/2022\/11\/Materia-Caravana-da-democracia-petroleo-bahia-Aepet-ba.jpg","articleSection":["Coluna do Associado","Destaque","Not\u00edcias"],"inLanguage":"pt-BR"},{"@type":"Person","@id":"https:\/\/aepetba.org.br\/v1\/#\/schema\/person\/3504208f89f3f50e1526867ebb573b88","name":"AEPETBA","image":{"@type":"ImageObject","inLanguage":"pt-BR","@id":"https:\/\/aepetba.org.br\/v1\/#\/schema\/person\/image\/","url":"https:\/\/secure.gravatar.com\/avatar\/3e6e1bf98c38137fc6b937d21e974714?s=96&d=mm&r=g","contentUrl":"https:\/\/secure.gravatar.com\/avatar\/3e6e1bf98c38137fc6b937d21e974714?s=96&d=mm&r=g","caption":"AEPETBA"},"sameAs":["http:\/\/aepetba.org.br\/v1"],"url":"https:\/\/aepetba.org.br\/v1\/author\/lubconsultoria\/"}]}},"_links":{"self":[{"href":"https:\/\/aepetba.org.br\/v1\/wp-json\/wp\/v2\/posts\/39422"}],"collection":[{"href":"https:\/\/aepetba.org.br\/v1\/wp-json\/wp\/v2\/posts"}],"about":[{"href":"https:\/\/aepetba.org.br\/v1\/wp-json\/wp\/v2\/types\/post"}],"author":[{"embeddable":true,"href":"https:\/\/aepetba.org.br\/v1\/wp-json\/wp\/v2\/users\/1"}],"replies":[{"embeddable":true,"href":"https:\/\/aepetba.org.br\/v1\/wp-json\/wp\/v2\/comments?post=39422"}],"version-history":[{"count":2,"href":"https:\/\/aepetba.org.br\/v1\/wp-json\/wp\/v2\/posts\/39422\/revisions"}],"predecessor-version":[{"id":39426,"href":"https:\/\/aepetba.org.br\/v1\/wp-json\/wp\/v2\/posts\/39422\/revisions\/39426"}],"wp:featuredmedia":[{"embeddable":true,"href":"https:\/\/aepetba.org.br\/v1\/wp-json\/wp\/v2\/media\/39423"}],"wp:attachment":[{"href":"https:\/\/aepetba.org.br\/v1\/wp-json\/wp\/v2\/media?parent=39422"}],"wp:term":[{"taxonomy":"category","embeddable":true,"href":"https:\/\/aepetba.org.br\/v1\/wp-json\/wp\/v2\/categories?post=39422"},{"taxonomy":"post_tag","embeddable":true,"href":"https:\/\/aepetba.org.br\/v1\/wp-json\/wp\/v2\/tags?post=39422"}],"curies":[{"name":"wp","href":"https:\/\/api.w.org\/{rel}","templated":true}]}}