{"id":39483,"date":"2022-12-06T11:20:52","date_gmt":"2022-12-06T14:20:52","guid":{"rendered":"https:\/\/aepetba.org.br\/v1\/?p=39483"},"modified":"2022-12-06T11:20:52","modified_gmt":"2022-12-06T14:20:52","slug":"uso-de-mascaras-em-ambientes-fechados-volta-a-ser-obrigatorio-na-bahia","status":"publish","type":"post","link":"https:\/\/aepetba.org.br\/v1\/uso-de-mascaras-em-ambientes-fechados-volta-a-ser-obrigatorio-na-bahia\/","title":{"rendered":"Uso de m\u00e1scaras em ambientes fechados volta a ser obrigat\u00f3rio na Bahia"},"content":{"rendered":"<!--[if lt IE 9]><script>document.createElement('audio');<\/script><![endif]-->\n<audio class=\"wp-audio-shortcode\" id=\"audio-39483-1\" preload=\"none\" style=\"width: 100%;\" controls=\"controls\"><source type=\"audio\/ogg\" src=\"https:\/\/aepetba.org.br\/v1\/wp-content\/uploads\/2022\/12\/casos-de-covid-na-bahia.ogg?_=1\" \/><a href=\"https:\/\/aepetba.org.br\/v1\/wp-content\/uploads\/2022\/12\/casos-de-covid-na-bahia.ogg\">https:\/\/aepetba.org.br\/v1\/wp-content\/uploads\/2022\/12\/casos-de-covid-na-bahia.ogg<\/a><\/audio>\n<p>&nbsp;<\/p>\n<p style=\"text-align: justify;\">Diante do aumento significativo de casos positivos para a Covid-19, na Bahia, o uso de m\u00e1scaras voltou a ser obrigat\u00f3rio em transportes p\u00fablicos, tais como metr\u00f4, \u00f4nibus, lanchas e ferry boat, e seus respectivos locais de acesso como esta\u00e7\u00f5es de embarque; em sal\u00f5es de beleza e centros de est\u00e9tica; em bares, restaurantes, lanchonetes e demais estabelecimentos similares; em templos para atos religiosos lit\u00fargicos; em escolas e universidades; em ambientes fechados, tais como teatros, cinemas, museus, parques de exposi\u00e7\u00f5es e espa\u00e7os cong\u00eaneres.<\/p>\n<p style=\"text-align: justify;\">Em hospitais e demais unidades de sa\u00fade, como cl\u00ednicas, Unidades de Pronto-Atendimentos \u2013 UPAs e farm\u00e1cias continua a obrigatoriedade do uso de\u00a0m\u00e1scaras. Ainda como decis\u00e3o, fica suspensa a visita\u00e7\u00e3o social aos hospitais e demais unidades de sa\u00fade.<\/p>\n<p style=\"text-align: justify;\">O Decreto com as medidas foi publicado pelo governo estadual no dia 29\/11.<\/p>\n<p style=\"text-align: justify;\">Outra medida que voltou a vigorar \u00e9 a exig\u00eancia de comprova\u00e7\u00e3o de vacina\u00e7\u00e3o, mediante apresenta\u00e7\u00e3o do documento fornecido no momento da imuniza\u00e7\u00e3o ou do Certificado Covid, obtido atrav\u00e9s do aplicativo \u201cCONECT SUS\u201d, em eventos com venda de ingresso e nos demais com presen\u00e7a de p\u00fablico que contem com controle de acesso. A necessidade da demonstra\u00e7\u00e3o de vacina\u00e7\u00e3o \u00e9 v\u00e1lida tamb\u00e9m para o acesso a quaisquer pr\u00e9dios p\u00fablicos nos quais se situem \u00f3rg\u00e3os, entidades e unidades administrativas.<\/p>\n<p style=\"text-align: justify;\">Segundo a Secretaria da Sa\u00fade do Estado (Sesab), as medidas contidas no decreto visam reduzir o avan\u00e7o da Covid-19 no estado.<\/p>\n<p><strong>\u00a0<\/strong><\/p>\n<h2><strong>Aumento de infectados pela Covid<\/strong><\/h2>\n<p style=\"text-align: justify;\">Na Bahia, nas \u00faltimas 72 horas foram registrados, 3.297 casos de Covid-19 e duas mortes pela doen\u00e7a, conforme boletim divulgado pela Secretaria da Sa\u00fade do Estado da Bahia (Sesab), segunda-feira (5). Al\u00e9m disso, 7.694 casos est\u00e3o ativos.<\/p>\n<p style=\"text-align: justify;\">Dos 1.727.338 casos confirmados desde o in\u00edcio da pandemia, 1.688.765 s\u00e3o considerados recuperados e 30.879 morreram, mas a Sesab alerta que estes dados ainda podem sofrer altera\u00e7\u00f5es.<\/p>\n<p style=\"text-align: justify;\">Os dados apontam ainda os \u00edndices da ocupa\u00e7\u00e3o de leitos exclusivos para pacientes com a doen\u00e7a. Na Bahia, a taxa geral de ocupa\u00e7\u00e3o \u00e9 de 63%, e em Salvador de 73%. Os n\u00fameros dos profissionais da sa\u00fade infectados aumentam o alerta: 69.905 casos at\u00e9 ent\u00e3o.<\/p>\n<p style=\"text-align: justify;\">Contudo, vale ressaltar tamb\u00e9m a quantidade de pessoas que n\u00e3o se vacinaram em todo o estado. S\u00e3o mais de 70 mil pessoas sem a 1\u00aa dose e 283 mil com o fechamento do esquema de vacina\u00e7\u00e3o atrasado, na capital baiana<\/p>\n<p style=\"text-align: justify;\">A campanha de vacina\u00e7\u00e3o segue, assim como as doses de refor\u00e7o. Apesar da vacina ajudar a manter sintomas leves na maioria dos casos, e o n\u00famero de mortos pela doen\u00e7a ser extremamente menor ap\u00f3s a vacina\u00e7\u00e3o, os cuidados &#8211; sobretudo nesta \u00e9poca de festas &#8211; precisam ser redobrados.<\/p>\n<p style=\"text-align: justify;\">Por isso, a AEPET-BA pede para que as pessoas usem m\u00e1scara, \u00e1lcool em gel, lavem as m\u00e3os frequentemente e evitem as aglomera\u00e7\u00f5es.<\/p>\n<p>&nbsp;<\/p>\n<h2><strong>Conv\u00eanio com a Vitalmed<\/strong><\/h2>\n<p style=\"text-align: justify;\">Com o aumento dos casos de Covid, na Bahia, \u00e9 importante contar com apoio na \u00e1rea de sa\u00fade. Por isso, a AEPET-BA oferece conv\u00eanio com a Vitalmed. \u00c9 importante contar com um servi\u00e7o pr\u00e9-hospitalar de qualidade. Quando o estado de sa\u00fade do paciente requerer atendimento de emerg\u00eancia ou urg\u00eancia m\u00e9dica, ser\u00e1 enviada, de imediato, uma unidade m\u00f3vel para o local do ocorrido.<\/p>\n<p style=\"text-align: justify;\">E mais ainda quando os petroleiros sofrem com os custos cada vez mais elevados da AMS. Pensando nisso, a AEPET-BA fechou conv\u00eanio com a Vitalmed para seus associados e todos os seus familiares em qualquer grau de parentesco.<\/p>\n<p style=\"text-align: justify;\">O plano \u00e9 individual e para cada vida, a mensalidade, nos primeiros seis meses, \u00e9 R$ 45,00. \u00c9 o custo de um rem\u00e9dio, mas na Vitalmed, tem a disposi\u00e7\u00e3o uma variedade de servi\u00e7os m\u00e9dicos.<\/p>\n<p style=\"text-align: justify;\">Se for necess\u00e1rio, a Vitalmed faz a regula\u00e7\u00e3o para hospitais da rede particular e p\u00fablica. Enquanto a regula\u00e7\u00e3o n\u00e3o for liberada, o paciente vai ter toda a assist\u00eancia necess\u00e1ria, na unidade m\u00f3vel.<\/p>\n<p style=\"text-align: justify;\"><strong>Ainda tem alguma d\u00favida, ent\u00e3o utilize o e-mail vitalmed@aepetba.org.br ou os telefones (71) 3012-4172 e (71) 9 8356-8081 (WhatsApp).<\/strong><\/p>\n<p><a href=\"https:\/\/aepetba.org.br\/v1\/vitalmed\/\"><img loading=\"lazy\" class=\"alignnone size-full wp-image-38277\" src=\"https:\/\/aepetba.org.br\/v1\/wp-content\/uploads\/2022\/05\/banner-vitalmed-aepet-ba.gif\" alt=\"\" width=\"400\" height=\"100\" \/><\/a><\/p>\n","protected":false},"excerpt":{"rendered":"<p>&nbsp; Diante do aumento significativo de casos positivos para a Covid-19, na Bahia, o uso de m\u00e1scaras voltou a ser obrigat\u00f3rio em transportes p\u00fablicos, tais como metr\u00f4, \u00f4nibus, lanchas e ferry boat, e seus respectivos locais de acesso como esta\u00e7\u00f5es&#8230;<\/p>\n","protected":false},"author":1,"featured_media":39485,"comment_status":"closed","ping_status":"closed","sticky":false,"template":"","format":"standard","meta":[],"categories":[5,87,10],"tags":[],"yoast_head":"<!-- This site is optimized with the Yoast SEO plugin v19.3 - https:\/\/yoast.com\/wordpress\/plugins\/seo\/ -->\n<title>Uso de m\u00e1scaras em ambientes fechados volta a ser obrigat\u00f3rio na Bahia<\/title>\n<meta name=\"description\" content=\"Governo da Bahia retoma o uso obrigat\u00f3rio de m\u00e1scaras em alguns espa\u00e7os fechados, por causa do aumento de casos da Covid-19 e de interna\u00e7\u00f5es no estado.\" \/>\n<meta name=\"robots\" content=\"index, follow, max-snippet:-1, max-image-preview:large, max-video-preview:-1\" \/>\n<link rel=\"canonical\" href=\"https:\/\/aepetba.org.br\/v1\/uso-de-mascaras-em-ambientes-fechados-volta-a-ser-obrigatorio-na-bahia\/\" \/>\n<meta property=\"og:locale\" content=\"pt_BR\" \/>\n<meta property=\"og:type\" content=\"article\" \/>\n<meta property=\"og:title\" content=\"Uso de m\u00e1scaras em ambientes fechados volta a ser obrigat\u00f3rio na Bahia\" \/>\n<meta property=\"og:description\" content=\"Governo da Bahia retoma o uso obrigat\u00f3rio de m\u00e1scaras em alguns espa\u00e7os fechados, por causa do aumento de casos da Covid-19 e de interna\u00e7\u00f5es no estado.\" \/>\n<meta property=\"og:url\" content=\"https:\/\/aepetba.org.br\/v1\/uso-de-mascaras-em-ambientes-fechados-volta-a-ser-obrigatorio-na-bahia\/\" \/>\n<meta property=\"og:site_name\" content=\"AEPET N\u00daCLEO BAHIA\" \/>\n<meta property=\"article:publisher\" content=\"https:\/\/web.facebook.com\/aepetba\" \/>\n<meta property=\"article:published_time\" content=\"2022-12-06T14:20:52+00:00\" \/>\n<meta property=\"og:image\" content=\"https:\/\/aepetba.org.br\/v1\/wp-content\/uploads\/2022\/12\/Materia-Uso-de-mascaras-em-ambientes-fechados-volta-a-ser-obrigatorio-na-Bahia-petroleo-bahia-Aepet-ba.jpg\" \/>\n\t<meta property=\"og:image:width\" content=\"1080\" \/>\n\t<meta property=\"og:image:height\" content=\"932\" \/>\n\t<meta property=\"og:image:type\" content=\"image\/jpeg\" \/>\n<meta name=\"author\" content=\"AEPETBA\" \/>\n<meta name=\"twitter:card\" content=\"summary_large_image\" \/>\n<meta name=\"twitter:creator\" content=\"@aepetbahia\" \/>\n<meta name=\"twitter:site\" content=\"@aepetbahia\" \/>\n<meta name=\"twitter:label1\" content=\"Escrito por\" \/>\n\t<meta name=\"twitter:data1\" content=\"AEPETBA\" \/>\n\t<meta name=\"twitter:label2\" content=\"Est. tempo de leitura\" \/>\n\t<meta name=\"twitter:data2\" content=\"4 minutos\" \/>\n<script type=\"application\/ld+json\" class=\"yoast-schema-graph\">{\"@context\":\"https:\/\/schema.org\",\"@graph\":[{\"@type\":\"Organization\",\"@id\":\"https:\/\/aepetba.org.br\/v1\/#organization\",\"name\":\"AEPET N\u00facleo Bahia\",\"url\":\"https:\/\/aepetba.org.br\/v1\/\",\"sameAs\":[\"https:\/\/www.instagram.com\/aepetbahia\/\",\"https:\/\/www.youtube.com\/c\/AEPETBAHIA\",\"https:\/\/web.facebook.com\/aepetba\",\"https:\/\/twitter.com\/aepetbahia\"],\"logo\":{\"@type\":\"ImageObject\",\"inLanguage\":\"pt-BR\",\"@id\":\"https:\/\/aepetba.org.br\/v1\/#\/schema\/logo\/image\/\",\"url\":\"https:\/\/aepetba.org.br\/v1\/wp-content\/uploads\/revslider\/home\/logo-AEPETBA.png\",\"contentUrl\":\"https:\/\/aepetba.org.br\/v1\/wp-content\/uploads\/revslider\/home\/logo-AEPETBA.png\",\"width\":297,\"height\":86,\"caption\":\"AEPET N\u00facleo Bahia\"},\"image\":{\"@id\":\"https:\/\/aepetba.org.br\/v1\/#\/schema\/logo\/image\/\"}},{\"@type\":\"WebSite\",\"@id\":\"https:\/\/aepetba.org.br\/v1\/#website\",\"url\":\"https:\/\/aepetba.org.br\/v1\/\",\"name\":\"AEPET N\u00daCLEO BAHIA\",\"description\":\"Associa\u00e7\u00e3o dos Engenheiros da Petrobr\u00e1s N\u00facleo Bahia Petr\u00f3leo Bahia Salvador Nordeste \",\"publisher\":{\"@id\":\"https:\/\/aepetba.org.br\/v1\/#organization\"},\"potentialAction\":[{\"@type\":\"SearchAction\",\"target\":{\"@type\":\"EntryPoint\",\"urlTemplate\":\"https:\/\/aepetba.org.br\/v1\/?s={search_term_string}\"},\"query-input\":\"required name=search_term_string\"}],\"inLanguage\":\"pt-BR\"},{\"@type\":\"ImageObject\",\"inLanguage\":\"pt-BR\",\"@id\":\"https:\/\/aepetba.org.br\/v1\/uso-de-mascaras-em-ambientes-fechados-volta-a-ser-obrigatorio-na-bahia\/#primaryimage\",\"url\":\"https:\/\/aepetba.org.br\/v1\/wp-content\/uploads\/2022\/12\/Materia-Uso-de-mascaras-em-ambientes-fechados-volta-a-ser-obrigatorio-na-Bahia-petroleo-bahia-Aepet-ba.jpg\",\"contentUrl\":\"https:\/\/aepetba.org.br\/v1\/wp-content\/uploads\/2022\/12\/Materia-Uso-de-mascaras-em-ambientes-fechados-volta-a-ser-obrigatorio-na-Bahia-petroleo-bahia-Aepet-ba.jpg\",\"width\":1080,\"height\":932},{\"@type\":\"WebPage\",\"@id\":\"https:\/\/aepetba.org.br\/v1\/uso-de-mascaras-em-ambientes-fechados-volta-a-ser-obrigatorio-na-bahia\/\",\"url\":\"https:\/\/aepetba.org.br\/v1\/uso-de-mascaras-em-ambientes-fechados-volta-a-ser-obrigatorio-na-bahia\/\",\"name\":\"Uso de m\u00e1scaras em ambientes fechados volta a ser obrigat\u00f3rio na Bahia\",\"isPartOf\":{\"@id\":\"https:\/\/aepetba.org.br\/v1\/#website\"},\"primaryImageOfPage\":{\"@id\":\"https:\/\/aepetba.org.br\/v1\/uso-de-mascaras-em-ambientes-fechados-volta-a-ser-obrigatorio-na-bahia\/#primaryimage\"},\"datePublished\":\"2022-12-06T14:20:52+00:00\",\"dateModified\":\"2022-12-06T14:20:52+00:00\",\"description\":\"Governo da Bahia retoma o uso obrigat\u00f3rio de m\u00e1scaras em alguns espa\u00e7os fechados, por causa do aumento de casos da Covid-19 e de interna\u00e7\u00f5es no estado.\",\"breadcrumb\":{\"@id\":\"https:\/\/aepetba.org.br\/v1\/uso-de-mascaras-em-ambientes-fechados-volta-a-ser-obrigatorio-na-bahia\/#breadcrumb\"},\"inLanguage\":\"pt-BR\",\"potentialAction\":[{\"@type\":\"ReadAction\",\"target\":[\"https:\/\/aepetba.org.br\/v1\/uso-de-mascaras-em-ambientes-fechados-volta-a-ser-obrigatorio-na-bahia\/\"]}]},{\"@type\":\"BreadcrumbList\",\"@id\":\"https:\/\/aepetba.org.br\/v1\/uso-de-mascaras-em-ambientes-fechados-volta-a-ser-obrigatorio-na-bahia\/#breadcrumb\",\"itemListElement\":[{\"@type\":\"ListItem\",\"position\":1,\"name\":\"In\u00edcio\",\"item\":\"https:\/\/aepetba.org.br\/v1\/\"},{\"@type\":\"ListItem\",\"position\":2,\"name\":\"Uso de m\u00e1scaras em ambientes fechados volta a ser obrigat\u00f3rio na Bahia\"}]},{\"@type\":\"Article\",\"@id\":\"https:\/\/aepetba.org.br\/v1\/uso-de-mascaras-em-ambientes-fechados-volta-a-ser-obrigatorio-na-bahia\/#article\",\"isPartOf\":{\"@id\":\"https:\/\/aepetba.org.br\/v1\/uso-de-mascaras-em-ambientes-fechados-volta-a-ser-obrigatorio-na-bahia\/\"},\"author\":{\"name\":\"AEPETBA\",\"@id\":\"https:\/\/aepetba.org.br\/v1\/#\/schema\/person\/3504208f89f3f50e1526867ebb573b88\"},\"headline\":\"Uso de m\u00e1scaras em ambientes fechados volta a ser obrigat\u00f3rio na Bahia\",\"datePublished\":\"2022-12-06T14:20:52+00:00\",\"dateModified\":\"2022-12-06T14:20:52+00:00\",\"mainEntityOfPage\":{\"@id\":\"https:\/\/aepetba.org.br\/v1\/uso-de-mascaras-em-ambientes-fechados-volta-a-ser-obrigatorio-na-bahia\/\"},\"wordCount\":731,\"publisher\":{\"@id\":\"https:\/\/aepetba.org.br\/v1\/#organization\"},\"image\":{\"@id\":\"https:\/\/aepetba.org.br\/v1\/uso-de-mascaras-em-ambientes-fechados-volta-a-ser-obrigatorio-na-bahia\/#primaryimage\"},\"thumbnailUrl\":\"https:\/\/aepetba.org.br\/v1\/wp-content\/uploads\/2022\/12\/Materia-Uso-de-mascaras-em-ambientes-fechados-volta-a-ser-obrigatorio-na-Bahia-petroleo-bahia-Aepet-ba.jpg\",\"articleSection\":[\"Coluna do Associado\",\"Destaque\",\"Not\u00edcias\"],\"inLanguage\":\"pt-BR\"},{\"@type\":\"Person\",\"@id\":\"https:\/\/aepetba.org.br\/v1\/#\/schema\/person\/3504208f89f3f50e1526867ebb573b88\",\"name\":\"AEPETBA\",\"image\":{\"@type\":\"ImageObject\",\"inLanguage\":\"pt-BR\",\"@id\":\"https:\/\/aepetba.org.br\/v1\/#\/schema\/person\/image\/\",\"url\":\"https:\/\/secure.gravatar.com\/avatar\/3e6e1bf98c38137fc6b937d21e974714?s=96&d=mm&r=g\",\"contentUrl\":\"https:\/\/secure.gravatar.com\/avatar\/3e6e1bf98c38137fc6b937d21e974714?s=96&d=mm&r=g\",\"caption\":\"AEPETBA\"},\"sameAs\":[\"http:\/\/aepetba.org.br\/v1\"],\"url\":\"https:\/\/aepetba.org.br\/v1\/author\/lubconsultoria\/\"}]}<\/script>\n<!-- \/ Yoast SEO plugin. -->","yoast_head_json":{"title":"Uso de m\u00e1scaras em ambientes fechados volta a ser obrigat\u00f3rio na Bahia","description":"Governo da Bahia retoma o uso obrigat\u00f3rio de m\u00e1scaras em alguns espa\u00e7os fechados, por causa do aumento de casos da Covid-19 e de interna\u00e7\u00f5es no estado.","robots":{"index":"index","follow":"follow","max-snippet":"max-snippet:-1","max-image-preview":"max-image-preview:large","max-video-preview":"max-video-preview:-1"},"canonical":"https:\/\/aepetba.org.br\/v1\/uso-de-mascaras-em-ambientes-fechados-volta-a-ser-obrigatorio-na-bahia\/","og_locale":"pt_BR","og_type":"article","og_title":"Uso de m\u00e1scaras em ambientes fechados volta a ser obrigat\u00f3rio na Bahia","og_description":"Governo da Bahia retoma o uso obrigat\u00f3rio de m\u00e1scaras em alguns espa\u00e7os fechados, por causa do aumento de casos da Covid-19 e de interna\u00e7\u00f5es no estado.","og_url":"https:\/\/aepetba.org.br\/v1\/uso-de-mascaras-em-ambientes-fechados-volta-a-ser-obrigatorio-na-bahia\/","og_site_name":"AEPET N\u00daCLEO BAHIA","article_publisher":"https:\/\/web.facebook.com\/aepetba","article_published_time":"2022-12-06T14:20:52+00:00","og_image":[{"width":1080,"height":932,"url":"https:\/\/aepetba.org.br\/v1\/wp-content\/uploads\/2022\/12\/Materia-Uso-de-mascaras-em-ambientes-fechados-volta-a-ser-obrigatorio-na-Bahia-petroleo-bahia-Aepet-ba.jpg","type":"image\/jpeg"}],"author":"AEPETBA","twitter_card":"summary_large_image","twitter_creator":"@aepetbahia","twitter_site":"@aepetbahia","twitter_misc":{"Escrito por":"AEPETBA","Est. tempo de leitura":"4 minutos"},"schema":{"@context":"https:\/\/schema.org","@graph":[{"@type":"Organization","@id":"https:\/\/aepetba.org.br\/v1\/#organization","name":"AEPET N\u00facleo Bahia","url":"https:\/\/aepetba.org.br\/v1\/","sameAs":["https:\/\/www.instagram.com\/aepetbahia\/","https:\/\/www.youtube.com\/c\/AEPETBAHIA","https:\/\/web.facebook.com\/aepetba","https:\/\/twitter.com\/aepetbahia"],"logo":{"@type":"ImageObject","inLanguage":"pt-BR","@id":"https:\/\/aepetba.org.br\/v1\/#\/schema\/logo\/image\/","url":"https:\/\/aepetba.org.br\/v1\/wp-content\/uploads\/revslider\/home\/logo-AEPETBA.png","contentUrl":"https:\/\/aepetba.org.br\/v1\/wp-content\/uploads\/revslider\/home\/logo-AEPETBA.png","width":297,"height":86,"caption":"AEPET N\u00facleo Bahia"},"image":{"@id":"https:\/\/aepetba.org.br\/v1\/#\/schema\/logo\/image\/"}},{"@type":"WebSite","@id":"https:\/\/aepetba.org.br\/v1\/#website","url":"https:\/\/aepetba.org.br\/v1\/","name":"AEPET N\u00daCLEO BAHIA","description":"Associa\u00e7\u00e3o dos Engenheiros da Petrobr\u00e1s N\u00facleo Bahia Petr\u00f3leo Bahia Salvador Nordeste ","publisher":{"@id":"https:\/\/aepetba.org.br\/v1\/#organization"},"potentialAction":[{"@type":"SearchAction","target":{"@type":"EntryPoint","urlTemplate":"https:\/\/aepetba.org.br\/v1\/?s={search_term_string}"},"query-input":"required name=search_term_string"}],"inLanguage":"pt-BR"},{"@type":"ImageObject","inLanguage":"pt-BR","@id":"https:\/\/aepetba.org.br\/v1\/uso-de-mascaras-em-ambientes-fechados-volta-a-ser-obrigatorio-na-bahia\/#primaryimage","url":"https:\/\/aepetba.org.br\/v1\/wp-content\/uploads\/2022\/12\/Materia-Uso-de-mascaras-em-ambientes-fechados-volta-a-ser-obrigatorio-na-Bahia-petroleo-bahia-Aepet-ba.jpg","contentUrl":"https:\/\/aepetba.org.br\/v1\/wp-content\/uploads\/2022\/12\/Materia-Uso-de-mascaras-em-ambientes-fechados-volta-a-ser-obrigatorio-na-Bahia-petroleo-bahia-Aepet-ba.jpg","width":1080,"height":932},{"@type":"WebPage","@id":"https:\/\/aepetba.org.br\/v1\/uso-de-mascaras-em-ambientes-fechados-volta-a-ser-obrigatorio-na-bahia\/","url":"https:\/\/aepetba.org.br\/v1\/uso-de-mascaras-em-ambientes-fechados-volta-a-ser-obrigatorio-na-bahia\/","name":"Uso de m\u00e1scaras em ambientes fechados volta a ser obrigat\u00f3rio na Bahia","isPartOf":{"@id":"https:\/\/aepetba.org.br\/v1\/#website"},"primaryImageOfPage":{"@id":"https:\/\/aepetba.org.br\/v1\/uso-de-mascaras-em-ambientes-fechados-volta-a-ser-obrigatorio-na-bahia\/#primaryimage"},"datePublished":"2022-12-06T14:20:52+00:00","dateModified":"2022-12-06T14:20:52+00:00","description":"Governo da Bahia retoma o uso obrigat\u00f3rio de m\u00e1scaras em alguns espa\u00e7os fechados, por causa do aumento de casos da Covid-19 e de interna\u00e7\u00f5es no estado.","breadcrumb":{"@id":"https:\/\/aepetba.org.br\/v1\/uso-de-mascaras-em-ambientes-fechados-volta-a-ser-obrigatorio-na-bahia\/#breadcrumb"},"inLanguage":"pt-BR","potentialAction":[{"@type":"ReadAction","target":["https:\/\/aepetba.org.br\/v1\/uso-de-mascaras-em-ambientes-fechados-volta-a-ser-obrigatorio-na-bahia\/"]}]},{"@type":"BreadcrumbList","@id":"https:\/\/aepetba.org.br\/v1\/uso-de-mascaras-em-ambientes-fechados-volta-a-ser-obrigatorio-na-bahia\/#breadcrumb","itemListElement":[{"@type":"ListItem","position":1,"name":"In\u00edcio","item":"https:\/\/aepetba.org.br\/v1\/"},{"@type":"ListItem","position":2,"name":"Uso de m\u00e1scaras em ambientes fechados volta a ser obrigat\u00f3rio na Bahia"}]},{"@type":"Article","@id":"https:\/\/aepetba.org.br\/v1\/uso-de-mascaras-em-ambientes-fechados-volta-a-ser-obrigatorio-na-bahia\/#article","isPartOf":{"@id":"https:\/\/aepetba.org.br\/v1\/uso-de-mascaras-em-ambientes-fechados-volta-a-ser-obrigatorio-na-bahia\/"},"author":{"name":"AEPETBA","@id":"https:\/\/aepetba.org.br\/v1\/#\/schema\/person\/3504208f89f3f50e1526867ebb573b88"},"headline":"Uso de m\u00e1scaras em ambientes fechados volta a ser obrigat\u00f3rio na Bahia","datePublished":"2022-12-06T14:20:52+00:00","dateModified":"2022-12-06T14:20:52+00:00","mainEntityOfPage":{"@id":"https:\/\/aepetba.org.br\/v1\/uso-de-mascaras-em-ambientes-fechados-volta-a-ser-obrigatorio-na-bahia\/"},"wordCount":731,"publisher":{"@id":"https:\/\/aepetba.org.br\/v1\/#organization"},"image":{"@id":"https:\/\/aepetba.org.br\/v1\/uso-de-mascaras-em-ambientes-fechados-volta-a-ser-obrigatorio-na-bahia\/#primaryimage"},"thumbnailUrl":"https:\/\/aepetba.org.br\/v1\/wp-content\/uploads\/2022\/12\/Materia-Uso-de-mascaras-em-ambientes-fechados-volta-a-ser-obrigatorio-na-Bahia-petroleo-bahia-Aepet-ba.jpg","articleSection":["Coluna do Associado","Destaque","Not\u00edcias"],"inLanguage":"pt-BR"},{"@type":"Person","@id":"https:\/\/aepetba.org.br\/v1\/#\/schema\/person\/3504208f89f3f50e1526867ebb573b88","name":"AEPETBA","image":{"@type":"ImageObject","inLanguage":"pt-BR","@id":"https:\/\/aepetba.org.br\/v1\/#\/schema\/person\/image\/","url":"https:\/\/secure.gravatar.com\/avatar\/3e6e1bf98c38137fc6b937d21e974714?s=96&d=mm&r=g","contentUrl":"https:\/\/secure.gravatar.com\/avatar\/3e6e1bf98c38137fc6b937d21e974714?s=96&d=mm&r=g","caption":"AEPETBA"},"sameAs":["http:\/\/aepetba.org.br\/v1"],"url":"https:\/\/aepetba.org.br\/v1\/author\/lubconsultoria\/"}]}},"_links":{"self":[{"href":"https:\/\/aepetba.org.br\/v1\/wp-json\/wp\/v2\/posts\/39483"}],"collection":[{"href":"https:\/\/aepetba.org.br\/v1\/wp-json\/wp\/v2\/posts"}],"about":[{"href":"https:\/\/aepetba.org.br\/v1\/wp-json\/wp\/v2\/types\/post"}],"author":[{"embeddable":true,"href":"https:\/\/aepetba.org.br\/v1\/wp-json\/wp\/v2\/users\/1"}],"replies":[{"embeddable":true,"href":"https:\/\/aepetba.org.br\/v1\/wp-json\/wp\/v2\/comments?post=39483"}],"version-history":[{"count":1,"href":"https:\/\/aepetba.org.br\/v1\/wp-json\/wp\/v2\/posts\/39483\/revisions"}],"predecessor-version":[{"id":39487,"href":"https:\/\/aepetba.org.br\/v1\/wp-json\/wp\/v2\/posts\/39483\/revisions\/39487"}],"wp:featuredmedia":[{"embeddable":true,"href":"https:\/\/aepetba.org.br\/v1\/wp-json\/wp\/v2\/media\/39485"}],"wp:attachment":[{"href":"https:\/\/aepetba.org.br\/v1\/wp-json\/wp\/v2\/media?parent=39483"}],"wp:term":[{"taxonomy":"category","embeddable":true,"href":"https:\/\/aepetba.org.br\/v1\/wp-json\/wp\/v2\/categories?post=39483"},{"taxonomy":"post_tag","embeddable":true,"href":"https:\/\/aepetba.org.br\/v1\/wp-json\/wp\/v2\/tags?post=39483"}],"curies":[{"name":"wp","href":"https:\/\/api.w.org\/{rel}","templated":true}]}}