{"id":39577,"date":"2022-12-26T08:40:35","date_gmt":"2022-12-26T11:40:35","guid":{"rendered":"https:\/\/aepetba.org.br\/v1\/?p=39577"},"modified":"2022-12-22T16:15:10","modified_gmt":"2022-12-22T19:15:10","slug":"agua-e-reestatizada-em-portugal-e-tarifa-cai-ate-60","status":"publish","type":"post","link":"https:\/\/aepetba.org.br\/v1\/agua-e-reestatizada-em-portugal-e-tarifa-cai-ate-60\/","title":{"rendered":"\u00c1gua \u00e9 reestatizada em Portugal e tarifa cai at\u00e9 60%"},"content":{"rendered":"<!--[if lt IE 9]><script>document.createElement('audio');<\/script><![endif]-->\n<audio class=\"wp-audio-shortcode\" id=\"audio-39577-1\" preload=\"none\" style=\"width: 100%;\" controls=\"controls\"><source type=\"audio\/ogg\" src=\"https:\/\/aepetba.org.br\/v1\/wp-content\/uploads\/2022\/12\/agua-e-restatizada-em-postugal.ogg?_=1\" \/><a href=\"https:\/\/aepetba.org.br\/v1\/wp-content\/uploads\/2022\/12\/agua-e-restatizada-em-postugal.ogg\">https:\/\/aepetba.org.br\/v1\/wp-content\/uploads\/2022\/12\/agua-e-restatizada-em-postugal.ogg<\/a><\/audio>\n<p>&nbsp;<\/p>\n<p style=\"text-align: justify;\">25 anos depois da privatiza\u00e7\u00e3o, a \u00e1gua em Set\u00fabal voltou a ser de todos e redu\u00e7\u00e3o dos pre\u00e7os para os consumidores \u00e9 na ordem dos 20% e 60% para as tarifas sociais.<\/p>\n<p style=\"text-align: justify;\">Foi uma das principais promessas da campanha de Andr\u00e9 Martins (CDU), atual presidente da C\u00e2mara Municipal de Set\u00fabal (CMS) para as aut\u00e1rquicas de 2021, recuperar a gest\u00e3o dos servi\u00e7os de \u00e1gua e saneamento para o munic\u00edpio e baixar, significativamente, as tarifas pagas pelos habitantes do conselho. Em 18 de Dezembro de 2022, as palavras passaram aos atos.<\/p>\n<p style=\"text-align: justify;\">Para o concretizar, a autarquia reativou os Servi\u00e7os Municipalizados de Set\u00fabal (SMS), estrutura de explora\u00e7\u00e3o do abastecimento e saneamento de \u00e1gua que foi entregue aos privados na concess\u00e3o realizada em 1997, explicam em comunicado.<\/p>\n<p style=\"text-align: justify;\">Esta transi\u00e7\u00e3o n\u00e3o implica qualquer a\u00e7\u00e3o por parte dos consumidores, como a realiza\u00e7\u00e3o de novos contratos ou a actualiza\u00e7\u00e3o de dados ou de m\u00e9todos de pagamentos: \u00abas pr\u00f3prias faturas continuam a ser remetidas por correio eletr\u00f4nico ou postal, mediante as op\u00e7\u00f5es que j\u00e1 se encontravam em pr\u00e1tica\u00bb.<\/p>\n<p style=\"text-align: justify;\">Redu\u00e7\u00e3o dos pre\u00e7os para os consumidores na ordem dos 20%. 60% para as tarifas sociais.<\/p>\n<p style=\"text-align: justify;\">\u00abO tarif\u00e1rio j\u00e1 aprovado pela C\u00e2mara Municipal, para 2023, introduz pre\u00e7os mais baixos em todos os escal\u00f5es das faturas de consumo dom\u00e9stico, com a autarquia a estimar que, face aos pre\u00e7os praticados at\u00e9 agora\u00bb pela empresa privada, nos tr\u00eas n\u00edveis de consumo: um consumo at\u00e9 cinco metros c\u00fabicos tem uma redu\u00e7\u00e3o de pre\u00e7o de 21%, dez metros c\u00fabicos na ordem dos 18% e 20 metros c\u00fabicos de 20%. Os tr\u00eas escal\u00f5es abrangem cerca de 90% dos consumidores de Set\u00fabal.<\/p>\n<p style=\"text-align: justify;\">Caso a autarquia tivesse optado por manter a concess\u00e3o aos privados, estava estimado um aumento dos pre\u00e7os, em todos os escal\u00f5es, na ordem dos 10%, comprovando as vantagens da gest\u00e3o p\u00fablica deste recurso.<\/p>\n<p style=\"text-align: justify;\">A introdu\u00e7\u00e3o, por op\u00e7\u00e3o do executivo CDU, de uma tarifa social vai ainda beneficiar cerca de oito mil utilizadores: num n\u00edvel de consumo de 10 metros c\u00fabicos, estas pessoas e fam\u00edlias ter\u00e3o uma descida na fatura muito significativa, de 59%.<\/p>\n<p>Fonte: Abril a abril<\/p>\n","protected":false},"excerpt":{"rendered":"<p>&nbsp; 25 anos depois da privatiza\u00e7\u00e3o, a \u00e1gua em Set\u00fabal voltou a ser de todos e redu\u00e7\u00e3o dos pre\u00e7os para os consumidores \u00e9 na ordem dos 20% e 60% para as tarifas sociais. Foi uma das principais promessas da campanha&#8230;<\/p>\n","protected":false},"author":1,"featured_media":39578,"comment_status":"closed","ping_status":"closed","sticky":false,"template":"","format":"standard","meta":[],"categories":[87,10],"tags":[],"yoast_head":"<!-- This site is optimized with the Yoast SEO plugin v19.3 - https:\/\/yoast.com\/wordpress\/plugins\/seo\/ -->\n<title>\u00c1gua \u00e9 reestatizada em Portugal e tarifa cai at\u00e9 60%<\/title>\n<meta name=\"description\" content=\"Em Portugal a \u00e1gua \u00e9 reestatizada e tarifa cai 60%\" \/>\n<meta name=\"robots\" content=\"index, follow, max-snippet:-1, max-image-preview:large, max-video-preview:-1\" \/>\n<link rel=\"canonical\" href=\"https:\/\/aepetba.org.br\/v1\/agua-e-reestatizada-em-portugal-e-tarifa-cai-ate-60\/\" \/>\n<meta property=\"og:locale\" content=\"pt_BR\" \/>\n<meta property=\"og:type\" content=\"article\" \/>\n<meta property=\"og:title\" content=\"\u00c1gua \u00e9 reestatizada em Portugal e tarifa cai at\u00e9 60%\" \/>\n<meta property=\"og:description\" content=\"Em Portugal a \u00e1gua \u00e9 reestatizada e tarifa cai 60%\" \/>\n<meta property=\"og:url\" content=\"https:\/\/aepetba.org.br\/v1\/agua-e-reestatizada-em-portugal-e-tarifa-cai-ate-60\/\" \/>\n<meta property=\"og:site_name\" content=\"AEPET N\u00daCLEO BAHIA\" \/>\n<meta property=\"article:publisher\" content=\"https:\/\/web.facebook.com\/aepetba\" \/>\n<meta property=\"article:published_time\" content=\"2022-12-26T11:40:35+00:00\" \/>\n<meta property=\"article:modified_time\" content=\"2022-12-22T19:15:10+00:00\" \/>\n<meta property=\"og:image\" content=\"https:\/\/aepetba.org.br\/v1\/wp-content\/uploads\/2022\/12\/Materia-Agua-e-reestatizada-em-Portugal-e-tarifa-cai-ate-60-petroleo-bahia-Aepet-ba.jpg\" \/>\n\t<meta property=\"og:image:width\" content=\"1080\" \/>\n\t<meta property=\"og:image:height\" content=\"936\" \/>\n\t<meta property=\"og:image:type\" content=\"image\/jpeg\" \/>\n<meta name=\"author\" content=\"AEPETBA\" \/>\n<meta name=\"twitter:card\" content=\"summary_large_image\" \/>\n<meta name=\"twitter:creator\" content=\"@aepetbahia\" \/>\n<meta name=\"twitter:site\" content=\"@aepetbahia\" \/>\n<meta name=\"twitter:label1\" content=\"Escrito por\" \/>\n\t<meta name=\"twitter:data1\" content=\"AEPETBA\" \/>\n\t<meta name=\"twitter:label2\" content=\"Est. tempo de leitura\" \/>\n\t<meta name=\"twitter:data2\" content=\"2 minutos\" \/>\n<script type=\"application\/ld+json\" class=\"yoast-schema-graph\">{\"@context\":\"https:\/\/schema.org\",\"@graph\":[{\"@type\":\"Organization\",\"@id\":\"https:\/\/aepetba.org.br\/v1\/#organization\",\"name\":\"AEPET N\u00facleo Bahia\",\"url\":\"https:\/\/aepetba.org.br\/v1\/\",\"sameAs\":[\"https:\/\/www.instagram.com\/aepetbahia\/\",\"https:\/\/www.youtube.com\/c\/AEPETBAHIA\",\"https:\/\/web.facebook.com\/aepetba\",\"https:\/\/twitter.com\/aepetbahia\"],\"logo\":{\"@type\":\"ImageObject\",\"inLanguage\":\"pt-BR\",\"@id\":\"https:\/\/aepetba.org.br\/v1\/#\/schema\/logo\/image\/\",\"url\":\"https:\/\/aepetba.org.br\/v1\/wp-content\/uploads\/revslider\/home\/logo-AEPETBA.png\",\"contentUrl\":\"https:\/\/aepetba.org.br\/v1\/wp-content\/uploads\/revslider\/home\/logo-AEPETBA.png\",\"width\":297,\"height\":86,\"caption\":\"AEPET N\u00facleo Bahia\"},\"image\":{\"@id\":\"https:\/\/aepetba.org.br\/v1\/#\/schema\/logo\/image\/\"}},{\"@type\":\"WebSite\",\"@id\":\"https:\/\/aepetba.org.br\/v1\/#website\",\"url\":\"https:\/\/aepetba.org.br\/v1\/\",\"name\":\"AEPET N\u00daCLEO BAHIA\",\"description\":\"Associa\u00e7\u00e3o dos Engenheiros da Petrobr\u00e1s N\u00facleo Bahia Petr\u00f3leo Bahia Salvador Nordeste \",\"publisher\":{\"@id\":\"https:\/\/aepetba.org.br\/v1\/#organization\"},\"potentialAction\":[{\"@type\":\"SearchAction\",\"target\":{\"@type\":\"EntryPoint\",\"urlTemplate\":\"https:\/\/aepetba.org.br\/v1\/?s={search_term_string}\"},\"query-input\":\"required name=search_term_string\"}],\"inLanguage\":\"pt-BR\"},{\"@type\":\"ImageObject\",\"inLanguage\":\"pt-BR\",\"@id\":\"https:\/\/aepetba.org.br\/v1\/agua-e-reestatizada-em-portugal-e-tarifa-cai-ate-60\/#primaryimage\",\"url\":\"https:\/\/aepetba.org.br\/v1\/wp-content\/uploads\/2022\/12\/Materia-Agua-e-reestatizada-em-Portugal-e-tarifa-cai-ate-60-petroleo-bahia-Aepet-ba.jpg\",\"contentUrl\":\"https:\/\/aepetba.org.br\/v1\/wp-content\/uploads\/2022\/12\/Materia-Agua-e-reestatizada-em-Portugal-e-tarifa-cai-ate-60-petroleo-bahia-Aepet-ba.jpg\",\"width\":1080,\"height\":936},{\"@type\":\"WebPage\",\"@id\":\"https:\/\/aepetba.org.br\/v1\/agua-e-reestatizada-em-portugal-e-tarifa-cai-ate-60\/\",\"url\":\"https:\/\/aepetba.org.br\/v1\/agua-e-reestatizada-em-portugal-e-tarifa-cai-ate-60\/\",\"name\":\"\u00c1gua \u00e9 reestatizada em Portugal e tarifa cai at\u00e9 60%\",\"isPartOf\":{\"@id\":\"https:\/\/aepetba.org.br\/v1\/#website\"},\"primaryImageOfPage\":{\"@id\":\"https:\/\/aepetba.org.br\/v1\/agua-e-reestatizada-em-portugal-e-tarifa-cai-ate-60\/#primaryimage\"},\"datePublished\":\"2022-12-26T11:40:35+00:00\",\"dateModified\":\"2022-12-22T19:15:10+00:00\",\"description\":\"Em Portugal a \u00e1gua \u00e9 reestatizada e tarifa cai 60%\",\"breadcrumb\":{\"@id\":\"https:\/\/aepetba.org.br\/v1\/agua-e-reestatizada-em-portugal-e-tarifa-cai-ate-60\/#breadcrumb\"},\"inLanguage\":\"pt-BR\",\"potentialAction\":[{\"@type\":\"ReadAction\",\"target\":[\"https:\/\/aepetba.org.br\/v1\/agua-e-reestatizada-em-portugal-e-tarifa-cai-ate-60\/\"]}]},{\"@type\":\"BreadcrumbList\",\"@id\":\"https:\/\/aepetba.org.br\/v1\/agua-e-reestatizada-em-portugal-e-tarifa-cai-ate-60\/#breadcrumb\",\"itemListElement\":[{\"@type\":\"ListItem\",\"position\":1,\"name\":\"In\u00edcio\",\"item\":\"https:\/\/aepetba.org.br\/v1\/\"},{\"@type\":\"ListItem\",\"position\":2,\"name\":\"\u00c1gua \u00e9 reestatizada em Portugal e tarifa cai at\u00e9 60%\"}]},{\"@type\":\"Article\",\"@id\":\"https:\/\/aepetba.org.br\/v1\/agua-e-reestatizada-em-portugal-e-tarifa-cai-ate-60\/#article\",\"isPartOf\":{\"@id\":\"https:\/\/aepetba.org.br\/v1\/agua-e-reestatizada-em-portugal-e-tarifa-cai-ate-60\/\"},\"author\":{\"name\":\"AEPETBA\",\"@id\":\"https:\/\/aepetba.org.br\/v1\/#\/schema\/person\/3504208f89f3f50e1526867ebb573b88\"},\"headline\":\"\u00c1gua \u00e9 reestatizada em Portugal e tarifa cai at\u00e9 60%\",\"datePublished\":\"2022-12-26T11:40:35+00:00\",\"dateModified\":\"2022-12-22T19:15:10+00:00\",\"mainEntityOfPage\":{\"@id\":\"https:\/\/aepetba.org.br\/v1\/agua-e-reestatizada-em-portugal-e-tarifa-cai-ate-60\/\"},\"wordCount\":396,\"publisher\":{\"@id\":\"https:\/\/aepetba.org.br\/v1\/#organization\"},\"image\":{\"@id\":\"https:\/\/aepetba.org.br\/v1\/agua-e-reestatizada-em-portugal-e-tarifa-cai-ate-60\/#primaryimage\"},\"thumbnailUrl\":\"https:\/\/aepetba.org.br\/v1\/wp-content\/uploads\/2022\/12\/Materia-Agua-e-reestatizada-em-Portugal-e-tarifa-cai-ate-60-petroleo-bahia-Aepet-ba.jpg\",\"articleSection\":[\"Destaque\",\"Not\u00edcias\"],\"inLanguage\":\"pt-BR\"},{\"@type\":\"Person\",\"@id\":\"https:\/\/aepetba.org.br\/v1\/#\/schema\/person\/3504208f89f3f50e1526867ebb573b88\",\"name\":\"AEPETBA\",\"image\":{\"@type\":\"ImageObject\",\"inLanguage\":\"pt-BR\",\"@id\":\"https:\/\/aepetba.org.br\/v1\/#\/schema\/person\/image\/\",\"url\":\"https:\/\/secure.gravatar.com\/avatar\/3e6e1bf98c38137fc6b937d21e974714?s=96&d=mm&r=g\",\"contentUrl\":\"https:\/\/secure.gravatar.com\/avatar\/3e6e1bf98c38137fc6b937d21e974714?s=96&d=mm&r=g\",\"caption\":\"AEPETBA\"},\"sameAs\":[\"http:\/\/aepetba.org.br\/v1\"],\"url\":\"https:\/\/aepetba.org.br\/v1\/author\/lubconsultoria\/\"}]}<\/script>\n<!-- \/ Yoast SEO plugin. -->","yoast_head_json":{"title":"\u00c1gua \u00e9 reestatizada em Portugal e tarifa cai at\u00e9 60%","description":"Em Portugal a \u00e1gua \u00e9 reestatizada e tarifa cai 60%","robots":{"index":"index","follow":"follow","max-snippet":"max-snippet:-1","max-image-preview":"max-image-preview:large","max-video-preview":"max-video-preview:-1"},"canonical":"https:\/\/aepetba.org.br\/v1\/agua-e-reestatizada-em-portugal-e-tarifa-cai-ate-60\/","og_locale":"pt_BR","og_type":"article","og_title":"\u00c1gua \u00e9 reestatizada em Portugal e tarifa cai at\u00e9 60%","og_description":"Em Portugal a \u00e1gua \u00e9 reestatizada e tarifa cai 60%","og_url":"https:\/\/aepetba.org.br\/v1\/agua-e-reestatizada-em-portugal-e-tarifa-cai-ate-60\/","og_site_name":"AEPET N\u00daCLEO BAHIA","article_publisher":"https:\/\/web.facebook.com\/aepetba","article_published_time":"2022-12-26T11:40:35+00:00","article_modified_time":"2022-12-22T19:15:10+00:00","og_image":[{"width":1080,"height":936,"url":"https:\/\/aepetba.org.br\/v1\/wp-content\/uploads\/2022\/12\/Materia-Agua-e-reestatizada-em-Portugal-e-tarifa-cai-ate-60-petroleo-bahia-Aepet-ba.jpg","type":"image\/jpeg"}],"author":"AEPETBA","twitter_card":"summary_large_image","twitter_creator":"@aepetbahia","twitter_site":"@aepetbahia","twitter_misc":{"Escrito por":"AEPETBA","Est. tempo de leitura":"2 minutos"},"schema":{"@context":"https:\/\/schema.org","@graph":[{"@type":"Organization","@id":"https:\/\/aepetba.org.br\/v1\/#organization","name":"AEPET N\u00facleo Bahia","url":"https:\/\/aepetba.org.br\/v1\/","sameAs":["https:\/\/www.instagram.com\/aepetbahia\/","https:\/\/www.youtube.com\/c\/AEPETBAHIA","https:\/\/web.facebook.com\/aepetba","https:\/\/twitter.com\/aepetbahia"],"logo":{"@type":"ImageObject","inLanguage":"pt-BR","@id":"https:\/\/aepetba.org.br\/v1\/#\/schema\/logo\/image\/","url":"https:\/\/aepetba.org.br\/v1\/wp-content\/uploads\/revslider\/home\/logo-AEPETBA.png","contentUrl":"https:\/\/aepetba.org.br\/v1\/wp-content\/uploads\/revslider\/home\/logo-AEPETBA.png","width":297,"height":86,"caption":"AEPET N\u00facleo Bahia"},"image":{"@id":"https:\/\/aepetba.org.br\/v1\/#\/schema\/logo\/image\/"}},{"@type":"WebSite","@id":"https:\/\/aepetba.org.br\/v1\/#website","url":"https:\/\/aepetba.org.br\/v1\/","name":"AEPET N\u00daCLEO BAHIA","description":"Associa\u00e7\u00e3o dos Engenheiros da Petrobr\u00e1s N\u00facleo Bahia Petr\u00f3leo Bahia Salvador Nordeste ","publisher":{"@id":"https:\/\/aepetba.org.br\/v1\/#organization"},"potentialAction":[{"@type":"SearchAction","target":{"@type":"EntryPoint","urlTemplate":"https:\/\/aepetba.org.br\/v1\/?s={search_term_string}"},"query-input":"required name=search_term_string"}],"inLanguage":"pt-BR"},{"@type":"ImageObject","inLanguage":"pt-BR","@id":"https:\/\/aepetba.org.br\/v1\/agua-e-reestatizada-em-portugal-e-tarifa-cai-ate-60\/#primaryimage","url":"https:\/\/aepetba.org.br\/v1\/wp-content\/uploads\/2022\/12\/Materia-Agua-e-reestatizada-em-Portugal-e-tarifa-cai-ate-60-petroleo-bahia-Aepet-ba.jpg","contentUrl":"https:\/\/aepetba.org.br\/v1\/wp-content\/uploads\/2022\/12\/Materia-Agua-e-reestatizada-em-Portugal-e-tarifa-cai-ate-60-petroleo-bahia-Aepet-ba.jpg","width":1080,"height":936},{"@type":"WebPage","@id":"https:\/\/aepetba.org.br\/v1\/agua-e-reestatizada-em-portugal-e-tarifa-cai-ate-60\/","url":"https:\/\/aepetba.org.br\/v1\/agua-e-reestatizada-em-portugal-e-tarifa-cai-ate-60\/","name":"\u00c1gua \u00e9 reestatizada em Portugal e tarifa cai at\u00e9 60%","isPartOf":{"@id":"https:\/\/aepetba.org.br\/v1\/#website"},"primaryImageOfPage":{"@id":"https:\/\/aepetba.org.br\/v1\/agua-e-reestatizada-em-portugal-e-tarifa-cai-ate-60\/#primaryimage"},"datePublished":"2022-12-26T11:40:35+00:00","dateModified":"2022-12-22T19:15:10+00:00","description":"Em Portugal a \u00e1gua \u00e9 reestatizada e tarifa cai 60%","breadcrumb":{"@id":"https:\/\/aepetba.org.br\/v1\/agua-e-reestatizada-em-portugal-e-tarifa-cai-ate-60\/#breadcrumb"},"inLanguage":"pt-BR","potentialAction":[{"@type":"ReadAction","target":["https:\/\/aepetba.org.br\/v1\/agua-e-reestatizada-em-portugal-e-tarifa-cai-ate-60\/"]}]},{"@type":"BreadcrumbList","@id":"https:\/\/aepetba.org.br\/v1\/agua-e-reestatizada-em-portugal-e-tarifa-cai-ate-60\/#breadcrumb","itemListElement":[{"@type":"ListItem","position":1,"name":"In\u00edcio","item":"https:\/\/aepetba.org.br\/v1\/"},{"@type":"ListItem","position":2,"name":"\u00c1gua \u00e9 reestatizada em Portugal e tarifa cai at\u00e9 60%"}]},{"@type":"Article","@id":"https:\/\/aepetba.org.br\/v1\/agua-e-reestatizada-em-portugal-e-tarifa-cai-ate-60\/#article","isPartOf":{"@id":"https:\/\/aepetba.org.br\/v1\/agua-e-reestatizada-em-portugal-e-tarifa-cai-ate-60\/"},"author":{"name":"AEPETBA","@id":"https:\/\/aepetba.org.br\/v1\/#\/schema\/person\/3504208f89f3f50e1526867ebb573b88"},"headline":"\u00c1gua \u00e9 reestatizada em Portugal e tarifa cai at\u00e9 60%","datePublished":"2022-12-26T11:40:35+00:00","dateModified":"2022-12-22T19:15:10+00:00","mainEntityOfPage":{"@id":"https:\/\/aepetba.org.br\/v1\/agua-e-reestatizada-em-portugal-e-tarifa-cai-ate-60\/"},"wordCount":396,"publisher":{"@id":"https:\/\/aepetba.org.br\/v1\/#organization"},"image":{"@id":"https:\/\/aepetba.org.br\/v1\/agua-e-reestatizada-em-portugal-e-tarifa-cai-ate-60\/#primaryimage"},"thumbnailUrl":"https:\/\/aepetba.org.br\/v1\/wp-content\/uploads\/2022\/12\/Materia-Agua-e-reestatizada-em-Portugal-e-tarifa-cai-ate-60-petroleo-bahia-Aepet-ba.jpg","articleSection":["Destaque","Not\u00edcias"],"inLanguage":"pt-BR"},{"@type":"Person","@id":"https:\/\/aepetba.org.br\/v1\/#\/schema\/person\/3504208f89f3f50e1526867ebb573b88","name":"AEPETBA","image":{"@type":"ImageObject","inLanguage":"pt-BR","@id":"https:\/\/aepetba.org.br\/v1\/#\/schema\/person\/image\/","url":"https:\/\/secure.gravatar.com\/avatar\/3e6e1bf98c38137fc6b937d21e974714?s=96&d=mm&r=g","contentUrl":"https:\/\/secure.gravatar.com\/avatar\/3e6e1bf98c38137fc6b937d21e974714?s=96&d=mm&r=g","caption":"AEPETBA"},"sameAs":["http:\/\/aepetba.org.br\/v1"],"url":"https:\/\/aepetba.org.br\/v1\/author\/lubconsultoria\/"}]}},"_links":{"self":[{"href":"https:\/\/aepetba.org.br\/v1\/wp-json\/wp\/v2\/posts\/39577"}],"collection":[{"href":"https:\/\/aepetba.org.br\/v1\/wp-json\/wp\/v2\/posts"}],"about":[{"href":"https:\/\/aepetba.org.br\/v1\/wp-json\/wp\/v2\/types\/post"}],"author":[{"embeddable":true,"href":"https:\/\/aepetba.org.br\/v1\/wp-json\/wp\/v2\/users\/1"}],"replies":[{"embeddable":true,"href":"https:\/\/aepetba.org.br\/v1\/wp-json\/wp\/v2\/comments?post=39577"}],"version-history":[{"count":1,"href":"https:\/\/aepetba.org.br\/v1\/wp-json\/wp\/v2\/posts\/39577\/revisions"}],"predecessor-version":[{"id":39580,"href":"https:\/\/aepetba.org.br\/v1\/wp-json\/wp\/v2\/posts\/39577\/revisions\/39580"}],"wp:featuredmedia":[{"embeddable":true,"href":"https:\/\/aepetba.org.br\/v1\/wp-json\/wp\/v2\/media\/39578"}],"wp:attachment":[{"href":"https:\/\/aepetba.org.br\/v1\/wp-json\/wp\/v2\/media?parent=39577"}],"wp:term":[{"taxonomy":"category","embeddable":true,"href":"https:\/\/aepetba.org.br\/v1\/wp-json\/wp\/v2\/categories?post=39577"},{"taxonomy":"post_tag","embeddable":true,"href":"https:\/\/aepetba.org.br\/v1\/wp-json\/wp\/v2\/tags?post=39577"}],"curies":[{"name":"wp","href":"https:\/\/api.w.org\/{rel}","templated":true}]}}