{"id":39607,"date":"2022-12-27T10:07:22","date_gmt":"2022-12-27T13:07:22","guid":{"rendered":"https:\/\/aepetba.org.br\/v1\/?p=39607"},"modified":"2022-12-27T12:27:07","modified_gmt":"2022-12-27T15:27:07","slug":"aepet-ba-ve-com-ceticismo-a-indicacao-do-senador-jean-paul-prates-para-presidente-da-petrobras","status":"publish","type":"post","link":"https:\/\/aepetba.org.br\/v1\/aepet-ba-ve-com-ceticismo-a-indicacao-do-senador-jean-paul-prates-para-presidente-da-petrobras\/","title":{"rendered":"AEPET-BA v\u00ea com ceticismo a indica\u00e7\u00e3o do senador Jean Paul Prates para presidente da Petrobr\u00e1s"},"content":{"rendered":"<!--[if lt IE 9]><script>document.createElement('audio');<\/script><![endif]-->\n<audio class=\"wp-audio-shortcode\" id=\"audio-39607-1\" preload=\"none\" style=\"width: 100%;\" controls=\"controls\"><source type=\"audio\/ogg\" src=\"https:\/\/aepetba.org.br\/v1\/wp-content\/uploads\/2022\/12\/jean-paul-prates-indicado-para-possivel-presidente-da-petrobras.ogg?_=1\" \/><a href=\"https:\/\/aepetba.org.br\/v1\/wp-content\/uploads\/2022\/12\/jean-paul-prates-indicado-para-possivel-presidente-da-petrobras.ogg\">https:\/\/aepetba.org.br\/v1\/wp-content\/uploads\/2022\/12\/jean-paul-prates-indicado-para-possivel-presidente-da-petrobras.ogg<\/a><\/audio>\n<p>&nbsp;<\/p>\n<p style=\"text-align: justify;\">Not\u00edcia ruim para os petroleiros. O senador Jean Paul Prates (PT-RN) ser\u00e1 nomeado presidente da Petrobr\u00e1s. O martelo foi batido pelo presidente eleito Luiz Inacio Lula da Silva. O nome dele vinha sendo cotado h\u00e1 algum tempo, mas as opini\u00f5es e a atua\u00e7\u00e3o hist\u00f3rica do senador s\u00e3o contradit\u00f3rias e incompat\u00edveis com as pol\u00edticas defendidas pela AEPET.<\/p>\n<p style=\"text-align: justify;\">J\u00e1 o senador Alexandre Silveira (PSD) dever\u00e1 ir para o Minist\u00e9rio das Minas e Energia. Uma dupla que em nada goza de confian\u00e7a. Silveira \u00e9 do centr\u00e3o e Prates, apesar de ser do PT, tem defendido a n\u00e3o reincorpora\u00e7\u00e3o \u00e0 Petrobr\u00e1s do patrim\u00f4nio vendido a pre\u00e7o vil, sem transpar\u00eancia e v\u00e1rios v\u00edcios procedimentais, al\u00e9m de atacar a soberania energ\u00e9tica.<\/p>\n<p style=\"text-align: justify;\">O senador Jean Paul Prates, que trabalhou na elabora\u00e7\u00e3o do plano de governo de Lula na \u00e1rea de energia, avaliou recentemente que n\u00e3o ser\u00e1 poss\u00edvel reverter as privatiza\u00e7\u00f5es feitas at\u00e9 agora, prejudicando ainda mais os estados do Norte\/Nordeste que foram os mais atingidos pelo programa de desinvestimentos da atual dire\u00e7\u00e3o da Petrobr\u00e1s.<\/p>\n<p style=\"text-align: justify;\">\u00c9 dif\u00edcil acreditar, mas ser\u00e1 que a pol\u00edtica do governo ser\u00e1 manter a privatiza\u00e7\u00e3o da RLAM? Ou ainda colocar a p\u00e1 de cal da Petrobr\u00e1s na Bahia?<\/p>\n<p style=\"text-align: justify;\">Na \u00e1rea de refino, em entrevista ao site Petr\u00f3leo Hoje, no dia 28\/11, Prates falou sobre as prioridades, mas sequer mencionou a reestatiza\u00e7\u00e3o das refinarias como os petroleiros reivindicam. Na Bahia, a venda da Refinaria Landulpho Alves, a pre\u00e7o de banana para o fundo \u00e1rabe Mubadala, criou um monop\u00f3lio regional. Hoje, os baianos pagam um dos combust\u00edveis e g\u00e1s de cozinha mais caros do pa\u00eds, al\u00e9m de sofrer desabastecimento do g\u00e1s de cozinha.<\/p>\n<p>Confira em &#8211; <a href=\"https:\/\/petroleohoje.editorabrasilenergia.com.br\/jean-paul-prates-foco-na-transicao-e-no-futuro\/\" target=\"_blank\" rel=\"noopener\">Clique aqui<\/a><\/p>\n<p style=\"text-align: justify;\">Quem divulgou a ficha corrida denunciando a atua\u00e7\u00e3o do senador na \u00e1rea de energia e petr\u00f3leo, foi o\u00a0\u00a0 vice-presidente da AEPET, Felipe Coutinho, no artigo, Jean Paul Prates revelado<\/p>\n<p style=\"text-align: justify;\">Em 1997, senador do PT-RN sustentou que privatiza\u00e7\u00e3o da Petrobr\u00e1s era vi\u00e1vel em tr\u00eas anos. Prates foi entusiasta da quebra do monop\u00f3lio estatal do petr\u00f3leo exercido pela Petrobr\u00e1s, no governo FHC, em 1997. Defendeu a privatiza\u00e7\u00e3o da Petrobr\u00e1s, participou da elabora\u00e7\u00e3o da Lei do Petr\u00f3leo (Lei No 9478\/97) e foi redator do Contrato de Concess\u00e3o. Desde 1991, atuou como empres\u00e1rio e consultor das petrol\u00edferas que pretendiam explorar o petr\u00f3leo e o mercado brasileiros, atrav\u00e9s da Expetro Consultoria, uma empresa de consultoria internacional de energia situada no Rio de Janeiro e que auxiliava empresas que queriam participar do leil\u00e3o.<\/p>\n<p style=\"text-align: justify;\">Em reportagem de O Globo, Prates criticava a exig\u00eancia de documenta\u00e7\u00e3o em portugu\u00eas poderia atrasar o leil\u00e3o que aquele governo neoliberal almejava fazer em breve.<\/p>\n<p style=\"text-align: justify;\">Jean Paul Prates foi um ativo porta voz dos interesses das petrol\u00edferas privadas, em especial das maiores multinacionais estrangeiras. Incentivou a acelera\u00e7\u00e3o dos leil\u00f5es e a promo\u00e7\u00e3o da participa\u00e7\u00e3o das petrol\u00edferas estrangeiras.<\/p>\n<p style=\"text-align: justify;\">&#8220;&#8230; a hip\u00f3tese de simplesmente n\u00e3o licitar ou de dificultar a participa\u00e7\u00e3o de empresas estrangeiras n\u00e3o \u00e9 solu\u00e7\u00e3o, pois da mesma forma que a Petrobr\u00e1s hoje consegue captar recursos no exterior em condi\u00e7\u00f5es mais favor\u00e1veis do que a m\u00e9dia brasileira por se comportar, em geral, como empresa internacional, amanh\u00e3 poder\u00e1 enfrentar dificuldades caso seja percebida uma revers\u00e3o do modelo aberto para o de monop\u00f3lio estatal operacional fechado, como antes.&#8221;, do seu artigo &#8220;O que falta fazer?&#8221;, publicado no O Globo de 17\/08\/04.<\/p>\n<p>Leia mais &#8211; <a href=\"https:\/\/www.aepet.org.br\/w3\/index.php\/conteudo-geral\/item\/8455-jean-paul-prates-revelado\" target=\"_blank\" rel=\"noopener\">Clique aqui<\/a><\/p>\n<p style=\"text-align: justify;\">J\u00e1 o diretor Administrativo-financeiro da AEPET, Fernando Siqueira, que falou sobre os desafios a serem enfrentados pelo presidente eleito de reconstru\u00e7\u00e3o da Petrobr\u00e1s tamb\u00e9m v\u00ea com ressalvas a indica\u00e7\u00e3o do senador Prates, baseada em seu hist\u00f3rico de atua\u00e7\u00e3o na \u00e1rea do petr\u00f3leo.<\/p>\n<p style=\"text-align: justify;\">Em outra entrevista para Carta Capital, no dia 08\/12, Prates afirmou que o GT encaminhou uma solicita\u00e7\u00e3o expressa \u00e0 Petrobras para que fossem reanalisados os processos de desinvestimentos que j\u00e1 estavam iniciados, que n\u00e3o se iniciassem novos processos, e que os processos que estivessem na fase de fechamento fossem comunicados.<\/p>\n<p style=\"text-align: justify;\">O petista afirmou que \u201ctoda a administra\u00e7\u00e3o nova tem o direito de analisar passos que ainda n\u00e3o foram completados\u201d. Ele defendeu a venda de alguns ativos da Petrobras, mas afirmou que h\u00e1 muitos \u201cimportantes\u201d que precisam ser preservados.<\/p>\n<p>&nbsp;<\/p>\n<p style=\"text-align: justify;\">\u201cN\u00f3s vimos de fato ativos que fazem sentido vender. Peda\u00e7os de ativos antigos, peda\u00e7os de coisas que j\u00e1 foram vendidas, sobras de participa\u00e7\u00f5es em outros pa\u00edses que n\u00e3o fazem mais sentido, n\u00e3o param de p\u00e9 sozinhos. Mas h\u00e1 muitos ativos importantes que podem ser objeto de reconsidera\u00e7\u00e3o para que a empresa, conjuntamente com a an\u00e1lise de futuro, possa aproveitar ou integrar esses ativos numa nova formata\u00e7\u00e3o\u201d, declarou.<\/p>\n<p style=\"text-align: justify;\">Confira em: <a href=\"https:\/\/www.cartacapital.com.br\/politica\/impacto-da-petrobras-sobre-a-economia-brasileira-diminuiu-diz-jean-paul-prates\/\" target=\"_blank\" rel=\"noopener\">Clique aqui<\/a><\/p>\n<p>&nbsp;<\/p>\n<h2><strong>Relat\u00f3rio do setor de energia no GT da transi\u00e7\u00e3o<\/strong><\/h2>\n<p style=\"text-align: justify;\">O relat\u00f3rio final do gabinete de transi\u00e7\u00e3o traz uma lista de empresas que devem ser retiradas da fila de desestatiza\u00e7\u00f5es. Entre elas est\u00e3o a Petrobr\u00e1s, a Nuclep e a PPSA. O relat\u00f3rio cita ainda outras companhias, como os Correios, a EBC e Conab.<\/p>\n<p style=\"text-align: justify;\">\u201cDe forma geral, nos \u00faltimos quatro anos, a pol\u00edtica de minas e energia sofreu um forte desmonte regulat\u00f3rio, combinado com uma abertura de mercado, que, em \u00faltima inst\u00e2ncia, reduziu o espa\u00e7o de atua\u00e7\u00e3o estatal. Essa redu\u00e7\u00e3o ocorreu de v\u00e1rias formas, seja pela menor regula\u00e7\u00e3o do setor, como caso da minera\u00e7\u00e3o e do setor de combust\u00edveis, seja pela transfer\u00eancia patrimonial de ativos p\u00fablicos para o setor privado, a exemplo da privatiza\u00e7\u00e3o da Eletrobr\u00e1s e da venda de refinarias da Petrobras\u201d, diz o relat\u00f3rio.<\/p>\n<p style=\"text-align: justify;\">O problema \u00e9 que o relat\u00f3rio n\u00e3o esclarece como ficam os ativos vendidos e destru\u00eddos pelo governo Bolsonaro.<\/p>\n<p style=\"text-align: justify;\">A despeito das indica\u00e7\u00f5es a disputa no governo ser\u00e1 dif\u00edcil e estes nomes em nada ajudam a construirmos as melhores condi\u00e7\u00f5es para a reconstru\u00e7\u00e3o da Petrobr\u00e1s no Brasil e na Bahia. N\u00e3o abrimos m\u00e3o da retomada da RLAM, FAFEN e dos campos terrestres, no estado. O momento agora \u00e9 de avan\u00e7os para ter de volta os ativos privatizados nos governos golpista\/fascistas de Temer e Bolsonaro\/Guedes.<\/p>\n<p>&nbsp;<\/p>\n<p>&nbsp;<\/p>\n","protected":false},"excerpt":{"rendered":"<p>&nbsp; Not\u00edcia ruim para os petroleiros. O senador Jean Paul Prates (PT-RN) ser\u00e1 nomeado presidente da Petrobr\u00e1s. O martelo foi batido pelo presidente eleito Luiz Inacio Lula da Silva. O nome dele vinha sendo cotado h\u00e1 algum tempo, mas as&#8230;<\/p>\n","protected":false},"author":1,"featured_media":39608,"comment_status":"closed","ping_status":"closed","sticky":false,"template":"","format":"standard","meta":[],"categories":[5,87,10],"tags":[],"yoast_head":"<!-- This site is optimized with the Yoast SEO plugin v19.3 - https:\/\/yoast.com\/wordpress\/plugins\/seo\/ -->\n<title>AEPET-BA v\u00ea com ceticismo a indica\u00e7\u00e3o do senador Jean Paul Prates para presidente da Petrobr\u00e1s<\/title>\n<meta name=\"description\" content=\"Hist\u00f3rico privatista de Jean Paul Prates faz aumentar desconfian\u00e7a com a indica\u00e7\u00e3o para ocupar presid\u00eancia da Petrobr\u00e1s\" \/>\n<meta name=\"robots\" content=\"index, follow, max-snippet:-1, max-image-preview:large, max-video-preview:-1\" \/>\n<link rel=\"canonical\" href=\"https:\/\/aepetba.org.br\/v1\/aepet-ba-ve-com-ceticismo-a-indicacao-do-senador-jean-paul-prates-para-presidente-da-petrobras\/\" \/>\n<meta property=\"og:locale\" content=\"pt_BR\" \/>\n<meta property=\"og:type\" content=\"article\" \/>\n<meta property=\"og:title\" content=\"AEPET-BA v\u00ea com ceticismo a indica\u00e7\u00e3o do senador Jean Paul Prates para presidente da Petrobr\u00e1s\" \/>\n<meta property=\"og:description\" content=\"Hist\u00f3rico privatista de Jean Paul Prates faz aumentar desconfian\u00e7a com a indica\u00e7\u00e3o para ocupar presid\u00eancia da Petrobr\u00e1s\" \/>\n<meta property=\"og:url\" content=\"https:\/\/aepetba.org.br\/v1\/aepet-ba-ve-com-ceticismo-a-indicacao-do-senador-jean-paul-prates-para-presidente-da-petrobras\/\" \/>\n<meta property=\"og:site_name\" content=\"AEPET N\u00daCLEO BAHIA\" \/>\n<meta property=\"article:publisher\" content=\"https:\/\/web.facebook.com\/aepetba\" \/>\n<meta property=\"article:published_time\" content=\"2022-12-27T13:07:22+00:00\" \/>\n<meta property=\"article:modified_time\" content=\"2022-12-27T15:27:07+00:00\" \/>\n<meta property=\"og:image\" content=\"https:\/\/aepetba.org.br\/v1\/wp-content\/uploads\/2022\/12\/Materia-AEPET-BA-ve-com-ceticismo-a-indicacao-do-senador-Jean-Paul-Prates-para-presidente-da-Petrobras-petroleo-bahia-Aepet-ba.jpg\" \/>\n\t<meta property=\"og:image:width\" content=\"1080\" \/>\n\t<meta property=\"og:image:height\" content=\"936\" \/>\n\t<meta property=\"og:image:type\" content=\"image\/jpeg\" \/>\n<meta name=\"author\" content=\"AEPETBA\" \/>\n<meta name=\"twitter:card\" content=\"summary_large_image\" \/>\n<meta name=\"twitter:creator\" content=\"@aepetbahia\" \/>\n<meta name=\"twitter:site\" content=\"@aepetbahia\" \/>\n<meta name=\"twitter:label1\" content=\"Escrito por\" \/>\n\t<meta name=\"twitter:data1\" content=\"AEPETBA\" \/>\n\t<meta name=\"twitter:label2\" content=\"Est. tempo de leitura\" \/>\n\t<meta name=\"twitter:data2\" content=\"6 minutos\" \/>\n<script type=\"application\/ld+json\" class=\"yoast-schema-graph\">{\"@context\":\"https:\/\/schema.org\",\"@graph\":[{\"@type\":\"Organization\",\"@id\":\"https:\/\/aepetba.org.br\/v1\/#organization\",\"name\":\"AEPET N\u00facleo Bahia\",\"url\":\"https:\/\/aepetba.org.br\/v1\/\",\"sameAs\":[\"https:\/\/www.instagram.com\/aepetbahia\/\",\"https:\/\/www.youtube.com\/c\/AEPETBAHIA\",\"https:\/\/web.facebook.com\/aepetba\",\"https:\/\/twitter.com\/aepetbahia\"],\"logo\":{\"@type\":\"ImageObject\",\"inLanguage\":\"pt-BR\",\"@id\":\"https:\/\/aepetba.org.br\/v1\/#\/schema\/logo\/image\/\",\"url\":\"https:\/\/aepetba.org.br\/v1\/wp-content\/uploads\/revslider\/home\/logo-AEPETBA.png\",\"contentUrl\":\"https:\/\/aepetba.org.br\/v1\/wp-content\/uploads\/revslider\/home\/logo-AEPETBA.png\",\"width\":297,\"height\":86,\"caption\":\"AEPET N\u00facleo Bahia\"},\"image\":{\"@id\":\"https:\/\/aepetba.org.br\/v1\/#\/schema\/logo\/image\/\"}},{\"@type\":\"WebSite\",\"@id\":\"https:\/\/aepetba.org.br\/v1\/#website\",\"url\":\"https:\/\/aepetba.org.br\/v1\/\",\"name\":\"AEPET N\u00daCLEO BAHIA\",\"description\":\"Associa\u00e7\u00e3o dos Engenheiros da Petrobr\u00e1s N\u00facleo Bahia Petr\u00f3leo Bahia Salvador Nordeste \",\"publisher\":{\"@id\":\"https:\/\/aepetba.org.br\/v1\/#organization\"},\"potentialAction\":[{\"@type\":\"SearchAction\",\"target\":{\"@type\":\"EntryPoint\",\"urlTemplate\":\"https:\/\/aepetba.org.br\/v1\/?s={search_term_string}\"},\"query-input\":\"required name=search_term_string\"}],\"inLanguage\":\"pt-BR\"},{\"@type\":\"ImageObject\",\"inLanguage\":\"pt-BR\",\"@id\":\"https:\/\/aepetba.org.br\/v1\/aepet-ba-ve-com-ceticismo-a-indicacao-do-senador-jean-paul-prates-para-presidente-da-petrobras\/#primaryimage\",\"url\":\"https:\/\/aepetba.org.br\/v1\/wp-content\/uploads\/2022\/12\/Materia-AEPET-BA-ve-com-ceticismo-a-indicacao-do-senador-Jean-Paul-Prates-para-presidente-da-Petrobras-petroleo-bahia-Aepet-ba.jpg\",\"contentUrl\":\"https:\/\/aepetba.org.br\/v1\/wp-content\/uploads\/2022\/12\/Materia-AEPET-BA-ve-com-ceticismo-a-indicacao-do-senador-Jean-Paul-Prates-para-presidente-da-Petrobras-petroleo-bahia-Aepet-ba.jpg\",\"width\":1080,\"height\":936},{\"@type\":\"WebPage\",\"@id\":\"https:\/\/aepetba.org.br\/v1\/aepet-ba-ve-com-ceticismo-a-indicacao-do-senador-jean-paul-prates-para-presidente-da-petrobras\/\",\"url\":\"https:\/\/aepetba.org.br\/v1\/aepet-ba-ve-com-ceticismo-a-indicacao-do-senador-jean-paul-prates-para-presidente-da-petrobras\/\",\"name\":\"AEPET-BA v\u00ea com ceticismo a indica\u00e7\u00e3o do senador Jean Paul Prates para presidente da Petrobr\u00e1s\",\"isPartOf\":{\"@id\":\"https:\/\/aepetba.org.br\/v1\/#website\"},\"primaryImageOfPage\":{\"@id\":\"https:\/\/aepetba.org.br\/v1\/aepet-ba-ve-com-ceticismo-a-indicacao-do-senador-jean-paul-prates-para-presidente-da-petrobras\/#primaryimage\"},\"datePublished\":\"2022-12-27T13:07:22+00:00\",\"dateModified\":\"2022-12-27T15:27:07+00:00\",\"description\":\"Hist\u00f3rico privatista de Jean Paul Prates faz aumentar desconfian\u00e7a com a indica\u00e7\u00e3o para ocupar presid\u00eancia da Petrobr\u00e1s\",\"breadcrumb\":{\"@id\":\"https:\/\/aepetba.org.br\/v1\/aepet-ba-ve-com-ceticismo-a-indicacao-do-senador-jean-paul-prates-para-presidente-da-petrobras\/#breadcrumb\"},\"inLanguage\":\"pt-BR\",\"potentialAction\":[{\"@type\":\"ReadAction\",\"target\":[\"https:\/\/aepetba.org.br\/v1\/aepet-ba-ve-com-ceticismo-a-indicacao-do-senador-jean-paul-prates-para-presidente-da-petrobras\/\"]}]},{\"@type\":\"BreadcrumbList\",\"@id\":\"https:\/\/aepetba.org.br\/v1\/aepet-ba-ve-com-ceticismo-a-indicacao-do-senador-jean-paul-prates-para-presidente-da-petrobras\/#breadcrumb\",\"itemListElement\":[{\"@type\":\"ListItem\",\"position\":1,\"name\":\"In\u00edcio\",\"item\":\"https:\/\/aepetba.org.br\/v1\/\"},{\"@type\":\"ListItem\",\"position\":2,\"name\":\"AEPET-BA v\u00ea com ceticismo a indica\u00e7\u00e3o do senador Jean Paul Prates para presidente da Petrobr\u00e1s\"}]},{\"@type\":\"Article\",\"@id\":\"https:\/\/aepetba.org.br\/v1\/aepet-ba-ve-com-ceticismo-a-indicacao-do-senador-jean-paul-prates-para-presidente-da-petrobras\/#article\",\"isPartOf\":{\"@id\":\"https:\/\/aepetba.org.br\/v1\/aepet-ba-ve-com-ceticismo-a-indicacao-do-senador-jean-paul-prates-para-presidente-da-petrobras\/\"},\"author\":{\"name\":\"AEPETBA\",\"@id\":\"https:\/\/aepetba.org.br\/v1\/#\/schema\/person\/3504208f89f3f50e1526867ebb573b88\"},\"headline\":\"AEPET-BA v\u00ea com ceticismo a indica\u00e7\u00e3o do senador Jean Paul Prates para presidente da Petrobr\u00e1s\",\"datePublished\":\"2022-12-27T13:07:22+00:00\",\"dateModified\":\"2022-12-27T15:27:07+00:00\",\"mainEntityOfPage\":{\"@id\":\"https:\/\/aepetba.org.br\/v1\/aepet-ba-ve-com-ceticismo-a-indicacao-do-senador-jean-paul-prates-para-presidente-da-petrobras\/\"},\"wordCount\":1119,\"publisher\":{\"@id\":\"https:\/\/aepetba.org.br\/v1\/#organization\"},\"image\":{\"@id\":\"https:\/\/aepetba.org.br\/v1\/aepet-ba-ve-com-ceticismo-a-indicacao-do-senador-jean-paul-prates-para-presidente-da-petrobras\/#primaryimage\"},\"thumbnailUrl\":\"https:\/\/aepetba.org.br\/v1\/wp-content\/uploads\/2022\/12\/Materia-AEPET-BA-ve-com-ceticismo-a-indicacao-do-senador-Jean-Paul-Prates-para-presidente-da-Petrobras-petroleo-bahia-Aepet-ba.jpg\",\"articleSection\":[\"Coluna do Associado\",\"Destaque\",\"Not\u00edcias\"],\"inLanguage\":\"pt-BR\"},{\"@type\":\"Person\",\"@id\":\"https:\/\/aepetba.org.br\/v1\/#\/schema\/person\/3504208f89f3f50e1526867ebb573b88\",\"name\":\"AEPETBA\",\"image\":{\"@type\":\"ImageObject\",\"inLanguage\":\"pt-BR\",\"@id\":\"https:\/\/aepetba.org.br\/v1\/#\/schema\/person\/image\/\",\"url\":\"https:\/\/secure.gravatar.com\/avatar\/3e6e1bf98c38137fc6b937d21e974714?s=96&d=mm&r=g\",\"contentUrl\":\"https:\/\/secure.gravatar.com\/avatar\/3e6e1bf98c38137fc6b937d21e974714?s=96&d=mm&r=g\",\"caption\":\"AEPETBA\"},\"sameAs\":[\"http:\/\/aepetba.org.br\/v1\"],\"url\":\"https:\/\/aepetba.org.br\/v1\/author\/lubconsultoria\/\"}]}<\/script>\n<!-- \/ Yoast SEO plugin. -->","yoast_head_json":{"title":"AEPET-BA v\u00ea com ceticismo a indica\u00e7\u00e3o do senador Jean Paul Prates para presidente da Petrobr\u00e1s","description":"Hist\u00f3rico privatista de Jean Paul Prates faz aumentar desconfian\u00e7a com a indica\u00e7\u00e3o para ocupar presid\u00eancia da Petrobr\u00e1s","robots":{"index":"index","follow":"follow","max-snippet":"max-snippet:-1","max-image-preview":"max-image-preview:large","max-video-preview":"max-video-preview:-1"},"canonical":"https:\/\/aepetba.org.br\/v1\/aepet-ba-ve-com-ceticismo-a-indicacao-do-senador-jean-paul-prates-para-presidente-da-petrobras\/","og_locale":"pt_BR","og_type":"article","og_title":"AEPET-BA v\u00ea com ceticismo a indica\u00e7\u00e3o do senador Jean Paul Prates para presidente da Petrobr\u00e1s","og_description":"Hist\u00f3rico privatista de Jean Paul Prates faz aumentar desconfian\u00e7a com a indica\u00e7\u00e3o para ocupar presid\u00eancia da Petrobr\u00e1s","og_url":"https:\/\/aepetba.org.br\/v1\/aepet-ba-ve-com-ceticismo-a-indicacao-do-senador-jean-paul-prates-para-presidente-da-petrobras\/","og_site_name":"AEPET N\u00daCLEO BAHIA","article_publisher":"https:\/\/web.facebook.com\/aepetba","article_published_time":"2022-12-27T13:07:22+00:00","article_modified_time":"2022-12-27T15:27:07+00:00","og_image":[{"width":1080,"height":936,"url":"https:\/\/aepetba.org.br\/v1\/wp-content\/uploads\/2022\/12\/Materia-AEPET-BA-ve-com-ceticismo-a-indicacao-do-senador-Jean-Paul-Prates-para-presidente-da-Petrobras-petroleo-bahia-Aepet-ba.jpg","type":"image\/jpeg"}],"author":"AEPETBA","twitter_card":"summary_large_image","twitter_creator":"@aepetbahia","twitter_site":"@aepetbahia","twitter_misc":{"Escrito por":"AEPETBA","Est. tempo de leitura":"6 minutos"},"schema":{"@context":"https:\/\/schema.org","@graph":[{"@type":"Organization","@id":"https:\/\/aepetba.org.br\/v1\/#organization","name":"AEPET N\u00facleo Bahia","url":"https:\/\/aepetba.org.br\/v1\/","sameAs":["https:\/\/www.instagram.com\/aepetbahia\/","https:\/\/www.youtube.com\/c\/AEPETBAHIA","https:\/\/web.facebook.com\/aepetba","https:\/\/twitter.com\/aepetbahia"],"logo":{"@type":"ImageObject","inLanguage":"pt-BR","@id":"https:\/\/aepetba.org.br\/v1\/#\/schema\/logo\/image\/","url":"https:\/\/aepetba.org.br\/v1\/wp-content\/uploads\/revslider\/home\/logo-AEPETBA.png","contentUrl":"https:\/\/aepetba.org.br\/v1\/wp-content\/uploads\/revslider\/home\/logo-AEPETBA.png","width":297,"height":86,"caption":"AEPET N\u00facleo Bahia"},"image":{"@id":"https:\/\/aepetba.org.br\/v1\/#\/schema\/logo\/image\/"}},{"@type":"WebSite","@id":"https:\/\/aepetba.org.br\/v1\/#website","url":"https:\/\/aepetba.org.br\/v1\/","name":"AEPET N\u00daCLEO BAHIA","description":"Associa\u00e7\u00e3o dos Engenheiros da Petrobr\u00e1s N\u00facleo Bahia Petr\u00f3leo Bahia Salvador Nordeste ","publisher":{"@id":"https:\/\/aepetba.org.br\/v1\/#organization"},"potentialAction":[{"@type":"SearchAction","target":{"@type":"EntryPoint","urlTemplate":"https:\/\/aepetba.org.br\/v1\/?s={search_term_string}"},"query-input":"required name=search_term_string"}],"inLanguage":"pt-BR"},{"@type":"ImageObject","inLanguage":"pt-BR","@id":"https:\/\/aepetba.org.br\/v1\/aepet-ba-ve-com-ceticismo-a-indicacao-do-senador-jean-paul-prates-para-presidente-da-petrobras\/#primaryimage","url":"https:\/\/aepetba.org.br\/v1\/wp-content\/uploads\/2022\/12\/Materia-AEPET-BA-ve-com-ceticismo-a-indicacao-do-senador-Jean-Paul-Prates-para-presidente-da-Petrobras-petroleo-bahia-Aepet-ba.jpg","contentUrl":"https:\/\/aepetba.org.br\/v1\/wp-content\/uploads\/2022\/12\/Materia-AEPET-BA-ve-com-ceticismo-a-indicacao-do-senador-Jean-Paul-Prates-para-presidente-da-Petrobras-petroleo-bahia-Aepet-ba.jpg","width":1080,"height":936},{"@type":"WebPage","@id":"https:\/\/aepetba.org.br\/v1\/aepet-ba-ve-com-ceticismo-a-indicacao-do-senador-jean-paul-prates-para-presidente-da-petrobras\/","url":"https:\/\/aepetba.org.br\/v1\/aepet-ba-ve-com-ceticismo-a-indicacao-do-senador-jean-paul-prates-para-presidente-da-petrobras\/","name":"AEPET-BA v\u00ea com ceticismo a indica\u00e7\u00e3o do senador Jean Paul Prates para presidente da Petrobr\u00e1s","isPartOf":{"@id":"https:\/\/aepetba.org.br\/v1\/#website"},"primaryImageOfPage":{"@id":"https:\/\/aepetba.org.br\/v1\/aepet-ba-ve-com-ceticismo-a-indicacao-do-senador-jean-paul-prates-para-presidente-da-petrobras\/#primaryimage"},"datePublished":"2022-12-27T13:07:22+00:00","dateModified":"2022-12-27T15:27:07+00:00","description":"Hist\u00f3rico privatista de Jean Paul Prates faz aumentar desconfian\u00e7a com a indica\u00e7\u00e3o para ocupar presid\u00eancia da Petrobr\u00e1s","breadcrumb":{"@id":"https:\/\/aepetba.org.br\/v1\/aepet-ba-ve-com-ceticismo-a-indicacao-do-senador-jean-paul-prates-para-presidente-da-petrobras\/#breadcrumb"},"inLanguage":"pt-BR","potentialAction":[{"@type":"ReadAction","target":["https:\/\/aepetba.org.br\/v1\/aepet-ba-ve-com-ceticismo-a-indicacao-do-senador-jean-paul-prates-para-presidente-da-petrobras\/"]}]},{"@type":"BreadcrumbList","@id":"https:\/\/aepetba.org.br\/v1\/aepet-ba-ve-com-ceticismo-a-indicacao-do-senador-jean-paul-prates-para-presidente-da-petrobras\/#breadcrumb","itemListElement":[{"@type":"ListItem","position":1,"name":"In\u00edcio","item":"https:\/\/aepetba.org.br\/v1\/"},{"@type":"ListItem","position":2,"name":"AEPET-BA v\u00ea com ceticismo a indica\u00e7\u00e3o do senador Jean Paul Prates para presidente da Petrobr\u00e1s"}]},{"@type":"Article","@id":"https:\/\/aepetba.org.br\/v1\/aepet-ba-ve-com-ceticismo-a-indicacao-do-senador-jean-paul-prates-para-presidente-da-petrobras\/#article","isPartOf":{"@id":"https:\/\/aepetba.org.br\/v1\/aepet-ba-ve-com-ceticismo-a-indicacao-do-senador-jean-paul-prates-para-presidente-da-petrobras\/"},"author":{"name":"AEPETBA","@id":"https:\/\/aepetba.org.br\/v1\/#\/schema\/person\/3504208f89f3f50e1526867ebb573b88"},"headline":"AEPET-BA v\u00ea com ceticismo a indica\u00e7\u00e3o do senador Jean Paul Prates para presidente da Petrobr\u00e1s","datePublished":"2022-12-27T13:07:22+00:00","dateModified":"2022-12-27T15:27:07+00:00","mainEntityOfPage":{"@id":"https:\/\/aepetba.org.br\/v1\/aepet-ba-ve-com-ceticismo-a-indicacao-do-senador-jean-paul-prates-para-presidente-da-petrobras\/"},"wordCount":1119,"publisher":{"@id":"https:\/\/aepetba.org.br\/v1\/#organization"},"image":{"@id":"https:\/\/aepetba.org.br\/v1\/aepet-ba-ve-com-ceticismo-a-indicacao-do-senador-jean-paul-prates-para-presidente-da-petrobras\/#primaryimage"},"thumbnailUrl":"https:\/\/aepetba.org.br\/v1\/wp-content\/uploads\/2022\/12\/Materia-AEPET-BA-ve-com-ceticismo-a-indicacao-do-senador-Jean-Paul-Prates-para-presidente-da-Petrobras-petroleo-bahia-Aepet-ba.jpg","articleSection":["Coluna do Associado","Destaque","Not\u00edcias"],"inLanguage":"pt-BR"},{"@type":"Person","@id":"https:\/\/aepetba.org.br\/v1\/#\/schema\/person\/3504208f89f3f50e1526867ebb573b88","name":"AEPETBA","image":{"@type":"ImageObject","inLanguage":"pt-BR","@id":"https:\/\/aepetba.org.br\/v1\/#\/schema\/person\/image\/","url":"https:\/\/secure.gravatar.com\/avatar\/3e6e1bf98c38137fc6b937d21e974714?s=96&d=mm&r=g","contentUrl":"https:\/\/secure.gravatar.com\/avatar\/3e6e1bf98c38137fc6b937d21e974714?s=96&d=mm&r=g","caption":"AEPETBA"},"sameAs":["http:\/\/aepetba.org.br\/v1"],"url":"https:\/\/aepetba.org.br\/v1\/author\/lubconsultoria\/"}]}},"_links":{"self":[{"href":"https:\/\/aepetba.org.br\/v1\/wp-json\/wp\/v2\/posts\/39607"}],"collection":[{"href":"https:\/\/aepetba.org.br\/v1\/wp-json\/wp\/v2\/posts"}],"about":[{"href":"https:\/\/aepetba.org.br\/v1\/wp-json\/wp\/v2\/types\/post"}],"author":[{"embeddable":true,"href":"https:\/\/aepetba.org.br\/v1\/wp-json\/wp\/v2\/users\/1"}],"replies":[{"embeddable":true,"href":"https:\/\/aepetba.org.br\/v1\/wp-json\/wp\/v2\/comments?post=39607"}],"version-history":[{"count":2,"href":"https:\/\/aepetba.org.br\/v1\/wp-json\/wp\/v2\/posts\/39607\/revisions"}],"predecessor-version":[{"id":39611,"href":"https:\/\/aepetba.org.br\/v1\/wp-json\/wp\/v2\/posts\/39607\/revisions\/39611"}],"wp:featuredmedia":[{"embeddable":true,"href":"https:\/\/aepetba.org.br\/v1\/wp-json\/wp\/v2\/media\/39608"}],"wp:attachment":[{"href":"https:\/\/aepetba.org.br\/v1\/wp-json\/wp\/v2\/media?parent=39607"}],"wp:term":[{"taxonomy":"category","embeddable":true,"href":"https:\/\/aepetba.org.br\/v1\/wp-json\/wp\/v2\/categories?post=39607"},{"taxonomy":"post_tag","embeddable":true,"href":"https:\/\/aepetba.org.br\/v1\/wp-json\/wp\/v2\/tags?post=39607"}],"curies":[{"name":"wp","href":"https:\/\/api.w.org\/{rel}","templated":true}]}}