{"id":39627,"date":"2023-01-04T08:30:24","date_gmt":"2023-01-04T11:30:24","guid":{"rendered":"https:\/\/aepetba.org.br\/v1\/?p=39627"},"modified":"2023-01-03T11:40:03","modified_gmt":"2023-01-03T14:40:03","slug":"nota-sobre-a-indicacao-de-jean-paul-prates-para-a-presidencia-da-petrobras","status":"publish","type":"post","link":"https:\/\/aepetba.org.br\/v1\/nota-sobre-a-indicacao-de-jean-paul-prates-para-a-presidencia-da-petrobras\/","title":{"rendered":"Nota sobre a indica\u00e7\u00e3o de Jean Paul Prates para a presid\u00eancia da Petrobr\u00e1s"},"content":{"rendered":"<!--[if lt IE 9]><script>document.createElement('audio');<\/script><![endif]-->\n<audio class=\"wp-audio-shortcode\" id=\"audio-39627-1\" preload=\"none\" style=\"width: 100%;\" controls=\"controls\"><source type=\"audio\/ogg\" src=\"https:\/\/aepetba.org.br\/v1\/wp-content\/uploads\/2023\/01\/Nota-sobre-a-indicacao-de-Jean-Paul-Prates-para-a-presidencia-da-Petrobras.ogg?_=1\" \/><a href=\"https:\/\/aepetba.org.br\/v1\/wp-content\/uploads\/2023\/01\/Nota-sobre-a-indicacao-de-Jean-Paul-Prates-para-a-presidencia-da-Petrobras.ogg\">https:\/\/aepetba.org.br\/v1\/wp-content\/uploads\/2023\/01\/Nota-sobre-a-indicacao-de-Jean-Paul-Prates-para-a-presidencia-da-Petrobras.ogg<\/a><\/audio>\n<h2><strong>A AEPET ir\u00e1 acompanhar as a\u00e7\u00f5es e as omiss\u00f5es do futuro presidente da Petrobr\u00e1s<\/strong><\/h2>\n<p>O presidente eleito Luiz Inacio Lula da Silva indicou Jean Paul Prates para a presid\u00eancia da Petrobr\u00e1s.<\/p>\n<p>Antes da indica\u00e7\u00e3o, a Associa\u00e7\u00e3o dos Engenheiros da Petrobr\u00e1s (AEPET) revelou declara\u00e7\u00f5es e posturas pol\u00edticas do ex-senador e empres\u00e1rio. Prates foi entusiasta da quebra do monop\u00f3lio estatal do petr\u00f3leo exercido pela Petrobr\u00e1s, no governo FHC, em 1997. Defendeu a privatiza\u00e7\u00e3o da Petrobr\u00e1s, participou da elabora\u00e7\u00e3o da Lei do Petr\u00f3leo (Lei No 9478\/97) e foi redator do Contrato de Concess\u00e3o. Desde 1991, atuou como empres\u00e1rio e consultor das petrol\u00edferas que pretendiam explorar o petr\u00f3leo e o mercado brasileiros, atrav\u00e9s da Expetro Consultoria. Leia o artigo e a entrevista. [1] [2]<\/p>\n<p>S\u00e3o declara\u00e7\u00f5es e posi\u00e7\u00f5es pol\u00edticas que n\u00e3o se justificam, ou se apagam, em qualquer tempo ou contexto.<\/p>\n<p>A Associa\u00e7\u00e3o dos Engenheiros da Petrobr\u00e1s (AEPET) defende as seguintes iniciativas relativas ao setor energ\u00e9tico e \u00e0 Petrobr\u00e1s:<\/p>\n<p>1- Restaura\u00e7\u00e3o do monop\u00f3lio estatal do petr\u00f3leo, exercido pela Petrobr\u00e1s;<\/p>\n<p>2- Revers\u00e3o da privatiza\u00e7\u00e3o dos ativos da Petrobr\u00e1s, destacando a BR Distribuidora, refinarias, malhas de gasodutos (NTS e TAG), distribuidoras de GLP e g\u00e1s natural (Liquig\u00e1s e Comg\u00e1s), produ\u00e7\u00e3o de fertilizantes nitrogenados (FAFENs), direitos de explora\u00e7\u00e3o e produ\u00e7\u00e3o de petr\u00f3leo e g\u00e1s natural e as participa\u00e7\u00f5es na produ\u00e7\u00e3o de petroqu\u00edmicos e biocombust\u00edveis;<\/p>\n<p>3- Reestrutura\u00e7\u00e3o da Petrobr\u00e1s como Empresa Estatal de petr\u00f3leo e energia, dando conta de sua gest\u00e3o, com absoluta transpar\u00eancia, ao controle do povo brasileiro;<\/p>\n<p>4- Altera\u00e7\u00e3o da pol\u00edtica de pre\u00e7os da Petrobr\u00e1s, com o fim do Pre\u00e7o Parit\u00e1rio de Importa\u00e7\u00e3o (PPI), que foi estabelecido em outubro de 2016, e restaura\u00e7\u00e3o do objetivo hist\u00f3rico de abastecer o mercado nacional de combust\u00edveis aos menores pre\u00e7os poss\u00edveis;<\/p>\n<p>5- Limita\u00e7\u00e3o da exporta\u00e7\u00e3o de petr\u00f3leo cru, com ado\u00e7\u00e3o de tributos que incentivem a agrega\u00e7\u00e3o de valor e o uso do petr\u00f3leo no pa\u00eds;<\/p>\n<p>6- Recompra das a\u00e7\u00f5es da Petrobr\u00e1s negociadas na bolsa de Nova Iorque (ADRs);<\/p>\n<p>7- Desenvolvimento da pol\u00edtica de conte\u00fado nacional e de substitui\u00e7\u00e3o de importa\u00e7\u00f5es para o setor de petr\u00f3leo, g\u00e1s natural e energias potencialmente renov\u00e1veis;<\/p>\n<p>8- Estabelecimento de um plano nacional de pesquisa e investimentos em energias potencialmente renov\u00e1veis, sob a lideran\u00e7a da Petrobr\u00e1s.<\/p>\n<p>As opini\u00f5es e a atua\u00e7\u00e3o hist\u00f3rica do senador Jean Paul Prates (PT-RN) s\u00e3o contradit\u00f3rias e incompat\u00edveis com as pol\u00edticas defendidas pela AEPET. Vamos acompanhar suas iniciativas como presidente da Petrobr\u00e1s.<\/p>\n<p>A atua\u00e7\u00e3o pol\u00edtica e program\u00e1tica da AEPET \u00e9 impessoal e transparente.<\/p>\n<p>A AEPET ir\u00e1 acompanhar as a\u00e7\u00f5es e as omiss\u00f5es do futuro presidente da Petrobr\u00e1s. Nossa associa\u00e7\u00e3o ser\u00e1 capaz de reconhecer m\u00e9ritos, assim como de apontar as defici\u00eancias da futura gest\u00e3o, \u00e0 luz das propostas publicamente defendidas pela nossa organiza\u00e7\u00e3o.<\/p>\n<p>Janeiro de 2023<\/p>\n<p>Diretoria da Associa\u00e7\u00e3o dos Engenheiros da Petrobr\u00e1s (AEPET)<\/p>\n<h2><strong>Refer\u00eancias<\/strong><\/h2>\n<p>[1] F. Coutinho, &#8220;Jean Paul Prates Revelado,&#8221; 2022.<\/p>\n<p>[2] C. Lemes, &#8220;Entrevista para Viomundo: Engenheiros da Petrobr\u00e1s contra senador Prates na presid\u00eancia: &#8220;Petrobr\u00e1s n\u00e3o existiria hoje, se o que ele j\u00e1 defendeu tivesse sido adotado&#8221;, afirma Felipe Coutinho,&#8221; 2022.<\/p>\n","protected":false},"excerpt":{"rendered":"<p>A AEPET ir\u00e1 acompanhar as a\u00e7\u00f5es e as omiss\u00f5es do futuro presidente da Petrobr\u00e1s O presidente eleito Luiz Inacio Lula da Silva indicou Jean Paul Prates para a presid\u00eancia da Petrobr\u00e1s. Antes da indica\u00e7\u00e3o, a Associa\u00e7\u00e3o dos Engenheiros da Petrobr\u00e1s&#8230;<\/p>\n","protected":false},"author":1,"featured_media":39628,"comment_status":"closed","ping_status":"closed","sticky":false,"template":"","format":"standard","meta":[],"categories":[5,87,10],"tags":[],"yoast_head":"<!-- This site is optimized with the Yoast SEO plugin v19.3 - https:\/\/yoast.com\/wordpress\/plugins\/seo\/ -->\n<title>Nota sobre a indica\u00e7\u00e3o de Jean Paul Prates para a presid\u00eancia da Petrobr\u00e1s<\/title>\n<meta name=\"description\" content=\"A AEPET vai acompanhar as a\u00e7\u00f5es e as omiss\u00f5es do futuro presidente da Petrobr\u00e1s, Jean Paul Prates. Nossa associa\u00e7\u00e3o ser\u00e1 capaz de reconhecer m\u00e9ritos, assim como de apontar as defici\u00eancias da futura gest\u00e3o, \u00e0 luz das propostas publicamente defendidas pela nossa organiza\u00e7\u00e3o.\" \/>\n<meta name=\"robots\" content=\"index, follow, max-snippet:-1, max-image-preview:large, max-video-preview:-1\" \/>\n<link rel=\"canonical\" href=\"https:\/\/aepetba.org.br\/v1\/nota-sobre-a-indicacao-de-jean-paul-prates-para-a-presidencia-da-petrobras\/\" \/>\n<meta property=\"og:locale\" content=\"pt_BR\" \/>\n<meta property=\"og:type\" content=\"article\" \/>\n<meta property=\"og:title\" content=\"Nota sobre a indica\u00e7\u00e3o de Jean Paul Prates para a presid\u00eancia da Petrobr\u00e1s\" \/>\n<meta property=\"og:description\" content=\"A AEPET vai acompanhar as a\u00e7\u00f5es e as omiss\u00f5es do futuro presidente da Petrobr\u00e1s, Jean Paul Prates. Nossa associa\u00e7\u00e3o ser\u00e1 capaz de reconhecer m\u00e9ritos, assim como de apontar as defici\u00eancias da futura gest\u00e3o, \u00e0 luz das propostas publicamente defendidas pela nossa organiza\u00e7\u00e3o.\" \/>\n<meta property=\"og:url\" content=\"https:\/\/aepetba.org.br\/v1\/nota-sobre-a-indicacao-de-jean-paul-prates-para-a-presidencia-da-petrobras\/\" \/>\n<meta property=\"og:site_name\" content=\"AEPET N\u00daCLEO BAHIA\" \/>\n<meta property=\"article:publisher\" content=\"https:\/\/web.facebook.com\/aepetba\" \/>\n<meta property=\"article:published_time\" content=\"2023-01-04T11:30:24+00:00\" \/>\n<meta property=\"article:modified_time\" content=\"2023-01-03T14:40:03+00:00\" \/>\n<meta property=\"og:image\" content=\"https:\/\/aepetba.org.br\/v1\/wp-content\/uploads\/2023\/01\/Materia-Nota-sobre-a-indicacao-de-Jean-Paul-Prates-para-a-presidencia-da-Petrobras-petroleo-bahia-Aepet-ba.jpg\" \/>\n\t<meta property=\"og:image:width\" content=\"1079\" \/>\n\t<meta property=\"og:image:height\" content=\"928\" \/>\n\t<meta property=\"og:image:type\" content=\"image\/jpeg\" \/>\n<meta name=\"author\" content=\"AEPETBA\" \/>\n<meta name=\"twitter:card\" content=\"summary_large_image\" \/>\n<meta name=\"twitter:creator\" content=\"@aepetbahia\" \/>\n<meta name=\"twitter:site\" content=\"@aepetbahia\" \/>\n<meta name=\"twitter:label1\" content=\"Escrito por\" \/>\n\t<meta name=\"twitter:data1\" content=\"AEPETBA\" \/>\n\t<meta name=\"twitter:label2\" content=\"Est. tempo de leitura\" \/>\n\t<meta name=\"twitter:data2\" content=\"3 minutos\" \/>\n<script type=\"application\/ld+json\" class=\"yoast-schema-graph\">{\"@context\":\"https:\/\/schema.org\",\"@graph\":[{\"@type\":\"Organization\",\"@id\":\"https:\/\/aepetba.org.br\/v1\/#organization\",\"name\":\"AEPET N\u00facleo Bahia\",\"url\":\"https:\/\/aepetba.org.br\/v1\/\",\"sameAs\":[\"https:\/\/www.instagram.com\/aepetbahia\/\",\"https:\/\/www.youtube.com\/c\/AEPETBAHIA\",\"https:\/\/web.facebook.com\/aepetba\",\"https:\/\/twitter.com\/aepetbahia\"],\"logo\":{\"@type\":\"ImageObject\",\"inLanguage\":\"pt-BR\",\"@id\":\"https:\/\/aepetba.org.br\/v1\/#\/schema\/logo\/image\/\",\"url\":\"https:\/\/aepetba.org.br\/v1\/wp-content\/uploads\/revslider\/home\/logo-AEPETBA.png\",\"contentUrl\":\"https:\/\/aepetba.org.br\/v1\/wp-content\/uploads\/revslider\/home\/logo-AEPETBA.png\",\"width\":297,\"height\":86,\"caption\":\"AEPET N\u00facleo Bahia\"},\"image\":{\"@id\":\"https:\/\/aepetba.org.br\/v1\/#\/schema\/logo\/image\/\"}},{\"@type\":\"WebSite\",\"@id\":\"https:\/\/aepetba.org.br\/v1\/#website\",\"url\":\"https:\/\/aepetba.org.br\/v1\/\",\"name\":\"AEPET N\u00daCLEO BAHIA\",\"description\":\"Associa\u00e7\u00e3o dos Engenheiros da Petrobr\u00e1s N\u00facleo Bahia Petr\u00f3leo Bahia Salvador Nordeste \",\"publisher\":{\"@id\":\"https:\/\/aepetba.org.br\/v1\/#organization\"},\"potentialAction\":[{\"@type\":\"SearchAction\",\"target\":{\"@type\":\"EntryPoint\",\"urlTemplate\":\"https:\/\/aepetba.org.br\/v1\/?s={search_term_string}\"},\"query-input\":\"required name=search_term_string\"}],\"inLanguage\":\"pt-BR\"},{\"@type\":\"ImageObject\",\"inLanguage\":\"pt-BR\",\"@id\":\"https:\/\/aepetba.org.br\/v1\/nota-sobre-a-indicacao-de-jean-paul-prates-para-a-presidencia-da-petrobras\/#primaryimage\",\"url\":\"https:\/\/aepetba.org.br\/v1\/wp-content\/uploads\/2023\/01\/Materia-Nota-sobre-a-indicacao-de-Jean-Paul-Prates-para-a-presidencia-da-Petrobras-petroleo-bahia-Aepet-ba.jpg\",\"contentUrl\":\"https:\/\/aepetba.org.br\/v1\/wp-content\/uploads\/2023\/01\/Materia-Nota-sobre-a-indicacao-de-Jean-Paul-Prates-para-a-presidencia-da-Petrobras-petroleo-bahia-Aepet-ba.jpg\",\"width\":1079,\"height\":928},{\"@type\":\"WebPage\",\"@id\":\"https:\/\/aepetba.org.br\/v1\/nota-sobre-a-indicacao-de-jean-paul-prates-para-a-presidencia-da-petrobras\/\",\"url\":\"https:\/\/aepetba.org.br\/v1\/nota-sobre-a-indicacao-de-jean-paul-prates-para-a-presidencia-da-petrobras\/\",\"name\":\"Nota sobre a indica\u00e7\u00e3o de Jean Paul Prates para a presid\u00eancia da Petrobr\u00e1s\",\"isPartOf\":{\"@id\":\"https:\/\/aepetba.org.br\/v1\/#website\"},\"primaryImageOfPage\":{\"@id\":\"https:\/\/aepetba.org.br\/v1\/nota-sobre-a-indicacao-de-jean-paul-prates-para-a-presidencia-da-petrobras\/#primaryimage\"},\"datePublished\":\"2023-01-04T11:30:24+00:00\",\"dateModified\":\"2023-01-03T14:40:03+00:00\",\"description\":\"A AEPET vai acompanhar as a\u00e7\u00f5es e as omiss\u00f5es do futuro presidente da Petrobr\u00e1s, Jean Paul Prates. Nossa associa\u00e7\u00e3o ser\u00e1 capaz de reconhecer m\u00e9ritos, assim como de apontar as defici\u00eancias da futura gest\u00e3o, \u00e0 luz das propostas publicamente defendidas pela nossa organiza\u00e7\u00e3o.\",\"breadcrumb\":{\"@id\":\"https:\/\/aepetba.org.br\/v1\/nota-sobre-a-indicacao-de-jean-paul-prates-para-a-presidencia-da-petrobras\/#breadcrumb\"},\"inLanguage\":\"pt-BR\",\"potentialAction\":[{\"@type\":\"ReadAction\",\"target\":[\"https:\/\/aepetba.org.br\/v1\/nota-sobre-a-indicacao-de-jean-paul-prates-para-a-presidencia-da-petrobras\/\"]}]},{\"@type\":\"BreadcrumbList\",\"@id\":\"https:\/\/aepetba.org.br\/v1\/nota-sobre-a-indicacao-de-jean-paul-prates-para-a-presidencia-da-petrobras\/#breadcrumb\",\"itemListElement\":[{\"@type\":\"ListItem\",\"position\":1,\"name\":\"In\u00edcio\",\"item\":\"https:\/\/aepetba.org.br\/v1\/\"},{\"@type\":\"ListItem\",\"position\":2,\"name\":\"Nota sobre a indica\u00e7\u00e3o de Jean Paul Prates para a presid\u00eancia da Petrobr\u00e1s\"}]},{\"@type\":\"Article\",\"@id\":\"https:\/\/aepetba.org.br\/v1\/nota-sobre-a-indicacao-de-jean-paul-prates-para-a-presidencia-da-petrobras\/#article\",\"isPartOf\":{\"@id\":\"https:\/\/aepetba.org.br\/v1\/nota-sobre-a-indicacao-de-jean-paul-prates-para-a-presidencia-da-petrobras\/\"},\"author\":{\"name\":\"AEPETBA\",\"@id\":\"https:\/\/aepetba.org.br\/v1\/#\/schema\/person\/3504208f89f3f50e1526867ebb573b88\"},\"headline\":\"Nota sobre a indica\u00e7\u00e3o de Jean Paul Prates para a presid\u00eancia da Petrobr\u00e1s\",\"datePublished\":\"2023-01-04T11:30:24+00:00\",\"dateModified\":\"2023-01-03T14:40:03+00:00\",\"mainEntityOfPage\":{\"@id\":\"https:\/\/aepetba.org.br\/v1\/nota-sobre-a-indicacao-de-jean-paul-prates-para-a-presidencia-da-petrobras\/\"},\"wordCount\":618,\"publisher\":{\"@id\":\"https:\/\/aepetba.org.br\/v1\/#organization\"},\"image\":{\"@id\":\"https:\/\/aepetba.org.br\/v1\/nota-sobre-a-indicacao-de-jean-paul-prates-para-a-presidencia-da-petrobras\/#primaryimage\"},\"thumbnailUrl\":\"https:\/\/aepetba.org.br\/v1\/wp-content\/uploads\/2023\/01\/Materia-Nota-sobre-a-indicacao-de-Jean-Paul-Prates-para-a-presidencia-da-Petrobras-petroleo-bahia-Aepet-ba.jpg\",\"articleSection\":[\"Coluna do Associado\",\"Destaque\",\"Not\u00edcias\"],\"inLanguage\":\"pt-BR\"},{\"@type\":\"Person\",\"@id\":\"https:\/\/aepetba.org.br\/v1\/#\/schema\/person\/3504208f89f3f50e1526867ebb573b88\",\"name\":\"AEPETBA\",\"image\":{\"@type\":\"ImageObject\",\"inLanguage\":\"pt-BR\",\"@id\":\"https:\/\/aepetba.org.br\/v1\/#\/schema\/person\/image\/\",\"url\":\"https:\/\/secure.gravatar.com\/avatar\/3e6e1bf98c38137fc6b937d21e974714?s=96&d=mm&r=g\",\"contentUrl\":\"https:\/\/secure.gravatar.com\/avatar\/3e6e1bf98c38137fc6b937d21e974714?s=96&d=mm&r=g\",\"caption\":\"AEPETBA\"},\"sameAs\":[\"http:\/\/aepetba.org.br\/v1\"],\"url\":\"https:\/\/aepetba.org.br\/v1\/author\/lubconsultoria\/\"}]}<\/script>\n<!-- \/ Yoast SEO plugin. -->","yoast_head_json":{"title":"Nota sobre a indica\u00e7\u00e3o de Jean Paul Prates para a presid\u00eancia da Petrobr\u00e1s","description":"A AEPET vai acompanhar as a\u00e7\u00f5es e as omiss\u00f5es do futuro presidente da Petrobr\u00e1s, Jean Paul Prates. Nossa associa\u00e7\u00e3o ser\u00e1 capaz de reconhecer m\u00e9ritos, assim como de apontar as defici\u00eancias da futura gest\u00e3o, \u00e0 luz das propostas publicamente defendidas pela nossa organiza\u00e7\u00e3o.","robots":{"index":"index","follow":"follow","max-snippet":"max-snippet:-1","max-image-preview":"max-image-preview:large","max-video-preview":"max-video-preview:-1"},"canonical":"https:\/\/aepetba.org.br\/v1\/nota-sobre-a-indicacao-de-jean-paul-prates-para-a-presidencia-da-petrobras\/","og_locale":"pt_BR","og_type":"article","og_title":"Nota sobre a indica\u00e7\u00e3o de Jean Paul Prates para a presid\u00eancia da Petrobr\u00e1s","og_description":"A AEPET vai acompanhar as a\u00e7\u00f5es e as omiss\u00f5es do futuro presidente da Petrobr\u00e1s, Jean Paul Prates. Nossa associa\u00e7\u00e3o ser\u00e1 capaz de reconhecer m\u00e9ritos, assim como de apontar as defici\u00eancias da futura gest\u00e3o, \u00e0 luz das propostas publicamente defendidas pela nossa organiza\u00e7\u00e3o.","og_url":"https:\/\/aepetba.org.br\/v1\/nota-sobre-a-indicacao-de-jean-paul-prates-para-a-presidencia-da-petrobras\/","og_site_name":"AEPET N\u00daCLEO BAHIA","article_publisher":"https:\/\/web.facebook.com\/aepetba","article_published_time":"2023-01-04T11:30:24+00:00","article_modified_time":"2023-01-03T14:40:03+00:00","og_image":[{"width":1079,"height":928,"url":"https:\/\/aepetba.org.br\/v1\/wp-content\/uploads\/2023\/01\/Materia-Nota-sobre-a-indicacao-de-Jean-Paul-Prates-para-a-presidencia-da-Petrobras-petroleo-bahia-Aepet-ba.jpg","type":"image\/jpeg"}],"author":"AEPETBA","twitter_card":"summary_large_image","twitter_creator":"@aepetbahia","twitter_site":"@aepetbahia","twitter_misc":{"Escrito por":"AEPETBA","Est. tempo de leitura":"3 minutos"},"schema":{"@context":"https:\/\/schema.org","@graph":[{"@type":"Organization","@id":"https:\/\/aepetba.org.br\/v1\/#organization","name":"AEPET N\u00facleo Bahia","url":"https:\/\/aepetba.org.br\/v1\/","sameAs":["https:\/\/www.instagram.com\/aepetbahia\/","https:\/\/www.youtube.com\/c\/AEPETBAHIA","https:\/\/web.facebook.com\/aepetba","https:\/\/twitter.com\/aepetbahia"],"logo":{"@type":"ImageObject","inLanguage":"pt-BR","@id":"https:\/\/aepetba.org.br\/v1\/#\/schema\/logo\/image\/","url":"https:\/\/aepetba.org.br\/v1\/wp-content\/uploads\/revslider\/home\/logo-AEPETBA.png","contentUrl":"https:\/\/aepetba.org.br\/v1\/wp-content\/uploads\/revslider\/home\/logo-AEPETBA.png","width":297,"height":86,"caption":"AEPET N\u00facleo Bahia"},"image":{"@id":"https:\/\/aepetba.org.br\/v1\/#\/schema\/logo\/image\/"}},{"@type":"WebSite","@id":"https:\/\/aepetba.org.br\/v1\/#website","url":"https:\/\/aepetba.org.br\/v1\/","name":"AEPET N\u00daCLEO BAHIA","description":"Associa\u00e7\u00e3o dos Engenheiros da Petrobr\u00e1s N\u00facleo Bahia Petr\u00f3leo Bahia Salvador Nordeste ","publisher":{"@id":"https:\/\/aepetba.org.br\/v1\/#organization"},"potentialAction":[{"@type":"SearchAction","target":{"@type":"EntryPoint","urlTemplate":"https:\/\/aepetba.org.br\/v1\/?s={search_term_string}"},"query-input":"required name=search_term_string"}],"inLanguage":"pt-BR"},{"@type":"ImageObject","inLanguage":"pt-BR","@id":"https:\/\/aepetba.org.br\/v1\/nota-sobre-a-indicacao-de-jean-paul-prates-para-a-presidencia-da-petrobras\/#primaryimage","url":"https:\/\/aepetba.org.br\/v1\/wp-content\/uploads\/2023\/01\/Materia-Nota-sobre-a-indicacao-de-Jean-Paul-Prates-para-a-presidencia-da-Petrobras-petroleo-bahia-Aepet-ba.jpg","contentUrl":"https:\/\/aepetba.org.br\/v1\/wp-content\/uploads\/2023\/01\/Materia-Nota-sobre-a-indicacao-de-Jean-Paul-Prates-para-a-presidencia-da-Petrobras-petroleo-bahia-Aepet-ba.jpg","width":1079,"height":928},{"@type":"WebPage","@id":"https:\/\/aepetba.org.br\/v1\/nota-sobre-a-indicacao-de-jean-paul-prates-para-a-presidencia-da-petrobras\/","url":"https:\/\/aepetba.org.br\/v1\/nota-sobre-a-indicacao-de-jean-paul-prates-para-a-presidencia-da-petrobras\/","name":"Nota sobre a indica\u00e7\u00e3o de Jean Paul Prates para a presid\u00eancia da Petrobr\u00e1s","isPartOf":{"@id":"https:\/\/aepetba.org.br\/v1\/#website"},"primaryImageOfPage":{"@id":"https:\/\/aepetba.org.br\/v1\/nota-sobre-a-indicacao-de-jean-paul-prates-para-a-presidencia-da-petrobras\/#primaryimage"},"datePublished":"2023-01-04T11:30:24+00:00","dateModified":"2023-01-03T14:40:03+00:00","description":"A AEPET vai acompanhar as a\u00e7\u00f5es e as omiss\u00f5es do futuro presidente da Petrobr\u00e1s, Jean Paul Prates. Nossa associa\u00e7\u00e3o ser\u00e1 capaz de reconhecer m\u00e9ritos, assim como de apontar as defici\u00eancias da futura gest\u00e3o, \u00e0 luz das propostas publicamente defendidas pela nossa organiza\u00e7\u00e3o.","breadcrumb":{"@id":"https:\/\/aepetba.org.br\/v1\/nota-sobre-a-indicacao-de-jean-paul-prates-para-a-presidencia-da-petrobras\/#breadcrumb"},"inLanguage":"pt-BR","potentialAction":[{"@type":"ReadAction","target":["https:\/\/aepetba.org.br\/v1\/nota-sobre-a-indicacao-de-jean-paul-prates-para-a-presidencia-da-petrobras\/"]}]},{"@type":"BreadcrumbList","@id":"https:\/\/aepetba.org.br\/v1\/nota-sobre-a-indicacao-de-jean-paul-prates-para-a-presidencia-da-petrobras\/#breadcrumb","itemListElement":[{"@type":"ListItem","position":1,"name":"In\u00edcio","item":"https:\/\/aepetba.org.br\/v1\/"},{"@type":"ListItem","position":2,"name":"Nota sobre a indica\u00e7\u00e3o de Jean Paul Prates para a presid\u00eancia da Petrobr\u00e1s"}]},{"@type":"Article","@id":"https:\/\/aepetba.org.br\/v1\/nota-sobre-a-indicacao-de-jean-paul-prates-para-a-presidencia-da-petrobras\/#article","isPartOf":{"@id":"https:\/\/aepetba.org.br\/v1\/nota-sobre-a-indicacao-de-jean-paul-prates-para-a-presidencia-da-petrobras\/"},"author":{"name":"AEPETBA","@id":"https:\/\/aepetba.org.br\/v1\/#\/schema\/person\/3504208f89f3f50e1526867ebb573b88"},"headline":"Nota sobre a indica\u00e7\u00e3o de Jean Paul Prates para a presid\u00eancia da Petrobr\u00e1s","datePublished":"2023-01-04T11:30:24+00:00","dateModified":"2023-01-03T14:40:03+00:00","mainEntityOfPage":{"@id":"https:\/\/aepetba.org.br\/v1\/nota-sobre-a-indicacao-de-jean-paul-prates-para-a-presidencia-da-petrobras\/"},"wordCount":618,"publisher":{"@id":"https:\/\/aepetba.org.br\/v1\/#organization"},"image":{"@id":"https:\/\/aepetba.org.br\/v1\/nota-sobre-a-indicacao-de-jean-paul-prates-para-a-presidencia-da-petrobras\/#primaryimage"},"thumbnailUrl":"https:\/\/aepetba.org.br\/v1\/wp-content\/uploads\/2023\/01\/Materia-Nota-sobre-a-indicacao-de-Jean-Paul-Prates-para-a-presidencia-da-Petrobras-petroleo-bahia-Aepet-ba.jpg","articleSection":["Coluna do Associado","Destaque","Not\u00edcias"],"inLanguage":"pt-BR"},{"@type":"Person","@id":"https:\/\/aepetba.org.br\/v1\/#\/schema\/person\/3504208f89f3f50e1526867ebb573b88","name":"AEPETBA","image":{"@type":"ImageObject","inLanguage":"pt-BR","@id":"https:\/\/aepetba.org.br\/v1\/#\/schema\/person\/image\/","url":"https:\/\/secure.gravatar.com\/avatar\/3e6e1bf98c38137fc6b937d21e974714?s=96&d=mm&r=g","contentUrl":"https:\/\/secure.gravatar.com\/avatar\/3e6e1bf98c38137fc6b937d21e974714?s=96&d=mm&r=g","caption":"AEPETBA"},"sameAs":["http:\/\/aepetba.org.br\/v1"],"url":"https:\/\/aepetba.org.br\/v1\/author\/lubconsultoria\/"}]}},"_links":{"self":[{"href":"https:\/\/aepetba.org.br\/v1\/wp-json\/wp\/v2\/posts\/39627"}],"collection":[{"href":"https:\/\/aepetba.org.br\/v1\/wp-json\/wp\/v2\/posts"}],"about":[{"href":"https:\/\/aepetba.org.br\/v1\/wp-json\/wp\/v2\/types\/post"}],"author":[{"embeddable":true,"href":"https:\/\/aepetba.org.br\/v1\/wp-json\/wp\/v2\/users\/1"}],"replies":[{"embeddable":true,"href":"https:\/\/aepetba.org.br\/v1\/wp-json\/wp\/v2\/comments?post=39627"}],"version-history":[{"count":2,"href":"https:\/\/aepetba.org.br\/v1\/wp-json\/wp\/v2\/posts\/39627\/revisions"}],"predecessor-version":[{"id":39631,"href":"https:\/\/aepetba.org.br\/v1\/wp-json\/wp\/v2\/posts\/39627\/revisions\/39631"}],"wp:featuredmedia":[{"embeddable":true,"href":"https:\/\/aepetba.org.br\/v1\/wp-json\/wp\/v2\/media\/39628"}],"wp:attachment":[{"href":"https:\/\/aepetba.org.br\/v1\/wp-json\/wp\/v2\/media?parent=39627"}],"wp:term":[{"taxonomy":"category","embeddable":true,"href":"https:\/\/aepetba.org.br\/v1\/wp-json\/wp\/v2\/categories?post=39627"},{"taxonomy":"post_tag","embeddable":true,"href":"https:\/\/aepetba.org.br\/v1\/wp-json\/wp\/v2\/tags?post=39627"}],"curies":[{"name":"wp","href":"https:\/\/api.w.org\/{rel}","templated":true}]}}